{"id":133889,"date":"2023-04-21T11:52:47","date_gmt":"2023-04-21T09:52:47","guid":{"rendered":"https:\/\/www.cde.ual.es\/?p=133889"},"modified":"2023-04-21T11:52:47","modified_gmt":"2023-04-21T09:52:47","slug":"april-21-world-creativity-and-innovation-day","status":"publish","type":"post","link":"https:\/\/www.cde.ual.es\/en\/april-21-world-creativity-and-innovation-day\/","title":{"rendered":"April 21: World Creativity and Innovation Day"},"content":{"rendered":"<p style=\"text-align: justify;\"><strong>Today, April 21, is World Creativity and Innovation Day and to commemorate this day the CDE of Almeria has created this interactive infographic:<\/strong><\/p>\n<div style=\"width: 100%; text-align: justify;\">\n<div style=\"position: relative; padding-bottom: 56.25%; padding-top: 0px; height: 0px; text-align: justify;\"><iframe style=\"position: absolute; top: 0; left: 0; width: 100%; height: 100%;\" title=\"DIA DE LA CREATIVIDAD Y LA INNOVACI\u00d3N\" src=\"https:\/\/view.genial.ly\/643fd88b3a2523001a5e32e7\" width=\"1200\" height=\"675\" frameborder=\"0\" scrolling=\"yes\" allowfullscreen=\"allowfullscreen\" data-mce-fragment=\"1\"><\/iframe><\/div>\n<\/div>\n<p class=\"ecl-u-type-heading-2\" style=\"text-align: justify;\"><strong>Leading innovation through EU research<\/strong><\/p>\n<div class=\"ecl\" style=\"text-align: justify;\">\n<p>Investing in research and innovation is investing in Europe\u2019s future. It helps us to compete globally and preserve our unique social model. It improves the daily lives of millions of people here in Europe and around the world, helping to solve some of our biggest societal challenges.<\/p>\n<p>EU support for research and innovation adds value by encouraging cooperation between research teams across countries and disciplines that is vital in making breakthrough discoveries.<\/p>\n<ul style=\"text-align: justify;\">\n<li><a href=\"https:\/\/ec.europa.eu\/info\/research-and-innovation\/strategy\/strategy-2020-2024_en\">Goals of EU research and innovation policy<\/a><\/li>\n<li><a href=\"https:\/\/eur-lex.europa.eu\/summary\/chapter\/research_innovation.html?root_default=SUM_1_CODED=27\">Summaries of EU legislation on research and innovation<\/a><\/li>\n<\/ul>\n<p>Through its multiannual research and innovation framework programmes, the EU provides funding to:<\/p>\n<ul style=\"text-align: justify;\">\n<li>strengthen the EU\u2019s position in science<\/li>\n<li>strengthen industrial innovation, including investment in key technologies, greater access to capital and support for small businesses<\/li>\n<li>address major social concerns, such as climate change, sustainable transport and renewable energy<\/li>\n<li>ensure technological breakthroughs are developed into viable products with real commercial potential \u2013 by building partnerships with industry and governments<\/li>\n<li>step up international cooperation on research &amp; innovation<\/li>\n<\/ul>\n<p style=\"text-align: justify;\"><strong>Horizon Europe<\/strong><\/p>\n<p>Horizon Europe is the research and innovation (R&amp;I) framework program of the European Union (EU) for the period 2021 -2027. The Horizon Europe Program, like its predecessor Horizon 2020, will be the key instrument for carrying out the EU&#8217;s R&amp;D&amp;I policies. The overall objective of the program is to achieve a scientific, technological, economic and societal impact of EU investments in R&amp;I, thus strengthening its scientific and technological bases and fostering the competitiveness of all Member States (MS).<\/p>\n<p>With a budget of 95,517 million euros (in current prices) for this seven-year period, Horizon Europe will be the Framework Program with the largest budget to date, having the potential to generate significant economic, social and scientific benefits. It is estimated that Horizon Europe will generate 11 euros in Gross Domestic Product (GDP) gain for every euro invested, create up to 320,000 new highly skilled jobs by 2040 and consolidate Europe&#8217;s leadership in Research and Innovation. The Program is designed with an investment mindset rather than as a purely funding instrument, and will feature planning that will help the EU make the transition to a prosperous and sustainable future.<\/p>\n<p style=\"text-align: justify;\"><strong>More information:<\/strong><\/p>\n<p style=\"text-align: justify;\"><strong><a href=\"https:\/\/european-union.europa.eu\/priorities-and-actions\/actions-topic\/research-and-innovation_es\">European Union<\/a>\u00a0<\/strong><\/p>\n<p style=\"text-align: justify;\"><a href=\"https:\/\/www.horizonteeuropa.es\/que-es\">Horizon Europe<\/a><\/p>\n<\/div>\n","protected":false},"excerpt":{"rendered":"<p>Today, April 21, is World Creativity and Innovation Day and to commemorate this day the CDE of Almeria has created this interactive infographic: Leading innovation through EU research Investing in research and innovation is investing in Europe\u2019s future. It helps us to compete globally and preserve our unique social model. It improves the daily lives [&hellip;]<\/p>\n","protected":false},"author":1,"featured_media":133887,"comment_status":"open","ping_status":"open","sticky":false,"template":"","format":"standard","meta":{"_acf_changed":false,"_relevanssi_hide_post":"","_relevanssi_hide_content":"","_relevanssi_pin_for_all":"","_relevanssi_pin_keywords":"","_relevanssi_unpin_keywords":"","_relevanssi_related_keywords":"","_relevanssi_related_include_ids":"","_relevanssi_related_exclude_ids":"","_relevanssi_related_no_append":"","_relevanssi_related_not_related":"","_relevanssi_related_posts":"","_relevanssi_noindex_reason":"","_monsterinsights_skip_tracking":false,"_monsterinsights_sitenote_active":false,"_monsterinsights_sitenote_note":"","_monsterinsights_sitenote_category":0,"_genesis_hide_title":false,"_genesis_hide_breadcrumbs":false,"_genesis_hide_singular_image":false,"_genesis_hide_footer_widgets":false,"_genesis_custom_body_class":"","_genesis_custom_post_class":"","_genesis_layout":"","footnotes":""},"categories":[365],"tags":[368,404],"class_list":{"0":"post-133889","1":"post","2":"type-post","3":"status-publish","4":"format-standard","5":"has-post-thumbnail","7":"category-activities","8":"tag-european-union","9":"tag-innovation","10":"entry"},"acf":[],"yoast_head":"<!-- This site is optimized with the Yoast SEO plugin v27.5 - https:\/\/yoast.com\/product\/yoast-seo-wordpress\/ -->\n<title>April 21: World Creativity and Innovation Day | CDE Almer\u00eda - Centro de Documentaci\u00f3n Europea - Universidad de Almer\u00eda<\/title>\n<meta name=\"robots\" content=\"index, follow, max-snippet:-1, max-image-preview:large, max-video-preview:-1\" \/>\n<link rel=\"canonical\" href=\"https:\/\/www.cde.ual.es\/en\/april-21-world-creativity-and-innovation-day\/\" \/>\n<meta property=\"og:locale\" content=\"en_US\" \/>\n<meta property=\"og:type\" content=\"article\" \/>\n<meta property=\"og:title\" content=\"April 21: World Creativity and Innovation Day | CDE Almer\u00eda - Centro de Documentaci\u00f3n Europea - Universidad de Almer\u00eda\" \/>\n<meta property=\"og:description\" content=\"Today, April 21, is World Creativity and Innovation Day and to commemorate this day the CDE of Almeria has created this interactive infographic: Leading innovation through EU research Investing in research and innovation is investing in Europe\u2019s future. It helps us to compete globally and preserve our unique social model. It improves the daily lives [&hellip;]\" \/>\n<meta property=\"og:url\" content=\"https:\/\/www.cde.ual.es\/en\/april-21-world-creativity-and-innovation-day\/\" \/>\n<meta property=\"og:site_name\" content=\"CDE Almer\u00eda - Centro de Documentaci\u00f3n Europea - Universidad de Almer\u00eda\" \/>\n<meta property=\"article:publisher\" content=\"https:\/\/www.facebook.com\/cdeuniversidadalmeria\/\" \/>\n<meta property=\"article:published_time\" content=\"2023-04-21T09:52:47+00:00\" \/>\n<meta property=\"og:image\" content=\"https:\/\/www.cde.ual.es\/wp-content\/uploads\/2023\/04\/001_INTROCopia.jpg\" \/>\n\t<meta property=\"og:image:width\" content=\"2400\" \/>\n\t<meta property=\"og:image:height\" content=\"1350\" \/>\n\t<meta property=\"og:image:type\" content=\"image\/jpeg\" \/>\n<meta name=\"author\" content=\"AdminCDE\" \/>\n<meta name=\"twitter:card\" content=\"summary_large_image\" \/>\n<meta name=\"twitter:creator\" content=\"@cdeualmeria\" \/>\n<meta name=\"twitter:site\" content=\"@cdeualmeria\" \/>\n<meta name=\"twitter:label1\" content=\"Written by\" \/>\n\t<meta name=\"twitter:data1\" content=\"AdminCDE\" \/>\n\t<meta name=\"twitter:label2\" content=\"Est. reading time\" \/>\n\t<meta name=\"twitter:data2\" content=\"2 minutes\" \/>\n<script type=\"application\/ld+json\" class=\"yoast-schema-graph\">{\"@context\":\"https:\\\/\\\/schema.org\",\"@graph\":[{\"@type\":\"Article\",\"@id\":\"https:\\\/\\\/www.cde.ual.es\\\/en\\\/april-21-world-creativity-and-innovation-day\\\/#article\",\"isPartOf\":{\"@id\":\"https:\\\/\\\/www.cde.ual.es\\\/en\\\/april-21-world-creativity-and-innovation-day\\\/\"},\"author\":{\"name\":\"AdminCDE\",\"@id\":\"https:\\\/\\\/www.cde.ual.es\\\/#\\\/schema\\\/person\\\/224ef08c8bcc005f319d2713ce37ee5f\"},\"headline\":\"April 21: World Creativity and Innovation Day\",\"datePublished\":\"2023-04-21T09:52:47+00:00\",\"mainEntityOfPage\":{\"@id\":\"https:\\\/\\\/www.cde.ual.es\\\/en\\\/april-21-world-creativity-and-innovation-day\\\/\"},\"wordCount\":397,\"commentCount\":0,\"publisher\":{\"@id\":\"https:\\\/\\\/www.cde.ual.es\\\/#organization\"},\"image\":{\"@id\":\"https:\\\/\\\/www.cde.ual.es\\\/en\\\/april-21-world-creativity-and-innovation-day\\\/#primaryimage\"},\"thumbnailUrl\":\"https:\\\/\\\/www.cde.ual.es\\\/wp-content\\\/uploads\\\/2023\\\/04\\\/001_INTROCopia.jpg\",\"keywords\":[\"European Union\",\"innovation\"],\"articleSection\":[\"Activities\"],\"inLanguage\":\"en-US\",\"potentialAction\":[{\"@type\":\"CommentAction\",\"name\":\"Comment\",\"target\":[\"https:\\\/\\\/www.cde.ual.es\\\/en\\\/april-21-world-creativity-and-innovation-day\\\/#respond\"]}]},{\"@type\":\"WebPage\",\"@id\":\"https:\\\/\\\/www.cde.ual.es\\\/en\\\/april-21-world-creativity-and-innovation-day\\\/\",\"url\":\"https:\\\/\\\/www.cde.ual.es\\\/en\\\/april-21-world-creativity-and-innovation-day\\\/\",\"name\":\"April 21: World Creativity and Innovation Day | CDE Almer\u00eda - Centro de Documentaci\u00f3n Europea - Universidad de Almer\u00eda\",\"isPartOf\":{\"@id\":\"https:\\\/\\\/www.cde.ual.es\\\/#website\"},\"primaryImageOfPage\":{\"@id\":\"https:\\\/\\\/www.cde.ual.es\\\/en\\\/april-21-world-creativity-and-innovation-day\\\/#primaryimage\"},\"image\":{\"@id\":\"https:\\\/\\\/www.cde.ual.es\\\/en\\\/april-21-world-creativity-and-innovation-day\\\/#primaryimage\"},\"thumbnailUrl\":\"https:\\\/\\\/www.cde.ual.es\\\/wp-content\\\/uploads\\\/2023\\\/04\\\/001_INTROCopia.jpg\",\"datePublished\":\"2023-04-21T09:52:47+00:00\",\"breadcrumb\":{\"@id\":\"https:\\\/\\\/www.cde.ual.es\\\/en\\\/april-21-world-creativity-and-innovation-day\\\/#breadcrumb\"},\"inLanguage\":\"en-US\",\"potentialAction\":[{\"@type\":\"ReadAction\",\"target\":[\"https:\\\/\\\/www.cde.ual.es\\\/en\\\/april-21-world-creativity-and-innovation-day\\\/\"]}]},{\"@type\":\"ImageObject\",\"inLanguage\":\"en-US\",\"@id\":\"https:\\\/\\\/www.cde.ual.es\\\/en\\\/april-21-world-creativity-and-innovation-day\\\/#primaryimage\",\"url\":\"https:\\\/\\\/www.cde.ual.es\\\/wp-content\\\/uploads\\\/2023\\\/04\\\/001_INTROCopia.jpg\",\"contentUrl\":\"https:\\\/\\\/www.cde.ual.es\\\/wp-content\\\/uploads\\\/2023\\\/04\\\/001_INTROCopia.jpg\",\"width\":2400,\"height\":1350,\"caption\":\"infograf\u00eda innovaci\u00f3n y creatividad\"},{\"@type\":\"BreadcrumbList\",\"@id\":\"https:\\\/\\\/www.cde.ual.es\\\/en\\\/april-21-world-creativity-and-innovation-day\\\/#breadcrumb\",\"itemListElement\":[{\"@type\":\"ListItem\",\"position\":1,\"name\":\"Inicio\",\"item\":\"https:\\\/\\\/www.cde.ual.es\\\/en\\\/\"},{\"@type\":\"ListItem\",\"position\":2,\"name\":\"Activities\",\"item\":\"https:\\\/\\\/www.cde.ual.es\\\/en\\\/category\\\/activities\\\/\"},{\"@type\":\"ListItem\",\"position\":3,\"name\":\"April 21: World Creativity and Innovation Day\"}]},{\"@type\":\"WebSite\",\"@id\":\"https:\\\/\\\/www.cde.ual.es\\\/#website\",\"url\":\"https:\\\/\\\/www.cde.ual.es\\\/\",\"name\":\"CDE Almer\u00eda - Centro de Documentaci\u00f3n Europea - Universidad de Almer\u00eda\",\"description\":\"Centro de Documentaci\u00f3n Europea de la Universidad de Almer\u00eda\",\"publisher\":{\"@id\":\"https:\\\/\\\/www.cde.ual.es\\\/#organization\"},\"alternateName\":\"CDE Almer\u00eda\",\"potentialAction\":[{\"@type\":\"SearchAction\",\"target\":{\"@type\":\"EntryPoint\",\"urlTemplate\":\"https:\\\/\\\/www.cde.ual.es\\\/?s={search_term_string}\"},\"query-input\":{\"@type\":\"PropertyValueSpecification\",\"valueRequired\":true,\"valueName\":\"search_term_string\"}}],\"inLanguage\":\"en-US\"},{\"@type\":\"Organization\",\"@id\":\"https:\\\/\\\/www.cde.ual.es\\\/#organization\",\"name\":\"Centro de Documentaci\u00f3n Europea de Almer\u00eda\",\"url\":\"https:\\\/\\\/www.cde.ual.es\\\/\",\"logo\":{\"@type\":\"ImageObject\",\"inLanguage\":\"en-US\",\"@id\":\"https:\\\/\\\/www.cde.ual.es\\\/#\\\/schema\\\/logo\\\/image\\\/\",\"url\":\"https:\\\/\\\/www.cde.ual.es\\\/wp-content\\\/uploads\\\/2025\\\/07\\\/cde-logo-3.png\",\"contentUrl\":\"https:\\\/\\\/www.cde.ual.es\\\/wp-content\\\/uploads\\\/2025\\\/07\\\/cde-logo-3.png\",\"width\":1400,\"height\":300,\"caption\":\"Centro de Documentaci\u00f3n Europea de Almer\u00eda\"},\"image\":{\"@id\":\"https:\\\/\\\/www.cde.ual.es\\\/#\\\/schema\\\/logo\\\/image\\\/\"},\"sameAs\":[\"https:\\\/\\\/www.facebook.com\\\/cdeuniversidadalmeria\\\/\",\"https:\\\/\\\/x.com\\\/cdeualmeria\",\"https:\\\/\\\/www.tiktok.com\\\/@cdealmeria\",\"https:\\\/\\\/www.instagram.com\\\/cdealmeria\\\/\",\"https:\\\/\\\/www.linkedin.com\\\/in\\\/cde-almera-812b26a9\\\/\"]},{\"@type\":\"Person\",\"@id\":\"https:\\\/\\\/www.cde.ual.es\\\/#\\\/schema\\\/person\\\/224ef08c8bcc005f319d2713ce37ee5f\",\"name\":\"AdminCDE\",\"image\":{\"@type\":\"ImageObject\",\"inLanguage\":\"en-US\",\"@id\":\"https:\\\/\\\/secure.gravatar.com\\\/avatar\\\/a72d038d371f995cd13706fac32274b7952a52e8fb0a84b5f80c85426f2a98a8?s=96&d=mm&r=g\",\"url\":\"https:\\\/\\\/secure.gravatar.com\\\/avatar\\\/a72d038d371f995cd13706fac32274b7952a52e8fb0a84b5f80c85426f2a98a8?s=96&d=mm&r=g\",\"contentUrl\":\"https:\\\/\\\/secure.gravatar.com\\\/avatar\\\/a72d038d371f995cd13706fac32274b7952a52e8fb0a84b5f80c85426f2a98a8?s=96&d=mm&r=g\",\"caption\":\"AdminCDE\"}}]}<\/script>\n<!-- \/ Yoast SEO plugin. -->","yoast_head_json":{"title":"April 21: World Creativity and Innovation Day | CDE Almer\u00eda - Centro de Documentaci\u00f3n Europea - Universidad de Almer\u00eda","robots":{"index":"index","follow":"follow","max-snippet":"max-snippet:-1","max-image-preview":"max-image-preview:large","max-video-preview":"max-video-preview:-1"},"canonical":"https:\/\/www.cde.ual.es\/en\/april-21-world-creativity-and-innovation-day\/","og_locale":"en_US","og_type":"article","og_title":"April 21: World Creativity and Innovation Day | CDE Almer\u00eda - Centro de Documentaci\u00f3n Europea - Universidad de Almer\u00eda","og_description":"Today, April 21, is World Creativity and Innovation Day and to commemorate this day the CDE of Almeria has created this interactive infographic: Leading innovation through EU research Investing in research and innovation is investing in Europe\u2019s future. It helps us to compete globally and preserve our unique social model. It improves the daily lives [&hellip;]","og_url":"https:\/\/www.cde.ual.es\/en\/april-21-world-creativity-and-innovation-day\/","og_site_name":"CDE Almer\u00eda - Centro de Documentaci\u00f3n Europea - Universidad de Almer\u00eda","article_publisher":"https:\/\/www.facebook.com\/cdeuniversidadalmeria\/","article_published_time":"2023-04-21T09:52:47+00:00","og_image":[{"width":2400,"height":1350,"url":"https:\/\/www.cde.ual.es\/wp-content\/uploads\/2023\/04\/001_INTROCopia.jpg","type":"image\/jpeg"}],"author":"AdminCDE","twitter_card":"summary_large_image","twitter_creator":"@cdeualmeria","twitter_site":"@cdeualmeria","twitter_misc":{"Written by":"AdminCDE","Est. reading time":"2 minutes"},"schema":{"@context":"https:\/\/schema.org","@graph":[{"@type":"Article","@id":"https:\/\/www.cde.ual.es\/en\/april-21-world-creativity-and-innovation-day\/#article","isPartOf":{"@id":"https:\/\/www.cde.ual.es\/en\/april-21-world-creativity-and-innovation-day\/"},"author":{"name":"AdminCDE","@id":"https:\/\/www.cde.ual.es\/#\/schema\/person\/224ef08c8bcc005f319d2713ce37ee5f"},"headline":"April 21: World Creativity and Innovation Day","datePublished":"2023-04-21T09:52:47+00:00","mainEntityOfPage":{"@id":"https:\/\/www.cde.ual.es\/en\/april-21-world-creativity-and-innovation-day\/"},"wordCount":397,"commentCount":0,"publisher":{"@id":"https:\/\/www.cde.ual.es\/#organization"},"image":{"@id":"https:\/\/www.cde.ual.es\/en\/april-21-world-creativity-and-innovation-day\/#primaryimage"},"thumbnailUrl":"https:\/\/www.cde.ual.es\/wp-content\/uploads\/2023\/04\/001_INTROCopia.jpg","keywords":["European Union","innovation"],"articleSection":["Activities"],"inLanguage":"en-US","potentialAction":[{"@type":"CommentAction","name":"Comment","target":["https:\/\/www.cde.ual.es\/en\/april-21-world-creativity-and-innovation-day\/#respond"]}]},{"@type":"WebPage","@id":"https:\/\/www.cde.ual.es\/en\/april-21-world-creativity-and-innovation-day\/","url":"https:\/\/www.cde.ual.es\/en\/april-21-world-creativity-and-innovation-day\/","name":"April 21: World Creativity and Innovation Day | CDE Almer\u00eda - Centro de Documentaci\u00f3n Europea - Universidad de Almer\u00eda","isPartOf":{"@id":"https:\/\/www.cde.ual.es\/#website"},"primaryImageOfPage":{"@id":"https:\/\/www.cde.ual.es\/en\/april-21-world-creativity-and-innovation-day\/#primaryimage"},"image":{"@id":"https:\/\/www.cde.ual.es\/en\/april-21-world-creativity-and-innovation-day\/#primaryimage"},"thumbnailUrl":"https:\/\/www.cde.ual.es\/wp-content\/uploads\/2023\/04\/001_INTROCopia.jpg","datePublished":"2023-04-21T09:52:47+00:00","breadcrumb":{"@id":"https:\/\/www.cde.ual.es\/en\/april-21-world-creativity-and-innovation-day\/#breadcrumb"},"inLanguage":"en-US","potentialAction":[{"@type":"ReadAction","target":["https:\/\/www.cde.ual.es\/en\/april-21-world-creativity-and-innovation-day\/"]}]},{"@type":"ImageObject","inLanguage":"en-US","@id":"https:\/\/www.cde.ual.es\/en\/april-21-world-creativity-and-innovation-day\/#primaryimage","url":"https:\/\/www.cde.ual.es\/wp-content\/uploads\/2023\/04\/001_INTROCopia.jpg","contentUrl":"https:\/\/www.cde.ual.es\/wp-content\/uploads\/2023\/04\/001_INTROCopia.jpg","width":2400,"height":1350,"caption":"infograf\u00eda innovaci\u00f3n y creatividad"},{"@type":"BreadcrumbList","@id":"https:\/\/www.cde.ual.es\/en\/april-21-world-creativity-and-innovation-day\/#breadcrumb","itemListElement":[{"@type":"ListItem","position":1,"name":"Inicio","item":"https:\/\/www.cde.ual.es\/en\/"},{"@type":"ListItem","position":2,"name":"Activities","item":"https:\/\/www.cde.ual.es\/en\/category\/activities\/"},{"@type":"ListItem","position":3,"name":"April 21: World Creativity and Innovation Day"}]},{"@type":"WebSite","@id":"https:\/\/www.cde.ual.es\/#website","url":"https:\/\/www.cde.ual.es\/","name":"CDE Almer\u00eda - Centro de Documentaci\u00f3n Europea - Universidad de Almer\u00eda","description":"Centro de Documentaci\u00f3n Europea de la Universidad de Almer\u00eda","publisher":{"@id":"https:\/\/www.cde.ual.es\/#organization"},"alternateName":"CDE Almer\u00eda","potentialAction":[{"@type":"SearchAction","target":{"@type":"EntryPoint","urlTemplate":"https:\/\/www.cde.ual.es\/?s={search_term_string}"},"query-input":{"@type":"PropertyValueSpecification","valueRequired":true,"valueName":"search_term_string"}}],"inLanguage":"en-US"},{"@type":"Organization","@id":"https:\/\/www.cde.ual.es\/#organization","name":"Centro de Documentaci\u00f3n Europea de Almer\u00eda","url":"https:\/\/www.cde.ual.es\/","logo":{"@type":"ImageObject","inLanguage":"en-US","@id":"https:\/\/www.cde.ual.es\/#\/schema\/logo\/image\/","url":"https:\/\/www.cde.ual.es\/wp-content\/uploads\/2025\/07\/cde-logo-3.png","contentUrl":"https:\/\/www.cde.ual.es\/wp-content\/uploads\/2025\/07\/cde-logo-3.png","width":1400,"height":300,"caption":"Centro de Documentaci\u00f3n Europea de Almer\u00eda"},"image":{"@id":"https:\/\/www.cde.ual.es\/#\/schema\/logo\/image\/"},"sameAs":["https:\/\/www.facebook.com\/cdeuniversidadalmeria\/","https:\/\/x.com\/cdeualmeria","https:\/\/www.tiktok.com\/@cdealmeria","https:\/\/www.instagram.com\/cdealmeria\/","https:\/\/www.linkedin.com\/in\/cde-almera-812b26a9\/"]},{"@type":"Person","@id":"https:\/\/www.cde.ual.es\/#\/schema\/person\/224ef08c8bcc005f319d2713ce37ee5f","name":"AdminCDE","image":{"@type":"ImageObject","inLanguage":"en-US","@id":"https:\/\/secure.gravatar.com\/avatar\/a72d038d371f995cd13706fac32274b7952a52e8fb0a84b5f80c85426f2a98a8?s=96&d=mm&r=g","url":"https:\/\/secure.gravatar.com\/avatar\/a72d038d371f995cd13706fac32274b7952a52e8fb0a84b5f80c85426f2a98a8?s=96&d=mm&r=g","contentUrl":"https:\/\/secure.gravatar.com\/avatar\/a72d038d371f995cd13706fac32274b7952a52e8fb0a84b5f80c85426f2a98a8?s=96&d=mm&r=g","caption":"AdminCDE"}}]}},"_links":{"self":[{"href":"https:\/\/www.cde.ual.es\/en\/wp-json\/wp\/v2\/posts\/133889","targetHints":{"allow":["GET"]}}],"collection":[{"href":"https:\/\/www.cde.ual.es\/en\/wp-json\/wp\/v2\/posts"}],"about":[{"href":"https:\/\/www.cde.ual.es\/en\/wp-json\/wp\/v2\/types\/post"}],"author":[{"embeddable":true,"href":"https:\/\/www.cde.ual.es\/en\/wp-json\/wp\/v2\/users\/1"}],"replies":[{"embeddable":true,"href":"https:\/\/www.cde.ual.es\/en\/wp-json\/wp\/v2\/comments?post=133889"}],"version-history":[{"count":1,"href":"https:\/\/www.cde.ual.es\/en\/wp-json\/wp\/v2\/posts\/133889\/revisions"}],"predecessor-version":[{"id":133890,"href":"https:\/\/www.cde.ual.es\/en\/wp-json\/wp\/v2\/posts\/133889\/revisions\/133890"}],"wp:featuredmedia":[{"embeddable":true,"href":"https:\/\/www.cde.ual.es\/en\/wp-json\/wp\/v2\/media\/133887"}],"wp:attachment":[{"href":"https:\/\/www.cde.ual.es\/en\/wp-json\/wp\/v2\/media?parent=133889"}],"wp:term":[{"taxonomy":"category","embeddable":true,"href":"https:\/\/www.cde.ual.es\/en\/wp-json\/wp\/v2\/categories?post=133889"},{"taxonomy":"post_tag","embeddable":true,"href":"https:\/\/www.cde.ual.es\/en\/wp-json\/wp\/v2\/tags?post=133889"}],"curies":[{"name":"wp","href":"https:\/\/api.w.org\/{rel}","templated":true}]}}