{"id":133665,"date":"2023-04-19T10:38:36","date_gmt":"2023-04-19T08:38:36","guid":{"rendered":"https:\/\/www.cde.ual.es\/?p=133665"},"modified":"2023-04-19T10:38:36","modified_gmt":"2023-04-19T08:38:36","slug":"european-commission-adopts-two-proposals-to-promote-digital-education-and-digital-skills-provision","status":"publish","type":"post","link":"https:\/\/www.cde.ual.es\/en\/european-commission-adopts-two-proposals-to-promote-digital-education-and-digital-skills-provision\/","title":{"rendered":"European Commission adopts two proposals to promote digital education and digital skills provision"},"content":{"rendered":"<p style=\"text-align: justify;\"><strong>The Commission adopted two proposals for a Council Recommendation in the context of the <a href=\"https:\/\/year-of-skills.europa.eu\/select-language?destination=\/node\/1\">European Year of Skills<\/a>, with the aim to support Member States and the education and training sector in providing high-quality, inclusive and accessible digital education and training to develop the digital skills of European citizens.<\/strong><\/p>\n<p style=\"text-align: justify;\"><a href=\"https:\/\/www.cde.ual.es\/wp-content\/uploads\/2023\/04\/child-g20d75c027_1280.jpg\"><img decoding=\"async\" class=\" wp-image-133660 aligncenter\" src=\"https:\/\/www.cde.ual.es\/wp-content\/uploads\/2023\/04\/child-g20d75c027_1280-1024x768.jpg\" alt=\"\" width=\"555\" height=\"416\" srcset=\"https:\/\/www.cde.ual.es\/wp-content\/uploads\/2023\/04\/child-g20d75c027_1280-1024x768.jpg 1024w, https:\/\/www.cde.ual.es\/wp-content\/uploads\/2023\/04\/child-g20d75c027_1280-300x225.jpg 300w, https:\/\/www.cde.ual.es\/wp-content\/uploads\/2023\/04\/child-g20d75c027_1280-768x576.jpg 768w, https:\/\/www.cde.ual.es\/wp-content\/uploads\/2023\/04\/child-g20d75c027_1280.jpg 1280w\" sizes=\"(max-width: 555px) 100vw, 555px\" \/><\/a><\/p>\n<p style=\"text-align: justify;\">The proposals address the two main common challenges jointly identified by the Commission and EU Member States: 1) the lack of a whole-of-government approach to digital education and training, and 2) difficulties in equipping people with the necessary digital skills.<\/p>\n<h6><span style=\"font-size: 14pt;\">Strengthening key enabling factors<\/span><\/h6>\n<p style=\"text-align: justify;\">Despite progress and some excellent examples of innovation, combined efforts have so far not resulted in systemic digital transformation in education and training. Member States still struggle to attain sufficient levels of investment in digital education and training infrastructure, equipment and digital education content, digital training (up-skilling) of teachers and staff, and monitoring and evaluation of digital education and training policies.<\/p>\n<p style=\"text-align: justify;\">The proposal for a \u201c<a href=\"https:\/\/education.ec.europa.eu\/focus-topics\/digital-education\/action-plan\/action-1#Proposal\">Council Recommendation on the key enabling factors for successful digital education and training<\/a>\u201d calls on all Member States to ensure universal access to inclusive and high-quality digital education and training, to address the digital divide, which has become even more apparent in the light of the COVID-19 crisis. This could be achieved by creating a coherent framework of investment, governance and teacher training for effective and inclusive digital education. It proposes guidance and action that Member States can pursue to implement a whole-of-government and multi-stakeholder approach as well as a culture of bottom-up innovation and digitalisation led by education and training staff.<\/p>\n<table style=\"width: 99.9988%; border-collapse: collapse; border-style: double; border-color: #001f7d;\" cellpadding=\"0,5\">\n<tbody>\n<tr>\n<td style=\"width: 100%;\"><a href=\"https:\/\/www.cde.ual.es\/estrategia-de-la-ue-para-la-transformacion-digital\/\" rel=\"noopener\"><img decoding=\"async\" class=\"alignleft\" src=\"https:\/\/www.cde.ual.es\/wp-content\/uploads\/2023\/02\/tianyi-ma-WiONHd_zYI4-unsplash-1024x677.jpg\" width=\"201\" height=\"134\" \/><\/a><\/p>\n<h4 class=\"entry-title\"><a href=\"https:\/\/www.cde.ual.es\/en\/eu-strategy-for-digital-transformation\/\" target=\"_blank\" rel=\"noopener\">EU strategy for digital transformation<\/a><\/h4>\n<\/td>\n<\/tr>\n<\/tbody>\n<\/table>\n<h6><span style=\"font-size: 14pt;\">Improving digital skills teaching<\/span><\/h6>\n<p style=\"text-align: justify;\">The second common challenge identified relates to the varying levels of digital skills within different segments of the population, and the ability of national education and training systems to address these differences. The proposal for a \u201c<a href=\"https:\/\/education.ec.europa.eu\/focus-topics\/digital-education\/action-plan\/action-10\">Council Recommendation on improving the provision of digital skills in education and training<\/a>\u201d tackles each level of education and training. It calls on Member States to start early by providing digital skills in a coherent way through all levels of education and training. This can be ensured by establishing incremental objectives and setting up targeted interventions for specific \u2018priority or hard-to-reach groups&#8217;. The proposal calls on Member States to support high quality informatics in schools, to mainstream the development of digital skills for adults, and to address shortages in information technology professions by adopting inclusive strategies.<\/p>\n<p style=\"text-align: justify;\">The Commission stands ready to support the implementation of both proposals by facilitating mutual learning and exchanges among Member States and all relevant stakeholders through EU instruments, such as the\u00a0<a href=\"https:\/\/commission.europa.eu\/funding-tenders\/find-funding\/eu-funding-programmes\/technical-support-instrument\/technical-support-instrument-tsi_en#:~:text=The%20Technical%20Support%20Instrument%20(TSI,to%20design%20and%20implement%20reforms.\">Technical Support Instrument<\/a>. The Commission also promotes digital education and skills through cooperation within the\u00a0<a href=\"https:\/\/education.ec.europa.eu\/focus-topics\/digital-education\/action-plan\/action-14-european-digital-education-hub\">European Digital Education Hub<\/a>\u00a0and through EU funding, such as\u00a0<a href=\"https:\/\/erasmus-plus.ec.europa.eu\/\">Erasmus+<\/a>\u00a0and the\u00a0<a href=\"https:\/\/commission.europa.eu\/funding-tenders\/find-funding\/eu-funding-programmes\/digital-europe-programme_en\">Digital Europe Programme<\/a>, the\u00a0<a href=\"https:\/\/commission.europa.eu\/funding-tenders\/find-funding\/eu-funding-programmes\/just-transition-fund_en\">Just Transition Fund<\/a>, the\u00a0<a href=\"https:\/\/ec.europa.eu\/regional_policy\/funding\/erdf_en\">European Regional Development Fund<\/a>, the\u00a0<a href=\"https:\/\/ec.europa.eu\/european-social-fund-plus\/en\">European Social Fund Plus<\/a>\u00a0and the\u00a0<a href=\"https:\/\/commission.europa.eu\/business-economy-euro\/economic-recovery\/recovery-and-resilience-facility_en\">Recovery and Resilience Facility<\/a>,\u00a0<a href=\"https:\/\/research-and-innovation.ec.europa.eu\/funding\/funding-opportunities\/funding-programmes-and-open-calls\/horizon-europe_en\">Horizon Europe<\/a>, and\u00a0<a href=\"https:\/\/neighbourhood-enlargement.ec.europa.eu\/funding-and-technical-assistance\/neighbourhood-development-and-international-cooperation-instrument-global-europe-ndici-global-europe_en\">NDICI-Global Europe<\/a>.<\/p>\n<table style=\"width: 99.9988%; border-collapse: collapse; border-style: double; border-color: #001f7d;\" cellpadding=\"0,5\">\n<tbody>\n<tr>\n<td style=\"width: 100%;\"><a href=\"https:\/\/www.cde.ual.es\/la-union-europea-invertira-180m-e-en-tecnologias-digitales-innovadoras\/\" rel=\"noopener\"><img decoding=\"async\" class=\"alignleft\" src=\"https:\/\/www.cde.ual.es\/wp-content\/uploads\/2022\/05\/artificial-intelligence-gd95e842fa_1920-1024x683.jpg\" alt=\"\" width=\"201\" height=\"134\" \/><\/a><\/p>\n<h4 class=\"entry-title\"><a href=\"https:\/\/www.cde.ual.es\/en\/eu-to-invest-e180-million-in-cutting-edge-digital-technologies-and-research\/\" target=\"_blank\" rel=\"noopener\">EU to invest \u20ac180 million in cutting-edge digital technologies and research<\/a><\/h4>\n<\/td>\n<\/tr>\n<\/tbody>\n<\/table>\n<h6><span style=\"font-size: 14pt;\">Pilot for a European Digital Skills Certificate<\/span><\/h6>\n<p style=\"text-align: justify;\">A key action by the Commission will be facilitating the recognition of certification of digital skills. To this end, the Commission will run a pilot project of the\u00a0<a href=\"https:\/\/education.ec.europa.eu\/focus-topics\/digital-education\/action-plan\/action-9?\">European Digital Skills Certificate<\/a>\u00a0together with several Member States. The certificate aims to enhance the trust in and acceptance of digital skills certification across the EU. This will help people have their digital skills recognised widely, quickly and easily by employers, training providers and more. The results of the pilot will be presented as part of a feasibility study on the\u00a0<a href=\"https:\/\/education.ec.europa.eu\/focus-topics\/digital-education\/action-plan\/action-9?\">European Digital Skills Certificate<\/a>\u00a0towards year-end. The final European Digital Skills Certificate will be rolled out in 2024 based on the pilot&#8217;s outcomes and the study&#8217;s findings.<\/p>\n<h6><span style=\"font-size: 14pt;\">Next Steps<\/span><\/h6>\n<p style=\"text-align: justify;\">The Commission calls on Member States to swiftly adopt the\u00a0proposals for two Council Recommendations.<\/p>\n<p style=\"text-align: justify;\">Building on the successful Structured Dialogue and the group of national coordinators, the Commission will set up a High-Level Group on Digital Education and Skills to support the implementation of the two Recommendations.<\/p>\n<h6 style=\"text-align: justify;\"><span style=\"font-size: 14pt;\"><strong>More information:<\/strong><\/span><\/h6>\n<p style=\"text-align: justify;\"><a href=\"https:\/\/ec.europa.eu\/commission\/presscorner\/detail\/en\/ip_23_2246\">European Commission<\/a><\/p>\n","protected":false},"excerpt":{"rendered":"<p>The Commission adopted two proposals for a Council Recommendation in the context of the European Year of Skills, with the aim to support Member States and the education and training sector in providing high-quality, inclusive and accessible digital education and training to develop the digital skills of European citizens. The proposals address the two main [&hellip;]<\/p>\n","protected":false},"author":101012,"featured_media":133661,"comment_status":"open","ping_status":"open","sticky":false,"template":"","format":"standard","meta":{"_acf_changed":false,"_relevanssi_hide_post":"","_relevanssi_hide_content":"","_relevanssi_pin_for_all":"","_relevanssi_pin_keywords":"","_relevanssi_unpin_keywords":"","_relevanssi_related_keywords":"","_relevanssi_related_include_ids":"","_relevanssi_related_exclude_ids":"","_relevanssi_related_no_append":"","_relevanssi_related_not_related":"","_relevanssi_related_posts":"","_relevanssi_noindex_reason":"","_monsterinsights_skip_tracking":false,"_monsterinsights_sitenote_active":false,"_monsterinsights_sitenote_note":"","_monsterinsights_sitenote_category":0,"_genesis_hide_title":false,"_genesis_hide_breadcrumbs":false,"_genesis_hide_singular_image":false,"_genesis_hide_footer_widgets":false,"_genesis_custom_body_class":"","_genesis_custom_post_class":"","_genesis_layout":"","footnotes":""},"categories":[4071,346,4082,4074,4084],"tags":[6525,449,1488,368,645],"class_list":{"0":"post-133665","1":"post","2":"type-post","3":"status-publish","4":"format-standard","5":"has-post-thumbnail","7":"category-education-culture","8":"category-eu-news","9":"category-research-innovation","10":"category-teaching","11":"category-technology","12":"tag-digital-education","13":"tag-education","14":"tag-european-commission","15":"tag-european-union","16":"tag-technology","17":"entry"},"acf":[],"yoast_head":"<!-- This site is optimized with the Yoast SEO plugin v27.5 - https:\/\/yoast.com\/product\/yoast-seo-wordpress\/ -->\n<title>European Commission adopts two proposals to promote digital education and digital skills provision | CDE Almer\u00eda - Centro de Documentaci\u00f3n Europea - Universidad de Almer\u00eda<\/title>\n<meta name=\"robots\" content=\"index, follow, max-snippet:-1, max-image-preview:large, max-video-preview:-1\" \/>\n<link rel=\"canonical\" href=\"https:\/\/www.cde.ual.es\/en\/european-commission-adopts-two-proposals-to-promote-digital-education-and-digital-skills-provision\/\" \/>\n<meta property=\"og:locale\" content=\"en_US\" \/>\n<meta property=\"og:type\" content=\"article\" \/>\n<meta property=\"og:title\" content=\"European Commission adopts two proposals to promote digital education and digital skills provision | CDE Almer\u00eda - Centro de Documentaci\u00f3n Europea - Universidad de Almer\u00eda\" \/>\n<meta property=\"og:description\" content=\"The Commission adopted two proposals for a Council Recommendation in the context of the European Year of Skills, with the aim to support Member States and the education and training sector in providing high-quality, inclusive and accessible digital education and training to develop the digital skills of European citizens. The proposals address the two main [&hellip;]\" \/>\n<meta property=\"og:url\" content=\"https:\/\/www.cde.ual.es\/en\/european-commission-adopts-two-proposals-to-promote-digital-education-and-digital-skills-provision\/\" \/>\n<meta property=\"og:site_name\" content=\"CDE Almer\u00eda - Centro de Documentaci\u00f3n Europea - Universidad de Almer\u00eda\" \/>\n<meta property=\"article:publisher\" content=\"https:\/\/www.facebook.com\/cdeuniversidadalmeria\/\" \/>\n<meta property=\"article:published_time\" content=\"2023-04-19T08:38:36+00:00\" \/>\n<meta property=\"og:image\" content=\"https:\/\/www.cde.ual.es\/wp-content\/uploads\/2023\/04\/child-g20d75c027_1280.jpg\" \/>\n\t<meta property=\"og:image:width\" content=\"1280\" \/>\n\t<meta property=\"og:image:height\" content=\"960\" \/>\n\t<meta property=\"og:image:type\" content=\"image\/jpeg\" \/>\n<meta name=\"author\" content=\"BECACDE1\" \/>\n<meta name=\"twitter:card\" content=\"summary_large_image\" \/>\n<meta name=\"twitter:creator\" content=\"@cdeualmeria\" \/>\n<meta name=\"twitter:site\" content=\"@cdeualmeria\" \/>\n<meta name=\"twitter:label1\" content=\"Written by\" \/>\n\t<meta name=\"twitter:data1\" content=\"BECACDE1\" \/>\n\t<meta name=\"twitter:label2\" content=\"Est. reading time\" \/>\n\t<meta name=\"twitter:data2\" content=\"4 minutes\" \/>\n<script type=\"application\/ld+json\" class=\"yoast-schema-graph\">{\"@context\":\"https:\\\/\\\/schema.org\",\"@graph\":[{\"@type\":\"Article\",\"@id\":\"https:\\\/\\\/www.cde.ual.es\\\/en\\\/european-commission-adopts-two-proposals-to-promote-digital-education-and-digital-skills-provision\\\/#article\",\"isPartOf\":{\"@id\":\"https:\\\/\\\/www.cde.ual.es\\\/en\\\/european-commission-adopts-two-proposals-to-promote-digital-education-and-digital-skills-provision\\\/\"},\"author\":{\"name\":\"BECACDE1\",\"@id\":\"https:\\\/\\\/www.cde.ual.es\\\/#\\\/schema\\\/person\\\/bf2f837cf3353e2161fe1087adbd728f\"},\"headline\":\"European Commission adopts two proposals to promote digital education and digital skills provision\",\"datePublished\":\"2023-04-19T08:38:36+00:00\",\"mainEntityOfPage\":{\"@id\":\"https:\\\/\\\/www.cde.ual.es\\\/en\\\/european-commission-adopts-two-proposals-to-promote-digital-education-and-digital-skills-provision\\\/\"},\"wordCount\":686,\"commentCount\":0,\"publisher\":{\"@id\":\"https:\\\/\\\/www.cde.ual.es\\\/#organization\"},\"image\":{\"@id\":\"https:\\\/\\\/www.cde.ual.es\\\/en\\\/european-commission-adopts-two-proposals-to-promote-digital-education-and-digital-skills-provision\\\/#primaryimage\"},\"thumbnailUrl\":\"https:\\\/\\\/www.cde.ual.es\\\/wp-content\\\/uploads\\\/2023\\\/04\\\/child-g20d75c027_1280.jpg\",\"keywords\":[\"Digital Education\",\"education\",\"European Commission\",\"European Union\",\"Technology\"],\"articleSection\":[\"Education and Culture\",\"EU News\",\"Research and Innovation\",\"Teaching and Education\",\"Technology\"],\"inLanguage\":\"en-US\",\"potentialAction\":[{\"@type\":\"CommentAction\",\"name\":\"Comment\",\"target\":[\"https:\\\/\\\/www.cde.ual.es\\\/en\\\/european-commission-adopts-two-proposals-to-promote-digital-education-and-digital-skills-provision\\\/#respond\"]}]},{\"@type\":\"WebPage\",\"@id\":\"https:\\\/\\\/www.cde.ual.es\\\/en\\\/european-commission-adopts-two-proposals-to-promote-digital-education-and-digital-skills-provision\\\/\",\"url\":\"https:\\\/\\\/www.cde.ual.es\\\/en\\\/european-commission-adopts-two-proposals-to-promote-digital-education-and-digital-skills-provision\\\/\",\"name\":\"European Commission adopts two proposals to promote digital education and digital skills provision | CDE Almer\u00eda - Centro de Documentaci\u00f3n Europea - Universidad de Almer\u00eda\",\"isPartOf\":{\"@id\":\"https:\\\/\\\/www.cde.ual.es\\\/#website\"},\"primaryImageOfPage\":{\"@id\":\"https:\\\/\\\/www.cde.ual.es\\\/en\\\/european-commission-adopts-two-proposals-to-promote-digital-education-and-digital-skills-provision\\\/#primaryimage\"},\"image\":{\"@id\":\"https:\\\/\\\/www.cde.ual.es\\\/en\\\/european-commission-adopts-two-proposals-to-promote-digital-education-and-digital-skills-provision\\\/#primaryimage\"},\"thumbnailUrl\":\"https:\\\/\\\/www.cde.ual.es\\\/wp-content\\\/uploads\\\/2023\\\/04\\\/child-g20d75c027_1280.jpg\",\"datePublished\":\"2023-04-19T08:38:36+00:00\",\"breadcrumb\":{\"@id\":\"https:\\\/\\\/www.cde.ual.es\\\/en\\\/european-commission-adopts-two-proposals-to-promote-digital-education-and-digital-skills-provision\\\/#breadcrumb\"},\"inLanguage\":\"en-US\",\"potentialAction\":[{\"@type\":\"ReadAction\",\"target\":[\"https:\\\/\\\/www.cde.ual.es\\\/en\\\/european-commission-adopts-two-proposals-to-promote-digital-education-and-digital-skills-provision\\\/\"]}]},{\"@type\":\"ImageObject\",\"inLanguage\":\"en-US\",\"@id\":\"https:\\\/\\\/www.cde.ual.es\\\/en\\\/european-commission-adopts-two-proposals-to-promote-digital-education-and-digital-skills-provision\\\/#primaryimage\",\"url\":\"https:\\\/\\\/www.cde.ual.es\\\/wp-content\\\/uploads\\\/2023\\\/04\\\/child-g20d75c027_1280.jpg\",\"contentUrl\":\"https:\\\/\\\/www.cde.ual.es\\\/wp-content\\\/uploads\\\/2023\\\/04\\\/child-g20d75c027_1280.jpg\",\"width\":1280,\"height\":960},{\"@type\":\"BreadcrumbList\",\"@id\":\"https:\\\/\\\/www.cde.ual.es\\\/en\\\/european-commission-adopts-two-proposals-to-promote-digital-education-and-digital-skills-provision\\\/#breadcrumb\",\"itemListElement\":[{\"@type\":\"ListItem\",\"position\":1,\"name\":\"Inicio\",\"item\":\"https:\\\/\\\/www.cde.ual.es\\\/en\\\/\"},{\"@type\":\"ListItem\",\"position\":2,\"name\":\"EU News\",\"item\":\"https:\\\/\\\/www.cde.ual.es\\\/en\\\/category\\\/eu-news\\\/\"},{\"@type\":\"ListItem\",\"position\":3,\"name\":\"Education and Culture\",\"item\":\"https:\\\/\\\/www.cde.ual.es\\\/en\\\/category\\\/eu-news\\\/education-culture\\\/\"},{\"@type\":\"ListItem\",\"position\":4,\"name\":\"Teaching and Education\",\"item\":\"https:\\\/\\\/www.cde.ual.es\\\/en\\\/category\\\/eu-news\\\/education-culture\\\/teaching\\\/\"},{\"@type\":\"ListItem\",\"position\":5,\"name\":\"European Commission adopts two proposals to promote digital education and digital skills provision\"}]},{\"@type\":\"WebSite\",\"@id\":\"https:\\\/\\\/www.cde.ual.es\\\/#website\",\"url\":\"https:\\\/\\\/www.cde.ual.es\\\/\",\"name\":\"CDE Almer\u00eda - Centro de Documentaci\u00f3n Europea - Universidad de Almer\u00eda\",\"description\":\"Centro de Documentaci\u00f3n Europea de la Universidad de Almer\u00eda\",\"publisher\":{\"@id\":\"https:\\\/\\\/www.cde.ual.es\\\/#organization\"},\"alternateName\":\"CDE Almer\u00eda\",\"potentialAction\":[{\"@type\":\"SearchAction\",\"target\":{\"@type\":\"EntryPoint\",\"urlTemplate\":\"https:\\\/\\\/www.cde.ual.es\\\/?s={search_term_string}\"},\"query-input\":{\"@type\":\"PropertyValueSpecification\",\"valueRequired\":true,\"valueName\":\"search_term_string\"}}],\"inLanguage\":\"en-US\"},{\"@type\":\"Organization\",\"@id\":\"https:\\\/\\\/www.cde.ual.es\\\/#organization\",\"name\":\"Centro de Documentaci\u00f3n Europea de Almer\u00eda\",\"url\":\"https:\\\/\\\/www.cde.ual.es\\\/\",\"logo\":{\"@type\":\"ImageObject\",\"inLanguage\":\"en-US\",\"@id\":\"https:\\\/\\\/www.cde.ual.es\\\/#\\\/schema\\\/logo\\\/image\\\/\",\"url\":\"https:\\\/\\\/www.cde.ual.es\\\/wp-content\\\/uploads\\\/2025\\\/07\\\/cde-logo-3.png\",\"contentUrl\":\"https:\\\/\\\/www.cde.ual.es\\\/wp-content\\\/uploads\\\/2025\\\/07\\\/cde-logo-3.png\",\"width\":1400,\"height\":300,\"caption\":\"Centro de Documentaci\u00f3n Europea de Almer\u00eda\"},\"image\":{\"@id\":\"https:\\\/\\\/www.cde.ual.es\\\/#\\\/schema\\\/logo\\\/image\\\/\"},\"sameAs\":[\"https:\\\/\\\/www.facebook.com\\\/cdeuniversidadalmeria\\\/\",\"https:\\\/\\\/x.com\\\/cdeualmeria\",\"https:\\\/\\\/www.tiktok.com\\\/@cdealmeria\",\"https:\\\/\\\/www.instagram.com\\\/cdealmeria\\\/\",\"https:\\\/\\\/www.linkedin.com\\\/in\\\/cde-almera-812b26a9\\\/\"]},{\"@type\":\"Person\",\"@id\":\"https:\\\/\\\/www.cde.ual.es\\\/#\\\/schema\\\/person\\\/bf2f837cf3353e2161fe1087adbd728f\",\"name\":\"BECACDE1\",\"image\":{\"@type\":\"ImageObject\",\"inLanguage\":\"en-US\",\"@id\":\"https:\\\/\\\/secure.gravatar.com\\\/avatar\\\/16a4c1e422b5dec818ee13eab3353b19db9cfd278cc10f9b0e1188a37671d9d4?s=96&d=mm&r=g\",\"url\":\"https:\\\/\\\/secure.gravatar.com\\\/avatar\\\/16a4c1e422b5dec818ee13eab3353b19db9cfd278cc10f9b0e1188a37671d9d4?s=96&d=mm&r=g\",\"contentUrl\":\"https:\\\/\\\/secure.gravatar.com\\\/avatar\\\/16a4c1e422b5dec818ee13eab3353b19db9cfd278cc10f9b0e1188a37671d9d4?s=96&d=mm&r=g\",\"caption\":\"BECACDE1\"},\"sameAs\":[\"http:\\\/\\\/www.cdealmeria.com\"]}]}<\/script>\n<!-- \/ Yoast SEO plugin. -->","yoast_head_json":{"title":"European Commission adopts two proposals to promote digital education and digital skills provision | CDE Almer\u00eda - Centro de Documentaci\u00f3n Europea - Universidad de Almer\u00eda","robots":{"index":"index","follow":"follow","max-snippet":"max-snippet:-1","max-image-preview":"max-image-preview:large","max-video-preview":"max-video-preview:-1"},"canonical":"https:\/\/www.cde.ual.es\/en\/european-commission-adopts-two-proposals-to-promote-digital-education-and-digital-skills-provision\/","og_locale":"en_US","og_type":"article","og_title":"European Commission adopts two proposals to promote digital education and digital skills provision | CDE Almer\u00eda - Centro de Documentaci\u00f3n Europea - Universidad de Almer\u00eda","og_description":"The Commission adopted two proposals for a Council Recommendation in the context of the European Year of Skills, with the aim to support Member States and the education and training sector in providing high-quality, inclusive and accessible digital education and training to develop the digital skills of European citizens. The proposals address the two main [&hellip;]","og_url":"https:\/\/www.cde.ual.es\/en\/european-commission-adopts-two-proposals-to-promote-digital-education-and-digital-skills-provision\/","og_site_name":"CDE Almer\u00eda - Centro de Documentaci\u00f3n Europea - Universidad de Almer\u00eda","article_publisher":"https:\/\/www.facebook.com\/cdeuniversidadalmeria\/","article_published_time":"2023-04-19T08:38:36+00:00","og_image":[{"width":1280,"height":960,"url":"https:\/\/www.cde.ual.es\/wp-content\/uploads\/2023\/04\/child-g20d75c027_1280.jpg","type":"image\/jpeg"}],"author":"BECACDE1","twitter_card":"summary_large_image","twitter_creator":"@cdeualmeria","twitter_site":"@cdeualmeria","twitter_misc":{"Written by":"BECACDE1","Est. reading time":"4 minutes"},"schema":{"@context":"https:\/\/schema.org","@graph":[{"@type":"Article","@id":"https:\/\/www.cde.ual.es\/en\/european-commission-adopts-two-proposals-to-promote-digital-education-and-digital-skills-provision\/#article","isPartOf":{"@id":"https:\/\/www.cde.ual.es\/en\/european-commission-adopts-two-proposals-to-promote-digital-education-and-digital-skills-provision\/"},"author":{"name":"BECACDE1","@id":"https:\/\/www.cde.ual.es\/#\/schema\/person\/bf2f837cf3353e2161fe1087adbd728f"},"headline":"European Commission adopts two proposals to promote digital education and digital skills provision","datePublished":"2023-04-19T08:38:36+00:00","mainEntityOfPage":{"@id":"https:\/\/www.cde.ual.es\/en\/european-commission-adopts-two-proposals-to-promote-digital-education-and-digital-skills-provision\/"},"wordCount":686,"commentCount":0,"publisher":{"@id":"https:\/\/www.cde.ual.es\/#organization"},"image":{"@id":"https:\/\/www.cde.ual.es\/en\/european-commission-adopts-two-proposals-to-promote-digital-education-and-digital-skills-provision\/#primaryimage"},"thumbnailUrl":"https:\/\/www.cde.ual.es\/wp-content\/uploads\/2023\/04\/child-g20d75c027_1280.jpg","keywords":["Digital Education","education","European Commission","European Union","Technology"],"articleSection":["Education and Culture","EU News","Research and Innovation","Teaching and Education","Technology"],"inLanguage":"en-US","potentialAction":[{"@type":"CommentAction","name":"Comment","target":["https:\/\/www.cde.ual.es\/en\/european-commission-adopts-two-proposals-to-promote-digital-education-and-digital-skills-provision\/#respond"]}]},{"@type":"WebPage","@id":"https:\/\/www.cde.ual.es\/en\/european-commission-adopts-two-proposals-to-promote-digital-education-and-digital-skills-provision\/","url":"https:\/\/www.cde.ual.es\/en\/european-commission-adopts-two-proposals-to-promote-digital-education-and-digital-skills-provision\/","name":"European Commission adopts two proposals to promote digital education and digital skills provision | CDE Almer\u00eda - Centro de Documentaci\u00f3n Europea - Universidad de Almer\u00eda","isPartOf":{"@id":"https:\/\/www.cde.ual.es\/#website"},"primaryImageOfPage":{"@id":"https:\/\/www.cde.ual.es\/en\/european-commission-adopts-two-proposals-to-promote-digital-education-and-digital-skills-provision\/#primaryimage"},"image":{"@id":"https:\/\/www.cde.ual.es\/en\/european-commission-adopts-two-proposals-to-promote-digital-education-and-digital-skills-provision\/#primaryimage"},"thumbnailUrl":"https:\/\/www.cde.ual.es\/wp-content\/uploads\/2023\/04\/child-g20d75c027_1280.jpg","datePublished":"2023-04-19T08:38:36+00:00","breadcrumb":{"@id":"https:\/\/www.cde.ual.es\/en\/european-commission-adopts-two-proposals-to-promote-digital-education-and-digital-skills-provision\/#breadcrumb"},"inLanguage":"en-US","potentialAction":[{"@type":"ReadAction","target":["https:\/\/www.cde.ual.es\/en\/european-commission-adopts-two-proposals-to-promote-digital-education-and-digital-skills-provision\/"]}]},{"@type":"ImageObject","inLanguage":"en-US","@id":"https:\/\/www.cde.ual.es\/en\/european-commission-adopts-two-proposals-to-promote-digital-education-and-digital-skills-provision\/#primaryimage","url":"https:\/\/www.cde.ual.es\/wp-content\/uploads\/2023\/04\/child-g20d75c027_1280.jpg","contentUrl":"https:\/\/www.cde.ual.es\/wp-content\/uploads\/2023\/04\/child-g20d75c027_1280.jpg","width":1280,"height":960},{"@type":"BreadcrumbList","@id":"https:\/\/www.cde.ual.es\/en\/european-commission-adopts-two-proposals-to-promote-digital-education-and-digital-skills-provision\/#breadcrumb","itemListElement":[{"@type":"ListItem","position":1,"name":"Inicio","item":"https:\/\/www.cde.ual.es\/en\/"},{"@type":"ListItem","position":2,"name":"EU News","item":"https:\/\/www.cde.ual.es\/en\/category\/eu-news\/"},{"@type":"ListItem","position":3,"name":"Education and Culture","item":"https:\/\/www.cde.ual.es\/en\/category\/eu-news\/education-culture\/"},{"@type":"ListItem","position":4,"name":"Teaching and Education","item":"https:\/\/www.cde.ual.es\/en\/category\/eu-news\/education-culture\/teaching\/"},{"@type":"ListItem","position":5,"name":"European Commission adopts two proposals to promote digital education and digital skills provision"}]},{"@type":"WebSite","@id":"https:\/\/www.cde.ual.es\/#website","url":"https:\/\/www.cde.ual.es\/","name":"CDE Almer\u00eda - Centro de Documentaci\u00f3n Europea - Universidad de Almer\u00eda","description":"Centro de Documentaci\u00f3n Europea de la Universidad de Almer\u00eda","publisher":{"@id":"https:\/\/www.cde.ual.es\/#organization"},"alternateName":"CDE Almer\u00eda","potentialAction":[{"@type":"SearchAction","target":{"@type":"EntryPoint","urlTemplate":"https:\/\/www.cde.ual.es\/?s={search_term_string}"},"query-input":{"@type":"PropertyValueSpecification","valueRequired":true,"valueName":"search_term_string"}}],"inLanguage":"en-US"},{"@type":"Organization","@id":"https:\/\/www.cde.ual.es\/#organization","name":"Centro de Documentaci\u00f3n Europea de Almer\u00eda","url":"https:\/\/www.cde.ual.es\/","logo":{"@type":"ImageObject","inLanguage":"en-US","@id":"https:\/\/www.cde.ual.es\/#\/schema\/logo\/image\/","url":"https:\/\/www.cde.ual.es\/wp-content\/uploads\/2025\/07\/cde-logo-3.png","contentUrl":"https:\/\/www.cde.ual.es\/wp-content\/uploads\/2025\/07\/cde-logo-3.png","width":1400,"height":300,"caption":"Centro de Documentaci\u00f3n Europea de Almer\u00eda"},"image":{"@id":"https:\/\/www.cde.ual.es\/#\/schema\/logo\/image\/"},"sameAs":["https:\/\/www.facebook.com\/cdeuniversidadalmeria\/","https:\/\/x.com\/cdeualmeria","https:\/\/www.tiktok.com\/@cdealmeria","https:\/\/www.instagram.com\/cdealmeria\/","https:\/\/www.linkedin.com\/in\/cde-almera-812b26a9\/"]},{"@type":"Person","@id":"https:\/\/www.cde.ual.es\/#\/schema\/person\/bf2f837cf3353e2161fe1087adbd728f","name":"BECACDE1","image":{"@type":"ImageObject","inLanguage":"en-US","@id":"https:\/\/secure.gravatar.com\/avatar\/16a4c1e422b5dec818ee13eab3353b19db9cfd278cc10f9b0e1188a37671d9d4?s=96&d=mm&r=g","url":"https:\/\/secure.gravatar.com\/avatar\/16a4c1e422b5dec818ee13eab3353b19db9cfd278cc10f9b0e1188a37671d9d4?s=96&d=mm&r=g","contentUrl":"https:\/\/secure.gravatar.com\/avatar\/16a4c1e422b5dec818ee13eab3353b19db9cfd278cc10f9b0e1188a37671d9d4?s=96&d=mm&r=g","caption":"BECACDE1"},"sameAs":["http:\/\/www.cdealmeria.com"]}]}},"_links":{"self":[{"href":"https:\/\/www.cde.ual.es\/en\/wp-json\/wp\/v2\/posts\/133665","targetHints":{"allow":["GET"]}}],"collection":[{"href":"https:\/\/www.cde.ual.es\/en\/wp-json\/wp\/v2\/posts"}],"about":[{"href":"https:\/\/www.cde.ual.es\/en\/wp-json\/wp\/v2\/types\/post"}],"author":[{"embeddable":true,"href":"https:\/\/www.cde.ual.es\/en\/wp-json\/wp\/v2\/users\/101012"}],"replies":[{"embeddable":true,"href":"https:\/\/www.cde.ual.es\/en\/wp-json\/wp\/v2\/comments?post=133665"}],"version-history":[{"count":1,"href":"https:\/\/www.cde.ual.es\/en\/wp-json\/wp\/v2\/posts\/133665\/revisions"}],"predecessor-version":[{"id":133670,"href":"https:\/\/www.cde.ual.es\/en\/wp-json\/wp\/v2\/posts\/133665\/revisions\/133670"}],"wp:featuredmedia":[{"embeddable":true,"href":"https:\/\/www.cde.ual.es\/en\/wp-json\/wp\/v2\/media\/133661"}],"wp:attachment":[{"href":"https:\/\/www.cde.ual.es\/en\/wp-json\/wp\/v2\/media?parent=133665"}],"wp:term":[{"taxonomy":"category","embeddable":true,"href":"https:\/\/www.cde.ual.es\/en\/wp-json\/wp\/v2\/categories?post=133665"},{"taxonomy":"post_tag","embeddable":true,"href":"https:\/\/www.cde.ual.es\/en\/wp-json\/wp\/v2\/tags?post=133665"}],"curies":[{"name":"wp","href":"https:\/\/api.w.org\/{rel}","templated":true}]}}