{"id":133250,"date":"2023-04-13T03:00:32","date_gmt":"2023-04-13T01:00:32","guid":{"rendered":"https:\/\/www.cde.ual.es\/?p=133250"},"modified":"2023-04-12T14:38:21","modified_gmt":"2023-04-12T12:38:21","slug":"new-international-project-to-combat-antisemitism-through-education","status":"publish","type":"post","link":"https:\/\/www.cde.ual.es\/en\/new-international-project-to-combat-antisemitism-through-education\/","title":{"rendered":"New international project to combat antisemitism through education"},"content":{"rendered":"<p style=\"text-align: justify;\">A new two-year project to address antisemitism in Europe through education has been launched. The project will be financed by the Erasmus+ programme and implemented by UNESCO in partnership with the OSCE Office for Democratic Institutions and Human Rights (ODIHR).<\/p>\n<p style=\"text-align: justify;\"><a href=\"https:\/\/www.cde.ual.es\/wp-content\/uploads\/2022\/11\/banners-v2-higher-education-2k.png\"><img decoding=\"async\" class=\"size-full wp-image-124767 aligncenter\" src=\"https:\/\/www.cde.ual.es\/wp-content\/uploads\/2022\/11\/banners-v2-higher-education-2k.png\" alt=\"\" width=\"850\" height=\"478\" srcset=\"https:\/\/www.cde.ual.es\/wp-content\/uploads\/2022\/11\/banners-v2-higher-education-2k.png 850w, https:\/\/www.cde.ual.es\/wp-content\/uploads\/2022\/11\/banners-v2-higher-education-2k-300x169.png 300w, https:\/\/www.cde.ual.es\/wp-content\/uploads\/2022\/11\/banners-v2-higher-education-2k-768x432.png 768w\" sizes=\"(max-width: 850px) 100vw, 850px\" \/><\/a><\/p>\n<p style=\"text-align: justify;\">Following the project&#8217;s launch, UNESCO and its partners will work through tailored activities with national authorities of EU Member States to assist them as they develop the educational dimension of their National Plans on Combating Antisemitism. At the moment of the launch, 11 countries have officially confirmed their participation. They are Austria, Belgium (Wallonie-Bruxelles), Croatia, Czech Republic, France, Germany (Baden-W\u00fcrttemberg and Schleswig-Holstein), Greece, Italy, Romania, Slovenia and Spain.<\/p>\n<p style=\"text-align: justify;\">The project is expected to deliver a series of outputs, including national in-person training events for teacher trainers; policy-makers and civil society organisations; and thematic online webinars for teacher trainers and educators from all EU Member States. The aim is to support teachers and educators to counter conspiracy theories and antisemitism in the classroom. The project will also help to assess national curricula and the quality of school textbooks with regard to antisemitism in Europe, and the current preparedness of teachers before producing recommendations for policy-makers at national and regional level.<\/p>\n<table style=\"width: 99.9988%; border-collapse: collapse; border-style: double; border-color: #001f7d;\" cellpadding=\"0,5\">\n<tbody>\n<tr>\n<td style=\"width: 100%;\"><a href=\"https:\/\/www.cde.ual.es\/en\/international-day-of-holocaust-remembrance\/\" target=\"_blank\" rel=\"noopener\"><img decoding=\"async\" class=\"alignleft\" src=\"https:\/\/www.cde.ual.es\/wp-content\/uploads\/2023\/01\/holocausto.png\" alt=\"\" width=\"154\" height=\"154\" \/><\/a><\/p>\n<h4 class=\"entry-title\"><a href=\"https:\/\/www.cde.ual.es\/en\/international-day-of-holocaust-remembrance\/\" target=\"_blank\" rel=\"noopener\">International Day of Holocaust Remembrance<\/a><\/h4>\n<\/td>\n<\/tr>\n<\/tbody>\n<\/table>\n<h3 style=\"text-align: justify;\"><\/h3>\n<p style=\"text-align: justify;\">Education has an important role to play in raising young people&#8217;s awareness in relation to prejudices, extremist narratives, conspiracy thinking, and ideologies that drive discrimination and hatred.\u00a0<a href=\"https:\/\/erasmus-plus.ec.europa.eu\/\">Erasmus+<\/a>\u00a0features the promotion of inclusion and diversity among its overarching priorities, thereby contributing to social cohesion and to strengthening European identity and fostering European Union values. This project also supports the educational dimension of the\u00a0<a href=\"https:\/\/eur-lex.europa.eu\/legal-content\/EN\/ALL\/?uri=COM:2021:615:FIN&amp;pk_campaign=doc&amp;pk_source=EUR-Lex&amp;pk_medium=tw&amp;pk_keyword=No2Antisemitism\">EU Strategy for Combating Antisemitism and Fostering Jewish Life<\/a>.<\/p>\n<p style=\"text-align: justify;\"><strong>More information: <a href=\"https:\/\/ec.europa.eu\/commission\/presscorner\/detail\/es\/ip_23_2087\">European Commission<\/a><\/strong><\/p>\n","protected":false},"excerpt":{"rendered":"<p>A new two-year project to address antisemitism in Europe through education has been launched. The project will be financed by the Erasmus+ programme and implemented by UNESCO in partnership with the OSCE Office for Democratic Institutions and Human Rights (ODIHR). Following the project&#8217;s launch, UNESCO and its partners will work through tailored activities with national [&hellip;]<\/p>\n","protected":false},"author":1,"featured_media":124768,"comment_status":"open","ping_status":"open","sticky":false,"template":"","format":"standard","meta":{"_acf_changed":false,"_relevanssi_hide_post":"","_relevanssi_hide_content":"","_relevanssi_pin_for_all":"","_relevanssi_pin_keywords":"","_relevanssi_unpin_keywords":"","_relevanssi_related_keywords":"","_relevanssi_related_include_ids":"","_relevanssi_related_exclude_ids":"","_relevanssi_related_no_append":"","_relevanssi_related_not_related":"","_relevanssi_related_posts":"","_relevanssi_noindex_reason":"","_monsterinsights_skip_tracking":false,"_monsterinsights_sitenote_active":false,"_monsterinsights_sitenote_note":"","_monsterinsights_sitenote_category":0,"_genesis_hide_title":false,"_genesis_hide_breadcrumbs":false,"_genesis_hide_singular_image":false,"_genesis_hide_footer_widgets":false,"_genesis_custom_body_class":"","_genesis_custom_post_class":"","_genesis_layout":"","footnotes":""},"categories":[4071,346,4074],"tags":[1069,277,353,449,480,1488],"class_list":{"0":"post-133250","1":"post","2":"type-post","3":"status-publish","4":"format-standard","5":"has-post-thumbnail","7":"category-education-culture","8":"category-eu-news","9":"category-teaching","10":"tag-antisemitism","11":"tag-educacion","12":"tag-educacion-en","13":"tag-education","14":"tag-erasmus-en","15":"tag-european-commission","16":"entry"},"acf":[],"yoast_head":"<!-- This site is optimized with the Yoast SEO plugin v27.5 - https:\/\/yoast.com\/product\/yoast-seo-wordpress\/ -->\n<title>New international project to combat antisemitism through education | CDE Almer\u00eda - Centro de Documentaci\u00f3n Europea - Universidad de Almer\u00eda<\/title>\n<meta name=\"robots\" content=\"index, follow, max-snippet:-1, max-image-preview:large, max-video-preview:-1\" \/>\n<link rel=\"canonical\" href=\"https:\/\/www.cde.ual.es\/?p=133248\" \/>\n<meta property=\"og:locale\" content=\"en_US\" \/>\n<meta property=\"og:type\" content=\"article\" \/>\n<meta property=\"og:title\" content=\"New international project to combat antisemitism through education | CDE Almer\u00eda - Centro de Documentaci\u00f3n Europea - Universidad de Almer\u00eda\" \/>\n<meta property=\"og:description\" content=\"A new two-year project to address antisemitism in Europe through education has been launched. The project will be financed by the Erasmus+ programme and implemented by UNESCO in partnership with the OSCE Office for Democratic Institutions and Human Rights (ODIHR). Following the project&#8217;s launch, UNESCO and its partners will work through tailored activities with national [&hellip;]\" \/>\n<meta property=\"og:url\" content=\"https:\/\/www.cde.ual.es\/?p=133248\" \/>\n<meta property=\"og:site_name\" content=\"CDE Almer\u00eda - Centro de Documentaci\u00f3n Europea - Universidad de Almer\u00eda\" \/>\n<meta property=\"article:publisher\" content=\"https:\/\/www.facebook.com\/cdeuniversidadalmeria\/\" \/>\n<meta property=\"article:published_time\" content=\"2023-04-13T01:00:32+00:00\" \/>\n<meta property=\"og:image\" content=\"https:\/\/www.cde.ual.es\/wp-content\/uploads\/2022\/11\/banners-v2-higher-education-2k.png\" \/>\n\t<meta property=\"og:image:width\" content=\"850\" \/>\n\t<meta property=\"og:image:height\" content=\"478\" \/>\n\t<meta property=\"og:image:type\" content=\"image\/png\" \/>\n<meta name=\"author\" content=\"AdminCDE\" \/>\n<meta name=\"twitter:card\" content=\"summary_large_image\" \/>\n<meta name=\"twitter:creator\" content=\"@cdeualmeria\" \/>\n<meta name=\"twitter:site\" content=\"@cdeualmeria\" \/>\n<meta name=\"twitter:label1\" content=\"Written by\" \/>\n\t<meta name=\"twitter:data1\" content=\"AdminCDE\" \/>\n\t<meta name=\"twitter:label2\" content=\"Est. reading time\" \/>\n\t<meta name=\"twitter:data2\" content=\"2 minutes\" \/>\n<script type=\"application\/ld+json\" class=\"yoast-schema-graph\">{\"@context\":\"https:\\\/\\\/schema.org\",\"@graph\":[{\"@type\":\"Article\",\"@id\":\"https:\\\/\\\/www.cde.ual.es\\\/?p=133248#article\",\"isPartOf\":{\"@id\":\"https:\\\/\\\/www.cde.ual.es\\\/?p=133248\"},\"author\":{\"name\":\"AdminCDE\",\"@id\":\"https:\\\/\\\/www.cde.ual.es\\\/#\\\/schema\\\/person\\\/224ef08c8bcc005f319d2713ce37ee5f\"},\"headline\":\"New international project to combat antisemitism through education\",\"datePublished\":\"2023-04-13T01:00:32+00:00\",\"mainEntityOfPage\":{\"@id\":\"https:\\\/\\\/www.cde.ual.es\\\/?p=133248\"},\"wordCount\":290,\"commentCount\":0,\"publisher\":{\"@id\":\"https:\\\/\\\/www.cde.ual.es\\\/#organization\"},\"image\":{\"@id\":\"https:\\\/\\\/www.cde.ual.es\\\/?p=133248#primaryimage\"},\"thumbnailUrl\":\"https:\\\/\\\/www.cde.ual.es\\\/wp-content\\\/uploads\\\/2022\\\/11\\\/banners-v2-higher-education-2k.png\",\"keywords\":[\"antisemitism\",\"Educaci\u00f3n\",\"Educaci\u00f3n\",\"education\",\"Erasmus +\",\"European Commission\"],\"articleSection\":[\"Education and Culture\",\"EU News\",\"Teaching and Education\"],\"inLanguage\":\"en-US\",\"potentialAction\":[{\"@type\":\"CommentAction\",\"name\":\"Comment\",\"target\":[\"https:\\\/\\\/www.cde.ual.es\\\/?p=133248#respond\"]}]},{\"@type\":\"WebPage\",\"@id\":\"https:\\\/\\\/www.cde.ual.es\\\/?p=133248\",\"url\":\"https:\\\/\\\/www.cde.ual.es\\\/?p=133248\",\"name\":\"New international project to combat antisemitism through education | CDE Almer\u00eda - Centro de Documentaci\u00f3n Europea - Universidad de Almer\u00eda\",\"isPartOf\":{\"@id\":\"https:\\\/\\\/www.cde.ual.es\\\/#website\"},\"primaryImageOfPage\":{\"@id\":\"https:\\\/\\\/www.cde.ual.es\\\/?p=133248#primaryimage\"},\"image\":{\"@id\":\"https:\\\/\\\/www.cde.ual.es\\\/?p=133248#primaryimage\"},\"thumbnailUrl\":\"https:\\\/\\\/www.cde.ual.es\\\/wp-content\\\/uploads\\\/2022\\\/11\\\/banners-v2-higher-education-2k.png\",\"datePublished\":\"2023-04-13T01:00:32+00:00\",\"breadcrumb\":{\"@id\":\"https:\\\/\\\/www.cde.ual.es\\\/?p=133248#breadcrumb\"},\"inLanguage\":\"en-US\",\"potentialAction\":[{\"@type\":\"ReadAction\",\"target\":[\"https:\\\/\\\/www.cde.ual.es\\\/?p=133248\"]}]},{\"@type\":\"ImageObject\",\"inLanguage\":\"en-US\",\"@id\":\"https:\\\/\\\/www.cde.ual.es\\\/?p=133248#primaryimage\",\"url\":\"https:\\\/\\\/www.cde.ual.es\\\/wp-content\\\/uploads\\\/2022\\\/11\\\/banners-v2-higher-education-2k.png\",\"contentUrl\":\"https:\\\/\\\/www.cde.ual.es\\\/wp-content\\\/uploads\\\/2022\\\/11\\\/banners-v2-higher-education-2k.png\",\"width\":850,\"height\":478},{\"@type\":\"BreadcrumbList\",\"@id\":\"https:\\\/\\\/www.cde.ual.es\\\/?p=133248#breadcrumb\",\"itemListElement\":[{\"@type\":\"ListItem\",\"position\":1,\"name\":\"Inicio\",\"item\":\"https:\\\/\\\/www.cde.ual.es\\\/en\\\/\"},{\"@type\":\"ListItem\",\"position\":2,\"name\":\"Noticias UE\",\"item\":\"https:\\\/\\\/www.cde.ual.es\\\/category\\\/noticias-ue\\\/\"},{\"@type\":\"ListItem\",\"position\":3,\"name\":\"Cultura y Educaci\u00f3n\",\"item\":\"https:\\\/\\\/www.cde.ual.es\\\/category\\\/noticias-ue\\\/cultura-ed\\\/\"},{\"@type\":\"ListItem\",\"position\":4,\"name\":\"Teaching and Education\",\"item\":\"https:\\\/\\\/www.cde.ual.es\\\/en\\\/category\\\/eu-news\\\/education-culture\\\/teaching\\\/\"},{\"@type\":\"ListItem\",\"position\":5,\"name\":\"New international project to combat antisemitism through education\"}]},{\"@type\":\"WebSite\",\"@id\":\"https:\\\/\\\/www.cde.ual.es\\\/#website\",\"url\":\"https:\\\/\\\/www.cde.ual.es\\\/\",\"name\":\"CDE Almer\u00eda - Centro de Documentaci\u00f3n Europea - Universidad de Almer\u00eda\",\"description\":\"Centro de Documentaci\u00f3n Europea de la Universidad de Almer\u00eda\",\"publisher\":{\"@id\":\"https:\\\/\\\/www.cde.ual.es\\\/#organization\"},\"alternateName\":\"CDE Almer\u00eda\",\"potentialAction\":[{\"@type\":\"SearchAction\",\"target\":{\"@type\":\"EntryPoint\",\"urlTemplate\":\"https:\\\/\\\/www.cde.ual.es\\\/?s={search_term_string}\"},\"query-input\":{\"@type\":\"PropertyValueSpecification\",\"valueRequired\":true,\"valueName\":\"search_term_string\"}}],\"inLanguage\":\"en-US\"},{\"@type\":\"Organization\",\"@id\":\"https:\\\/\\\/www.cde.ual.es\\\/#organization\",\"name\":\"Centro de Documentaci\u00f3n Europea de Almer\u00eda\",\"url\":\"https:\\\/\\\/www.cde.ual.es\\\/\",\"logo\":{\"@type\":\"ImageObject\",\"inLanguage\":\"en-US\",\"@id\":\"https:\\\/\\\/www.cde.ual.es\\\/#\\\/schema\\\/logo\\\/image\\\/\",\"url\":\"https:\\\/\\\/www.cde.ual.es\\\/wp-content\\\/uploads\\\/2025\\\/07\\\/cde-logo-3.png\",\"contentUrl\":\"https:\\\/\\\/www.cde.ual.es\\\/wp-content\\\/uploads\\\/2025\\\/07\\\/cde-logo-3.png\",\"width\":1400,\"height\":300,\"caption\":\"Centro de Documentaci\u00f3n Europea de Almer\u00eda\"},\"image\":{\"@id\":\"https:\\\/\\\/www.cde.ual.es\\\/#\\\/schema\\\/logo\\\/image\\\/\"},\"sameAs\":[\"https:\\\/\\\/www.facebook.com\\\/cdeuniversidadalmeria\\\/\",\"https:\\\/\\\/x.com\\\/cdeualmeria\",\"https:\\\/\\\/www.tiktok.com\\\/@cdealmeria\",\"https:\\\/\\\/www.instagram.com\\\/cdealmeria\\\/\",\"https:\\\/\\\/www.linkedin.com\\\/in\\\/cde-almera-812b26a9\\\/\"]},{\"@type\":\"Person\",\"@id\":\"https:\\\/\\\/www.cde.ual.es\\\/#\\\/schema\\\/person\\\/224ef08c8bcc005f319d2713ce37ee5f\",\"name\":\"AdminCDE\",\"image\":{\"@type\":\"ImageObject\",\"inLanguage\":\"en-US\",\"@id\":\"https:\\\/\\\/secure.gravatar.com\\\/avatar\\\/a72d038d371f995cd13706fac32274b7952a52e8fb0a84b5f80c85426f2a98a8?s=96&d=mm&r=g\",\"url\":\"https:\\\/\\\/secure.gravatar.com\\\/avatar\\\/a72d038d371f995cd13706fac32274b7952a52e8fb0a84b5f80c85426f2a98a8?s=96&d=mm&r=g\",\"contentUrl\":\"https:\\\/\\\/secure.gravatar.com\\\/avatar\\\/a72d038d371f995cd13706fac32274b7952a52e8fb0a84b5f80c85426f2a98a8?s=96&d=mm&r=g\",\"caption\":\"AdminCDE\"}}]}<\/script>\n<!-- \/ Yoast SEO plugin. -->","yoast_head_json":{"title":"New international project to combat antisemitism through education | CDE Almer\u00eda - Centro de Documentaci\u00f3n Europea - Universidad de Almer\u00eda","robots":{"index":"index","follow":"follow","max-snippet":"max-snippet:-1","max-image-preview":"max-image-preview:large","max-video-preview":"max-video-preview:-1"},"canonical":"https:\/\/www.cde.ual.es\/?p=133248","og_locale":"en_US","og_type":"article","og_title":"New international project to combat antisemitism through education | CDE Almer\u00eda - Centro de Documentaci\u00f3n Europea - Universidad de Almer\u00eda","og_description":"A new two-year project to address antisemitism in Europe through education has been launched. The project will be financed by the Erasmus+ programme and implemented by UNESCO in partnership with the OSCE Office for Democratic Institutions and Human Rights (ODIHR). Following the project&#8217;s launch, UNESCO and its partners will work through tailored activities with national [&hellip;]","og_url":"https:\/\/www.cde.ual.es\/?p=133248","og_site_name":"CDE Almer\u00eda - Centro de Documentaci\u00f3n Europea - Universidad de Almer\u00eda","article_publisher":"https:\/\/www.facebook.com\/cdeuniversidadalmeria\/","article_published_time":"2023-04-13T01:00:32+00:00","og_image":[{"width":850,"height":478,"url":"https:\/\/www.cde.ual.es\/wp-content\/uploads\/2022\/11\/banners-v2-higher-education-2k.png","type":"image\/png"}],"author":"AdminCDE","twitter_card":"summary_large_image","twitter_creator":"@cdeualmeria","twitter_site":"@cdeualmeria","twitter_misc":{"Written by":"AdminCDE","Est. reading time":"2 minutes"},"schema":{"@context":"https:\/\/schema.org","@graph":[{"@type":"Article","@id":"https:\/\/www.cde.ual.es\/?p=133248#article","isPartOf":{"@id":"https:\/\/www.cde.ual.es\/?p=133248"},"author":{"name":"AdminCDE","@id":"https:\/\/www.cde.ual.es\/#\/schema\/person\/224ef08c8bcc005f319d2713ce37ee5f"},"headline":"New international project to combat antisemitism through education","datePublished":"2023-04-13T01:00:32+00:00","mainEntityOfPage":{"@id":"https:\/\/www.cde.ual.es\/?p=133248"},"wordCount":290,"commentCount":0,"publisher":{"@id":"https:\/\/www.cde.ual.es\/#organization"},"image":{"@id":"https:\/\/www.cde.ual.es\/?p=133248#primaryimage"},"thumbnailUrl":"https:\/\/www.cde.ual.es\/wp-content\/uploads\/2022\/11\/banners-v2-higher-education-2k.png","keywords":["antisemitism","Educaci\u00f3n","Educaci\u00f3n","education","Erasmus +","European Commission"],"articleSection":["Education and Culture","EU News","Teaching and Education"],"inLanguage":"en-US","potentialAction":[{"@type":"CommentAction","name":"Comment","target":["https:\/\/www.cde.ual.es\/?p=133248#respond"]}]},{"@type":"WebPage","@id":"https:\/\/www.cde.ual.es\/?p=133248","url":"https:\/\/www.cde.ual.es\/?p=133248","name":"New international project to combat antisemitism through education | CDE Almer\u00eda - Centro de Documentaci\u00f3n Europea - Universidad de Almer\u00eda","isPartOf":{"@id":"https:\/\/www.cde.ual.es\/#website"},"primaryImageOfPage":{"@id":"https:\/\/www.cde.ual.es\/?p=133248#primaryimage"},"image":{"@id":"https:\/\/www.cde.ual.es\/?p=133248#primaryimage"},"thumbnailUrl":"https:\/\/www.cde.ual.es\/wp-content\/uploads\/2022\/11\/banners-v2-higher-education-2k.png","datePublished":"2023-04-13T01:00:32+00:00","breadcrumb":{"@id":"https:\/\/www.cde.ual.es\/?p=133248#breadcrumb"},"inLanguage":"en-US","potentialAction":[{"@type":"ReadAction","target":["https:\/\/www.cde.ual.es\/?p=133248"]}]},{"@type":"ImageObject","inLanguage":"en-US","@id":"https:\/\/www.cde.ual.es\/?p=133248#primaryimage","url":"https:\/\/www.cde.ual.es\/wp-content\/uploads\/2022\/11\/banners-v2-higher-education-2k.png","contentUrl":"https:\/\/www.cde.ual.es\/wp-content\/uploads\/2022\/11\/banners-v2-higher-education-2k.png","width":850,"height":478},{"@type":"BreadcrumbList","@id":"https:\/\/www.cde.ual.es\/?p=133248#breadcrumb","itemListElement":[{"@type":"ListItem","position":1,"name":"Inicio","item":"https:\/\/www.cde.ual.es\/en\/"},{"@type":"ListItem","position":2,"name":"Noticias UE","item":"https:\/\/www.cde.ual.es\/category\/noticias-ue\/"},{"@type":"ListItem","position":3,"name":"Cultura y Educaci\u00f3n","item":"https:\/\/www.cde.ual.es\/category\/noticias-ue\/cultura-ed\/"},{"@type":"ListItem","position":4,"name":"Teaching and Education","item":"https:\/\/www.cde.ual.es\/en\/category\/eu-news\/education-culture\/teaching\/"},{"@type":"ListItem","position":5,"name":"New international project to combat antisemitism through education"}]},{"@type":"WebSite","@id":"https:\/\/www.cde.ual.es\/#website","url":"https:\/\/www.cde.ual.es\/","name":"CDE Almer\u00eda - Centro de Documentaci\u00f3n Europea - Universidad de Almer\u00eda","description":"Centro de Documentaci\u00f3n Europea de la Universidad de Almer\u00eda","publisher":{"@id":"https:\/\/www.cde.ual.es\/#organization"},"alternateName":"CDE Almer\u00eda","potentialAction":[{"@type":"SearchAction","target":{"@type":"EntryPoint","urlTemplate":"https:\/\/www.cde.ual.es\/?s={search_term_string}"},"query-input":{"@type":"PropertyValueSpecification","valueRequired":true,"valueName":"search_term_string"}}],"inLanguage":"en-US"},{"@type":"Organization","@id":"https:\/\/www.cde.ual.es\/#organization","name":"Centro de Documentaci\u00f3n Europea de Almer\u00eda","url":"https:\/\/www.cde.ual.es\/","logo":{"@type":"ImageObject","inLanguage":"en-US","@id":"https:\/\/www.cde.ual.es\/#\/schema\/logo\/image\/","url":"https:\/\/www.cde.ual.es\/wp-content\/uploads\/2025\/07\/cde-logo-3.png","contentUrl":"https:\/\/www.cde.ual.es\/wp-content\/uploads\/2025\/07\/cde-logo-3.png","width":1400,"height":300,"caption":"Centro de Documentaci\u00f3n Europea de Almer\u00eda"},"image":{"@id":"https:\/\/www.cde.ual.es\/#\/schema\/logo\/image\/"},"sameAs":["https:\/\/www.facebook.com\/cdeuniversidadalmeria\/","https:\/\/x.com\/cdeualmeria","https:\/\/www.tiktok.com\/@cdealmeria","https:\/\/www.instagram.com\/cdealmeria\/","https:\/\/www.linkedin.com\/in\/cde-almera-812b26a9\/"]},{"@type":"Person","@id":"https:\/\/www.cde.ual.es\/#\/schema\/person\/224ef08c8bcc005f319d2713ce37ee5f","name":"AdminCDE","image":{"@type":"ImageObject","inLanguage":"en-US","@id":"https:\/\/secure.gravatar.com\/avatar\/a72d038d371f995cd13706fac32274b7952a52e8fb0a84b5f80c85426f2a98a8?s=96&d=mm&r=g","url":"https:\/\/secure.gravatar.com\/avatar\/a72d038d371f995cd13706fac32274b7952a52e8fb0a84b5f80c85426f2a98a8?s=96&d=mm&r=g","contentUrl":"https:\/\/secure.gravatar.com\/avatar\/a72d038d371f995cd13706fac32274b7952a52e8fb0a84b5f80c85426f2a98a8?s=96&d=mm&r=g","caption":"AdminCDE"}}]}},"_links":{"self":[{"href":"https:\/\/www.cde.ual.es\/en\/wp-json\/wp\/v2\/posts\/133250","targetHints":{"allow":["GET"]}}],"collection":[{"href":"https:\/\/www.cde.ual.es\/en\/wp-json\/wp\/v2\/posts"}],"about":[{"href":"https:\/\/www.cde.ual.es\/en\/wp-json\/wp\/v2\/types\/post"}],"author":[{"embeddable":true,"href":"https:\/\/www.cde.ual.es\/en\/wp-json\/wp\/v2\/users\/1"}],"replies":[{"embeddable":true,"href":"https:\/\/www.cde.ual.es\/en\/wp-json\/wp\/v2\/comments?post=133250"}],"version-history":[{"count":1,"href":"https:\/\/www.cde.ual.es\/en\/wp-json\/wp\/v2\/posts\/133250\/revisions"}],"predecessor-version":[{"id":133251,"href":"https:\/\/www.cde.ual.es\/en\/wp-json\/wp\/v2\/posts\/133250\/revisions\/133251"}],"wp:featuredmedia":[{"embeddable":true,"href":"https:\/\/www.cde.ual.es\/en\/wp-json\/wp\/v2\/media\/124768"}],"wp:attachment":[{"href":"https:\/\/www.cde.ual.es\/en\/wp-json\/wp\/v2\/media?parent=133250"}],"wp:term":[{"taxonomy":"category","embeddable":true,"href":"https:\/\/www.cde.ual.es\/en\/wp-json\/wp\/v2\/categories?post=133250"},{"taxonomy":"post_tag","embeddable":true,"href":"https:\/\/www.cde.ual.es\/en\/wp-json\/wp\/v2\/tags?post=133250"}],"curies":[{"name":"wp","href":"https:\/\/api.w.org\/{rel}","templated":true}]}}