{"id":133044,"date":"2023-04-12T03:00:11","date_gmt":"2023-04-12T01:00:11","guid":{"rendered":"https:\/\/www.cde.ual.es\/?p=133044"},"modified":"2023-04-12T11:14:12","modified_gmt":"2023-04-12T09:14:12","slug":"autumn-vaccination-campaigns-targeting-the-elderly-and-other-high-risk-groups-will-be-key-to-reducing-the-impact-of-covid-19","status":"publish","type":"post","link":"https:\/\/www.cde.ual.es\/en\/autumn-vaccination-campaigns-targeting-the-elderly-and-other-high-risk-groups-will-be-key-to-reducing-the-impact-of-covid-19\/","title":{"rendered":"Autumn vaccination campaigns targeting the elderly and other high-risk groups will be key to reducing the impact of COVID-19"},"content":{"rendered":"<p><a href=\"https:\/\/www.cde.ual.es\/wp-content\/uploads\/2022\/07\/vacuna-gripe-scaled.jpg\"><img decoding=\"async\" class=\"aligncenter wp-image-116368\" src=\"https:\/\/www.cde.ual.es\/wp-content\/uploads\/2022\/07\/vacuna-gripe-scaled.jpg\" alt=\"manos sujetan una jeringuilla y una dosis de una vacuna\" width=\"350\" height=\"233\" srcset=\"https:\/\/www.cde.ual.es\/wp-content\/uploads\/2022\/07\/vacuna-gripe-scaled.jpg 2560w, https:\/\/www.cde.ual.es\/wp-content\/uploads\/2022\/07\/vacuna-gripe-300x200.jpg 300w, https:\/\/www.cde.ual.es\/wp-content\/uploads\/2022\/07\/vacuna-gripe-1024x683.jpg 1024w, https:\/\/www.cde.ual.es\/wp-content\/uploads\/2022\/07\/vacuna-gripe-768x512.jpg 768w, https:\/\/www.cde.ual.es\/wp-content\/uploads\/2022\/07\/vacuna-gripe-1536x1024.jpg 1536w, https:\/\/www.cde.ual.es\/wp-content\/uploads\/2022\/07\/vacuna-gripe-2048x1365.jpg 2048w\" sizes=\"(max-width: 350px) 100vw, 350px\" \/><\/a><\/p>\n<p style=\"text-align: justify;\">According to ECDC surveillance data, with every new wave of COVID-19 infection, individuals in older age groups are more likely to be hospitalised. Data suggest persisting SARS-CoV-2 transmission in EU\/EEA countries and therefore, a continuous risk of severe disease for vulnerable groups.<\/p>\n<p style=\"text-align: justify;\">Although no clear seasonal pattern of virus circulation has emerged so far, data show that the disease\u2019s impact has been much higher during the autumn-winter period, corresponding with the traditional influenza season.<\/p>\n<p style=\"text-align: justify;\">In this context, mathematical models detailed in the report indicate that an autumn 2023 vaccination programme with very high vaccine uptake targeting individuals 60 years of age and older is expected to prevent up to 32 percent of COVID-19-related hospitalizations across the EU\/EEA.<\/p>\n<table style=\"width: 99.9988%; border-collapse: collapse; border-style: double; border-color: #001f7d;\" cellpadding=\"0,5\">\n<tbody>\n<tr>\n<td style=\"width: 100%;\"><a href=\"https:\/\/www.cde.ual.es\/ficha\/plantilla-bookshop\/\" target=\"_blank\" rel=\"noopener\"><img decoding=\"async\" class=\"alignleft\" src=\"https:\/\/www.cde.ual.es\/wp-content\/uploads\/2021\/09\/Interim-public-health-considerations-for-COVID-19-vaccination-roll-out-during-2023.jpg\" alt=\"\" width=\"114\" height=\"162\" \/><\/a><\/p>\n<h4 class=\"entry-title\"><a href=\"https:\/\/www.cde.ual.es\/ficha\/plantilla-bookshop\/\" target=\"_blank\" rel=\"noopener\">Interim public health considerations for COVID-19 vaccination roll-out during 2023<\/a><\/h4>\n<\/td>\n<\/tr>\n<\/tbody>\n<\/table>\n<p style=\"text-align: justify;\">Assuming a very high vaccine uptake, combining an autumn 2023 vaccination programme for people aged 60 years and older with a spring 2023 vaccination campaign for people aged 80 years and older is expected to prevent up to 44 percent of COVID-19-related hospitalizations.<\/p>\n<p style=\"text-align: justify;\">In conducting the mathematical modelling, ECDC experts took into consideration the knowledge gathered on a number of factors including waning vaccine effectiveness, age groups targeted by the most recent autumn\/winter 2022\/23 vaccine booster campaign as well as the 2022 epidemiological situation.<\/p>\n<p style=\"text-align: justify;\">Ultimately, national decisions on the best strategies suited for the local epidemiological context should be undertaken by countries, taking into account their specific context, especially considering the likely uptake in a given age group to maximise impact. Considerable uncertainties on future epidemiological developments remain and this may influence future decisions.<\/p>\n<p style=\"text-align: justify;\">For successful campaigns, public health authorities may consider developing targeted communication activities focused on reaching high-priority groups through trusted channels and messengers, and providing clear information on which groups are recommended for vaccination, the type of vaccines available, and the timing.<\/p>\n<h3 style=\"text-align: justify;\">More information<\/h3>\n<p style=\"text-align: justify;\"><a href=\"https:\/\/www.ecdc.europa.eu\/en\/news-events\/autumn-vaccination-campaigns-focused-older-age-groups-and-other-high-risk-populations\" target=\"_blank\" rel=\"noopener\">European Centre for Disease Prevention and Control<\/a><\/p>\n","protected":false},"excerpt":{"rendered":"<p>According to ECDC surveillance data, with every new wave of COVID-19 infection, individuals in older age groups are more likely to be hospitalised. Data suggest persisting SARS-CoV-2 transmission in EU\/EEA countries and therefore, a continuous risk of severe disease for vulnerable groups. Although no clear seasonal pattern of virus circulation has emerged so far, data [&hellip;]<\/p>\n","protected":false},"author":101011,"featured_media":116368,"comment_status":"open","ping_status":"open","sticky":false,"template":"","format":"standard","meta":{"_acf_changed":false,"_relevanssi_hide_post":"","_relevanssi_hide_content":"","_relevanssi_pin_for_all":"","_relevanssi_pin_keywords":"","_relevanssi_unpin_keywords":"","_relevanssi_related_keywords":"","_relevanssi_related_include_ids":"","_relevanssi_related_exclude_ids":"","_relevanssi_related_no_append":"","_relevanssi_related_not_related":"","_relevanssi_related_posts":"","_relevanssi_noindex_reason":"","_monsterinsights_skip_tracking":false,"_monsterinsights_sitenote_active":false,"_monsterinsights_sitenote_note":"","_monsterinsights_sitenote_category":0,"_genesis_hide_title":false,"_genesis_hide_breadcrumbs":false,"_genesis_hide_singular_image":false,"_genesis_hide_footer_widgets":false,"_genesis_custom_body_class":"","_genesis_custom_post_class":"","_genesis_layout":"","footnotes":""},"categories":[4093,346,4092],"tags":[2448,2699,779,437,2518],"class_list":{"0":"post-133044","1":"post","2":"type-post","3":"status-publish","4":"format-standard","5":"has-post-thumbnail","7":"category-diseases","8":"category-eu-news","9":"category-health","10":"tag-covid","11":"tag-disease","12":"tag-eu-en","13":"tag-health","14":"tag-vaccination","15":"entry"},"acf":[],"yoast_head":"<!-- This site is optimized with the Yoast SEO plugin v27.4 - https:\/\/yoast.com\/product\/yoast-seo-wordpress\/ -->\n<title>Autumn vaccination campaigns targeting the elderly and other high-risk groups will be key to reducing the impact of COVID-19 | CDE Almer\u00eda - Centro de Documentaci\u00f3n Europea - Universidad de Almer\u00eda<\/title>\n<meta name=\"robots\" content=\"index, follow, max-snippet:-1, max-image-preview:large, max-video-preview:-1\" \/>\n<link rel=\"canonical\" href=\"https:\/\/www.cde.ual.es\/en\/autumn-vaccination-campaigns-targeting-the-elderly-and-other-high-risk-groups-will-be-key-to-reducing-the-impact-of-covid-19\/\" \/>\n<meta property=\"og:locale\" content=\"en_US\" \/>\n<meta property=\"og:type\" content=\"article\" \/>\n<meta property=\"og:title\" content=\"Autumn vaccination campaigns targeting the elderly and other high-risk groups will be key to reducing the impact of COVID-19 | CDE Almer\u00eda - Centro de Documentaci\u00f3n Europea - Universidad de Almer\u00eda\" \/>\n<meta property=\"og:description\" content=\"According to ECDC surveillance data, with every new wave of COVID-19 infection, individuals in older age groups are more likely to be hospitalised. Data suggest persisting SARS-CoV-2 transmission in EU\/EEA countries and therefore, a continuous risk of severe disease for vulnerable groups. Although no clear seasonal pattern of virus circulation has emerged so far, data [&hellip;]\" \/>\n<meta property=\"og:url\" content=\"https:\/\/www.cde.ual.es\/en\/autumn-vaccination-campaigns-targeting-the-elderly-and-other-high-risk-groups-will-be-key-to-reducing-the-impact-of-covid-19\/\" \/>\n<meta property=\"og:site_name\" content=\"CDE Almer\u00eda - Centro de Documentaci\u00f3n Europea - Universidad de Almer\u00eda\" \/>\n<meta property=\"article:publisher\" content=\"https:\/\/www.facebook.com\/cdeuniversidadalmeria\/\" \/>\n<meta property=\"article:published_time\" content=\"2023-04-12T01:00:11+00:00\" \/>\n<meta property=\"article:modified_time\" content=\"2023-04-12T09:14:12+00:00\" \/>\n<meta property=\"og:image\" content=\"https:\/\/www.cde.ual.es\/wp-content\/uploads\/2022\/07\/vacuna-gripe-scaled.jpg\" \/>\n\t<meta property=\"og:image:width\" content=\"2560\" \/>\n\t<meta property=\"og:image:height\" content=\"1707\" \/>\n\t<meta property=\"og:image:type\" content=\"image\/jpeg\" \/>\n<meta name=\"author\" content=\"BECA 2 CDE\" \/>\n<meta name=\"twitter:card\" content=\"summary_large_image\" \/>\n<meta name=\"twitter:creator\" content=\"@cdeualmeria\" \/>\n<meta name=\"twitter:site\" content=\"@cdeualmeria\" \/>\n<meta name=\"twitter:label1\" content=\"Written by\" \/>\n\t<meta name=\"twitter:data1\" content=\"BECA 2 CDE\" \/>\n\t<meta name=\"twitter:label2\" content=\"Est. reading time\" \/>\n\t<meta name=\"twitter:data2\" content=\"2 minutes\" \/>\n<script type=\"application\/ld+json\" class=\"yoast-schema-graph\">{\"@context\":\"https:\\\/\\\/schema.org\",\"@graph\":[{\"@type\":\"Article\",\"@id\":\"https:\\\/\\\/www.cde.ual.es\\\/en\\\/autumn-vaccination-campaigns-targeting-the-elderly-and-other-high-risk-groups-will-be-key-to-reducing-the-impact-of-covid-19\\\/#article\",\"isPartOf\":{\"@id\":\"https:\\\/\\\/www.cde.ual.es\\\/en\\\/autumn-vaccination-campaigns-targeting-the-elderly-and-other-high-risk-groups-will-be-key-to-reducing-the-impact-of-covid-19\\\/\"},\"author\":{\"name\":\"BECA 2 CDE\",\"@id\":\"https:\\\/\\\/www.cde.ual.es\\\/#\\\/schema\\\/person\\\/ee46ebc19edfa19598c02cff83335acc\"},\"headline\":\"Autumn vaccination campaigns targeting the elderly and other high-risk groups will be key to reducing the impact of COVID-19\",\"datePublished\":\"2023-04-12T01:00:11+00:00\",\"dateModified\":\"2023-04-12T09:14:12+00:00\",\"mainEntityOfPage\":{\"@id\":\"https:\\\/\\\/www.cde.ual.es\\\/en\\\/autumn-vaccination-campaigns-targeting-the-elderly-and-other-high-risk-groups-will-be-key-to-reducing-the-impact-of-covid-19\\\/\"},\"wordCount\":325,\"commentCount\":0,\"publisher\":{\"@id\":\"https:\\\/\\\/www.cde.ual.es\\\/#organization\"},\"image\":{\"@id\":\"https:\\\/\\\/www.cde.ual.es\\\/en\\\/autumn-vaccination-campaigns-targeting-the-elderly-and-other-high-risk-groups-will-be-key-to-reducing-the-impact-of-covid-19\\\/#primaryimage\"},\"thumbnailUrl\":\"https:\\\/\\\/www.cde.ual.es\\\/wp-content\\\/uploads\\\/2022\\\/07\\\/vacuna-gripe-scaled.jpg\",\"keywords\":[\"Covid\",\"disease\",\"EU\",\"health\",\"vaccination\"],\"articleSection\":[\"Diseases\",\"EU News\",\"Health\"],\"inLanguage\":\"en-US\",\"potentialAction\":[{\"@type\":\"CommentAction\",\"name\":\"Comment\",\"target\":[\"https:\\\/\\\/www.cde.ual.es\\\/en\\\/autumn-vaccination-campaigns-targeting-the-elderly-and-other-high-risk-groups-will-be-key-to-reducing-the-impact-of-covid-19\\\/#respond\"]}]},{\"@type\":\"WebPage\",\"@id\":\"https:\\\/\\\/www.cde.ual.es\\\/en\\\/autumn-vaccination-campaigns-targeting-the-elderly-and-other-high-risk-groups-will-be-key-to-reducing-the-impact-of-covid-19\\\/\",\"url\":\"https:\\\/\\\/www.cde.ual.es\\\/en\\\/autumn-vaccination-campaigns-targeting-the-elderly-and-other-high-risk-groups-will-be-key-to-reducing-the-impact-of-covid-19\\\/\",\"name\":\"Autumn vaccination campaigns targeting the elderly and other high-risk groups will be key to reducing the impact of COVID-19 | CDE Almer\u00eda - Centro de Documentaci\u00f3n Europea - Universidad de Almer\u00eda\",\"isPartOf\":{\"@id\":\"https:\\\/\\\/www.cde.ual.es\\\/#website\"},\"primaryImageOfPage\":{\"@id\":\"https:\\\/\\\/www.cde.ual.es\\\/en\\\/autumn-vaccination-campaigns-targeting-the-elderly-and-other-high-risk-groups-will-be-key-to-reducing-the-impact-of-covid-19\\\/#primaryimage\"},\"image\":{\"@id\":\"https:\\\/\\\/www.cde.ual.es\\\/en\\\/autumn-vaccination-campaigns-targeting-the-elderly-and-other-high-risk-groups-will-be-key-to-reducing-the-impact-of-covid-19\\\/#primaryimage\"},\"thumbnailUrl\":\"https:\\\/\\\/www.cde.ual.es\\\/wp-content\\\/uploads\\\/2022\\\/07\\\/vacuna-gripe-scaled.jpg\",\"datePublished\":\"2023-04-12T01:00:11+00:00\",\"dateModified\":\"2023-04-12T09:14:12+00:00\",\"breadcrumb\":{\"@id\":\"https:\\\/\\\/www.cde.ual.es\\\/en\\\/autumn-vaccination-campaigns-targeting-the-elderly-and-other-high-risk-groups-will-be-key-to-reducing-the-impact-of-covid-19\\\/#breadcrumb\"},\"inLanguage\":\"en-US\",\"potentialAction\":[{\"@type\":\"ReadAction\",\"target\":[\"https:\\\/\\\/www.cde.ual.es\\\/en\\\/autumn-vaccination-campaigns-targeting-the-elderly-and-other-high-risk-groups-will-be-key-to-reducing-the-impact-of-covid-19\\\/\"]}]},{\"@type\":\"ImageObject\",\"inLanguage\":\"en-US\",\"@id\":\"https:\\\/\\\/www.cde.ual.es\\\/en\\\/autumn-vaccination-campaigns-targeting-the-elderly-and-other-high-risk-groups-will-be-key-to-reducing-the-impact-of-covid-19\\\/#primaryimage\",\"url\":\"https:\\\/\\\/www.cde.ual.es\\\/wp-content\\\/uploads\\\/2022\\\/07\\\/vacuna-gripe-scaled.jpg\",\"contentUrl\":\"https:\\\/\\\/www.cde.ual.es\\\/wp-content\\\/uploads\\\/2022\\\/07\\\/vacuna-gripe-scaled.jpg\",\"width\":2560,\"height\":1707,\"caption\":\"manos sujetan una jeringuilla y una dosis de una vacuna\"},{\"@type\":\"BreadcrumbList\",\"@id\":\"https:\\\/\\\/www.cde.ual.es\\\/en\\\/autumn-vaccination-campaigns-targeting-the-elderly-and-other-high-risk-groups-will-be-key-to-reducing-the-impact-of-covid-19\\\/#breadcrumb\",\"itemListElement\":[{\"@type\":\"ListItem\",\"position\":1,\"name\":\"Inicio\",\"item\":\"https:\\\/\\\/www.cde.ual.es\\\/en\\\/\"},{\"@type\":\"ListItem\",\"position\":2,\"name\":\"EU News\",\"item\":\"https:\\\/\\\/www.cde.ual.es\\\/en\\\/category\\\/eu-news\\\/\"},{\"@type\":\"ListItem\",\"position\":3,\"name\":\"Health\",\"item\":\"https:\\\/\\\/www.cde.ual.es\\\/en\\\/category\\\/eu-news\\\/health\\\/\"},{\"@type\":\"ListItem\",\"position\":4,\"name\":\"Diseases\",\"item\":\"https:\\\/\\\/www.cde.ual.es\\\/en\\\/category\\\/eu-news\\\/health\\\/diseases\\\/\"},{\"@type\":\"ListItem\",\"position\":5,\"name\":\"Autumn vaccination campaigns targeting the elderly and other high-risk groups will be key to reducing the impact of COVID-19\"}]},{\"@type\":\"WebSite\",\"@id\":\"https:\\\/\\\/www.cde.ual.es\\\/#website\",\"url\":\"https:\\\/\\\/www.cde.ual.es\\\/\",\"name\":\"CDE Almer\u00eda - Centro de Documentaci\u00f3n Europea - Universidad de Almer\u00eda\",\"description\":\"Centro de Documentaci\u00f3n Europea de la Universidad de Almer\u00eda\",\"publisher\":{\"@id\":\"https:\\\/\\\/www.cde.ual.es\\\/#organization\"},\"alternateName\":\"CDE Almer\u00eda\",\"potentialAction\":[{\"@type\":\"SearchAction\",\"target\":{\"@type\":\"EntryPoint\",\"urlTemplate\":\"https:\\\/\\\/www.cde.ual.es\\\/?s={search_term_string}\"},\"query-input\":{\"@type\":\"PropertyValueSpecification\",\"valueRequired\":true,\"valueName\":\"search_term_string\"}}],\"inLanguage\":\"en-US\"},{\"@type\":\"Organization\",\"@id\":\"https:\\\/\\\/www.cde.ual.es\\\/#organization\",\"name\":\"Centro de Documentaci\u00f3n Europea de Almer\u00eda\",\"url\":\"https:\\\/\\\/www.cde.ual.es\\\/\",\"logo\":{\"@type\":\"ImageObject\",\"inLanguage\":\"en-US\",\"@id\":\"https:\\\/\\\/www.cde.ual.es\\\/#\\\/schema\\\/logo\\\/image\\\/\",\"url\":\"https:\\\/\\\/www.cde.ual.es\\\/wp-content\\\/uploads\\\/2025\\\/07\\\/cde-logo-3.png\",\"contentUrl\":\"https:\\\/\\\/www.cde.ual.es\\\/wp-content\\\/uploads\\\/2025\\\/07\\\/cde-logo-3.png\",\"width\":1400,\"height\":300,\"caption\":\"Centro de Documentaci\u00f3n Europea de Almer\u00eda\"},\"image\":{\"@id\":\"https:\\\/\\\/www.cde.ual.es\\\/#\\\/schema\\\/logo\\\/image\\\/\"},\"sameAs\":[\"https:\\\/\\\/www.facebook.com\\\/cdeuniversidadalmeria\\\/\",\"https:\\\/\\\/x.com\\\/cdeualmeria\",\"https:\\\/\\\/www.tiktok.com\\\/@cdealmeria\",\"https:\\\/\\\/www.instagram.com\\\/cdealmeria\\\/\",\"https:\\\/\\\/www.linkedin.com\\\/in\\\/cde-almera-812b26a9\\\/\"]},{\"@type\":\"Person\",\"@id\":\"https:\\\/\\\/www.cde.ual.es\\\/#\\\/schema\\\/person\\\/ee46ebc19edfa19598c02cff83335acc\",\"name\":\"BECA 2 CDE\",\"image\":{\"@type\":\"ImageObject\",\"inLanguage\":\"en-US\",\"@id\":\"https:\\\/\\\/secure.gravatar.com\\\/avatar\\\/35a481bbc04bbd90e91bdfa3b0b5541036c222a49b9ad37b6889a2afcb5311a5?s=96&d=mm&r=g\",\"url\":\"https:\\\/\\\/secure.gravatar.com\\\/avatar\\\/35a481bbc04bbd90e91bdfa3b0b5541036c222a49b9ad37b6889a2afcb5311a5?s=96&d=mm&r=g\",\"contentUrl\":\"https:\\\/\\\/secure.gravatar.com\\\/avatar\\\/35a481bbc04bbd90e91bdfa3b0b5541036c222a49b9ad37b6889a2afcb5311a5?s=96&d=mm&r=g\",\"caption\":\"BECA 2 CDE\"},\"sameAs\":[\"http:\\\/\\\/www.cdealmeria.com\"]}]}<\/script>\n<!-- \/ Yoast SEO plugin. -->","yoast_head_json":{"title":"Autumn vaccination campaigns targeting the elderly and other high-risk groups will be key to reducing the impact of COVID-19 | CDE Almer\u00eda - Centro de Documentaci\u00f3n Europea - Universidad de Almer\u00eda","robots":{"index":"index","follow":"follow","max-snippet":"max-snippet:-1","max-image-preview":"max-image-preview:large","max-video-preview":"max-video-preview:-1"},"canonical":"https:\/\/www.cde.ual.es\/en\/autumn-vaccination-campaigns-targeting-the-elderly-and-other-high-risk-groups-will-be-key-to-reducing-the-impact-of-covid-19\/","og_locale":"en_US","og_type":"article","og_title":"Autumn vaccination campaigns targeting the elderly and other high-risk groups will be key to reducing the impact of COVID-19 | CDE Almer\u00eda - Centro de Documentaci\u00f3n Europea - Universidad de Almer\u00eda","og_description":"According to ECDC surveillance data, with every new wave of COVID-19 infection, individuals in older age groups are more likely to be hospitalised. Data suggest persisting SARS-CoV-2 transmission in EU\/EEA countries and therefore, a continuous risk of severe disease for vulnerable groups. Although no clear seasonal pattern of virus circulation has emerged so far, data [&hellip;]","og_url":"https:\/\/www.cde.ual.es\/en\/autumn-vaccination-campaigns-targeting-the-elderly-and-other-high-risk-groups-will-be-key-to-reducing-the-impact-of-covid-19\/","og_site_name":"CDE Almer\u00eda - Centro de Documentaci\u00f3n Europea - Universidad de Almer\u00eda","article_publisher":"https:\/\/www.facebook.com\/cdeuniversidadalmeria\/","article_published_time":"2023-04-12T01:00:11+00:00","article_modified_time":"2023-04-12T09:14:12+00:00","og_image":[{"width":2560,"height":1707,"url":"https:\/\/www.cde.ual.es\/wp-content\/uploads\/2022\/07\/vacuna-gripe-scaled.jpg","type":"image\/jpeg"}],"author":"BECA 2 CDE","twitter_card":"summary_large_image","twitter_creator":"@cdeualmeria","twitter_site":"@cdeualmeria","twitter_misc":{"Written by":"BECA 2 CDE","Est. reading time":"2 minutes"},"schema":{"@context":"https:\/\/schema.org","@graph":[{"@type":"Article","@id":"https:\/\/www.cde.ual.es\/en\/autumn-vaccination-campaigns-targeting-the-elderly-and-other-high-risk-groups-will-be-key-to-reducing-the-impact-of-covid-19\/#article","isPartOf":{"@id":"https:\/\/www.cde.ual.es\/en\/autumn-vaccination-campaigns-targeting-the-elderly-and-other-high-risk-groups-will-be-key-to-reducing-the-impact-of-covid-19\/"},"author":{"name":"BECA 2 CDE","@id":"https:\/\/www.cde.ual.es\/#\/schema\/person\/ee46ebc19edfa19598c02cff83335acc"},"headline":"Autumn vaccination campaigns targeting the elderly and other high-risk groups will be key to reducing the impact of COVID-19","datePublished":"2023-04-12T01:00:11+00:00","dateModified":"2023-04-12T09:14:12+00:00","mainEntityOfPage":{"@id":"https:\/\/www.cde.ual.es\/en\/autumn-vaccination-campaigns-targeting-the-elderly-and-other-high-risk-groups-will-be-key-to-reducing-the-impact-of-covid-19\/"},"wordCount":325,"commentCount":0,"publisher":{"@id":"https:\/\/www.cde.ual.es\/#organization"},"image":{"@id":"https:\/\/www.cde.ual.es\/en\/autumn-vaccination-campaigns-targeting-the-elderly-and-other-high-risk-groups-will-be-key-to-reducing-the-impact-of-covid-19\/#primaryimage"},"thumbnailUrl":"https:\/\/www.cde.ual.es\/wp-content\/uploads\/2022\/07\/vacuna-gripe-scaled.jpg","keywords":["Covid","disease","EU","health","vaccination"],"articleSection":["Diseases","EU News","Health"],"inLanguage":"en-US","potentialAction":[{"@type":"CommentAction","name":"Comment","target":["https:\/\/www.cde.ual.es\/en\/autumn-vaccination-campaigns-targeting-the-elderly-and-other-high-risk-groups-will-be-key-to-reducing-the-impact-of-covid-19\/#respond"]}]},{"@type":"WebPage","@id":"https:\/\/www.cde.ual.es\/en\/autumn-vaccination-campaigns-targeting-the-elderly-and-other-high-risk-groups-will-be-key-to-reducing-the-impact-of-covid-19\/","url":"https:\/\/www.cde.ual.es\/en\/autumn-vaccination-campaigns-targeting-the-elderly-and-other-high-risk-groups-will-be-key-to-reducing-the-impact-of-covid-19\/","name":"Autumn vaccination campaigns targeting the elderly and other high-risk groups will be key to reducing the impact of COVID-19 | CDE Almer\u00eda - Centro de Documentaci\u00f3n Europea - Universidad de Almer\u00eda","isPartOf":{"@id":"https:\/\/www.cde.ual.es\/#website"},"primaryImageOfPage":{"@id":"https:\/\/www.cde.ual.es\/en\/autumn-vaccination-campaigns-targeting-the-elderly-and-other-high-risk-groups-will-be-key-to-reducing-the-impact-of-covid-19\/#primaryimage"},"image":{"@id":"https:\/\/www.cde.ual.es\/en\/autumn-vaccination-campaigns-targeting-the-elderly-and-other-high-risk-groups-will-be-key-to-reducing-the-impact-of-covid-19\/#primaryimage"},"thumbnailUrl":"https:\/\/www.cde.ual.es\/wp-content\/uploads\/2022\/07\/vacuna-gripe-scaled.jpg","datePublished":"2023-04-12T01:00:11+00:00","dateModified":"2023-04-12T09:14:12+00:00","breadcrumb":{"@id":"https:\/\/www.cde.ual.es\/en\/autumn-vaccination-campaigns-targeting-the-elderly-and-other-high-risk-groups-will-be-key-to-reducing-the-impact-of-covid-19\/#breadcrumb"},"inLanguage":"en-US","potentialAction":[{"@type":"ReadAction","target":["https:\/\/www.cde.ual.es\/en\/autumn-vaccination-campaigns-targeting-the-elderly-and-other-high-risk-groups-will-be-key-to-reducing-the-impact-of-covid-19\/"]}]},{"@type":"ImageObject","inLanguage":"en-US","@id":"https:\/\/www.cde.ual.es\/en\/autumn-vaccination-campaigns-targeting-the-elderly-and-other-high-risk-groups-will-be-key-to-reducing-the-impact-of-covid-19\/#primaryimage","url":"https:\/\/www.cde.ual.es\/wp-content\/uploads\/2022\/07\/vacuna-gripe-scaled.jpg","contentUrl":"https:\/\/www.cde.ual.es\/wp-content\/uploads\/2022\/07\/vacuna-gripe-scaled.jpg","width":2560,"height":1707,"caption":"manos sujetan una jeringuilla y una dosis de una vacuna"},{"@type":"BreadcrumbList","@id":"https:\/\/www.cde.ual.es\/en\/autumn-vaccination-campaigns-targeting-the-elderly-and-other-high-risk-groups-will-be-key-to-reducing-the-impact-of-covid-19\/#breadcrumb","itemListElement":[{"@type":"ListItem","position":1,"name":"Inicio","item":"https:\/\/www.cde.ual.es\/en\/"},{"@type":"ListItem","position":2,"name":"EU News","item":"https:\/\/www.cde.ual.es\/en\/category\/eu-news\/"},{"@type":"ListItem","position":3,"name":"Health","item":"https:\/\/www.cde.ual.es\/en\/category\/eu-news\/health\/"},{"@type":"ListItem","position":4,"name":"Diseases","item":"https:\/\/www.cde.ual.es\/en\/category\/eu-news\/health\/diseases\/"},{"@type":"ListItem","position":5,"name":"Autumn vaccination campaigns targeting the elderly and other high-risk groups will be key to reducing the impact of COVID-19"}]},{"@type":"WebSite","@id":"https:\/\/www.cde.ual.es\/#website","url":"https:\/\/www.cde.ual.es\/","name":"CDE Almer\u00eda - Centro de Documentaci\u00f3n Europea - Universidad de Almer\u00eda","description":"Centro de Documentaci\u00f3n Europea de la Universidad de Almer\u00eda","publisher":{"@id":"https:\/\/www.cde.ual.es\/#organization"},"alternateName":"CDE Almer\u00eda","potentialAction":[{"@type":"SearchAction","target":{"@type":"EntryPoint","urlTemplate":"https:\/\/www.cde.ual.es\/?s={search_term_string}"},"query-input":{"@type":"PropertyValueSpecification","valueRequired":true,"valueName":"search_term_string"}}],"inLanguage":"en-US"},{"@type":"Organization","@id":"https:\/\/www.cde.ual.es\/#organization","name":"Centro de Documentaci\u00f3n Europea de Almer\u00eda","url":"https:\/\/www.cde.ual.es\/","logo":{"@type":"ImageObject","inLanguage":"en-US","@id":"https:\/\/www.cde.ual.es\/#\/schema\/logo\/image\/","url":"https:\/\/www.cde.ual.es\/wp-content\/uploads\/2025\/07\/cde-logo-3.png","contentUrl":"https:\/\/www.cde.ual.es\/wp-content\/uploads\/2025\/07\/cde-logo-3.png","width":1400,"height":300,"caption":"Centro de Documentaci\u00f3n Europea de Almer\u00eda"},"image":{"@id":"https:\/\/www.cde.ual.es\/#\/schema\/logo\/image\/"},"sameAs":["https:\/\/www.facebook.com\/cdeuniversidadalmeria\/","https:\/\/x.com\/cdeualmeria","https:\/\/www.tiktok.com\/@cdealmeria","https:\/\/www.instagram.com\/cdealmeria\/","https:\/\/www.linkedin.com\/in\/cde-almera-812b26a9\/"]},{"@type":"Person","@id":"https:\/\/www.cde.ual.es\/#\/schema\/person\/ee46ebc19edfa19598c02cff83335acc","name":"BECA 2 CDE","image":{"@type":"ImageObject","inLanguage":"en-US","@id":"https:\/\/secure.gravatar.com\/avatar\/35a481bbc04bbd90e91bdfa3b0b5541036c222a49b9ad37b6889a2afcb5311a5?s=96&d=mm&r=g","url":"https:\/\/secure.gravatar.com\/avatar\/35a481bbc04bbd90e91bdfa3b0b5541036c222a49b9ad37b6889a2afcb5311a5?s=96&d=mm&r=g","contentUrl":"https:\/\/secure.gravatar.com\/avatar\/35a481bbc04bbd90e91bdfa3b0b5541036c222a49b9ad37b6889a2afcb5311a5?s=96&d=mm&r=g","caption":"BECA 2 CDE"},"sameAs":["http:\/\/www.cdealmeria.com"]}]}},"_links":{"self":[{"href":"https:\/\/www.cde.ual.es\/en\/wp-json\/wp\/v2\/posts\/133044","targetHints":{"allow":["GET"]}}],"collection":[{"href":"https:\/\/www.cde.ual.es\/en\/wp-json\/wp\/v2\/posts"}],"about":[{"href":"https:\/\/www.cde.ual.es\/en\/wp-json\/wp\/v2\/types\/post"}],"author":[{"embeddable":true,"href":"https:\/\/www.cde.ual.es\/en\/wp-json\/wp\/v2\/users\/101011"}],"replies":[{"embeddable":true,"href":"https:\/\/www.cde.ual.es\/en\/wp-json\/wp\/v2\/comments?post=133044"}],"version-history":[{"count":1,"href":"https:\/\/www.cde.ual.es\/en\/wp-json\/wp\/v2\/posts\/133044\/revisions"}],"predecessor-version":[{"id":133065,"href":"https:\/\/www.cde.ual.es\/en\/wp-json\/wp\/v2\/posts\/133044\/revisions\/133065"}],"wp:featuredmedia":[{"embeddable":true,"href":"https:\/\/www.cde.ual.es\/en\/wp-json\/wp\/v2\/media\/116368"}],"wp:attachment":[{"href":"https:\/\/www.cde.ual.es\/en\/wp-json\/wp\/v2\/media?parent=133044"}],"wp:term":[{"taxonomy":"category","embeddable":true,"href":"https:\/\/www.cde.ual.es\/en\/wp-json\/wp\/v2\/categories?post=133044"},{"taxonomy":"post_tag","embeddable":true,"href":"https:\/\/www.cde.ual.es\/en\/wp-json\/wp\/v2\/tags?post=133044"}],"curies":[{"name":"wp","href":"https:\/\/api.w.org\/{rel}","templated":true}]}}