{"id":132864,"date":"2023-04-10T11:03:14","date_gmt":"2023-04-10T09:03:14","guid":{"rendered":"https:\/\/www.cde.ual.es\/?p=132864"},"modified":"2023-04-10T11:03:14","modified_gmt":"2023-04-10T09:03:14","slug":"statement-by-president-von-der-leyen-after-the-trilateral-meeting-with-the-president-of-the-peoples-republic-of-china","status":"publish","type":"post","link":"https:\/\/www.cde.ual.es\/en\/statement-by-president-von-der-leyen-after-the-trilateral-meeting-with-the-president-of-the-peoples-republic-of-china\/","title":{"rendered":"Statement by President von der Leyen after the trilateral meeting with the President of the People&#8217;s Republic of China"},"content":{"rendered":"<section id=\"inline-nav-1\">\n<div class=\"ecl-paragraph\">\n<p><a href=\"https:\/\/www.cde.ual.es\/wp-content\/uploads\/2023\/04\/Reunion-Trilateral.jpg\"><img decoding=\"async\" class=\"size-large wp-image-132865 aligncenter\" src=\"https:\/\/www.cde.ual.es\/wp-content\/uploads\/2023\/04\/Reunion-Trilateral-1024x683.jpg\" alt=\"\" width=\"1024\" height=\"683\" srcset=\"https:\/\/www.cde.ual.es\/wp-content\/uploads\/2023\/04\/Reunion-Trilateral-1024x683.jpg 1024w, https:\/\/www.cde.ual.es\/wp-content\/uploads\/2023\/04\/Reunion-Trilateral-300x200.jpg 300w, https:\/\/www.cde.ual.es\/wp-content\/uploads\/2023\/04\/Reunion-Trilateral-768x512.jpg 768w, https:\/\/www.cde.ual.es\/wp-content\/uploads\/2023\/04\/Reunion-Trilateral-1536x1025.jpg 1536w, https:\/\/www.cde.ual.es\/wp-content\/uploads\/2023\/04\/Reunion-Trilateral.jpg 2048w\" sizes=\"(max-width: 1024px) 100vw, 1024px\" \/><\/a><\/p>\n<p style=\"text-align: justify;\">Thank you, President Xi,<\/p>\n<p style=\"text-align: justify;\">This is my second visit to Beijing, but in my family, China, and especially the province of Anhui, played a role. When I was young, my father, as Prime Minister of Lower Saxony, secured the first agreement with the province of Anhui and Lower-Saxony. And this partnership continues to flourish today.<\/p>\n<p style=\"text-align: justify;\">I would like to thank you for an entire day of high-ranking, high-level talk, beginning this morning with Prime Minister Li, and our trilateral meeting this afternoon with President Macron; and now this opportunity to continue frank and open discussions on key issues in the European Union-China relations.<\/p>\n<p><iframe id=\"videoplayer\" title=\"European Commission President Ursula von der LEYEN in China\" src=\"https:\/\/audiovisual.ec.europa.eu\/embed\/index.html?ref=I-239781&amp;lg=INT\" width=\"852\" height=\"480\" frameborder=\"0\" scrolling=\"no\" allowfullscreen=\"allowfullscreen\"><\/iframe><\/p>\n<p style=\"text-align: justify;\">We discussed in detail the European approach to de-risk, not to de-couple. We exchanged views on the Russian war in Ukraine \u2013 Ukraine a country that is defending its sovereignty and territorial integrity. There needs to be a just peace and full respect of the UN Charter and international law. And both, the European Union and China, we can contribute.<\/p>\n<p style=\"text-align: justify;\">And finally, on global climate change we agreed to cooperate closely the preparation of COP28. Climate change remains the overarching global challenge that we can only master by working very closely together. Therefore, I am very much looking forward to our trilateral meeting.<\/p>\n<p style=\"text-align: justify;\"><strong>More information: <a href=\"https:\/\/ec.europa.eu\/commission\/presscorner\/detail\/en\/statement_23_2161\">European Commission<\/a><\/strong><\/p>\n<\/div>\n<\/section>\n","protected":false},"excerpt":{"rendered":"<p>Thank you, President Xi, This is my second visit to Beijing, but in my family, China, and especially the province of Anhui, played a role. When I was young, my father, as Prime Minister of Lower Saxony, secured the first agreement with the province of Anhui and Lower-Saxony. And this partnership continues to flourish today. [&hellip;]<\/p>\n","protected":false},"author":1,"featured_media":132865,"comment_status":"open","ping_status":"open","sticky":false,"template":"","format":"standard","meta":{"_acf_changed":false,"_relevanssi_hide_post":"","_relevanssi_hide_content":"","_relevanssi_pin_for_all":"","_relevanssi_pin_keywords":"","_relevanssi_unpin_keywords":"","_relevanssi_related_keywords":"","_relevanssi_related_include_ids":"","_relevanssi_related_exclude_ids":"","_relevanssi_related_no_append":"","_relevanssi_related_not_related":"","_relevanssi_related_posts":"","_relevanssi_noindex_reason":"","_monsterinsights_skip_tracking":false,"_monsterinsights_sitenote_active":false,"_monsterinsights_sitenote_note":"","_monsterinsights_sitenote_category":0,"_genesis_hide_title":false,"_genesis_hide_breadcrumbs":false,"_genesis_hide_singular_image":false,"_genesis_hide_footer_widgets":false,"_genesis_custom_body_class":"","_genesis_custom_post_class":"","_genesis_layout":"","footnotes":""},"categories":[346,4064,4065],"tags":[441,368,811,872,8967,8966,5005],"class_list":{"0":"post-132864","1":"post","2":"type-post","3":"status-publish","4":"format-standard","5":"has-post-thumbnail","7":"category-eu-news","8":"category-institutional","9":"category-international-pol-coop","10":"tag-china-en","11":"tag-european-union","12":"tag-france","13":"tag-meeting","14":"tag-russian-war","15":"tag-trilateral-meeting","16":"tag-ukraine","17":"entry"},"acf":[],"yoast_head":"<!-- This site is optimized with the Yoast SEO plugin v27.4 - https:\/\/yoast.com\/product\/yoast-seo-wordpress\/ -->\n<title>Statement by President von der Leyen after the trilateral meeting with the President of the People&#039;s Republic of China | CDE Almer\u00eda - Centro de Documentaci\u00f3n Europea - Universidad de Almer\u00eda<\/title>\n<meta name=\"robots\" content=\"index, follow, max-snippet:-1, max-image-preview:large, max-video-preview:-1\" \/>\n<link rel=\"canonical\" href=\"https:\/\/www.cde.ual.es\/en\/statement-by-president-von-der-leyen-after-the-trilateral-meeting-with-the-president-of-the-peoples-republic-of-china\/\" \/>\n<meta property=\"og:locale\" content=\"en_US\" \/>\n<meta property=\"og:type\" content=\"article\" \/>\n<meta property=\"og:title\" content=\"Statement by President von der Leyen after the trilateral meeting with the President of the People&#039;s Republic of China | CDE Almer\u00eda - Centro de Documentaci\u00f3n Europea - Universidad de Almer\u00eda\" \/>\n<meta property=\"og:description\" content=\"Thank you, President Xi, This is my second visit to Beijing, but in my family, China, and especially the province of Anhui, played a role. When I was young, my father, as Prime Minister of Lower Saxony, secured the first agreement with the province of Anhui and Lower-Saxony. And this partnership continues to flourish today. [&hellip;]\" \/>\n<meta property=\"og:url\" content=\"https:\/\/www.cde.ual.es\/en\/statement-by-president-von-der-leyen-after-the-trilateral-meeting-with-the-president-of-the-peoples-republic-of-china\/\" \/>\n<meta property=\"og:site_name\" content=\"CDE Almer\u00eda - Centro de Documentaci\u00f3n Europea - Universidad de Almer\u00eda\" \/>\n<meta property=\"article:publisher\" content=\"https:\/\/www.facebook.com\/cdeuniversidadalmeria\/\" \/>\n<meta property=\"article:published_time\" content=\"2023-04-10T09:03:14+00:00\" \/>\n<meta property=\"og:image\" content=\"https:\/\/www.cde.ual.es\/wp-content\/uploads\/2023\/04\/Reunion-Trilateral.jpg\" \/>\n\t<meta property=\"og:image:width\" content=\"2048\" \/>\n\t<meta property=\"og:image:height\" content=\"1366\" \/>\n\t<meta property=\"og:image:type\" content=\"image\/jpeg\" \/>\n<meta name=\"author\" content=\"AdminCDE\" \/>\n<meta name=\"twitter:card\" content=\"summary_large_image\" \/>\n<meta name=\"twitter:creator\" content=\"@cdeualmeria\" \/>\n<meta name=\"twitter:site\" content=\"@cdeualmeria\" \/>\n<meta name=\"twitter:label1\" content=\"Written by\" \/>\n\t<meta name=\"twitter:data1\" content=\"AdminCDE\" \/>\n\t<meta name=\"twitter:label2\" content=\"Est. reading time\" \/>\n\t<meta name=\"twitter:data2\" content=\"2 minutes\" \/>\n<script type=\"application\/ld+json\" class=\"yoast-schema-graph\">{\"@context\":\"https:\\\/\\\/schema.org\",\"@graph\":[{\"@type\":\"Article\",\"@id\":\"https:\\\/\\\/www.cde.ual.es\\\/en\\\/statement-by-president-von-der-leyen-after-the-trilateral-meeting-with-the-president-of-the-peoples-republic-of-china\\\/#article\",\"isPartOf\":{\"@id\":\"https:\\\/\\\/www.cde.ual.es\\\/en\\\/statement-by-president-von-der-leyen-after-the-trilateral-meeting-with-the-president-of-the-peoples-republic-of-china\\\/\"},\"author\":{\"name\":\"AdminCDE\",\"@id\":\"https:\\\/\\\/www.cde.ual.es\\\/#\\\/schema\\\/person\\\/224ef08c8bcc005f319d2713ce37ee5f\"},\"headline\":\"Statement by President von der Leyen after the trilateral meeting with the President of the People&#8217;s Republic of China\",\"datePublished\":\"2023-04-10T09:03:14+00:00\",\"mainEntityOfPage\":{\"@id\":\"https:\\\/\\\/www.cde.ual.es\\\/en\\\/statement-by-president-von-der-leyen-after-the-trilateral-meeting-with-the-president-of-the-peoples-republic-of-china\\\/\"},\"wordCount\":229,\"commentCount\":0,\"publisher\":{\"@id\":\"https:\\\/\\\/www.cde.ual.es\\\/#organization\"},\"image\":{\"@id\":\"https:\\\/\\\/www.cde.ual.es\\\/en\\\/statement-by-president-von-der-leyen-after-the-trilateral-meeting-with-the-president-of-the-peoples-republic-of-china\\\/#primaryimage\"},\"thumbnailUrl\":\"https:\\\/\\\/www.cde.ual.es\\\/wp-content\\\/uploads\\\/2023\\\/04\\\/Reunion-Trilateral.jpg\",\"keywords\":[\"China\",\"European Union\",\"France\",\"meeting\",\"Russian war\",\"trilateral meeting\",\"ukraine\"],\"articleSection\":[\"EU News\",\"Institutional Affairs\",\"International Politics and Cooperation\"],\"inLanguage\":\"en-US\",\"potentialAction\":[{\"@type\":\"CommentAction\",\"name\":\"Comment\",\"target\":[\"https:\\\/\\\/www.cde.ual.es\\\/en\\\/statement-by-president-von-der-leyen-after-the-trilateral-meeting-with-the-president-of-the-peoples-republic-of-china\\\/#respond\"]}]},{\"@type\":\"WebPage\",\"@id\":\"https:\\\/\\\/www.cde.ual.es\\\/en\\\/statement-by-president-von-der-leyen-after-the-trilateral-meeting-with-the-president-of-the-peoples-republic-of-china\\\/\",\"url\":\"https:\\\/\\\/www.cde.ual.es\\\/en\\\/statement-by-president-von-der-leyen-after-the-trilateral-meeting-with-the-president-of-the-peoples-republic-of-china\\\/\",\"name\":\"Statement by President von der Leyen after the trilateral meeting with the President of the People's Republic of China | CDE Almer\u00eda - Centro de Documentaci\u00f3n Europea - Universidad de Almer\u00eda\",\"isPartOf\":{\"@id\":\"https:\\\/\\\/www.cde.ual.es\\\/#website\"},\"primaryImageOfPage\":{\"@id\":\"https:\\\/\\\/www.cde.ual.es\\\/en\\\/statement-by-president-von-der-leyen-after-the-trilateral-meeting-with-the-president-of-the-peoples-republic-of-china\\\/#primaryimage\"},\"image\":{\"@id\":\"https:\\\/\\\/www.cde.ual.es\\\/en\\\/statement-by-president-von-der-leyen-after-the-trilateral-meeting-with-the-president-of-the-peoples-republic-of-china\\\/#primaryimage\"},\"thumbnailUrl\":\"https:\\\/\\\/www.cde.ual.es\\\/wp-content\\\/uploads\\\/2023\\\/04\\\/Reunion-Trilateral.jpg\",\"datePublished\":\"2023-04-10T09:03:14+00:00\",\"breadcrumb\":{\"@id\":\"https:\\\/\\\/www.cde.ual.es\\\/en\\\/statement-by-president-von-der-leyen-after-the-trilateral-meeting-with-the-president-of-the-peoples-republic-of-china\\\/#breadcrumb\"},\"inLanguage\":\"en-US\",\"potentialAction\":[{\"@type\":\"ReadAction\",\"target\":[\"https:\\\/\\\/www.cde.ual.es\\\/en\\\/statement-by-president-von-der-leyen-after-the-trilateral-meeting-with-the-president-of-the-peoples-republic-of-china\\\/\"]}]},{\"@type\":\"ImageObject\",\"inLanguage\":\"en-US\",\"@id\":\"https:\\\/\\\/www.cde.ual.es\\\/en\\\/statement-by-president-von-der-leyen-after-the-trilateral-meeting-with-the-president-of-the-peoples-republic-of-china\\\/#primaryimage\",\"url\":\"https:\\\/\\\/www.cde.ual.es\\\/wp-content\\\/uploads\\\/2023\\\/04\\\/Reunion-Trilateral.jpg\",\"contentUrl\":\"https:\\\/\\\/www.cde.ual.es\\\/wp-content\\\/uploads\\\/2023\\\/04\\\/Reunion-Trilateral.jpg\",\"width\":2048,\"height\":1366},{\"@type\":\"BreadcrumbList\",\"@id\":\"https:\\\/\\\/www.cde.ual.es\\\/en\\\/statement-by-president-von-der-leyen-after-the-trilateral-meeting-with-the-president-of-the-peoples-republic-of-china\\\/#breadcrumb\",\"itemListElement\":[{\"@type\":\"ListItem\",\"position\":1,\"name\":\"Inicio\",\"item\":\"https:\\\/\\\/www.cde.ual.es\\\/en\\\/\"},{\"@type\":\"ListItem\",\"position\":2,\"name\":\"EU News\",\"item\":\"https:\\\/\\\/www.cde.ual.es\\\/en\\\/category\\\/eu-news\\\/\"},{\"@type\":\"ListItem\",\"position\":3,\"name\":\"Institutional Affairs\",\"item\":\"https:\\\/\\\/www.cde.ual.es\\\/en\\\/category\\\/eu-news\\\/institutional\\\/\"},{\"@type\":\"ListItem\",\"position\":4,\"name\":\"International Politics and Cooperation\",\"item\":\"https:\\\/\\\/www.cde.ual.es\\\/en\\\/category\\\/eu-news\\\/institutional\\\/international-pol-coop\\\/\"},{\"@type\":\"ListItem\",\"position\":5,\"name\":\"Statement by President von der Leyen after the trilateral meeting with the President of the People&#8217;s Republic of China\"}]},{\"@type\":\"WebSite\",\"@id\":\"https:\\\/\\\/www.cde.ual.es\\\/#website\",\"url\":\"https:\\\/\\\/www.cde.ual.es\\\/\",\"name\":\"CDE Almer\u00eda - Centro de Documentaci\u00f3n Europea - Universidad de Almer\u00eda\",\"description\":\"Centro de Documentaci\u00f3n Europea de la Universidad de Almer\u00eda\",\"publisher\":{\"@id\":\"https:\\\/\\\/www.cde.ual.es\\\/#organization\"},\"alternateName\":\"CDE Almer\u00eda\",\"potentialAction\":[{\"@type\":\"SearchAction\",\"target\":{\"@type\":\"EntryPoint\",\"urlTemplate\":\"https:\\\/\\\/www.cde.ual.es\\\/?s={search_term_string}\"},\"query-input\":{\"@type\":\"PropertyValueSpecification\",\"valueRequired\":true,\"valueName\":\"search_term_string\"}}],\"inLanguage\":\"en-US\"},{\"@type\":\"Organization\",\"@id\":\"https:\\\/\\\/www.cde.ual.es\\\/#organization\",\"name\":\"Centro de Documentaci\u00f3n Europea de Almer\u00eda\",\"url\":\"https:\\\/\\\/www.cde.ual.es\\\/\",\"logo\":{\"@type\":\"ImageObject\",\"inLanguage\":\"en-US\",\"@id\":\"https:\\\/\\\/www.cde.ual.es\\\/#\\\/schema\\\/logo\\\/image\\\/\",\"url\":\"https:\\\/\\\/www.cde.ual.es\\\/wp-content\\\/uploads\\\/2025\\\/07\\\/cde-logo-3.png\",\"contentUrl\":\"https:\\\/\\\/www.cde.ual.es\\\/wp-content\\\/uploads\\\/2025\\\/07\\\/cde-logo-3.png\",\"width\":1400,\"height\":300,\"caption\":\"Centro de Documentaci\u00f3n Europea de Almer\u00eda\"},\"image\":{\"@id\":\"https:\\\/\\\/www.cde.ual.es\\\/#\\\/schema\\\/logo\\\/image\\\/\"},\"sameAs\":[\"https:\\\/\\\/www.facebook.com\\\/cdeuniversidadalmeria\\\/\",\"https:\\\/\\\/x.com\\\/cdeualmeria\",\"https:\\\/\\\/www.tiktok.com\\\/@cdealmeria\",\"https:\\\/\\\/www.instagram.com\\\/cdealmeria\\\/\",\"https:\\\/\\\/www.linkedin.com\\\/in\\\/cde-almera-812b26a9\\\/\"]},{\"@type\":\"Person\",\"@id\":\"https:\\\/\\\/www.cde.ual.es\\\/#\\\/schema\\\/person\\\/224ef08c8bcc005f319d2713ce37ee5f\",\"name\":\"AdminCDE\",\"image\":{\"@type\":\"ImageObject\",\"inLanguage\":\"en-US\",\"@id\":\"https:\\\/\\\/secure.gravatar.com\\\/avatar\\\/a72d038d371f995cd13706fac32274b7952a52e8fb0a84b5f80c85426f2a98a8?s=96&d=mm&r=g\",\"url\":\"https:\\\/\\\/secure.gravatar.com\\\/avatar\\\/a72d038d371f995cd13706fac32274b7952a52e8fb0a84b5f80c85426f2a98a8?s=96&d=mm&r=g\",\"contentUrl\":\"https:\\\/\\\/secure.gravatar.com\\\/avatar\\\/a72d038d371f995cd13706fac32274b7952a52e8fb0a84b5f80c85426f2a98a8?s=96&d=mm&r=g\",\"caption\":\"AdminCDE\"}}]}<\/script>\n<!-- \/ Yoast SEO plugin. -->","yoast_head_json":{"title":"Statement by President von der Leyen after the trilateral meeting with the President of the People's Republic of China | CDE Almer\u00eda - Centro de Documentaci\u00f3n Europea - Universidad de Almer\u00eda","robots":{"index":"index","follow":"follow","max-snippet":"max-snippet:-1","max-image-preview":"max-image-preview:large","max-video-preview":"max-video-preview:-1"},"canonical":"https:\/\/www.cde.ual.es\/en\/statement-by-president-von-der-leyen-after-the-trilateral-meeting-with-the-president-of-the-peoples-republic-of-china\/","og_locale":"en_US","og_type":"article","og_title":"Statement by President von der Leyen after the trilateral meeting with the President of the People's Republic of China | CDE Almer\u00eda - Centro de Documentaci\u00f3n Europea - Universidad de Almer\u00eda","og_description":"Thank you, President Xi, This is my second visit to Beijing, but in my family, China, and especially the province of Anhui, played a role. When I was young, my father, as Prime Minister of Lower Saxony, secured the first agreement with the province of Anhui and Lower-Saxony. And this partnership continues to flourish today. [&hellip;]","og_url":"https:\/\/www.cde.ual.es\/en\/statement-by-president-von-der-leyen-after-the-trilateral-meeting-with-the-president-of-the-peoples-republic-of-china\/","og_site_name":"CDE Almer\u00eda - Centro de Documentaci\u00f3n Europea - Universidad de Almer\u00eda","article_publisher":"https:\/\/www.facebook.com\/cdeuniversidadalmeria\/","article_published_time":"2023-04-10T09:03:14+00:00","og_image":[{"width":2048,"height":1366,"url":"https:\/\/www.cde.ual.es\/wp-content\/uploads\/2023\/04\/Reunion-Trilateral.jpg","type":"image\/jpeg"}],"author":"AdminCDE","twitter_card":"summary_large_image","twitter_creator":"@cdeualmeria","twitter_site":"@cdeualmeria","twitter_misc":{"Written by":"AdminCDE","Est. reading time":"2 minutes"},"schema":{"@context":"https:\/\/schema.org","@graph":[{"@type":"Article","@id":"https:\/\/www.cde.ual.es\/en\/statement-by-president-von-der-leyen-after-the-trilateral-meeting-with-the-president-of-the-peoples-republic-of-china\/#article","isPartOf":{"@id":"https:\/\/www.cde.ual.es\/en\/statement-by-president-von-der-leyen-after-the-trilateral-meeting-with-the-president-of-the-peoples-republic-of-china\/"},"author":{"name":"AdminCDE","@id":"https:\/\/www.cde.ual.es\/#\/schema\/person\/224ef08c8bcc005f319d2713ce37ee5f"},"headline":"Statement by President von der Leyen after the trilateral meeting with the President of the People&#8217;s Republic of China","datePublished":"2023-04-10T09:03:14+00:00","mainEntityOfPage":{"@id":"https:\/\/www.cde.ual.es\/en\/statement-by-president-von-der-leyen-after-the-trilateral-meeting-with-the-president-of-the-peoples-republic-of-china\/"},"wordCount":229,"commentCount":0,"publisher":{"@id":"https:\/\/www.cde.ual.es\/#organization"},"image":{"@id":"https:\/\/www.cde.ual.es\/en\/statement-by-president-von-der-leyen-after-the-trilateral-meeting-with-the-president-of-the-peoples-republic-of-china\/#primaryimage"},"thumbnailUrl":"https:\/\/www.cde.ual.es\/wp-content\/uploads\/2023\/04\/Reunion-Trilateral.jpg","keywords":["China","European Union","France","meeting","Russian war","trilateral meeting","ukraine"],"articleSection":["EU News","Institutional Affairs","International Politics and Cooperation"],"inLanguage":"en-US","potentialAction":[{"@type":"CommentAction","name":"Comment","target":["https:\/\/www.cde.ual.es\/en\/statement-by-president-von-der-leyen-after-the-trilateral-meeting-with-the-president-of-the-peoples-republic-of-china\/#respond"]}]},{"@type":"WebPage","@id":"https:\/\/www.cde.ual.es\/en\/statement-by-president-von-der-leyen-after-the-trilateral-meeting-with-the-president-of-the-peoples-republic-of-china\/","url":"https:\/\/www.cde.ual.es\/en\/statement-by-president-von-der-leyen-after-the-trilateral-meeting-with-the-president-of-the-peoples-republic-of-china\/","name":"Statement by President von der Leyen after the trilateral meeting with the President of the People's Republic of China | CDE Almer\u00eda - Centro de Documentaci\u00f3n Europea - Universidad de Almer\u00eda","isPartOf":{"@id":"https:\/\/www.cde.ual.es\/#website"},"primaryImageOfPage":{"@id":"https:\/\/www.cde.ual.es\/en\/statement-by-president-von-der-leyen-after-the-trilateral-meeting-with-the-president-of-the-peoples-republic-of-china\/#primaryimage"},"image":{"@id":"https:\/\/www.cde.ual.es\/en\/statement-by-president-von-der-leyen-after-the-trilateral-meeting-with-the-president-of-the-peoples-republic-of-china\/#primaryimage"},"thumbnailUrl":"https:\/\/www.cde.ual.es\/wp-content\/uploads\/2023\/04\/Reunion-Trilateral.jpg","datePublished":"2023-04-10T09:03:14+00:00","breadcrumb":{"@id":"https:\/\/www.cde.ual.es\/en\/statement-by-president-von-der-leyen-after-the-trilateral-meeting-with-the-president-of-the-peoples-republic-of-china\/#breadcrumb"},"inLanguage":"en-US","potentialAction":[{"@type":"ReadAction","target":["https:\/\/www.cde.ual.es\/en\/statement-by-president-von-der-leyen-after-the-trilateral-meeting-with-the-president-of-the-peoples-republic-of-china\/"]}]},{"@type":"ImageObject","inLanguage":"en-US","@id":"https:\/\/www.cde.ual.es\/en\/statement-by-president-von-der-leyen-after-the-trilateral-meeting-with-the-president-of-the-peoples-republic-of-china\/#primaryimage","url":"https:\/\/www.cde.ual.es\/wp-content\/uploads\/2023\/04\/Reunion-Trilateral.jpg","contentUrl":"https:\/\/www.cde.ual.es\/wp-content\/uploads\/2023\/04\/Reunion-Trilateral.jpg","width":2048,"height":1366},{"@type":"BreadcrumbList","@id":"https:\/\/www.cde.ual.es\/en\/statement-by-president-von-der-leyen-after-the-trilateral-meeting-with-the-president-of-the-peoples-republic-of-china\/#breadcrumb","itemListElement":[{"@type":"ListItem","position":1,"name":"Inicio","item":"https:\/\/www.cde.ual.es\/en\/"},{"@type":"ListItem","position":2,"name":"EU News","item":"https:\/\/www.cde.ual.es\/en\/category\/eu-news\/"},{"@type":"ListItem","position":3,"name":"Institutional Affairs","item":"https:\/\/www.cde.ual.es\/en\/category\/eu-news\/institutional\/"},{"@type":"ListItem","position":4,"name":"International Politics and Cooperation","item":"https:\/\/www.cde.ual.es\/en\/category\/eu-news\/institutional\/international-pol-coop\/"},{"@type":"ListItem","position":5,"name":"Statement by President von der Leyen after the trilateral meeting with the President of the People&#8217;s Republic of China"}]},{"@type":"WebSite","@id":"https:\/\/www.cde.ual.es\/#website","url":"https:\/\/www.cde.ual.es\/","name":"CDE Almer\u00eda - Centro de Documentaci\u00f3n Europea - Universidad de Almer\u00eda","description":"Centro de Documentaci\u00f3n Europea de la Universidad de Almer\u00eda","publisher":{"@id":"https:\/\/www.cde.ual.es\/#organization"},"alternateName":"CDE Almer\u00eda","potentialAction":[{"@type":"SearchAction","target":{"@type":"EntryPoint","urlTemplate":"https:\/\/www.cde.ual.es\/?s={search_term_string}"},"query-input":{"@type":"PropertyValueSpecification","valueRequired":true,"valueName":"search_term_string"}}],"inLanguage":"en-US"},{"@type":"Organization","@id":"https:\/\/www.cde.ual.es\/#organization","name":"Centro de Documentaci\u00f3n Europea de Almer\u00eda","url":"https:\/\/www.cde.ual.es\/","logo":{"@type":"ImageObject","inLanguage":"en-US","@id":"https:\/\/www.cde.ual.es\/#\/schema\/logo\/image\/","url":"https:\/\/www.cde.ual.es\/wp-content\/uploads\/2025\/07\/cde-logo-3.png","contentUrl":"https:\/\/www.cde.ual.es\/wp-content\/uploads\/2025\/07\/cde-logo-3.png","width":1400,"height":300,"caption":"Centro de Documentaci\u00f3n Europea de Almer\u00eda"},"image":{"@id":"https:\/\/www.cde.ual.es\/#\/schema\/logo\/image\/"},"sameAs":["https:\/\/www.facebook.com\/cdeuniversidadalmeria\/","https:\/\/x.com\/cdeualmeria","https:\/\/www.tiktok.com\/@cdealmeria","https:\/\/www.instagram.com\/cdealmeria\/","https:\/\/www.linkedin.com\/in\/cde-almera-812b26a9\/"]},{"@type":"Person","@id":"https:\/\/www.cde.ual.es\/#\/schema\/person\/224ef08c8bcc005f319d2713ce37ee5f","name":"AdminCDE","image":{"@type":"ImageObject","inLanguage":"en-US","@id":"https:\/\/secure.gravatar.com\/avatar\/a72d038d371f995cd13706fac32274b7952a52e8fb0a84b5f80c85426f2a98a8?s=96&d=mm&r=g","url":"https:\/\/secure.gravatar.com\/avatar\/a72d038d371f995cd13706fac32274b7952a52e8fb0a84b5f80c85426f2a98a8?s=96&d=mm&r=g","contentUrl":"https:\/\/secure.gravatar.com\/avatar\/a72d038d371f995cd13706fac32274b7952a52e8fb0a84b5f80c85426f2a98a8?s=96&d=mm&r=g","caption":"AdminCDE"}}]}},"_links":{"self":[{"href":"https:\/\/www.cde.ual.es\/en\/wp-json\/wp\/v2\/posts\/132864","targetHints":{"allow":["GET"]}}],"collection":[{"href":"https:\/\/www.cde.ual.es\/en\/wp-json\/wp\/v2\/posts"}],"about":[{"href":"https:\/\/www.cde.ual.es\/en\/wp-json\/wp\/v2\/types\/post"}],"author":[{"embeddable":true,"href":"https:\/\/www.cde.ual.es\/en\/wp-json\/wp\/v2\/users\/1"}],"replies":[{"embeddable":true,"href":"https:\/\/www.cde.ual.es\/en\/wp-json\/wp\/v2\/comments?post=132864"}],"version-history":[{"count":1,"href":"https:\/\/www.cde.ual.es\/en\/wp-json\/wp\/v2\/posts\/132864\/revisions"}],"predecessor-version":[{"id":132869,"href":"https:\/\/www.cde.ual.es\/en\/wp-json\/wp\/v2\/posts\/132864\/revisions\/132869"}],"wp:featuredmedia":[{"embeddable":true,"href":"https:\/\/www.cde.ual.es\/en\/wp-json\/wp\/v2\/media\/132865"}],"wp:attachment":[{"href":"https:\/\/www.cde.ual.es\/en\/wp-json\/wp\/v2\/media?parent=132864"}],"wp:term":[{"taxonomy":"category","embeddable":true,"href":"https:\/\/www.cde.ual.es\/en\/wp-json\/wp\/v2\/categories?post=132864"},{"taxonomy":"post_tag","embeddable":true,"href":"https:\/\/www.cde.ual.es\/en\/wp-json\/wp\/v2\/tags?post=132864"}],"curies":[{"name":"wp","href":"https:\/\/api.w.org\/{rel}","templated":true}]}}