{"id":1322,"date":"2017-02-13T10:33:52","date_gmt":"2017-02-13T09:33:52","guid":{"rendered":"http:\/\/www.cde.ual.es\/?p=1322"},"modified":"2017-02-13T12:06:08","modified_gmt":"2017-02-13T11:06:08","slug":"practicas-en-el-comite-economico-y-social-europeo-en-bruselas","status":"publish","type":"post","link":"https:\/\/www.cde.ual.es\/en\/practicas-en-el-comite-economico-y-social-europeo-en-bruselas\/","title":{"rendered":"Pr\u00e1cticas en el Comit\u00e9 Econ\u00f3mico y Social Europeo en Bruselas"},"content":{"rendered":"<p style=\"text-align: justify;\"><a href=\"http:\/\/www.cde.ual.es\/wp-content\/uploads\/2017\/02\/Consejo-econ\u00f3mico-y-social-europeo.jpg\"><img decoding=\"async\" class=\"alignleft wp-image-1325\" src=\"http:\/\/www.cde.ual.es\/wp-content\/uploads\/2017\/02\/Consejo-econ\u00f3mico-y-social-europeo.jpg\" alt=\"Consejo-econ\u00f3mico-y-social-europeo\" width=\"323\" height=\"242\" \/><\/a>Dos veces al a\u00f1o, el Comit\u00e9 Econ\u00f3mico y Social Europeo ofrece periodos de pr\u00e1cticas por un periodo de cinco meses a graduados universitarios que sean nacionales de los Estados miembros de la Uni\u00f3n Europea, as\u00ed como a un n\u00famero de graduados universitarios procedentes de pa\u00edses no comunitarios.<\/p>\n<p style=\"text-align: justify;\"><span class=\"goog-text-highlight\">Estos per\u00edodos de formaci\u00f3n en el empleo ofrecen la oportunidad de aprender acerca de las funciones y actividades del CESE y adquirir experiencia profesional en un entorno multicultural. <\/span><strong>Comienzan el 16 de febrero y el 16 de septiembre<\/strong> de cada a\u00f1o y se llevan a cabo en las oficinas de la Comisi\u00f3n en Bruselas.<\/p>\n<p style=\"text-align: justify;\">Para los periodos de pr\u00e1cticas que tienen lugar dentro del per\u00edodo 16\/02\/2017 &#8211; 15\/02\/2018 el importe de la subvenci\u00f3n es una suma global de <strong>1.159,44<\/strong> <strong>euros mensuales.<\/strong><\/p>\n<p style=\"text-align: justify;\"><strong>Plazo de solicitudes<\/strong>: Hasta el 31 de marzo 2017 <a href=\"https:\/\/trainee.eesc.europa.eu\/Form.aspx?m=i&amp;culture=en\" target=\"_blank\">aqu\u00ed<\/a><\/p>\n<p>M\u00e1s informaci\u00f3n <a href=\"http:\/\/www.eesc.europa.eu\/?i=portal.en.traineeships-longterm\" target=\"_blank\">aqu\u00ed<\/a><\/p>\n","protected":false},"excerpt":{"rendered":"<p>Dos veces al a\u00f1o, el Comit\u00e9 Econ\u00f3mico y Social Europeo ofrece periodos de pr\u00e1cticas por un periodo de cinco meses a graduados universitarios que sean nacionales de los Estados miembros de la Uni\u00f3n Europea, as\u00ed como a un n\u00famero de graduados universitarios procedentes de pa\u00edses no comunitarios. Estos per\u00edodos de formaci\u00f3n en el empleo ofrecen [&hellip;]<\/p>\n","protected":false},"author":1,"featured_media":0,"comment_status":"open","ping_status":"open","sticky":false,"template":"","format":"standard","meta":{"_acf_changed":false,"_relevanssi_hide_post":"","_relevanssi_hide_content":"","_relevanssi_pin_for_all":"","_relevanssi_pin_keywords":"","_relevanssi_unpin_keywords":"","_relevanssi_related_keywords":"","_relevanssi_related_include_ids":"","_relevanssi_related_exclude_ids":"","_relevanssi_related_no_append":"","_relevanssi_related_not_related":"","_relevanssi_related_posts":"","_relevanssi_noindex_reason":"","_monsterinsights_skip_tracking":false,"_monsterinsights_sitenote_active":false,"_monsterinsights_sitenote_note":"","_monsterinsights_sitenote_category":0,"_genesis_hide_title":false,"_genesis_hide_breadcrumbs":false,"_genesis_hide_singular_image":false,"_genesis_hide_footer_widgets":false,"_genesis_custom_body_class":"","_genesis_custom_post_class":"","_genesis_layout":"","footnotes":""},"categories":[1],"tags":[],"class_list":{"0":"post-1322","1":"post","2":"type-post","3":"status-publish","4":"format-standard","6":"category-sin-categorizar","7":"entry","8":"has-post-thumbnail"},"acf":[],"yoast_head":"<!-- This site is optimized with the Yoast SEO plugin v27.4 - https:\/\/yoast.com\/product\/yoast-seo-wordpress\/ -->\n<title>Pr\u00e1cticas en el Comit\u00e9 Econ\u00f3mico y Social Europeo en Bruselas  | CDE Almer\u00eda - Centro de Documentaci\u00f3n Europea - Universidad de Almer\u00eda<\/title>\n<meta name=\"robots\" content=\"index, follow, max-snippet:-1, max-image-preview:large, max-video-preview:-1\" \/>\n<link rel=\"canonical\" href=\"https:\/\/www.cde.ual.es\/en\/practicas-en-el-comite-economico-y-social-europeo-en-bruselas\/\" \/>\n<meta property=\"og:locale\" content=\"en_US\" \/>\n<meta property=\"og:type\" content=\"article\" \/>\n<meta property=\"og:title\" content=\"Pr\u00e1cticas en el Comit\u00e9 Econ\u00f3mico y Social Europeo en Bruselas  | CDE Almer\u00eda - Centro de Documentaci\u00f3n Europea - Universidad de Almer\u00eda\" \/>\n<meta property=\"og:description\" content=\"Dos veces al a\u00f1o, el Comit\u00e9 Econ\u00f3mico y Social Europeo ofrece periodos de pr\u00e1cticas por un periodo de cinco meses a graduados universitarios que sean nacionales de los Estados miembros de la Uni\u00f3n Europea, as\u00ed como a un n\u00famero de graduados universitarios procedentes de pa\u00edses no comunitarios. Estos per\u00edodos de formaci\u00f3n en el empleo ofrecen [&hellip;]\" \/>\n<meta property=\"og:url\" content=\"https:\/\/www.cde.ual.es\/en\/practicas-en-el-comite-economico-y-social-europeo-en-bruselas\/\" \/>\n<meta property=\"og:site_name\" content=\"CDE Almer\u00eda - Centro de Documentaci\u00f3n Europea - Universidad de Almer\u00eda\" \/>\n<meta property=\"article:publisher\" content=\"https:\/\/www.facebook.com\/cdeuniversidadalmeria\/\" \/>\n<meta property=\"article:published_time\" content=\"2017-02-13T09:33:52+00:00\" \/>\n<meta property=\"article:modified_time\" content=\"2017-02-13T11:06:08+00:00\" \/>\n<meta property=\"og:image\" content=\"http:\/\/www.cde.ual.es\/wp-content\/uploads\/2017\/02\/Consejo-econ\u00f3mico-y-social-europeo.jpg\" \/>\n<meta name=\"author\" content=\"AdminCDE\" \/>\n<meta name=\"twitter:card\" content=\"summary_large_image\" \/>\n<meta name=\"twitter:creator\" content=\"@cdeualmeria\" \/>\n<meta name=\"twitter:site\" content=\"@cdeualmeria\" \/>\n<meta name=\"twitter:label1\" content=\"Written by\" \/>\n\t<meta name=\"twitter:data1\" content=\"AdminCDE\" \/>\n\t<meta name=\"twitter:label2\" content=\"Est. reading time\" \/>\n\t<meta name=\"twitter:data2\" content=\"1 minute\" \/>\n<script type=\"application\/ld+json\" class=\"yoast-schema-graph\">{\"@context\":\"https:\\\/\\\/schema.org\",\"@graph\":[{\"@type\":\"Article\",\"@id\":\"https:\\\/\\\/www.cde.ual.es\\\/en\\\/practicas-en-el-comite-economico-y-social-europeo-en-bruselas\\\/#article\",\"isPartOf\":{\"@id\":\"https:\\\/\\\/www.cde.ual.es\\\/en\\\/practicas-en-el-comite-economico-y-social-europeo-en-bruselas\\\/\"},\"author\":{\"name\":\"AdminCDE\",\"@id\":\"https:\\\/\\\/www.cde.ual.es\\\/#\\\/schema\\\/person\\\/224ef08c8bcc005f319d2713ce37ee5f\"},\"headline\":\"Pr\u00e1cticas en el Comit\u00e9 Econ\u00f3mico y Social Europeo en Bruselas\",\"datePublished\":\"2017-02-13T09:33:52+00:00\",\"dateModified\":\"2017-02-13T11:06:08+00:00\",\"mainEntityOfPage\":{\"@id\":\"https:\\\/\\\/www.cde.ual.es\\\/en\\\/practicas-en-el-comite-economico-y-social-europeo-en-bruselas\\\/\"},\"wordCount\":161,\"commentCount\":0,\"publisher\":{\"@id\":\"https:\\\/\\\/www.cde.ual.es\\\/#organization\"},\"articleSection\":[\"Sin categorizar\"],\"inLanguage\":\"en-US\",\"potentialAction\":[{\"@type\":\"CommentAction\",\"name\":\"Comment\",\"target\":[\"https:\\\/\\\/www.cde.ual.es\\\/en\\\/practicas-en-el-comite-economico-y-social-europeo-en-bruselas\\\/#respond\"]}]},{\"@type\":\"WebPage\",\"@id\":\"https:\\\/\\\/www.cde.ual.es\\\/en\\\/practicas-en-el-comite-economico-y-social-europeo-en-bruselas\\\/\",\"url\":\"https:\\\/\\\/www.cde.ual.es\\\/en\\\/practicas-en-el-comite-economico-y-social-europeo-en-bruselas\\\/\",\"name\":\"Pr\u00e1cticas en el Comit\u00e9 Econ\u00f3mico y Social Europeo en Bruselas | CDE Almer\u00eda - Centro de Documentaci\u00f3n Europea - Universidad de Almer\u00eda\",\"isPartOf\":{\"@id\":\"https:\\\/\\\/www.cde.ual.es\\\/#website\"},\"datePublished\":\"2017-02-13T09:33:52+00:00\",\"dateModified\":\"2017-02-13T11:06:08+00:00\",\"breadcrumb\":{\"@id\":\"https:\\\/\\\/www.cde.ual.es\\\/en\\\/practicas-en-el-comite-economico-y-social-europeo-en-bruselas\\\/#breadcrumb\"},\"inLanguage\":\"en-US\",\"potentialAction\":[{\"@type\":\"ReadAction\",\"target\":[\"https:\\\/\\\/www.cde.ual.es\\\/en\\\/practicas-en-el-comite-economico-y-social-europeo-en-bruselas\\\/\"]}]},{\"@type\":\"BreadcrumbList\",\"@id\":\"https:\\\/\\\/www.cde.ual.es\\\/en\\\/practicas-en-el-comite-economico-y-social-europeo-en-bruselas\\\/#breadcrumb\",\"itemListElement\":[{\"@type\":\"ListItem\",\"position\":1,\"name\":\"Inicio\",\"item\":\"https:\\\/\\\/www.cde.ual.es\\\/en\\\/\"},{\"@type\":\"ListItem\",\"position\":2,\"name\":\"Uncategorized\",\"item\":\"https:\\\/\\\/www.cde.ual.es\\\/en\\\/category\\\/uncategorized\\\/\"},{\"@type\":\"ListItem\",\"position\":3,\"name\":\"Pr\u00e1cticas en el Comit\u00e9 Econ\u00f3mico y Social Europeo en Bruselas\"}]},{\"@type\":\"WebSite\",\"@id\":\"https:\\\/\\\/www.cde.ual.es\\\/#website\",\"url\":\"https:\\\/\\\/www.cde.ual.es\\\/\",\"name\":\"CDE Almer\u00eda - Centro de Documentaci\u00f3n Europea - Universidad de Almer\u00eda\",\"description\":\"Centro de Documentaci\u00f3n Europea de la Universidad de Almer\u00eda\",\"publisher\":{\"@id\":\"https:\\\/\\\/www.cde.ual.es\\\/#organization\"},\"alternateName\":\"CDE Almer\u00eda\",\"potentialAction\":[{\"@type\":\"SearchAction\",\"target\":{\"@type\":\"EntryPoint\",\"urlTemplate\":\"https:\\\/\\\/www.cde.ual.es\\\/?s={search_term_string}\"},\"query-input\":{\"@type\":\"PropertyValueSpecification\",\"valueRequired\":true,\"valueName\":\"search_term_string\"}}],\"inLanguage\":\"en-US\"},{\"@type\":\"Organization\",\"@id\":\"https:\\\/\\\/www.cde.ual.es\\\/#organization\",\"name\":\"Centro de Documentaci\u00f3n Europea de Almer\u00eda\",\"url\":\"https:\\\/\\\/www.cde.ual.es\\\/\",\"logo\":{\"@type\":\"ImageObject\",\"inLanguage\":\"en-US\",\"@id\":\"https:\\\/\\\/www.cde.ual.es\\\/#\\\/schema\\\/logo\\\/image\\\/\",\"url\":\"https:\\\/\\\/www.cde.ual.es\\\/wp-content\\\/uploads\\\/2025\\\/07\\\/cde-logo-3.png\",\"contentUrl\":\"https:\\\/\\\/www.cde.ual.es\\\/wp-content\\\/uploads\\\/2025\\\/07\\\/cde-logo-3.png\",\"width\":1400,\"height\":300,\"caption\":\"Centro de Documentaci\u00f3n Europea de Almer\u00eda\"},\"image\":{\"@id\":\"https:\\\/\\\/www.cde.ual.es\\\/#\\\/schema\\\/logo\\\/image\\\/\"},\"sameAs\":[\"https:\\\/\\\/www.facebook.com\\\/cdeuniversidadalmeria\\\/\",\"https:\\\/\\\/x.com\\\/cdeualmeria\",\"https:\\\/\\\/www.tiktok.com\\\/@cdealmeria\",\"https:\\\/\\\/www.instagram.com\\\/cdealmeria\\\/\",\"https:\\\/\\\/www.linkedin.com\\\/in\\\/cde-almera-812b26a9\\\/\"]},{\"@type\":\"Person\",\"@id\":\"https:\\\/\\\/www.cde.ual.es\\\/#\\\/schema\\\/person\\\/224ef08c8bcc005f319d2713ce37ee5f\",\"name\":\"AdminCDE\",\"image\":{\"@type\":\"ImageObject\",\"inLanguage\":\"en-US\",\"@id\":\"https:\\\/\\\/secure.gravatar.com\\\/avatar\\\/a72d038d371f995cd13706fac32274b7952a52e8fb0a84b5f80c85426f2a98a8?s=96&d=mm&r=g\",\"url\":\"https:\\\/\\\/secure.gravatar.com\\\/avatar\\\/a72d038d371f995cd13706fac32274b7952a52e8fb0a84b5f80c85426f2a98a8?s=96&d=mm&r=g\",\"contentUrl\":\"https:\\\/\\\/secure.gravatar.com\\\/avatar\\\/a72d038d371f995cd13706fac32274b7952a52e8fb0a84b5f80c85426f2a98a8?s=96&d=mm&r=g\",\"caption\":\"AdminCDE\"}}]}<\/script>\n<!-- \/ Yoast SEO plugin. -->","yoast_head_json":{"title":"Pr\u00e1cticas en el Comit\u00e9 Econ\u00f3mico y Social Europeo en Bruselas  | CDE Almer\u00eda - Centro de Documentaci\u00f3n Europea - Universidad de Almer\u00eda","robots":{"index":"index","follow":"follow","max-snippet":"max-snippet:-1","max-image-preview":"max-image-preview:large","max-video-preview":"max-video-preview:-1"},"canonical":"https:\/\/www.cde.ual.es\/en\/practicas-en-el-comite-economico-y-social-europeo-en-bruselas\/","og_locale":"en_US","og_type":"article","og_title":"Pr\u00e1cticas en el Comit\u00e9 Econ\u00f3mico y Social Europeo en Bruselas  | CDE Almer\u00eda - Centro de Documentaci\u00f3n Europea - Universidad de Almer\u00eda","og_description":"Dos veces al a\u00f1o, el Comit\u00e9 Econ\u00f3mico y Social Europeo ofrece periodos de pr\u00e1cticas por un periodo de cinco meses a graduados universitarios que sean nacionales de los Estados miembros de la Uni\u00f3n Europea, as\u00ed como a un n\u00famero de graduados universitarios procedentes de pa\u00edses no comunitarios. Estos per\u00edodos de formaci\u00f3n en el empleo ofrecen [&hellip;]","og_url":"https:\/\/www.cde.ual.es\/en\/practicas-en-el-comite-economico-y-social-europeo-en-bruselas\/","og_site_name":"CDE Almer\u00eda - Centro de Documentaci\u00f3n Europea - Universidad de Almer\u00eda","article_publisher":"https:\/\/www.facebook.com\/cdeuniversidadalmeria\/","article_published_time":"2017-02-13T09:33:52+00:00","article_modified_time":"2017-02-13T11:06:08+00:00","og_image":[{"url":"http:\/\/www.cde.ual.es\/wp-content\/uploads\/2017\/02\/Consejo-econ\u00f3mico-y-social-europeo.jpg","type":"","width":"","height":""}],"author":"AdminCDE","twitter_card":"summary_large_image","twitter_creator":"@cdeualmeria","twitter_site":"@cdeualmeria","twitter_misc":{"Written by":"AdminCDE","Est. reading time":"1 minute"},"schema":{"@context":"https:\/\/schema.org","@graph":[{"@type":"Article","@id":"https:\/\/www.cde.ual.es\/en\/practicas-en-el-comite-economico-y-social-europeo-en-bruselas\/#article","isPartOf":{"@id":"https:\/\/www.cde.ual.es\/en\/practicas-en-el-comite-economico-y-social-europeo-en-bruselas\/"},"author":{"name":"AdminCDE","@id":"https:\/\/www.cde.ual.es\/#\/schema\/person\/224ef08c8bcc005f319d2713ce37ee5f"},"headline":"Pr\u00e1cticas en el Comit\u00e9 Econ\u00f3mico y Social Europeo en Bruselas","datePublished":"2017-02-13T09:33:52+00:00","dateModified":"2017-02-13T11:06:08+00:00","mainEntityOfPage":{"@id":"https:\/\/www.cde.ual.es\/en\/practicas-en-el-comite-economico-y-social-europeo-en-bruselas\/"},"wordCount":161,"commentCount":0,"publisher":{"@id":"https:\/\/www.cde.ual.es\/#organization"},"articleSection":["Sin categorizar"],"inLanguage":"en-US","potentialAction":[{"@type":"CommentAction","name":"Comment","target":["https:\/\/www.cde.ual.es\/en\/practicas-en-el-comite-economico-y-social-europeo-en-bruselas\/#respond"]}]},{"@type":"WebPage","@id":"https:\/\/www.cde.ual.es\/en\/practicas-en-el-comite-economico-y-social-europeo-en-bruselas\/","url":"https:\/\/www.cde.ual.es\/en\/practicas-en-el-comite-economico-y-social-europeo-en-bruselas\/","name":"Pr\u00e1cticas en el Comit\u00e9 Econ\u00f3mico y Social Europeo en Bruselas | CDE Almer\u00eda - Centro de Documentaci\u00f3n Europea - Universidad de Almer\u00eda","isPartOf":{"@id":"https:\/\/www.cde.ual.es\/#website"},"datePublished":"2017-02-13T09:33:52+00:00","dateModified":"2017-02-13T11:06:08+00:00","breadcrumb":{"@id":"https:\/\/www.cde.ual.es\/en\/practicas-en-el-comite-economico-y-social-europeo-en-bruselas\/#breadcrumb"},"inLanguage":"en-US","potentialAction":[{"@type":"ReadAction","target":["https:\/\/www.cde.ual.es\/en\/practicas-en-el-comite-economico-y-social-europeo-en-bruselas\/"]}]},{"@type":"BreadcrumbList","@id":"https:\/\/www.cde.ual.es\/en\/practicas-en-el-comite-economico-y-social-europeo-en-bruselas\/#breadcrumb","itemListElement":[{"@type":"ListItem","position":1,"name":"Inicio","item":"https:\/\/www.cde.ual.es\/en\/"},{"@type":"ListItem","position":2,"name":"Uncategorized","item":"https:\/\/www.cde.ual.es\/en\/category\/uncategorized\/"},{"@type":"ListItem","position":3,"name":"Pr\u00e1cticas en el Comit\u00e9 Econ\u00f3mico y Social Europeo en Bruselas"}]},{"@type":"WebSite","@id":"https:\/\/www.cde.ual.es\/#website","url":"https:\/\/www.cde.ual.es\/","name":"CDE Almer\u00eda - Centro de Documentaci\u00f3n Europea - Universidad de Almer\u00eda","description":"Centro de Documentaci\u00f3n Europea de la Universidad de Almer\u00eda","publisher":{"@id":"https:\/\/www.cde.ual.es\/#organization"},"alternateName":"CDE Almer\u00eda","potentialAction":[{"@type":"SearchAction","target":{"@type":"EntryPoint","urlTemplate":"https:\/\/www.cde.ual.es\/?s={search_term_string}"},"query-input":{"@type":"PropertyValueSpecification","valueRequired":true,"valueName":"search_term_string"}}],"inLanguage":"en-US"},{"@type":"Organization","@id":"https:\/\/www.cde.ual.es\/#organization","name":"Centro de Documentaci\u00f3n Europea de Almer\u00eda","url":"https:\/\/www.cde.ual.es\/","logo":{"@type":"ImageObject","inLanguage":"en-US","@id":"https:\/\/www.cde.ual.es\/#\/schema\/logo\/image\/","url":"https:\/\/www.cde.ual.es\/wp-content\/uploads\/2025\/07\/cde-logo-3.png","contentUrl":"https:\/\/www.cde.ual.es\/wp-content\/uploads\/2025\/07\/cde-logo-3.png","width":1400,"height":300,"caption":"Centro de Documentaci\u00f3n Europea de Almer\u00eda"},"image":{"@id":"https:\/\/www.cde.ual.es\/#\/schema\/logo\/image\/"},"sameAs":["https:\/\/www.facebook.com\/cdeuniversidadalmeria\/","https:\/\/x.com\/cdeualmeria","https:\/\/www.tiktok.com\/@cdealmeria","https:\/\/www.instagram.com\/cdealmeria\/","https:\/\/www.linkedin.com\/in\/cde-almera-812b26a9\/"]},{"@type":"Person","@id":"https:\/\/www.cde.ual.es\/#\/schema\/person\/224ef08c8bcc005f319d2713ce37ee5f","name":"AdminCDE","image":{"@type":"ImageObject","inLanguage":"en-US","@id":"https:\/\/secure.gravatar.com\/avatar\/a72d038d371f995cd13706fac32274b7952a52e8fb0a84b5f80c85426f2a98a8?s=96&d=mm&r=g","url":"https:\/\/secure.gravatar.com\/avatar\/a72d038d371f995cd13706fac32274b7952a52e8fb0a84b5f80c85426f2a98a8?s=96&d=mm&r=g","contentUrl":"https:\/\/secure.gravatar.com\/avatar\/a72d038d371f995cd13706fac32274b7952a52e8fb0a84b5f80c85426f2a98a8?s=96&d=mm&r=g","caption":"AdminCDE"}}]}},"_links":{"self":[{"href":"https:\/\/www.cde.ual.es\/en\/wp-json\/wp\/v2\/posts\/1322","targetHints":{"allow":["GET"]}}],"collection":[{"href":"https:\/\/www.cde.ual.es\/en\/wp-json\/wp\/v2\/posts"}],"about":[{"href":"https:\/\/www.cde.ual.es\/en\/wp-json\/wp\/v2\/types\/post"}],"author":[{"embeddable":true,"href":"https:\/\/www.cde.ual.es\/en\/wp-json\/wp\/v2\/users\/1"}],"replies":[{"embeddable":true,"href":"https:\/\/www.cde.ual.es\/en\/wp-json\/wp\/v2\/comments?post=1322"}],"version-history":[{"count":0,"href":"https:\/\/www.cde.ual.es\/en\/wp-json\/wp\/v2\/posts\/1322\/revisions"}],"wp:attachment":[{"href":"https:\/\/www.cde.ual.es\/en\/wp-json\/wp\/v2\/media?parent=1322"}],"wp:term":[{"taxonomy":"category","embeddable":true,"href":"https:\/\/www.cde.ual.es\/en\/wp-json\/wp\/v2\/categories?post=1322"},{"taxonomy":"post_tag","embeddable":true,"href":"https:\/\/www.cde.ual.es\/en\/wp-json\/wp\/v2\/tags?post=1322"}],"curies":[{"name":"wp","href":"https:\/\/api.w.org\/{rel}","templated":true}]}}