{"id":132038,"date":"2023-03-17T10:45:15","date_gmt":"2023-03-17T09:45:15","guid":{"rendered":"https:\/\/www.cde.ual.es\/?p=132038"},"modified":"2023-03-17T10:59:08","modified_gmt":"2023-03-17T09:59:08","slug":"european-parliament-proposes-new-law-to-modernize-and-strengthen-minimum-income-schemes","status":"publish","type":"post","link":"https:\/\/www.cde.ual.es\/en\/european-parliament-proposes-new-law-to-modernize-and-strengthen-minimum-income-schemes\/","title":{"rendered":"European Parliament proposes new law to modernize and strengthen minimum income schemes"},"content":{"rendered":"<div class=\"ep_gridcolumn ep-m_product\" data-view1200=\"6\" data-view1020=\"6\" data-view750=\"10\" data-view640=\"6\" data-view480=\"8\" data-view320=\"4\">\n<div class=\"ep_gridcolumn-content\">\n<div class=\"ep-a_text ep-layout_chapo\"><a href=\"https:\/\/www.cde.ual.es\/wp-content\/uploads\/2023\/03\/wallet-gb2e4d1f8e_1280.jpg\"><img decoding=\"async\" class=\" wp-image-132034 aligncenter\" src=\"https:\/\/www.cde.ual.es\/wp-content\/uploads\/2023\/03\/wallet-gb2e4d1f8e_1280.jpg\" alt=\"\" width=\"500\" height=\"335\" srcset=\"https:\/\/www.cde.ual.es\/wp-content\/uploads\/2023\/03\/wallet-gb2e4d1f8e_1280.jpg 1280w, https:\/\/www.cde.ual.es\/wp-content\/uploads\/2023\/03\/wallet-gb2e4d1f8e_1280-300x201.jpg 300w, https:\/\/www.cde.ual.es\/wp-content\/uploads\/2023\/03\/wallet-gb2e4d1f8e_1280-1024x686.jpg 1024w, https:\/\/www.cde.ual.es\/wp-content\/uploads\/2023\/03\/wallet-gb2e4d1f8e_1280-768x514.jpg 768w\" sizes=\"(max-width: 500px) 100vw, 500px\" \/><\/a><\/div>\n<\/div>\n<\/div>\n<div class=\"ep_gridcolumn ep-m_product\" data-view1200=\"6\" data-view1020=\"6\" data-view750=\"10\" data-view640=\"6\" data-view480=\"8\" data-view320=\"4\">\n<div class=\"ep_gridcolumn-content\">\n<div class=\"ep-a_text\">\n<p style=\"text-align: justify;\">MEPs have proposed a new law to tackle the current cost of living crisis to modernize and strengthen minimum income schemes in member states.<\/p>\n<p style=\"text-align: justify;\">On Wednesday, the plenary passed a resolution defending the EU minimum income directive to make minimum income schemes more affordable and effective. It will also ensure the social reintegration of workers who have left the labor market.<\/p>\n<p class=\"ep-wysiwig_paragraph\" style=\"text-align: justify;\">EU countries should regularly evaluate their national schemes and update them if needed, ensuring an adequate level of support that reflects the national at-risk-of-poverty (<a href=\"https:\/\/ec.europa.eu\/eurostat\/statistics-explained\/index.php?title=Glossary:At_risk_of_poverty_or_social_exclusion_(AROPE)\" target=\"_blank\" rel=\"noopener\">AROPE<\/a>) threshold, to establish a social safety net guaranteeing a minimum standard of living.<\/p>\n<p style=\"text-align: justify;\">MEPs also want to raise the awareness of these schemes and make them more accessible, in particular for disadvantaged groups such as homeless people. They propose measures to address widespread issues in EU countries such as the lack of take-up of these schemes and the digital divide.<\/p>\n<p style=\"text-align: justify;\">The text was adopted with 336 votes in favour, 174 against and 121 abstentions.<\/p>\n<table style=\"width: 99.9988%; border-collapse: collapse; border-style: double; border-color: #001f7d;\" cellpadding=\"0,5\">\n<tbody>\n<tr>\n<td style=\"width: 100%;\"><a href=\"https:\/\/www.cde.ual.es\/el-consejo-europeo-considera-que-la-renta-minima-es-un-elemnto-clave-para-salir-de-la-pobreza-y-la-exclusion\/\" target=\"_blank\" rel=\"noopener\"><img decoding=\"async\" class=\"alignleft\" src=\"https:\/\/www.cde.ual.es\/wp-content\/uploads\/2023\/01\/pexels-ann-h-11618965.jpg\" alt=\"\" width=\"201\" height=\"134\" \/><\/a><\/p>\n<h4 class=\"entry-title\"><a href=\"https:\/\/www.cde.ual.es\/en\/council-adopts-a-recommendation-on-an-adequate-minimum-income\/\" target=\"_blank\" rel=\"noopener\">Council adopts a Recommendation on an adequate minimum income<\/a><\/h4>\n<\/td>\n<\/tr>\n<\/tbody>\n<\/table>\n<p style=\"text-align: justify;\"><strong>Background<\/strong><\/p>\n<p style=\"text-align: justify;\">On 28 September 2022, the European Commission\u00a0<a href=\"https:\/\/ec.europa.eu\/social\/BlobServlet?docId=26076&amp;langId=en\" target=\"_blank\" rel=\"noopener\">proposed<\/a>\u00a0a Council Recommendation on adequate minimum income ensuring active inclusion. It sets out how EU countries can modernise their minimum income schemes to make them more effective and to reduce the number of people at risk of poverty and social exclusion in the EU.<\/p>\n<h3 style=\"text-align: justify;\">More information<\/h3>\n<p style=\"text-align: justify;\"><a href=\"https:\/\/www.europarl.europa.eu\/news\/en\/press-room\/20230310IPR77232\/minimum-income-schemes-increasing-support-accessibility-and-inclusion\" target=\"_blank\" rel=\"noopener\">European Parliament<\/a><\/p>\n<\/div>\n<\/div>\n<\/div>\n","protected":false},"excerpt":{"rendered":"<p>MEPs have proposed a new law to tackle the current cost of living crisis to modernize and strengthen minimum income schemes in member states. On Wednesday, the plenary passed a resolution defending the EU minimum income directive to make minimum income schemes more affordable and effective. It will also ensure the social reintegration of workers [&hellip;]<\/p>\n","protected":false},"author":101011,"featured_media":132035,"comment_status":"open","ping_status":"open","sticky":false,"template":"","format":"standard","meta":{"_acf_changed":false,"_relevanssi_hide_post":"","_relevanssi_hide_content":"","_relevanssi_pin_for_all":"","_relevanssi_pin_keywords":"","_relevanssi_unpin_keywords":"","_relevanssi_related_keywords":"","_relevanssi_related_include_ids":"","_relevanssi_related_exclude_ids":"","_relevanssi_related_no_append":"","_relevanssi_related_not_related":"","_relevanssi_related_posts":"","_relevanssi_noindex_reason":"","_monsterinsights_skip_tracking":false,"_monsterinsights_sitenote_active":false,"_monsterinsights_sitenote_note":"","_monsterinsights_sitenote_category":0,"_genesis_hide_title":false,"_genesis_hide_breadcrumbs":false,"_genesis_hide_singular_image":false,"_genesis_hide_footer_widgets":false,"_genesis_custom_body_class":"","_genesis_custom_post_class":"","_genesis_layout":"","footnotes":""},"categories":[4090,346,4088],"tags":[1331,488,1488,8781,7293,8782,1141],"class_list":{"0":"post-132038","1":"post","2":"type-post","3":"status-publish","4":"format-standard","5":"has-post-thumbnail","7":"category-economy-finance","8":"category-eu-news","9":"category-market","10":"tag-council","11":"tag-economy","12":"tag-european-commission","13":"tag-income","14":"tag-minimum-income","15":"tag-minimum-salary","16":"tag-salary","17":"entry"},"acf":[],"yoast_head":"<!-- This site is optimized with the Yoast SEO plugin v27.5 - https:\/\/yoast.com\/product\/yoast-seo-wordpress\/ -->\n<title>European Parliament proposes new law to modernize and strengthen minimum income schemes | CDE Almer\u00eda - Centro de Documentaci\u00f3n Europea - Universidad de Almer\u00eda<\/title>\n<meta name=\"robots\" content=\"index, follow, max-snippet:-1, max-image-preview:large, max-video-preview:-1\" \/>\n<link rel=\"canonical\" href=\"https:\/\/www.cde.ual.es\/en\/european-parliament-proposes-new-law-to-modernize-and-strengthen-minimum-income-schemes\/\" \/>\n<meta property=\"og:locale\" content=\"en_US\" \/>\n<meta property=\"og:type\" content=\"article\" \/>\n<meta property=\"og:title\" content=\"European Parliament proposes new law to modernize and strengthen minimum income schemes | CDE Almer\u00eda - Centro de Documentaci\u00f3n Europea - Universidad de Almer\u00eda\" \/>\n<meta property=\"og:description\" content=\"MEPs have proposed a new law to tackle the current cost of living crisis to modernize and strengthen minimum income schemes in member states. On Wednesday, the plenary passed a resolution defending the EU minimum income directive to make minimum income schemes more affordable and effective. It will also ensure the social reintegration of workers [&hellip;]\" \/>\n<meta property=\"og:url\" content=\"https:\/\/www.cde.ual.es\/en\/european-parliament-proposes-new-law-to-modernize-and-strengthen-minimum-income-schemes\/\" \/>\n<meta property=\"og:site_name\" content=\"CDE Almer\u00eda - Centro de Documentaci\u00f3n Europea - Universidad de Almer\u00eda\" \/>\n<meta property=\"article:publisher\" content=\"https:\/\/www.facebook.com\/cdeuniversidadalmeria\/\" \/>\n<meta property=\"article:published_time\" content=\"2023-03-17T09:45:15+00:00\" \/>\n<meta property=\"article:modified_time\" content=\"2023-03-17T09:59:08+00:00\" \/>\n<meta property=\"og:image\" content=\"https:\/\/www.cde.ual.es\/wp-content\/uploads\/2023\/03\/wallet-gb2e4d1f8e_1280.jpg\" \/>\n\t<meta property=\"og:image:width\" content=\"1280\" \/>\n\t<meta property=\"og:image:height\" content=\"857\" \/>\n\t<meta property=\"og:image:type\" content=\"image\/jpeg\" \/>\n<meta name=\"author\" content=\"BECA 2 CDE\" \/>\n<meta name=\"twitter:card\" content=\"summary_large_image\" \/>\n<meta name=\"twitter:creator\" content=\"@cdeualmeria\" \/>\n<meta name=\"twitter:site\" content=\"@cdeualmeria\" \/>\n<meta name=\"twitter:label1\" content=\"Written by\" \/>\n\t<meta name=\"twitter:data1\" content=\"BECA 2 CDE\" \/>\n\t<meta name=\"twitter:label2\" content=\"Est. reading time\" \/>\n\t<meta name=\"twitter:data2\" content=\"2 minutes\" \/>\n<script type=\"application\/ld+json\" class=\"yoast-schema-graph\">{\"@context\":\"https:\\\/\\\/schema.org\",\"@graph\":[{\"@type\":\"Article\",\"@id\":\"https:\\\/\\\/www.cde.ual.es\\\/en\\\/european-parliament-proposes-new-law-to-modernize-and-strengthen-minimum-income-schemes\\\/#article\",\"isPartOf\":{\"@id\":\"https:\\\/\\\/www.cde.ual.es\\\/en\\\/european-parliament-proposes-new-law-to-modernize-and-strengthen-minimum-income-schemes\\\/\"},\"author\":{\"name\":\"BECA 2 CDE\",\"@id\":\"https:\\\/\\\/www.cde.ual.es\\\/#\\\/schema\\\/person\\\/ee46ebc19edfa19598c02cff83335acc\"},\"headline\":\"European Parliament proposes new law to modernize and strengthen minimum income schemes\",\"datePublished\":\"2023-03-17T09:45:15+00:00\",\"dateModified\":\"2023-03-17T09:59:08+00:00\",\"mainEntityOfPage\":{\"@id\":\"https:\\\/\\\/www.cde.ual.es\\\/en\\\/european-parliament-proposes-new-law-to-modernize-and-strengthen-minimum-income-schemes\\\/\"},\"wordCount\":233,\"commentCount\":0,\"publisher\":{\"@id\":\"https:\\\/\\\/www.cde.ual.es\\\/#organization\"},\"image\":{\"@id\":\"https:\\\/\\\/www.cde.ual.es\\\/en\\\/european-parliament-proposes-new-law-to-modernize-and-strengthen-minimum-income-schemes\\\/#primaryimage\"},\"thumbnailUrl\":\"https:\\\/\\\/www.cde.ual.es\\\/wp-content\\\/uploads\\\/2023\\\/03\\\/wallet-gb2e4d1f8e_1280.jpg\",\"keywords\":[\"Council\",\"Economy\",\"European Commission\",\"income\",\"minimum income\",\"minimum salary\",\"Salary\"],\"articleSection\":[\"Economy and Finance\",\"EU News\",\"Market\"],\"inLanguage\":\"en-US\",\"potentialAction\":[{\"@type\":\"CommentAction\",\"name\":\"Comment\",\"target\":[\"https:\\\/\\\/www.cde.ual.es\\\/en\\\/european-parliament-proposes-new-law-to-modernize-and-strengthen-minimum-income-schemes\\\/#respond\"]}]},{\"@type\":\"WebPage\",\"@id\":\"https:\\\/\\\/www.cde.ual.es\\\/en\\\/european-parliament-proposes-new-law-to-modernize-and-strengthen-minimum-income-schemes\\\/\",\"url\":\"https:\\\/\\\/www.cde.ual.es\\\/en\\\/european-parliament-proposes-new-law-to-modernize-and-strengthen-minimum-income-schemes\\\/\",\"name\":\"European Parliament proposes new law to modernize and strengthen minimum income schemes | CDE Almer\u00eda - Centro de Documentaci\u00f3n Europea - Universidad de Almer\u00eda\",\"isPartOf\":{\"@id\":\"https:\\\/\\\/www.cde.ual.es\\\/#website\"},\"primaryImageOfPage\":{\"@id\":\"https:\\\/\\\/www.cde.ual.es\\\/en\\\/european-parliament-proposes-new-law-to-modernize-and-strengthen-minimum-income-schemes\\\/#primaryimage\"},\"image\":{\"@id\":\"https:\\\/\\\/www.cde.ual.es\\\/en\\\/european-parliament-proposes-new-law-to-modernize-and-strengthen-minimum-income-schemes\\\/#primaryimage\"},\"thumbnailUrl\":\"https:\\\/\\\/www.cde.ual.es\\\/wp-content\\\/uploads\\\/2023\\\/03\\\/wallet-gb2e4d1f8e_1280.jpg\",\"datePublished\":\"2023-03-17T09:45:15+00:00\",\"dateModified\":\"2023-03-17T09:59:08+00:00\",\"breadcrumb\":{\"@id\":\"https:\\\/\\\/www.cde.ual.es\\\/en\\\/european-parliament-proposes-new-law-to-modernize-and-strengthen-minimum-income-schemes\\\/#breadcrumb\"},\"inLanguage\":\"en-US\",\"potentialAction\":[{\"@type\":\"ReadAction\",\"target\":[\"https:\\\/\\\/www.cde.ual.es\\\/en\\\/european-parliament-proposes-new-law-to-modernize-and-strengthen-minimum-income-schemes\\\/\"]}]},{\"@type\":\"ImageObject\",\"inLanguage\":\"en-US\",\"@id\":\"https:\\\/\\\/www.cde.ual.es\\\/en\\\/european-parliament-proposes-new-law-to-modernize-and-strengthen-minimum-income-schemes\\\/#primaryimage\",\"url\":\"https:\\\/\\\/www.cde.ual.es\\\/wp-content\\\/uploads\\\/2023\\\/03\\\/wallet-gb2e4d1f8e_1280.jpg\",\"contentUrl\":\"https:\\\/\\\/www.cde.ual.es\\\/wp-content\\\/uploads\\\/2023\\\/03\\\/wallet-gb2e4d1f8e_1280.jpg\",\"width\":1280,\"height\":857},{\"@type\":\"BreadcrumbList\",\"@id\":\"https:\\\/\\\/www.cde.ual.es\\\/en\\\/european-parliament-proposes-new-law-to-modernize-and-strengthen-minimum-income-schemes\\\/#breadcrumb\",\"itemListElement\":[{\"@type\":\"ListItem\",\"position\":1,\"name\":\"Inicio\",\"item\":\"https:\\\/\\\/www.cde.ual.es\\\/en\\\/\"},{\"@type\":\"ListItem\",\"position\":2,\"name\":\"EU News\",\"item\":\"https:\\\/\\\/www.cde.ual.es\\\/en\\\/category\\\/eu-news\\\/\"},{\"@type\":\"ListItem\",\"position\":3,\"name\":\"Market\",\"item\":\"https:\\\/\\\/www.cde.ual.es\\\/en\\\/category\\\/eu-news\\\/market\\\/\"},{\"@type\":\"ListItem\",\"position\":4,\"name\":\"Economy and Finance\",\"item\":\"https:\\\/\\\/www.cde.ual.es\\\/en\\\/category\\\/eu-news\\\/market\\\/economy-finance\\\/\"},{\"@type\":\"ListItem\",\"position\":5,\"name\":\"European Parliament proposes new law to modernize and strengthen minimum income schemes\"}]},{\"@type\":\"WebSite\",\"@id\":\"https:\\\/\\\/www.cde.ual.es\\\/#website\",\"url\":\"https:\\\/\\\/www.cde.ual.es\\\/\",\"name\":\"CDE Almer\u00eda - Centro de Documentaci\u00f3n Europea - Universidad de Almer\u00eda\",\"description\":\"Centro de Documentaci\u00f3n Europea de la Universidad de Almer\u00eda\",\"publisher\":{\"@id\":\"https:\\\/\\\/www.cde.ual.es\\\/#organization\"},\"alternateName\":\"CDE Almer\u00eda\",\"potentialAction\":[{\"@type\":\"SearchAction\",\"target\":{\"@type\":\"EntryPoint\",\"urlTemplate\":\"https:\\\/\\\/www.cde.ual.es\\\/?s={search_term_string}\"},\"query-input\":{\"@type\":\"PropertyValueSpecification\",\"valueRequired\":true,\"valueName\":\"search_term_string\"}}],\"inLanguage\":\"en-US\"},{\"@type\":\"Organization\",\"@id\":\"https:\\\/\\\/www.cde.ual.es\\\/#organization\",\"name\":\"Centro de Documentaci\u00f3n Europea de Almer\u00eda\",\"url\":\"https:\\\/\\\/www.cde.ual.es\\\/\",\"logo\":{\"@type\":\"ImageObject\",\"inLanguage\":\"en-US\",\"@id\":\"https:\\\/\\\/www.cde.ual.es\\\/#\\\/schema\\\/logo\\\/image\\\/\",\"url\":\"https:\\\/\\\/www.cde.ual.es\\\/wp-content\\\/uploads\\\/2025\\\/07\\\/cde-logo-3.png\",\"contentUrl\":\"https:\\\/\\\/www.cde.ual.es\\\/wp-content\\\/uploads\\\/2025\\\/07\\\/cde-logo-3.png\",\"width\":1400,\"height\":300,\"caption\":\"Centro de Documentaci\u00f3n Europea de Almer\u00eda\"},\"image\":{\"@id\":\"https:\\\/\\\/www.cde.ual.es\\\/#\\\/schema\\\/logo\\\/image\\\/\"},\"sameAs\":[\"https:\\\/\\\/www.facebook.com\\\/cdeuniversidadalmeria\\\/\",\"https:\\\/\\\/x.com\\\/cdeualmeria\",\"https:\\\/\\\/www.tiktok.com\\\/@cdealmeria\",\"https:\\\/\\\/www.instagram.com\\\/cdealmeria\\\/\",\"https:\\\/\\\/www.linkedin.com\\\/in\\\/cde-almera-812b26a9\\\/\"]},{\"@type\":\"Person\",\"@id\":\"https:\\\/\\\/www.cde.ual.es\\\/#\\\/schema\\\/person\\\/ee46ebc19edfa19598c02cff83335acc\",\"name\":\"BECA 2 CDE\",\"image\":{\"@type\":\"ImageObject\",\"inLanguage\":\"en-US\",\"@id\":\"https:\\\/\\\/secure.gravatar.com\\\/avatar\\\/35a481bbc04bbd90e91bdfa3b0b5541036c222a49b9ad37b6889a2afcb5311a5?s=96&d=mm&r=g\",\"url\":\"https:\\\/\\\/secure.gravatar.com\\\/avatar\\\/35a481bbc04bbd90e91bdfa3b0b5541036c222a49b9ad37b6889a2afcb5311a5?s=96&d=mm&r=g\",\"contentUrl\":\"https:\\\/\\\/secure.gravatar.com\\\/avatar\\\/35a481bbc04bbd90e91bdfa3b0b5541036c222a49b9ad37b6889a2afcb5311a5?s=96&d=mm&r=g\",\"caption\":\"BECA 2 CDE\"},\"sameAs\":[\"http:\\\/\\\/www.cdealmeria.com\"]}]}<\/script>\n<!-- \/ Yoast SEO plugin. -->","yoast_head_json":{"title":"European Parliament proposes new law to modernize and strengthen minimum income schemes | CDE Almer\u00eda - Centro de Documentaci\u00f3n Europea - Universidad de Almer\u00eda","robots":{"index":"index","follow":"follow","max-snippet":"max-snippet:-1","max-image-preview":"max-image-preview:large","max-video-preview":"max-video-preview:-1"},"canonical":"https:\/\/www.cde.ual.es\/en\/european-parliament-proposes-new-law-to-modernize-and-strengthen-minimum-income-schemes\/","og_locale":"en_US","og_type":"article","og_title":"European Parliament proposes new law to modernize and strengthen minimum income schemes | CDE Almer\u00eda - Centro de Documentaci\u00f3n Europea - Universidad de Almer\u00eda","og_description":"MEPs have proposed a new law to tackle the current cost of living crisis to modernize and strengthen minimum income schemes in member states. On Wednesday, the plenary passed a resolution defending the EU minimum income directive to make minimum income schemes more affordable and effective. It will also ensure the social reintegration of workers [&hellip;]","og_url":"https:\/\/www.cde.ual.es\/en\/european-parliament-proposes-new-law-to-modernize-and-strengthen-minimum-income-schemes\/","og_site_name":"CDE Almer\u00eda - Centro de Documentaci\u00f3n Europea - Universidad de Almer\u00eda","article_publisher":"https:\/\/www.facebook.com\/cdeuniversidadalmeria\/","article_published_time":"2023-03-17T09:45:15+00:00","article_modified_time":"2023-03-17T09:59:08+00:00","og_image":[{"width":1280,"height":857,"url":"https:\/\/www.cde.ual.es\/wp-content\/uploads\/2023\/03\/wallet-gb2e4d1f8e_1280.jpg","type":"image\/jpeg"}],"author":"BECA 2 CDE","twitter_card":"summary_large_image","twitter_creator":"@cdeualmeria","twitter_site":"@cdeualmeria","twitter_misc":{"Written by":"BECA 2 CDE","Est. reading time":"2 minutes"},"schema":{"@context":"https:\/\/schema.org","@graph":[{"@type":"Article","@id":"https:\/\/www.cde.ual.es\/en\/european-parliament-proposes-new-law-to-modernize-and-strengthen-minimum-income-schemes\/#article","isPartOf":{"@id":"https:\/\/www.cde.ual.es\/en\/european-parliament-proposes-new-law-to-modernize-and-strengthen-minimum-income-schemes\/"},"author":{"name":"BECA 2 CDE","@id":"https:\/\/www.cde.ual.es\/#\/schema\/person\/ee46ebc19edfa19598c02cff83335acc"},"headline":"European Parliament proposes new law to modernize and strengthen minimum income schemes","datePublished":"2023-03-17T09:45:15+00:00","dateModified":"2023-03-17T09:59:08+00:00","mainEntityOfPage":{"@id":"https:\/\/www.cde.ual.es\/en\/european-parliament-proposes-new-law-to-modernize-and-strengthen-minimum-income-schemes\/"},"wordCount":233,"commentCount":0,"publisher":{"@id":"https:\/\/www.cde.ual.es\/#organization"},"image":{"@id":"https:\/\/www.cde.ual.es\/en\/european-parliament-proposes-new-law-to-modernize-and-strengthen-minimum-income-schemes\/#primaryimage"},"thumbnailUrl":"https:\/\/www.cde.ual.es\/wp-content\/uploads\/2023\/03\/wallet-gb2e4d1f8e_1280.jpg","keywords":["Council","Economy","European Commission","income","minimum income","minimum salary","Salary"],"articleSection":["Economy and Finance","EU News","Market"],"inLanguage":"en-US","potentialAction":[{"@type":"CommentAction","name":"Comment","target":["https:\/\/www.cde.ual.es\/en\/european-parliament-proposes-new-law-to-modernize-and-strengthen-minimum-income-schemes\/#respond"]}]},{"@type":"WebPage","@id":"https:\/\/www.cde.ual.es\/en\/european-parliament-proposes-new-law-to-modernize-and-strengthen-minimum-income-schemes\/","url":"https:\/\/www.cde.ual.es\/en\/european-parliament-proposes-new-law-to-modernize-and-strengthen-minimum-income-schemes\/","name":"European Parliament proposes new law to modernize and strengthen minimum income schemes | CDE Almer\u00eda - Centro de Documentaci\u00f3n Europea - Universidad de Almer\u00eda","isPartOf":{"@id":"https:\/\/www.cde.ual.es\/#website"},"primaryImageOfPage":{"@id":"https:\/\/www.cde.ual.es\/en\/european-parliament-proposes-new-law-to-modernize-and-strengthen-minimum-income-schemes\/#primaryimage"},"image":{"@id":"https:\/\/www.cde.ual.es\/en\/european-parliament-proposes-new-law-to-modernize-and-strengthen-minimum-income-schemes\/#primaryimage"},"thumbnailUrl":"https:\/\/www.cde.ual.es\/wp-content\/uploads\/2023\/03\/wallet-gb2e4d1f8e_1280.jpg","datePublished":"2023-03-17T09:45:15+00:00","dateModified":"2023-03-17T09:59:08+00:00","breadcrumb":{"@id":"https:\/\/www.cde.ual.es\/en\/european-parliament-proposes-new-law-to-modernize-and-strengthen-minimum-income-schemes\/#breadcrumb"},"inLanguage":"en-US","potentialAction":[{"@type":"ReadAction","target":["https:\/\/www.cde.ual.es\/en\/european-parliament-proposes-new-law-to-modernize-and-strengthen-minimum-income-schemes\/"]}]},{"@type":"ImageObject","inLanguage":"en-US","@id":"https:\/\/www.cde.ual.es\/en\/european-parliament-proposes-new-law-to-modernize-and-strengthen-minimum-income-schemes\/#primaryimage","url":"https:\/\/www.cde.ual.es\/wp-content\/uploads\/2023\/03\/wallet-gb2e4d1f8e_1280.jpg","contentUrl":"https:\/\/www.cde.ual.es\/wp-content\/uploads\/2023\/03\/wallet-gb2e4d1f8e_1280.jpg","width":1280,"height":857},{"@type":"BreadcrumbList","@id":"https:\/\/www.cde.ual.es\/en\/european-parliament-proposes-new-law-to-modernize-and-strengthen-minimum-income-schemes\/#breadcrumb","itemListElement":[{"@type":"ListItem","position":1,"name":"Inicio","item":"https:\/\/www.cde.ual.es\/en\/"},{"@type":"ListItem","position":2,"name":"EU News","item":"https:\/\/www.cde.ual.es\/en\/category\/eu-news\/"},{"@type":"ListItem","position":3,"name":"Market","item":"https:\/\/www.cde.ual.es\/en\/category\/eu-news\/market\/"},{"@type":"ListItem","position":4,"name":"Economy and Finance","item":"https:\/\/www.cde.ual.es\/en\/category\/eu-news\/market\/economy-finance\/"},{"@type":"ListItem","position":5,"name":"European Parliament proposes new law to modernize and strengthen minimum income schemes"}]},{"@type":"WebSite","@id":"https:\/\/www.cde.ual.es\/#website","url":"https:\/\/www.cde.ual.es\/","name":"CDE Almer\u00eda - Centro de Documentaci\u00f3n Europea - Universidad de Almer\u00eda","description":"Centro de Documentaci\u00f3n Europea de la Universidad de Almer\u00eda","publisher":{"@id":"https:\/\/www.cde.ual.es\/#organization"},"alternateName":"CDE Almer\u00eda","potentialAction":[{"@type":"SearchAction","target":{"@type":"EntryPoint","urlTemplate":"https:\/\/www.cde.ual.es\/?s={search_term_string}"},"query-input":{"@type":"PropertyValueSpecification","valueRequired":true,"valueName":"search_term_string"}}],"inLanguage":"en-US"},{"@type":"Organization","@id":"https:\/\/www.cde.ual.es\/#organization","name":"Centro de Documentaci\u00f3n Europea de Almer\u00eda","url":"https:\/\/www.cde.ual.es\/","logo":{"@type":"ImageObject","inLanguage":"en-US","@id":"https:\/\/www.cde.ual.es\/#\/schema\/logo\/image\/","url":"https:\/\/www.cde.ual.es\/wp-content\/uploads\/2025\/07\/cde-logo-3.png","contentUrl":"https:\/\/www.cde.ual.es\/wp-content\/uploads\/2025\/07\/cde-logo-3.png","width":1400,"height":300,"caption":"Centro de Documentaci\u00f3n Europea de Almer\u00eda"},"image":{"@id":"https:\/\/www.cde.ual.es\/#\/schema\/logo\/image\/"},"sameAs":["https:\/\/www.facebook.com\/cdeuniversidadalmeria\/","https:\/\/x.com\/cdeualmeria","https:\/\/www.tiktok.com\/@cdealmeria","https:\/\/www.instagram.com\/cdealmeria\/","https:\/\/www.linkedin.com\/in\/cde-almera-812b26a9\/"]},{"@type":"Person","@id":"https:\/\/www.cde.ual.es\/#\/schema\/person\/ee46ebc19edfa19598c02cff83335acc","name":"BECA 2 CDE","image":{"@type":"ImageObject","inLanguage":"en-US","@id":"https:\/\/secure.gravatar.com\/avatar\/35a481bbc04bbd90e91bdfa3b0b5541036c222a49b9ad37b6889a2afcb5311a5?s=96&d=mm&r=g","url":"https:\/\/secure.gravatar.com\/avatar\/35a481bbc04bbd90e91bdfa3b0b5541036c222a49b9ad37b6889a2afcb5311a5?s=96&d=mm&r=g","contentUrl":"https:\/\/secure.gravatar.com\/avatar\/35a481bbc04bbd90e91bdfa3b0b5541036c222a49b9ad37b6889a2afcb5311a5?s=96&d=mm&r=g","caption":"BECA 2 CDE"},"sameAs":["http:\/\/www.cdealmeria.com"]}]}},"_links":{"self":[{"href":"https:\/\/www.cde.ual.es\/en\/wp-json\/wp\/v2\/posts\/132038","targetHints":{"allow":["GET"]}}],"collection":[{"href":"https:\/\/www.cde.ual.es\/en\/wp-json\/wp\/v2\/posts"}],"about":[{"href":"https:\/\/www.cde.ual.es\/en\/wp-json\/wp\/v2\/types\/post"}],"author":[{"embeddable":true,"href":"https:\/\/www.cde.ual.es\/en\/wp-json\/wp\/v2\/users\/101011"}],"replies":[{"embeddable":true,"href":"https:\/\/www.cde.ual.es\/en\/wp-json\/wp\/v2\/comments?post=132038"}],"version-history":[{"count":2,"href":"https:\/\/www.cde.ual.es\/en\/wp-json\/wp\/v2\/posts\/132038\/revisions"}],"predecessor-version":[{"id":132041,"href":"https:\/\/www.cde.ual.es\/en\/wp-json\/wp\/v2\/posts\/132038\/revisions\/132041"}],"wp:featuredmedia":[{"embeddable":true,"href":"https:\/\/www.cde.ual.es\/en\/wp-json\/wp\/v2\/media\/132035"}],"wp:attachment":[{"href":"https:\/\/www.cde.ual.es\/en\/wp-json\/wp\/v2\/media?parent=132038"}],"wp:term":[{"taxonomy":"category","embeddable":true,"href":"https:\/\/www.cde.ual.es\/en\/wp-json\/wp\/v2\/categories?post=132038"},{"taxonomy":"post_tag","embeddable":true,"href":"https:\/\/www.cde.ual.es\/en\/wp-json\/wp\/v2\/tags?post=132038"}],"curies":[{"name":"wp","href":"https:\/\/api.w.org\/{rel}","templated":true}]}}