{"id":131850,"date":"2023-03-15T10:49:30","date_gmt":"2023-03-15T09:49:30","guid":{"rendered":"https:\/\/www.cde.ual.es\/?p=131850"},"modified":"2023-03-30T11:30:23","modified_gmt":"2023-03-30T09:30:23","slug":"the-european-union-latin-america-and-caribbean-digital-alliance-was-launched-in-colombia","status":"publish","type":"post","link":"https:\/\/www.cde.ual.es\/en\/the-european-union-latin-america-and-caribbean-digital-alliance-was-launched-in-colombia\/","title":{"rendered":"The European Union-Latin America and Caribbean Digital Alliance was launched in Colombia"},"content":{"rendered":"<section id=\"inline-nav-1\">\n<div class=\"ecl-paragraph\">\n<p style=\"text-align: justify;\"><strong>The European Union-Latin America and Caribbean Digital Alliance was launched, a joint initiative to champion a human-centric approach to digital transformation.<\/strong><\/p>\n<p style=\"text-align: justify;\"><a href=\"https:\/\/www.cde.ual.es\/wp-content\/uploads\/2023\/03\/FrMR_xqWwAMHtPh.jpg\"><img decoding=\"async\" class=\" wp-image-131847 aligncenter\" src=\"https:\/\/www.cde.ual.es\/wp-content\/uploads\/2023\/03\/FrMR_xqWwAMHtPh-1024x1024.jpg\" alt=\"digital alliance\" width=\"599\" height=\"599\" srcset=\"https:\/\/www.cde.ual.es\/wp-content\/uploads\/2023\/03\/FrMR_xqWwAMHtPh-1024x1024.jpg 1024w, https:\/\/www.cde.ual.es\/wp-content\/uploads\/2023\/03\/FrMR_xqWwAMHtPh-300x300.jpg 300w, https:\/\/www.cde.ual.es\/wp-content\/uploads\/2023\/03\/FrMR_xqWwAMHtPh-150x150.jpg 150w, https:\/\/www.cde.ual.es\/wp-content\/uploads\/2023\/03\/FrMR_xqWwAMHtPh-768x768.jpg 768w, https:\/\/www.cde.ual.es\/wp-content\/uploads\/2023\/03\/FrMR_xqWwAMHtPh-120x120.jpg 120w, https:\/\/www.cde.ual.es\/wp-content\/uploads\/2023\/03\/FrMR_xqWwAMHtPh.jpg 1200w\" sizes=\"(max-width: 599px) 100vw, 599px\" \/><\/a><\/p>\n<p style=\"text-align: justify;\">It is supported by an initial contribution of \u20ac145 million from Team Europe, including \u20ac50 million from the EU budget to boost digital cooperation between both regions.<\/p>\n<p style=\"text-align: justify;\">The Alliance&#8217;s aim is to foster the development of secure, resilient and human-centric digital infrastructures on the basis of a values-based framework, ensuring a democratic and transparent enabling environment and putting a strong emphasis on privacy and digital rights. It is the first intercontinental digital partnership agreed between both regions under\u00a0<a href=\"https:\/\/commission.europa.eu\/strategy-and-policy\/priorities-2019-2024\/stronger-europe-world\/global-gateway_en\" target=\"_blank\" rel=\"noopener\">Global Gateway<\/a>\u00a0investment strategy, the EU&#8217;s offer for trusted and sustainable connections with partner countries.<\/p>\n<p style=\"text-align: justify;\">The initiative was hosted by the Presidency of Colombia in the framework of CELAC and launched at a high-level event by Executive Vice President of the European Commission Margrethe\u00a0<strong>Vestager<\/strong>, the Swedish Presidency of the EU Council and representatives from the Latin American and Caribbean and EU Member States. A process to finalise a joint declaration to underpin the Alliance was kickstarted towards the Summit. The Alliance will provide a forum for regular high-level dialogue and cooperation on priority topics. Both sides will work together on crucial digital areas such as infrastructure, regulatory environment, skills development, technology, entrepreneurship and innovation, and digitalisation of public services, as well as Earth observation data and satellite navigation applications and services.<\/p>\n<table style=\"width: 99.9988%; border-collapse: collapse; border-style: double; border-color: #001f7d;\" cellpadding=\"0,5\">\n<tbody>\n<tr>\n<td style=\"width: 100%;\"><a href=\"https:\/\/www.cde.ual.es\/en\/the-european-commission-proposed-a-pilot-project-to-strengthen-the-exchange-of-information-between-europol-and-colombia\/\" target=\"_blank\" rel=\"noopener\"><img decoding=\"async\" class=\"alignleft\" src=\"https:\/\/www.cde.ual.es\/wp-content\/uploads\/2023\/03\/el-paccto-2-1024x576.png\" alt=\"\" width=\"201\" height=\"134\" \/><\/a><\/p>\n<h4 class=\"entry-title\"><a href=\"https:\/\/www.cde.ual.es\/en\/the-european-commission-proposed-a-pilot-project-to-strengthen-the-exchange-of-information-between-europol-and-colombia\/\" target=\"_blank\" rel=\"noopener\">The European Commission proposed a pilot project to strengthen the exchange of information between Europol and Colombia<\/a><\/h4>\n<\/td>\n<\/tr>\n<\/tbody>\n<\/table>\n<p style=\"text-align: justify;\">It will rely on two important platforms for coordination, creating synergies in and between both regions: the\u00a0<a href=\"https:\/\/d4dhub.eu\/\" target=\"_blank\" rel=\"noopener\">D4D (Digital4Development) Hub<\/a>\u00a0for Team Europe partners, and ECLAC (UN Economic Commission for LAC) for Latin American and Caribbean partners. Governments, private stakeholders, international finance institutions, intergovernmental and non-governmental organisations, civil society and academia will be involved in the implementation of the alliance.<\/p>\n<p style=\"text-align: justify;\">Participants also discussed proposals for a digital investment agenda involving the private sector of both regions, in view of the EU-CELAC Summit in July 2023. Representatives of international finance institutions, CEOs of EU and LAC companies, civil society and academia also participated in the event.<\/p>\n<p style=\"text-align: justify;\"><strong>Background<\/strong><\/p>\n<p style=\"text-align: justify;\">The EU-CELAC Ministerial Meeting of 27 October 2022, co-chaired by High Representative\/Vice-President Josep\u00a0<strong>Borrell\u00a0<\/strong>and Argentinian Foreign Minister Santiago Cafiero, called for setting-up an EU-LAC Digital Alliance, underlining its benefits for both regions.<\/p>\n<p style=\"text-align: justify;\">In order to promote connectivity, innovation and the digitalisation of government and business, the EU-LAC Digital Alliance will support the digital projects of our EU-LAC\u00a0<strong>Investment Agenda<\/strong>, that will be discussed at the Summit and in particular, a number of\u00a0<strong>Global Gateway<\/strong>\u00a0initiatives. Notable examples of the Digital Alliance in action include:<\/p>\n<ul style=\"text-align: justify;\">\n<li>Extension of the\u00a0<a href=\"https:\/\/www.bella-programme.eu\/index.php\/en\/\" target=\"_blank\" rel=\"noopener\">BELLA fibre-optic cable<\/a>, building secure digital backbone connectivity and bringing the research communities of the EU and LAC closer together;<\/li>\n<li>Implementation of a\u00a0<a href=\"https:\/\/www.copernicus.eu\/en\" target=\"_blank\" rel=\"noopener\">regional Copernicus strategy<\/a>\u00a0including two regional Copernicus data centres in Panama and Chile;<\/li>\n<li>Establishment of an EU-LAC Digital Accelerator to foster multi-stakeholder and private sector collaboration, competitiveness, skills and innovation in the digital area. This will include the promotion of impact investments and support to the delivery of e-services by both public and private entities.<\/li>\n<\/ul>\n<p style=\"text-align: justify;\"><strong>More information: <a href=\"https:\/\/ec.europa.eu\/commission\/presscorner\/detail\/es\/ip_23_1598\">European Commission<\/a><\/strong><\/p>\n<\/div>\n<\/section>\n","protected":false},"excerpt":{"rendered":"<p>The European Union-Latin America and Caribbean Digital Alliance was launched, a joint initiative to champion a human-centric approach to digital transformation. It is supported by an initial contribution of \u20ac145 million from Team Europe, including \u20ac50 million from the EU budget to boost digital cooperation between both regions. The Alliance&#8217;s aim is to foster the [&hellip;]<\/p>\n","protected":false},"author":1,"featured_media":131848,"comment_status":"open","ping_status":"open","sticky":false,"template":"","format":"standard","meta":{"_acf_changed":false,"_relevanssi_hide_post":"","_relevanssi_hide_content":"","_relevanssi_pin_for_all":"","_relevanssi_pin_keywords":"","_relevanssi_unpin_keywords":"","_relevanssi_related_keywords":"","_relevanssi_related_include_ids":"","_relevanssi_related_exclude_ids":"","_relevanssi_related_no_append":"","_relevanssi_related_not_related":"","_relevanssi_related_posts":"","_relevanssi_noindex_reason":"","_monsterinsights_skip_tracking":false,"_monsterinsights_sitenote_active":false,"_monsterinsights_sitenote_note":"","_monsterinsights_sitenote_category":0,"_genesis_hide_title":false,"_genesis_hide_breadcrumbs":false,"_genesis_hide_singular_image":false,"_genesis_hide_footer_widgets":false,"_genesis_custom_body_class":"","_genesis_custom_post_class":"","_genesis_layout":"","footnotes":""},"categories":[346,4064,4065],"tags":[8664,5638,8761,368,506,351],"class_list":{"0":"post-131850","1":"post","2":"type-post","3":"status-publish","4":"format-standard","5":"has-post-thumbnail","7":"category-eu-news","8":"category-institutional","9":"category-international-pol-coop","10":"tag-caribbean","11":"tag-colombia-en","12":"tag-digital-alliance","13":"tag-european-union","14":"tag-latin-america","15":"tag-union-europea-en","16":"entry"},"acf":[],"yoast_head":"<!-- This site is optimized with the Yoast SEO plugin v27.5 - https:\/\/yoast.com\/product\/yoast-seo-wordpress\/ -->\n<title>The European Union-Latin America and Caribbean Digital Alliance was launched in Colombia | CDE Almer\u00eda - Centro de Documentaci\u00f3n Europea - Universidad de Almer\u00eda<\/title>\n<meta name=\"robots\" content=\"index, follow, max-snippet:-1, max-image-preview:large, max-video-preview:-1\" \/>\n<link rel=\"canonical\" href=\"https:\/\/www.cde.ual.es\/en\/the-european-union-latin-america-and-caribbean-digital-alliance-was-launched-in-colombia\/\" \/>\n<meta property=\"og:locale\" content=\"en_US\" \/>\n<meta property=\"og:type\" content=\"article\" \/>\n<meta property=\"og:title\" content=\"The European Union-Latin America and Caribbean Digital Alliance was launched in Colombia | CDE Almer\u00eda - Centro de Documentaci\u00f3n Europea - Universidad de Almer\u00eda\" \/>\n<meta property=\"og:description\" content=\"The European Union-Latin America and Caribbean Digital Alliance was launched, a joint initiative to champion a human-centric approach to digital transformation. It is supported by an initial contribution of \u20ac145 million from Team Europe, including \u20ac50 million from the EU budget to boost digital cooperation between both regions. The Alliance&#8217;s aim is to foster the [&hellip;]\" \/>\n<meta property=\"og:url\" content=\"https:\/\/www.cde.ual.es\/en\/the-european-union-latin-america-and-caribbean-digital-alliance-was-launched-in-colombia\/\" \/>\n<meta property=\"og:site_name\" content=\"CDE Almer\u00eda - Centro de Documentaci\u00f3n Europea - Universidad de Almer\u00eda\" \/>\n<meta property=\"article:publisher\" content=\"https:\/\/www.facebook.com\/cdeuniversidadalmeria\/\" \/>\n<meta property=\"article:published_time\" content=\"2023-03-15T09:49:30+00:00\" \/>\n<meta property=\"article:modified_time\" content=\"2023-03-30T09:30:23+00:00\" \/>\n<meta property=\"og:image\" content=\"https:\/\/www.cde.ual.es\/wp-content\/uploads\/2023\/03\/FrMR_xqWwAMHtPh.jpg\" \/>\n\t<meta property=\"og:image:width\" content=\"1200\" \/>\n\t<meta property=\"og:image:height\" content=\"1200\" \/>\n\t<meta property=\"og:image:type\" content=\"image\/jpeg\" \/>\n<meta name=\"author\" content=\"AdminCDE\" \/>\n<meta name=\"twitter:card\" content=\"summary_large_image\" \/>\n<meta name=\"twitter:creator\" content=\"@cdeualmeria\" \/>\n<meta name=\"twitter:site\" content=\"@cdeualmeria\" \/>\n<meta name=\"twitter:label1\" content=\"Written by\" \/>\n\t<meta name=\"twitter:data1\" content=\"AdminCDE\" \/>\n\t<meta name=\"twitter:label2\" content=\"Est. reading time\" \/>\n\t<meta name=\"twitter:data2\" content=\"3 minutes\" \/>\n<script type=\"application\/ld+json\" class=\"yoast-schema-graph\">{\"@context\":\"https:\\\/\\\/schema.org\",\"@graph\":[{\"@type\":\"Article\",\"@id\":\"https:\\\/\\\/www.cde.ual.es\\\/en\\\/the-european-union-latin-america-and-caribbean-digital-alliance-was-launched-in-colombia\\\/#article\",\"isPartOf\":{\"@id\":\"https:\\\/\\\/www.cde.ual.es\\\/en\\\/the-european-union-latin-america-and-caribbean-digital-alliance-was-launched-in-colombia\\\/\"},\"author\":{\"name\":\"AdminCDE\",\"@id\":\"https:\\\/\\\/www.cde.ual.es\\\/#\\\/schema\\\/person\\\/224ef08c8bcc005f319d2713ce37ee5f\"},\"headline\":\"The European Union-Latin America and Caribbean Digital Alliance was launched in Colombia\",\"datePublished\":\"2023-03-15T09:49:30+00:00\",\"dateModified\":\"2023-03-30T09:30:23+00:00\",\"mainEntityOfPage\":{\"@id\":\"https:\\\/\\\/www.cde.ual.es\\\/en\\\/the-european-union-latin-america-and-caribbean-digital-alliance-was-launched-in-colombia\\\/\"},\"wordCount\":536,\"commentCount\":0,\"publisher\":{\"@id\":\"https:\\\/\\\/www.cde.ual.es\\\/#organization\"},\"image\":{\"@id\":\"https:\\\/\\\/www.cde.ual.es\\\/en\\\/the-european-union-latin-america-and-caribbean-digital-alliance-was-launched-in-colombia\\\/#primaryimage\"},\"thumbnailUrl\":\"https:\\\/\\\/www.cde.ual.es\\\/wp-content\\\/uploads\\\/2023\\\/03\\\/FrMR_xqWwAMHtPh.jpg\",\"keywords\":[\"Caribbean\",\"Colombia\",\"Digital Alliance\",\"European Union\",\"Latin America\",\"Uni\u00f3n Europea\"],\"articleSection\":[\"EU News\",\"Institutional Affairs\",\"International Politics and Cooperation\"],\"inLanguage\":\"en-US\",\"potentialAction\":[{\"@type\":\"CommentAction\",\"name\":\"Comment\",\"target\":[\"https:\\\/\\\/www.cde.ual.es\\\/en\\\/the-european-union-latin-america-and-caribbean-digital-alliance-was-launched-in-colombia\\\/#respond\"]}]},{\"@type\":\"WebPage\",\"@id\":\"https:\\\/\\\/www.cde.ual.es\\\/en\\\/the-european-union-latin-america-and-caribbean-digital-alliance-was-launched-in-colombia\\\/\",\"url\":\"https:\\\/\\\/www.cde.ual.es\\\/en\\\/the-european-union-latin-america-and-caribbean-digital-alliance-was-launched-in-colombia\\\/\",\"name\":\"The European Union-Latin America and Caribbean Digital Alliance was launched in Colombia | CDE Almer\u00eda - Centro de Documentaci\u00f3n Europea - Universidad de Almer\u00eda\",\"isPartOf\":{\"@id\":\"https:\\\/\\\/www.cde.ual.es\\\/#website\"},\"primaryImageOfPage\":{\"@id\":\"https:\\\/\\\/www.cde.ual.es\\\/en\\\/the-european-union-latin-america-and-caribbean-digital-alliance-was-launched-in-colombia\\\/#primaryimage\"},\"image\":{\"@id\":\"https:\\\/\\\/www.cde.ual.es\\\/en\\\/the-european-union-latin-america-and-caribbean-digital-alliance-was-launched-in-colombia\\\/#primaryimage\"},\"thumbnailUrl\":\"https:\\\/\\\/www.cde.ual.es\\\/wp-content\\\/uploads\\\/2023\\\/03\\\/FrMR_xqWwAMHtPh.jpg\",\"datePublished\":\"2023-03-15T09:49:30+00:00\",\"dateModified\":\"2023-03-30T09:30:23+00:00\",\"breadcrumb\":{\"@id\":\"https:\\\/\\\/www.cde.ual.es\\\/en\\\/the-european-union-latin-america-and-caribbean-digital-alliance-was-launched-in-colombia\\\/#breadcrumb\"},\"inLanguage\":\"en-US\",\"potentialAction\":[{\"@type\":\"ReadAction\",\"target\":[\"https:\\\/\\\/www.cde.ual.es\\\/en\\\/the-european-union-latin-america-and-caribbean-digital-alliance-was-launched-in-colombia\\\/\"]}]},{\"@type\":\"ImageObject\",\"inLanguage\":\"en-US\",\"@id\":\"https:\\\/\\\/www.cde.ual.es\\\/en\\\/the-european-union-latin-america-and-caribbean-digital-alliance-was-launched-in-colombia\\\/#primaryimage\",\"url\":\"https:\\\/\\\/www.cde.ual.es\\\/wp-content\\\/uploads\\\/2023\\\/03\\\/FrMR_xqWwAMHtPh.jpg\",\"contentUrl\":\"https:\\\/\\\/www.cde.ual.es\\\/wp-content\\\/uploads\\\/2023\\\/03\\\/FrMR_xqWwAMHtPh.jpg\",\"width\":1200,\"height\":1200,\"caption\":\"digital alliance\"},{\"@type\":\"BreadcrumbList\",\"@id\":\"https:\\\/\\\/www.cde.ual.es\\\/en\\\/the-european-union-latin-america-and-caribbean-digital-alliance-was-launched-in-colombia\\\/#breadcrumb\",\"itemListElement\":[{\"@type\":\"ListItem\",\"position\":1,\"name\":\"Inicio\",\"item\":\"https:\\\/\\\/www.cde.ual.es\\\/en\\\/\"},{\"@type\":\"ListItem\",\"position\":2,\"name\":\"EU News\",\"item\":\"https:\\\/\\\/www.cde.ual.es\\\/en\\\/category\\\/eu-news\\\/\"},{\"@type\":\"ListItem\",\"position\":3,\"name\":\"Institutional Affairs\",\"item\":\"https:\\\/\\\/www.cde.ual.es\\\/en\\\/category\\\/eu-news\\\/institutional\\\/\"},{\"@type\":\"ListItem\",\"position\":4,\"name\":\"International Politics and Cooperation\",\"item\":\"https:\\\/\\\/www.cde.ual.es\\\/en\\\/category\\\/eu-news\\\/institutional\\\/international-pol-coop\\\/\"},{\"@type\":\"ListItem\",\"position\":5,\"name\":\"The European Union-Latin America and Caribbean Digital Alliance was launched in Colombia\"}]},{\"@type\":\"WebSite\",\"@id\":\"https:\\\/\\\/www.cde.ual.es\\\/#website\",\"url\":\"https:\\\/\\\/www.cde.ual.es\\\/\",\"name\":\"CDE Almer\u00eda - Centro de Documentaci\u00f3n Europea - Universidad de Almer\u00eda\",\"description\":\"Centro de Documentaci\u00f3n Europea de la Universidad de Almer\u00eda\",\"publisher\":{\"@id\":\"https:\\\/\\\/www.cde.ual.es\\\/#organization\"},\"alternateName\":\"CDE Almer\u00eda\",\"potentialAction\":[{\"@type\":\"SearchAction\",\"target\":{\"@type\":\"EntryPoint\",\"urlTemplate\":\"https:\\\/\\\/www.cde.ual.es\\\/?s={search_term_string}\"},\"query-input\":{\"@type\":\"PropertyValueSpecification\",\"valueRequired\":true,\"valueName\":\"search_term_string\"}}],\"inLanguage\":\"en-US\"},{\"@type\":\"Organization\",\"@id\":\"https:\\\/\\\/www.cde.ual.es\\\/#organization\",\"name\":\"Centro de Documentaci\u00f3n Europea de Almer\u00eda\",\"url\":\"https:\\\/\\\/www.cde.ual.es\\\/\",\"logo\":{\"@type\":\"ImageObject\",\"inLanguage\":\"en-US\",\"@id\":\"https:\\\/\\\/www.cde.ual.es\\\/#\\\/schema\\\/logo\\\/image\\\/\",\"url\":\"https:\\\/\\\/www.cde.ual.es\\\/wp-content\\\/uploads\\\/2025\\\/07\\\/cde-logo-3.png\",\"contentUrl\":\"https:\\\/\\\/www.cde.ual.es\\\/wp-content\\\/uploads\\\/2025\\\/07\\\/cde-logo-3.png\",\"width\":1400,\"height\":300,\"caption\":\"Centro de Documentaci\u00f3n Europea de Almer\u00eda\"},\"image\":{\"@id\":\"https:\\\/\\\/www.cde.ual.es\\\/#\\\/schema\\\/logo\\\/image\\\/\"},\"sameAs\":[\"https:\\\/\\\/www.facebook.com\\\/cdeuniversidadalmeria\\\/\",\"https:\\\/\\\/x.com\\\/cdeualmeria\",\"https:\\\/\\\/www.tiktok.com\\\/@cdealmeria\",\"https:\\\/\\\/www.instagram.com\\\/cdealmeria\\\/\",\"https:\\\/\\\/www.linkedin.com\\\/in\\\/cde-almera-812b26a9\\\/\"]},{\"@type\":\"Person\",\"@id\":\"https:\\\/\\\/www.cde.ual.es\\\/#\\\/schema\\\/person\\\/224ef08c8bcc005f319d2713ce37ee5f\",\"name\":\"AdminCDE\",\"image\":{\"@type\":\"ImageObject\",\"inLanguage\":\"en-US\",\"@id\":\"https:\\\/\\\/secure.gravatar.com\\\/avatar\\\/a72d038d371f995cd13706fac32274b7952a52e8fb0a84b5f80c85426f2a98a8?s=96&d=mm&r=g\",\"url\":\"https:\\\/\\\/secure.gravatar.com\\\/avatar\\\/a72d038d371f995cd13706fac32274b7952a52e8fb0a84b5f80c85426f2a98a8?s=96&d=mm&r=g\",\"contentUrl\":\"https:\\\/\\\/secure.gravatar.com\\\/avatar\\\/a72d038d371f995cd13706fac32274b7952a52e8fb0a84b5f80c85426f2a98a8?s=96&d=mm&r=g\",\"caption\":\"AdminCDE\"}}]}<\/script>\n<!-- \/ Yoast SEO plugin. -->","yoast_head_json":{"title":"The European Union-Latin America and Caribbean Digital Alliance was launched in Colombia | CDE Almer\u00eda - Centro de Documentaci\u00f3n Europea - Universidad de Almer\u00eda","robots":{"index":"index","follow":"follow","max-snippet":"max-snippet:-1","max-image-preview":"max-image-preview:large","max-video-preview":"max-video-preview:-1"},"canonical":"https:\/\/www.cde.ual.es\/en\/the-european-union-latin-america-and-caribbean-digital-alliance-was-launched-in-colombia\/","og_locale":"en_US","og_type":"article","og_title":"The European Union-Latin America and Caribbean Digital Alliance was launched in Colombia | CDE Almer\u00eda - Centro de Documentaci\u00f3n Europea - Universidad de Almer\u00eda","og_description":"The European Union-Latin America and Caribbean Digital Alliance was launched, a joint initiative to champion a human-centric approach to digital transformation. It is supported by an initial contribution of \u20ac145 million from Team Europe, including \u20ac50 million from the EU budget to boost digital cooperation between both regions. The Alliance&#8217;s aim is to foster the [&hellip;]","og_url":"https:\/\/www.cde.ual.es\/en\/the-european-union-latin-america-and-caribbean-digital-alliance-was-launched-in-colombia\/","og_site_name":"CDE Almer\u00eda - Centro de Documentaci\u00f3n Europea - Universidad de Almer\u00eda","article_publisher":"https:\/\/www.facebook.com\/cdeuniversidadalmeria\/","article_published_time":"2023-03-15T09:49:30+00:00","article_modified_time":"2023-03-30T09:30:23+00:00","og_image":[{"width":1200,"height":1200,"url":"https:\/\/www.cde.ual.es\/wp-content\/uploads\/2023\/03\/FrMR_xqWwAMHtPh.jpg","type":"image\/jpeg"}],"author":"AdminCDE","twitter_card":"summary_large_image","twitter_creator":"@cdeualmeria","twitter_site":"@cdeualmeria","twitter_misc":{"Written by":"AdminCDE","Est. reading time":"3 minutes"},"schema":{"@context":"https:\/\/schema.org","@graph":[{"@type":"Article","@id":"https:\/\/www.cde.ual.es\/en\/the-european-union-latin-america-and-caribbean-digital-alliance-was-launched-in-colombia\/#article","isPartOf":{"@id":"https:\/\/www.cde.ual.es\/en\/the-european-union-latin-america-and-caribbean-digital-alliance-was-launched-in-colombia\/"},"author":{"name":"AdminCDE","@id":"https:\/\/www.cde.ual.es\/#\/schema\/person\/224ef08c8bcc005f319d2713ce37ee5f"},"headline":"The European Union-Latin America and Caribbean Digital Alliance was launched in Colombia","datePublished":"2023-03-15T09:49:30+00:00","dateModified":"2023-03-30T09:30:23+00:00","mainEntityOfPage":{"@id":"https:\/\/www.cde.ual.es\/en\/the-european-union-latin-america-and-caribbean-digital-alliance-was-launched-in-colombia\/"},"wordCount":536,"commentCount":0,"publisher":{"@id":"https:\/\/www.cde.ual.es\/#organization"},"image":{"@id":"https:\/\/www.cde.ual.es\/en\/the-european-union-latin-america-and-caribbean-digital-alliance-was-launched-in-colombia\/#primaryimage"},"thumbnailUrl":"https:\/\/www.cde.ual.es\/wp-content\/uploads\/2023\/03\/FrMR_xqWwAMHtPh.jpg","keywords":["Caribbean","Colombia","Digital Alliance","European Union","Latin America","Uni\u00f3n Europea"],"articleSection":["EU News","Institutional Affairs","International Politics and Cooperation"],"inLanguage":"en-US","potentialAction":[{"@type":"CommentAction","name":"Comment","target":["https:\/\/www.cde.ual.es\/en\/the-european-union-latin-america-and-caribbean-digital-alliance-was-launched-in-colombia\/#respond"]}]},{"@type":"WebPage","@id":"https:\/\/www.cde.ual.es\/en\/the-european-union-latin-america-and-caribbean-digital-alliance-was-launched-in-colombia\/","url":"https:\/\/www.cde.ual.es\/en\/the-european-union-latin-america-and-caribbean-digital-alliance-was-launched-in-colombia\/","name":"The European Union-Latin America and Caribbean Digital Alliance was launched in Colombia | CDE Almer\u00eda - Centro de Documentaci\u00f3n Europea - Universidad de Almer\u00eda","isPartOf":{"@id":"https:\/\/www.cde.ual.es\/#website"},"primaryImageOfPage":{"@id":"https:\/\/www.cde.ual.es\/en\/the-european-union-latin-america-and-caribbean-digital-alliance-was-launched-in-colombia\/#primaryimage"},"image":{"@id":"https:\/\/www.cde.ual.es\/en\/the-european-union-latin-america-and-caribbean-digital-alliance-was-launched-in-colombia\/#primaryimage"},"thumbnailUrl":"https:\/\/www.cde.ual.es\/wp-content\/uploads\/2023\/03\/FrMR_xqWwAMHtPh.jpg","datePublished":"2023-03-15T09:49:30+00:00","dateModified":"2023-03-30T09:30:23+00:00","breadcrumb":{"@id":"https:\/\/www.cde.ual.es\/en\/the-european-union-latin-america-and-caribbean-digital-alliance-was-launched-in-colombia\/#breadcrumb"},"inLanguage":"en-US","potentialAction":[{"@type":"ReadAction","target":["https:\/\/www.cde.ual.es\/en\/the-european-union-latin-america-and-caribbean-digital-alliance-was-launched-in-colombia\/"]}]},{"@type":"ImageObject","inLanguage":"en-US","@id":"https:\/\/www.cde.ual.es\/en\/the-european-union-latin-america-and-caribbean-digital-alliance-was-launched-in-colombia\/#primaryimage","url":"https:\/\/www.cde.ual.es\/wp-content\/uploads\/2023\/03\/FrMR_xqWwAMHtPh.jpg","contentUrl":"https:\/\/www.cde.ual.es\/wp-content\/uploads\/2023\/03\/FrMR_xqWwAMHtPh.jpg","width":1200,"height":1200,"caption":"digital alliance"},{"@type":"BreadcrumbList","@id":"https:\/\/www.cde.ual.es\/en\/the-european-union-latin-america-and-caribbean-digital-alliance-was-launched-in-colombia\/#breadcrumb","itemListElement":[{"@type":"ListItem","position":1,"name":"Inicio","item":"https:\/\/www.cde.ual.es\/en\/"},{"@type":"ListItem","position":2,"name":"EU News","item":"https:\/\/www.cde.ual.es\/en\/category\/eu-news\/"},{"@type":"ListItem","position":3,"name":"Institutional Affairs","item":"https:\/\/www.cde.ual.es\/en\/category\/eu-news\/institutional\/"},{"@type":"ListItem","position":4,"name":"International Politics and Cooperation","item":"https:\/\/www.cde.ual.es\/en\/category\/eu-news\/institutional\/international-pol-coop\/"},{"@type":"ListItem","position":5,"name":"The European Union-Latin America and Caribbean Digital Alliance was launched in Colombia"}]},{"@type":"WebSite","@id":"https:\/\/www.cde.ual.es\/#website","url":"https:\/\/www.cde.ual.es\/","name":"CDE Almer\u00eda - Centro de Documentaci\u00f3n Europea - Universidad de Almer\u00eda","description":"Centro de Documentaci\u00f3n Europea de la Universidad de Almer\u00eda","publisher":{"@id":"https:\/\/www.cde.ual.es\/#organization"},"alternateName":"CDE Almer\u00eda","potentialAction":[{"@type":"SearchAction","target":{"@type":"EntryPoint","urlTemplate":"https:\/\/www.cde.ual.es\/?s={search_term_string}"},"query-input":{"@type":"PropertyValueSpecification","valueRequired":true,"valueName":"search_term_string"}}],"inLanguage":"en-US"},{"@type":"Organization","@id":"https:\/\/www.cde.ual.es\/#organization","name":"Centro de Documentaci\u00f3n Europea de Almer\u00eda","url":"https:\/\/www.cde.ual.es\/","logo":{"@type":"ImageObject","inLanguage":"en-US","@id":"https:\/\/www.cde.ual.es\/#\/schema\/logo\/image\/","url":"https:\/\/www.cde.ual.es\/wp-content\/uploads\/2025\/07\/cde-logo-3.png","contentUrl":"https:\/\/www.cde.ual.es\/wp-content\/uploads\/2025\/07\/cde-logo-3.png","width":1400,"height":300,"caption":"Centro de Documentaci\u00f3n Europea de Almer\u00eda"},"image":{"@id":"https:\/\/www.cde.ual.es\/#\/schema\/logo\/image\/"},"sameAs":["https:\/\/www.facebook.com\/cdeuniversidadalmeria\/","https:\/\/x.com\/cdeualmeria","https:\/\/www.tiktok.com\/@cdealmeria","https:\/\/www.instagram.com\/cdealmeria\/","https:\/\/www.linkedin.com\/in\/cde-almera-812b26a9\/"]},{"@type":"Person","@id":"https:\/\/www.cde.ual.es\/#\/schema\/person\/224ef08c8bcc005f319d2713ce37ee5f","name":"AdminCDE","image":{"@type":"ImageObject","inLanguage":"en-US","@id":"https:\/\/secure.gravatar.com\/avatar\/a72d038d371f995cd13706fac32274b7952a52e8fb0a84b5f80c85426f2a98a8?s=96&d=mm&r=g","url":"https:\/\/secure.gravatar.com\/avatar\/a72d038d371f995cd13706fac32274b7952a52e8fb0a84b5f80c85426f2a98a8?s=96&d=mm&r=g","contentUrl":"https:\/\/secure.gravatar.com\/avatar\/a72d038d371f995cd13706fac32274b7952a52e8fb0a84b5f80c85426f2a98a8?s=96&d=mm&r=g","caption":"AdminCDE"}}]}},"_links":{"self":[{"href":"https:\/\/www.cde.ual.es\/en\/wp-json\/wp\/v2\/posts\/131850","targetHints":{"allow":["GET"]}}],"collection":[{"href":"https:\/\/www.cde.ual.es\/en\/wp-json\/wp\/v2\/posts"}],"about":[{"href":"https:\/\/www.cde.ual.es\/en\/wp-json\/wp\/v2\/types\/post"}],"author":[{"embeddable":true,"href":"https:\/\/www.cde.ual.es\/en\/wp-json\/wp\/v2\/users\/1"}],"replies":[{"embeddable":true,"href":"https:\/\/www.cde.ual.es\/en\/wp-json\/wp\/v2\/comments?post=131850"}],"version-history":[{"count":1,"href":"https:\/\/www.cde.ual.es\/en\/wp-json\/wp\/v2\/posts\/131850\/revisions"}],"predecessor-version":[{"id":131851,"href":"https:\/\/www.cde.ual.es\/en\/wp-json\/wp\/v2\/posts\/131850\/revisions\/131851"}],"wp:featuredmedia":[{"embeddable":true,"href":"https:\/\/www.cde.ual.es\/en\/wp-json\/wp\/v2\/media\/131848"}],"wp:attachment":[{"href":"https:\/\/www.cde.ual.es\/en\/wp-json\/wp\/v2\/media?parent=131850"}],"wp:term":[{"taxonomy":"category","embeddable":true,"href":"https:\/\/www.cde.ual.es\/en\/wp-json\/wp\/v2\/categories?post=131850"},{"taxonomy":"post_tag","embeddable":true,"href":"https:\/\/www.cde.ual.es\/en\/wp-json\/wp\/v2\/tags?post=131850"}],"curies":[{"name":"wp","href":"https:\/\/api.w.org\/{rel}","templated":true}]}}