{"id":13171,"date":"2019-02-19T12:26:53","date_gmt":"2019-02-19T11:26:53","guid":{"rendered":"http:\/\/www.cde.ual.es\/?p=13171"},"modified":"2019-02-19T12:26:56","modified_gmt":"2019-02-19T11:26:56","slug":"refuerzo-de-la-respuesta-de-la-ue-ante-los-desastres","status":"publish","type":"post","link":"https:\/\/www.cde.ual.es\/en\/refuerzo-de-la-respuesta-de-la-ue-ante-los-desastres\/","title":{"rendered":"Refuerzo de la respuesta de la UE ante los desastres"},"content":{"rendered":"\n<p>T\u00edtulo: Refuerzo de la respuesta de la UE ante los desastres<\/p>\n\n\n\n<p>Autor: Parlamento Europeo<\/p>\n\n\n\n<p>Duraci\u00f3n: 01:14<\/p>\n\n\n\n<p>Resumen:  Se va a actualizar el Mecanismo de Protecci\u00f3n Civil de la UE para mejorar la capacidad de respuesta en caso de cat\u00e1strofe. El Parlamento quiere que los Estados miembros est\u00e9n mejor preparados para responder con eficacia a los desastres de origen natural y humano. Se crear\u00e1 una reserva de recursos de emergencia denominada RescEU para complementar los recursos de que disponen los Estados miembros. <\/p>\n\n\n\n<p>Fecha de Publicaci\u00f3n: 18-02-2019<\/p>\n\n\n\n<figure><iframe src=\"https:\/\/multimedia.europarl.europa.eu\/es\/strengthening-the-eu-s-disaster-response_N01-PUB-190218-CIVI_ev?p_p_state=pop_up&amp;lang=es&amp;autoplay=on\" width=\"560\" height=\"315\"><\/iframe><\/figure>\n","protected":false},"excerpt":{"rendered":"<p>T\u00edtulo: Refuerzo de la respuesta de la UE ante los desastres Autor: Parlamento Europeo Duraci\u00f3n: 01:14 Resumen: Se va a actualizar el Mecanismo de Protecci\u00f3n Civil de la UE para mejorar la capacidad de respuesta en caso de cat\u00e1strofe. El Parlamento quiere que los Estados miembros est\u00e9n mejor preparados para responder con eficacia a los [&hellip;]<\/p>\n","protected":false},"author":1,"featured_media":13172,"comment_status":"open","ping_status":"open","sticky":false,"template":"","format":"standard","meta":{"_acf_changed":false,"_relevanssi_hide_post":"","_relevanssi_hide_content":"","_relevanssi_pin_for_all":"","_relevanssi_pin_keywords":"","_relevanssi_unpin_keywords":"","_relevanssi_related_keywords":"","_relevanssi_related_include_ids":"","_relevanssi_related_exclude_ids":"","_relevanssi_related_no_append":"","_relevanssi_related_not_related":"","_relevanssi_related_posts":"","_relevanssi_noindex_reason":"","_monsterinsights_skip_tracking":false,"_monsterinsights_sitenote_active":false,"_monsterinsights_sitenote_note":"","_monsterinsights_sitenote_category":0,"_genesis_hide_title":false,"_genesis_hide_breadcrumbs":false,"_genesis_hide_singular_image":false,"_genesis_hide_footer_widgets":false,"_genesis_custom_body_class":"","_genesis_custom_post_class":"","_genesis_layout":"","footnotes":""},"categories":[121,115],"tags":[335],"class_list":{"0":"post-13171","1":"post","2":"type-post","3":"status-publish","4":"format-standard","5":"has-post-thumbnail","7":"category-mediateca-defensa-y-seguridad","8":"category-repositorio-mediateca","9":"tag-proteccion-civil","10":"entry"},"acf":[],"yoast_head":"<!-- This site is optimized with the Yoast SEO plugin v27.4 - https:\/\/yoast.com\/product\/yoast-seo-wordpress\/ -->\n<title>Refuerzo de la respuesta de la UE ante los desastres | CDE Almer\u00eda - Centro de Documentaci\u00f3n Europea - Universidad de Almer\u00eda<\/title>\n<meta name=\"robots\" content=\"index, follow, max-snippet:-1, max-image-preview:large, max-video-preview:-1\" \/>\n<link rel=\"canonical\" href=\"https:\/\/www.cde.ual.es\/refuerzo-de-la-respuesta-de-la-ue-ante-los-desastres\/\" \/>\n<meta property=\"og:locale\" content=\"en_US\" \/>\n<meta property=\"og:type\" content=\"article\" \/>\n<meta property=\"og:title\" content=\"Refuerzo de la respuesta de la UE ante los desastres | CDE Almer\u00eda - Centro de Documentaci\u00f3n Europea - Universidad de Almer\u00eda\" \/>\n<meta property=\"og:description\" content=\"T\u00edtulo: Refuerzo de la respuesta de la UE ante los desastres Autor: Parlamento Europeo Duraci\u00f3n: 01:14 Resumen: Se va a actualizar el Mecanismo de Protecci\u00f3n Civil de la UE para mejorar la capacidad de respuesta en caso de cat\u00e1strofe. El Parlamento quiere que los Estados miembros est\u00e9n mejor preparados para responder con eficacia a los [&hellip;]\" \/>\n<meta property=\"og:url\" content=\"https:\/\/www.cde.ual.es\/refuerzo-de-la-respuesta-de-la-ue-ante-los-desastres\/\" \/>\n<meta property=\"og:site_name\" content=\"CDE Almer\u00eda - Centro de Documentaci\u00f3n Europea - Universidad de Almer\u00eda\" \/>\n<meta property=\"article:publisher\" content=\"https:\/\/www.facebook.com\/cdeuniversidadalmeria\/\" \/>\n<meta property=\"article:published_time\" content=\"2019-02-19T11:26:53+00:00\" \/>\n<meta property=\"article:modified_time\" content=\"2019-02-19T11:26:56+00:00\" \/>\n<meta property=\"og:image\" content=\"https:\/\/www.cde.ual.es\/wp-content\/uploads\/2019\/02\/Atajar-desastres.png\" \/>\n\t<meta property=\"og:image:width\" content=\"563\" \/>\n\t<meta property=\"og:image:height\" content=\"354\" \/>\n\t<meta property=\"og:image:type\" content=\"image\/png\" \/>\n<meta name=\"author\" content=\"AdminCDE\" \/>\n<meta name=\"twitter:card\" content=\"summary_large_image\" \/>\n<meta name=\"twitter:creator\" content=\"@cdeualmeria\" \/>\n<meta name=\"twitter:site\" content=\"@cdeualmeria\" \/>\n<meta name=\"twitter:label1\" content=\"Written by\" \/>\n\t<meta name=\"twitter:data1\" content=\"AdminCDE\" \/>\n<script type=\"application\/ld+json\" class=\"yoast-schema-graph\">{\"@context\":\"https:\\\/\\\/schema.org\",\"@graph\":[{\"@type\":\"Article\",\"@id\":\"https:\\\/\\\/www.cde.ual.es\\\/refuerzo-de-la-respuesta-de-la-ue-ante-los-desastres\\\/#article\",\"isPartOf\":{\"@id\":\"https:\\\/\\\/www.cde.ual.es\\\/refuerzo-de-la-respuesta-de-la-ue-ante-los-desastres\\\/\"},\"author\":{\"name\":\"AdminCDE\",\"@id\":\"https:\\\/\\\/www.cde.ual.es\\\/#\\\/schema\\\/person\\\/224ef08c8bcc005f319d2713ce37ee5f\"},\"headline\":\"Refuerzo de la respuesta de la UE ante los desastres\",\"datePublished\":\"2019-02-19T11:26:53+00:00\",\"dateModified\":\"2019-02-19T11:26:56+00:00\",\"mainEntityOfPage\":{\"@id\":\"https:\\\/\\\/www.cde.ual.es\\\/refuerzo-de-la-respuesta-de-la-ue-ante-los-desastres\\\/\"},\"wordCount\":101,\"commentCount\":0,\"publisher\":{\"@id\":\"https:\\\/\\\/www.cde.ual.es\\\/#organization\"},\"image\":{\"@id\":\"https:\\\/\\\/www.cde.ual.es\\\/refuerzo-de-la-respuesta-de-la-ue-ante-los-desastres\\\/#primaryimage\"},\"thumbnailUrl\":\"https:\\\/\\\/www.cde.ual.es\\\/wp-content\\\/uploads\\\/2019\\\/02\\\/Atajar-desastres.png\",\"keywords\":[\"Protecci\u00f3n Civil\"],\"articleSection\":[\"Mediateca - Defensa y Seguridad\",\"Repositorio Mediateca\"],\"inLanguage\":\"en-US\",\"potentialAction\":[{\"@type\":\"CommentAction\",\"name\":\"Comment\",\"target\":[\"https:\\\/\\\/www.cde.ual.es\\\/refuerzo-de-la-respuesta-de-la-ue-ante-los-desastres\\\/#respond\"]}]},{\"@type\":\"WebPage\",\"@id\":\"https:\\\/\\\/www.cde.ual.es\\\/refuerzo-de-la-respuesta-de-la-ue-ante-los-desastres\\\/\",\"url\":\"https:\\\/\\\/www.cde.ual.es\\\/refuerzo-de-la-respuesta-de-la-ue-ante-los-desastres\\\/\",\"name\":\"Refuerzo de la respuesta de la UE ante los desastres | CDE Almer\u00eda - Centro de Documentaci\u00f3n Europea - Universidad de Almer\u00eda\",\"isPartOf\":{\"@id\":\"https:\\\/\\\/www.cde.ual.es\\\/#website\"},\"primaryImageOfPage\":{\"@id\":\"https:\\\/\\\/www.cde.ual.es\\\/refuerzo-de-la-respuesta-de-la-ue-ante-los-desastres\\\/#primaryimage\"},\"image\":{\"@id\":\"https:\\\/\\\/www.cde.ual.es\\\/refuerzo-de-la-respuesta-de-la-ue-ante-los-desastres\\\/#primaryimage\"},\"thumbnailUrl\":\"https:\\\/\\\/www.cde.ual.es\\\/wp-content\\\/uploads\\\/2019\\\/02\\\/Atajar-desastres.png\",\"datePublished\":\"2019-02-19T11:26:53+00:00\",\"dateModified\":\"2019-02-19T11:26:56+00:00\",\"breadcrumb\":{\"@id\":\"https:\\\/\\\/www.cde.ual.es\\\/refuerzo-de-la-respuesta-de-la-ue-ante-los-desastres\\\/#breadcrumb\"},\"inLanguage\":\"en-US\",\"potentialAction\":[{\"@type\":\"ReadAction\",\"target\":[\"https:\\\/\\\/www.cde.ual.es\\\/refuerzo-de-la-respuesta-de-la-ue-ante-los-desastres\\\/\"]}]},{\"@type\":\"ImageObject\",\"inLanguage\":\"en-US\",\"@id\":\"https:\\\/\\\/www.cde.ual.es\\\/refuerzo-de-la-respuesta-de-la-ue-ante-los-desastres\\\/#primaryimage\",\"url\":\"https:\\\/\\\/www.cde.ual.es\\\/wp-content\\\/uploads\\\/2019\\\/02\\\/Atajar-desastres.png\",\"contentUrl\":\"https:\\\/\\\/www.cde.ual.es\\\/wp-content\\\/uploads\\\/2019\\\/02\\\/Atajar-desastres.png\",\"width\":563,\"height\":354},{\"@type\":\"BreadcrumbList\",\"@id\":\"https:\\\/\\\/www.cde.ual.es\\\/refuerzo-de-la-respuesta-de-la-ue-ante-los-desastres\\\/#breadcrumb\",\"itemListElement\":[{\"@type\":\"ListItem\",\"position\":1,\"name\":\"Inicio\",\"item\":\"https:\\\/\\\/www.cde.ual.es\\\/en\\\/\"},{\"@type\":\"ListItem\",\"position\":2,\"name\":\"Repositorio Mediateca\",\"item\":\"https:\\\/\\\/www.cde.ual.es\\\/category\\\/repositorio-mediateca\\\/\"},{\"@type\":\"ListItem\",\"position\":3,\"name\":\"Mediateca - Defensa y Seguridad\",\"item\":\"https:\\\/\\\/www.cde.ual.es\\\/category\\\/repositorio-mediateca\\\/mediateca-defensa-y-seguridad\\\/\"},{\"@type\":\"ListItem\",\"position\":4,\"name\":\"Refuerzo de la respuesta de la UE ante los desastres\"}]},{\"@type\":\"WebSite\",\"@id\":\"https:\\\/\\\/www.cde.ual.es\\\/#website\",\"url\":\"https:\\\/\\\/www.cde.ual.es\\\/\",\"name\":\"CDE Almer\u00eda - Centro de Documentaci\u00f3n Europea - Universidad de Almer\u00eda\",\"description\":\"Centro de Documentaci\u00f3n Europea de la Universidad de Almer\u00eda\",\"publisher\":{\"@id\":\"https:\\\/\\\/www.cde.ual.es\\\/#organization\"},\"alternateName\":\"CDE Almer\u00eda\",\"potentialAction\":[{\"@type\":\"SearchAction\",\"target\":{\"@type\":\"EntryPoint\",\"urlTemplate\":\"https:\\\/\\\/www.cde.ual.es\\\/?s={search_term_string}\"},\"query-input\":{\"@type\":\"PropertyValueSpecification\",\"valueRequired\":true,\"valueName\":\"search_term_string\"}}],\"inLanguage\":\"en-US\"},{\"@type\":\"Organization\",\"@id\":\"https:\\\/\\\/www.cde.ual.es\\\/#organization\",\"name\":\"Centro de Documentaci\u00f3n Europea de Almer\u00eda\",\"url\":\"https:\\\/\\\/www.cde.ual.es\\\/\",\"logo\":{\"@type\":\"ImageObject\",\"inLanguage\":\"en-US\",\"@id\":\"https:\\\/\\\/www.cde.ual.es\\\/#\\\/schema\\\/logo\\\/image\\\/\",\"url\":\"https:\\\/\\\/www.cde.ual.es\\\/wp-content\\\/uploads\\\/2025\\\/07\\\/cde-logo-3.png\",\"contentUrl\":\"https:\\\/\\\/www.cde.ual.es\\\/wp-content\\\/uploads\\\/2025\\\/07\\\/cde-logo-3.png\",\"width\":1400,\"height\":300,\"caption\":\"Centro de Documentaci\u00f3n Europea de Almer\u00eda\"},\"image\":{\"@id\":\"https:\\\/\\\/www.cde.ual.es\\\/#\\\/schema\\\/logo\\\/image\\\/\"},\"sameAs\":[\"https:\\\/\\\/www.facebook.com\\\/cdeuniversidadalmeria\\\/\",\"https:\\\/\\\/x.com\\\/cdeualmeria\",\"https:\\\/\\\/www.tiktok.com\\\/@cdealmeria\",\"https:\\\/\\\/www.instagram.com\\\/cdealmeria\\\/\",\"https:\\\/\\\/www.linkedin.com\\\/in\\\/cde-almera-812b26a9\\\/\"]},{\"@type\":\"Person\",\"@id\":\"https:\\\/\\\/www.cde.ual.es\\\/#\\\/schema\\\/person\\\/224ef08c8bcc005f319d2713ce37ee5f\",\"name\":\"AdminCDE\",\"image\":{\"@type\":\"ImageObject\",\"inLanguage\":\"en-US\",\"@id\":\"https:\\\/\\\/secure.gravatar.com\\\/avatar\\\/a72d038d371f995cd13706fac32274b7952a52e8fb0a84b5f80c85426f2a98a8?s=96&d=mm&r=g\",\"url\":\"https:\\\/\\\/secure.gravatar.com\\\/avatar\\\/a72d038d371f995cd13706fac32274b7952a52e8fb0a84b5f80c85426f2a98a8?s=96&d=mm&r=g\",\"contentUrl\":\"https:\\\/\\\/secure.gravatar.com\\\/avatar\\\/a72d038d371f995cd13706fac32274b7952a52e8fb0a84b5f80c85426f2a98a8?s=96&d=mm&r=g\",\"caption\":\"AdminCDE\"}}]}<\/script>\n<!-- \/ Yoast SEO plugin. -->","yoast_head_json":{"title":"Refuerzo de la respuesta de la UE ante los desastres | CDE Almer\u00eda - Centro de Documentaci\u00f3n Europea - Universidad de Almer\u00eda","robots":{"index":"index","follow":"follow","max-snippet":"max-snippet:-1","max-image-preview":"max-image-preview:large","max-video-preview":"max-video-preview:-1"},"canonical":"https:\/\/www.cde.ual.es\/refuerzo-de-la-respuesta-de-la-ue-ante-los-desastres\/","og_locale":"en_US","og_type":"article","og_title":"Refuerzo de la respuesta de la UE ante los desastres | CDE Almer\u00eda - Centro de Documentaci\u00f3n Europea - Universidad de Almer\u00eda","og_description":"T\u00edtulo: Refuerzo de la respuesta de la UE ante los desastres Autor: Parlamento Europeo Duraci\u00f3n: 01:14 Resumen: Se va a actualizar el Mecanismo de Protecci\u00f3n Civil de la UE para mejorar la capacidad de respuesta en caso de cat\u00e1strofe. El Parlamento quiere que los Estados miembros est\u00e9n mejor preparados para responder con eficacia a los [&hellip;]","og_url":"https:\/\/www.cde.ual.es\/refuerzo-de-la-respuesta-de-la-ue-ante-los-desastres\/","og_site_name":"CDE Almer\u00eda - Centro de Documentaci\u00f3n Europea - Universidad de Almer\u00eda","article_publisher":"https:\/\/www.facebook.com\/cdeuniversidadalmeria\/","article_published_time":"2019-02-19T11:26:53+00:00","article_modified_time":"2019-02-19T11:26:56+00:00","og_image":[{"width":563,"height":354,"url":"https:\/\/www.cde.ual.es\/wp-content\/uploads\/2019\/02\/Atajar-desastres.png","type":"image\/png"}],"author":"AdminCDE","twitter_card":"summary_large_image","twitter_creator":"@cdeualmeria","twitter_site":"@cdeualmeria","twitter_misc":{"Written by":"AdminCDE"},"schema":{"@context":"https:\/\/schema.org","@graph":[{"@type":"Article","@id":"https:\/\/www.cde.ual.es\/refuerzo-de-la-respuesta-de-la-ue-ante-los-desastres\/#article","isPartOf":{"@id":"https:\/\/www.cde.ual.es\/refuerzo-de-la-respuesta-de-la-ue-ante-los-desastres\/"},"author":{"name":"AdminCDE","@id":"https:\/\/www.cde.ual.es\/#\/schema\/person\/224ef08c8bcc005f319d2713ce37ee5f"},"headline":"Refuerzo de la respuesta de la UE ante los desastres","datePublished":"2019-02-19T11:26:53+00:00","dateModified":"2019-02-19T11:26:56+00:00","mainEntityOfPage":{"@id":"https:\/\/www.cde.ual.es\/refuerzo-de-la-respuesta-de-la-ue-ante-los-desastres\/"},"wordCount":101,"commentCount":0,"publisher":{"@id":"https:\/\/www.cde.ual.es\/#organization"},"image":{"@id":"https:\/\/www.cde.ual.es\/refuerzo-de-la-respuesta-de-la-ue-ante-los-desastres\/#primaryimage"},"thumbnailUrl":"https:\/\/www.cde.ual.es\/wp-content\/uploads\/2019\/02\/Atajar-desastres.png","keywords":["Protecci\u00f3n Civil"],"articleSection":["Mediateca - Defensa y Seguridad","Repositorio Mediateca"],"inLanguage":"en-US","potentialAction":[{"@type":"CommentAction","name":"Comment","target":["https:\/\/www.cde.ual.es\/refuerzo-de-la-respuesta-de-la-ue-ante-los-desastres\/#respond"]}]},{"@type":"WebPage","@id":"https:\/\/www.cde.ual.es\/refuerzo-de-la-respuesta-de-la-ue-ante-los-desastres\/","url":"https:\/\/www.cde.ual.es\/refuerzo-de-la-respuesta-de-la-ue-ante-los-desastres\/","name":"Refuerzo de la respuesta de la UE ante los desastres | CDE Almer\u00eda - Centro de Documentaci\u00f3n Europea - Universidad de Almer\u00eda","isPartOf":{"@id":"https:\/\/www.cde.ual.es\/#website"},"primaryImageOfPage":{"@id":"https:\/\/www.cde.ual.es\/refuerzo-de-la-respuesta-de-la-ue-ante-los-desastres\/#primaryimage"},"image":{"@id":"https:\/\/www.cde.ual.es\/refuerzo-de-la-respuesta-de-la-ue-ante-los-desastres\/#primaryimage"},"thumbnailUrl":"https:\/\/www.cde.ual.es\/wp-content\/uploads\/2019\/02\/Atajar-desastres.png","datePublished":"2019-02-19T11:26:53+00:00","dateModified":"2019-02-19T11:26:56+00:00","breadcrumb":{"@id":"https:\/\/www.cde.ual.es\/refuerzo-de-la-respuesta-de-la-ue-ante-los-desastres\/#breadcrumb"},"inLanguage":"en-US","potentialAction":[{"@type":"ReadAction","target":["https:\/\/www.cde.ual.es\/refuerzo-de-la-respuesta-de-la-ue-ante-los-desastres\/"]}]},{"@type":"ImageObject","inLanguage":"en-US","@id":"https:\/\/www.cde.ual.es\/refuerzo-de-la-respuesta-de-la-ue-ante-los-desastres\/#primaryimage","url":"https:\/\/www.cde.ual.es\/wp-content\/uploads\/2019\/02\/Atajar-desastres.png","contentUrl":"https:\/\/www.cde.ual.es\/wp-content\/uploads\/2019\/02\/Atajar-desastres.png","width":563,"height":354},{"@type":"BreadcrumbList","@id":"https:\/\/www.cde.ual.es\/refuerzo-de-la-respuesta-de-la-ue-ante-los-desastres\/#breadcrumb","itemListElement":[{"@type":"ListItem","position":1,"name":"Inicio","item":"https:\/\/www.cde.ual.es\/en\/"},{"@type":"ListItem","position":2,"name":"Repositorio Mediateca","item":"https:\/\/www.cde.ual.es\/category\/repositorio-mediateca\/"},{"@type":"ListItem","position":3,"name":"Mediateca - Defensa y Seguridad","item":"https:\/\/www.cde.ual.es\/category\/repositorio-mediateca\/mediateca-defensa-y-seguridad\/"},{"@type":"ListItem","position":4,"name":"Refuerzo de la respuesta de la UE ante los desastres"}]},{"@type":"WebSite","@id":"https:\/\/www.cde.ual.es\/#website","url":"https:\/\/www.cde.ual.es\/","name":"CDE Almer\u00eda - Centro de Documentaci\u00f3n Europea - Universidad de Almer\u00eda","description":"Centro de Documentaci\u00f3n Europea de la Universidad de Almer\u00eda","publisher":{"@id":"https:\/\/www.cde.ual.es\/#organization"},"alternateName":"CDE Almer\u00eda","potentialAction":[{"@type":"SearchAction","target":{"@type":"EntryPoint","urlTemplate":"https:\/\/www.cde.ual.es\/?s={search_term_string}"},"query-input":{"@type":"PropertyValueSpecification","valueRequired":true,"valueName":"search_term_string"}}],"inLanguage":"en-US"},{"@type":"Organization","@id":"https:\/\/www.cde.ual.es\/#organization","name":"Centro de Documentaci\u00f3n Europea de Almer\u00eda","url":"https:\/\/www.cde.ual.es\/","logo":{"@type":"ImageObject","inLanguage":"en-US","@id":"https:\/\/www.cde.ual.es\/#\/schema\/logo\/image\/","url":"https:\/\/www.cde.ual.es\/wp-content\/uploads\/2025\/07\/cde-logo-3.png","contentUrl":"https:\/\/www.cde.ual.es\/wp-content\/uploads\/2025\/07\/cde-logo-3.png","width":1400,"height":300,"caption":"Centro de Documentaci\u00f3n Europea de Almer\u00eda"},"image":{"@id":"https:\/\/www.cde.ual.es\/#\/schema\/logo\/image\/"},"sameAs":["https:\/\/www.facebook.com\/cdeuniversidadalmeria\/","https:\/\/x.com\/cdeualmeria","https:\/\/www.tiktok.com\/@cdealmeria","https:\/\/www.instagram.com\/cdealmeria\/","https:\/\/www.linkedin.com\/in\/cde-almera-812b26a9\/"]},{"@type":"Person","@id":"https:\/\/www.cde.ual.es\/#\/schema\/person\/224ef08c8bcc005f319d2713ce37ee5f","name":"AdminCDE","image":{"@type":"ImageObject","inLanguage":"en-US","@id":"https:\/\/secure.gravatar.com\/avatar\/a72d038d371f995cd13706fac32274b7952a52e8fb0a84b5f80c85426f2a98a8?s=96&d=mm&r=g","url":"https:\/\/secure.gravatar.com\/avatar\/a72d038d371f995cd13706fac32274b7952a52e8fb0a84b5f80c85426f2a98a8?s=96&d=mm&r=g","contentUrl":"https:\/\/secure.gravatar.com\/avatar\/a72d038d371f995cd13706fac32274b7952a52e8fb0a84b5f80c85426f2a98a8?s=96&d=mm&r=g","caption":"AdminCDE"}}]}},"_links":{"self":[{"href":"https:\/\/www.cde.ual.es\/en\/wp-json\/wp\/v2\/posts\/13171","targetHints":{"allow":["GET"]}}],"collection":[{"href":"https:\/\/www.cde.ual.es\/en\/wp-json\/wp\/v2\/posts"}],"about":[{"href":"https:\/\/www.cde.ual.es\/en\/wp-json\/wp\/v2\/types\/post"}],"author":[{"embeddable":true,"href":"https:\/\/www.cde.ual.es\/en\/wp-json\/wp\/v2\/users\/1"}],"replies":[{"embeddable":true,"href":"https:\/\/www.cde.ual.es\/en\/wp-json\/wp\/v2\/comments?post=13171"}],"version-history":[{"count":0,"href":"https:\/\/www.cde.ual.es\/en\/wp-json\/wp\/v2\/posts\/13171\/revisions"}],"wp:featuredmedia":[{"embeddable":true,"href":"https:\/\/www.cde.ual.es\/en\/wp-json\/wp\/v2\/media\/13172"}],"wp:attachment":[{"href":"https:\/\/www.cde.ual.es\/en\/wp-json\/wp\/v2\/media?parent=13171"}],"wp:term":[{"taxonomy":"category","embeddable":true,"href":"https:\/\/www.cde.ual.es\/en\/wp-json\/wp\/v2\/categories?post=13171"},{"taxonomy":"post_tag","embeddable":true,"href":"https:\/\/www.cde.ual.es\/en\/wp-json\/wp\/v2\/tags?post=13171"}],"curies":[{"name":"wp","href":"https:\/\/api.w.org\/{rel}","templated":true}]}}