{"id":131662,"date":"2023-03-10T10:30:55","date_gmt":"2023-03-10T09:30:55","guid":{"rendered":"https:\/\/www.cde.ual.es\/?p=131662"},"modified":"2023-03-10T10:40:40","modified_gmt":"2023-03-10T09:40:40","slug":"commission-approves-changes-to-spains-regional-aid-map-2022-2027","status":"publish","type":"post","link":"https:\/\/www.cde.ual.es\/en\/commission-approves-changes-to-spains-regional-aid-map-2022-2027\/","title":{"rendered":"Commission approves changes to Spain&#8217;s regional aid map 2022-2027"},"content":{"rendered":"<p><a href=\"https:\/\/www.cde.ual.es\/wp-content\/uploads\/2023\/03\/bandera-UE_ES.jpg\"><img decoding=\"async\" class=\"aligncenter wp-image-131659\" src=\"https:\/\/www.cde.ual.es\/wp-content\/uploads\/2023\/03\/bandera-UE_ES.jpg\" alt=\"bandera uni\u00f3n europea y espa\u00f1a\" width=\"500\" height=\"333\" srcset=\"https:\/\/www.cde.ual.es\/wp-content\/uploads\/2023\/03\/bandera-UE_ES.jpg 900w, https:\/\/www.cde.ual.es\/wp-content\/uploads\/2023\/03\/bandera-UE_ES-300x200.jpg 300w, https:\/\/www.cde.ual.es\/wp-content\/uploads\/2023\/03\/bandera-UE_ES-768x512.jpg 768w\" sizes=\"(max-width: 500px) 100vw, 500px\" \/><\/a><\/p>\n<p style=\"text-align: justify;\">The European Commission has approved the revision of Spain&#8217;s regional aid map for the period from January 1, 2022 to December 31, 2027 under the Regional Aid Guidelines, in accordance with EU state aid rules.<\/p>\n<p style=\"text-align: justify;\">On<a href=\"https:\/\/ec.europa.eu\/commission\/presscorner\/detail\/es\/ip_22_1763\" target=\"_blank\" rel=\"noopener\"> March 17, 2022<\/a>, the Commission approved the regional aid map 2022-2027 for Spain and on <a href=\"https:\/\/ec.europa.eu\/commission\/presscorner\/detail\/es\/ip_22_7868\" target=\"_blank\" rel=\"noopener\">December 20, 2022<\/a>, the Commission approved the territorial plan for a just climate transition in Spain, which identified the territories eligible for support from the <strong>Just Transition Fund<\/strong>. These are territories located in a region eligible for support under Article 107(3)(a) of the Treaty on the Functioning of the European Union (the so-called &#8220;a&#8221; areas), which regulates support for the most disadvantaged regions.<\/p>\n<table style=\"width: 99.9988%; border-collapse: collapse; border-style: double; border-color: #001f7d;\" cellpadding=\"0,5\">\n<tbody>\n<tr>\n<td style=\"width: 100%;\"><a href=\"https:\/\/www.cde.ual.es\/la-comision-europea-aprueba-ayudar-con-460m-e-a-arcelormittal-espana-para-apoyar-la-descarbonizacion-de-su-produccion-de-acero\/\" target=\"_blank\" rel=\"noopener\"><img decoding=\"async\" class=\"alignleft\" src=\"https:\/\/www.cde.ual.es\/wp-content\/uploads\/2022\/07\/budget-scaled.jpg\" alt=\"\" width=\"201\" height=\"134\" \/><\/a><\/p>\n<h4 class=\"entry-title\"><a href=\"https:\/\/www.cde.ual.es\/en\/european-commission-approves-e460m-aid-to-arcelormittal-spain-to-support-decarbonisation-of-its-steel-production\/\" target=\"_blank\" rel=\"noopener\">European Commission approves \u20ac460M aid to ArcelorMittal Spain to support decarbonisation of its steel production<\/a><\/h4>\n<\/td>\n<\/tr>\n<\/tbody>\n<\/table>\n<p style=\"text-align: justify;\">The modification of Spain&#8217;s regional aid map approved on 9 March allows regional disparities to be addressed more decisively, as aid amounts for investments in these territories will be higher. The maximum amounts will be increased from 30% to 40% of eligible investment costs in parts of the Autonomous Community of Andalusia. In the region of Murcia, in order to limit the difference in aid intensity between regions eligible for aid under Article 107(3)(c) of the Treaty on the Functioning of the European Union (so-called &#8216;c&#8217; areas) and adjacent &#8216;a&#8217; areas, the maximum aid amounts will be increased from 20 % to 25 % of the eligible investment costs.<\/p>\n<p style=\"text-align: justify;\">The non-confidential version of this decision will be published under the case number SA.106039 in the State Aid Register on the Commission&#8217;s Competition website. The list of publications of state aid decisions on the internet and in the Official Journal can be found on the Competition Weekly e-News website.<\/p>\n<h3 style=\"text-align: justify;\">More information<\/h3>\n<p style=\"text-align: justify;\"><a href=\"https:\/\/spain.representation.ec.europa.eu\/noticias-eventos\/noticias-0\/ayudas-estatales-la-comision-aprueba-la-modificacion-del-mapa-de-ayudas-regionales-2022-2027-para-2023-03-09_es\" target=\"_blank\" rel=\"noopener\">European Commission<\/a><\/p>\n","protected":false},"excerpt":{"rendered":"<p>The European Commission has approved the revision of Spain&#8217;s regional aid map for the period from January 1, 2022 to December 31, 2027 under the Regional Aid Guidelines, in accordance with EU state aid rules. On March 17, 2022, the Commission approved the regional aid map 2022-2027 for Spain and on December 20, 2022, the [&hellip;]<\/p>\n","protected":false},"author":101011,"featured_media":131660,"comment_status":"open","ping_status":"open","sticky":false,"template":"","format":"standard","meta":{"_acf_changed":false,"_relevanssi_hide_post":"","_relevanssi_hide_content":"","_relevanssi_pin_for_all":"","_relevanssi_pin_keywords":"","_relevanssi_unpin_keywords":"","_relevanssi_related_keywords":"","_relevanssi_related_include_ids":"","_relevanssi_related_exclude_ids":"","_relevanssi_related_no_append":"","_relevanssi_related_not_related":"","_relevanssi_related_posts":"","_relevanssi_noindex_reason":"","_monsterinsights_skip_tracking":false,"_monsterinsights_sitenote_active":false,"_monsterinsights_sitenote_note":"","_monsterinsights_sitenote_category":0,"_genesis_hide_title":false,"_genesis_hide_breadcrumbs":false,"_genesis_hide_singular_image":false,"_genesis_hide_footer_widgets":false,"_genesis_custom_body_class":"","_genesis_custom_post_class":"","_genesis_layout":"","footnotes":""},"categories":[4090,346,4088],"tags":[488,1488,3485,2124,806,4347],"class_list":{"0":"post-131662","1":"post","2":"type-post","3":"status-publish","4":"format-standard","5":"has-post-thumbnail","7":"category-economy-finance","8":"category-eu-news","9":"category-market","10":"tag-economy","11":"tag-european-commission","12":"tag-fund","13":"tag-map","14":"tag-spain","15":"tag-transition","16":"entry"},"acf":[],"yoast_head":"<!-- This site is optimized with the Yoast SEO plugin v27.5 - https:\/\/yoast.com\/product\/yoast-seo-wordpress\/ -->\n<title>Commission approves changes to Spain&#039;s regional aid map 2022-2027 | CDE Almer\u00eda - Centro de Documentaci\u00f3n Europea - Universidad de Almer\u00eda<\/title>\n<meta name=\"robots\" content=\"index, follow, max-snippet:-1, max-image-preview:large, max-video-preview:-1\" \/>\n<link rel=\"canonical\" href=\"https:\/\/www.cde.ual.es\/en\/commission-approves-changes-to-spains-regional-aid-map-2022-2027\/\" \/>\n<meta property=\"og:locale\" content=\"en_US\" \/>\n<meta property=\"og:type\" content=\"article\" \/>\n<meta property=\"og:title\" content=\"Commission approves changes to Spain&#039;s regional aid map 2022-2027 | CDE Almer\u00eda - Centro de Documentaci\u00f3n Europea - Universidad de Almer\u00eda\" \/>\n<meta property=\"og:description\" content=\"The European Commission has approved the revision of Spain&#8217;s regional aid map for the period from January 1, 2022 to December 31, 2027 under the Regional Aid Guidelines, in accordance with EU state aid rules. On March 17, 2022, the Commission approved the regional aid map 2022-2027 for Spain and on December 20, 2022, the [&hellip;]\" \/>\n<meta property=\"og:url\" content=\"https:\/\/www.cde.ual.es\/en\/commission-approves-changes-to-spains-regional-aid-map-2022-2027\/\" \/>\n<meta property=\"og:site_name\" content=\"CDE Almer\u00eda - Centro de Documentaci\u00f3n Europea - Universidad de Almer\u00eda\" \/>\n<meta property=\"article:publisher\" content=\"https:\/\/www.facebook.com\/cdeuniversidadalmeria\/\" \/>\n<meta property=\"article:published_time\" content=\"2023-03-10T09:30:55+00:00\" \/>\n<meta property=\"article:modified_time\" content=\"2023-03-10T09:40:40+00:00\" \/>\n<meta property=\"og:image\" content=\"https:\/\/www.cde.ual.es\/wp-content\/uploads\/2023\/03\/bandera-UE_ES.jpg\" \/>\n\t<meta property=\"og:image:width\" content=\"900\" \/>\n\t<meta property=\"og:image:height\" content=\"600\" \/>\n\t<meta property=\"og:image:type\" content=\"image\/jpeg\" \/>\n<meta name=\"author\" content=\"BECA 2 CDE\" \/>\n<meta name=\"twitter:card\" content=\"summary_large_image\" \/>\n<meta name=\"twitter:creator\" content=\"@cdeualmeria\" \/>\n<meta name=\"twitter:site\" content=\"@cdeualmeria\" \/>\n<meta name=\"twitter:label1\" content=\"Written by\" \/>\n\t<meta name=\"twitter:data1\" content=\"BECA 2 CDE\" \/>\n\t<meta name=\"twitter:label2\" content=\"Est. reading time\" \/>\n\t<meta name=\"twitter:data2\" content=\"2 minutes\" \/>\n<script type=\"application\/ld+json\" class=\"yoast-schema-graph\">{\"@context\":\"https:\\\/\\\/schema.org\",\"@graph\":[{\"@type\":\"Article\",\"@id\":\"https:\\\/\\\/www.cde.ual.es\\\/en\\\/commission-approves-changes-to-spains-regional-aid-map-2022-2027\\\/#article\",\"isPartOf\":{\"@id\":\"https:\\\/\\\/www.cde.ual.es\\\/en\\\/commission-approves-changes-to-spains-regional-aid-map-2022-2027\\\/\"},\"author\":{\"name\":\"BECA 2 CDE\",\"@id\":\"https:\\\/\\\/www.cde.ual.es\\\/#\\\/schema\\\/person\\\/ee46ebc19edfa19598c02cff83335acc\"},\"headline\":\"Commission approves changes to Spain&#8217;s regional aid map 2022-2027\",\"datePublished\":\"2023-03-10T09:30:55+00:00\",\"dateModified\":\"2023-03-10T09:40:40+00:00\",\"mainEntityOfPage\":{\"@id\":\"https:\\\/\\\/www.cde.ual.es\\\/en\\\/commission-approves-changes-to-spains-regional-aid-map-2022-2027\\\/\"},\"wordCount\":289,\"commentCount\":0,\"publisher\":{\"@id\":\"https:\\\/\\\/www.cde.ual.es\\\/#organization\"},\"image\":{\"@id\":\"https:\\\/\\\/www.cde.ual.es\\\/en\\\/commission-approves-changes-to-spains-regional-aid-map-2022-2027\\\/#primaryimage\"},\"thumbnailUrl\":\"https:\\\/\\\/www.cde.ual.es\\\/wp-content\\\/uploads\\\/2023\\\/03\\\/bandera-UE_ES.jpg\",\"keywords\":[\"Economy\",\"European Commission\",\"fund\",\"map\",\"Spain\",\"transition\"],\"articleSection\":[\"Economy and Finance\",\"EU News\",\"Market\"],\"inLanguage\":\"en-US\",\"potentialAction\":[{\"@type\":\"CommentAction\",\"name\":\"Comment\",\"target\":[\"https:\\\/\\\/www.cde.ual.es\\\/en\\\/commission-approves-changes-to-spains-regional-aid-map-2022-2027\\\/#respond\"]}]},{\"@type\":\"WebPage\",\"@id\":\"https:\\\/\\\/www.cde.ual.es\\\/en\\\/commission-approves-changes-to-spains-regional-aid-map-2022-2027\\\/\",\"url\":\"https:\\\/\\\/www.cde.ual.es\\\/en\\\/commission-approves-changes-to-spains-regional-aid-map-2022-2027\\\/\",\"name\":\"Commission approves changes to Spain's regional aid map 2022-2027 | CDE Almer\u00eda - Centro de Documentaci\u00f3n Europea - Universidad de Almer\u00eda\",\"isPartOf\":{\"@id\":\"https:\\\/\\\/www.cde.ual.es\\\/#website\"},\"primaryImageOfPage\":{\"@id\":\"https:\\\/\\\/www.cde.ual.es\\\/en\\\/commission-approves-changes-to-spains-regional-aid-map-2022-2027\\\/#primaryimage\"},\"image\":{\"@id\":\"https:\\\/\\\/www.cde.ual.es\\\/en\\\/commission-approves-changes-to-spains-regional-aid-map-2022-2027\\\/#primaryimage\"},\"thumbnailUrl\":\"https:\\\/\\\/www.cde.ual.es\\\/wp-content\\\/uploads\\\/2023\\\/03\\\/bandera-UE_ES.jpg\",\"datePublished\":\"2023-03-10T09:30:55+00:00\",\"dateModified\":\"2023-03-10T09:40:40+00:00\",\"breadcrumb\":{\"@id\":\"https:\\\/\\\/www.cde.ual.es\\\/en\\\/commission-approves-changes-to-spains-regional-aid-map-2022-2027\\\/#breadcrumb\"},\"inLanguage\":\"en-US\",\"potentialAction\":[{\"@type\":\"ReadAction\",\"target\":[\"https:\\\/\\\/www.cde.ual.es\\\/en\\\/commission-approves-changes-to-spains-regional-aid-map-2022-2027\\\/\"]}]},{\"@type\":\"ImageObject\",\"inLanguage\":\"en-US\",\"@id\":\"https:\\\/\\\/www.cde.ual.es\\\/en\\\/commission-approves-changes-to-spains-regional-aid-map-2022-2027\\\/#primaryimage\",\"url\":\"https:\\\/\\\/www.cde.ual.es\\\/wp-content\\\/uploads\\\/2023\\\/03\\\/bandera-UE_ES.jpg\",\"contentUrl\":\"https:\\\/\\\/www.cde.ual.es\\\/wp-content\\\/uploads\\\/2023\\\/03\\\/bandera-UE_ES.jpg\",\"width\":900,\"height\":600,\"caption\":\"bandera uni\u00f3n europea y espa\u00f1a\"},{\"@type\":\"BreadcrumbList\",\"@id\":\"https:\\\/\\\/www.cde.ual.es\\\/en\\\/commission-approves-changes-to-spains-regional-aid-map-2022-2027\\\/#breadcrumb\",\"itemListElement\":[{\"@type\":\"ListItem\",\"position\":1,\"name\":\"Inicio\",\"item\":\"https:\\\/\\\/www.cde.ual.es\\\/en\\\/\"},{\"@type\":\"ListItem\",\"position\":2,\"name\":\"EU News\",\"item\":\"https:\\\/\\\/www.cde.ual.es\\\/en\\\/category\\\/eu-news\\\/\"},{\"@type\":\"ListItem\",\"position\":3,\"name\":\"Market\",\"item\":\"https:\\\/\\\/www.cde.ual.es\\\/en\\\/category\\\/eu-news\\\/market\\\/\"},{\"@type\":\"ListItem\",\"position\":4,\"name\":\"Economy and Finance\",\"item\":\"https:\\\/\\\/www.cde.ual.es\\\/en\\\/category\\\/eu-news\\\/market\\\/economy-finance\\\/\"},{\"@type\":\"ListItem\",\"position\":5,\"name\":\"Commission approves changes to Spain&#8217;s regional aid map 2022-2027\"}]},{\"@type\":\"WebSite\",\"@id\":\"https:\\\/\\\/www.cde.ual.es\\\/#website\",\"url\":\"https:\\\/\\\/www.cde.ual.es\\\/\",\"name\":\"CDE Almer\u00eda - Centro de Documentaci\u00f3n Europea - Universidad de Almer\u00eda\",\"description\":\"Centro de Documentaci\u00f3n Europea de la Universidad de Almer\u00eda\",\"publisher\":{\"@id\":\"https:\\\/\\\/www.cde.ual.es\\\/#organization\"},\"alternateName\":\"CDE Almer\u00eda\",\"potentialAction\":[{\"@type\":\"SearchAction\",\"target\":{\"@type\":\"EntryPoint\",\"urlTemplate\":\"https:\\\/\\\/www.cde.ual.es\\\/?s={search_term_string}\"},\"query-input\":{\"@type\":\"PropertyValueSpecification\",\"valueRequired\":true,\"valueName\":\"search_term_string\"}}],\"inLanguage\":\"en-US\"},{\"@type\":\"Organization\",\"@id\":\"https:\\\/\\\/www.cde.ual.es\\\/#organization\",\"name\":\"Centro de Documentaci\u00f3n Europea de Almer\u00eda\",\"url\":\"https:\\\/\\\/www.cde.ual.es\\\/\",\"logo\":{\"@type\":\"ImageObject\",\"inLanguage\":\"en-US\",\"@id\":\"https:\\\/\\\/www.cde.ual.es\\\/#\\\/schema\\\/logo\\\/image\\\/\",\"url\":\"https:\\\/\\\/www.cde.ual.es\\\/wp-content\\\/uploads\\\/2025\\\/07\\\/cde-logo-3.png\",\"contentUrl\":\"https:\\\/\\\/www.cde.ual.es\\\/wp-content\\\/uploads\\\/2025\\\/07\\\/cde-logo-3.png\",\"width\":1400,\"height\":300,\"caption\":\"Centro de Documentaci\u00f3n Europea de Almer\u00eda\"},\"image\":{\"@id\":\"https:\\\/\\\/www.cde.ual.es\\\/#\\\/schema\\\/logo\\\/image\\\/\"},\"sameAs\":[\"https:\\\/\\\/www.facebook.com\\\/cdeuniversidadalmeria\\\/\",\"https:\\\/\\\/x.com\\\/cdeualmeria\",\"https:\\\/\\\/www.tiktok.com\\\/@cdealmeria\",\"https:\\\/\\\/www.instagram.com\\\/cdealmeria\\\/\",\"https:\\\/\\\/www.linkedin.com\\\/in\\\/cde-almera-812b26a9\\\/\"]},{\"@type\":\"Person\",\"@id\":\"https:\\\/\\\/www.cde.ual.es\\\/#\\\/schema\\\/person\\\/ee46ebc19edfa19598c02cff83335acc\",\"name\":\"BECA 2 CDE\",\"image\":{\"@type\":\"ImageObject\",\"inLanguage\":\"en-US\",\"@id\":\"https:\\\/\\\/secure.gravatar.com\\\/avatar\\\/35a481bbc04bbd90e91bdfa3b0b5541036c222a49b9ad37b6889a2afcb5311a5?s=96&d=mm&r=g\",\"url\":\"https:\\\/\\\/secure.gravatar.com\\\/avatar\\\/35a481bbc04bbd90e91bdfa3b0b5541036c222a49b9ad37b6889a2afcb5311a5?s=96&d=mm&r=g\",\"contentUrl\":\"https:\\\/\\\/secure.gravatar.com\\\/avatar\\\/35a481bbc04bbd90e91bdfa3b0b5541036c222a49b9ad37b6889a2afcb5311a5?s=96&d=mm&r=g\",\"caption\":\"BECA 2 CDE\"},\"sameAs\":[\"http:\\\/\\\/www.cdealmeria.com\"]}]}<\/script>\n<!-- \/ Yoast SEO plugin. -->","yoast_head_json":{"title":"Commission approves changes to Spain's regional aid map 2022-2027 | CDE Almer\u00eda - Centro de Documentaci\u00f3n Europea - Universidad de Almer\u00eda","robots":{"index":"index","follow":"follow","max-snippet":"max-snippet:-1","max-image-preview":"max-image-preview:large","max-video-preview":"max-video-preview:-1"},"canonical":"https:\/\/www.cde.ual.es\/en\/commission-approves-changes-to-spains-regional-aid-map-2022-2027\/","og_locale":"en_US","og_type":"article","og_title":"Commission approves changes to Spain's regional aid map 2022-2027 | CDE Almer\u00eda - Centro de Documentaci\u00f3n Europea - Universidad de Almer\u00eda","og_description":"The European Commission has approved the revision of Spain&#8217;s regional aid map for the period from January 1, 2022 to December 31, 2027 under the Regional Aid Guidelines, in accordance with EU state aid rules. On March 17, 2022, the Commission approved the regional aid map 2022-2027 for Spain and on December 20, 2022, the [&hellip;]","og_url":"https:\/\/www.cde.ual.es\/en\/commission-approves-changes-to-spains-regional-aid-map-2022-2027\/","og_site_name":"CDE Almer\u00eda - Centro de Documentaci\u00f3n Europea - Universidad de Almer\u00eda","article_publisher":"https:\/\/www.facebook.com\/cdeuniversidadalmeria\/","article_published_time":"2023-03-10T09:30:55+00:00","article_modified_time":"2023-03-10T09:40:40+00:00","og_image":[{"width":900,"height":600,"url":"https:\/\/www.cde.ual.es\/wp-content\/uploads\/2023\/03\/bandera-UE_ES.jpg","type":"image\/jpeg"}],"author":"BECA 2 CDE","twitter_card":"summary_large_image","twitter_creator":"@cdeualmeria","twitter_site":"@cdeualmeria","twitter_misc":{"Written by":"BECA 2 CDE","Est. reading time":"2 minutes"},"schema":{"@context":"https:\/\/schema.org","@graph":[{"@type":"Article","@id":"https:\/\/www.cde.ual.es\/en\/commission-approves-changes-to-spains-regional-aid-map-2022-2027\/#article","isPartOf":{"@id":"https:\/\/www.cde.ual.es\/en\/commission-approves-changes-to-spains-regional-aid-map-2022-2027\/"},"author":{"name":"BECA 2 CDE","@id":"https:\/\/www.cde.ual.es\/#\/schema\/person\/ee46ebc19edfa19598c02cff83335acc"},"headline":"Commission approves changes to Spain&#8217;s regional aid map 2022-2027","datePublished":"2023-03-10T09:30:55+00:00","dateModified":"2023-03-10T09:40:40+00:00","mainEntityOfPage":{"@id":"https:\/\/www.cde.ual.es\/en\/commission-approves-changes-to-spains-regional-aid-map-2022-2027\/"},"wordCount":289,"commentCount":0,"publisher":{"@id":"https:\/\/www.cde.ual.es\/#organization"},"image":{"@id":"https:\/\/www.cde.ual.es\/en\/commission-approves-changes-to-spains-regional-aid-map-2022-2027\/#primaryimage"},"thumbnailUrl":"https:\/\/www.cde.ual.es\/wp-content\/uploads\/2023\/03\/bandera-UE_ES.jpg","keywords":["Economy","European Commission","fund","map","Spain","transition"],"articleSection":["Economy and Finance","EU News","Market"],"inLanguage":"en-US","potentialAction":[{"@type":"CommentAction","name":"Comment","target":["https:\/\/www.cde.ual.es\/en\/commission-approves-changes-to-spains-regional-aid-map-2022-2027\/#respond"]}]},{"@type":"WebPage","@id":"https:\/\/www.cde.ual.es\/en\/commission-approves-changes-to-spains-regional-aid-map-2022-2027\/","url":"https:\/\/www.cde.ual.es\/en\/commission-approves-changes-to-spains-regional-aid-map-2022-2027\/","name":"Commission approves changes to Spain's regional aid map 2022-2027 | CDE Almer\u00eda - Centro de Documentaci\u00f3n Europea - Universidad de Almer\u00eda","isPartOf":{"@id":"https:\/\/www.cde.ual.es\/#website"},"primaryImageOfPage":{"@id":"https:\/\/www.cde.ual.es\/en\/commission-approves-changes-to-spains-regional-aid-map-2022-2027\/#primaryimage"},"image":{"@id":"https:\/\/www.cde.ual.es\/en\/commission-approves-changes-to-spains-regional-aid-map-2022-2027\/#primaryimage"},"thumbnailUrl":"https:\/\/www.cde.ual.es\/wp-content\/uploads\/2023\/03\/bandera-UE_ES.jpg","datePublished":"2023-03-10T09:30:55+00:00","dateModified":"2023-03-10T09:40:40+00:00","breadcrumb":{"@id":"https:\/\/www.cde.ual.es\/en\/commission-approves-changes-to-spains-regional-aid-map-2022-2027\/#breadcrumb"},"inLanguage":"en-US","potentialAction":[{"@type":"ReadAction","target":["https:\/\/www.cde.ual.es\/en\/commission-approves-changes-to-spains-regional-aid-map-2022-2027\/"]}]},{"@type":"ImageObject","inLanguage":"en-US","@id":"https:\/\/www.cde.ual.es\/en\/commission-approves-changes-to-spains-regional-aid-map-2022-2027\/#primaryimage","url":"https:\/\/www.cde.ual.es\/wp-content\/uploads\/2023\/03\/bandera-UE_ES.jpg","contentUrl":"https:\/\/www.cde.ual.es\/wp-content\/uploads\/2023\/03\/bandera-UE_ES.jpg","width":900,"height":600,"caption":"bandera uni\u00f3n europea y espa\u00f1a"},{"@type":"BreadcrumbList","@id":"https:\/\/www.cde.ual.es\/en\/commission-approves-changes-to-spains-regional-aid-map-2022-2027\/#breadcrumb","itemListElement":[{"@type":"ListItem","position":1,"name":"Inicio","item":"https:\/\/www.cde.ual.es\/en\/"},{"@type":"ListItem","position":2,"name":"EU News","item":"https:\/\/www.cde.ual.es\/en\/category\/eu-news\/"},{"@type":"ListItem","position":3,"name":"Market","item":"https:\/\/www.cde.ual.es\/en\/category\/eu-news\/market\/"},{"@type":"ListItem","position":4,"name":"Economy and Finance","item":"https:\/\/www.cde.ual.es\/en\/category\/eu-news\/market\/economy-finance\/"},{"@type":"ListItem","position":5,"name":"Commission approves changes to Spain&#8217;s regional aid map 2022-2027"}]},{"@type":"WebSite","@id":"https:\/\/www.cde.ual.es\/#website","url":"https:\/\/www.cde.ual.es\/","name":"CDE Almer\u00eda - Centro de Documentaci\u00f3n Europea - Universidad de Almer\u00eda","description":"Centro de Documentaci\u00f3n Europea de la Universidad de Almer\u00eda","publisher":{"@id":"https:\/\/www.cde.ual.es\/#organization"},"alternateName":"CDE Almer\u00eda","potentialAction":[{"@type":"SearchAction","target":{"@type":"EntryPoint","urlTemplate":"https:\/\/www.cde.ual.es\/?s={search_term_string}"},"query-input":{"@type":"PropertyValueSpecification","valueRequired":true,"valueName":"search_term_string"}}],"inLanguage":"en-US"},{"@type":"Organization","@id":"https:\/\/www.cde.ual.es\/#organization","name":"Centro de Documentaci\u00f3n Europea de Almer\u00eda","url":"https:\/\/www.cde.ual.es\/","logo":{"@type":"ImageObject","inLanguage":"en-US","@id":"https:\/\/www.cde.ual.es\/#\/schema\/logo\/image\/","url":"https:\/\/www.cde.ual.es\/wp-content\/uploads\/2025\/07\/cde-logo-3.png","contentUrl":"https:\/\/www.cde.ual.es\/wp-content\/uploads\/2025\/07\/cde-logo-3.png","width":1400,"height":300,"caption":"Centro de Documentaci\u00f3n Europea de Almer\u00eda"},"image":{"@id":"https:\/\/www.cde.ual.es\/#\/schema\/logo\/image\/"},"sameAs":["https:\/\/www.facebook.com\/cdeuniversidadalmeria\/","https:\/\/x.com\/cdeualmeria","https:\/\/www.tiktok.com\/@cdealmeria","https:\/\/www.instagram.com\/cdealmeria\/","https:\/\/www.linkedin.com\/in\/cde-almera-812b26a9\/"]},{"@type":"Person","@id":"https:\/\/www.cde.ual.es\/#\/schema\/person\/ee46ebc19edfa19598c02cff83335acc","name":"BECA 2 CDE","image":{"@type":"ImageObject","inLanguage":"en-US","@id":"https:\/\/secure.gravatar.com\/avatar\/35a481bbc04bbd90e91bdfa3b0b5541036c222a49b9ad37b6889a2afcb5311a5?s=96&d=mm&r=g","url":"https:\/\/secure.gravatar.com\/avatar\/35a481bbc04bbd90e91bdfa3b0b5541036c222a49b9ad37b6889a2afcb5311a5?s=96&d=mm&r=g","contentUrl":"https:\/\/secure.gravatar.com\/avatar\/35a481bbc04bbd90e91bdfa3b0b5541036c222a49b9ad37b6889a2afcb5311a5?s=96&d=mm&r=g","caption":"BECA 2 CDE"},"sameAs":["http:\/\/www.cdealmeria.com"]}]}},"_links":{"self":[{"href":"https:\/\/www.cde.ual.es\/en\/wp-json\/wp\/v2\/posts\/131662","targetHints":{"allow":["GET"]}}],"collection":[{"href":"https:\/\/www.cde.ual.es\/en\/wp-json\/wp\/v2\/posts"}],"about":[{"href":"https:\/\/www.cde.ual.es\/en\/wp-json\/wp\/v2\/types\/post"}],"author":[{"embeddable":true,"href":"https:\/\/www.cde.ual.es\/en\/wp-json\/wp\/v2\/users\/101011"}],"replies":[{"embeddable":true,"href":"https:\/\/www.cde.ual.es\/en\/wp-json\/wp\/v2\/comments?post=131662"}],"version-history":[{"count":1,"href":"https:\/\/www.cde.ual.es\/en\/wp-json\/wp\/v2\/posts\/131662\/revisions"}],"predecessor-version":[{"id":131663,"href":"https:\/\/www.cde.ual.es\/en\/wp-json\/wp\/v2\/posts\/131662\/revisions\/131663"}],"wp:featuredmedia":[{"embeddable":true,"href":"https:\/\/www.cde.ual.es\/en\/wp-json\/wp\/v2\/media\/131660"}],"wp:attachment":[{"href":"https:\/\/www.cde.ual.es\/en\/wp-json\/wp\/v2\/media?parent=131662"}],"wp:term":[{"taxonomy":"category","embeddable":true,"href":"https:\/\/www.cde.ual.es\/en\/wp-json\/wp\/v2\/categories?post=131662"},{"taxonomy":"post_tag","embeddable":true,"href":"https:\/\/www.cde.ual.es\/en\/wp-json\/wp\/v2\/tags?post=131662"}],"curies":[{"name":"wp","href":"https:\/\/api.w.org\/{rel}","templated":true}]}}