{"id":13129,"date":"2019-02-21T08:00:04","date_gmt":"2019-02-21T07:00:04","guid":{"rendered":"http:\/\/www.cde.ual.es\/?p=13129"},"modified":"2019-02-19T08:47:51","modified_gmt":"2019-02-19T07:47:51","slug":"116-millones-de-e-para-mejorar-la-calidad-de-vida-de-los-europeos","status":"publish","type":"post","link":"https:\/\/www.cde.ual.es\/en\/116-millones-de-e-para-mejorar-la-calidad-de-vida-de-los-europeos\/","title":{"rendered":"116 millones de \u20ac para mejorar la calidad de vida de los europeos"},"content":{"rendered":"\n<p><strong>La nueva financiaci\u00f3n del programa LIFE desbloquear\u00e1 m\u00e1s de 3.200 millones de euros de apoyo adicional para 12 proyectos medioambientales y clim\u00e1ticos a gran escala en diez Estados miembros para apoyar la transici\u00f3n de Europa a una econom\u00eda circular baja en carbono.<\/strong><\/p>\n\n\n\n<div class=\"wp-block-image\"><figure class=\"aligncenter is-resized\"><img decoding=\"async\" src=\"http:\/\/www.cde.ual.es\/wp-content\/uploads\/2018\/10\/Programa-Life.png\" alt=\"\" class=\"wp-image-9375\" width=\"433\" height=\"255\" srcset=\"https:\/\/www.cde.ual.es\/wp-content\/uploads\/2018\/10\/Programa-Life.png 614w, https:\/\/www.cde.ual.es\/wp-content\/uploads\/2018\/10\/Programa-Life-300x177.png 300w\" sizes=\"(max-width: 433px) 100vw, 433px\" \/><\/figure><\/div>\n\n\n\n<p>La Comisi\u00f3n Europea anunci\u00f3 la pasada semana una inversi\u00f3n de <strong>116,1 millones de euros<\/strong> para los \u00faltimos proyectos integrados que se financiar\u00e1n en el marco del <a href=\"https:\/\/ec.europa.eu\/easme\/en\/life\">programa LIFE para el Medio Ambiente y la Acci\u00f3n por el Clima<\/a> . La financiaci\u00f3n apoyar\u00e1 proyectos en Austria, Bulgaria, Rep\u00fablica Checa, Estonia, Finlandia, Grecia, Hungr\u00eda, Italia, Portugal y Eslovenia.<\/p>\n\n\n\n<p>Los proyectos integrados mejoran la calidad de vida de los ciudadanos al ayudar a los Estados miembros a cumplir con la legislaci\u00f3n de la UE en cinco \u00e1reas: <strong>naturaleza, agua, aire, mitigaci\u00f3n del cambio clim\u00e1tico y adaptaci\u00f3n al cambio clim\u00e1tico.<\/strong> Apoyan los planes necesarios para implementar la legislaci\u00f3n ambiental y clim\u00e1tica de manera coordinada y en gran escala territorial.<\/p>\n\n\n\n<p>Los 12 proyectos seleccionados tienen un presupuesto total de 215,5 millones de euros, incluidos 116,1 millones de euros de cofinanciaci\u00f3n de la UE. La financiaci\u00f3n de la UE movilizar\u00e1 inversiones que ascienden a 3.200 millones de euros adicionales, ya que los Estados miembros tambi\u00e9n pueden utilizar otras fuentes de financiaci\u00f3n de la UE, incluidos los fondos agr\u00edcolas, regionales y estructurales, Horizonte 2020, as\u00ed como los fondos nacionales y la inversi\u00f3n del sector privado.<\/p>\n\n\n\n<h2 class=\"wp-block-heading\">Fondo <\/h2>\n\n\n\n<p>El programa LIFE es el instrumento de financiaci\u00f3n de la UE para el medio ambiente y la acci\u00f3n clim\u00e1tica. Funciona desde 1992 y ha cofinanciado m\u00e1s de 4.600 proyectos en toda la UE y en terceros pa\u00edses. En un momento dado, unos 1 100 proyectos est\u00e1n en curso. El presupuesto para 2014-2020 se fija en \u20ac 3,4 mil millones en precios actuales. Los Proyectos Integrados LIFE se introdujeron en 2014 para ayudar a los Estados miembros a cumplir con las leyes clave de la UE sobre medio ambiente, naturaleza y clima. Para el pr\u00f3ximo presupuesto de la UE a largo plazo 2021-2027, la Comisi\u00f3n propone <strong>aumentar la financiaci\u00f3n en casi un 60% para LIFE.<\/strong><\/p>\n\n\n\n<h3 class=\"wp-block-heading\">M\u00e1s informaci\u00f3n<\/h3>\n\n\n\n<p>Accede  a la <a href=\"http:\/\/europa.eu\/rapid\/press-release_IP-19-1128_en.htm\">noticia completa<\/a><\/p>\n\n\n\n<p>Documento relacionado: <a href=\"http:\/\/www.cde.ual.es\/ficha\/un-presupuesto-de-la-ue-para-el-futuro-el-nuevo-programa-life-mas-inversion-en-el-medio-ambiente-y-la-accion-por-el-clima\/\">Un presupuesto de la UE para el futuro. El nuevo programa LIFE : m\u00e1s inversi\u00f3n en el medio ambiente y la acci\u00f3n por el clima<\/a><\/p>\n\n\n\n<p>V\u00eddeo recomendado: <a href=\"http:\/\/www.cde.ual.es\/combatting-illegal-poisoning-of-wild-animals-life-project-in-spain\/\">Combatting illegal poisoning of wild animals: LIFE project in Spain <\/a><\/p>\n\n\n\n<p><a href=\"http:\/\/europa.eu\/rapid\/press-release_MEMO-19-1190_en.htm\">Anexo: Proyectos Integrados LIFE<\/a><\/p>\n\n\n","protected":false},"excerpt":{"rendered":"<p>La nueva financiaci\u00f3n del programa LIFE desbloquear\u00e1 m\u00e1s de 3.200 millones de euros de apoyo adicional para 12 proyectos medioambientales y clim\u00e1ticos a gran escala en diez Estados miembros para apoyar la transici\u00f3n de Europa a una econom\u00eda circular baja en carbono. La Comisi\u00f3n Europea anunci\u00f3 la pasada semana una inversi\u00f3n de 116,1 millones de [&hellip;]<\/p>\n","protected":false},"author":101011,"featured_media":9375,"comment_status":"open","ping_status":"open","sticky":false,"template":"","format":"standard","meta":{"_acf_changed":false,"_relevanssi_hide_post":"","_relevanssi_hide_content":"","_relevanssi_pin_for_all":"","_relevanssi_pin_keywords":"","_relevanssi_unpin_keywords":"","_relevanssi_related_keywords":"","_relevanssi_related_include_ids":"","_relevanssi_related_exclude_ids":"","_relevanssi_related_no_append":"","_relevanssi_related_not_related":"","_relevanssi_related_posts":"","_relevanssi_noindex_reason":"","_monsterinsights_skip_tracking":false,"_monsterinsights_sitenote_active":false,"_monsterinsights_sitenote_note":"","_monsterinsights_sitenote_category":0,"_genesis_hide_title":false,"_genesis_hide_breadcrumbs":false,"_genesis_hide_singular_image":false,"_genesis_hide_footer_widgets":false,"_genesis_custom_body_class":"","_genesis_custom_post_class":"","_genesis_layout":"","footnotes":""},"categories":[96],"tags":[215,205,192,133],"class_list":{"0":"post-13129","1":"post","2":"type-post","3":"status-publish","4":"format-standard","5":"has-post-thumbnail","7":"category-noticias-ue","8":"tag-cambio-climatico","9":"tag-ciudadania","10":"tag-economia-circular","11":"tag-medio-ambiente","12":"entry"},"acf":[],"yoast_head":"<!-- This site is optimized with the Yoast SEO plugin v27.4 - https:\/\/yoast.com\/product\/yoast-seo-wordpress\/ -->\n<title>116 millones de \u20ac para mejorar la calidad de vida de los europeos | CDE Almer\u00eda - Centro de Documentaci\u00f3n Europea - Universidad de Almer\u00eda<\/title>\n<meta name=\"robots\" content=\"index, follow, max-snippet:-1, max-image-preview:large, max-video-preview:-1\" \/>\n<link rel=\"canonical\" href=\"https:\/\/www.cde.ual.es\/116-millones-de-e-para-mejorar-la-calidad-de-vida-de-los-europeos\/\" \/>\n<meta property=\"og:locale\" content=\"en_US\" \/>\n<meta property=\"og:type\" content=\"article\" \/>\n<meta property=\"og:title\" content=\"116 millones de \u20ac para mejorar la calidad de vida de los europeos | CDE Almer\u00eda - Centro de Documentaci\u00f3n Europea - Universidad de Almer\u00eda\" \/>\n<meta property=\"og:description\" content=\"La nueva financiaci\u00f3n del programa LIFE desbloquear\u00e1 m\u00e1s de 3.200 millones de euros de apoyo adicional para 12 proyectos medioambientales y clim\u00e1ticos a gran escala en diez Estados miembros para apoyar la transici\u00f3n de Europa a una econom\u00eda circular baja en carbono. La Comisi\u00f3n Europea anunci\u00f3 la pasada semana una inversi\u00f3n de 116,1 millones de [&hellip;]\" \/>\n<meta property=\"og:url\" content=\"https:\/\/www.cde.ual.es\/116-millones-de-e-para-mejorar-la-calidad-de-vida-de-los-europeos\/\" \/>\n<meta property=\"og:site_name\" content=\"CDE Almer\u00eda - Centro de Documentaci\u00f3n Europea - Universidad de Almer\u00eda\" \/>\n<meta property=\"article:publisher\" content=\"https:\/\/www.facebook.com\/cdeuniversidadalmeria\/\" \/>\n<meta property=\"article:published_time\" content=\"2019-02-21T07:00:04+00:00\" \/>\n<meta property=\"og:image\" content=\"https:\/\/www.cde.ual.es\/wp-content\/uploads\/2018\/10\/Programa-Life.png\" \/>\n\t<meta property=\"og:image:width\" content=\"614\" \/>\n\t<meta property=\"og:image:height\" content=\"363\" \/>\n\t<meta property=\"og:image:type\" content=\"image\/png\" \/>\n<meta name=\"author\" content=\"BECA 2 CDE\" \/>\n<meta name=\"twitter:card\" content=\"summary_large_image\" \/>\n<meta name=\"twitter:creator\" content=\"@cdeualmeria\" \/>\n<meta name=\"twitter:site\" content=\"@cdeualmeria\" \/>\n<meta name=\"twitter:label1\" content=\"Written by\" \/>\n\t<meta name=\"twitter:data1\" content=\"BECA 2 CDE\" \/>\n\t<meta name=\"twitter:label2\" content=\"Est. reading time\" \/>\n\t<meta name=\"twitter:data2\" content=\"2 minutes\" \/>\n<script type=\"application\/ld+json\" class=\"yoast-schema-graph\">{\"@context\":\"https:\\\/\\\/schema.org\",\"@graph\":[{\"@type\":\"Article\",\"@id\":\"https:\\\/\\\/www.cde.ual.es\\\/116-millones-de-e-para-mejorar-la-calidad-de-vida-de-los-europeos\\\/#article\",\"isPartOf\":{\"@id\":\"https:\\\/\\\/www.cde.ual.es\\\/116-millones-de-e-para-mejorar-la-calidad-de-vida-de-los-europeos\\\/\"},\"author\":{\"name\":\"BECA 2 CDE\",\"@id\":\"https:\\\/\\\/www.cde.ual.es\\\/#\\\/schema\\\/person\\\/ee46ebc19edfa19598c02cff83335acc\"},\"headline\":\"116 millones de \u20ac para mejorar la calidad de vida de los europeos\",\"datePublished\":\"2019-02-21T07:00:04+00:00\",\"mainEntityOfPage\":{\"@id\":\"https:\\\/\\\/www.cde.ual.es\\\/116-millones-de-e-para-mejorar-la-calidad-de-vida-de-los-europeos\\\/\"},\"wordCount\":428,\"commentCount\":0,\"publisher\":{\"@id\":\"https:\\\/\\\/www.cde.ual.es\\\/#organization\"},\"image\":{\"@id\":\"https:\\\/\\\/www.cde.ual.es\\\/116-millones-de-e-para-mejorar-la-calidad-de-vida-de-los-europeos\\\/#primaryimage\"},\"thumbnailUrl\":\"https:\\\/\\\/www.cde.ual.es\\\/wp-content\\\/uploads\\\/2018\\\/10\\\/Programa-Life.png\",\"keywords\":[\"Cambio Clim\u00e1tico\",\"Ciudadan\u00eda\",\"Econom\u00eda Circular\",\"Medio Ambiente\"],\"articleSection\":[\"Noticias UE\"],\"inLanguage\":\"en-US\",\"potentialAction\":[{\"@type\":\"CommentAction\",\"name\":\"Comment\",\"target\":[\"https:\\\/\\\/www.cde.ual.es\\\/116-millones-de-e-para-mejorar-la-calidad-de-vida-de-los-europeos\\\/#respond\"]}]},{\"@type\":\"WebPage\",\"@id\":\"https:\\\/\\\/www.cde.ual.es\\\/116-millones-de-e-para-mejorar-la-calidad-de-vida-de-los-europeos\\\/\",\"url\":\"https:\\\/\\\/www.cde.ual.es\\\/116-millones-de-e-para-mejorar-la-calidad-de-vida-de-los-europeos\\\/\",\"name\":\"116 millones de \u20ac para mejorar la calidad de vida de los europeos | CDE Almer\u00eda - Centro de Documentaci\u00f3n Europea - Universidad de Almer\u00eda\",\"isPartOf\":{\"@id\":\"https:\\\/\\\/www.cde.ual.es\\\/#website\"},\"primaryImageOfPage\":{\"@id\":\"https:\\\/\\\/www.cde.ual.es\\\/116-millones-de-e-para-mejorar-la-calidad-de-vida-de-los-europeos\\\/#primaryimage\"},\"image\":{\"@id\":\"https:\\\/\\\/www.cde.ual.es\\\/116-millones-de-e-para-mejorar-la-calidad-de-vida-de-los-europeos\\\/#primaryimage\"},\"thumbnailUrl\":\"https:\\\/\\\/www.cde.ual.es\\\/wp-content\\\/uploads\\\/2018\\\/10\\\/Programa-Life.png\",\"datePublished\":\"2019-02-21T07:00:04+00:00\",\"breadcrumb\":{\"@id\":\"https:\\\/\\\/www.cde.ual.es\\\/116-millones-de-e-para-mejorar-la-calidad-de-vida-de-los-europeos\\\/#breadcrumb\"},\"inLanguage\":\"en-US\",\"potentialAction\":[{\"@type\":\"ReadAction\",\"target\":[\"https:\\\/\\\/www.cde.ual.es\\\/116-millones-de-e-para-mejorar-la-calidad-de-vida-de-los-europeos\\\/\"]}]},{\"@type\":\"ImageObject\",\"inLanguage\":\"en-US\",\"@id\":\"https:\\\/\\\/www.cde.ual.es\\\/116-millones-de-e-para-mejorar-la-calidad-de-vida-de-los-europeos\\\/#primaryimage\",\"url\":\"https:\\\/\\\/www.cde.ual.es\\\/wp-content\\\/uploads\\\/2018\\\/10\\\/Programa-Life.png\",\"contentUrl\":\"https:\\\/\\\/www.cde.ual.es\\\/wp-content\\\/uploads\\\/2018\\\/10\\\/Programa-Life.png\",\"width\":614,\"height\":363,\"caption\":\"Programa Life\"},{\"@type\":\"BreadcrumbList\",\"@id\":\"https:\\\/\\\/www.cde.ual.es\\\/116-millones-de-e-para-mejorar-la-calidad-de-vida-de-los-europeos\\\/#breadcrumb\",\"itemListElement\":[{\"@type\":\"ListItem\",\"position\":1,\"name\":\"Inicio\",\"item\":\"https:\\\/\\\/www.cde.ual.es\\\/en\\\/\"},{\"@type\":\"ListItem\",\"position\":2,\"name\":\"Noticias UE\",\"item\":\"https:\\\/\\\/www.cde.ual.es\\\/category\\\/noticias-ue\\\/\"},{\"@type\":\"ListItem\",\"position\":3,\"name\":\"116 millones de \u20ac para mejorar la calidad de vida de los europeos\"}]},{\"@type\":\"WebSite\",\"@id\":\"https:\\\/\\\/www.cde.ual.es\\\/#website\",\"url\":\"https:\\\/\\\/www.cde.ual.es\\\/\",\"name\":\"CDE Almer\u00eda - Centro de Documentaci\u00f3n Europea - Universidad de Almer\u00eda\",\"description\":\"Centro de Documentaci\u00f3n Europea de la Universidad de Almer\u00eda\",\"publisher\":{\"@id\":\"https:\\\/\\\/www.cde.ual.es\\\/#organization\"},\"alternateName\":\"CDE Almer\u00eda\",\"potentialAction\":[{\"@type\":\"SearchAction\",\"target\":{\"@type\":\"EntryPoint\",\"urlTemplate\":\"https:\\\/\\\/www.cde.ual.es\\\/?s={search_term_string}\"},\"query-input\":{\"@type\":\"PropertyValueSpecification\",\"valueRequired\":true,\"valueName\":\"search_term_string\"}}],\"inLanguage\":\"en-US\"},{\"@type\":\"Organization\",\"@id\":\"https:\\\/\\\/www.cde.ual.es\\\/#organization\",\"name\":\"Centro de Documentaci\u00f3n Europea de Almer\u00eda\",\"url\":\"https:\\\/\\\/www.cde.ual.es\\\/\",\"logo\":{\"@type\":\"ImageObject\",\"inLanguage\":\"en-US\",\"@id\":\"https:\\\/\\\/www.cde.ual.es\\\/#\\\/schema\\\/logo\\\/image\\\/\",\"url\":\"https:\\\/\\\/www.cde.ual.es\\\/wp-content\\\/uploads\\\/2025\\\/07\\\/cde-logo-3.png\",\"contentUrl\":\"https:\\\/\\\/www.cde.ual.es\\\/wp-content\\\/uploads\\\/2025\\\/07\\\/cde-logo-3.png\",\"width\":1400,\"height\":300,\"caption\":\"Centro de Documentaci\u00f3n Europea de Almer\u00eda\"},\"image\":{\"@id\":\"https:\\\/\\\/www.cde.ual.es\\\/#\\\/schema\\\/logo\\\/image\\\/\"},\"sameAs\":[\"https:\\\/\\\/www.facebook.com\\\/cdeuniversidadalmeria\\\/\",\"https:\\\/\\\/x.com\\\/cdeualmeria\",\"https:\\\/\\\/www.tiktok.com\\\/@cdealmeria\",\"https:\\\/\\\/www.instagram.com\\\/cdealmeria\\\/\",\"https:\\\/\\\/www.linkedin.com\\\/in\\\/cde-almera-812b26a9\\\/\"]},{\"@type\":\"Person\",\"@id\":\"https:\\\/\\\/www.cde.ual.es\\\/#\\\/schema\\\/person\\\/ee46ebc19edfa19598c02cff83335acc\",\"name\":\"BECA 2 CDE\",\"image\":{\"@type\":\"ImageObject\",\"inLanguage\":\"en-US\",\"@id\":\"https:\\\/\\\/secure.gravatar.com\\\/avatar\\\/35a481bbc04bbd90e91bdfa3b0b5541036c222a49b9ad37b6889a2afcb5311a5?s=96&d=mm&r=g\",\"url\":\"https:\\\/\\\/secure.gravatar.com\\\/avatar\\\/35a481bbc04bbd90e91bdfa3b0b5541036c222a49b9ad37b6889a2afcb5311a5?s=96&d=mm&r=g\",\"contentUrl\":\"https:\\\/\\\/secure.gravatar.com\\\/avatar\\\/35a481bbc04bbd90e91bdfa3b0b5541036c222a49b9ad37b6889a2afcb5311a5?s=96&d=mm&r=g\",\"caption\":\"BECA 2 CDE\"},\"sameAs\":[\"http:\\\/\\\/www.cdealmeria.com\"]}]}<\/script>\n<!-- \/ Yoast SEO plugin. -->","yoast_head_json":{"title":"116 millones de \u20ac para mejorar la calidad de vida de los europeos | CDE Almer\u00eda - Centro de Documentaci\u00f3n Europea - Universidad de Almer\u00eda","robots":{"index":"index","follow":"follow","max-snippet":"max-snippet:-1","max-image-preview":"max-image-preview:large","max-video-preview":"max-video-preview:-1"},"canonical":"https:\/\/www.cde.ual.es\/116-millones-de-e-para-mejorar-la-calidad-de-vida-de-los-europeos\/","og_locale":"en_US","og_type":"article","og_title":"116 millones de \u20ac para mejorar la calidad de vida de los europeos | CDE Almer\u00eda - Centro de Documentaci\u00f3n Europea - Universidad de Almer\u00eda","og_description":"La nueva financiaci\u00f3n del programa LIFE desbloquear\u00e1 m\u00e1s de 3.200 millones de euros de apoyo adicional para 12 proyectos medioambientales y clim\u00e1ticos a gran escala en diez Estados miembros para apoyar la transici\u00f3n de Europa a una econom\u00eda circular baja en carbono. La Comisi\u00f3n Europea anunci\u00f3 la pasada semana una inversi\u00f3n de 116,1 millones de [&hellip;]","og_url":"https:\/\/www.cde.ual.es\/116-millones-de-e-para-mejorar-la-calidad-de-vida-de-los-europeos\/","og_site_name":"CDE Almer\u00eda - Centro de Documentaci\u00f3n Europea - Universidad de Almer\u00eda","article_publisher":"https:\/\/www.facebook.com\/cdeuniversidadalmeria\/","article_published_time":"2019-02-21T07:00:04+00:00","og_image":[{"width":614,"height":363,"url":"https:\/\/www.cde.ual.es\/wp-content\/uploads\/2018\/10\/Programa-Life.png","type":"image\/png"}],"author":"BECA 2 CDE","twitter_card":"summary_large_image","twitter_creator":"@cdeualmeria","twitter_site":"@cdeualmeria","twitter_misc":{"Written by":"BECA 2 CDE","Est. reading time":"2 minutes"},"schema":{"@context":"https:\/\/schema.org","@graph":[{"@type":"Article","@id":"https:\/\/www.cde.ual.es\/116-millones-de-e-para-mejorar-la-calidad-de-vida-de-los-europeos\/#article","isPartOf":{"@id":"https:\/\/www.cde.ual.es\/116-millones-de-e-para-mejorar-la-calidad-de-vida-de-los-europeos\/"},"author":{"name":"BECA 2 CDE","@id":"https:\/\/www.cde.ual.es\/#\/schema\/person\/ee46ebc19edfa19598c02cff83335acc"},"headline":"116 millones de \u20ac para mejorar la calidad de vida de los europeos","datePublished":"2019-02-21T07:00:04+00:00","mainEntityOfPage":{"@id":"https:\/\/www.cde.ual.es\/116-millones-de-e-para-mejorar-la-calidad-de-vida-de-los-europeos\/"},"wordCount":428,"commentCount":0,"publisher":{"@id":"https:\/\/www.cde.ual.es\/#organization"},"image":{"@id":"https:\/\/www.cde.ual.es\/116-millones-de-e-para-mejorar-la-calidad-de-vida-de-los-europeos\/#primaryimage"},"thumbnailUrl":"https:\/\/www.cde.ual.es\/wp-content\/uploads\/2018\/10\/Programa-Life.png","keywords":["Cambio Clim\u00e1tico","Ciudadan\u00eda","Econom\u00eda Circular","Medio Ambiente"],"articleSection":["Noticias UE"],"inLanguage":"en-US","potentialAction":[{"@type":"CommentAction","name":"Comment","target":["https:\/\/www.cde.ual.es\/116-millones-de-e-para-mejorar-la-calidad-de-vida-de-los-europeos\/#respond"]}]},{"@type":"WebPage","@id":"https:\/\/www.cde.ual.es\/116-millones-de-e-para-mejorar-la-calidad-de-vida-de-los-europeos\/","url":"https:\/\/www.cde.ual.es\/116-millones-de-e-para-mejorar-la-calidad-de-vida-de-los-europeos\/","name":"116 millones de \u20ac para mejorar la calidad de vida de los europeos | CDE Almer\u00eda - Centro de Documentaci\u00f3n Europea - Universidad de Almer\u00eda","isPartOf":{"@id":"https:\/\/www.cde.ual.es\/#website"},"primaryImageOfPage":{"@id":"https:\/\/www.cde.ual.es\/116-millones-de-e-para-mejorar-la-calidad-de-vida-de-los-europeos\/#primaryimage"},"image":{"@id":"https:\/\/www.cde.ual.es\/116-millones-de-e-para-mejorar-la-calidad-de-vida-de-los-europeos\/#primaryimage"},"thumbnailUrl":"https:\/\/www.cde.ual.es\/wp-content\/uploads\/2018\/10\/Programa-Life.png","datePublished":"2019-02-21T07:00:04+00:00","breadcrumb":{"@id":"https:\/\/www.cde.ual.es\/116-millones-de-e-para-mejorar-la-calidad-de-vida-de-los-europeos\/#breadcrumb"},"inLanguage":"en-US","potentialAction":[{"@type":"ReadAction","target":["https:\/\/www.cde.ual.es\/116-millones-de-e-para-mejorar-la-calidad-de-vida-de-los-europeos\/"]}]},{"@type":"ImageObject","inLanguage":"en-US","@id":"https:\/\/www.cde.ual.es\/116-millones-de-e-para-mejorar-la-calidad-de-vida-de-los-europeos\/#primaryimage","url":"https:\/\/www.cde.ual.es\/wp-content\/uploads\/2018\/10\/Programa-Life.png","contentUrl":"https:\/\/www.cde.ual.es\/wp-content\/uploads\/2018\/10\/Programa-Life.png","width":614,"height":363,"caption":"Programa Life"},{"@type":"BreadcrumbList","@id":"https:\/\/www.cde.ual.es\/116-millones-de-e-para-mejorar-la-calidad-de-vida-de-los-europeos\/#breadcrumb","itemListElement":[{"@type":"ListItem","position":1,"name":"Inicio","item":"https:\/\/www.cde.ual.es\/en\/"},{"@type":"ListItem","position":2,"name":"Noticias UE","item":"https:\/\/www.cde.ual.es\/category\/noticias-ue\/"},{"@type":"ListItem","position":3,"name":"116 millones de \u20ac para mejorar la calidad de vida de los europeos"}]},{"@type":"WebSite","@id":"https:\/\/www.cde.ual.es\/#website","url":"https:\/\/www.cde.ual.es\/","name":"CDE Almer\u00eda - Centro de Documentaci\u00f3n Europea - Universidad de Almer\u00eda","description":"Centro de Documentaci\u00f3n Europea de la Universidad de Almer\u00eda","publisher":{"@id":"https:\/\/www.cde.ual.es\/#organization"},"alternateName":"CDE Almer\u00eda","potentialAction":[{"@type":"SearchAction","target":{"@type":"EntryPoint","urlTemplate":"https:\/\/www.cde.ual.es\/?s={search_term_string}"},"query-input":{"@type":"PropertyValueSpecification","valueRequired":true,"valueName":"search_term_string"}}],"inLanguage":"en-US"},{"@type":"Organization","@id":"https:\/\/www.cde.ual.es\/#organization","name":"Centro de Documentaci\u00f3n Europea de Almer\u00eda","url":"https:\/\/www.cde.ual.es\/","logo":{"@type":"ImageObject","inLanguage":"en-US","@id":"https:\/\/www.cde.ual.es\/#\/schema\/logo\/image\/","url":"https:\/\/www.cde.ual.es\/wp-content\/uploads\/2025\/07\/cde-logo-3.png","contentUrl":"https:\/\/www.cde.ual.es\/wp-content\/uploads\/2025\/07\/cde-logo-3.png","width":1400,"height":300,"caption":"Centro de Documentaci\u00f3n Europea de Almer\u00eda"},"image":{"@id":"https:\/\/www.cde.ual.es\/#\/schema\/logo\/image\/"},"sameAs":["https:\/\/www.facebook.com\/cdeuniversidadalmeria\/","https:\/\/x.com\/cdeualmeria","https:\/\/www.tiktok.com\/@cdealmeria","https:\/\/www.instagram.com\/cdealmeria\/","https:\/\/www.linkedin.com\/in\/cde-almera-812b26a9\/"]},{"@type":"Person","@id":"https:\/\/www.cde.ual.es\/#\/schema\/person\/ee46ebc19edfa19598c02cff83335acc","name":"BECA 2 CDE","image":{"@type":"ImageObject","inLanguage":"en-US","@id":"https:\/\/secure.gravatar.com\/avatar\/35a481bbc04bbd90e91bdfa3b0b5541036c222a49b9ad37b6889a2afcb5311a5?s=96&d=mm&r=g","url":"https:\/\/secure.gravatar.com\/avatar\/35a481bbc04bbd90e91bdfa3b0b5541036c222a49b9ad37b6889a2afcb5311a5?s=96&d=mm&r=g","contentUrl":"https:\/\/secure.gravatar.com\/avatar\/35a481bbc04bbd90e91bdfa3b0b5541036c222a49b9ad37b6889a2afcb5311a5?s=96&d=mm&r=g","caption":"BECA 2 CDE"},"sameAs":["http:\/\/www.cdealmeria.com"]}]}},"_links":{"self":[{"href":"https:\/\/www.cde.ual.es\/en\/wp-json\/wp\/v2\/posts\/13129","targetHints":{"allow":["GET"]}}],"collection":[{"href":"https:\/\/www.cde.ual.es\/en\/wp-json\/wp\/v2\/posts"}],"about":[{"href":"https:\/\/www.cde.ual.es\/en\/wp-json\/wp\/v2\/types\/post"}],"author":[{"embeddable":true,"href":"https:\/\/www.cde.ual.es\/en\/wp-json\/wp\/v2\/users\/101011"}],"replies":[{"embeddable":true,"href":"https:\/\/www.cde.ual.es\/en\/wp-json\/wp\/v2\/comments?post=13129"}],"version-history":[{"count":0,"href":"https:\/\/www.cde.ual.es\/en\/wp-json\/wp\/v2\/posts\/13129\/revisions"}],"wp:featuredmedia":[{"embeddable":true,"href":"https:\/\/www.cde.ual.es\/en\/wp-json\/wp\/v2\/media\/9375"}],"wp:attachment":[{"href":"https:\/\/www.cde.ual.es\/en\/wp-json\/wp\/v2\/media?parent=13129"}],"wp:term":[{"taxonomy":"category","embeddable":true,"href":"https:\/\/www.cde.ual.es\/en\/wp-json\/wp\/v2\/categories?post=13129"},{"taxonomy":"post_tag","embeddable":true,"href":"https:\/\/www.cde.ual.es\/en\/wp-json\/wp\/v2\/tags?post=13129"}],"curies":[{"name":"wp","href":"https:\/\/api.w.org\/{rel}","templated":true}]}}