{"id":130801,"date":"2023-02-20T10:39:53","date_gmt":"2023-02-20T09:39:53","guid":{"rendered":"https:\/\/www.cde.ual.es\/?p=130801"},"modified":"2023-02-20T10:39:53","modified_gmt":"2023-02-20T09:39:53","slug":"european-parliament-fisheries-committee-will-evaluate-how-ecuador-fights-against-illegal-fishing","status":"publish","type":"post","link":"https:\/\/www.cde.ual.es\/en\/european-parliament-fisheries-committee-will-evaluate-how-ecuador-fights-against-illegal-fishing\/","title":{"rendered":"European Parliament Fisheries Committee will evaluate how Ecuador fights against illegal fishing"},"content":{"rendered":"<div class=\"clearfix text-formatted field field--name-field-text-teaser field--type-text-long field--label-hidden field__item\">\n<p style=\"text-align: justify;\"><strong>A delegation from the EP Fisheries Committee will visit ports and factories in Ecuador and meet with industry representatives and national authorities from February 22-24.<\/strong><\/p>\n<\/div>\n<p style=\"text-align: justify;\"><a href=\"https:\/\/www.cde.ual.es\/wp-content\/uploads\/2022\/11\/Barco-de-pesca-scaled.jpg\"><img decoding=\"async\" class=\"size-large wp-image-122509 aligncenter\" src=\"https:\/\/www.cde.ual.es\/wp-content\/uploads\/2022\/11\/Barco-de-pesca-1024x683.jpg\" alt=\"Barco de pesca\" width=\"1024\" height=\"683\" srcset=\"https:\/\/www.cde.ual.es\/wp-content\/uploads\/2022\/11\/Barco-de-pesca-1024x683.jpg 1024w, https:\/\/www.cde.ual.es\/wp-content\/uploads\/2022\/11\/Barco-de-pesca-300x200.jpg 300w, https:\/\/www.cde.ual.es\/wp-content\/uploads\/2022\/11\/Barco-de-pesca-768x512.jpg 768w, https:\/\/www.cde.ual.es\/wp-content\/uploads\/2022\/11\/Barco-de-pesca-1536x1024.jpg 1536w, https:\/\/www.cde.ual.es\/wp-content\/uploads\/2022\/11\/Barco-de-pesca-2048x1365.jpg 2048w\" sizes=\"(max-width: 1024px) 100vw, 1024px\" \/><\/a><\/p>\n<p style=\"text-align: justify;\">Seven MEPs led by committee chair Pierre Karleskind (Renew, France) will travel to Ecuador to examine its fisheries sector and international commitments to combat illegal, unreported and unregulated fishing, which led to the country receiving a &#8220;yellow card&#8221; from the EU in 2019.<\/p>\n<p style=\"text-align: justify;\">The MEPs are scheduled to meet with the Minister of Production, Foreign Trade, Investment and Fisheries, Julio Jos\u00e9 Prado, members of Parliament and other national authorities, as well as interlocutors from the fisheries and aquaculture sector.<\/p>\n<table style=\"width: 99.9988%; border-collapse: collapse; border-style: double; border-color: #001f7d;\" cellpadding=\"0,5\">\n<tbody>\n<tr>\n<td style=\"width: 100%;\"><a href=\"https:\/\/www.cde.ual.es\/en\/fisheries-eu-and-neighbouring-countries-agree-first-ever-joint-multiannual-management-plans-in-the-mediterranean\/\" target=\"_blank\" rel=\"noopener\"><img decoding=\"async\" class=\"alignleft\" src=\"https:\/\/www.cde.ual.es\/wp-content\/uploads\/2022\/11\/noaa-vlvc-7nb2U8-unsplash-1-scaled.jpg\" alt=\"\" width=\"201\" height=\"134\" \/><\/a><\/p>\n<h4 class=\"entry-title\"><a href=\"https:\/\/www.cde.ual.es\/en-que-medida-estan-digitalizadas-las-empresas-de-la-ue\/\" target=\"_blank\" rel=\"noopener\">Fisheries: EU and neighbouring countries agree first-ever joint multiannual management plans in the Mediterranean\/<\/a><\/h4>\n<\/td>\n<\/tr>\n<\/tbody>\n<\/table>\n<p style=\"text-align: justify;\">\n<p style=\"text-align: justify;\">The members of the delegation will also visit the Manta International Port Terminal &#8211; one of the country&#8217;s largest ports &#8211; the San Mateo Artisanal Fishing Port, the &#8220;Eurofish&#8221; tuna processing factory and the Fisheries Monitoring Center. The tuna processing sector in Manta is one of the largest exporters to the EU. The MEPs are interested in learning about its processing methods and how traceability of catches is ensured.<\/p>\n<p style=\"text-align: justify;\">In order to assess the quality and production standards of the shrimp sector, also a major exporter to the EU, the MEPs will meet with representatives of shrimp associations in Guayaquil.<\/p>\n<p style=\"text-align: justify;\"><strong>More information: <a href=\"https:\/\/www.eeas.europa.eu\/delegations\/ecuador\/eurodiputados-evaluar%C3%A1n-c%C3%B3mo-lucha-ecuador-contra-la-pesca-ilegal_en\">Delegation of the European Union to Ecuador<\/a><\/strong><\/p>\n","protected":false},"excerpt":{"rendered":"<p>A delegation from the EP Fisheries Committee will visit ports and factories in Ecuador and meet with industry representatives and national authorities from February 22-24. Seven MEPs led by committee chair Pierre Karleskind (Renew, France) will travel to Ecuador to examine its fisheries sector and international commitments to combat illegal, unreported and unregulated fishing, which [&hellip;]<\/p>\n","protected":false},"author":1,"featured_media":122510,"comment_status":"open","ping_status":"open","sticky":false,"template":"","format":"standard","meta":{"_acf_changed":false,"_relevanssi_hide_post":"","_relevanssi_hide_content":"","_relevanssi_pin_for_all":"","_relevanssi_pin_keywords":"","_relevanssi_unpin_keywords":"","_relevanssi_related_keywords":"","_relevanssi_related_include_ids":"","_relevanssi_related_exclude_ids":"","_relevanssi_related_no_append":"","_relevanssi_related_not_related":"","_relevanssi_related_posts":"","_relevanssi_noindex_reason":"","_monsterinsights_skip_tracking":false,"_monsterinsights_sitenote_active":false,"_monsterinsights_sitenote_note":"","_monsterinsights_sitenote_category":0,"_genesis_hide_title":false,"_genesis_hide_breadcrumbs":false,"_genesis_hide_singular_image":false,"_genesis_hide_footer_widgets":false,"_genesis_custom_body_class":"","_genesis_custom_post_class":"","_genesis_layout":"","footnotes":""},"categories":[4061,4077,346,4062,4065],"tags":[8612,753,8084,5110,8611,351],"class_list":{"0":"post-130801","1":"post","2":"type-post","3":"status-publish","4":"format-standard","5":"has-post-thumbnail","7":"category-agr-liv-far-fish","8":"category-crime","9":"category-eu-news","10":"category-farming-act","11":"category-international-pol-coop","12":"tag-ecuador-en","13":"tag-european-parliament","14":"tag-illegal-fishing","15":"tag-pesca-en","16":"tag-poaching","17":"tag-union-europea-en","18":"entry"},"acf":[],"yoast_head":"<!-- This site is optimized with the Yoast SEO plugin v27.4 - https:\/\/yoast.com\/product\/yoast-seo-wordpress\/ -->\n<title>European Parliament Fisheries Committee will evaluate how Ecuador fights against illegal fishing | CDE Almer\u00eda - Centro de Documentaci\u00f3n Europea - Universidad de Almer\u00eda<\/title>\n<meta name=\"robots\" content=\"index, follow, max-snippet:-1, max-image-preview:large, max-video-preview:-1\" \/>\n<link rel=\"canonical\" href=\"https:\/\/www.cde.ual.es\/en\/european-parliament-fisheries-committee-will-evaluate-how-ecuador-fights-against-illegal-fishing\/\" \/>\n<meta property=\"og:locale\" content=\"en_US\" \/>\n<meta property=\"og:type\" content=\"article\" \/>\n<meta property=\"og:title\" content=\"European Parliament Fisheries Committee will evaluate how Ecuador fights against illegal fishing | CDE Almer\u00eda - Centro de Documentaci\u00f3n Europea - Universidad de Almer\u00eda\" \/>\n<meta property=\"og:description\" content=\"A delegation from the EP Fisheries Committee will visit ports and factories in Ecuador and meet with industry representatives and national authorities from February 22-24. Seven MEPs led by committee chair Pierre Karleskind (Renew, France) will travel to Ecuador to examine its fisheries sector and international commitments to combat illegal, unreported and unregulated fishing, which [&hellip;]\" \/>\n<meta property=\"og:url\" content=\"https:\/\/www.cde.ual.es\/en\/european-parliament-fisheries-committee-will-evaluate-how-ecuador-fights-against-illegal-fishing\/\" \/>\n<meta property=\"og:site_name\" content=\"CDE Almer\u00eda - Centro de Documentaci\u00f3n Europea - Universidad de Almer\u00eda\" \/>\n<meta property=\"article:publisher\" content=\"https:\/\/www.facebook.com\/cdeuniversidadalmeria\/\" \/>\n<meta property=\"article:published_time\" content=\"2023-02-20T09:39:53+00:00\" \/>\n<meta property=\"og:image\" content=\"https:\/\/www.cde.ual.es\/wp-content\/uploads\/2022\/11\/Barco-de-pesca-scaled.jpg\" \/>\n\t<meta property=\"og:image:width\" content=\"2560\" \/>\n\t<meta property=\"og:image:height\" content=\"1706\" \/>\n\t<meta property=\"og:image:type\" content=\"image\/jpeg\" \/>\n<meta name=\"author\" content=\"AdminCDE\" \/>\n<meta name=\"twitter:card\" content=\"summary_large_image\" \/>\n<meta name=\"twitter:creator\" content=\"@cdeualmeria\" \/>\n<meta name=\"twitter:site\" content=\"@cdeualmeria\" \/>\n<meta name=\"twitter:label1\" content=\"Written by\" \/>\n\t<meta name=\"twitter:data1\" content=\"AdminCDE\" \/>\n\t<meta name=\"twitter:label2\" content=\"Est. reading time\" \/>\n\t<meta name=\"twitter:data2\" content=\"2 minutes\" \/>\n<script type=\"application\/ld+json\" class=\"yoast-schema-graph\">{\"@context\":\"https:\\\/\\\/schema.org\",\"@graph\":[{\"@type\":\"Article\",\"@id\":\"https:\\\/\\\/www.cde.ual.es\\\/en\\\/european-parliament-fisheries-committee-will-evaluate-how-ecuador-fights-against-illegal-fishing\\\/#article\",\"isPartOf\":{\"@id\":\"https:\\\/\\\/www.cde.ual.es\\\/en\\\/european-parliament-fisheries-committee-will-evaluate-how-ecuador-fights-against-illegal-fishing\\\/\"},\"author\":{\"name\":\"AdminCDE\",\"@id\":\"https:\\\/\\\/www.cde.ual.es\\\/#\\\/schema\\\/person\\\/224ef08c8bcc005f319d2713ce37ee5f\"},\"headline\":\"European Parliament Fisheries Committee will evaluate how Ecuador fights against illegal fishing\",\"datePublished\":\"2023-02-20T09:39:53+00:00\",\"mainEntityOfPage\":{\"@id\":\"https:\\\/\\\/www.cde.ual.es\\\/en\\\/european-parliament-fisheries-committee-will-evaluate-how-ecuador-fights-against-illegal-fishing\\\/\"},\"wordCount\":239,\"commentCount\":0,\"publisher\":{\"@id\":\"https:\\\/\\\/www.cde.ual.es\\\/#organization\"},\"image\":{\"@id\":\"https:\\\/\\\/www.cde.ual.es\\\/en\\\/european-parliament-fisheries-committee-will-evaluate-how-ecuador-fights-against-illegal-fishing\\\/#primaryimage\"},\"thumbnailUrl\":\"https:\\\/\\\/www.cde.ual.es\\\/wp-content\\\/uploads\\\/2022\\\/11\\\/Barco-de-pesca-scaled.jpg\",\"keywords\":[\"ecuador\",\"European Parliament\",\"Illegal fishing\",\"Pesca\",\"poaching\",\"Uni\u00f3n Europea\"],\"articleSection\":[\"Agriculture, Livestock Farming and Fisheries\",\"Crime\",\"EU News\",\"Farming activity\",\"International Politics and Cooperation\"],\"inLanguage\":\"en-US\",\"potentialAction\":[{\"@type\":\"CommentAction\",\"name\":\"Comment\",\"target\":[\"https:\\\/\\\/www.cde.ual.es\\\/en\\\/european-parliament-fisheries-committee-will-evaluate-how-ecuador-fights-against-illegal-fishing\\\/#respond\"]}]},{\"@type\":\"WebPage\",\"@id\":\"https:\\\/\\\/www.cde.ual.es\\\/en\\\/european-parliament-fisheries-committee-will-evaluate-how-ecuador-fights-against-illegal-fishing\\\/\",\"url\":\"https:\\\/\\\/www.cde.ual.es\\\/en\\\/european-parliament-fisheries-committee-will-evaluate-how-ecuador-fights-against-illegal-fishing\\\/\",\"name\":\"European Parliament Fisheries Committee will evaluate how Ecuador fights against illegal fishing | CDE Almer\u00eda - Centro de Documentaci\u00f3n Europea - Universidad de Almer\u00eda\",\"isPartOf\":{\"@id\":\"https:\\\/\\\/www.cde.ual.es\\\/#website\"},\"primaryImageOfPage\":{\"@id\":\"https:\\\/\\\/www.cde.ual.es\\\/en\\\/european-parliament-fisheries-committee-will-evaluate-how-ecuador-fights-against-illegal-fishing\\\/#primaryimage\"},\"image\":{\"@id\":\"https:\\\/\\\/www.cde.ual.es\\\/en\\\/european-parliament-fisheries-committee-will-evaluate-how-ecuador-fights-against-illegal-fishing\\\/#primaryimage\"},\"thumbnailUrl\":\"https:\\\/\\\/www.cde.ual.es\\\/wp-content\\\/uploads\\\/2022\\\/11\\\/Barco-de-pesca-scaled.jpg\",\"datePublished\":\"2023-02-20T09:39:53+00:00\",\"breadcrumb\":{\"@id\":\"https:\\\/\\\/www.cde.ual.es\\\/en\\\/european-parliament-fisheries-committee-will-evaluate-how-ecuador-fights-against-illegal-fishing\\\/#breadcrumb\"},\"inLanguage\":\"en-US\",\"potentialAction\":[{\"@type\":\"ReadAction\",\"target\":[\"https:\\\/\\\/www.cde.ual.es\\\/en\\\/european-parliament-fisheries-committee-will-evaluate-how-ecuador-fights-against-illegal-fishing\\\/\"]}]},{\"@type\":\"ImageObject\",\"inLanguage\":\"en-US\",\"@id\":\"https:\\\/\\\/www.cde.ual.es\\\/en\\\/european-parliament-fisheries-committee-will-evaluate-how-ecuador-fights-against-illegal-fishing\\\/#primaryimage\",\"url\":\"https:\\\/\\\/www.cde.ual.es\\\/wp-content\\\/uploads\\\/2022\\\/11\\\/Barco-de-pesca-scaled.jpg\",\"contentUrl\":\"https:\\\/\\\/www.cde.ual.es\\\/wp-content\\\/uploads\\\/2022\\\/11\\\/Barco-de-pesca-scaled.jpg\",\"width\":2560,\"height\":1706,\"caption\":\"Barco de pesca\"},{\"@type\":\"BreadcrumbList\",\"@id\":\"https:\\\/\\\/www.cde.ual.es\\\/en\\\/european-parliament-fisheries-committee-will-evaluate-how-ecuador-fights-against-illegal-fishing\\\/#breadcrumb\",\"itemListElement\":[{\"@type\":\"ListItem\",\"position\":1,\"name\":\"Inicio\",\"item\":\"https:\\\/\\\/www.cde.ual.es\\\/en\\\/\"},{\"@type\":\"ListItem\",\"position\":2,\"name\":\"EU News\",\"item\":\"https:\\\/\\\/www.cde.ual.es\\\/en\\\/category\\\/eu-news\\\/\"},{\"@type\":\"ListItem\",\"position\":3,\"name\":\"Agriculture, Livestock Farming and Fisheries\",\"item\":\"https:\\\/\\\/www.cde.ual.es\\\/en\\\/category\\\/eu-news\\\/agr-liv-far-fish\\\/\"},{\"@type\":\"ListItem\",\"position\":4,\"name\":\"European Parliament Fisheries Committee will evaluate how Ecuador fights against illegal fishing\"}]},{\"@type\":\"WebSite\",\"@id\":\"https:\\\/\\\/www.cde.ual.es\\\/#website\",\"url\":\"https:\\\/\\\/www.cde.ual.es\\\/\",\"name\":\"CDE Almer\u00eda - Centro de Documentaci\u00f3n Europea - Universidad de Almer\u00eda\",\"description\":\"Centro de Documentaci\u00f3n Europea de la Universidad de Almer\u00eda\",\"publisher\":{\"@id\":\"https:\\\/\\\/www.cde.ual.es\\\/#organization\"},\"alternateName\":\"CDE Almer\u00eda\",\"potentialAction\":[{\"@type\":\"SearchAction\",\"target\":{\"@type\":\"EntryPoint\",\"urlTemplate\":\"https:\\\/\\\/www.cde.ual.es\\\/?s={search_term_string}\"},\"query-input\":{\"@type\":\"PropertyValueSpecification\",\"valueRequired\":true,\"valueName\":\"search_term_string\"}}],\"inLanguage\":\"en-US\"},{\"@type\":\"Organization\",\"@id\":\"https:\\\/\\\/www.cde.ual.es\\\/#organization\",\"name\":\"Centro de Documentaci\u00f3n Europea de Almer\u00eda\",\"url\":\"https:\\\/\\\/www.cde.ual.es\\\/\",\"logo\":{\"@type\":\"ImageObject\",\"inLanguage\":\"en-US\",\"@id\":\"https:\\\/\\\/www.cde.ual.es\\\/#\\\/schema\\\/logo\\\/image\\\/\",\"url\":\"https:\\\/\\\/www.cde.ual.es\\\/wp-content\\\/uploads\\\/2025\\\/07\\\/cde-logo-3.png\",\"contentUrl\":\"https:\\\/\\\/www.cde.ual.es\\\/wp-content\\\/uploads\\\/2025\\\/07\\\/cde-logo-3.png\",\"width\":1400,\"height\":300,\"caption\":\"Centro de Documentaci\u00f3n Europea de Almer\u00eda\"},\"image\":{\"@id\":\"https:\\\/\\\/www.cde.ual.es\\\/#\\\/schema\\\/logo\\\/image\\\/\"},\"sameAs\":[\"https:\\\/\\\/www.facebook.com\\\/cdeuniversidadalmeria\\\/\",\"https:\\\/\\\/x.com\\\/cdeualmeria\",\"https:\\\/\\\/www.tiktok.com\\\/@cdealmeria\",\"https:\\\/\\\/www.instagram.com\\\/cdealmeria\\\/\",\"https:\\\/\\\/www.linkedin.com\\\/in\\\/cde-almera-812b26a9\\\/\"]},{\"@type\":\"Person\",\"@id\":\"https:\\\/\\\/www.cde.ual.es\\\/#\\\/schema\\\/person\\\/224ef08c8bcc005f319d2713ce37ee5f\",\"name\":\"AdminCDE\",\"image\":{\"@type\":\"ImageObject\",\"inLanguage\":\"en-US\",\"@id\":\"https:\\\/\\\/secure.gravatar.com\\\/avatar\\\/a72d038d371f995cd13706fac32274b7952a52e8fb0a84b5f80c85426f2a98a8?s=96&d=mm&r=g\",\"url\":\"https:\\\/\\\/secure.gravatar.com\\\/avatar\\\/a72d038d371f995cd13706fac32274b7952a52e8fb0a84b5f80c85426f2a98a8?s=96&d=mm&r=g\",\"contentUrl\":\"https:\\\/\\\/secure.gravatar.com\\\/avatar\\\/a72d038d371f995cd13706fac32274b7952a52e8fb0a84b5f80c85426f2a98a8?s=96&d=mm&r=g\",\"caption\":\"AdminCDE\"}}]}<\/script>\n<!-- \/ Yoast SEO plugin. -->","yoast_head_json":{"title":"European Parliament Fisheries Committee will evaluate how Ecuador fights against illegal fishing | CDE Almer\u00eda - Centro de Documentaci\u00f3n Europea - Universidad de Almer\u00eda","robots":{"index":"index","follow":"follow","max-snippet":"max-snippet:-1","max-image-preview":"max-image-preview:large","max-video-preview":"max-video-preview:-1"},"canonical":"https:\/\/www.cde.ual.es\/en\/european-parliament-fisheries-committee-will-evaluate-how-ecuador-fights-against-illegal-fishing\/","og_locale":"en_US","og_type":"article","og_title":"European Parliament Fisheries Committee will evaluate how Ecuador fights against illegal fishing | CDE Almer\u00eda - Centro de Documentaci\u00f3n Europea - Universidad de Almer\u00eda","og_description":"A delegation from the EP Fisheries Committee will visit ports and factories in Ecuador and meet with industry representatives and national authorities from February 22-24. Seven MEPs led by committee chair Pierre Karleskind (Renew, France) will travel to Ecuador to examine its fisheries sector and international commitments to combat illegal, unreported and unregulated fishing, which [&hellip;]","og_url":"https:\/\/www.cde.ual.es\/en\/european-parliament-fisheries-committee-will-evaluate-how-ecuador-fights-against-illegal-fishing\/","og_site_name":"CDE Almer\u00eda - Centro de Documentaci\u00f3n Europea - Universidad de Almer\u00eda","article_publisher":"https:\/\/www.facebook.com\/cdeuniversidadalmeria\/","article_published_time":"2023-02-20T09:39:53+00:00","og_image":[{"width":2560,"height":1706,"url":"https:\/\/www.cde.ual.es\/wp-content\/uploads\/2022\/11\/Barco-de-pesca-scaled.jpg","type":"image\/jpeg"}],"author":"AdminCDE","twitter_card":"summary_large_image","twitter_creator":"@cdeualmeria","twitter_site":"@cdeualmeria","twitter_misc":{"Written by":"AdminCDE","Est. reading time":"2 minutes"},"schema":{"@context":"https:\/\/schema.org","@graph":[{"@type":"Article","@id":"https:\/\/www.cde.ual.es\/en\/european-parliament-fisheries-committee-will-evaluate-how-ecuador-fights-against-illegal-fishing\/#article","isPartOf":{"@id":"https:\/\/www.cde.ual.es\/en\/european-parliament-fisheries-committee-will-evaluate-how-ecuador-fights-against-illegal-fishing\/"},"author":{"name":"AdminCDE","@id":"https:\/\/www.cde.ual.es\/#\/schema\/person\/224ef08c8bcc005f319d2713ce37ee5f"},"headline":"European Parliament Fisheries Committee will evaluate how Ecuador fights against illegal fishing","datePublished":"2023-02-20T09:39:53+00:00","mainEntityOfPage":{"@id":"https:\/\/www.cde.ual.es\/en\/european-parliament-fisheries-committee-will-evaluate-how-ecuador-fights-against-illegal-fishing\/"},"wordCount":239,"commentCount":0,"publisher":{"@id":"https:\/\/www.cde.ual.es\/#organization"},"image":{"@id":"https:\/\/www.cde.ual.es\/en\/european-parliament-fisheries-committee-will-evaluate-how-ecuador-fights-against-illegal-fishing\/#primaryimage"},"thumbnailUrl":"https:\/\/www.cde.ual.es\/wp-content\/uploads\/2022\/11\/Barco-de-pesca-scaled.jpg","keywords":["ecuador","European Parliament","Illegal fishing","Pesca","poaching","Uni\u00f3n Europea"],"articleSection":["Agriculture, Livestock Farming and Fisheries","Crime","EU News","Farming activity","International Politics and Cooperation"],"inLanguage":"en-US","potentialAction":[{"@type":"CommentAction","name":"Comment","target":["https:\/\/www.cde.ual.es\/en\/european-parliament-fisheries-committee-will-evaluate-how-ecuador-fights-against-illegal-fishing\/#respond"]}]},{"@type":"WebPage","@id":"https:\/\/www.cde.ual.es\/en\/european-parliament-fisheries-committee-will-evaluate-how-ecuador-fights-against-illegal-fishing\/","url":"https:\/\/www.cde.ual.es\/en\/european-parliament-fisheries-committee-will-evaluate-how-ecuador-fights-against-illegal-fishing\/","name":"European Parliament Fisheries Committee will evaluate how Ecuador fights against illegal fishing | CDE Almer\u00eda - Centro de Documentaci\u00f3n Europea - Universidad de Almer\u00eda","isPartOf":{"@id":"https:\/\/www.cde.ual.es\/#website"},"primaryImageOfPage":{"@id":"https:\/\/www.cde.ual.es\/en\/european-parliament-fisheries-committee-will-evaluate-how-ecuador-fights-against-illegal-fishing\/#primaryimage"},"image":{"@id":"https:\/\/www.cde.ual.es\/en\/european-parliament-fisheries-committee-will-evaluate-how-ecuador-fights-against-illegal-fishing\/#primaryimage"},"thumbnailUrl":"https:\/\/www.cde.ual.es\/wp-content\/uploads\/2022\/11\/Barco-de-pesca-scaled.jpg","datePublished":"2023-02-20T09:39:53+00:00","breadcrumb":{"@id":"https:\/\/www.cde.ual.es\/en\/european-parliament-fisheries-committee-will-evaluate-how-ecuador-fights-against-illegal-fishing\/#breadcrumb"},"inLanguage":"en-US","potentialAction":[{"@type":"ReadAction","target":["https:\/\/www.cde.ual.es\/en\/european-parliament-fisheries-committee-will-evaluate-how-ecuador-fights-against-illegal-fishing\/"]}]},{"@type":"ImageObject","inLanguage":"en-US","@id":"https:\/\/www.cde.ual.es\/en\/european-parliament-fisheries-committee-will-evaluate-how-ecuador-fights-against-illegal-fishing\/#primaryimage","url":"https:\/\/www.cde.ual.es\/wp-content\/uploads\/2022\/11\/Barco-de-pesca-scaled.jpg","contentUrl":"https:\/\/www.cde.ual.es\/wp-content\/uploads\/2022\/11\/Barco-de-pesca-scaled.jpg","width":2560,"height":1706,"caption":"Barco de pesca"},{"@type":"BreadcrumbList","@id":"https:\/\/www.cde.ual.es\/en\/european-parliament-fisheries-committee-will-evaluate-how-ecuador-fights-against-illegal-fishing\/#breadcrumb","itemListElement":[{"@type":"ListItem","position":1,"name":"Inicio","item":"https:\/\/www.cde.ual.es\/en\/"},{"@type":"ListItem","position":2,"name":"EU News","item":"https:\/\/www.cde.ual.es\/en\/category\/eu-news\/"},{"@type":"ListItem","position":3,"name":"Agriculture, Livestock Farming and Fisheries","item":"https:\/\/www.cde.ual.es\/en\/category\/eu-news\/agr-liv-far-fish\/"},{"@type":"ListItem","position":4,"name":"European Parliament Fisheries Committee will evaluate how Ecuador fights against illegal fishing"}]},{"@type":"WebSite","@id":"https:\/\/www.cde.ual.es\/#website","url":"https:\/\/www.cde.ual.es\/","name":"CDE Almer\u00eda - Centro de Documentaci\u00f3n Europea - Universidad de Almer\u00eda","description":"Centro de Documentaci\u00f3n Europea de la Universidad de Almer\u00eda","publisher":{"@id":"https:\/\/www.cde.ual.es\/#organization"},"alternateName":"CDE Almer\u00eda","potentialAction":[{"@type":"SearchAction","target":{"@type":"EntryPoint","urlTemplate":"https:\/\/www.cde.ual.es\/?s={search_term_string}"},"query-input":{"@type":"PropertyValueSpecification","valueRequired":true,"valueName":"search_term_string"}}],"inLanguage":"en-US"},{"@type":"Organization","@id":"https:\/\/www.cde.ual.es\/#organization","name":"Centro de Documentaci\u00f3n Europea de Almer\u00eda","url":"https:\/\/www.cde.ual.es\/","logo":{"@type":"ImageObject","inLanguage":"en-US","@id":"https:\/\/www.cde.ual.es\/#\/schema\/logo\/image\/","url":"https:\/\/www.cde.ual.es\/wp-content\/uploads\/2025\/07\/cde-logo-3.png","contentUrl":"https:\/\/www.cde.ual.es\/wp-content\/uploads\/2025\/07\/cde-logo-3.png","width":1400,"height":300,"caption":"Centro de Documentaci\u00f3n Europea de Almer\u00eda"},"image":{"@id":"https:\/\/www.cde.ual.es\/#\/schema\/logo\/image\/"},"sameAs":["https:\/\/www.facebook.com\/cdeuniversidadalmeria\/","https:\/\/x.com\/cdeualmeria","https:\/\/www.tiktok.com\/@cdealmeria","https:\/\/www.instagram.com\/cdealmeria\/","https:\/\/www.linkedin.com\/in\/cde-almera-812b26a9\/"]},{"@type":"Person","@id":"https:\/\/www.cde.ual.es\/#\/schema\/person\/224ef08c8bcc005f319d2713ce37ee5f","name":"AdminCDE","image":{"@type":"ImageObject","inLanguage":"en-US","@id":"https:\/\/secure.gravatar.com\/avatar\/a72d038d371f995cd13706fac32274b7952a52e8fb0a84b5f80c85426f2a98a8?s=96&d=mm&r=g","url":"https:\/\/secure.gravatar.com\/avatar\/a72d038d371f995cd13706fac32274b7952a52e8fb0a84b5f80c85426f2a98a8?s=96&d=mm&r=g","contentUrl":"https:\/\/secure.gravatar.com\/avatar\/a72d038d371f995cd13706fac32274b7952a52e8fb0a84b5f80c85426f2a98a8?s=96&d=mm&r=g","caption":"AdminCDE"}}]}},"_links":{"self":[{"href":"https:\/\/www.cde.ual.es\/en\/wp-json\/wp\/v2\/posts\/130801","targetHints":{"allow":["GET"]}}],"collection":[{"href":"https:\/\/www.cde.ual.es\/en\/wp-json\/wp\/v2\/posts"}],"about":[{"href":"https:\/\/www.cde.ual.es\/en\/wp-json\/wp\/v2\/types\/post"}],"author":[{"embeddable":true,"href":"https:\/\/www.cde.ual.es\/en\/wp-json\/wp\/v2\/users\/1"}],"replies":[{"embeddable":true,"href":"https:\/\/www.cde.ual.es\/en\/wp-json\/wp\/v2\/comments?post=130801"}],"version-history":[{"count":1,"href":"https:\/\/www.cde.ual.es\/en\/wp-json\/wp\/v2\/posts\/130801\/revisions"}],"predecessor-version":[{"id":130802,"href":"https:\/\/www.cde.ual.es\/en\/wp-json\/wp\/v2\/posts\/130801\/revisions\/130802"}],"wp:featuredmedia":[{"embeddable":true,"href":"https:\/\/www.cde.ual.es\/en\/wp-json\/wp\/v2\/media\/122510"}],"wp:attachment":[{"href":"https:\/\/www.cde.ual.es\/en\/wp-json\/wp\/v2\/media?parent=130801"}],"wp:term":[{"taxonomy":"category","embeddable":true,"href":"https:\/\/www.cde.ual.es\/en\/wp-json\/wp\/v2\/categories?post=130801"},{"taxonomy":"post_tag","embeddable":true,"href":"https:\/\/www.cde.ual.es\/en\/wp-json\/wp\/v2\/tags?post=130801"}],"curies":[{"name":"wp","href":"https:\/\/api.w.org\/{rel}","templated":true}]}}