{"id":130799,"date":"2023-02-20T10:30:26","date_gmt":"2023-02-20T09:30:26","guid":{"rendered":"https:\/\/www.cde.ual.es\/?p=130799"},"modified":"2023-02-20T10:41:37","modified_gmt":"2023-02-20T09:41:37","slug":"a-delegation-of-meps-will-travel-to-madrid-today-to-assess-the-use-of-recovery-funds","status":"publish","type":"post","link":"https:\/\/www.cde.ual.es\/en\/a-delegation-of-meps-will-travel-to-madrid-today-to-assess-the-use-of-recovery-funds\/","title":{"rendered":"A delegation of MEPs will travel to Madrid today to assess the use of recovery funds"},"content":{"rendered":"<div class=\"ep_gridcolumn ep-m_product\" data-view1200=\"6\" data-view1020=\"6\" data-view750=\"10\" data-view640=\"6\" data-view480=\"8\" data-view320=\"4\">\n<div class=\"ep_gridcolumn-content\">\n<div class=\"ep-a_text ep-layout_chapo\">\n<p><a href=\"https:\/\/www.cde.ual.es\/wp-content\/uploads\/2023\/02\/pexels-luis-quintero-14366478-scaled.jpg\"><img decoding=\"async\" class=\"aligncenter wp-image-130795\" src=\"https:\/\/www.cde.ual.es\/wp-content\/uploads\/2023\/02\/pexels-luis-quintero-14366478-scaled.jpg\" alt=\"estacion de metro de Plaza Espa\u00f1a en Madrid\" width=\"500\" height=\"333\" srcset=\"https:\/\/www.cde.ual.es\/wp-content\/uploads\/2023\/02\/pexels-luis-quintero-14366478-scaled.jpg 2560w, https:\/\/www.cde.ual.es\/wp-content\/uploads\/2023\/02\/pexels-luis-quintero-14366478-300x200.jpg 300w, https:\/\/www.cde.ual.es\/wp-content\/uploads\/2023\/02\/pexels-luis-quintero-14366478-1024x683.jpg 1024w, https:\/\/www.cde.ual.es\/wp-content\/uploads\/2023\/02\/pexels-luis-quintero-14366478-768x512.jpg 768w, https:\/\/www.cde.ual.es\/wp-content\/uploads\/2023\/02\/pexels-luis-quintero-14366478-1536x1024.jpg 1536w, https:\/\/www.cde.ual.es\/wp-content\/uploads\/2023\/02\/pexels-luis-quintero-14366478-2048x1365.jpg 2048w\" sizes=\"(max-width: 500px) 100vw, 500px\" \/><\/a><\/p>\n<p style=\"text-align: justify;\">A delegation from the EP&#8217;s Committee on Budgetary Control is visiting Spain from Monday 20 to Wednesday 22 to see how EU recovery funds are being used.<\/p>\n<p style=\"text-align: justify;\">MEPs, under the leadership of Committee Chair Monika Hohlmeier (EPP, Germany), want to assess on the ground the implementation of the National Recovery and Resilience Plan, including the achievement of interim targets and objectives, in particular the existing management. systems, audits and controls.<\/p>\n<p style=\"text-align: justify;\">Spain is the first member state to receive payments from the <em>NextGenerationEU<\/em> fund in 2021.<\/p>\n<p style=\"text-align: justify;\">MEPs plan to meet with Nadia Calvinho, First Vice-President and Minister of Economy and Digital Transformation; Mar\u00eda Jes\u00fas Montero, Minister of Finance and Public Function; Jos\u00e9 Luis Escriv\u00e1, Minister of Inclusion, Social Security and Migration; and representatives of the Regional Ministries of Castilla-La Mancha in Madrid, Extremadura, Andalusia and Arag\u00f3n. They will also interview representatives of employers and trade unions, the digital industry, consultancy and research journalists.<\/p>\n<p style=\"text-align: justify;\">In the Spanish government&#8217;s proposal, they will also visit projects funded by the National Recovery Plan and the National Magazine Centre.<\/p>\n<\/div>\n<\/div>\n<\/div>\n<div class=\"ep_gridcolumn ep-m_product\" data-view1200=\"6\" data-view1020=\"6\" data-view750=\"10\" data-view640=\"6\" data-view480=\"8\" data-view320=\"4\">\n<div class=\"ep_gridcolumn-content\">\n<div class=\"ep-a_text\">\n<table style=\"width: 99.9988%; border-collapse: collapse; border-style: double; border-color: #001f7d;\" cellpadding=\"0,5\">\n<tbody>\n<tr>\n<td style=\"width: 100%;\"><a href=\"https:\/\/www.cde.ual.es\/thierry-breton-comisario-de-mercado-interior-visita-madrid\/\" target=\"_blank\" rel=\"noopener\"><img decoding=\"async\" class=\"alignleft\" src=\"https:\/\/www.cde.ual.es\/wp-content\/uploads\/2023\/01\/Thierry-Breton-y-Nadia-Calvino-dandose-la-mano.jpeg\" alt=\"\" width=\"201\" height=\"134\" \/><\/a><\/p>\n<h4 class=\"entry-title\"><a href=\"https:\/\/www.cde.ual.es\/en\/thierry-breton-commissioner-for-the-internal-market-visits-madrid\/\" target=\"_blank\" rel=\"noopener\">Thierry Breton, Commissioner for the Internal Market, visits Madrid<\/a><\/h4>\n<\/td>\n<\/tr>\n<\/tbody>\n<\/table>\n<p style=\"text-align: justify;\"><strong>Statement<\/strong><\/p>\n<p style=\"text-align: justify;\">&#8220;In the aftermath of the COVID-19 crisis, unprecedented funding was made available to help European economies recover. These funds are channelled through a new results-based facility (RRF). The control system for EU funds in this mechanism is not as well established as in the cohesion or agricultural programmes. Spain was the first country to receive a payment of 10 billion euros in 2021, based on the milestones achieved. As representatives of the EU&#8217;s budgetary control authority, we want to see with our own eyes what is being done at national level to protect the EU&#8217;s financial interests with this new financial instrument,&#8221; said delegation head Monika Hohlmeier (EPP, DE) ahead of the visit.<\/p>\n<p style=\"text-align: justify;\">&#8220;We want information on the systems in place for monitoring and control of the mechanism, with special attention to auditing, fraud prevention, detection and cooperation with EU institutions. In our upcoming 2021 discharge report, we already note our concerns about the lack of methodology, lack of transparency and other difficulties for the EU to verify the use of RRF funds. These aspects can leave EU governments with too much leeway and do not guarantee that all funds are well spent in all member states,&#8221; Hohlmeier added.<\/p>\n<h3 style=\"text-align: justify;\">More information<\/h3>\n<p style=\"text-align: justify;\"><a href=\"https:\/\/www.europarl.europa.eu\/news\/es\/press-room\/20230217IPR75807\/eurodiputados-viajan-a-madrid-para-evaluar-el-uso-de-los-fondos-de-recuperacion\" target=\"_blank\" rel=\"noopener\">European Parliament<\/a><\/p>\n<\/div>\n<\/div>\n<\/div>\n","protected":false},"excerpt":{"rendered":"<p>A delegation from the EP&#8217;s Committee on Budgetary Control is visiting Spain from Monday 20 to Wednesday 22 to see how EU recovery funds are being used. MEPs, under the leadership of Committee Chair Monika Hohlmeier (EPP, Germany), want to assess on the ground the implementation of the National Recovery and Resilience Plan, including the [&hellip;]<\/p>\n","protected":false},"author":101011,"featured_media":130796,"comment_status":"open","ping_status":"open","sticky":false,"template":"","format":"standard","meta":{"_acf_changed":false,"_relevanssi_hide_post":"","_relevanssi_hide_content":"","_relevanssi_pin_for_all":"","_relevanssi_pin_keywords":"","_relevanssi_unpin_keywords":"","_relevanssi_related_keywords":"","_relevanssi_related_include_ids":"","_relevanssi_related_exclude_ids":"","_relevanssi_related_no_append":"","_relevanssi_related_not_related":"","_relevanssi_related_posts":"","_relevanssi_noindex_reason":"","_monsterinsights_skip_tracking":false,"_monsterinsights_sitenote_active":false,"_monsterinsights_sitenote_note":"","_monsterinsights_sitenote_category":0,"_genesis_hide_title":false,"_genesis_hide_breadcrumbs":false,"_genesis_hide_singular_image":false,"_genesis_hide_footer_widgets":false,"_genesis_custom_body_class":"","_genesis_custom_post_class":"","_genesis_layout":"","footnotes":""},"categories":[346,4064],"tags":[779,974,8613,8614],"class_list":{"0":"post-130799","1":"post","2":"type-post","3":"status-publish","4":"format-standard","5":"has-post-thumbnail","7":"category-eu-news","8":"category-institutional","9":"tag-eu-en","10":"tag-madrid-en","11":"tag-mep","12":"tag-recovery-funds","13":"entry"},"acf":[],"yoast_head":"<!-- This site is optimized with the Yoast SEO plugin v27.5 - https:\/\/yoast.com\/product\/yoast-seo-wordpress\/ -->\n<title>A delegation of MEPs will travel to Madrid today to assess the use of recovery funds | CDE Almer\u00eda - Centro de Documentaci\u00f3n Europea - Universidad de Almer\u00eda<\/title>\n<meta name=\"robots\" content=\"index, follow, max-snippet:-1, max-image-preview:large, max-video-preview:-1\" \/>\n<link rel=\"canonical\" href=\"https:\/\/www.cde.ual.es\/en\/a-delegation-of-meps-will-travel-to-madrid-today-to-assess-the-use-of-recovery-funds\/\" \/>\n<meta property=\"og:locale\" content=\"en_US\" \/>\n<meta property=\"og:type\" content=\"article\" \/>\n<meta property=\"og:title\" content=\"A delegation of MEPs will travel to Madrid today to assess the use of recovery funds | CDE Almer\u00eda - Centro de Documentaci\u00f3n Europea - Universidad de Almer\u00eda\" \/>\n<meta property=\"og:description\" content=\"A delegation from the EP&#8217;s Committee on Budgetary Control is visiting Spain from Monday 20 to Wednesday 22 to see how EU recovery funds are being used. MEPs, under the leadership of Committee Chair Monika Hohlmeier (EPP, Germany), want to assess on the ground the implementation of the National Recovery and Resilience Plan, including the [&hellip;]\" \/>\n<meta property=\"og:url\" content=\"https:\/\/www.cde.ual.es\/en\/a-delegation-of-meps-will-travel-to-madrid-today-to-assess-the-use-of-recovery-funds\/\" \/>\n<meta property=\"og:site_name\" content=\"CDE Almer\u00eda - Centro de Documentaci\u00f3n Europea - Universidad de Almer\u00eda\" \/>\n<meta property=\"article:publisher\" content=\"https:\/\/www.facebook.com\/cdeuniversidadalmeria\/\" \/>\n<meta property=\"article:published_time\" content=\"2023-02-20T09:30:26+00:00\" \/>\n<meta property=\"article:modified_time\" content=\"2023-02-20T09:41:37+00:00\" \/>\n<meta property=\"og:image\" content=\"https:\/\/www.cde.ual.es\/wp-content\/uploads\/2023\/02\/pexels-luis-quintero-14366478-scaled.jpg\" \/>\n\t<meta property=\"og:image:width\" content=\"2560\" \/>\n\t<meta property=\"og:image:height\" content=\"1707\" \/>\n\t<meta property=\"og:image:type\" content=\"image\/jpeg\" \/>\n<meta name=\"author\" content=\"BECA 2 CDE\" \/>\n<meta name=\"twitter:card\" content=\"summary_large_image\" \/>\n<meta name=\"twitter:creator\" content=\"@cdeualmeria\" \/>\n<meta name=\"twitter:site\" content=\"@cdeualmeria\" \/>\n<meta name=\"twitter:label1\" content=\"Written by\" \/>\n\t<meta name=\"twitter:data1\" content=\"BECA 2 CDE\" \/>\n\t<meta name=\"twitter:label2\" content=\"Est. reading time\" \/>\n\t<meta name=\"twitter:data2\" content=\"3 minutes\" \/>\n<script type=\"application\/ld+json\" class=\"yoast-schema-graph\">{\"@context\":\"https:\\\/\\\/schema.org\",\"@graph\":[{\"@type\":\"Article\",\"@id\":\"https:\\\/\\\/www.cde.ual.es\\\/en\\\/a-delegation-of-meps-will-travel-to-madrid-today-to-assess-the-use-of-recovery-funds\\\/#article\",\"isPartOf\":{\"@id\":\"https:\\\/\\\/www.cde.ual.es\\\/en\\\/a-delegation-of-meps-will-travel-to-madrid-today-to-assess-the-use-of-recovery-funds\\\/\"},\"author\":{\"name\":\"BECA 2 CDE\",\"@id\":\"https:\\\/\\\/www.cde.ual.es\\\/#\\\/schema\\\/person\\\/ee46ebc19edfa19598c02cff83335acc\"},\"headline\":\"A delegation of MEPs will travel to Madrid today to assess the use of recovery funds\",\"datePublished\":\"2023-02-20T09:30:26+00:00\",\"dateModified\":\"2023-02-20T09:41:37+00:00\",\"mainEntityOfPage\":{\"@id\":\"https:\\\/\\\/www.cde.ual.es\\\/en\\\/a-delegation-of-meps-will-travel-to-madrid-today-to-assess-the-use-of-recovery-funds\\\/\"},\"wordCount\":403,\"commentCount\":0,\"publisher\":{\"@id\":\"https:\\\/\\\/www.cde.ual.es\\\/#organization\"},\"image\":{\"@id\":\"https:\\\/\\\/www.cde.ual.es\\\/en\\\/a-delegation-of-meps-will-travel-to-madrid-today-to-assess-the-use-of-recovery-funds\\\/#primaryimage\"},\"thumbnailUrl\":\"https:\\\/\\\/www.cde.ual.es\\\/wp-content\\\/uploads\\\/2023\\\/02\\\/pexels-luis-quintero-14366478-scaled.jpg\",\"keywords\":[\"EU\",\"madrid\",\"MEP\",\"recovery funds\"],\"articleSection\":[\"EU News\",\"Institutional Affairs\"],\"inLanguage\":\"en-US\",\"potentialAction\":[{\"@type\":\"CommentAction\",\"name\":\"Comment\",\"target\":[\"https:\\\/\\\/www.cde.ual.es\\\/en\\\/a-delegation-of-meps-will-travel-to-madrid-today-to-assess-the-use-of-recovery-funds\\\/#respond\"]}]},{\"@type\":\"WebPage\",\"@id\":\"https:\\\/\\\/www.cde.ual.es\\\/en\\\/a-delegation-of-meps-will-travel-to-madrid-today-to-assess-the-use-of-recovery-funds\\\/\",\"url\":\"https:\\\/\\\/www.cde.ual.es\\\/en\\\/a-delegation-of-meps-will-travel-to-madrid-today-to-assess-the-use-of-recovery-funds\\\/\",\"name\":\"A delegation of MEPs will travel to Madrid today to assess the use of recovery funds | CDE Almer\u00eda - Centro de Documentaci\u00f3n Europea - Universidad de Almer\u00eda\",\"isPartOf\":{\"@id\":\"https:\\\/\\\/www.cde.ual.es\\\/#website\"},\"primaryImageOfPage\":{\"@id\":\"https:\\\/\\\/www.cde.ual.es\\\/en\\\/a-delegation-of-meps-will-travel-to-madrid-today-to-assess-the-use-of-recovery-funds\\\/#primaryimage\"},\"image\":{\"@id\":\"https:\\\/\\\/www.cde.ual.es\\\/en\\\/a-delegation-of-meps-will-travel-to-madrid-today-to-assess-the-use-of-recovery-funds\\\/#primaryimage\"},\"thumbnailUrl\":\"https:\\\/\\\/www.cde.ual.es\\\/wp-content\\\/uploads\\\/2023\\\/02\\\/pexels-luis-quintero-14366478-scaled.jpg\",\"datePublished\":\"2023-02-20T09:30:26+00:00\",\"dateModified\":\"2023-02-20T09:41:37+00:00\",\"breadcrumb\":{\"@id\":\"https:\\\/\\\/www.cde.ual.es\\\/en\\\/a-delegation-of-meps-will-travel-to-madrid-today-to-assess-the-use-of-recovery-funds\\\/#breadcrumb\"},\"inLanguage\":\"en-US\",\"potentialAction\":[{\"@type\":\"ReadAction\",\"target\":[\"https:\\\/\\\/www.cde.ual.es\\\/en\\\/a-delegation-of-meps-will-travel-to-madrid-today-to-assess-the-use-of-recovery-funds\\\/\"]}]},{\"@type\":\"ImageObject\",\"inLanguage\":\"en-US\",\"@id\":\"https:\\\/\\\/www.cde.ual.es\\\/en\\\/a-delegation-of-meps-will-travel-to-madrid-today-to-assess-the-use-of-recovery-funds\\\/#primaryimage\",\"url\":\"https:\\\/\\\/www.cde.ual.es\\\/wp-content\\\/uploads\\\/2023\\\/02\\\/pexels-luis-quintero-14366478-scaled.jpg\",\"contentUrl\":\"https:\\\/\\\/www.cde.ual.es\\\/wp-content\\\/uploads\\\/2023\\\/02\\\/pexels-luis-quintero-14366478-scaled.jpg\",\"width\":2560,\"height\":1707,\"caption\":\"estacion de metro de Plaza Espa\u00f1a en Madrid\"},{\"@type\":\"BreadcrumbList\",\"@id\":\"https:\\\/\\\/www.cde.ual.es\\\/en\\\/a-delegation-of-meps-will-travel-to-madrid-today-to-assess-the-use-of-recovery-funds\\\/#breadcrumb\",\"itemListElement\":[{\"@type\":\"ListItem\",\"position\":1,\"name\":\"Inicio\",\"item\":\"https:\\\/\\\/www.cde.ual.es\\\/en\\\/\"},{\"@type\":\"ListItem\",\"position\":2,\"name\":\"EU News\",\"item\":\"https:\\\/\\\/www.cde.ual.es\\\/en\\\/category\\\/eu-news\\\/\"},{\"@type\":\"ListItem\",\"position\":3,\"name\":\"Institutional Affairs\",\"item\":\"https:\\\/\\\/www.cde.ual.es\\\/en\\\/category\\\/eu-news\\\/institutional\\\/\"},{\"@type\":\"ListItem\",\"position\":4,\"name\":\"A delegation of MEPs will travel to Madrid today to assess the use of recovery funds\"}]},{\"@type\":\"WebSite\",\"@id\":\"https:\\\/\\\/www.cde.ual.es\\\/#website\",\"url\":\"https:\\\/\\\/www.cde.ual.es\\\/\",\"name\":\"CDE Almer\u00eda - Centro de Documentaci\u00f3n Europea - Universidad de Almer\u00eda\",\"description\":\"Centro de Documentaci\u00f3n Europea de la Universidad de Almer\u00eda\",\"publisher\":{\"@id\":\"https:\\\/\\\/www.cde.ual.es\\\/#organization\"},\"alternateName\":\"CDE Almer\u00eda\",\"potentialAction\":[{\"@type\":\"SearchAction\",\"target\":{\"@type\":\"EntryPoint\",\"urlTemplate\":\"https:\\\/\\\/www.cde.ual.es\\\/?s={search_term_string}\"},\"query-input\":{\"@type\":\"PropertyValueSpecification\",\"valueRequired\":true,\"valueName\":\"search_term_string\"}}],\"inLanguage\":\"en-US\"},{\"@type\":\"Organization\",\"@id\":\"https:\\\/\\\/www.cde.ual.es\\\/#organization\",\"name\":\"Centro de Documentaci\u00f3n Europea de Almer\u00eda\",\"url\":\"https:\\\/\\\/www.cde.ual.es\\\/\",\"logo\":{\"@type\":\"ImageObject\",\"inLanguage\":\"en-US\",\"@id\":\"https:\\\/\\\/www.cde.ual.es\\\/#\\\/schema\\\/logo\\\/image\\\/\",\"url\":\"https:\\\/\\\/www.cde.ual.es\\\/wp-content\\\/uploads\\\/2025\\\/07\\\/cde-logo-3.png\",\"contentUrl\":\"https:\\\/\\\/www.cde.ual.es\\\/wp-content\\\/uploads\\\/2025\\\/07\\\/cde-logo-3.png\",\"width\":1400,\"height\":300,\"caption\":\"Centro de Documentaci\u00f3n Europea de Almer\u00eda\"},\"image\":{\"@id\":\"https:\\\/\\\/www.cde.ual.es\\\/#\\\/schema\\\/logo\\\/image\\\/\"},\"sameAs\":[\"https:\\\/\\\/www.facebook.com\\\/cdeuniversidadalmeria\\\/\",\"https:\\\/\\\/x.com\\\/cdeualmeria\",\"https:\\\/\\\/www.tiktok.com\\\/@cdealmeria\",\"https:\\\/\\\/www.instagram.com\\\/cdealmeria\\\/\",\"https:\\\/\\\/www.linkedin.com\\\/in\\\/cde-almera-812b26a9\\\/\"]},{\"@type\":\"Person\",\"@id\":\"https:\\\/\\\/www.cde.ual.es\\\/#\\\/schema\\\/person\\\/ee46ebc19edfa19598c02cff83335acc\",\"name\":\"BECA 2 CDE\",\"image\":{\"@type\":\"ImageObject\",\"inLanguage\":\"en-US\",\"@id\":\"https:\\\/\\\/secure.gravatar.com\\\/avatar\\\/35a481bbc04bbd90e91bdfa3b0b5541036c222a49b9ad37b6889a2afcb5311a5?s=96&d=mm&r=g\",\"url\":\"https:\\\/\\\/secure.gravatar.com\\\/avatar\\\/35a481bbc04bbd90e91bdfa3b0b5541036c222a49b9ad37b6889a2afcb5311a5?s=96&d=mm&r=g\",\"contentUrl\":\"https:\\\/\\\/secure.gravatar.com\\\/avatar\\\/35a481bbc04bbd90e91bdfa3b0b5541036c222a49b9ad37b6889a2afcb5311a5?s=96&d=mm&r=g\",\"caption\":\"BECA 2 CDE\"},\"sameAs\":[\"http:\\\/\\\/www.cdealmeria.com\"]}]}<\/script>\n<!-- \/ Yoast SEO plugin. -->","yoast_head_json":{"title":"A delegation of MEPs will travel to Madrid today to assess the use of recovery funds | CDE Almer\u00eda - Centro de Documentaci\u00f3n Europea - Universidad de Almer\u00eda","robots":{"index":"index","follow":"follow","max-snippet":"max-snippet:-1","max-image-preview":"max-image-preview:large","max-video-preview":"max-video-preview:-1"},"canonical":"https:\/\/www.cde.ual.es\/en\/a-delegation-of-meps-will-travel-to-madrid-today-to-assess-the-use-of-recovery-funds\/","og_locale":"en_US","og_type":"article","og_title":"A delegation of MEPs will travel to Madrid today to assess the use of recovery funds | CDE Almer\u00eda - Centro de Documentaci\u00f3n Europea - Universidad de Almer\u00eda","og_description":"A delegation from the EP&#8217;s Committee on Budgetary Control is visiting Spain from Monday 20 to Wednesday 22 to see how EU recovery funds are being used. MEPs, under the leadership of Committee Chair Monika Hohlmeier (EPP, Germany), want to assess on the ground the implementation of the National Recovery and Resilience Plan, including the [&hellip;]","og_url":"https:\/\/www.cde.ual.es\/en\/a-delegation-of-meps-will-travel-to-madrid-today-to-assess-the-use-of-recovery-funds\/","og_site_name":"CDE Almer\u00eda - Centro de Documentaci\u00f3n Europea - Universidad de Almer\u00eda","article_publisher":"https:\/\/www.facebook.com\/cdeuniversidadalmeria\/","article_published_time":"2023-02-20T09:30:26+00:00","article_modified_time":"2023-02-20T09:41:37+00:00","og_image":[{"width":2560,"height":1707,"url":"https:\/\/www.cde.ual.es\/wp-content\/uploads\/2023\/02\/pexels-luis-quintero-14366478-scaled.jpg","type":"image\/jpeg"}],"author":"BECA 2 CDE","twitter_card":"summary_large_image","twitter_creator":"@cdeualmeria","twitter_site":"@cdeualmeria","twitter_misc":{"Written by":"BECA 2 CDE","Est. reading time":"3 minutes"},"schema":{"@context":"https:\/\/schema.org","@graph":[{"@type":"Article","@id":"https:\/\/www.cde.ual.es\/en\/a-delegation-of-meps-will-travel-to-madrid-today-to-assess-the-use-of-recovery-funds\/#article","isPartOf":{"@id":"https:\/\/www.cde.ual.es\/en\/a-delegation-of-meps-will-travel-to-madrid-today-to-assess-the-use-of-recovery-funds\/"},"author":{"name":"BECA 2 CDE","@id":"https:\/\/www.cde.ual.es\/#\/schema\/person\/ee46ebc19edfa19598c02cff83335acc"},"headline":"A delegation of MEPs will travel to Madrid today to assess the use of recovery funds","datePublished":"2023-02-20T09:30:26+00:00","dateModified":"2023-02-20T09:41:37+00:00","mainEntityOfPage":{"@id":"https:\/\/www.cde.ual.es\/en\/a-delegation-of-meps-will-travel-to-madrid-today-to-assess-the-use-of-recovery-funds\/"},"wordCount":403,"commentCount":0,"publisher":{"@id":"https:\/\/www.cde.ual.es\/#organization"},"image":{"@id":"https:\/\/www.cde.ual.es\/en\/a-delegation-of-meps-will-travel-to-madrid-today-to-assess-the-use-of-recovery-funds\/#primaryimage"},"thumbnailUrl":"https:\/\/www.cde.ual.es\/wp-content\/uploads\/2023\/02\/pexels-luis-quintero-14366478-scaled.jpg","keywords":["EU","madrid","MEP","recovery funds"],"articleSection":["EU News","Institutional Affairs"],"inLanguage":"en-US","potentialAction":[{"@type":"CommentAction","name":"Comment","target":["https:\/\/www.cde.ual.es\/en\/a-delegation-of-meps-will-travel-to-madrid-today-to-assess-the-use-of-recovery-funds\/#respond"]}]},{"@type":"WebPage","@id":"https:\/\/www.cde.ual.es\/en\/a-delegation-of-meps-will-travel-to-madrid-today-to-assess-the-use-of-recovery-funds\/","url":"https:\/\/www.cde.ual.es\/en\/a-delegation-of-meps-will-travel-to-madrid-today-to-assess-the-use-of-recovery-funds\/","name":"A delegation of MEPs will travel to Madrid today to assess the use of recovery funds | CDE Almer\u00eda - Centro de Documentaci\u00f3n Europea - Universidad de Almer\u00eda","isPartOf":{"@id":"https:\/\/www.cde.ual.es\/#website"},"primaryImageOfPage":{"@id":"https:\/\/www.cde.ual.es\/en\/a-delegation-of-meps-will-travel-to-madrid-today-to-assess-the-use-of-recovery-funds\/#primaryimage"},"image":{"@id":"https:\/\/www.cde.ual.es\/en\/a-delegation-of-meps-will-travel-to-madrid-today-to-assess-the-use-of-recovery-funds\/#primaryimage"},"thumbnailUrl":"https:\/\/www.cde.ual.es\/wp-content\/uploads\/2023\/02\/pexels-luis-quintero-14366478-scaled.jpg","datePublished":"2023-02-20T09:30:26+00:00","dateModified":"2023-02-20T09:41:37+00:00","breadcrumb":{"@id":"https:\/\/www.cde.ual.es\/en\/a-delegation-of-meps-will-travel-to-madrid-today-to-assess-the-use-of-recovery-funds\/#breadcrumb"},"inLanguage":"en-US","potentialAction":[{"@type":"ReadAction","target":["https:\/\/www.cde.ual.es\/en\/a-delegation-of-meps-will-travel-to-madrid-today-to-assess-the-use-of-recovery-funds\/"]}]},{"@type":"ImageObject","inLanguage":"en-US","@id":"https:\/\/www.cde.ual.es\/en\/a-delegation-of-meps-will-travel-to-madrid-today-to-assess-the-use-of-recovery-funds\/#primaryimage","url":"https:\/\/www.cde.ual.es\/wp-content\/uploads\/2023\/02\/pexels-luis-quintero-14366478-scaled.jpg","contentUrl":"https:\/\/www.cde.ual.es\/wp-content\/uploads\/2023\/02\/pexels-luis-quintero-14366478-scaled.jpg","width":2560,"height":1707,"caption":"estacion de metro de Plaza Espa\u00f1a en Madrid"},{"@type":"BreadcrumbList","@id":"https:\/\/www.cde.ual.es\/en\/a-delegation-of-meps-will-travel-to-madrid-today-to-assess-the-use-of-recovery-funds\/#breadcrumb","itemListElement":[{"@type":"ListItem","position":1,"name":"Inicio","item":"https:\/\/www.cde.ual.es\/en\/"},{"@type":"ListItem","position":2,"name":"EU News","item":"https:\/\/www.cde.ual.es\/en\/category\/eu-news\/"},{"@type":"ListItem","position":3,"name":"Institutional Affairs","item":"https:\/\/www.cde.ual.es\/en\/category\/eu-news\/institutional\/"},{"@type":"ListItem","position":4,"name":"A delegation of MEPs will travel to Madrid today to assess the use of recovery funds"}]},{"@type":"WebSite","@id":"https:\/\/www.cde.ual.es\/#website","url":"https:\/\/www.cde.ual.es\/","name":"CDE Almer\u00eda - Centro de Documentaci\u00f3n Europea - Universidad de Almer\u00eda","description":"Centro de Documentaci\u00f3n Europea de la Universidad de Almer\u00eda","publisher":{"@id":"https:\/\/www.cde.ual.es\/#organization"},"alternateName":"CDE Almer\u00eda","potentialAction":[{"@type":"SearchAction","target":{"@type":"EntryPoint","urlTemplate":"https:\/\/www.cde.ual.es\/?s={search_term_string}"},"query-input":{"@type":"PropertyValueSpecification","valueRequired":true,"valueName":"search_term_string"}}],"inLanguage":"en-US"},{"@type":"Organization","@id":"https:\/\/www.cde.ual.es\/#organization","name":"Centro de Documentaci\u00f3n Europea de Almer\u00eda","url":"https:\/\/www.cde.ual.es\/","logo":{"@type":"ImageObject","inLanguage":"en-US","@id":"https:\/\/www.cde.ual.es\/#\/schema\/logo\/image\/","url":"https:\/\/www.cde.ual.es\/wp-content\/uploads\/2025\/07\/cde-logo-3.png","contentUrl":"https:\/\/www.cde.ual.es\/wp-content\/uploads\/2025\/07\/cde-logo-3.png","width":1400,"height":300,"caption":"Centro de Documentaci\u00f3n Europea de Almer\u00eda"},"image":{"@id":"https:\/\/www.cde.ual.es\/#\/schema\/logo\/image\/"},"sameAs":["https:\/\/www.facebook.com\/cdeuniversidadalmeria\/","https:\/\/x.com\/cdeualmeria","https:\/\/www.tiktok.com\/@cdealmeria","https:\/\/www.instagram.com\/cdealmeria\/","https:\/\/www.linkedin.com\/in\/cde-almera-812b26a9\/"]},{"@type":"Person","@id":"https:\/\/www.cde.ual.es\/#\/schema\/person\/ee46ebc19edfa19598c02cff83335acc","name":"BECA 2 CDE","image":{"@type":"ImageObject","inLanguage":"en-US","@id":"https:\/\/secure.gravatar.com\/avatar\/35a481bbc04bbd90e91bdfa3b0b5541036c222a49b9ad37b6889a2afcb5311a5?s=96&d=mm&r=g","url":"https:\/\/secure.gravatar.com\/avatar\/35a481bbc04bbd90e91bdfa3b0b5541036c222a49b9ad37b6889a2afcb5311a5?s=96&d=mm&r=g","contentUrl":"https:\/\/secure.gravatar.com\/avatar\/35a481bbc04bbd90e91bdfa3b0b5541036c222a49b9ad37b6889a2afcb5311a5?s=96&d=mm&r=g","caption":"BECA 2 CDE"},"sameAs":["http:\/\/www.cdealmeria.com"]}]}},"_links":{"self":[{"href":"https:\/\/www.cde.ual.es\/en\/wp-json\/wp\/v2\/posts\/130799","targetHints":{"allow":["GET"]}}],"collection":[{"href":"https:\/\/www.cde.ual.es\/en\/wp-json\/wp\/v2\/posts"}],"about":[{"href":"https:\/\/www.cde.ual.es\/en\/wp-json\/wp\/v2\/types\/post"}],"author":[{"embeddable":true,"href":"https:\/\/www.cde.ual.es\/en\/wp-json\/wp\/v2\/users\/101011"}],"replies":[{"embeddable":true,"href":"https:\/\/www.cde.ual.es\/en\/wp-json\/wp\/v2\/comments?post=130799"}],"version-history":[{"count":1,"href":"https:\/\/www.cde.ual.es\/en\/wp-json\/wp\/v2\/posts\/130799\/revisions"}],"predecessor-version":[{"id":130803,"href":"https:\/\/www.cde.ual.es\/en\/wp-json\/wp\/v2\/posts\/130799\/revisions\/130803"}],"wp:featuredmedia":[{"embeddable":true,"href":"https:\/\/www.cde.ual.es\/en\/wp-json\/wp\/v2\/media\/130796"}],"wp:attachment":[{"href":"https:\/\/www.cde.ual.es\/en\/wp-json\/wp\/v2\/media?parent=130799"}],"wp:term":[{"taxonomy":"category","embeddable":true,"href":"https:\/\/www.cde.ual.es\/en\/wp-json\/wp\/v2\/categories?post=130799"},{"taxonomy":"post_tag","embeddable":true,"href":"https:\/\/www.cde.ual.es\/en\/wp-json\/wp\/v2\/tags?post=130799"}],"curies":[{"name":"wp","href":"https:\/\/api.w.org\/{rel}","templated":true}]}}