{"id":130645,"date":"2023-02-16T03:00:50","date_gmt":"2023-02-16T02:00:50","guid":{"rendered":"https:\/\/www.cde.ual.es\/?p=130645"},"modified":"2023-02-15T12:55:43","modified_gmt":"2023-02-15T11:55:43","slug":"european-commission-proposes-tougher-co2-emission-standards-for-trucks-and-buses","status":"publish","type":"post","link":"https:\/\/www.cde.ual.es\/en\/european-commission-proposes-tougher-co2-emission-standards-for-trucks-and-buses\/","title":{"rendered":"European Commission proposes tougher CO2 emission standards for trucks and buses"},"content":{"rendered":"<p><a href=\"https:\/\/www.cde.ual.es\/wp-content\/uploads\/2023\/02\/pexels-jakob-scholz-808846-1-scaled.jpg\"><img decoding=\"async\" class=\"aligncenter wp-image-130640\" src=\"https:\/\/www.cde.ual.es\/wp-content\/uploads\/2023\/02\/pexels-jakob-scholz-808846-1-scaled.jpg\" alt=\"\" width=\"550\" height=\"367\" srcset=\"https:\/\/www.cde.ual.es\/wp-content\/uploads\/2023\/02\/pexels-jakob-scholz-808846-1-scaled.jpg 2560w, https:\/\/www.cde.ual.es\/wp-content\/uploads\/2023\/02\/pexels-jakob-scholz-808846-1-300x200.jpg 300w, https:\/\/www.cde.ual.es\/wp-content\/uploads\/2023\/02\/pexels-jakob-scholz-808846-1-1024x683.jpg 1024w, https:\/\/www.cde.ual.es\/wp-content\/uploads\/2023\/02\/pexels-jakob-scholz-808846-1-768x512.jpg 768w, https:\/\/www.cde.ual.es\/wp-content\/uploads\/2023\/02\/pexels-jakob-scholz-808846-1-1536x1024.jpg 1536w, https:\/\/www.cde.ual.es\/wp-content\/uploads\/2023\/02\/pexels-jakob-scholz-808846-1-2048x1365.jpg 2048w\" sizes=\"(max-width: 550px) 100vw, 550px\" \/><\/a><\/p>\n<p style=\"text-align: justify;\">The European Commission has presented ambitious new CO2 emission targets for new heavy duty vehicles from 2030. These targets will help reduce CO2 emissions in the transport sector, as trucks, city buses and long-distance buses generate more than 6% of the EU&#8217;s total greenhouse gas (GHG) emissions, and more than 25% of greenhouse gas emissions are caused by road transport. These new stricter emission standards will allow this part of the road transport industry to contribute to emission-free mobility and to the achievement of the EU&#8217;s climate and zero pollution targets.<\/p>\n<p style=\"text-align: justify;\">The Commission proposes phasing in\u00a0<strong>stronger CO<sub>2<\/sub>\u00a0emissions standards for<\/strong>\u00a0almost\u00a0<strong>all new HDVs<\/strong>\u00a0with certified CO<sub>2<\/sub>\u00a0emissions, compared to 2019 levels, specifically:<\/p>\n<ul style=\"text-align: justify;\">\n<li>45% emissions reductions from 2030;<\/li>\n<li>65% emission reductions from 2035;<\/li>\n<li>90% emissions reduction from 2040.<\/li>\n<\/ul>\n<p style=\"text-align: justify;\">To drive the faster introduction of zero-emission buses in cities, the Commission also proposes that from 2030 all new city buses should be zero-emission buses.<\/p>\n<p style=\"text-align: justify;\">In line with the objectives of the European Green Deal and REPowerEU, the proposal will also have a positive impact on the energy transition, reducing the need to import fossil fuels and increasing energy savings and efficiency in the EU transport sector. This will benefit European transport companies and users by reducing fuel costs and total costs of ownership, as well as increasing the use of more energy efficient vehicles. It will also improve air quality, especially in cities, and the health of Europeans.<\/p>\n<p style=\"text-align: justify;\">It is also a key sector to support Europe&#8217;s clean technology sector and increase international competitiveness. The EU is the market leader in the production of trucks and buses, and a single legal framework helps to secure this position in the future. In particular, the revised rules are a clear long-term signal that can drive EU industry to invest in innovative zero emission technologies and stimulate the construction of charging and refuelling infrastructures.<\/p>\n<table style=\"width: 99.9988%; border-collapse: collapse; border-style: double; border-color: #001f7d;\" cellpadding=\"0,5\">\n<tbody>\n<tr>\n<td style=\"width: 100%;\"><a href=\"https:\/\/www.cde.ual.es\/un-proyecto-financiado-con-fondos-europeos-convierte-camiones-tradicionales-en-camiones-de-cero-emisiones\/\" target=\"_blank\" rel=\"noopener\"><img decoding=\"async\" class=\"alignleft\" src=\"https:\/\/www.cde.ual.es\/wp-content\/uploads\/2023\/01\/truck-g6747c26ba_1920.jpg\" alt=\"\" width=\"201\" height=\"134\" \/><\/a><\/p>\n<h4 class=\"entry-title\"><a href=\"https:\/\/www.cde.ual.es\/en\/eu-funded-project-converts-traditional-lorries-into-zero-emission-trucks\/\" target=\"_blank\" rel=\"noopener\">EU-funded project converts traditional lorries into zero-emission trucks<\/a><\/h4>\n<\/td>\n<\/tr>\n<\/tbody>\n<\/table>\n<p style=\"text-align: justify;\"><strong>Background<\/strong><\/p>\n<p style=\"text-align: justify;\">Emissions in the HDV sector have been increasing year-on-year since 2014 with the exception of 2020 due to the COVID-19 pandemic. Especially in the freight sector, emissions are increasing rapidly. This is mainly due to growing road transport demand, which is expected to keep rising in the future. In 2019, freight emissions were 44% higher than emissions from the aviation sector and 37% higher than maritime transport emissions.<\/p>\n<p style=\"text-align: justify;\">The vast majority of heavy-duty vehicles in the EU fleet (99%) currently run on internal combustion engines, fuelled largely by imported fossil fuels such as diesel. This adds to the EU&#8217;s energy dependency and current volatility of the energy market.<\/p>\n<p style=\"text-align: justify;\">The current HDV emissions standards date from 2019, but are no longer in line with the EU&#8217;s climate objectives. Existing legislation does not provide a sufficiently clear and long-term signal to investors and does not reflect the new reality in the energy sector and the rapid developments in the HDV industry globally. The proposed new CO<sub>2<\/sub>\u00a0standards are in line with the EU&#8217;s increased climate ambitions, the\u00a0<a href=\"https:\/\/ec.europa.eu\/commission\/presscorner\/detail\/en\/IP_21_3541\">Fit for 55 package<\/a>\u00a0and the Paris Agreement.<\/p>\n<p style=\"text-align: justify;\">To support this proposal, investments need to be channelled into zero-emission vehicles and into the recharging and refuelling infrastructure, and the Commission has already proposed the\u00a0<a href=\"https:\/\/eur-lex.europa.eu\/legal-content\/en\/TXT\/?uri=CELEX%3A52021PC0559\">Alternative Fuels Infrastructure Regulation<\/a>\u00a0to develop the necessary charging infrastructure to support the green transition of the heavy duty vehicles sector. In particular, the Commission proposed to install charging and fuelling points at regular intervals on major highways: every 60 kilometres for electric charging and every 150 kilometres for hydrogen refuelling. The Commission is working intensively with the co-legislators to finalise the negotiations on these proposals.<\/p>\n<h3 style=\"text-align: justify;\">More information<\/h3>\n<p style=\"text-align: justify;\"><a href=\"https:\/\/ec.europa.eu\/commission\/presscorner\/detail\/en\/ip_23_762\" target=\"_blank\" rel=\"noopener\">European Commission<\/a><\/p>\n","protected":false},"excerpt":{"rendered":"<p>The European Commission has presented ambitious new CO2 emission targets for new heavy duty vehicles from 2030. These targets will help reduce CO2 emissions in the transport sector, as trucks, city buses and long-distance buses generate more than 6% of the EU&#8217;s total greenhouse gas (GHG) emissions, and more than 25% of greenhouse gas emissions [&hellip;]<\/p>\n","protected":false},"author":101011,"featured_media":130641,"comment_status":"open","ping_status":"open","sticky":false,"template":"","format":"standard","meta":{"_acf_changed":false,"_relevanssi_hide_post":"","_relevanssi_hide_content":"","_relevanssi_pin_for_all":"","_relevanssi_pin_keywords":"","_relevanssi_unpin_keywords":"","_relevanssi_related_keywords":"","_relevanssi_related_include_ids":"","_relevanssi_related_exclude_ids":"","_relevanssi_related_no_append":"","_relevanssi_related_not_related":"","_relevanssi_related_posts":"","_relevanssi_noindex_reason":"","_monsterinsights_skip_tracking":false,"_monsterinsights_sitenote_active":false,"_monsterinsights_sitenote_note":"","_monsterinsights_sitenote_category":0,"_genesis_hide_title":false,"_genesis_hide_breadcrumbs":false,"_genesis_hide_singular_image":false,"_genesis_hide_footer_widgets":false,"_genesis_custom_body_class":"","_genesis_custom_post_class":"","_genesis_layout":"","footnotes":""},"categories":[4085,346,4087],"tags":[8583,1525,1133,2278,4440,5113,1287,8582],"class_list":{"0":"post-130645","1":"post","2":"type-post","3":"status-publish","4":"format-standard","5":"has-post-thumbnail","7":"category-environment","8":"category-eu-news","9":"category-transport","10":"tag-buses","11":"tag-co2","12":"tag-comision-europea","13":"tag-comision-europea-en","14":"tag-emission","15":"tag-european-commision","16":"tag-green-deal","17":"tag-trucks","18":"entry"},"acf":[],"yoast_head":"<!-- This site is optimized with the Yoast SEO plugin v27.5 - https:\/\/yoast.com\/product\/yoast-seo-wordpress\/ -->\n<title>European Commission proposes tougher CO2 emission standards for trucks and buses | CDE Almer\u00eda - Centro de Documentaci\u00f3n Europea - Universidad de Almer\u00eda<\/title>\n<meta name=\"robots\" content=\"index, follow, max-snippet:-1, max-image-preview:large, max-video-preview:-1\" \/>\n<link rel=\"canonical\" href=\"https:\/\/www.cde.ual.es\/la-comision-europea-propone-normas-mas-estrictas-en-materia-de-emisiones-de-co2-para-camiones-y-autobuses\/\" \/>\n<meta property=\"og:locale\" content=\"en_US\" \/>\n<meta property=\"og:type\" content=\"article\" \/>\n<meta property=\"og:title\" content=\"European Commission proposes tougher CO2 emission standards for trucks and buses | CDE Almer\u00eda - Centro de Documentaci\u00f3n Europea - Universidad de Almer\u00eda\" \/>\n<meta property=\"og:description\" content=\"The European Commission has presented ambitious new CO2 emission targets for new heavy duty vehicles from 2030. These targets will help reduce CO2 emissions in the transport sector, as trucks, city buses and long-distance buses generate more than 6% of the EU&#8217;s total greenhouse gas (GHG) emissions, and more than 25% of greenhouse gas emissions [&hellip;]\" \/>\n<meta property=\"og:url\" content=\"https:\/\/www.cde.ual.es\/la-comision-europea-propone-normas-mas-estrictas-en-materia-de-emisiones-de-co2-para-camiones-y-autobuses\/\" \/>\n<meta property=\"og:site_name\" content=\"CDE Almer\u00eda - Centro de Documentaci\u00f3n Europea - Universidad de Almer\u00eda\" \/>\n<meta property=\"article:publisher\" content=\"https:\/\/www.facebook.com\/cdeuniversidadalmeria\/\" \/>\n<meta property=\"article:published_time\" content=\"2023-02-16T02:00:50+00:00\" \/>\n<meta property=\"og:image\" content=\"https:\/\/www.cde.ual.es\/wp-content\/uploads\/2023\/02\/pexels-jakob-scholz-808846-1-scaled.jpg\" \/>\n\t<meta property=\"og:image:width\" content=\"2560\" \/>\n\t<meta property=\"og:image:height\" content=\"1707\" \/>\n\t<meta property=\"og:image:type\" content=\"image\/jpeg\" \/>\n<meta name=\"author\" content=\"BECA 2 CDE\" \/>\n<meta name=\"twitter:card\" content=\"summary_large_image\" \/>\n<meta name=\"twitter:creator\" content=\"@cdeualmeria\" \/>\n<meta name=\"twitter:site\" content=\"@cdeualmeria\" \/>\n<meta name=\"twitter:label1\" content=\"Written by\" \/>\n\t<meta name=\"twitter:data1\" content=\"BECA 2 CDE\" \/>\n\t<meta name=\"twitter:label2\" content=\"Est. reading time\" \/>\n\t<meta name=\"twitter:data2\" content=\"4 minutes\" \/>\n<script type=\"application\/ld+json\" class=\"yoast-schema-graph\">{\"@context\":\"https:\\\/\\\/schema.org\",\"@graph\":[{\"@type\":\"Article\",\"@id\":\"https:\\\/\\\/www.cde.ual.es\\\/la-comision-europea-propone-normas-mas-estrictas-en-materia-de-emisiones-de-co2-para-camiones-y-autobuses\\\/#article\",\"isPartOf\":{\"@id\":\"https:\\\/\\\/www.cde.ual.es\\\/la-comision-europea-propone-normas-mas-estrictas-en-materia-de-emisiones-de-co2-para-camiones-y-autobuses\\\/\"},\"author\":{\"name\":\"BECA 2 CDE\",\"@id\":\"https:\\\/\\\/www.cde.ual.es\\\/#\\\/schema\\\/person\\\/ee46ebc19edfa19598c02cff83335acc\"},\"headline\":\"European Commission proposes tougher CO2 emission standards for trucks and buses\",\"datePublished\":\"2023-02-16T02:00:50+00:00\",\"mainEntityOfPage\":{\"@id\":\"https:\\\/\\\/www.cde.ual.es\\\/la-comision-europea-propone-normas-mas-estrictas-en-materia-de-emisiones-de-co2-para-camiones-y-autobuses\\\/\"},\"wordCount\":595,\"commentCount\":0,\"publisher\":{\"@id\":\"https:\\\/\\\/www.cde.ual.es\\\/#organization\"},\"image\":{\"@id\":\"https:\\\/\\\/www.cde.ual.es\\\/la-comision-europea-propone-normas-mas-estrictas-en-materia-de-emisiones-de-co2-para-camiones-y-autobuses\\\/#primaryimage\"},\"thumbnailUrl\":\"https:\\\/\\\/www.cde.ual.es\\\/wp-content\\\/uploads\\\/2023\\\/02\\\/pexels-jakob-scholz-808846-1-scaled.jpg\",\"keywords\":[\"buses\",\"CO2\",\"Comision Europea\",\"Comision Europea\",\"emission\",\"European Commision\",\"Green Deal\",\"trucks\"],\"articleSection\":[\"Environmental Affairs\",\"EU News\",\"Transport\"],\"inLanguage\":\"en-US\",\"potentialAction\":[{\"@type\":\"CommentAction\",\"name\":\"Comment\",\"target\":[\"https:\\\/\\\/www.cde.ual.es\\\/la-comision-europea-propone-normas-mas-estrictas-en-materia-de-emisiones-de-co2-para-camiones-y-autobuses\\\/#respond\"]}]},{\"@type\":\"WebPage\",\"@id\":\"https:\\\/\\\/www.cde.ual.es\\\/la-comision-europea-propone-normas-mas-estrictas-en-materia-de-emisiones-de-co2-para-camiones-y-autobuses\\\/\",\"url\":\"https:\\\/\\\/www.cde.ual.es\\\/la-comision-europea-propone-normas-mas-estrictas-en-materia-de-emisiones-de-co2-para-camiones-y-autobuses\\\/\",\"name\":\"European Commission proposes tougher CO2 emission standards for trucks and buses | CDE Almer\u00eda - Centro de Documentaci\u00f3n Europea - Universidad de Almer\u00eda\",\"isPartOf\":{\"@id\":\"https:\\\/\\\/www.cde.ual.es\\\/#website\"},\"primaryImageOfPage\":{\"@id\":\"https:\\\/\\\/www.cde.ual.es\\\/la-comision-europea-propone-normas-mas-estrictas-en-materia-de-emisiones-de-co2-para-camiones-y-autobuses\\\/#primaryimage\"},\"image\":{\"@id\":\"https:\\\/\\\/www.cde.ual.es\\\/la-comision-europea-propone-normas-mas-estrictas-en-materia-de-emisiones-de-co2-para-camiones-y-autobuses\\\/#primaryimage\"},\"thumbnailUrl\":\"https:\\\/\\\/www.cde.ual.es\\\/wp-content\\\/uploads\\\/2023\\\/02\\\/pexels-jakob-scholz-808846-1-scaled.jpg\",\"datePublished\":\"2023-02-16T02:00:50+00:00\",\"breadcrumb\":{\"@id\":\"https:\\\/\\\/www.cde.ual.es\\\/la-comision-europea-propone-normas-mas-estrictas-en-materia-de-emisiones-de-co2-para-camiones-y-autobuses\\\/#breadcrumb\"},\"inLanguage\":\"en-US\",\"potentialAction\":[{\"@type\":\"ReadAction\",\"target\":[\"https:\\\/\\\/www.cde.ual.es\\\/la-comision-europea-propone-normas-mas-estrictas-en-materia-de-emisiones-de-co2-para-camiones-y-autobuses\\\/\"]}]},{\"@type\":\"ImageObject\",\"inLanguage\":\"en-US\",\"@id\":\"https:\\\/\\\/www.cde.ual.es\\\/la-comision-europea-propone-normas-mas-estrictas-en-materia-de-emisiones-de-co2-para-camiones-y-autobuses\\\/#primaryimage\",\"url\":\"https:\\\/\\\/www.cde.ual.es\\\/wp-content\\\/uploads\\\/2023\\\/02\\\/pexels-jakob-scholz-808846-1-scaled.jpg\",\"contentUrl\":\"https:\\\/\\\/www.cde.ual.es\\\/wp-content\\\/uploads\\\/2023\\\/02\\\/pexels-jakob-scholz-808846-1-scaled.jpg\",\"width\":2560,\"height\":1707},{\"@type\":\"BreadcrumbList\",\"@id\":\"https:\\\/\\\/www.cde.ual.es\\\/la-comision-europea-propone-normas-mas-estrictas-en-materia-de-emisiones-de-co2-para-camiones-y-autobuses\\\/#breadcrumb\",\"itemListElement\":[{\"@type\":\"ListItem\",\"position\":1,\"name\":\"Inicio\",\"item\":\"https:\\\/\\\/www.cde.ual.es\\\/en\\\/\"},{\"@type\":\"ListItem\",\"position\":2,\"name\":\"Noticias UE\",\"item\":\"https:\\\/\\\/www.cde.ual.es\\\/category\\\/noticias-ue\\\/\"},{\"@type\":\"ListItem\",\"position\":3,\"name\":\"Medio Ambiente\",\"item\":\"https:\\\/\\\/www.cde.ual.es\\\/category\\\/noticias-ue\\\/medioambiente\\\/\"},{\"@type\":\"ListItem\",\"position\":4,\"name\":\"Transport\",\"item\":\"https:\\\/\\\/www.cde.ual.es\\\/en\\\/category\\\/eu-news\\\/environment\\\/transport\\\/\"},{\"@type\":\"ListItem\",\"position\":5,\"name\":\"European Commission proposes tougher CO2 emission standards for trucks and buses\"}]},{\"@type\":\"WebSite\",\"@id\":\"https:\\\/\\\/www.cde.ual.es\\\/#website\",\"url\":\"https:\\\/\\\/www.cde.ual.es\\\/\",\"name\":\"CDE Almer\u00eda - Centro de Documentaci\u00f3n Europea - Universidad de Almer\u00eda\",\"description\":\"Centro de Documentaci\u00f3n Europea de la Universidad de Almer\u00eda\",\"publisher\":{\"@id\":\"https:\\\/\\\/www.cde.ual.es\\\/#organization\"},\"alternateName\":\"CDE Almer\u00eda\",\"potentialAction\":[{\"@type\":\"SearchAction\",\"target\":{\"@type\":\"EntryPoint\",\"urlTemplate\":\"https:\\\/\\\/www.cde.ual.es\\\/?s={search_term_string}\"},\"query-input\":{\"@type\":\"PropertyValueSpecification\",\"valueRequired\":true,\"valueName\":\"search_term_string\"}}],\"inLanguage\":\"en-US\"},{\"@type\":\"Organization\",\"@id\":\"https:\\\/\\\/www.cde.ual.es\\\/#organization\",\"name\":\"Centro de Documentaci\u00f3n Europea de Almer\u00eda\",\"url\":\"https:\\\/\\\/www.cde.ual.es\\\/\",\"logo\":{\"@type\":\"ImageObject\",\"inLanguage\":\"en-US\",\"@id\":\"https:\\\/\\\/www.cde.ual.es\\\/#\\\/schema\\\/logo\\\/image\\\/\",\"url\":\"https:\\\/\\\/www.cde.ual.es\\\/wp-content\\\/uploads\\\/2025\\\/07\\\/cde-logo-3.png\",\"contentUrl\":\"https:\\\/\\\/www.cde.ual.es\\\/wp-content\\\/uploads\\\/2025\\\/07\\\/cde-logo-3.png\",\"width\":1400,\"height\":300,\"caption\":\"Centro de Documentaci\u00f3n Europea de Almer\u00eda\"},\"image\":{\"@id\":\"https:\\\/\\\/www.cde.ual.es\\\/#\\\/schema\\\/logo\\\/image\\\/\"},\"sameAs\":[\"https:\\\/\\\/www.facebook.com\\\/cdeuniversidadalmeria\\\/\",\"https:\\\/\\\/x.com\\\/cdeualmeria\",\"https:\\\/\\\/www.tiktok.com\\\/@cdealmeria\",\"https:\\\/\\\/www.instagram.com\\\/cdealmeria\\\/\",\"https:\\\/\\\/www.linkedin.com\\\/in\\\/cde-almera-812b26a9\\\/\"]},{\"@type\":\"Person\",\"@id\":\"https:\\\/\\\/www.cde.ual.es\\\/#\\\/schema\\\/person\\\/ee46ebc19edfa19598c02cff83335acc\",\"name\":\"BECA 2 CDE\",\"image\":{\"@type\":\"ImageObject\",\"inLanguage\":\"en-US\",\"@id\":\"https:\\\/\\\/secure.gravatar.com\\\/avatar\\\/35a481bbc04bbd90e91bdfa3b0b5541036c222a49b9ad37b6889a2afcb5311a5?s=96&d=mm&r=g\",\"url\":\"https:\\\/\\\/secure.gravatar.com\\\/avatar\\\/35a481bbc04bbd90e91bdfa3b0b5541036c222a49b9ad37b6889a2afcb5311a5?s=96&d=mm&r=g\",\"contentUrl\":\"https:\\\/\\\/secure.gravatar.com\\\/avatar\\\/35a481bbc04bbd90e91bdfa3b0b5541036c222a49b9ad37b6889a2afcb5311a5?s=96&d=mm&r=g\",\"caption\":\"BECA 2 CDE\"},\"sameAs\":[\"http:\\\/\\\/www.cdealmeria.com\"]}]}<\/script>\n<!-- \/ Yoast SEO plugin. -->","yoast_head_json":{"title":"European Commission proposes tougher CO2 emission standards for trucks and buses | CDE Almer\u00eda - Centro de Documentaci\u00f3n Europea - Universidad de Almer\u00eda","robots":{"index":"index","follow":"follow","max-snippet":"max-snippet:-1","max-image-preview":"max-image-preview:large","max-video-preview":"max-video-preview:-1"},"canonical":"https:\/\/www.cde.ual.es\/la-comision-europea-propone-normas-mas-estrictas-en-materia-de-emisiones-de-co2-para-camiones-y-autobuses\/","og_locale":"en_US","og_type":"article","og_title":"European Commission proposes tougher CO2 emission standards for trucks and buses | CDE Almer\u00eda - Centro de Documentaci\u00f3n Europea - Universidad de Almer\u00eda","og_description":"The European Commission has presented ambitious new CO2 emission targets for new heavy duty vehicles from 2030. These targets will help reduce CO2 emissions in the transport sector, as trucks, city buses and long-distance buses generate more than 6% of the EU&#8217;s total greenhouse gas (GHG) emissions, and more than 25% of greenhouse gas emissions [&hellip;]","og_url":"https:\/\/www.cde.ual.es\/la-comision-europea-propone-normas-mas-estrictas-en-materia-de-emisiones-de-co2-para-camiones-y-autobuses\/","og_site_name":"CDE Almer\u00eda - Centro de Documentaci\u00f3n Europea - Universidad de Almer\u00eda","article_publisher":"https:\/\/www.facebook.com\/cdeuniversidadalmeria\/","article_published_time":"2023-02-16T02:00:50+00:00","og_image":[{"width":2560,"height":1707,"url":"https:\/\/www.cde.ual.es\/wp-content\/uploads\/2023\/02\/pexels-jakob-scholz-808846-1-scaled.jpg","type":"image\/jpeg"}],"author":"BECA 2 CDE","twitter_card":"summary_large_image","twitter_creator":"@cdeualmeria","twitter_site":"@cdeualmeria","twitter_misc":{"Written by":"BECA 2 CDE","Est. reading time":"4 minutes"},"schema":{"@context":"https:\/\/schema.org","@graph":[{"@type":"Article","@id":"https:\/\/www.cde.ual.es\/la-comision-europea-propone-normas-mas-estrictas-en-materia-de-emisiones-de-co2-para-camiones-y-autobuses\/#article","isPartOf":{"@id":"https:\/\/www.cde.ual.es\/la-comision-europea-propone-normas-mas-estrictas-en-materia-de-emisiones-de-co2-para-camiones-y-autobuses\/"},"author":{"name":"BECA 2 CDE","@id":"https:\/\/www.cde.ual.es\/#\/schema\/person\/ee46ebc19edfa19598c02cff83335acc"},"headline":"European Commission proposes tougher CO2 emission standards for trucks and buses","datePublished":"2023-02-16T02:00:50+00:00","mainEntityOfPage":{"@id":"https:\/\/www.cde.ual.es\/la-comision-europea-propone-normas-mas-estrictas-en-materia-de-emisiones-de-co2-para-camiones-y-autobuses\/"},"wordCount":595,"commentCount":0,"publisher":{"@id":"https:\/\/www.cde.ual.es\/#organization"},"image":{"@id":"https:\/\/www.cde.ual.es\/la-comision-europea-propone-normas-mas-estrictas-en-materia-de-emisiones-de-co2-para-camiones-y-autobuses\/#primaryimage"},"thumbnailUrl":"https:\/\/www.cde.ual.es\/wp-content\/uploads\/2023\/02\/pexels-jakob-scholz-808846-1-scaled.jpg","keywords":["buses","CO2","Comision Europea","Comision Europea","emission","European Commision","Green Deal","trucks"],"articleSection":["Environmental Affairs","EU News","Transport"],"inLanguage":"en-US","potentialAction":[{"@type":"CommentAction","name":"Comment","target":["https:\/\/www.cde.ual.es\/la-comision-europea-propone-normas-mas-estrictas-en-materia-de-emisiones-de-co2-para-camiones-y-autobuses\/#respond"]}]},{"@type":"WebPage","@id":"https:\/\/www.cde.ual.es\/la-comision-europea-propone-normas-mas-estrictas-en-materia-de-emisiones-de-co2-para-camiones-y-autobuses\/","url":"https:\/\/www.cde.ual.es\/la-comision-europea-propone-normas-mas-estrictas-en-materia-de-emisiones-de-co2-para-camiones-y-autobuses\/","name":"European Commission proposes tougher CO2 emission standards for trucks and buses | CDE Almer\u00eda - Centro de Documentaci\u00f3n Europea - Universidad de Almer\u00eda","isPartOf":{"@id":"https:\/\/www.cde.ual.es\/#website"},"primaryImageOfPage":{"@id":"https:\/\/www.cde.ual.es\/la-comision-europea-propone-normas-mas-estrictas-en-materia-de-emisiones-de-co2-para-camiones-y-autobuses\/#primaryimage"},"image":{"@id":"https:\/\/www.cde.ual.es\/la-comision-europea-propone-normas-mas-estrictas-en-materia-de-emisiones-de-co2-para-camiones-y-autobuses\/#primaryimage"},"thumbnailUrl":"https:\/\/www.cde.ual.es\/wp-content\/uploads\/2023\/02\/pexels-jakob-scholz-808846-1-scaled.jpg","datePublished":"2023-02-16T02:00:50+00:00","breadcrumb":{"@id":"https:\/\/www.cde.ual.es\/la-comision-europea-propone-normas-mas-estrictas-en-materia-de-emisiones-de-co2-para-camiones-y-autobuses\/#breadcrumb"},"inLanguage":"en-US","potentialAction":[{"@type":"ReadAction","target":["https:\/\/www.cde.ual.es\/la-comision-europea-propone-normas-mas-estrictas-en-materia-de-emisiones-de-co2-para-camiones-y-autobuses\/"]}]},{"@type":"ImageObject","inLanguage":"en-US","@id":"https:\/\/www.cde.ual.es\/la-comision-europea-propone-normas-mas-estrictas-en-materia-de-emisiones-de-co2-para-camiones-y-autobuses\/#primaryimage","url":"https:\/\/www.cde.ual.es\/wp-content\/uploads\/2023\/02\/pexels-jakob-scholz-808846-1-scaled.jpg","contentUrl":"https:\/\/www.cde.ual.es\/wp-content\/uploads\/2023\/02\/pexels-jakob-scholz-808846-1-scaled.jpg","width":2560,"height":1707},{"@type":"BreadcrumbList","@id":"https:\/\/www.cde.ual.es\/la-comision-europea-propone-normas-mas-estrictas-en-materia-de-emisiones-de-co2-para-camiones-y-autobuses\/#breadcrumb","itemListElement":[{"@type":"ListItem","position":1,"name":"Inicio","item":"https:\/\/www.cde.ual.es\/en\/"},{"@type":"ListItem","position":2,"name":"Noticias UE","item":"https:\/\/www.cde.ual.es\/category\/noticias-ue\/"},{"@type":"ListItem","position":3,"name":"Medio Ambiente","item":"https:\/\/www.cde.ual.es\/category\/noticias-ue\/medioambiente\/"},{"@type":"ListItem","position":4,"name":"Transport","item":"https:\/\/www.cde.ual.es\/en\/category\/eu-news\/environment\/transport\/"},{"@type":"ListItem","position":5,"name":"European Commission proposes tougher CO2 emission standards for trucks and buses"}]},{"@type":"WebSite","@id":"https:\/\/www.cde.ual.es\/#website","url":"https:\/\/www.cde.ual.es\/","name":"CDE Almer\u00eda - Centro de Documentaci\u00f3n Europea - Universidad de Almer\u00eda","description":"Centro de Documentaci\u00f3n Europea de la Universidad de Almer\u00eda","publisher":{"@id":"https:\/\/www.cde.ual.es\/#organization"},"alternateName":"CDE Almer\u00eda","potentialAction":[{"@type":"SearchAction","target":{"@type":"EntryPoint","urlTemplate":"https:\/\/www.cde.ual.es\/?s={search_term_string}"},"query-input":{"@type":"PropertyValueSpecification","valueRequired":true,"valueName":"search_term_string"}}],"inLanguage":"en-US"},{"@type":"Organization","@id":"https:\/\/www.cde.ual.es\/#organization","name":"Centro de Documentaci\u00f3n Europea de Almer\u00eda","url":"https:\/\/www.cde.ual.es\/","logo":{"@type":"ImageObject","inLanguage":"en-US","@id":"https:\/\/www.cde.ual.es\/#\/schema\/logo\/image\/","url":"https:\/\/www.cde.ual.es\/wp-content\/uploads\/2025\/07\/cde-logo-3.png","contentUrl":"https:\/\/www.cde.ual.es\/wp-content\/uploads\/2025\/07\/cde-logo-3.png","width":1400,"height":300,"caption":"Centro de Documentaci\u00f3n Europea de Almer\u00eda"},"image":{"@id":"https:\/\/www.cde.ual.es\/#\/schema\/logo\/image\/"},"sameAs":["https:\/\/www.facebook.com\/cdeuniversidadalmeria\/","https:\/\/x.com\/cdeualmeria","https:\/\/www.tiktok.com\/@cdealmeria","https:\/\/www.instagram.com\/cdealmeria\/","https:\/\/www.linkedin.com\/in\/cde-almera-812b26a9\/"]},{"@type":"Person","@id":"https:\/\/www.cde.ual.es\/#\/schema\/person\/ee46ebc19edfa19598c02cff83335acc","name":"BECA 2 CDE","image":{"@type":"ImageObject","inLanguage":"en-US","@id":"https:\/\/secure.gravatar.com\/avatar\/35a481bbc04bbd90e91bdfa3b0b5541036c222a49b9ad37b6889a2afcb5311a5?s=96&d=mm&r=g","url":"https:\/\/secure.gravatar.com\/avatar\/35a481bbc04bbd90e91bdfa3b0b5541036c222a49b9ad37b6889a2afcb5311a5?s=96&d=mm&r=g","contentUrl":"https:\/\/secure.gravatar.com\/avatar\/35a481bbc04bbd90e91bdfa3b0b5541036c222a49b9ad37b6889a2afcb5311a5?s=96&d=mm&r=g","caption":"BECA 2 CDE"},"sameAs":["http:\/\/www.cdealmeria.com"]}]}},"_links":{"self":[{"href":"https:\/\/www.cde.ual.es\/en\/wp-json\/wp\/v2\/posts\/130645","targetHints":{"allow":["GET"]}}],"collection":[{"href":"https:\/\/www.cde.ual.es\/en\/wp-json\/wp\/v2\/posts"}],"about":[{"href":"https:\/\/www.cde.ual.es\/en\/wp-json\/wp\/v2\/types\/post"}],"author":[{"embeddable":true,"href":"https:\/\/www.cde.ual.es\/en\/wp-json\/wp\/v2\/users\/101011"}],"replies":[{"embeddable":true,"href":"https:\/\/www.cde.ual.es\/en\/wp-json\/wp\/v2\/comments?post=130645"}],"version-history":[{"count":2,"href":"https:\/\/www.cde.ual.es\/en\/wp-json\/wp\/v2\/posts\/130645\/revisions"}],"predecessor-version":[{"id":130649,"href":"https:\/\/www.cde.ual.es\/en\/wp-json\/wp\/v2\/posts\/130645\/revisions\/130649"}],"wp:featuredmedia":[{"embeddable":true,"href":"https:\/\/www.cde.ual.es\/en\/wp-json\/wp\/v2\/media\/130641"}],"wp:attachment":[{"href":"https:\/\/www.cde.ual.es\/en\/wp-json\/wp\/v2\/media?parent=130645"}],"wp:term":[{"taxonomy":"category","embeddable":true,"href":"https:\/\/www.cde.ual.es\/en\/wp-json\/wp\/v2\/categories?post=130645"},{"taxonomy":"post_tag","embeddable":true,"href":"https:\/\/www.cde.ual.es\/en\/wp-json\/wp\/v2\/tags?post=130645"}],"curies":[{"name":"wp","href":"https:\/\/api.w.org\/{rel}","templated":true}]}}