{"id":13056,"date":"2019-02-18T08:00:53","date_gmt":"2019-02-18T07:00:53","guid":{"rendered":"http:\/\/www.cde.ual.es\/?p=13056"},"modified":"2019-02-18T09:05:50","modified_gmt":"2019-02-18T08:05:50","slug":"europana-nos-cuenta-quien-invento-el-pan","status":"publish","type":"post","link":"https:\/\/www.cde.ual.es\/en\/europana-nos-cuenta-quien-invento-el-pan\/","title":{"rendered":"Europana nos cuenta qui\u00e9n invent\u00f3 el pan"},"content":{"rendered":"\n<figure class=\"wp-block-image\"><img decoding=\"async\" width=\"878\" height=\"475\" src=\"http:\/\/www.cde.ual.es\/wp-content\/uploads\/2019\/02\/Qui\u00e9n-invent\u00f3-pan.png\" alt=\"\" class=\"wp-image-13057\" srcset=\"https:\/\/www.cde.ual.es\/wp-content\/uploads\/2019\/02\/Qui\u00e9n-invent\u00f3-pan.png 878w, https:\/\/www.cde.ual.es\/wp-content\/uploads\/2019\/02\/Qui\u00e9n-invent\u00f3-pan-300x162.png 300w, https:\/\/www.cde.ual.es\/wp-content\/uploads\/2019\/02\/Qui\u00e9n-invent\u00f3-pan-768x415.png 768w\" sizes=\"(max-width: 878px) 100vw, 878px\" \/><\/figure>\n\n\n\n<p><strong><em>La arqueolog\u00eda puede dar una gran idea de qu\u00e9 procesos nos han convertido en los humanos que somos hoy. <\/em><\/strong><\/p>\n\n\n\n<p>Al parecer, las cosas peque\u00f1as han influido enormemente en nuestra vida contempor\u00e1nea, y tal vez la m\u00e1s importante es la invenci\u00f3n de la cocina. <\/p>\n\n\n\n<p>Richard Wrangham, profesor de antropolog\u00eda biol\u00f3gica, en su libro Catching Fire: How Cooking nos hizo humanos, describe c\u00f3mo la cocina redujo el costo cal\u00f3rico de la digesti\u00f3n y aument\u00f3 la eficiencia del consumo de alimentos. Seg\u00fan Wrangham, el homo erectus (que vivi\u00f3 hace unos 1.89 millones y 143.000 a\u00f1os), evolucion\u00f3 para desarrollar un tracto digestivo m\u00e1s peque\u00f1o y eficiente que liber\u00f3 la energ\u00eda para permitir el crecimiento cerebral.1 Esto fue gracias a que el Homo Erectus pod\u00eda cocinar. Su comida, preparando el escenario para los humanos modernos. Pero, \u00bfqu\u00e9 y c\u00f3mo cocinaron estos humanos paleol\u00edticos? <\/p>\n\n\n\n<h3 class=\"wp-block-heading\">\u00bfQui\u00e9n invent\u00f3 el pan y los pancakes? <\/h3>\n\n\n\n<p>El primer pan plano conocido proviene de Shubayqa 1, un sitio de cazadores-recolectores natufianos. A trav\u00e9s de la difusi\u00f3n cultural, y con el tiempo, estos primeros panes planos se han convertido en las pizzas, pita, puri, pane carasau, chapati y tortillas que hoy conocemos y amamos.<\/p>\n\n\n\n<p>C\u00f3mo los humanos han evolucionado para comer carne es otra \u00e1rea de discusi\u00f3n y debate entre los arque\u00f3logos. Los seres humanos podr\u00edan haber recurrido a comer carne como una adaptaci\u00f3n necesaria a su entorno cambiante, pero tambi\u00e9n podr\u00eda haber sido un cambio importante que permiti\u00f3 un r\u00e1pido desarrollo del cerebro humano. <\/p>\n\n\n\n<h3 class=\"wp-block-heading\">\u00bfQu\u00e9 pasa con la dieta paleo?<\/h3>\n\n\n\n<p> La dieta paleo es una dieta basada en la idea de que su cuerpo se beneficia m\u00e1s de los mismos alimentos que com\u00edan los humanos paleol\u00edticos. Entre otras cosas, elimina los vegetales con almid\u00f3n, los cereales y las legumbres a favor de la carne sin procesar, las nueces y las semillas, y muchas frutas y verduras. Pero la investigaci\u00f3n arqueol\u00f3gica muestra que tal vez los panes planos y otros productos de granos podr\u00edan haber sido una parte m\u00e1s importante de la dieta paleol\u00edtica, despu\u00e9s de todo, y que la carne podr\u00eda haber jugado un papel m\u00e1s peque\u00f1o de lo que se pensaba en las comidas diarias de nuestros antepasados. <\/p>\n\n\n\n<p> La dieta paleo podr\u00eda no ser tan paleo, ya que la investigaci\u00f3n arqueol\u00f3gica sigue descubriendo nuevas evidencias y formulando nuevas hip\u00f3tesis sobre la evoluci\u00f3n de nuestra especie. Esto no significa necesariamente que la dieta paleo no sea saludable, pero muestra informaci\u00f3n interesante sobre el panorama de la arqueolog\u00eda en constante cambio.<\/p>\n\n\n\n<h3 class=\"wp-block-heading\">M\u00e1s informaci\u00f3n<\/h3>\n\n\n\n<p><a href=\"http:\/\/blog.europeana.eu\/2019\/02\/what-is-the-real-palaeo-diet-and-who-invented-bread\/\">Art\u00edculo completo<\/a><\/p>\n\n\n\n<p><a href=\"https:\/\/archaeology.europeana.eu\/\">Europeana Collections<\/a><\/p>\n\n\n\n<p><a href=\"https:\/\/thepaleodiet.com\/temp-title-dr-cordain-interview\/.\">10 questions about the paleo diet<\/a><\/p>\n","protected":false},"excerpt":{"rendered":"<p>La arqueolog\u00eda puede dar una gran idea de qu\u00e9 procesos nos han convertido en los humanos que somos hoy. Al parecer, las cosas peque\u00f1as han influido enormemente en nuestra vida contempor\u00e1nea, y tal vez la m\u00e1s importante es la invenci\u00f3n de la cocina. Richard Wrangham, profesor de antropolog\u00eda biol\u00f3gica, en su libro Catching Fire: How [&hellip;]<\/p>\n","protected":false},"author":1,"featured_media":13057,"comment_status":"open","ping_status":"open","sticky":false,"template":"","format":"standard","meta":{"_acf_changed":false,"_relevanssi_hide_post":"","_relevanssi_hide_content":"","_relevanssi_pin_for_all":"","_relevanssi_pin_keywords":"","_relevanssi_unpin_keywords":"","_relevanssi_related_keywords":"","_relevanssi_related_include_ids":"","_relevanssi_related_exclude_ids":"","_relevanssi_related_no_append":"","_relevanssi_related_not_related":"","_relevanssi_related_posts":"","_relevanssi_noindex_reason":"","_monsterinsights_skip_tracking":false,"_monsterinsights_sitenote_active":false,"_monsterinsights_sitenote_note":"","_monsterinsights_sitenote_category":0,"_genesis_hide_title":false,"_genesis_hide_breadcrumbs":false,"_genesis_hide_singular_image":false,"_genesis_hide_footer_widgets":false,"_genesis_custom_body_class":"","_genesis_custom_post_class":"","_genesis_layout":"","footnotes":""},"categories":[96],"tags":[128,182],"class_list":{"0":"post-13056","1":"post","2":"type-post","3":"status-publish","4":"format-standard","5":"has-post-thumbnail","7":"category-noticias-ue","8":"tag-cultura-educacion","9":"tag-patrimonio-cultural","10":"entry"},"acf":[],"yoast_head":"<!-- This site is optimized with the Yoast SEO plugin v27.5 - https:\/\/yoast.com\/product\/yoast-seo-wordpress\/ -->\n<title>Europana nos cuenta qui\u00e9n invent\u00f3 el pan | CDE Almer\u00eda - Centro de Documentaci\u00f3n Europea - Universidad de Almer\u00eda<\/title>\n<meta name=\"robots\" content=\"index, follow, max-snippet:-1, max-image-preview:large, max-video-preview:-1\" \/>\n<link rel=\"canonical\" href=\"https:\/\/www.cde.ual.es\/europana-nos-cuenta-quien-invento-el-pan\/\" \/>\n<meta property=\"og:locale\" content=\"en_US\" \/>\n<meta property=\"og:type\" content=\"article\" \/>\n<meta property=\"og:title\" content=\"Europana nos cuenta qui\u00e9n invent\u00f3 el pan | CDE Almer\u00eda - Centro de Documentaci\u00f3n Europea - Universidad de Almer\u00eda\" \/>\n<meta property=\"og:description\" content=\"La arqueolog\u00eda puede dar una gran idea de qu\u00e9 procesos nos han convertido en los humanos que somos hoy. Al parecer, las cosas peque\u00f1as han influido enormemente en nuestra vida contempor\u00e1nea, y tal vez la m\u00e1s importante es la invenci\u00f3n de la cocina. Richard Wrangham, profesor de antropolog\u00eda biol\u00f3gica, en su libro Catching Fire: How [&hellip;]\" \/>\n<meta property=\"og:url\" content=\"https:\/\/www.cde.ual.es\/europana-nos-cuenta-quien-invento-el-pan\/\" \/>\n<meta property=\"og:site_name\" content=\"CDE Almer\u00eda - Centro de Documentaci\u00f3n Europea - Universidad de Almer\u00eda\" \/>\n<meta property=\"article:publisher\" content=\"https:\/\/www.facebook.com\/cdeuniversidadalmeria\/\" \/>\n<meta property=\"article:published_time\" content=\"2019-02-18T07:00:53+00:00\" \/>\n<meta property=\"article:modified_time\" content=\"2019-02-18T08:05:50+00:00\" \/>\n<meta property=\"og:image\" content=\"https:\/\/www.cde.ual.es\/wp-content\/uploads\/2019\/02\/Qui\u00e9n-invent\u00f3-pan.png\" \/>\n\t<meta property=\"og:image:width\" content=\"878\" \/>\n\t<meta property=\"og:image:height\" content=\"475\" \/>\n\t<meta property=\"og:image:type\" content=\"image\/png\" \/>\n<meta name=\"author\" content=\"AdminCDE\" \/>\n<meta name=\"twitter:card\" content=\"summary_large_image\" \/>\n<meta name=\"twitter:creator\" content=\"@cdeualmeria\" \/>\n<meta name=\"twitter:site\" content=\"@cdeualmeria\" \/>\n<meta name=\"twitter:label1\" content=\"Written by\" \/>\n\t<meta name=\"twitter:data1\" content=\"AdminCDE\" \/>\n\t<meta name=\"twitter:label2\" content=\"Est. reading time\" \/>\n\t<meta name=\"twitter:data2\" content=\"2 minutes\" \/>\n<script type=\"application\/ld+json\" class=\"yoast-schema-graph\">{\"@context\":\"https:\\\/\\\/schema.org\",\"@graph\":[{\"@type\":\"Article\",\"@id\":\"https:\\\/\\\/www.cde.ual.es\\\/europana-nos-cuenta-quien-invento-el-pan\\\/#article\",\"isPartOf\":{\"@id\":\"https:\\\/\\\/www.cde.ual.es\\\/europana-nos-cuenta-quien-invento-el-pan\\\/\"},\"author\":{\"name\":\"AdminCDE\",\"@id\":\"https:\\\/\\\/www.cde.ual.es\\\/#\\\/schema\\\/person\\\/224ef08c8bcc005f319d2713ce37ee5f\"},\"headline\":\"Europana nos cuenta qui\u00e9n invent\u00f3 el pan\",\"datePublished\":\"2019-02-18T07:00:53+00:00\",\"dateModified\":\"2019-02-18T08:05:50+00:00\",\"mainEntityOfPage\":{\"@id\":\"https:\\\/\\\/www.cde.ual.es\\\/europana-nos-cuenta-quien-invento-el-pan\\\/\"},\"wordCount\":476,\"commentCount\":0,\"publisher\":{\"@id\":\"https:\\\/\\\/www.cde.ual.es\\\/#organization\"},\"image\":{\"@id\":\"https:\\\/\\\/www.cde.ual.es\\\/europana-nos-cuenta-quien-invento-el-pan\\\/#primaryimage\"},\"thumbnailUrl\":\"https:\\\/\\\/www.cde.ual.es\\\/wp-content\\\/uploads\\\/2019\\\/02\\\/Qui\u00e9n-invent\u00f3-pan.png\",\"keywords\":[\"Cultura y Educaci\u00f3n\",\"Patrimonio Cultural\"],\"articleSection\":[\"Noticias UE\"],\"inLanguage\":\"en-US\",\"potentialAction\":[{\"@type\":\"CommentAction\",\"name\":\"Comment\",\"target\":[\"https:\\\/\\\/www.cde.ual.es\\\/europana-nos-cuenta-quien-invento-el-pan\\\/#respond\"]}]},{\"@type\":\"WebPage\",\"@id\":\"https:\\\/\\\/www.cde.ual.es\\\/europana-nos-cuenta-quien-invento-el-pan\\\/\",\"url\":\"https:\\\/\\\/www.cde.ual.es\\\/europana-nos-cuenta-quien-invento-el-pan\\\/\",\"name\":\"Europana nos cuenta qui\u00e9n invent\u00f3 el pan | CDE Almer\u00eda - Centro de Documentaci\u00f3n Europea - Universidad de Almer\u00eda\",\"isPartOf\":{\"@id\":\"https:\\\/\\\/www.cde.ual.es\\\/#website\"},\"primaryImageOfPage\":{\"@id\":\"https:\\\/\\\/www.cde.ual.es\\\/europana-nos-cuenta-quien-invento-el-pan\\\/#primaryimage\"},\"image\":{\"@id\":\"https:\\\/\\\/www.cde.ual.es\\\/europana-nos-cuenta-quien-invento-el-pan\\\/#primaryimage\"},\"thumbnailUrl\":\"https:\\\/\\\/www.cde.ual.es\\\/wp-content\\\/uploads\\\/2019\\\/02\\\/Qui\u00e9n-invent\u00f3-pan.png\",\"datePublished\":\"2019-02-18T07:00:53+00:00\",\"dateModified\":\"2019-02-18T08:05:50+00:00\",\"breadcrumb\":{\"@id\":\"https:\\\/\\\/www.cde.ual.es\\\/europana-nos-cuenta-quien-invento-el-pan\\\/#breadcrumb\"},\"inLanguage\":\"en-US\",\"potentialAction\":[{\"@type\":\"ReadAction\",\"target\":[\"https:\\\/\\\/www.cde.ual.es\\\/europana-nos-cuenta-quien-invento-el-pan\\\/\"]}]},{\"@type\":\"ImageObject\",\"inLanguage\":\"en-US\",\"@id\":\"https:\\\/\\\/www.cde.ual.es\\\/europana-nos-cuenta-quien-invento-el-pan\\\/#primaryimage\",\"url\":\"https:\\\/\\\/www.cde.ual.es\\\/wp-content\\\/uploads\\\/2019\\\/02\\\/Qui\u00e9n-invent\u00f3-pan.png\",\"contentUrl\":\"https:\\\/\\\/www.cde.ual.es\\\/wp-content\\\/uploads\\\/2019\\\/02\\\/Qui\u00e9n-invent\u00f3-pan.png\",\"width\":878,\"height\":475},{\"@type\":\"BreadcrumbList\",\"@id\":\"https:\\\/\\\/www.cde.ual.es\\\/europana-nos-cuenta-quien-invento-el-pan\\\/#breadcrumb\",\"itemListElement\":[{\"@type\":\"ListItem\",\"position\":1,\"name\":\"Inicio\",\"item\":\"https:\\\/\\\/www.cde.ual.es\\\/en\\\/\"},{\"@type\":\"ListItem\",\"position\":2,\"name\":\"Noticias UE\",\"item\":\"https:\\\/\\\/www.cde.ual.es\\\/category\\\/noticias-ue\\\/\"},{\"@type\":\"ListItem\",\"position\":3,\"name\":\"Europana nos cuenta qui\u00e9n invent\u00f3 el pan\"}]},{\"@type\":\"WebSite\",\"@id\":\"https:\\\/\\\/www.cde.ual.es\\\/#website\",\"url\":\"https:\\\/\\\/www.cde.ual.es\\\/\",\"name\":\"CDE Almer\u00eda - Centro de Documentaci\u00f3n Europea - Universidad de Almer\u00eda\",\"description\":\"Centro de Documentaci\u00f3n Europea de la Universidad de Almer\u00eda\",\"publisher\":{\"@id\":\"https:\\\/\\\/www.cde.ual.es\\\/#organization\"},\"alternateName\":\"CDE Almer\u00eda\",\"potentialAction\":[{\"@type\":\"SearchAction\",\"target\":{\"@type\":\"EntryPoint\",\"urlTemplate\":\"https:\\\/\\\/www.cde.ual.es\\\/?s={search_term_string}\"},\"query-input\":{\"@type\":\"PropertyValueSpecification\",\"valueRequired\":true,\"valueName\":\"search_term_string\"}}],\"inLanguage\":\"en-US\"},{\"@type\":\"Organization\",\"@id\":\"https:\\\/\\\/www.cde.ual.es\\\/#organization\",\"name\":\"Centro de Documentaci\u00f3n Europea de Almer\u00eda\",\"url\":\"https:\\\/\\\/www.cde.ual.es\\\/\",\"logo\":{\"@type\":\"ImageObject\",\"inLanguage\":\"en-US\",\"@id\":\"https:\\\/\\\/www.cde.ual.es\\\/#\\\/schema\\\/logo\\\/image\\\/\",\"url\":\"https:\\\/\\\/www.cde.ual.es\\\/wp-content\\\/uploads\\\/2025\\\/07\\\/cde-logo-3.png\",\"contentUrl\":\"https:\\\/\\\/www.cde.ual.es\\\/wp-content\\\/uploads\\\/2025\\\/07\\\/cde-logo-3.png\",\"width\":1400,\"height\":300,\"caption\":\"Centro de Documentaci\u00f3n Europea de Almer\u00eda\"},\"image\":{\"@id\":\"https:\\\/\\\/www.cde.ual.es\\\/#\\\/schema\\\/logo\\\/image\\\/\"},\"sameAs\":[\"https:\\\/\\\/www.facebook.com\\\/cdeuniversidadalmeria\\\/\",\"https:\\\/\\\/x.com\\\/cdeualmeria\",\"https:\\\/\\\/www.tiktok.com\\\/@cdealmeria\",\"https:\\\/\\\/www.instagram.com\\\/cdealmeria\\\/\",\"https:\\\/\\\/www.linkedin.com\\\/in\\\/cde-almera-812b26a9\\\/\"]},{\"@type\":\"Person\",\"@id\":\"https:\\\/\\\/www.cde.ual.es\\\/#\\\/schema\\\/person\\\/224ef08c8bcc005f319d2713ce37ee5f\",\"name\":\"AdminCDE\",\"image\":{\"@type\":\"ImageObject\",\"inLanguage\":\"en-US\",\"@id\":\"https:\\\/\\\/secure.gravatar.com\\\/avatar\\\/a72d038d371f995cd13706fac32274b7952a52e8fb0a84b5f80c85426f2a98a8?s=96&d=mm&r=g\",\"url\":\"https:\\\/\\\/secure.gravatar.com\\\/avatar\\\/a72d038d371f995cd13706fac32274b7952a52e8fb0a84b5f80c85426f2a98a8?s=96&d=mm&r=g\",\"contentUrl\":\"https:\\\/\\\/secure.gravatar.com\\\/avatar\\\/a72d038d371f995cd13706fac32274b7952a52e8fb0a84b5f80c85426f2a98a8?s=96&d=mm&r=g\",\"caption\":\"AdminCDE\"}}]}<\/script>\n<!-- \/ Yoast SEO plugin. -->","yoast_head_json":{"title":"Europana nos cuenta qui\u00e9n invent\u00f3 el pan | CDE Almer\u00eda - Centro de Documentaci\u00f3n Europea - Universidad de Almer\u00eda","robots":{"index":"index","follow":"follow","max-snippet":"max-snippet:-1","max-image-preview":"max-image-preview:large","max-video-preview":"max-video-preview:-1"},"canonical":"https:\/\/www.cde.ual.es\/europana-nos-cuenta-quien-invento-el-pan\/","og_locale":"en_US","og_type":"article","og_title":"Europana nos cuenta qui\u00e9n invent\u00f3 el pan | CDE Almer\u00eda - Centro de Documentaci\u00f3n Europea - Universidad de Almer\u00eda","og_description":"La arqueolog\u00eda puede dar una gran idea de qu\u00e9 procesos nos han convertido en los humanos que somos hoy. Al parecer, las cosas peque\u00f1as han influido enormemente en nuestra vida contempor\u00e1nea, y tal vez la m\u00e1s importante es la invenci\u00f3n de la cocina. Richard Wrangham, profesor de antropolog\u00eda biol\u00f3gica, en su libro Catching Fire: How [&hellip;]","og_url":"https:\/\/www.cde.ual.es\/europana-nos-cuenta-quien-invento-el-pan\/","og_site_name":"CDE Almer\u00eda - Centro de Documentaci\u00f3n Europea - Universidad de Almer\u00eda","article_publisher":"https:\/\/www.facebook.com\/cdeuniversidadalmeria\/","article_published_time":"2019-02-18T07:00:53+00:00","article_modified_time":"2019-02-18T08:05:50+00:00","og_image":[{"width":878,"height":475,"url":"https:\/\/www.cde.ual.es\/wp-content\/uploads\/2019\/02\/Qui\u00e9n-invent\u00f3-pan.png","type":"image\/png"}],"author":"AdminCDE","twitter_card":"summary_large_image","twitter_creator":"@cdeualmeria","twitter_site":"@cdeualmeria","twitter_misc":{"Written by":"AdminCDE","Est. reading time":"2 minutes"},"schema":{"@context":"https:\/\/schema.org","@graph":[{"@type":"Article","@id":"https:\/\/www.cde.ual.es\/europana-nos-cuenta-quien-invento-el-pan\/#article","isPartOf":{"@id":"https:\/\/www.cde.ual.es\/europana-nos-cuenta-quien-invento-el-pan\/"},"author":{"name":"AdminCDE","@id":"https:\/\/www.cde.ual.es\/#\/schema\/person\/224ef08c8bcc005f319d2713ce37ee5f"},"headline":"Europana nos cuenta qui\u00e9n invent\u00f3 el pan","datePublished":"2019-02-18T07:00:53+00:00","dateModified":"2019-02-18T08:05:50+00:00","mainEntityOfPage":{"@id":"https:\/\/www.cde.ual.es\/europana-nos-cuenta-quien-invento-el-pan\/"},"wordCount":476,"commentCount":0,"publisher":{"@id":"https:\/\/www.cde.ual.es\/#organization"},"image":{"@id":"https:\/\/www.cde.ual.es\/europana-nos-cuenta-quien-invento-el-pan\/#primaryimage"},"thumbnailUrl":"https:\/\/www.cde.ual.es\/wp-content\/uploads\/2019\/02\/Qui\u00e9n-invent\u00f3-pan.png","keywords":["Cultura y Educaci\u00f3n","Patrimonio Cultural"],"articleSection":["Noticias UE"],"inLanguage":"en-US","potentialAction":[{"@type":"CommentAction","name":"Comment","target":["https:\/\/www.cde.ual.es\/europana-nos-cuenta-quien-invento-el-pan\/#respond"]}]},{"@type":"WebPage","@id":"https:\/\/www.cde.ual.es\/europana-nos-cuenta-quien-invento-el-pan\/","url":"https:\/\/www.cde.ual.es\/europana-nos-cuenta-quien-invento-el-pan\/","name":"Europana nos cuenta qui\u00e9n invent\u00f3 el pan | CDE Almer\u00eda - Centro de Documentaci\u00f3n Europea - Universidad de Almer\u00eda","isPartOf":{"@id":"https:\/\/www.cde.ual.es\/#website"},"primaryImageOfPage":{"@id":"https:\/\/www.cde.ual.es\/europana-nos-cuenta-quien-invento-el-pan\/#primaryimage"},"image":{"@id":"https:\/\/www.cde.ual.es\/europana-nos-cuenta-quien-invento-el-pan\/#primaryimage"},"thumbnailUrl":"https:\/\/www.cde.ual.es\/wp-content\/uploads\/2019\/02\/Qui\u00e9n-invent\u00f3-pan.png","datePublished":"2019-02-18T07:00:53+00:00","dateModified":"2019-02-18T08:05:50+00:00","breadcrumb":{"@id":"https:\/\/www.cde.ual.es\/europana-nos-cuenta-quien-invento-el-pan\/#breadcrumb"},"inLanguage":"en-US","potentialAction":[{"@type":"ReadAction","target":["https:\/\/www.cde.ual.es\/europana-nos-cuenta-quien-invento-el-pan\/"]}]},{"@type":"ImageObject","inLanguage":"en-US","@id":"https:\/\/www.cde.ual.es\/europana-nos-cuenta-quien-invento-el-pan\/#primaryimage","url":"https:\/\/www.cde.ual.es\/wp-content\/uploads\/2019\/02\/Qui\u00e9n-invent\u00f3-pan.png","contentUrl":"https:\/\/www.cde.ual.es\/wp-content\/uploads\/2019\/02\/Qui\u00e9n-invent\u00f3-pan.png","width":878,"height":475},{"@type":"BreadcrumbList","@id":"https:\/\/www.cde.ual.es\/europana-nos-cuenta-quien-invento-el-pan\/#breadcrumb","itemListElement":[{"@type":"ListItem","position":1,"name":"Inicio","item":"https:\/\/www.cde.ual.es\/en\/"},{"@type":"ListItem","position":2,"name":"Noticias UE","item":"https:\/\/www.cde.ual.es\/category\/noticias-ue\/"},{"@type":"ListItem","position":3,"name":"Europana nos cuenta qui\u00e9n invent\u00f3 el pan"}]},{"@type":"WebSite","@id":"https:\/\/www.cde.ual.es\/#website","url":"https:\/\/www.cde.ual.es\/","name":"CDE Almer\u00eda - Centro de Documentaci\u00f3n Europea - Universidad de Almer\u00eda","description":"Centro de Documentaci\u00f3n Europea de la Universidad de Almer\u00eda","publisher":{"@id":"https:\/\/www.cde.ual.es\/#organization"},"alternateName":"CDE Almer\u00eda","potentialAction":[{"@type":"SearchAction","target":{"@type":"EntryPoint","urlTemplate":"https:\/\/www.cde.ual.es\/?s={search_term_string}"},"query-input":{"@type":"PropertyValueSpecification","valueRequired":true,"valueName":"search_term_string"}}],"inLanguage":"en-US"},{"@type":"Organization","@id":"https:\/\/www.cde.ual.es\/#organization","name":"Centro de Documentaci\u00f3n Europea de Almer\u00eda","url":"https:\/\/www.cde.ual.es\/","logo":{"@type":"ImageObject","inLanguage":"en-US","@id":"https:\/\/www.cde.ual.es\/#\/schema\/logo\/image\/","url":"https:\/\/www.cde.ual.es\/wp-content\/uploads\/2025\/07\/cde-logo-3.png","contentUrl":"https:\/\/www.cde.ual.es\/wp-content\/uploads\/2025\/07\/cde-logo-3.png","width":1400,"height":300,"caption":"Centro de Documentaci\u00f3n Europea de Almer\u00eda"},"image":{"@id":"https:\/\/www.cde.ual.es\/#\/schema\/logo\/image\/"},"sameAs":["https:\/\/www.facebook.com\/cdeuniversidadalmeria\/","https:\/\/x.com\/cdeualmeria","https:\/\/www.tiktok.com\/@cdealmeria","https:\/\/www.instagram.com\/cdealmeria\/","https:\/\/www.linkedin.com\/in\/cde-almera-812b26a9\/"]},{"@type":"Person","@id":"https:\/\/www.cde.ual.es\/#\/schema\/person\/224ef08c8bcc005f319d2713ce37ee5f","name":"AdminCDE","image":{"@type":"ImageObject","inLanguage":"en-US","@id":"https:\/\/secure.gravatar.com\/avatar\/a72d038d371f995cd13706fac32274b7952a52e8fb0a84b5f80c85426f2a98a8?s=96&d=mm&r=g","url":"https:\/\/secure.gravatar.com\/avatar\/a72d038d371f995cd13706fac32274b7952a52e8fb0a84b5f80c85426f2a98a8?s=96&d=mm&r=g","contentUrl":"https:\/\/secure.gravatar.com\/avatar\/a72d038d371f995cd13706fac32274b7952a52e8fb0a84b5f80c85426f2a98a8?s=96&d=mm&r=g","caption":"AdminCDE"}}]}},"_links":{"self":[{"href":"https:\/\/www.cde.ual.es\/en\/wp-json\/wp\/v2\/posts\/13056","targetHints":{"allow":["GET"]}}],"collection":[{"href":"https:\/\/www.cde.ual.es\/en\/wp-json\/wp\/v2\/posts"}],"about":[{"href":"https:\/\/www.cde.ual.es\/en\/wp-json\/wp\/v2\/types\/post"}],"author":[{"embeddable":true,"href":"https:\/\/www.cde.ual.es\/en\/wp-json\/wp\/v2\/users\/1"}],"replies":[{"embeddable":true,"href":"https:\/\/www.cde.ual.es\/en\/wp-json\/wp\/v2\/comments?post=13056"}],"version-history":[{"count":0,"href":"https:\/\/www.cde.ual.es\/en\/wp-json\/wp\/v2\/posts\/13056\/revisions"}],"wp:featuredmedia":[{"embeddable":true,"href":"https:\/\/www.cde.ual.es\/en\/wp-json\/wp\/v2\/media\/13057"}],"wp:attachment":[{"href":"https:\/\/www.cde.ual.es\/en\/wp-json\/wp\/v2\/media?parent=13056"}],"wp:term":[{"taxonomy":"category","embeddable":true,"href":"https:\/\/www.cde.ual.es\/en\/wp-json\/wp\/v2\/categories?post=13056"},{"taxonomy":"post_tag","embeddable":true,"href":"https:\/\/www.cde.ual.es\/en\/wp-json\/wp\/v2\/tags?post=13056"}],"curies":[{"name":"wp","href":"https:\/\/api.w.org\/{rel}","templated":true}]}}