{"id":129725,"date":"2023-02-22T03:00:41","date_gmt":"2023-02-22T02:00:41","guid":{"rendered":"https:\/\/www.cde.ual.es\/?p=129725"},"modified":"2023-02-21T13:02:27","modified_gmt":"2023-02-21T12:02:27","slug":"assistant-professor-position-in-critical-race-studies-gender-decolonial-methods","status":"publish","type":"post","link":"https:\/\/www.cde.ual.es\/en\/assistant-professor-position-in-critical-race-studies-gender-decolonial-methods\/","title":{"rendered":"Assistant Professor Position in Critical Race Studies, Gender &#038; Decolonial Methods"},"content":{"rendered":"<h3><a href=\"https:\/\/www.cde.ual.es\/wp-content\/uploads\/2023\/01\/pexels-fauxels-3184328-1.jpg\"><img decoding=\"async\" class=\" wp-image-129729 aligncenter\" src=\"https:\/\/www.cde.ual.es\/wp-content\/uploads\/2023\/01\/pexels-fauxels-3184328-1.jpg\" alt=\"profesor ense\u00f1ando a sus alumnos\" width=\"500\" height=\"334\" srcset=\"https:\/\/www.cde.ual.es\/wp-content\/uploads\/2023\/01\/pexels-fauxels-3184328-1.jpg 1920w, https:\/\/www.cde.ual.es\/wp-content\/uploads\/2023\/01\/pexels-fauxels-3184328-1-300x200.jpg 300w, https:\/\/www.cde.ual.es\/wp-content\/uploads\/2023\/01\/pexels-fauxels-3184328-1-1024x683.jpg 1024w, https:\/\/www.cde.ual.es\/wp-content\/uploads\/2023\/01\/pexels-fauxels-3184328-1-768x512.jpg 768w, https:\/\/www.cde.ual.es\/wp-content\/uploads\/2023\/01\/pexels-fauxels-3184328-1-1536x1025.jpg 1536w\" sizes=\"(max-width: 500px) 100vw, 500px\" \/><\/a><\/h3>\n<h3 style=\"text-align: justify;\">Offer Description<\/h3>\n<p style=\"text-align: justify;\">This vacancy is part of a broad recruitment campaign. Utrecht University&#8217;s Faculty of Humanities is looking for more than 40 talented and passionate assistant professors. Based on their subject matter expertise, they will contribute to strengthening our interdisciplinary education and its connection with urgent social themes.<\/p>\n<p style=\"text-align: justify;\">They are looking for colleagues who find it interesting and challenging to teach and conduct research within more than one disciplinary and institutional context. Such a cross-boundary perspective is most successful and satisfying when working from a specialisation. They are therefore looking for colleagues who unite a subject specialisation with a discipline-transcending perspective and who can give shape to multi-, inter- or transdisciplinary team teaching and team science from a specific subject expertise within and between the broad domains of Philosophy and Religious Studies, History and Art History, Media and Cultural Studies, and Languages, Literature and Communication (or who want to develop further in this).<\/p>\n<p style=\"text-align: justify;\">They are looking for a new colleague specializing in decolonial feminist critique, specifically in the context of cultural heritage, curating, visual culture, memory studies, and citizenship to contribute, conceptually and methodologically, to decolonial research approaches and practices.<\/p>\n<p style=\"text-align: justify;\">The candidate provides an innovative take on issues of social justice, emancipation, equality, and diversity and inclusion, offering more relational approaches of inquiry. They invite applications from scholars with broader research and teaching expertise in critical race studies, postcolonialism, Global South\/Global North perspectives, gender studies, and familiar with participatory and community-based or other creative\/qualitative research methodologies with a background in postcolonial or gender studies, or adjacent fields. A successful candidate will also contribute to interdisciplinary collaboration within the Faculty of Humanities and beyond.<\/p>\n<h3 style=\"text-align: justify;\">Requirements<\/h3>\n<p style=\"text-align: justify;\">They are looking for a colleague who:<\/p>\n<ul style=\"text-align: justify;\">\n<li>has teaching and research expertise in the domain of critical race studies, gender and decolonial methods;<\/li>\n<li>holds a completed PhD in postcolonial or gender studies, or adjacent fields;<\/li>\n<li>has a vision on, and perhaps experience with, ways to link that domain in teaching and\/or research with other knowledge domains, based on an articulated teaching and research philosophy (multi-, inter-, or transdisciplinarity);<\/li>\n<li>has an open attitude and are able to switch easily within multidisciplinary and interprofessional teams;<\/li>\n<li>is interested in team teaching and team science to address social issues;<\/li>\n<li>has experience or interest in computational and\/or data-driven perspectives on the field of this position. This will be considered an advantage.<\/li>\n<\/ul>\n<p style=\"text-align: justify;\">Candidates are expected to be able to teach in Dutch and English. International candidates will be helped to acquire Dutch language skills in the first two years of their appointment.<\/p>\n<h3 style=\"text-align: justify;\">Benefits<\/h3>\n<p style=\"text-align: justify;\">They offer a temporary position (1.0 FTE) for one year in an international working environment. After positive evaluation, this can be turned into a permanent position. The allocation is permanently set to 40% research and 60% teaching. Within the 60% for teaching, there is 10% free space that will not be scheduled. The gross salary &#8211; depending on previous qualifications and experience &#8211; ranges between \u20ac3,974 and \u20ac6,181 (scale 11-12 according to the Collective Labour Agreement Dutch Universities) per month for a full-time employment. Salaries are supplemented with a holiday bonus of 8% and a year-end bonus of 8.3% per year.<\/p>\n<h3 style=\"text-align: justify;\">Organisation<\/h3>\n<p class=\"LC20lb MBeuO DKV0Md\" style=\"text-align: justify;\">Utrecht University<\/p>\n<h3 style=\"text-align: justify;\">Location<\/h3>\n<div style=\"text-align: justify;\">Netherlands<\/div>\n<h3 style=\"text-align: justify;\">Research field<\/h3>\n<div style=\"text-align: justify;\">Language sciences<\/div>\n<h3 style=\"text-align: justify;\">Deadline<\/h3>\n<p style=\"text-align: justify;\">27th February 2023<\/p>\n<h3 style=\"text-align: justify;\">More information<\/h3>\n<p style=\"text-align: justify;\"><a href=\"https:\/\/euraxess.ec.europa.eu\/jobs\/64980\" target=\"_blank\" rel=\"noopener\">Euraxess<\/a><\/p>\n","protected":false},"excerpt":{"rendered":"<p>Offer Description This vacancy is part of a broad recruitment campaign. Utrecht University&#8217;s Faculty of Humanities is looking for more than 40 talented and passionate assistant professors. Based on their subject matter expertise, they will contribute to strengthening our interdisciplinary education and its connection with urgent social themes. They are looking for colleagues who find [&hellip;]<\/p>\n","protected":false},"author":101011,"featured_media":129729,"comment_status":"open","ping_status":"open","sticky":false,"template":"","format":"standard","meta":{"_acf_changed":false,"_relevanssi_hide_post":"","_relevanssi_hide_content":"","_relevanssi_pin_for_all":"","_relevanssi_pin_keywords":"","_relevanssi_unpin_keywords":"","_relevanssi_related_keywords":"","_relevanssi_related_include_ids":"","_relevanssi_related_exclude_ids":"","_relevanssi_related_no_append":"","_relevanssi_related_not_related":"","_relevanssi_related_posts":"","_relevanssi_noindex_reason":"","_monsterinsights_skip_tracking":false,"_monsterinsights_sitenote_active":false,"_monsterinsights_sitenote_note":"","_monsterinsights_sitenote_category":0,"_genesis_hide_title":false,"_genesis_hide_breadcrumbs":false,"_genesis_hide_singular_image":false,"_genesis_hide_footer_widgets":false,"_genesis_custom_body_class":"","_genesis_custom_post_class":"","_genesis_layout":"","footnotes":""},"categories":[366,4043,4047],"tags":[8436,848,453,2031,8435],"class_list":{"0":"post-129725","1":"post","2":"type-post","3":"status-publish","4":"format-standard","5":"has-post-thumbnail","7":"category-eu-calls-and-awards","8":"category-euraxess-en","9":"category-social-and-legal-sciences","10":"tag-decolonial","11":"tag-euraxess-en","12":"tag-gender","13":"tag-professor","14":"tag-race","15":"entry"},"acf":[],"yoast_head":"<!-- This site is optimized with the Yoast SEO plugin v27.4 - https:\/\/yoast.com\/product\/yoast-seo-wordpress\/ -->\n<title>Assistant Professor Position in Critical Race Studies, Gender &amp; Decolonial Methods | CDE Almer\u00eda - Centro de Documentaci\u00f3n Europea - Universidad de Almer\u00eda<\/title>\n<meta name=\"robots\" content=\"index, follow, max-snippet:-1, max-image-preview:large, max-video-preview:-1\" \/>\n<link rel=\"canonical\" href=\"https:\/\/www.cde.ual.es\/?p=129733\" \/>\n<meta property=\"og:locale\" content=\"en_US\" \/>\n<meta property=\"og:type\" content=\"article\" \/>\n<meta property=\"og:title\" content=\"Assistant Professor Position in Critical Race Studies, Gender &amp; Decolonial Methods | CDE Almer\u00eda - Centro de Documentaci\u00f3n Europea - Universidad de Almer\u00eda\" \/>\n<meta property=\"og:description\" content=\"Offer Description This vacancy is part of a broad recruitment campaign. Utrecht University&#8217;s Faculty of Humanities is looking for more than 40 talented and passionate assistant professors. Based on their subject matter expertise, they will contribute to strengthening our interdisciplinary education and its connection with urgent social themes. They are looking for colleagues who find [&hellip;]\" \/>\n<meta property=\"og:url\" content=\"https:\/\/www.cde.ual.es\/?p=129733\" \/>\n<meta property=\"og:site_name\" content=\"CDE Almer\u00eda - Centro de Documentaci\u00f3n Europea - Universidad de Almer\u00eda\" \/>\n<meta property=\"article:publisher\" content=\"https:\/\/www.facebook.com\/cdeuniversidadalmeria\/\" \/>\n<meta property=\"article:published_time\" content=\"2023-02-22T02:00:41+00:00\" \/>\n<meta property=\"og:image\" content=\"https:\/\/www.cde.ual.es\/wp-content\/uploads\/2023\/01\/pexels-fauxels-3184328-1.jpg\" \/>\n\t<meta property=\"og:image:width\" content=\"1920\" \/>\n\t<meta property=\"og:image:height\" content=\"1281\" \/>\n\t<meta property=\"og:image:type\" content=\"image\/jpeg\" \/>\n<meta name=\"author\" content=\"BECA 2 CDE\" \/>\n<meta name=\"twitter:card\" content=\"summary_large_image\" \/>\n<meta name=\"twitter:creator\" content=\"@cdeualmeria\" \/>\n<meta name=\"twitter:site\" content=\"@cdeualmeria\" \/>\n<meta name=\"twitter:label1\" content=\"Written by\" \/>\n\t<meta name=\"twitter:data1\" content=\"BECA 2 CDE\" \/>\n\t<meta name=\"twitter:label2\" content=\"Est. reading time\" \/>\n\t<meta name=\"twitter:data2\" content=\"3 minutes\" \/>\n<script type=\"application\/ld+json\" class=\"yoast-schema-graph\">{\"@context\":\"https:\\\/\\\/schema.org\",\"@graph\":[{\"@type\":\"Article\",\"@id\":\"https:\\\/\\\/www.cde.ual.es\\\/?p=129733#article\",\"isPartOf\":{\"@id\":\"https:\\\/\\\/www.cde.ual.es\\\/?p=129733\"},\"author\":{\"name\":\"BECA 2 CDE\",\"@id\":\"https:\\\/\\\/www.cde.ual.es\\\/#\\\/schema\\\/person\\\/ee46ebc19edfa19598c02cff83335acc\"},\"headline\":\"Assistant Professor Position in Critical Race Studies, Gender &#038; Decolonial Methods\",\"datePublished\":\"2023-02-22T02:00:41+00:00\",\"mainEntityOfPage\":{\"@id\":\"https:\\\/\\\/www.cde.ual.es\\\/?p=129733\"},\"wordCount\":542,\"commentCount\":0,\"publisher\":{\"@id\":\"https:\\\/\\\/www.cde.ual.es\\\/#organization\"},\"image\":{\"@id\":\"https:\\\/\\\/www.cde.ual.es\\\/?p=129733#primaryimage\"},\"thumbnailUrl\":\"https:\\\/\\\/www.cde.ual.es\\\/wp-content\\\/uploads\\\/2023\\\/01\\\/pexels-fauxels-3184328-1.jpg\",\"keywords\":[\"Decolonial\",\"Euraxess\",\"Gender\",\"professor\",\"Race\"],\"articleSection\":[\"EU Calls and Awards\",\"Euraxess\",\"Social and Legal Sciences\"],\"inLanguage\":\"en-US\",\"potentialAction\":[{\"@type\":\"CommentAction\",\"name\":\"Comment\",\"target\":[\"https:\\\/\\\/www.cde.ual.es\\\/?p=129733#respond\"]}]},{\"@type\":\"WebPage\",\"@id\":\"https:\\\/\\\/www.cde.ual.es\\\/?p=129733\",\"url\":\"https:\\\/\\\/www.cde.ual.es\\\/?p=129733\",\"name\":\"Assistant Professor Position in Critical Race Studies, Gender & Decolonial Methods | CDE Almer\u00eda - Centro de Documentaci\u00f3n Europea - Universidad de Almer\u00eda\",\"isPartOf\":{\"@id\":\"https:\\\/\\\/www.cde.ual.es\\\/#website\"},\"primaryImageOfPage\":{\"@id\":\"https:\\\/\\\/www.cde.ual.es\\\/?p=129733#primaryimage\"},\"image\":{\"@id\":\"https:\\\/\\\/www.cde.ual.es\\\/?p=129733#primaryimage\"},\"thumbnailUrl\":\"https:\\\/\\\/www.cde.ual.es\\\/wp-content\\\/uploads\\\/2023\\\/01\\\/pexels-fauxels-3184328-1.jpg\",\"datePublished\":\"2023-02-22T02:00:41+00:00\",\"breadcrumb\":{\"@id\":\"https:\\\/\\\/www.cde.ual.es\\\/?p=129733#breadcrumb\"},\"inLanguage\":\"en-US\",\"potentialAction\":[{\"@type\":\"ReadAction\",\"target\":[\"https:\\\/\\\/www.cde.ual.es\\\/?p=129733\"]}]},{\"@type\":\"ImageObject\",\"inLanguage\":\"en-US\",\"@id\":\"https:\\\/\\\/www.cde.ual.es\\\/?p=129733#primaryimage\",\"url\":\"https:\\\/\\\/www.cde.ual.es\\\/wp-content\\\/uploads\\\/2023\\\/01\\\/pexels-fauxels-3184328-1.jpg\",\"contentUrl\":\"https:\\\/\\\/www.cde.ual.es\\\/wp-content\\\/uploads\\\/2023\\\/01\\\/pexels-fauxels-3184328-1.jpg\",\"width\":1920,\"height\":1281,\"caption\":\"profesor ense\u00f1ando a sus alumnos\"},{\"@type\":\"BreadcrumbList\",\"@id\":\"https:\\\/\\\/www.cde.ual.es\\\/?p=129733#breadcrumb\",\"itemListElement\":[{\"@type\":\"ListItem\",\"position\":1,\"name\":\"Inicio\",\"item\":\"https:\\\/\\\/www.cde.ual.es\\\/en\\\/\"},{\"@type\":\"ListItem\",\"position\":2,\"name\":\"Convocatorias y Premios UE\",\"item\":\"https:\\\/\\\/www.cde.ual.es\\\/category\\\/convocatorias-y-premios-ue\\\/\"},{\"@type\":\"ListItem\",\"position\":3,\"name\":\"Euraxess\",\"item\":\"https:\\\/\\\/www.cde.ual.es\\\/category\\\/convocatorias-y-premios-ue\\\/euraxess\\\/\"},{\"@type\":\"ListItem\",\"position\":4,\"name\":\"Social and Legal Sciences\",\"item\":\"https:\\\/\\\/www.cde.ual.es\\\/en\\\/category\\\/eu-calls-and-awards\\\/euraxess-en\\\/social-and-legal-sciences\\\/\"},{\"@type\":\"ListItem\",\"position\":5,\"name\":\"Assistant Professor Position in Critical Race Studies, Gender &#038; Decolonial Methods\"}]},{\"@type\":\"WebSite\",\"@id\":\"https:\\\/\\\/www.cde.ual.es\\\/#website\",\"url\":\"https:\\\/\\\/www.cde.ual.es\\\/\",\"name\":\"CDE Almer\u00eda - Centro de Documentaci\u00f3n Europea - Universidad de Almer\u00eda\",\"description\":\"Centro de Documentaci\u00f3n Europea de la Universidad de Almer\u00eda\",\"publisher\":{\"@id\":\"https:\\\/\\\/www.cde.ual.es\\\/#organization\"},\"alternateName\":\"CDE Almer\u00eda\",\"potentialAction\":[{\"@type\":\"SearchAction\",\"target\":{\"@type\":\"EntryPoint\",\"urlTemplate\":\"https:\\\/\\\/www.cde.ual.es\\\/?s={search_term_string}\"},\"query-input\":{\"@type\":\"PropertyValueSpecification\",\"valueRequired\":true,\"valueName\":\"search_term_string\"}}],\"inLanguage\":\"en-US\"},{\"@type\":\"Organization\",\"@id\":\"https:\\\/\\\/www.cde.ual.es\\\/#organization\",\"name\":\"Centro de Documentaci\u00f3n Europea de Almer\u00eda\",\"url\":\"https:\\\/\\\/www.cde.ual.es\\\/\",\"logo\":{\"@type\":\"ImageObject\",\"inLanguage\":\"en-US\",\"@id\":\"https:\\\/\\\/www.cde.ual.es\\\/#\\\/schema\\\/logo\\\/image\\\/\",\"url\":\"https:\\\/\\\/www.cde.ual.es\\\/wp-content\\\/uploads\\\/2025\\\/07\\\/cde-logo-3.png\",\"contentUrl\":\"https:\\\/\\\/www.cde.ual.es\\\/wp-content\\\/uploads\\\/2025\\\/07\\\/cde-logo-3.png\",\"width\":1400,\"height\":300,\"caption\":\"Centro de Documentaci\u00f3n Europea de Almer\u00eda\"},\"image\":{\"@id\":\"https:\\\/\\\/www.cde.ual.es\\\/#\\\/schema\\\/logo\\\/image\\\/\"},\"sameAs\":[\"https:\\\/\\\/www.facebook.com\\\/cdeuniversidadalmeria\\\/\",\"https:\\\/\\\/x.com\\\/cdeualmeria\",\"https:\\\/\\\/www.tiktok.com\\\/@cdealmeria\",\"https:\\\/\\\/www.instagram.com\\\/cdealmeria\\\/\",\"https:\\\/\\\/www.linkedin.com\\\/in\\\/cde-almera-812b26a9\\\/\"]},{\"@type\":\"Person\",\"@id\":\"https:\\\/\\\/www.cde.ual.es\\\/#\\\/schema\\\/person\\\/ee46ebc19edfa19598c02cff83335acc\",\"name\":\"BECA 2 CDE\",\"image\":{\"@type\":\"ImageObject\",\"inLanguage\":\"en-US\",\"@id\":\"https:\\\/\\\/secure.gravatar.com\\\/avatar\\\/35a481bbc04bbd90e91bdfa3b0b5541036c222a49b9ad37b6889a2afcb5311a5?s=96&d=mm&r=g\",\"url\":\"https:\\\/\\\/secure.gravatar.com\\\/avatar\\\/35a481bbc04bbd90e91bdfa3b0b5541036c222a49b9ad37b6889a2afcb5311a5?s=96&d=mm&r=g\",\"contentUrl\":\"https:\\\/\\\/secure.gravatar.com\\\/avatar\\\/35a481bbc04bbd90e91bdfa3b0b5541036c222a49b9ad37b6889a2afcb5311a5?s=96&d=mm&r=g\",\"caption\":\"BECA 2 CDE\"},\"sameAs\":[\"http:\\\/\\\/www.cdealmeria.com\"]}]}<\/script>\n<!-- \/ Yoast SEO plugin. -->","yoast_head_json":{"title":"Assistant Professor Position in Critical Race Studies, Gender & Decolonial Methods | CDE Almer\u00eda - Centro de Documentaci\u00f3n Europea - Universidad de Almer\u00eda","robots":{"index":"index","follow":"follow","max-snippet":"max-snippet:-1","max-image-preview":"max-image-preview:large","max-video-preview":"max-video-preview:-1"},"canonical":"https:\/\/www.cde.ual.es\/?p=129733","og_locale":"en_US","og_type":"article","og_title":"Assistant Professor Position in Critical Race Studies, Gender & Decolonial Methods | CDE Almer\u00eda - Centro de Documentaci\u00f3n Europea - Universidad de Almer\u00eda","og_description":"Offer Description This vacancy is part of a broad recruitment campaign. Utrecht University&#8217;s Faculty of Humanities is looking for more than 40 talented and passionate assistant professors. Based on their subject matter expertise, they will contribute to strengthening our interdisciplinary education and its connection with urgent social themes. They are looking for colleagues who find [&hellip;]","og_url":"https:\/\/www.cde.ual.es\/?p=129733","og_site_name":"CDE Almer\u00eda - Centro de Documentaci\u00f3n Europea - Universidad de Almer\u00eda","article_publisher":"https:\/\/www.facebook.com\/cdeuniversidadalmeria\/","article_published_time":"2023-02-22T02:00:41+00:00","og_image":[{"width":1920,"height":1281,"url":"https:\/\/www.cde.ual.es\/wp-content\/uploads\/2023\/01\/pexels-fauxels-3184328-1.jpg","type":"image\/jpeg"}],"author":"BECA 2 CDE","twitter_card":"summary_large_image","twitter_creator":"@cdeualmeria","twitter_site":"@cdeualmeria","twitter_misc":{"Written by":"BECA 2 CDE","Est. reading time":"3 minutes"},"schema":{"@context":"https:\/\/schema.org","@graph":[{"@type":"Article","@id":"https:\/\/www.cde.ual.es\/?p=129733#article","isPartOf":{"@id":"https:\/\/www.cde.ual.es\/?p=129733"},"author":{"name":"BECA 2 CDE","@id":"https:\/\/www.cde.ual.es\/#\/schema\/person\/ee46ebc19edfa19598c02cff83335acc"},"headline":"Assistant Professor Position in Critical Race Studies, Gender &#038; Decolonial Methods","datePublished":"2023-02-22T02:00:41+00:00","mainEntityOfPage":{"@id":"https:\/\/www.cde.ual.es\/?p=129733"},"wordCount":542,"commentCount":0,"publisher":{"@id":"https:\/\/www.cde.ual.es\/#organization"},"image":{"@id":"https:\/\/www.cde.ual.es\/?p=129733#primaryimage"},"thumbnailUrl":"https:\/\/www.cde.ual.es\/wp-content\/uploads\/2023\/01\/pexels-fauxels-3184328-1.jpg","keywords":["Decolonial","Euraxess","Gender","professor","Race"],"articleSection":["EU Calls and Awards","Euraxess","Social and Legal Sciences"],"inLanguage":"en-US","potentialAction":[{"@type":"CommentAction","name":"Comment","target":["https:\/\/www.cde.ual.es\/?p=129733#respond"]}]},{"@type":"WebPage","@id":"https:\/\/www.cde.ual.es\/?p=129733","url":"https:\/\/www.cde.ual.es\/?p=129733","name":"Assistant Professor Position in Critical Race Studies, Gender & Decolonial Methods | CDE Almer\u00eda - Centro de Documentaci\u00f3n Europea - Universidad de Almer\u00eda","isPartOf":{"@id":"https:\/\/www.cde.ual.es\/#website"},"primaryImageOfPage":{"@id":"https:\/\/www.cde.ual.es\/?p=129733#primaryimage"},"image":{"@id":"https:\/\/www.cde.ual.es\/?p=129733#primaryimage"},"thumbnailUrl":"https:\/\/www.cde.ual.es\/wp-content\/uploads\/2023\/01\/pexels-fauxels-3184328-1.jpg","datePublished":"2023-02-22T02:00:41+00:00","breadcrumb":{"@id":"https:\/\/www.cde.ual.es\/?p=129733#breadcrumb"},"inLanguage":"en-US","potentialAction":[{"@type":"ReadAction","target":["https:\/\/www.cde.ual.es\/?p=129733"]}]},{"@type":"ImageObject","inLanguage":"en-US","@id":"https:\/\/www.cde.ual.es\/?p=129733#primaryimage","url":"https:\/\/www.cde.ual.es\/wp-content\/uploads\/2023\/01\/pexels-fauxels-3184328-1.jpg","contentUrl":"https:\/\/www.cde.ual.es\/wp-content\/uploads\/2023\/01\/pexels-fauxels-3184328-1.jpg","width":1920,"height":1281,"caption":"profesor ense\u00f1ando a sus alumnos"},{"@type":"BreadcrumbList","@id":"https:\/\/www.cde.ual.es\/?p=129733#breadcrumb","itemListElement":[{"@type":"ListItem","position":1,"name":"Inicio","item":"https:\/\/www.cde.ual.es\/en\/"},{"@type":"ListItem","position":2,"name":"Convocatorias y Premios UE","item":"https:\/\/www.cde.ual.es\/category\/convocatorias-y-premios-ue\/"},{"@type":"ListItem","position":3,"name":"Euraxess","item":"https:\/\/www.cde.ual.es\/category\/convocatorias-y-premios-ue\/euraxess\/"},{"@type":"ListItem","position":4,"name":"Social and Legal Sciences","item":"https:\/\/www.cde.ual.es\/en\/category\/eu-calls-and-awards\/euraxess-en\/social-and-legal-sciences\/"},{"@type":"ListItem","position":5,"name":"Assistant Professor Position in Critical Race Studies, Gender &#038; Decolonial Methods"}]},{"@type":"WebSite","@id":"https:\/\/www.cde.ual.es\/#website","url":"https:\/\/www.cde.ual.es\/","name":"CDE Almer\u00eda - Centro de Documentaci\u00f3n Europea - Universidad de Almer\u00eda","description":"Centro de Documentaci\u00f3n Europea de la Universidad de Almer\u00eda","publisher":{"@id":"https:\/\/www.cde.ual.es\/#organization"},"alternateName":"CDE Almer\u00eda","potentialAction":[{"@type":"SearchAction","target":{"@type":"EntryPoint","urlTemplate":"https:\/\/www.cde.ual.es\/?s={search_term_string}"},"query-input":{"@type":"PropertyValueSpecification","valueRequired":true,"valueName":"search_term_string"}}],"inLanguage":"en-US"},{"@type":"Organization","@id":"https:\/\/www.cde.ual.es\/#organization","name":"Centro de Documentaci\u00f3n Europea de Almer\u00eda","url":"https:\/\/www.cde.ual.es\/","logo":{"@type":"ImageObject","inLanguage":"en-US","@id":"https:\/\/www.cde.ual.es\/#\/schema\/logo\/image\/","url":"https:\/\/www.cde.ual.es\/wp-content\/uploads\/2025\/07\/cde-logo-3.png","contentUrl":"https:\/\/www.cde.ual.es\/wp-content\/uploads\/2025\/07\/cde-logo-3.png","width":1400,"height":300,"caption":"Centro de Documentaci\u00f3n Europea de Almer\u00eda"},"image":{"@id":"https:\/\/www.cde.ual.es\/#\/schema\/logo\/image\/"},"sameAs":["https:\/\/www.facebook.com\/cdeuniversidadalmeria\/","https:\/\/x.com\/cdeualmeria","https:\/\/www.tiktok.com\/@cdealmeria","https:\/\/www.instagram.com\/cdealmeria\/","https:\/\/www.linkedin.com\/in\/cde-almera-812b26a9\/"]},{"@type":"Person","@id":"https:\/\/www.cde.ual.es\/#\/schema\/person\/ee46ebc19edfa19598c02cff83335acc","name":"BECA 2 CDE","image":{"@type":"ImageObject","inLanguage":"en-US","@id":"https:\/\/secure.gravatar.com\/avatar\/35a481bbc04bbd90e91bdfa3b0b5541036c222a49b9ad37b6889a2afcb5311a5?s=96&d=mm&r=g","url":"https:\/\/secure.gravatar.com\/avatar\/35a481bbc04bbd90e91bdfa3b0b5541036c222a49b9ad37b6889a2afcb5311a5?s=96&d=mm&r=g","contentUrl":"https:\/\/secure.gravatar.com\/avatar\/35a481bbc04bbd90e91bdfa3b0b5541036c222a49b9ad37b6889a2afcb5311a5?s=96&d=mm&r=g","caption":"BECA 2 CDE"},"sameAs":["http:\/\/www.cdealmeria.com"]}]}},"_links":{"self":[{"href":"https:\/\/www.cde.ual.es\/en\/wp-json\/wp\/v2\/posts\/129725","targetHints":{"allow":["GET"]}}],"collection":[{"href":"https:\/\/www.cde.ual.es\/en\/wp-json\/wp\/v2\/posts"}],"about":[{"href":"https:\/\/www.cde.ual.es\/en\/wp-json\/wp\/v2\/types\/post"}],"author":[{"embeddable":true,"href":"https:\/\/www.cde.ual.es\/en\/wp-json\/wp\/v2\/users\/101011"}],"replies":[{"embeddable":true,"href":"https:\/\/www.cde.ual.es\/en\/wp-json\/wp\/v2\/comments?post=129725"}],"version-history":[{"count":2,"href":"https:\/\/www.cde.ual.es\/en\/wp-json\/wp\/v2\/posts\/129725\/revisions"}],"predecessor-version":[{"id":129732,"href":"https:\/\/www.cde.ual.es\/en\/wp-json\/wp\/v2\/posts\/129725\/revisions\/129732"}],"wp:featuredmedia":[{"embeddable":true,"href":"https:\/\/www.cde.ual.es\/en\/wp-json\/wp\/v2\/media\/129729"}],"wp:attachment":[{"href":"https:\/\/www.cde.ual.es\/en\/wp-json\/wp\/v2\/media?parent=129725"}],"wp:term":[{"taxonomy":"category","embeddable":true,"href":"https:\/\/www.cde.ual.es\/en\/wp-json\/wp\/v2\/categories?post=129725"},{"taxonomy":"post_tag","embeddable":true,"href":"https:\/\/www.cde.ual.es\/en\/wp-json\/wp\/v2\/tags?post=129725"}],"curies":[{"name":"wp","href":"https:\/\/api.w.org\/{rel}","templated":true}]}}