{"id":129439,"date":"2023-01-26T09:50:02","date_gmt":"2023-01-26T08:50:02","guid":{"rendered":"https:\/\/www.cde.ual.es\/?p=129439"},"modified":"2023-01-26T12:10:25","modified_gmt":"2023-01-26T11:10:25","slug":"european-commission-vice-president-frans-timmermans-arrives-in-colombia-to-prepare-for-the-upcoming-climate-negotiations","status":"publish","type":"post","link":"https:\/\/www.cde.ual.es\/en\/european-commission-vice-president-frans-timmermans-arrives-in-colombia-to-prepare-for-the-upcoming-climate-negotiations\/","title":{"rendered":"European Commission Vice-President Frans Timmermans arrives in Colombia to prepare for the upcoming climate negotiations"},"content":{"rendered":"<p style=\"text-align: justify;\">The European Commission&#8217;s Executive Vice-President for the Green Pact, Frans Timmermans, continues his Latin American climate diplomacy mission to Colombia from 25-27 January.<\/p>\n<p style=\"text-align: justify;\"><a href=\"https:\/\/www.cde.ual.es\/wp-content\/uploads\/2023\/01\/pexels-chris-rodriguez-2884864-1.jpg\"><img decoding=\"async\" class=\"size-full wp-image-129432 aligncenter\" src=\"https:\/\/www.cde.ual.es\/wp-content\/uploads\/2023\/01\/pexels-chris-rodriguez-2884864-1.jpg\" alt=\"\" width=\"640\" height=\"427\" srcset=\"https:\/\/www.cde.ual.es\/wp-content\/uploads\/2023\/01\/pexels-chris-rodriguez-2884864-1.jpg 640w, https:\/\/www.cde.ual.es\/wp-content\/uploads\/2023\/01\/pexels-chris-rodriguez-2884864-1-300x200.jpg 300w\" sizes=\"(max-width: 640px) 100vw, 640px\" \/><\/a><\/p>\n<p style=\"text-align: justify;\">He will meet with President Gustavo Petro, several ministers, government representatives and representatives of civil society, with whom he will discuss the upcoming <strong>United Nations Climate Change Conference<\/strong> (COP28) and the steps taken by Colombia and the European Union to protect nature and biodiversity, reduce its greenhouse gas emissions, and advance in the transition to clean energy.<\/p>\n<p style=\"text-align: justify;\">On Wednesday 25, Vice-President <strong>Timmermans<\/strong> will hold bilateral meetings in Bogota with the Minister of Environment and Sustainable Development, <strong>Susana Muhamad<\/strong>, and the Minister of Science, Technology and Innovation, Arturo Luna. He will also hold a joint meeting with the Minister of Agriculture, Cecilia L\u00f3pez, and the Minister of Trade, Industry and Tourism, Germ\u00e1n Uma\u00f1a. Afterwards, he will meet with several opinion leaders.<\/p>\n<table style=\"width: 99.9988%; border-collapse: collapse; border-style: double; border-color: #001f7d;\" cellpadding=\"0,5\">\n<tbody>\n<tr>\n<td style=\"width: 100%;\"><a href=\"https:\/\/www.cde.ual.es\/en\/eu-steps-up-humanitarian-aid-in-colombia-by-e24-million\/\" target=\"_blank\" rel=\"noopener\"><img decoding=\"async\" class=\"alignleft\" src=\"https:\/\/www.cde.ual.es\/wp-content\/uploads\/2022\/04\/ayuda_humanitaria.jpg\" alt=\"\" width=\"201\" height=\"134\" \/><\/a><\/p>\n<h4 class=\"entry-title\"><a href=\"https:\/\/www.cde.ual.es\/en\/eu-steps-up-humanitarian-aid-in-colombia-by-e24-million\/\" target=\"_blank\" rel=\"noopener\">EU steps up humanitarian aid in Colombia by \u20ac24 million<br \/>\n<\/a><\/h4>\n<\/td>\n<\/tr>\n<\/tbody>\n<\/table>\n<p style=\"text-align: justify;\">On Thursday 26, he will visit the Chingaza National Natural Park in the Colombian Andes, accompanied by the Vice-Minister of Environmental Land Management, Francisco Canal, the Director of National Natural Parks, Luisz Olmedo, and the Director General of the Humboldt Institute Colombia, Hernando Garc\u00eda. During the visit they will discuss forest and moorland conservation, protected areas, water resources and EU support for projects in National Parks and for indigenous and peasant communities.<\/p>\n<p style=\"text-align: justify;\">On Friday, Vice-President Timmermans will be in Neiva and in the municipality of Aipe for the inauguration of the Brisas Solar Ecopark, an extensive solar plant where more than 48,000 state-of-the-art solar panels with bifacial technology and a sun-tracking mechanism will be installed for greater efficiency. The plant will prevent the emission of more than 216,000 tonnes of CO2 equivalent into the atmosphere. The Vice President will meet with the President of Colombia, Gustavo Petro, and the Minister of Mines and Energy, Irene V\u00e9lez. He will also meet with business representatives to discuss Colombia&#8217;s energy transition. The visit will conclude with a tour of the Tatacoa Desert, Colombia&#8217;s second largest arid zone. Vice President Timmermans will leave the country on Saturday for Mexico.<\/p>\n<p style=\"text-align: justify;\">More information on the <a href=\"https:\/\/ec.europa.eu\/commission\/commissioners\/2019-2024\/timmermans_en#calendar\" target=\"_blank\" rel=\"noopener\">Executive Vice-President&#8217;s agenda.<\/a><\/p>\n<p style=\"text-align: justify;\"><strong>Source<\/strong>:<a href=\"https:\/\/www.eeas.europa.eu\/delegations\/colombia\/frans-timmermans-vicepresidente-de-la-comisi%C3%B3n-europea-llega-colombia-para_en?page_lang=en&amp;s=160\" target=\"_blank\" rel=\"noopener\"> Press release &#8211; UE Delegation in Colombia<\/a><\/p>\n","protected":false},"excerpt":{"rendered":"<p>The European Commission&#8217;s Executive Vice-President for the Green Pact, Frans Timmermans, continues his Latin American climate diplomacy mission to Colombia from 25-27 January. He will meet with President Gustavo Petro, several ministers, government representatives and representatives of civil society, with whom he will discuss the upcoming United Nations Climate Change Conference (COP28) and the steps [&hellip;]<\/p>\n","protected":false},"author":101011,"featured_media":129432,"comment_status":"open","ping_status":"open","sticky":false,"template":"","format":"standard","meta":{"_acf_changed":false,"_relevanssi_hide_post":"","_relevanssi_hide_content":"","_relevanssi_pin_for_all":"","_relevanssi_pin_keywords":"","_relevanssi_unpin_keywords":"","_relevanssi_related_keywords":"","_relevanssi_related_include_ids":"","_relevanssi_related_exclude_ids":"","_relevanssi_related_no_append":"","_relevanssi_related_not_related":"","_relevanssi_related_posts":"","_relevanssi_noindex_reason":"","_monsterinsights_skip_tracking":false,"_monsterinsights_sitenote_active":false,"_monsterinsights_sitenote_note":"","_monsterinsights_sitenote_category":0,"_genesis_hide_title":false,"_genesis_hide_breadcrumbs":false,"_genesis_hide_singular_image":false,"_genesis_hide_footer_widgets":false,"_genesis_custom_body_class":"","_genesis_custom_post_class":"","_genesis_layout":"","footnotes":""},"categories":[4085,346,4064,4065],"tags":[8378,2278,6075,8379],"class_list":{"0":"post-129439","1":"post","2":"type-post","3":"status-publish","4":"format-standard","5":"has-post-thumbnail","7":"category-environment","8":"category-eu-news","9":"category-institutional","10":"category-international-pol-coop","11":"tag-climate-change-conference","12":"tag-comision-europea-en","13":"tag-enviornment","14":"tag-eu-in-colombia","15":"entry"},"acf":[],"yoast_head":"<!-- This site is optimized with the Yoast SEO plugin v27.4 - https:\/\/yoast.com\/product\/yoast-seo-wordpress\/ -->\n<title>European Commission Vice-President Frans Timmermans arrives in Colombia to prepare for the upcoming climate negotiations | CDE Almer\u00eda - Centro de Documentaci\u00f3n Europea - Universidad de Almer\u00eda<\/title>\n<meta name=\"robots\" content=\"index, follow, max-snippet:-1, max-image-preview:large, max-video-preview:-1\" \/>\n<link rel=\"canonical\" href=\"https:\/\/www.cde.ual.es\/en\/european-commission-vice-president-frans-timmermans-arrives-in-colombia-to-prepare-for-the-upcoming-climate-negotiations\/\" \/>\n<meta property=\"og:locale\" content=\"en_US\" \/>\n<meta property=\"og:type\" content=\"article\" \/>\n<meta property=\"og:title\" content=\"European Commission Vice-President Frans Timmermans arrives in Colombia to prepare for the upcoming climate negotiations | CDE Almer\u00eda - Centro de Documentaci\u00f3n Europea - Universidad de Almer\u00eda\" \/>\n<meta property=\"og:description\" content=\"The European Commission&#8217;s Executive Vice-President for the Green Pact, Frans Timmermans, continues his Latin American climate diplomacy mission to Colombia from 25-27 January. He will meet with President Gustavo Petro, several ministers, government representatives and representatives of civil society, with whom he will discuss the upcoming United Nations Climate Change Conference (COP28) and the steps [&hellip;]\" \/>\n<meta property=\"og:url\" content=\"https:\/\/www.cde.ual.es\/en\/european-commission-vice-president-frans-timmermans-arrives-in-colombia-to-prepare-for-the-upcoming-climate-negotiations\/\" \/>\n<meta property=\"og:site_name\" content=\"CDE Almer\u00eda - Centro de Documentaci\u00f3n Europea - Universidad de Almer\u00eda\" \/>\n<meta property=\"article:publisher\" content=\"https:\/\/www.facebook.com\/cdeuniversidadalmeria\/\" \/>\n<meta property=\"article:published_time\" content=\"2023-01-26T08:50:02+00:00\" \/>\n<meta property=\"article:modified_time\" content=\"2023-01-26T11:10:25+00:00\" \/>\n<meta property=\"og:image\" content=\"https:\/\/www.cde.ual.es\/wp-content\/uploads\/2023\/01\/pexels-chris-rodriguez-2884864-1.jpg\" \/>\n\t<meta property=\"og:image:width\" content=\"640\" \/>\n\t<meta property=\"og:image:height\" content=\"427\" \/>\n\t<meta property=\"og:image:type\" content=\"image\/jpeg\" \/>\n<meta name=\"author\" content=\"BECA 2 CDE\" \/>\n<meta name=\"twitter:card\" content=\"summary_large_image\" \/>\n<meta name=\"twitter:creator\" content=\"@cdeualmeria\" \/>\n<meta name=\"twitter:site\" content=\"@cdeualmeria\" \/>\n<meta name=\"twitter:label1\" content=\"Written by\" \/>\n\t<meta name=\"twitter:data1\" content=\"BECA 2 CDE\" \/>\n\t<meta name=\"twitter:label2\" content=\"Est. reading time\" \/>\n\t<meta name=\"twitter:data2\" content=\"3 minutes\" \/>\n<script type=\"application\/ld+json\" class=\"yoast-schema-graph\">{\"@context\":\"https:\\\/\\\/schema.org\",\"@graph\":[{\"@type\":\"Article\",\"@id\":\"https:\\\/\\\/www.cde.ual.es\\\/en\\\/european-commission-vice-president-frans-timmermans-arrives-in-colombia-to-prepare-for-the-upcoming-climate-negotiations\\\/#article\",\"isPartOf\":{\"@id\":\"https:\\\/\\\/www.cde.ual.es\\\/en\\\/european-commission-vice-president-frans-timmermans-arrives-in-colombia-to-prepare-for-the-upcoming-climate-negotiations\\\/\"},\"author\":{\"name\":\"BECA 2 CDE\",\"@id\":\"https:\\\/\\\/www.cde.ual.es\\\/#\\\/schema\\\/person\\\/ee46ebc19edfa19598c02cff83335acc\"},\"headline\":\"European Commission Vice-President Frans Timmermans arrives in Colombia to prepare for the upcoming climate negotiations\",\"datePublished\":\"2023-01-26T08:50:02+00:00\",\"dateModified\":\"2023-01-26T11:10:25+00:00\",\"mainEntityOfPage\":{\"@id\":\"https:\\\/\\\/www.cde.ual.es\\\/en\\\/european-commission-vice-president-frans-timmermans-arrives-in-colombia-to-prepare-for-the-upcoming-climate-negotiations\\\/\"},\"wordCount\":382,\"commentCount\":0,\"publisher\":{\"@id\":\"https:\\\/\\\/www.cde.ual.es\\\/#organization\"},\"image\":{\"@id\":\"https:\\\/\\\/www.cde.ual.es\\\/en\\\/european-commission-vice-president-frans-timmermans-arrives-in-colombia-to-prepare-for-the-upcoming-climate-negotiations\\\/#primaryimage\"},\"thumbnailUrl\":\"https:\\\/\\\/www.cde.ual.es\\\/wp-content\\\/uploads\\\/2023\\\/01\\\/pexels-chris-rodriguez-2884864-1.jpg\",\"keywords\":[\"climate change conference\",\"Comision Europea\",\"enviornment\",\"eu in colombia\"],\"articleSection\":[\"Environmental Affairs\",\"EU News\",\"Institutional Affairs\",\"International Politics and Cooperation\"],\"inLanguage\":\"en-US\",\"potentialAction\":[{\"@type\":\"CommentAction\",\"name\":\"Comment\",\"target\":[\"https:\\\/\\\/www.cde.ual.es\\\/en\\\/european-commission-vice-president-frans-timmermans-arrives-in-colombia-to-prepare-for-the-upcoming-climate-negotiations\\\/#respond\"]}]},{\"@type\":\"WebPage\",\"@id\":\"https:\\\/\\\/www.cde.ual.es\\\/en\\\/european-commission-vice-president-frans-timmermans-arrives-in-colombia-to-prepare-for-the-upcoming-climate-negotiations\\\/\",\"url\":\"https:\\\/\\\/www.cde.ual.es\\\/en\\\/european-commission-vice-president-frans-timmermans-arrives-in-colombia-to-prepare-for-the-upcoming-climate-negotiations\\\/\",\"name\":\"European Commission Vice-President Frans Timmermans arrives in Colombia to prepare for the upcoming climate negotiations | CDE Almer\u00eda - Centro de Documentaci\u00f3n Europea - Universidad de Almer\u00eda\",\"isPartOf\":{\"@id\":\"https:\\\/\\\/www.cde.ual.es\\\/#website\"},\"primaryImageOfPage\":{\"@id\":\"https:\\\/\\\/www.cde.ual.es\\\/en\\\/european-commission-vice-president-frans-timmermans-arrives-in-colombia-to-prepare-for-the-upcoming-climate-negotiations\\\/#primaryimage\"},\"image\":{\"@id\":\"https:\\\/\\\/www.cde.ual.es\\\/en\\\/european-commission-vice-president-frans-timmermans-arrives-in-colombia-to-prepare-for-the-upcoming-climate-negotiations\\\/#primaryimage\"},\"thumbnailUrl\":\"https:\\\/\\\/www.cde.ual.es\\\/wp-content\\\/uploads\\\/2023\\\/01\\\/pexels-chris-rodriguez-2884864-1.jpg\",\"datePublished\":\"2023-01-26T08:50:02+00:00\",\"dateModified\":\"2023-01-26T11:10:25+00:00\",\"breadcrumb\":{\"@id\":\"https:\\\/\\\/www.cde.ual.es\\\/en\\\/european-commission-vice-president-frans-timmermans-arrives-in-colombia-to-prepare-for-the-upcoming-climate-negotiations\\\/#breadcrumb\"},\"inLanguage\":\"en-US\",\"potentialAction\":[{\"@type\":\"ReadAction\",\"target\":[\"https:\\\/\\\/www.cde.ual.es\\\/en\\\/european-commission-vice-president-frans-timmermans-arrives-in-colombia-to-prepare-for-the-upcoming-climate-negotiations\\\/\"]}]},{\"@type\":\"ImageObject\",\"inLanguage\":\"en-US\",\"@id\":\"https:\\\/\\\/www.cde.ual.es\\\/en\\\/european-commission-vice-president-frans-timmermans-arrives-in-colombia-to-prepare-for-the-upcoming-climate-negotiations\\\/#primaryimage\",\"url\":\"https:\\\/\\\/www.cde.ual.es\\\/wp-content\\\/uploads\\\/2023\\\/01\\\/pexels-chris-rodriguez-2884864-1.jpg\",\"contentUrl\":\"https:\\\/\\\/www.cde.ual.es\\\/wp-content\\\/uploads\\\/2023\\\/01\\\/pexels-chris-rodriguez-2884864-1.jpg\",\"width\":640,\"height\":427},{\"@type\":\"BreadcrumbList\",\"@id\":\"https:\\\/\\\/www.cde.ual.es\\\/en\\\/european-commission-vice-president-frans-timmermans-arrives-in-colombia-to-prepare-for-the-upcoming-climate-negotiations\\\/#breadcrumb\",\"itemListElement\":[{\"@type\":\"ListItem\",\"position\":1,\"name\":\"Inicio\",\"item\":\"https:\\\/\\\/www.cde.ual.es\\\/en\\\/\"},{\"@type\":\"ListItem\",\"position\":2,\"name\":\"EU News\",\"item\":\"https:\\\/\\\/www.cde.ual.es\\\/en\\\/category\\\/eu-news\\\/\"},{\"@type\":\"ListItem\",\"position\":3,\"name\":\"Institutional Affairs\",\"item\":\"https:\\\/\\\/www.cde.ual.es\\\/en\\\/category\\\/eu-news\\\/institutional\\\/\"},{\"@type\":\"ListItem\",\"position\":4,\"name\":\"International Politics and Cooperation\",\"item\":\"https:\\\/\\\/www.cde.ual.es\\\/en\\\/category\\\/eu-news\\\/institutional\\\/international-pol-coop\\\/\"},{\"@type\":\"ListItem\",\"position\":5,\"name\":\"European Commission Vice-President Frans Timmermans arrives in Colombia to prepare for the upcoming climate negotiations\"}]},{\"@type\":\"WebSite\",\"@id\":\"https:\\\/\\\/www.cde.ual.es\\\/#website\",\"url\":\"https:\\\/\\\/www.cde.ual.es\\\/\",\"name\":\"CDE Almer\u00eda - Centro de Documentaci\u00f3n Europea - Universidad de Almer\u00eda\",\"description\":\"Centro de Documentaci\u00f3n Europea de la Universidad de Almer\u00eda\",\"publisher\":{\"@id\":\"https:\\\/\\\/www.cde.ual.es\\\/#organization\"},\"alternateName\":\"CDE Almer\u00eda\",\"potentialAction\":[{\"@type\":\"SearchAction\",\"target\":{\"@type\":\"EntryPoint\",\"urlTemplate\":\"https:\\\/\\\/www.cde.ual.es\\\/?s={search_term_string}\"},\"query-input\":{\"@type\":\"PropertyValueSpecification\",\"valueRequired\":true,\"valueName\":\"search_term_string\"}}],\"inLanguage\":\"en-US\"},{\"@type\":\"Organization\",\"@id\":\"https:\\\/\\\/www.cde.ual.es\\\/#organization\",\"name\":\"Centro de Documentaci\u00f3n Europea de Almer\u00eda\",\"url\":\"https:\\\/\\\/www.cde.ual.es\\\/\",\"logo\":{\"@type\":\"ImageObject\",\"inLanguage\":\"en-US\",\"@id\":\"https:\\\/\\\/www.cde.ual.es\\\/#\\\/schema\\\/logo\\\/image\\\/\",\"url\":\"https:\\\/\\\/www.cde.ual.es\\\/wp-content\\\/uploads\\\/2025\\\/07\\\/cde-logo-3.png\",\"contentUrl\":\"https:\\\/\\\/www.cde.ual.es\\\/wp-content\\\/uploads\\\/2025\\\/07\\\/cde-logo-3.png\",\"width\":1400,\"height\":300,\"caption\":\"Centro de Documentaci\u00f3n Europea de Almer\u00eda\"},\"image\":{\"@id\":\"https:\\\/\\\/www.cde.ual.es\\\/#\\\/schema\\\/logo\\\/image\\\/\"},\"sameAs\":[\"https:\\\/\\\/www.facebook.com\\\/cdeuniversidadalmeria\\\/\",\"https:\\\/\\\/x.com\\\/cdeualmeria\",\"https:\\\/\\\/www.tiktok.com\\\/@cdealmeria\",\"https:\\\/\\\/www.instagram.com\\\/cdealmeria\\\/\",\"https:\\\/\\\/www.linkedin.com\\\/in\\\/cde-almera-812b26a9\\\/\"]},{\"@type\":\"Person\",\"@id\":\"https:\\\/\\\/www.cde.ual.es\\\/#\\\/schema\\\/person\\\/ee46ebc19edfa19598c02cff83335acc\",\"name\":\"BECA 2 CDE\",\"image\":{\"@type\":\"ImageObject\",\"inLanguage\":\"en-US\",\"@id\":\"https:\\\/\\\/secure.gravatar.com\\\/avatar\\\/35a481bbc04bbd90e91bdfa3b0b5541036c222a49b9ad37b6889a2afcb5311a5?s=96&d=mm&r=g\",\"url\":\"https:\\\/\\\/secure.gravatar.com\\\/avatar\\\/35a481bbc04bbd90e91bdfa3b0b5541036c222a49b9ad37b6889a2afcb5311a5?s=96&d=mm&r=g\",\"contentUrl\":\"https:\\\/\\\/secure.gravatar.com\\\/avatar\\\/35a481bbc04bbd90e91bdfa3b0b5541036c222a49b9ad37b6889a2afcb5311a5?s=96&d=mm&r=g\",\"caption\":\"BECA 2 CDE\"},\"sameAs\":[\"http:\\\/\\\/www.cdealmeria.com\"]}]}<\/script>\n<!-- \/ Yoast SEO plugin. -->","yoast_head_json":{"title":"European Commission Vice-President Frans Timmermans arrives in Colombia to prepare for the upcoming climate negotiations | CDE Almer\u00eda - Centro de Documentaci\u00f3n Europea - Universidad de Almer\u00eda","robots":{"index":"index","follow":"follow","max-snippet":"max-snippet:-1","max-image-preview":"max-image-preview:large","max-video-preview":"max-video-preview:-1"},"canonical":"https:\/\/www.cde.ual.es\/en\/european-commission-vice-president-frans-timmermans-arrives-in-colombia-to-prepare-for-the-upcoming-climate-negotiations\/","og_locale":"en_US","og_type":"article","og_title":"European Commission Vice-President Frans Timmermans arrives in Colombia to prepare for the upcoming climate negotiations | CDE Almer\u00eda - Centro de Documentaci\u00f3n Europea - Universidad de Almer\u00eda","og_description":"The European Commission&#8217;s Executive Vice-President for the Green Pact, Frans Timmermans, continues his Latin American climate diplomacy mission to Colombia from 25-27 January. He will meet with President Gustavo Petro, several ministers, government representatives and representatives of civil society, with whom he will discuss the upcoming United Nations Climate Change Conference (COP28) and the steps [&hellip;]","og_url":"https:\/\/www.cde.ual.es\/en\/european-commission-vice-president-frans-timmermans-arrives-in-colombia-to-prepare-for-the-upcoming-climate-negotiations\/","og_site_name":"CDE Almer\u00eda - Centro de Documentaci\u00f3n Europea - Universidad de Almer\u00eda","article_publisher":"https:\/\/www.facebook.com\/cdeuniversidadalmeria\/","article_published_time":"2023-01-26T08:50:02+00:00","article_modified_time":"2023-01-26T11:10:25+00:00","og_image":[{"width":640,"height":427,"url":"https:\/\/www.cde.ual.es\/wp-content\/uploads\/2023\/01\/pexels-chris-rodriguez-2884864-1.jpg","type":"image\/jpeg"}],"author":"BECA 2 CDE","twitter_card":"summary_large_image","twitter_creator":"@cdeualmeria","twitter_site":"@cdeualmeria","twitter_misc":{"Written by":"BECA 2 CDE","Est. reading time":"3 minutes"},"schema":{"@context":"https:\/\/schema.org","@graph":[{"@type":"Article","@id":"https:\/\/www.cde.ual.es\/en\/european-commission-vice-president-frans-timmermans-arrives-in-colombia-to-prepare-for-the-upcoming-climate-negotiations\/#article","isPartOf":{"@id":"https:\/\/www.cde.ual.es\/en\/european-commission-vice-president-frans-timmermans-arrives-in-colombia-to-prepare-for-the-upcoming-climate-negotiations\/"},"author":{"name":"BECA 2 CDE","@id":"https:\/\/www.cde.ual.es\/#\/schema\/person\/ee46ebc19edfa19598c02cff83335acc"},"headline":"European Commission Vice-President Frans Timmermans arrives in Colombia to prepare for the upcoming climate negotiations","datePublished":"2023-01-26T08:50:02+00:00","dateModified":"2023-01-26T11:10:25+00:00","mainEntityOfPage":{"@id":"https:\/\/www.cde.ual.es\/en\/european-commission-vice-president-frans-timmermans-arrives-in-colombia-to-prepare-for-the-upcoming-climate-negotiations\/"},"wordCount":382,"commentCount":0,"publisher":{"@id":"https:\/\/www.cde.ual.es\/#organization"},"image":{"@id":"https:\/\/www.cde.ual.es\/en\/european-commission-vice-president-frans-timmermans-arrives-in-colombia-to-prepare-for-the-upcoming-climate-negotiations\/#primaryimage"},"thumbnailUrl":"https:\/\/www.cde.ual.es\/wp-content\/uploads\/2023\/01\/pexels-chris-rodriguez-2884864-1.jpg","keywords":["climate change conference","Comision Europea","enviornment","eu in colombia"],"articleSection":["Environmental Affairs","EU News","Institutional Affairs","International Politics and Cooperation"],"inLanguage":"en-US","potentialAction":[{"@type":"CommentAction","name":"Comment","target":["https:\/\/www.cde.ual.es\/en\/european-commission-vice-president-frans-timmermans-arrives-in-colombia-to-prepare-for-the-upcoming-climate-negotiations\/#respond"]}]},{"@type":"WebPage","@id":"https:\/\/www.cde.ual.es\/en\/european-commission-vice-president-frans-timmermans-arrives-in-colombia-to-prepare-for-the-upcoming-climate-negotiations\/","url":"https:\/\/www.cde.ual.es\/en\/european-commission-vice-president-frans-timmermans-arrives-in-colombia-to-prepare-for-the-upcoming-climate-negotiations\/","name":"European Commission Vice-President Frans Timmermans arrives in Colombia to prepare for the upcoming climate negotiations | CDE Almer\u00eda - Centro de Documentaci\u00f3n Europea - Universidad de Almer\u00eda","isPartOf":{"@id":"https:\/\/www.cde.ual.es\/#website"},"primaryImageOfPage":{"@id":"https:\/\/www.cde.ual.es\/en\/european-commission-vice-president-frans-timmermans-arrives-in-colombia-to-prepare-for-the-upcoming-climate-negotiations\/#primaryimage"},"image":{"@id":"https:\/\/www.cde.ual.es\/en\/european-commission-vice-president-frans-timmermans-arrives-in-colombia-to-prepare-for-the-upcoming-climate-negotiations\/#primaryimage"},"thumbnailUrl":"https:\/\/www.cde.ual.es\/wp-content\/uploads\/2023\/01\/pexels-chris-rodriguez-2884864-1.jpg","datePublished":"2023-01-26T08:50:02+00:00","dateModified":"2023-01-26T11:10:25+00:00","breadcrumb":{"@id":"https:\/\/www.cde.ual.es\/en\/european-commission-vice-president-frans-timmermans-arrives-in-colombia-to-prepare-for-the-upcoming-climate-negotiations\/#breadcrumb"},"inLanguage":"en-US","potentialAction":[{"@type":"ReadAction","target":["https:\/\/www.cde.ual.es\/en\/european-commission-vice-president-frans-timmermans-arrives-in-colombia-to-prepare-for-the-upcoming-climate-negotiations\/"]}]},{"@type":"ImageObject","inLanguage":"en-US","@id":"https:\/\/www.cde.ual.es\/en\/european-commission-vice-president-frans-timmermans-arrives-in-colombia-to-prepare-for-the-upcoming-climate-negotiations\/#primaryimage","url":"https:\/\/www.cde.ual.es\/wp-content\/uploads\/2023\/01\/pexels-chris-rodriguez-2884864-1.jpg","contentUrl":"https:\/\/www.cde.ual.es\/wp-content\/uploads\/2023\/01\/pexels-chris-rodriguez-2884864-1.jpg","width":640,"height":427},{"@type":"BreadcrumbList","@id":"https:\/\/www.cde.ual.es\/en\/european-commission-vice-president-frans-timmermans-arrives-in-colombia-to-prepare-for-the-upcoming-climate-negotiations\/#breadcrumb","itemListElement":[{"@type":"ListItem","position":1,"name":"Inicio","item":"https:\/\/www.cde.ual.es\/en\/"},{"@type":"ListItem","position":2,"name":"EU News","item":"https:\/\/www.cde.ual.es\/en\/category\/eu-news\/"},{"@type":"ListItem","position":3,"name":"Institutional Affairs","item":"https:\/\/www.cde.ual.es\/en\/category\/eu-news\/institutional\/"},{"@type":"ListItem","position":4,"name":"International Politics and Cooperation","item":"https:\/\/www.cde.ual.es\/en\/category\/eu-news\/institutional\/international-pol-coop\/"},{"@type":"ListItem","position":5,"name":"European Commission Vice-President Frans Timmermans arrives in Colombia to prepare for the upcoming climate negotiations"}]},{"@type":"WebSite","@id":"https:\/\/www.cde.ual.es\/#website","url":"https:\/\/www.cde.ual.es\/","name":"CDE Almer\u00eda - Centro de Documentaci\u00f3n Europea - Universidad de Almer\u00eda","description":"Centro de Documentaci\u00f3n Europea de la Universidad de Almer\u00eda","publisher":{"@id":"https:\/\/www.cde.ual.es\/#organization"},"alternateName":"CDE Almer\u00eda","potentialAction":[{"@type":"SearchAction","target":{"@type":"EntryPoint","urlTemplate":"https:\/\/www.cde.ual.es\/?s={search_term_string}"},"query-input":{"@type":"PropertyValueSpecification","valueRequired":true,"valueName":"search_term_string"}}],"inLanguage":"en-US"},{"@type":"Organization","@id":"https:\/\/www.cde.ual.es\/#organization","name":"Centro de Documentaci\u00f3n Europea de Almer\u00eda","url":"https:\/\/www.cde.ual.es\/","logo":{"@type":"ImageObject","inLanguage":"en-US","@id":"https:\/\/www.cde.ual.es\/#\/schema\/logo\/image\/","url":"https:\/\/www.cde.ual.es\/wp-content\/uploads\/2025\/07\/cde-logo-3.png","contentUrl":"https:\/\/www.cde.ual.es\/wp-content\/uploads\/2025\/07\/cde-logo-3.png","width":1400,"height":300,"caption":"Centro de Documentaci\u00f3n Europea de Almer\u00eda"},"image":{"@id":"https:\/\/www.cde.ual.es\/#\/schema\/logo\/image\/"},"sameAs":["https:\/\/www.facebook.com\/cdeuniversidadalmeria\/","https:\/\/x.com\/cdeualmeria","https:\/\/www.tiktok.com\/@cdealmeria","https:\/\/www.instagram.com\/cdealmeria\/","https:\/\/www.linkedin.com\/in\/cde-almera-812b26a9\/"]},{"@type":"Person","@id":"https:\/\/www.cde.ual.es\/#\/schema\/person\/ee46ebc19edfa19598c02cff83335acc","name":"BECA 2 CDE","image":{"@type":"ImageObject","inLanguage":"en-US","@id":"https:\/\/secure.gravatar.com\/avatar\/35a481bbc04bbd90e91bdfa3b0b5541036c222a49b9ad37b6889a2afcb5311a5?s=96&d=mm&r=g","url":"https:\/\/secure.gravatar.com\/avatar\/35a481bbc04bbd90e91bdfa3b0b5541036c222a49b9ad37b6889a2afcb5311a5?s=96&d=mm&r=g","contentUrl":"https:\/\/secure.gravatar.com\/avatar\/35a481bbc04bbd90e91bdfa3b0b5541036c222a49b9ad37b6889a2afcb5311a5?s=96&d=mm&r=g","caption":"BECA 2 CDE"},"sameAs":["http:\/\/www.cdealmeria.com"]}]}},"_links":{"self":[{"href":"https:\/\/www.cde.ual.es\/en\/wp-json\/wp\/v2\/posts\/129439","targetHints":{"allow":["GET"]}}],"collection":[{"href":"https:\/\/www.cde.ual.es\/en\/wp-json\/wp\/v2\/posts"}],"about":[{"href":"https:\/\/www.cde.ual.es\/en\/wp-json\/wp\/v2\/types\/post"}],"author":[{"embeddable":true,"href":"https:\/\/www.cde.ual.es\/en\/wp-json\/wp\/v2\/users\/101011"}],"replies":[{"embeddable":true,"href":"https:\/\/www.cde.ual.es\/en\/wp-json\/wp\/v2\/comments?post=129439"}],"version-history":[{"count":2,"href":"https:\/\/www.cde.ual.es\/en\/wp-json\/wp\/v2\/posts\/129439\/revisions"}],"predecessor-version":[{"id":129476,"href":"https:\/\/www.cde.ual.es\/en\/wp-json\/wp\/v2\/posts\/129439\/revisions\/129476"}],"wp:featuredmedia":[{"embeddable":true,"href":"https:\/\/www.cde.ual.es\/en\/wp-json\/wp\/v2\/media\/129432"}],"wp:attachment":[{"href":"https:\/\/www.cde.ual.es\/en\/wp-json\/wp\/v2\/media?parent=129439"}],"wp:term":[{"taxonomy":"category","embeddable":true,"href":"https:\/\/www.cde.ual.es\/en\/wp-json\/wp\/v2\/categories?post=129439"},{"taxonomy":"post_tag","embeddable":true,"href":"https:\/\/www.cde.ual.es\/en\/wp-json\/wp\/v2\/tags?post=129439"}],"curies":[{"name":"wp","href":"https:\/\/api.w.org\/{rel}","templated":true}]}}