{"id":12881,"date":"2019-02-14T08:40:14","date_gmt":"2019-02-14T07:40:14","guid":{"rendered":"http:\/\/www.cde.ual.es\/?p=12881"},"modified":"2019-02-14T08:40:17","modified_gmt":"2019-02-14T07:40:17","slug":"defensa-primeros-pasos-para-los-proyectos-industriales-conjuntos-bajo-el-presupuesto-de-la-ue","status":"publish","type":"post","link":"https:\/\/www.cde.ual.es\/en\/defensa-primeros-pasos-para-los-proyectos-industriales-conjuntos-bajo-el-presupuesto-de-la-ue\/","title":{"rendered":"Defensa: primeros pasos para los proyectos industriales conjuntos bajo el presupuesto de la UE"},"content":{"rendered":"\n<p><strong>El pasado martes, la Comisi\u00f3n Europea inici\u00f3 formalmente el trabajo con los Estados miembros para financiar proyectos industriales conjuntos en el campo de la defensa.<\/strong><\/p>\n\n\n\n<div class=\"wp-block-image\"><figure class=\"aligncenter is-resized\"><img decoding=\"async\" src=\"http:\/\/www.cde.ual.es\/wp-content\/uploads\/2019\/02\/us-army-soldiers-army-men-54098-1.jpeg\" alt=\"\" class=\"wp-image-12883\" width=\"444\" height=\"295\" srcset=\"https:\/\/www.cde.ual.es\/wp-content\/uploads\/2019\/02\/us-army-soldiers-army-men-54098-1.jpeg 640w, https:\/\/www.cde.ual.es\/wp-content\/uploads\/2019\/02\/us-army-soldiers-army-men-54098-1-300x199.jpeg 300w\" sizes=\"(max-width: 444px) 100vw, 444px\" \/><\/figure><\/div>\n\n\n\n<p>Una vez que la Comisi\u00f3n adopte el programa de trabajo para el Programa de Desarrollo Industrial de la Defensa Europea, lanzar\u00e1 convocatorias de propuestas dentro del presupuesto de la UE para 2019-2020. Esto ayudar\u00e1 a allanar el camino para el futuro Fondo Europeo de Defensa para el per\u00edodo 2021-2027.<\/p>\n\n\n\n<p>En un mundo de creciente inestabilidad y amenazas transfronterizas para nuestra seguridad, ning\u00fan pa\u00eds puede tener \u00e9xito solo. Es por eso que la Comisi\u00f3n Juncker est\u00e1 haciendo un esfuerzo sin precedentes para proteger y defender a los europeos. Ya se han dado los primeros pasos para impulsar la cooperaci\u00f3n entre los Estados miembros en el campo de la investigaci\u00f3n de defensa y el desarrollo de la industria de defensa, y habr\u00e1 m\u00e1s en 2019-2020. En junio de 2018, la Comisi\u00f3n tambi\u00e9n propuso un Fondo Europeo de Defensa de 13.000 millones de euros para 2021-2027, que ahora est\u00e1 siendo debatido por el Parlamento Europeo y el Consejo.<\/p>\n\n\n\n<p><strong>Para el per\u00edodo presupuestario de la UE 2017-2020:<\/strong><\/p>\n\n\n\n<p>Por primera vez en la historia europea, la UE est\u00e1 incentivando la cooperaci\u00f3n en defensa europea con una dotaci\u00f3n presupuestaria de \u20ac 590 millones (\u20ac 90 millones para investigaci\u00f3n durante 2017-2019 y \u20ac 500 millones para desarrollo de equipos y tecnolog\u00eda durante 2019-2020).<\/p>\n\n\n\n<ul class=\"wp-block-list\"><li>La <strong>cooperaci\u00f3n en investigaci\u00f3n de defensa <\/strong>ya se est\u00e1 materializando. Los primeros acuerdos de subvenci\u00f3n de la UE bajo el presupuesto de 2017 incluyeron el proyecto de investigaci\u00f3n Ocean2020, que re\u00fane a 42 socios de 15 pa\u00edses de la UE y apoya las misiones de vigilancia mar\u00edtima en el mar y para ese fin integrar\u00e1 aviones no tripulados y submarinos no tripulados en las operaciones de la flota. En las pr\u00f3ximas semanas, la Comisi\u00f3n anunciar\u00e1 nuevos proyectos de investigaci\u00f3n de defensa en colaboraci\u00f3n con el presupuesto de 2018 y presentar\u00e1 el programa de trabajo y la convocatoria final de propuestas en el tramo de presupuesto restante para 2019.<\/li><li>Seg\u00fan las opiniones de los Estados miembros, en unas pocas semanas, la Comisi\u00f3n adoptar\u00e1 el primer programa de trabajo para c<strong>ofinanciar proyectos industriales conjuntos en el campo de la defensa con cargo al presupuesto de la UE para 2019-2020. <\/strong>Los proyectos para los que se lanzar\u00e1n convocatorias de propuestas en el marco del Programa Europeo de Desarrollo Industrial para la Defensa (EDIDP) ser\u00e1n coherentes con las prioridades identificadas en el contexto de la Cooperaci\u00f3n Estructurada Permanente (PESCO), el Plan de Desarrollo de Capacidades (CDP) y la OTAN.<\/li><\/ul>\n\n\n\n<p><strong>Para el per\u00edodo presupuestario de la UE 2021-2027:<\/strong><\/p>\n\n\n\n<p>Sobre la base de estos dos programas &#8220;piloto&#8221;, la Comisi\u00f3n propuso en junio de 2018 un <strong>Fondo Europeo de Defensa<\/strong> en toda regla por un valor de <strong>13.000 millones de euros en el pr\u00f3ximo presupuesto a largo plazo de la UE <\/strong>para cubrir tanto la investigaci\u00f3n como la capacidad. Tras los votos positivos en el Parlamento Europeo y el Consejo, los colegisladores est\u00e1n discutiendo la propuesta en las llamadas negociaciones finales de tr\u00edlogo.<\/p>\n\n\n\n<h3 class=\"wp-block-heading\">M\u00e1s informaci\u00f3n<\/h3>\n\n\n\n<p>Accede a la <a href=\"http:\/\/europa.eu\/rapid\/press-release_IP-19-1050_en.htm\">noticia completa<\/a><\/p>\n\n\n\n<p>Documento relacionado:  <a href=\"http:\/\/www.cde.ual.es\/ficha\/pesco-common-workspace-pesco-cws\/\">PESCO Common Workspace (PESCO CWS) <\/a><\/p>\n\n\n\n<p>Ficha informativa: <a href=\"http:\/\/www.cde.ual.es\/ficha\/un-presupuesto-de-la-ue-para-el-futuro-el-fondo-europeo-de-defensa\/\">Presupuesto de la UE para el futuro: Fondo Europeo de Defensa<\/a><\/p>\n\n\n\n<p><a href=\"https:\/\/ec.europa.eu\/commission\/priorities\/state-union-speeches\/state-union-2016_en\">Estado de la Uni\u00f3n Europea 2016<\/a><\/p>\n\n\n\n<p><a href=\"http:\/\/europa.eu\/rapid\/press-release_IP-18-763_en.htm\">Comunicado de prensa sobre el lanzamiento del Fondo Europeo de Defensa, junio de 2017<\/a><\/p>\n\n\n\n<p><a href=\"http:\/\/europa.eu\/rapid\/press-release_IP-18-4121_en.htm\">Comunicado de prensa sobre las primeras becas de investigaci\u00f3n de defensa, febrero de 2018<\/a><\/p>\n\n\n\n<p><a href=\"http:\/\/europa.eu\/rapid\/press-release_IP-18-4121_en.htm\">Comunicado de prensa sobre la Propuesta de un Fondo Europeo de Defensa 2021-2027, junio de 2018<\/a><\/p>\n\n\n","protected":false},"excerpt":{"rendered":"<p>El pasado martes, la Comisi\u00f3n Europea inici\u00f3 formalmente el trabajo con los Estados miembros para financiar proyectos industriales conjuntos en el campo de la defensa. Una vez que la Comisi\u00f3n adopte el programa de trabajo para el Programa de Desarrollo Industrial de la Defensa Europea, lanzar\u00e1 convocatorias de propuestas dentro del presupuesto de la UE [&hellip;]<\/p>\n","protected":false},"author":101011,"featured_media":12883,"comment_status":"open","ping_status":"open","sticky":false,"template":"","format":"standard","meta":{"_acf_changed":false,"_relevanssi_hide_post":"","_relevanssi_hide_content":"","_relevanssi_pin_for_all":"","_relevanssi_pin_keywords":"","_relevanssi_unpin_keywords":"","_relevanssi_related_keywords":"","_relevanssi_related_include_ids":"","_relevanssi_related_exclude_ids":"","_relevanssi_related_no_append":"","_relevanssi_related_not_related":"","_relevanssi_related_posts":"","_relevanssi_noindex_reason":"","_monsterinsights_skip_tracking":false,"_monsterinsights_sitenote_active":false,"_monsterinsights_sitenote_note":"","_monsterinsights_sitenote_category":0,"_genesis_hide_title":false,"_genesis_hide_breadcrumbs":false,"_genesis_hide_singular_image":false,"_genesis_hide_footer_widgets":false,"_genesis_custom_body_class":"","_genesis_custom_post_class":"","_genesis_layout":"","footnotes":""},"categories":[96],"tags":[238,161],"class_list":{"0":"post-12881","1":"post","2":"type-post","3":"status-publish","4":"format-standard","5":"has-post-thumbnail","7":"category-noticias-ue","8":"tag-presupuesto","9":"tag-seguridad-y-defensa","10":"entry"},"acf":[],"yoast_head":"<!-- This site is optimized with the Yoast SEO plugin v27.5 - https:\/\/yoast.com\/product\/yoast-seo-wordpress\/ -->\n<title>Defensa: primeros pasos para los proyectos industriales conjuntos bajo el presupuesto de la UE | CDE Almer\u00eda - Centro de Documentaci\u00f3n Europea - Universidad de Almer\u00eda<\/title>\n<meta name=\"robots\" content=\"index, follow, max-snippet:-1, max-image-preview:large, max-video-preview:-1\" \/>\n<link rel=\"canonical\" href=\"https:\/\/www.cde.ual.es\/defensa-primeros-pasos-para-los-proyectos-industriales-conjuntos-bajo-el-presupuesto-de-la-ue\/\" \/>\n<meta property=\"og:locale\" content=\"en_US\" \/>\n<meta property=\"og:type\" content=\"article\" \/>\n<meta property=\"og:title\" content=\"Defensa: primeros pasos para los proyectos industriales conjuntos bajo el presupuesto de la UE | CDE Almer\u00eda - Centro de Documentaci\u00f3n Europea - Universidad de Almer\u00eda\" \/>\n<meta property=\"og:description\" content=\"El pasado martes, la Comisi\u00f3n Europea inici\u00f3 formalmente el trabajo con los Estados miembros para financiar proyectos industriales conjuntos en el campo de la defensa. Una vez que la Comisi\u00f3n adopte el programa de trabajo para el Programa de Desarrollo Industrial de la Defensa Europea, lanzar\u00e1 convocatorias de propuestas dentro del presupuesto de la UE [&hellip;]\" \/>\n<meta property=\"og:url\" content=\"https:\/\/www.cde.ual.es\/defensa-primeros-pasos-para-los-proyectos-industriales-conjuntos-bajo-el-presupuesto-de-la-ue\/\" \/>\n<meta property=\"og:site_name\" content=\"CDE Almer\u00eda - Centro de Documentaci\u00f3n Europea - Universidad de Almer\u00eda\" \/>\n<meta property=\"article:publisher\" content=\"https:\/\/www.facebook.com\/cdeuniversidadalmeria\/\" \/>\n<meta property=\"article:published_time\" content=\"2019-02-14T07:40:14+00:00\" \/>\n<meta property=\"article:modified_time\" content=\"2019-02-14T07:40:17+00:00\" \/>\n<meta property=\"og:image\" content=\"https:\/\/www.cde.ual.es\/wp-content\/uploads\/2019\/02\/us-army-soldiers-army-men-54098-1.jpeg\" \/>\n\t<meta property=\"og:image:width\" content=\"640\" \/>\n\t<meta property=\"og:image:height\" content=\"425\" \/>\n\t<meta property=\"og:image:type\" content=\"image\/jpeg\" \/>\n<meta name=\"author\" content=\"BECA 2 CDE\" \/>\n<meta name=\"twitter:card\" content=\"summary_large_image\" \/>\n<meta name=\"twitter:creator\" content=\"@cdeualmeria\" \/>\n<meta name=\"twitter:site\" content=\"@cdeualmeria\" \/>\n<meta name=\"twitter:label1\" content=\"Written by\" \/>\n\t<meta name=\"twitter:data1\" content=\"BECA 2 CDE\" \/>\n\t<meta name=\"twitter:label2\" content=\"Est. reading time\" \/>\n\t<meta name=\"twitter:data2\" content=\"3 minutes\" \/>\n<script type=\"application\/ld+json\" class=\"yoast-schema-graph\">{\"@context\":\"https:\\\/\\\/schema.org\",\"@graph\":[{\"@type\":\"Article\",\"@id\":\"https:\\\/\\\/www.cde.ual.es\\\/defensa-primeros-pasos-para-los-proyectos-industriales-conjuntos-bajo-el-presupuesto-de-la-ue\\\/#article\",\"isPartOf\":{\"@id\":\"https:\\\/\\\/www.cde.ual.es\\\/defensa-primeros-pasos-para-los-proyectos-industriales-conjuntos-bajo-el-presupuesto-de-la-ue\\\/\"},\"author\":{\"name\":\"BECA 2 CDE\",\"@id\":\"https:\\\/\\\/www.cde.ual.es\\\/#\\\/schema\\\/person\\\/ee46ebc19edfa19598c02cff83335acc\"},\"headline\":\"Defensa: primeros pasos para los proyectos industriales conjuntos bajo el presupuesto de la UE\",\"datePublished\":\"2019-02-14T07:40:14+00:00\",\"dateModified\":\"2019-02-14T07:40:17+00:00\",\"mainEntityOfPage\":{\"@id\":\"https:\\\/\\\/www.cde.ual.es\\\/defensa-primeros-pasos-para-los-proyectos-industriales-conjuntos-bajo-el-presupuesto-de-la-ue\\\/\"},\"wordCount\":621,\"commentCount\":0,\"publisher\":{\"@id\":\"https:\\\/\\\/www.cde.ual.es\\\/#organization\"},\"image\":{\"@id\":\"https:\\\/\\\/www.cde.ual.es\\\/defensa-primeros-pasos-para-los-proyectos-industriales-conjuntos-bajo-el-presupuesto-de-la-ue\\\/#primaryimage\"},\"thumbnailUrl\":\"https:\\\/\\\/www.cde.ual.es\\\/wp-content\\\/uploads\\\/2019\\\/02\\\/us-army-soldiers-army-men-54098-1.jpeg\",\"keywords\":[\"Presupuesto\",\"Seguridad y Defensa\"],\"articleSection\":[\"Noticias UE\"],\"inLanguage\":\"en-US\",\"potentialAction\":[{\"@type\":\"CommentAction\",\"name\":\"Comment\",\"target\":[\"https:\\\/\\\/www.cde.ual.es\\\/defensa-primeros-pasos-para-los-proyectos-industriales-conjuntos-bajo-el-presupuesto-de-la-ue\\\/#respond\"]}]},{\"@type\":\"WebPage\",\"@id\":\"https:\\\/\\\/www.cde.ual.es\\\/defensa-primeros-pasos-para-los-proyectos-industriales-conjuntos-bajo-el-presupuesto-de-la-ue\\\/\",\"url\":\"https:\\\/\\\/www.cde.ual.es\\\/defensa-primeros-pasos-para-los-proyectos-industriales-conjuntos-bajo-el-presupuesto-de-la-ue\\\/\",\"name\":\"Defensa: primeros pasos para los proyectos industriales conjuntos bajo el presupuesto de la UE | CDE Almer\u00eda - Centro de Documentaci\u00f3n Europea - Universidad de Almer\u00eda\",\"isPartOf\":{\"@id\":\"https:\\\/\\\/www.cde.ual.es\\\/#website\"},\"primaryImageOfPage\":{\"@id\":\"https:\\\/\\\/www.cde.ual.es\\\/defensa-primeros-pasos-para-los-proyectos-industriales-conjuntos-bajo-el-presupuesto-de-la-ue\\\/#primaryimage\"},\"image\":{\"@id\":\"https:\\\/\\\/www.cde.ual.es\\\/defensa-primeros-pasos-para-los-proyectos-industriales-conjuntos-bajo-el-presupuesto-de-la-ue\\\/#primaryimage\"},\"thumbnailUrl\":\"https:\\\/\\\/www.cde.ual.es\\\/wp-content\\\/uploads\\\/2019\\\/02\\\/us-army-soldiers-army-men-54098-1.jpeg\",\"datePublished\":\"2019-02-14T07:40:14+00:00\",\"dateModified\":\"2019-02-14T07:40:17+00:00\",\"breadcrumb\":{\"@id\":\"https:\\\/\\\/www.cde.ual.es\\\/defensa-primeros-pasos-para-los-proyectos-industriales-conjuntos-bajo-el-presupuesto-de-la-ue\\\/#breadcrumb\"},\"inLanguage\":\"en-US\",\"potentialAction\":[{\"@type\":\"ReadAction\",\"target\":[\"https:\\\/\\\/www.cde.ual.es\\\/defensa-primeros-pasos-para-los-proyectos-industriales-conjuntos-bajo-el-presupuesto-de-la-ue\\\/\"]}]},{\"@type\":\"ImageObject\",\"inLanguage\":\"en-US\",\"@id\":\"https:\\\/\\\/www.cde.ual.es\\\/defensa-primeros-pasos-para-los-proyectos-industriales-conjuntos-bajo-el-presupuesto-de-la-ue\\\/#primaryimage\",\"url\":\"https:\\\/\\\/www.cde.ual.es\\\/wp-content\\\/uploads\\\/2019\\\/02\\\/us-army-soldiers-army-men-54098-1.jpeg\",\"contentUrl\":\"https:\\\/\\\/www.cde.ual.es\\\/wp-content\\\/uploads\\\/2019\\\/02\\\/us-army-soldiers-army-men-54098-1.jpeg\",\"width\":640,\"height\":425,\"caption\":\"Seguridad y defensa\"},{\"@type\":\"BreadcrumbList\",\"@id\":\"https:\\\/\\\/www.cde.ual.es\\\/defensa-primeros-pasos-para-los-proyectos-industriales-conjuntos-bajo-el-presupuesto-de-la-ue\\\/#breadcrumb\",\"itemListElement\":[{\"@type\":\"ListItem\",\"position\":1,\"name\":\"Inicio\",\"item\":\"https:\\\/\\\/www.cde.ual.es\\\/en\\\/\"},{\"@type\":\"ListItem\",\"position\":2,\"name\":\"Noticias UE\",\"item\":\"https:\\\/\\\/www.cde.ual.es\\\/category\\\/noticias-ue\\\/\"},{\"@type\":\"ListItem\",\"position\":3,\"name\":\"Defensa: primeros pasos para los proyectos industriales conjuntos bajo el presupuesto de la UE\"}]},{\"@type\":\"WebSite\",\"@id\":\"https:\\\/\\\/www.cde.ual.es\\\/#website\",\"url\":\"https:\\\/\\\/www.cde.ual.es\\\/\",\"name\":\"CDE Almer\u00eda - Centro de Documentaci\u00f3n Europea - Universidad de Almer\u00eda\",\"description\":\"Centro de Documentaci\u00f3n Europea de la Universidad de Almer\u00eda\",\"publisher\":{\"@id\":\"https:\\\/\\\/www.cde.ual.es\\\/#organization\"},\"alternateName\":\"CDE Almer\u00eda\",\"potentialAction\":[{\"@type\":\"SearchAction\",\"target\":{\"@type\":\"EntryPoint\",\"urlTemplate\":\"https:\\\/\\\/www.cde.ual.es\\\/?s={search_term_string}\"},\"query-input\":{\"@type\":\"PropertyValueSpecification\",\"valueRequired\":true,\"valueName\":\"search_term_string\"}}],\"inLanguage\":\"en-US\"},{\"@type\":\"Organization\",\"@id\":\"https:\\\/\\\/www.cde.ual.es\\\/#organization\",\"name\":\"Centro de Documentaci\u00f3n Europea de Almer\u00eda\",\"url\":\"https:\\\/\\\/www.cde.ual.es\\\/\",\"logo\":{\"@type\":\"ImageObject\",\"inLanguage\":\"en-US\",\"@id\":\"https:\\\/\\\/www.cde.ual.es\\\/#\\\/schema\\\/logo\\\/image\\\/\",\"url\":\"https:\\\/\\\/www.cde.ual.es\\\/wp-content\\\/uploads\\\/2025\\\/07\\\/cde-logo-3.png\",\"contentUrl\":\"https:\\\/\\\/www.cde.ual.es\\\/wp-content\\\/uploads\\\/2025\\\/07\\\/cde-logo-3.png\",\"width\":1400,\"height\":300,\"caption\":\"Centro de Documentaci\u00f3n Europea de Almer\u00eda\"},\"image\":{\"@id\":\"https:\\\/\\\/www.cde.ual.es\\\/#\\\/schema\\\/logo\\\/image\\\/\"},\"sameAs\":[\"https:\\\/\\\/www.facebook.com\\\/cdeuniversidadalmeria\\\/\",\"https:\\\/\\\/x.com\\\/cdeualmeria\",\"https:\\\/\\\/www.tiktok.com\\\/@cdealmeria\",\"https:\\\/\\\/www.instagram.com\\\/cdealmeria\\\/\",\"https:\\\/\\\/www.linkedin.com\\\/in\\\/cde-almera-812b26a9\\\/\"]},{\"@type\":\"Person\",\"@id\":\"https:\\\/\\\/www.cde.ual.es\\\/#\\\/schema\\\/person\\\/ee46ebc19edfa19598c02cff83335acc\",\"name\":\"BECA 2 CDE\",\"image\":{\"@type\":\"ImageObject\",\"inLanguage\":\"en-US\",\"@id\":\"https:\\\/\\\/secure.gravatar.com\\\/avatar\\\/35a481bbc04bbd90e91bdfa3b0b5541036c222a49b9ad37b6889a2afcb5311a5?s=96&d=mm&r=g\",\"url\":\"https:\\\/\\\/secure.gravatar.com\\\/avatar\\\/35a481bbc04bbd90e91bdfa3b0b5541036c222a49b9ad37b6889a2afcb5311a5?s=96&d=mm&r=g\",\"contentUrl\":\"https:\\\/\\\/secure.gravatar.com\\\/avatar\\\/35a481bbc04bbd90e91bdfa3b0b5541036c222a49b9ad37b6889a2afcb5311a5?s=96&d=mm&r=g\",\"caption\":\"BECA 2 CDE\"},\"sameAs\":[\"http:\\\/\\\/www.cdealmeria.com\"]}]}<\/script>\n<!-- \/ Yoast SEO plugin. -->","yoast_head_json":{"title":"Defensa: primeros pasos para los proyectos industriales conjuntos bajo el presupuesto de la UE | CDE Almer\u00eda - Centro de Documentaci\u00f3n Europea - Universidad de Almer\u00eda","robots":{"index":"index","follow":"follow","max-snippet":"max-snippet:-1","max-image-preview":"max-image-preview:large","max-video-preview":"max-video-preview:-1"},"canonical":"https:\/\/www.cde.ual.es\/defensa-primeros-pasos-para-los-proyectos-industriales-conjuntos-bajo-el-presupuesto-de-la-ue\/","og_locale":"en_US","og_type":"article","og_title":"Defensa: primeros pasos para los proyectos industriales conjuntos bajo el presupuesto de la UE | CDE Almer\u00eda - Centro de Documentaci\u00f3n Europea - Universidad de Almer\u00eda","og_description":"El pasado martes, la Comisi\u00f3n Europea inici\u00f3 formalmente el trabajo con los Estados miembros para financiar proyectos industriales conjuntos en el campo de la defensa. Una vez que la Comisi\u00f3n adopte el programa de trabajo para el Programa de Desarrollo Industrial de la Defensa Europea, lanzar\u00e1 convocatorias de propuestas dentro del presupuesto de la UE [&hellip;]","og_url":"https:\/\/www.cde.ual.es\/defensa-primeros-pasos-para-los-proyectos-industriales-conjuntos-bajo-el-presupuesto-de-la-ue\/","og_site_name":"CDE Almer\u00eda - Centro de Documentaci\u00f3n Europea - Universidad de Almer\u00eda","article_publisher":"https:\/\/www.facebook.com\/cdeuniversidadalmeria\/","article_published_time":"2019-02-14T07:40:14+00:00","article_modified_time":"2019-02-14T07:40:17+00:00","og_image":[{"width":640,"height":425,"url":"https:\/\/www.cde.ual.es\/wp-content\/uploads\/2019\/02\/us-army-soldiers-army-men-54098-1.jpeg","type":"image\/jpeg"}],"author":"BECA 2 CDE","twitter_card":"summary_large_image","twitter_creator":"@cdeualmeria","twitter_site":"@cdeualmeria","twitter_misc":{"Written by":"BECA 2 CDE","Est. reading time":"3 minutes"},"schema":{"@context":"https:\/\/schema.org","@graph":[{"@type":"Article","@id":"https:\/\/www.cde.ual.es\/defensa-primeros-pasos-para-los-proyectos-industriales-conjuntos-bajo-el-presupuesto-de-la-ue\/#article","isPartOf":{"@id":"https:\/\/www.cde.ual.es\/defensa-primeros-pasos-para-los-proyectos-industriales-conjuntos-bajo-el-presupuesto-de-la-ue\/"},"author":{"name":"BECA 2 CDE","@id":"https:\/\/www.cde.ual.es\/#\/schema\/person\/ee46ebc19edfa19598c02cff83335acc"},"headline":"Defensa: primeros pasos para los proyectos industriales conjuntos bajo el presupuesto de la UE","datePublished":"2019-02-14T07:40:14+00:00","dateModified":"2019-02-14T07:40:17+00:00","mainEntityOfPage":{"@id":"https:\/\/www.cde.ual.es\/defensa-primeros-pasos-para-los-proyectos-industriales-conjuntos-bajo-el-presupuesto-de-la-ue\/"},"wordCount":621,"commentCount":0,"publisher":{"@id":"https:\/\/www.cde.ual.es\/#organization"},"image":{"@id":"https:\/\/www.cde.ual.es\/defensa-primeros-pasos-para-los-proyectos-industriales-conjuntos-bajo-el-presupuesto-de-la-ue\/#primaryimage"},"thumbnailUrl":"https:\/\/www.cde.ual.es\/wp-content\/uploads\/2019\/02\/us-army-soldiers-army-men-54098-1.jpeg","keywords":["Presupuesto","Seguridad y Defensa"],"articleSection":["Noticias UE"],"inLanguage":"en-US","potentialAction":[{"@type":"CommentAction","name":"Comment","target":["https:\/\/www.cde.ual.es\/defensa-primeros-pasos-para-los-proyectos-industriales-conjuntos-bajo-el-presupuesto-de-la-ue\/#respond"]}]},{"@type":"WebPage","@id":"https:\/\/www.cde.ual.es\/defensa-primeros-pasos-para-los-proyectos-industriales-conjuntos-bajo-el-presupuesto-de-la-ue\/","url":"https:\/\/www.cde.ual.es\/defensa-primeros-pasos-para-los-proyectos-industriales-conjuntos-bajo-el-presupuesto-de-la-ue\/","name":"Defensa: primeros pasos para los proyectos industriales conjuntos bajo el presupuesto de la UE | CDE Almer\u00eda - Centro de Documentaci\u00f3n Europea - Universidad de Almer\u00eda","isPartOf":{"@id":"https:\/\/www.cde.ual.es\/#website"},"primaryImageOfPage":{"@id":"https:\/\/www.cde.ual.es\/defensa-primeros-pasos-para-los-proyectos-industriales-conjuntos-bajo-el-presupuesto-de-la-ue\/#primaryimage"},"image":{"@id":"https:\/\/www.cde.ual.es\/defensa-primeros-pasos-para-los-proyectos-industriales-conjuntos-bajo-el-presupuesto-de-la-ue\/#primaryimage"},"thumbnailUrl":"https:\/\/www.cde.ual.es\/wp-content\/uploads\/2019\/02\/us-army-soldiers-army-men-54098-1.jpeg","datePublished":"2019-02-14T07:40:14+00:00","dateModified":"2019-02-14T07:40:17+00:00","breadcrumb":{"@id":"https:\/\/www.cde.ual.es\/defensa-primeros-pasos-para-los-proyectos-industriales-conjuntos-bajo-el-presupuesto-de-la-ue\/#breadcrumb"},"inLanguage":"en-US","potentialAction":[{"@type":"ReadAction","target":["https:\/\/www.cde.ual.es\/defensa-primeros-pasos-para-los-proyectos-industriales-conjuntos-bajo-el-presupuesto-de-la-ue\/"]}]},{"@type":"ImageObject","inLanguage":"en-US","@id":"https:\/\/www.cde.ual.es\/defensa-primeros-pasos-para-los-proyectos-industriales-conjuntos-bajo-el-presupuesto-de-la-ue\/#primaryimage","url":"https:\/\/www.cde.ual.es\/wp-content\/uploads\/2019\/02\/us-army-soldiers-army-men-54098-1.jpeg","contentUrl":"https:\/\/www.cde.ual.es\/wp-content\/uploads\/2019\/02\/us-army-soldiers-army-men-54098-1.jpeg","width":640,"height":425,"caption":"Seguridad y defensa"},{"@type":"BreadcrumbList","@id":"https:\/\/www.cde.ual.es\/defensa-primeros-pasos-para-los-proyectos-industriales-conjuntos-bajo-el-presupuesto-de-la-ue\/#breadcrumb","itemListElement":[{"@type":"ListItem","position":1,"name":"Inicio","item":"https:\/\/www.cde.ual.es\/en\/"},{"@type":"ListItem","position":2,"name":"Noticias UE","item":"https:\/\/www.cde.ual.es\/category\/noticias-ue\/"},{"@type":"ListItem","position":3,"name":"Defensa: primeros pasos para los proyectos industriales conjuntos bajo el presupuesto de la UE"}]},{"@type":"WebSite","@id":"https:\/\/www.cde.ual.es\/#website","url":"https:\/\/www.cde.ual.es\/","name":"CDE Almer\u00eda - Centro de Documentaci\u00f3n Europea - Universidad de Almer\u00eda","description":"Centro de Documentaci\u00f3n Europea de la Universidad de Almer\u00eda","publisher":{"@id":"https:\/\/www.cde.ual.es\/#organization"},"alternateName":"CDE Almer\u00eda","potentialAction":[{"@type":"SearchAction","target":{"@type":"EntryPoint","urlTemplate":"https:\/\/www.cde.ual.es\/?s={search_term_string}"},"query-input":{"@type":"PropertyValueSpecification","valueRequired":true,"valueName":"search_term_string"}}],"inLanguage":"en-US"},{"@type":"Organization","@id":"https:\/\/www.cde.ual.es\/#organization","name":"Centro de Documentaci\u00f3n Europea de Almer\u00eda","url":"https:\/\/www.cde.ual.es\/","logo":{"@type":"ImageObject","inLanguage":"en-US","@id":"https:\/\/www.cde.ual.es\/#\/schema\/logo\/image\/","url":"https:\/\/www.cde.ual.es\/wp-content\/uploads\/2025\/07\/cde-logo-3.png","contentUrl":"https:\/\/www.cde.ual.es\/wp-content\/uploads\/2025\/07\/cde-logo-3.png","width":1400,"height":300,"caption":"Centro de Documentaci\u00f3n Europea de Almer\u00eda"},"image":{"@id":"https:\/\/www.cde.ual.es\/#\/schema\/logo\/image\/"},"sameAs":["https:\/\/www.facebook.com\/cdeuniversidadalmeria\/","https:\/\/x.com\/cdeualmeria","https:\/\/www.tiktok.com\/@cdealmeria","https:\/\/www.instagram.com\/cdealmeria\/","https:\/\/www.linkedin.com\/in\/cde-almera-812b26a9\/"]},{"@type":"Person","@id":"https:\/\/www.cde.ual.es\/#\/schema\/person\/ee46ebc19edfa19598c02cff83335acc","name":"BECA 2 CDE","image":{"@type":"ImageObject","inLanguage":"en-US","@id":"https:\/\/secure.gravatar.com\/avatar\/35a481bbc04bbd90e91bdfa3b0b5541036c222a49b9ad37b6889a2afcb5311a5?s=96&d=mm&r=g","url":"https:\/\/secure.gravatar.com\/avatar\/35a481bbc04bbd90e91bdfa3b0b5541036c222a49b9ad37b6889a2afcb5311a5?s=96&d=mm&r=g","contentUrl":"https:\/\/secure.gravatar.com\/avatar\/35a481bbc04bbd90e91bdfa3b0b5541036c222a49b9ad37b6889a2afcb5311a5?s=96&d=mm&r=g","caption":"BECA 2 CDE"},"sameAs":["http:\/\/www.cdealmeria.com"]}]}},"_links":{"self":[{"href":"https:\/\/www.cde.ual.es\/en\/wp-json\/wp\/v2\/posts\/12881","targetHints":{"allow":["GET"]}}],"collection":[{"href":"https:\/\/www.cde.ual.es\/en\/wp-json\/wp\/v2\/posts"}],"about":[{"href":"https:\/\/www.cde.ual.es\/en\/wp-json\/wp\/v2\/types\/post"}],"author":[{"embeddable":true,"href":"https:\/\/www.cde.ual.es\/en\/wp-json\/wp\/v2\/users\/101011"}],"replies":[{"embeddable":true,"href":"https:\/\/www.cde.ual.es\/en\/wp-json\/wp\/v2\/comments?post=12881"}],"version-history":[{"count":0,"href":"https:\/\/www.cde.ual.es\/en\/wp-json\/wp\/v2\/posts\/12881\/revisions"}],"wp:featuredmedia":[{"embeddable":true,"href":"https:\/\/www.cde.ual.es\/en\/wp-json\/wp\/v2\/media\/12883"}],"wp:attachment":[{"href":"https:\/\/www.cde.ual.es\/en\/wp-json\/wp\/v2\/media?parent=12881"}],"wp:term":[{"taxonomy":"category","embeddable":true,"href":"https:\/\/www.cde.ual.es\/en\/wp-json\/wp\/v2\/categories?post=12881"},{"taxonomy":"post_tag","embeddable":true,"href":"https:\/\/www.cde.ual.es\/en\/wp-json\/wp\/v2\/tags?post=12881"}],"curies":[{"name":"wp","href":"https:\/\/api.w.org\/{rel}","templated":true}]}}