{"id":12874,"date":"2019-02-14T08:24:27","date_gmt":"2019-02-14T07:24:27","guid":{"rendered":"http:\/\/www.cde.ual.es\/?p=12874"},"modified":"2019-02-14T08:24:30","modified_gmt":"2019-02-14T07:24:30","slug":"ue-marruecos-nuevo-acuerdo-de-pesca-que-incluye-el-sahara-occidental","status":"publish","type":"post","link":"https:\/\/www.cde.ual.es\/en\/ue-marruecos-nuevo-acuerdo-de-pesca-que-incluye-el-sahara-occidental\/","title":{"rendered":"UE-Marruecos: Nuevo acuerdo de pesca que incluye el S\u00e1hara Occidental"},"content":{"rendered":"\n<p><strong>El nuevo acuerdo de pesca UE-Marruecos, que incluye la regi\u00f3n del S\u00e1hara Occidental, recibi\u00f3 el martes el visto bueno del Parlamento Europeo.<\/strong><\/p>\n\n\n\n<div class=\"wp-block-image\"><figure class=\"aligncenter is-resized\"><img decoding=\"async\" src=\"http:\/\/www.cde.ual.es\/wp-content\/uploads\/2018\/07\/UE-sentencia-acuerdo-Marruecos-Sahara_EDIIMA20161221_0162_19.jpg\" alt=\"\" class=\"wp-image-7470\" width=\"457\" height=\"256\" srcset=\"https:\/\/www.cde.ual.es\/wp-content\/uploads\/2018\/07\/UE-sentencia-acuerdo-Marruecos-Sahara_EDIIMA20161221_0162_19.jpg 643w, https:\/\/www.cde.ual.es\/wp-content\/uploads\/2018\/07\/UE-sentencia-acuerdo-Marruecos-Sahara_EDIIMA20161221_0162_19-300x169.jpg 300w\" sizes=\"(max-width: 457px) 100vw, 457px\" \/><\/figure><\/div>\n\n\n\n<p>El pleno respald\u00f3 el texto con <strong>415 votos a favor<\/strong>, 189 en contra y 49 abstenciones.<\/p>\n\n\n\n<p>El Acuerdo de colaboraci\u00f3n de pesca sostenible establece las condiciones legales, medioambientales, econ\u00f3micas y sociales para el acceso de los barcos europeos a las aguas marroqu\u00edes, as\u00ed como exigencias para garantizar una pesca sostenible, e <strong>incluye el territorio del S\u00e1hara Occidental,<\/strong> a la luz de las <a href=\"https:\/\/curia.europa.eu\/jcms\/upload\/docs\/application\/pdf\/2018-02\/cp180021es.pdf\">conclusiones del Tribunal de Justicia de la UE.<\/a><\/p>\n\n\n\n<p>El tratado respaldado por la C\u00e1mara:<\/p>\n\n\n\n<ul class=\"wp-block-list\"><li>tiene en cuenta los <a href=\"https:\/\/eur-lex.europa.eu\/legal-content\/ES\/TXT\/?uri=CELEX:52018SC0346R(01)\">resultados del proceso de consulta<\/a> a la <strong>poblaci\u00f3n local <\/strong>efectuado por el Servicio de Acci\u00f3n Exterior de la UE para evaluar la repercusi\u00f3n de los cambios sobre el S\u00e1hara Occidental y la mayoritaria opini\u00f3n favorable al respecto. Aunque tambi\u00e9n se\u00f1ala que el <strong>Frente Polisario no particip\u00f3 en la consulta<\/strong>, al oponerse al acuerdo por principio.<\/li><li> incluye una evaluaci\u00f3n, seg\u00fan la cual el<strong> acuerdo es beneficioso<\/strong> para la poblaci\u00f3n local de la regi\u00f3n, donde hay 141 empresas dedicadas al procesado de productos de la pesca, de las que dependen aproximadamente 90.000 empleos directos e indirectos, con una facturaci\u00f3n aproximada de 450 millones. De esa cantidad, unos 240 millones se exportan, el 60% a la UE.<\/li><li> <strong>no prejuzga el resultado del proceso pol\u00edtico<\/strong> sobre el estatus final del S\u00e1hara Occidental, y declara su apoyo a los esfuerzos de la ONU en alcanzar una soluci\u00f3n pol\u00edtica que permita la autodeterminaci\u00f3n de la poblaci\u00f3n saharaui.<\/li><\/ul>\n\n\n\n<h2 class=\"wp-block-heading\">Pesca sostenible<\/h2>\n\n\n\n<p>El acuerdo pretende impulsar la pesca sostenible al autorizar a los buques europeos capturar \u00fanicamente el excedente de captura admisible establecido en la <a href=\"http:\/\/www.un.org\/depts\/los\/convention_agreements\/convention_overview_convention.htm\">Convenci\u00f3n de las Naciones Unidas sobre el Derecho del Mar.<\/a> Adem\u00e1s, apoyar\u00e1 los esfuerzos de Marruecos para desarrollar el sector pesquero y la econom\u00eda azul. <\/p>\n\n\n\n<p>El valor total de las oportunidades pesqueras, fijado en un <a href=\"https:\/\/eur-lex.europa.eu\/legal-content\/ES\/TXT\/?uri=CELEX:22013A1207(01)\">protocolo anexo al acuerdo<\/a>, asciende a <strong>153,6 millones de euros para cuatro a\u00f1os <\/strong>(48,1 millones para el primer a\u00f1o, 50,4 millones para el segundo y 55,1 millones para los dos \u00faltimos). Se crear\u00e1 una comisi\u00f3n conjunta UE-Marruecos para vigilar la aplicaci\u00f3n del acuerdo, que podr\u00e1 modificar el protocolo.<\/p>\n\n\n\n<h2 class=\"wp-block-heading\">Aguas occidentale<\/h2>\n\n\n\n<p>El Parlamento tambi\u00e9n dio su apoyo al plan plurianual de gesti\u00f3n pesquera de las aguas occidentales para poblaciones demersales, que ya hab\u00eda sido acordado de manera informal con los ministros de la UE. 525 eurodiputados votaron a favor, 132 en contra y 19 se abstuvieron.<\/p>\n\n\n\n<p>El plan, que se aplica a la zona del Atl\u00e1ntico noreste, conocida como aguas occidentales, afecta a buques de Espa\u00f1a, B\u00e9lgica, Alemania, Francia, Irlanda, Portugal y Reino Unido, que pescan merluza y cigalas en el Cant\u00e1brico y en el oeste de la Pen\u00ednsula Ib\u00e9rica, lenguado del Golfo de Vizcaya, as\u00ed como arenque y bacalao.<\/p>\n\n\n\n<p>El objetivo del plan es garantizar que menos del 5% de la poblaci\u00f3n corre el riesgo de ver reducida su capacidad reproductiva.<\/p>\n\n\n\n<h3 class=\"wp-block-heading\">M\u00e1s informaci\u00f3n<\/h3>\n\n\n\n<p>Accede a la <a href=\"http:\/\/www.europarl.europa.eu\/news\/es\/press-room\/20190207IPR25218\/ue-marruecos-aprobado-nuevo-acuerdo-de-pesca-que-incluye-el-sahara-occidental\">noticia completa <\/a><\/p>\n\n\n\n<p>Los textos aprobados se publicar\u00e1n <a href=\"http:\/\/www.europarl.europa.eu\/plenary\/en\/texts-adopted.html\">aqu\u00ed (12.02.2019)<\/a><\/p>\n\n\n\n<p><a href=\"https:\/\/oeil.secure.europarl.europa.eu\/oeil\/popups\/ficheprocedure.do?reference=2018\/0349(NLE)&amp;l=en\">Procedimiento (Acuerdo UE-Marruecos)<\/a><\/p>\n\n\n\n<p><a href=\"https:\/\/oeil.secure.europarl.europa.eu\/oeil\/popups\/ficheprocedure.do?lang=en&amp;reference=2018\/0074(COD)\">Procedimiento (aguas occidentales)<\/a><\/p>\n\n\n","protected":false},"excerpt":{"rendered":"<p>El nuevo acuerdo de pesca UE-Marruecos, que incluye la regi\u00f3n del S\u00e1hara Occidental, recibi\u00f3 el martes el visto bueno del Parlamento Europeo. El pleno respald\u00f3 el texto con 415 votos a favor, 189 en contra y 49 abstenciones. El Acuerdo de colaboraci\u00f3n de pesca sostenible establece las condiciones legales, medioambientales, econ\u00f3micas y sociales para el [&hellip;]<\/p>\n","protected":false},"author":101011,"featured_media":7470,"comment_status":"open","ping_status":"open","sticky":false,"template":"","format":"standard","meta":{"_acf_changed":false,"_relevanssi_hide_post":"","_relevanssi_hide_content":"","_relevanssi_pin_for_all":"","_relevanssi_pin_keywords":"","_relevanssi_unpin_keywords":"","_relevanssi_related_keywords":"","_relevanssi_related_include_ids":"","_relevanssi_related_exclude_ids":"","_relevanssi_related_no_append":"","_relevanssi_related_not_related":"","_relevanssi_related_posts":"","_relevanssi_noindex_reason":"","_monsterinsights_skip_tracking":false,"_monsterinsights_sitenote_active":false,"_monsterinsights_sitenote_note":"","_monsterinsights_sitenote_category":0,"_genesis_hide_title":false,"_genesis_hide_breadcrumbs":false,"_genesis_hide_singular_image":false,"_genesis_hide_footer_widgets":false,"_genesis_custom_body_class":"","_genesis_custom_post_class":"","_genesis_layout":"","footnotes":""},"categories":[96],"tags":[242,214,243,135],"class_list":{"0":"post-12874","1":"post","2":"type-post","3":"status-publish","4":"format-standard","5":"has-post-thumbnail","7":"category-noticias-ue","8":"tag-asuntos-internacionales","9":"tag-marruecos","10":"tag-pesca","11":"tag-union-europea","12":"entry"},"acf":[],"yoast_head":"<!-- This site is optimized with the Yoast SEO plugin v27.4 - https:\/\/yoast.com\/product\/yoast-seo-wordpress\/ -->\n<title>UE-Marruecos: Nuevo acuerdo de pesca que incluye el S\u00e1hara Occidental | CDE Almer\u00eda - Centro de Documentaci\u00f3n Europea - Universidad de Almer\u00eda<\/title>\n<meta name=\"robots\" content=\"index, follow, max-snippet:-1, max-image-preview:large, max-video-preview:-1\" \/>\n<link rel=\"canonical\" href=\"https:\/\/www.cde.ual.es\/ue-marruecos-nuevo-acuerdo-de-pesca-que-incluye-el-sahara-occidental\/\" \/>\n<meta property=\"og:locale\" content=\"en_US\" \/>\n<meta property=\"og:type\" content=\"article\" \/>\n<meta property=\"og:title\" content=\"UE-Marruecos: Nuevo acuerdo de pesca que incluye el S\u00e1hara Occidental | CDE Almer\u00eda - Centro de Documentaci\u00f3n Europea - Universidad de Almer\u00eda\" \/>\n<meta property=\"og:description\" content=\"El nuevo acuerdo de pesca UE-Marruecos, que incluye la regi\u00f3n del S\u00e1hara Occidental, recibi\u00f3 el martes el visto bueno del Parlamento Europeo. El pleno respald\u00f3 el texto con 415 votos a favor, 189 en contra y 49 abstenciones. El Acuerdo de colaboraci\u00f3n de pesca sostenible establece las condiciones legales, medioambientales, econ\u00f3micas y sociales para el [&hellip;]\" \/>\n<meta property=\"og:url\" content=\"https:\/\/www.cde.ual.es\/ue-marruecos-nuevo-acuerdo-de-pesca-que-incluye-el-sahara-occidental\/\" \/>\n<meta property=\"og:site_name\" content=\"CDE Almer\u00eda - Centro de Documentaci\u00f3n Europea - Universidad de Almer\u00eda\" \/>\n<meta property=\"article:publisher\" content=\"https:\/\/www.facebook.com\/cdeuniversidadalmeria\/\" \/>\n<meta property=\"article:published_time\" content=\"2019-02-14T07:24:27+00:00\" \/>\n<meta property=\"article:modified_time\" content=\"2019-02-14T07:24:30+00:00\" \/>\n<meta property=\"og:image\" content=\"https:\/\/www.cde.ual.es\/wp-content\/uploads\/2018\/07\/UE-sentencia-acuerdo-Marruecos-Sahara_EDIIMA20161221_0162_19.jpg\" \/>\n\t<meta property=\"og:image:width\" content=\"643\" \/>\n\t<meta property=\"og:image:height\" content=\"362\" \/>\n\t<meta property=\"og:image:type\" content=\"image\/jpeg\" \/>\n<meta name=\"author\" content=\"BECA 2 CDE\" \/>\n<meta name=\"twitter:card\" content=\"summary_large_image\" \/>\n<meta name=\"twitter:creator\" content=\"@cdeualmeria\" \/>\n<meta name=\"twitter:site\" content=\"@cdeualmeria\" \/>\n<meta name=\"twitter:label1\" content=\"Written by\" \/>\n\t<meta name=\"twitter:data1\" content=\"BECA 2 CDE\" \/>\n\t<meta name=\"twitter:label2\" content=\"Est. reading time\" \/>\n\t<meta name=\"twitter:data2\" content=\"3 minutes\" \/>\n<script type=\"application\/ld+json\" class=\"yoast-schema-graph\">{\"@context\":\"https:\\\/\\\/schema.org\",\"@graph\":[{\"@type\":\"Article\",\"@id\":\"https:\\\/\\\/www.cde.ual.es\\\/ue-marruecos-nuevo-acuerdo-de-pesca-que-incluye-el-sahara-occidental\\\/#article\",\"isPartOf\":{\"@id\":\"https:\\\/\\\/www.cde.ual.es\\\/ue-marruecos-nuevo-acuerdo-de-pesca-que-incluye-el-sahara-occidental\\\/\"},\"author\":{\"name\":\"BECA 2 CDE\",\"@id\":\"https:\\\/\\\/www.cde.ual.es\\\/#\\\/schema\\\/person\\\/ee46ebc19edfa19598c02cff83335acc\"},\"headline\":\"UE-Marruecos: Nuevo acuerdo de pesca que incluye el S\u00e1hara Occidental\",\"datePublished\":\"2019-02-14T07:24:27+00:00\",\"dateModified\":\"2019-02-14T07:24:30+00:00\",\"mainEntityOfPage\":{\"@id\":\"https:\\\/\\\/www.cde.ual.es\\\/ue-marruecos-nuevo-acuerdo-de-pesca-que-incluye-el-sahara-occidental\\\/\"},\"wordCount\":543,\"commentCount\":0,\"publisher\":{\"@id\":\"https:\\\/\\\/www.cde.ual.es\\\/#organization\"},\"image\":{\"@id\":\"https:\\\/\\\/www.cde.ual.es\\\/ue-marruecos-nuevo-acuerdo-de-pesca-que-incluye-el-sahara-occidental\\\/#primaryimage\"},\"thumbnailUrl\":\"https:\\\/\\\/www.cde.ual.es\\\/wp-content\\\/uploads\\\/2018\\\/07\\\/UE-sentencia-acuerdo-Marruecos-Sahara_EDIIMA20161221_0162_19.jpg\",\"keywords\":[\"Asuntos Internacionales\",\"Marruecos\",\"Pesca\",\"Uni\u00f3n Europea\"],\"articleSection\":[\"Noticias UE\"],\"inLanguage\":\"en-US\",\"potentialAction\":[{\"@type\":\"CommentAction\",\"name\":\"Comment\",\"target\":[\"https:\\\/\\\/www.cde.ual.es\\\/ue-marruecos-nuevo-acuerdo-de-pesca-que-incluye-el-sahara-occidental\\\/#respond\"]}]},{\"@type\":\"WebPage\",\"@id\":\"https:\\\/\\\/www.cde.ual.es\\\/ue-marruecos-nuevo-acuerdo-de-pesca-que-incluye-el-sahara-occidental\\\/\",\"url\":\"https:\\\/\\\/www.cde.ual.es\\\/ue-marruecos-nuevo-acuerdo-de-pesca-que-incluye-el-sahara-occidental\\\/\",\"name\":\"UE-Marruecos: Nuevo acuerdo de pesca que incluye el S\u00e1hara Occidental | CDE Almer\u00eda - Centro de Documentaci\u00f3n Europea - Universidad de Almer\u00eda\",\"isPartOf\":{\"@id\":\"https:\\\/\\\/www.cde.ual.es\\\/#website\"},\"primaryImageOfPage\":{\"@id\":\"https:\\\/\\\/www.cde.ual.es\\\/ue-marruecos-nuevo-acuerdo-de-pesca-que-incluye-el-sahara-occidental\\\/#primaryimage\"},\"image\":{\"@id\":\"https:\\\/\\\/www.cde.ual.es\\\/ue-marruecos-nuevo-acuerdo-de-pesca-que-incluye-el-sahara-occidental\\\/#primaryimage\"},\"thumbnailUrl\":\"https:\\\/\\\/www.cde.ual.es\\\/wp-content\\\/uploads\\\/2018\\\/07\\\/UE-sentencia-acuerdo-Marruecos-Sahara_EDIIMA20161221_0162_19.jpg\",\"datePublished\":\"2019-02-14T07:24:27+00:00\",\"dateModified\":\"2019-02-14T07:24:30+00:00\",\"breadcrumb\":{\"@id\":\"https:\\\/\\\/www.cde.ual.es\\\/ue-marruecos-nuevo-acuerdo-de-pesca-que-incluye-el-sahara-occidental\\\/#breadcrumb\"},\"inLanguage\":\"en-US\",\"potentialAction\":[{\"@type\":\"ReadAction\",\"target\":[\"https:\\\/\\\/www.cde.ual.es\\\/ue-marruecos-nuevo-acuerdo-de-pesca-que-incluye-el-sahara-occidental\\\/\"]}]},{\"@type\":\"ImageObject\",\"inLanguage\":\"en-US\",\"@id\":\"https:\\\/\\\/www.cde.ual.es\\\/ue-marruecos-nuevo-acuerdo-de-pesca-que-incluye-el-sahara-occidental\\\/#primaryimage\",\"url\":\"https:\\\/\\\/www.cde.ual.es\\\/wp-content\\\/uploads\\\/2018\\\/07\\\/UE-sentencia-acuerdo-Marruecos-Sahara_EDIIMA20161221_0162_19.jpg\",\"contentUrl\":\"https:\\\/\\\/www.cde.ual.es\\\/wp-content\\\/uploads\\\/2018\\\/07\\\/UE-sentencia-acuerdo-Marruecos-Sahara_EDIIMA20161221_0162_19.jpg\",\"width\":643,\"height\":362},{\"@type\":\"BreadcrumbList\",\"@id\":\"https:\\\/\\\/www.cde.ual.es\\\/ue-marruecos-nuevo-acuerdo-de-pesca-que-incluye-el-sahara-occidental\\\/#breadcrumb\",\"itemListElement\":[{\"@type\":\"ListItem\",\"position\":1,\"name\":\"Inicio\",\"item\":\"https:\\\/\\\/www.cde.ual.es\\\/en\\\/\"},{\"@type\":\"ListItem\",\"position\":2,\"name\":\"Noticias UE\",\"item\":\"https:\\\/\\\/www.cde.ual.es\\\/category\\\/noticias-ue\\\/\"},{\"@type\":\"ListItem\",\"position\":3,\"name\":\"UE-Marruecos: Nuevo acuerdo de pesca que incluye el S\u00e1hara Occidental\"}]},{\"@type\":\"WebSite\",\"@id\":\"https:\\\/\\\/www.cde.ual.es\\\/#website\",\"url\":\"https:\\\/\\\/www.cde.ual.es\\\/\",\"name\":\"CDE Almer\u00eda - Centro de Documentaci\u00f3n Europea - Universidad de Almer\u00eda\",\"description\":\"Centro de Documentaci\u00f3n Europea de la Universidad de Almer\u00eda\",\"publisher\":{\"@id\":\"https:\\\/\\\/www.cde.ual.es\\\/#organization\"},\"alternateName\":\"CDE Almer\u00eda\",\"potentialAction\":[{\"@type\":\"SearchAction\",\"target\":{\"@type\":\"EntryPoint\",\"urlTemplate\":\"https:\\\/\\\/www.cde.ual.es\\\/?s={search_term_string}\"},\"query-input\":{\"@type\":\"PropertyValueSpecification\",\"valueRequired\":true,\"valueName\":\"search_term_string\"}}],\"inLanguage\":\"en-US\"},{\"@type\":\"Organization\",\"@id\":\"https:\\\/\\\/www.cde.ual.es\\\/#organization\",\"name\":\"Centro de Documentaci\u00f3n Europea de Almer\u00eda\",\"url\":\"https:\\\/\\\/www.cde.ual.es\\\/\",\"logo\":{\"@type\":\"ImageObject\",\"inLanguage\":\"en-US\",\"@id\":\"https:\\\/\\\/www.cde.ual.es\\\/#\\\/schema\\\/logo\\\/image\\\/\",\"url\":\"https:\\\/\\\/www.cde.ual.es\\\/wp-content\\\/uploads\\\/2025\\\/07\\\/cde-logo-3.png\",\"contentUrl\":\"https:\\\/\\\/www.cde.ual.es\\\/wp-content\\\/uploads\\\/2025\\\/07\\\/cde-logo-3.png\",\"width\":1400,\"height\":300,\"caption\":\"Centro de Documentaci\u00f3n Europea de Almer\u00eda\"},\"image\":{\"@id\":\"https:\\\/\\\/www.cde.ual.es\\\/#\\\/schema\\\/logo\\\/image\\\/\"},\"sameAs\":[\"https:\\\/\\\/www.facebook.com\\\/cdeuniversidadalmeria\\\/\",\"https:\\\/\\\/x.com\\\/cdeualmeria\",\"https:\\\/\\\/www.tiktok.com\\\/@cdealmeria\",\"https:\\\/\\\/www.instagram.com\\\/cdealmeria\\\/\",\"https:\\\/\\\/www.linkedin.com\\\/in\\\/cde-almera-812b26a9\\\/\"]},{\"@type\":\"Person\",\"@id\":\"https:\\\/\\\/www.cde.ual.es\\\/#\\\/schema\\\/person\\\/ee46ebc19edfa19598c02cff83335acc\",\"name\":\"BECA 2 CDE\",\"image\":{\"@type\":\"ImageObject\",\"inLanguage\":\"en-US\",\"@id\":\"https:\\\/\\\/secure.gravatar.com\\\/avatar\\\/35a481bbc04bbd90e91bdfa3b0b5541036c222a49b9ad37b6889a2afcb5311a5?s=96&d=mm&r=g\",\"url\":\"https:\\\/\\\/secure.gravatar.com\\\/avatar\\\/35a481bbc04bbd90e91bdfa3b0b5541036c222a49b9ad37b6889a2afcb5311a5?s=96&d=mm&r=g\",\"contentUrl\":\"https:\\\/\\\/secure.gravatar.com\\\/avatar\\\/35a481bbc04bbd90e91bdfa3b0b5541036c222a49b9ad37b6889a2afcb5311a5?s=96&d=mm&r=g\",\"caption\":\"BECA 2 CDE\"},\"sameAs\":[\"http:\\\/\\\/www.cdealmeria.com\"]}]}<\/script>\n<!-- \/ Yoast SEO plugin. -->","yoast_head_json":{"title":"UE-Marruecos: Nuevo acuerdo de pesca que incluye el S\u00e1hara Occidental | CDE Almer\u00eda - Centro de Documentaci\u00f3n Europea - Universidad de Almer\u00eda","robots":{"index":"index","follow":"follow","max-snippet":"max-snippet:-1","max-image-preview":"max-image-preview:large","max-video-preview":"max-video-preview:-1"},"canonical":"https:\/\/www.cde.ual.es\/ue-marruecos-nuevo-acuerdo-de-pesca-que-incluye-el-sahara-occidental\/","og_locale":"en_US","og_type":"article","og_title":"UE-Marruecos: Nuevo acuerdo de pesca que incluye el S\u00e1hara Occidental | CDE Almer\u00eda - Centro de Documentaci\u00f3n Europea - Universidad de Almer\u00eda","og_description":"El nuevo acuerdo de pesca UE-Marruecos, que incluye la regi\u00f3n del S\u00e1hara Occidental, recibi\u00f3 el martes el visto bueno del Parlamento Europeo. El pleno respald\u00f3 el texto con 415 votos a favor, 189 en contra y 49 abstenciones. El Acuerdo de colaboraci\u00f3n de pesca sostenible establece las condiciones legales, medioambientales, econ\u00f3micas y sociales para el [&hellip;]","og_url":"https:\/\/www.cde.ual.es\/ue-marruecos-nuevo-acuerdo-de-pesca-que-incluye-el-sahara-occidental\/","og_site_name":"CDE Almer\u00eda - Centro de Documentaci\u00f3n Europea - Universidad de Almer\u00eda","article_publisher":"https:\/\/www.facebook.com\/cdeuniversidadalmeria\/","article_published_time":"2019-02-14T07:24:27+00:00","article_modified_time":"2019-02-14T07:24:30+00:00","og_image":[{"width":643,"height":362,"url":"https:\/\/www.cde.ual.es\/wp-content\/uploads\/2018\/07\/UE-sentencia-acuerdo-Marruecos-Sahara_EDIIMA20161221_0162_19.jpg","type":"image\/jpeg"}],"author":"BECA 2 CDE","twitter_card":"summary_large_image","twitter_creator":"@cdeualmeria","twitter_site":"@cdeualmeria","twitter_misc":{"Written by":"BECA 2 CDE","Est. reading time":"3 minutes"},"schema":{"@context":"https:\/\/schema.org","@graph":[{"@type":"Article","@id":"https:\/\/www.cde.ual.es\/ue-marruecos-nuevo-acuerdo-de-pesca-que-incluye-el-sahara-occidental\/#article","isPartOf":{"@id":"https:\/\/www.cde.ual.es\/ue-marruecos-nuevo-acuerdo-de-pesca-que-incluye-el-sahara-occidental\/"},"author":{"name":"BECA 2 CDE","@id":"https:\/\/www.cde.ual.es\/#\/schema\/person\/ee46ebc19edfa19598c02cff83335acc"},"headline":"UE-Marruecos: Nuevo acuerdo de pesca que incluye el S\u00e1hara Occidental","datePublished":"2019-02-14T07:24:27+00:00","dateModified":"2019-02-14T07:24:30+00:00","mainEntityOfPage":{"@id":"https:\/\/www.cde.ual.es\/ue-marruecos-nuevo-acuerdo-de-pesca-que-incluye-el-sahara-occidental\/"},"wordCount":543,"commentCount":0,"publisher":{"@id":"https:\/\/www.cde.ual.es\/#organization"},"image":{"@id":"https:\/\/www.cde.ual.es\/ue-marruecos-nuevo-acuerdo-de-pesca-que-incluye-el-sahara-occidental\/#primaryimage"},"thumbnailUrl":"https:\/\/www.cde.ual.es\/wp-content\/uploads\/2018\/07\/UE-sentencia-acuerdo-Marruecos-Sahara_EDIIMA20161221_0162_19.jpg","keywords":["Asuntos Internacionales","Marruecos","Pesca","Uni\u00f3n Europea"],"articleSection":["Noticias UE"],"inLanguage":"en-US","potentialAction":[{"@type":"CommentAction","name":"Comment","target":["https:\/\/www.cde.ual.es\/ue-marruecos-nuevo-acuerdo-de-pesca-que-incluye-el-sahara-occidental\/#respond"]}]},{"@type":"WebPage","@id":"https:\/\/www.cde.ual.es\/ue-marruecos-nuevo-acuerdo-de-pesca-que-incluye-el-sahara-occidental\/","url":"https:\/\/www.cde.ual.es\/ue-marruecos-nuevo-acuerdo-de-pesca-que-incluye-el-sahara-occidental\/","name":"UE-Marruecos: Nuevo acuerdo de pesca que incluye el S\u00e1hara Occidental | CDE Almer\u00eda - Centro de Documentaci\u00f3n Europea - Universidad de Almer\u00eda","isPartOf":{"@id":"https:\/\/www.cde.ual.es\/#website"},"primaryImageOfPage":{"@id":"https:\/\/www.cde.ual.es\/ue-marruecos-nuevo-acuerdo-de-pesca-que-incluye-el-sahara-occidental\/#primaryimage"},"image":{"@id":"https:\/\/www.cde.ual.es\/ue-marruecos-nuevo-acuerdo-de-pesca-que-incluye-el-sahara-occidental\/#primaryimage"},"thumbnailUrl":"https:\/\/www.cde.ual.es\/wp-content\/uploads\/2018\/07\/UE-sentencia-acuerdo-Marruecos-Sahara_EDIIMA20161221_0162_19.jpg","datePublished":"2019-02-14T07:24:27+00:00","dateModified":"2019-02-14T07:24:30+00:00","breadcrumb":{"@id":"https:\/\/www.cde.ual.es\/ue-marruecos-nuevo-acuerdo-de-pesca-que-incluye-el-sahara-occidental\/#breadcrumb"},"inLanguage":"en-US","potentialAction":[{"@type":"ReadAction","target":["https:\/\/www.cde.ual.es\/ue-marruecos-nuevo-acuerdo-de-pesca-que-incluye-el-sahara-occidental\/"]}]},{"@type":"ImageObject","inLanguage":"en-US","@id":"https:\/\/www.cde.ual.es\/ue-marruecos-nuevo-acuerdo-de-pesca-que-incluye-el-sahara-occidental\/#primaryimage","url":"https:\/\/www.cde.ual.es\/wp-content\/uploads\/2018\/07\/UE-sentencia-acuerdo-Marruecos-Sahara_EDIIMA20161221_0162_19.jpg","contentUrl":"https:\/\/www.cde.ual.es\/wp-content\/uploads\/2018\/07\/UE-sentencia-acuerdo-Marruecos-Sahara_EDIIMA20161221_0162_19.jpg","width":643,"height":362},{"@type":"BreadcrumbList","@id":"https:\/\/www.cde.ual.es\/ue-marruecos-nuevo-acuerdo-de-pesca-que-incluye-el-sahara-occidental\/#breadcrumb","itemListElement":[{"@type":"ListItem","position":1,"name":"Inicio","item":"https:\/\/www.cde.ual.es\/en\/"},{"@type":"ListItem","position":2,"name":"Noticias UE","item":"https:\/\/www.cde.ual.es\/category\/noticias-ue\/"},{"@type":"ListItem","position":3,"name":"UE-Marruecos: Nuevo acuerdo de pesca que incluye el S\u00e1hara Occidental"}]},{"@type":"WebSite","@id":"https:\/\/www.cde.ual.es\/#website","url":"https:\/\/www.cde.ual.es\/","name":"CDE Almer\u00eda - Centro de Documentaci\u00f3n Europea - Universidad de Almer\u00eda","description":"Centro de Documentaci\u00f3n Europea de la Universidad de Almer\u00eda","publisher":{"@id":"https:\/\/www.cde.ual.es\/#organization"},"alternateName":"CDE Almer\u00eda","potentialAction":[{"@type":"SearchAction","target":{"@type":"EntryPoint","urlTemplate":"https:\/\/www.cde.ual.es\/?s={search_term_string}"},"query-input":{"@type":"PropertyValueSpecification","valueRequired":true,"valueName":"search_term_string"}}],"inLanguage":"en-US"},{"@type":"Organization","@id":"https:\/\/www.cde.ual.es\/#organization","name":"Centro de Documentaci\u00f3n Europea de Almer\u00eda","url":"https:\/\/www.cde.ual.es\/","logo":{"@type":"ImageObject","inLanguage":"en-US","@id":"https:\/\/www.cde.ual.es\/#\/schema\/logo\/image\/","url":"https:\/\/www.cde.ual.es\/wp-content\/uploads\/2025\/07\/cde-logo-3.png","contentUrl":"https:\/\/www.cde.ual.es\/wp-content\/uploads\/2025\/07\/cde-logo-3.png","width":1400,"height":300,"caption":"Centro de Documentaci\u00f3n Europea de Almer\u00eda"},"image":{"@id":"https:\/\/www.cde.ual.es\/#\/schema\/logo\/image\/"},"sameAs":["https:\/\/www.facebook.com\/cdeuniversidadalmeria\/","https:\/\/x.com\/cdeualmeria","https:\/\/www.tiktok.com\/@cdealmeria","https:\/\/www.instagram.com\/cdealmeria\/","https:\/\/www.linkedin.com\/in\/cde-almera-812b26a9\/"]},{"@type":"Person","@id":"https:\/\/www.cde.ual.es\/#\/schema\/person\/ee46ebc19edfa19598c02cff83335acc","name":"BECA 2 CDE","image":{"@type":"ImageObject","inLanguage":"en-US","@id":"https:\/\/secure.gravatar.com\/avatar\/35a481bbc04bbd90e91bdfa3b0b5541036c222a49b9ad37b6889a2afcb5311a5?s=96&d=mm&r=g","url":"https:\/\/secure.gravatar.com\/avatar\/35a481bbc04bbd90e91bdfa3b0b5541036c222a49b9ad37b6889a2afcb5311a5?s=96&d=mm&r=g","contentUrl":"https:\/\/secure.gravatar.com\/avatar\/35a481bbc04bbd90e91bdfa3b0b5541036c222a49b9ad37b6889a2afcb5311a5?s=96&d=mm&r=g","caption":"BECA 2 CDE"},"sameAs":["http:\/\/www.cdealmeria.com"]}]}},"_links":{"self":[{"href":"https:\/\/www.cde.ual.es\/en\/wp-json\/wp\/v2\/posts\/12874","targetHints":{"allow":["GET"]}}],"collection":[{"href":"https:\/\/www.cde.ual.es\/en\/wp-json\/wp\/v2\/posts"}],"about":[{"href":"https:\/\/www.cde.ual.es\/en\/wp-json\/wp\/v2\/types\/post"}],"author":[{"embeddable":true,"href":"https:\/\/www.cde.ual.es\/en\/wp-json\/wp\/v2\/users\/101011"}],"replies":[{"embeddable":true,"href":"https:\/\/www.cde.ual.es\/en\/wp-json\/wp\/v2\/comments?post=12874"}],"version-history":[{"count":0,"href":"https:\/\/www.cde.ual.es\/en\/wp-json\/wp\/v2\/posts\/12874\/revisions"}],"wp:featuredmedia":[{"embeddable":true,"href":"https:\/\/www.cde.ual.es\/en\/wp-json\/wp\/v2\/media\/7470"}],"wp:attachment":[{"href":"https:\/\/www.cde.ual.es\/en\/wp-json\/wp\/v2\/media?parent=12874"}],"wp:term":[{"taxonomy":"category","embeddable":true,"href":"https:\/\/www.cde.ual.es\/en\/wp-json\/wp\/v2\/categories?post=12874"},{"taxonomy":"post_tag","embeddable":true,"href":"https:\/\/www.cde.ual.es\/en\/wp-json\/wp\/v2\/tags?post=12874"}],"curies":[{"name":"wp","href":"https:\/\/api.w.org\/{rel}","templated":true}]}}