{"id":128302,"date":"2023-01-16T03:00:18","date_gmt":"2023-01-16T02:00:18","guid":{"rendered":"https:\/\/www.cde.ual.es\/?p=128302"},"modified":"2023-01-13T09:28:20","modified_gmt":"2023-01-13T08:28:20","slug":"sexual-orientation-cannot-be-a-reason-to-refuse-to-conclude-a-contract-with-a-self-employed-worker","status":"publish","type":"post","link":"https:\/\/www.cde.ual.es\/en\/sexual-orientation-cannot-be-a-reason-to-refuse-to-conclude-a-contract-with-a-self-employed-worker\/","title":{"rendered":"Sexual orientation cannot be a reason to refuse to conclude a contract with a self-employed worker"},"content":{"rendered":"<p style=\"text-align: justify;\"><strong>Judgment of the Court in Case C-356\/21<\/strong><\/p>\n<p style=\"text-align: justify;\"><em>The Directive on equal treatment in employment and occupation, which covers a wide range of occupational activities, establishes a general framework for combatting discrimination based, inter alia, on sexual orientation.<\/em><\/p>\n<p style=\"text-align: justify;\"><a href=\"https:\/\/www.cde.ual.es\/wp-content\/uploads\/2023\/01\/raphael-renter-wuxdtGMNYaU-unsplash-1.jpg\"><img decoding=\"async\" class=\"aligncenter wp-image-128294 size-full\" src=\"https:\/\/www.cde.ual.es\/wp-content\/uploads\/2023\/01\/raphael-renter-wuxdtGMNYaU-unsplash-1.jpg\" alt=\"LGBTIQ+ Flag\" width=\"640\" height=\"427\" srcset=\"https:\/\/www.cde.ual.es\/wp-content\/uploads\/2023\/01\/raphael-renter-wuxdtGMNYaU-unsplash-1.jpg 640w, https:\/\/www.cde.ual.es\/wp-content\/uploads\/2023\/01\/raphael-renter-wuxdtGMNYaU-unsplash-1-300x200.jpg 300w\" sizes=\"(max-width: 640px) 100vw, 640px\" \/><\/a><br \/>\nBetween 2010 and 2017, a self-employed worker prepared audiovisual material, trailers and features for the promotional programmes of TP, a company that operates a nationwide public television channel in Poland. That collaboration was based on a series of contracts for specific work which that worker concluded with TP in the context of his independent economic activity.<\/p>\n<p style=\"text-align: justify;\">In December 2017, that self-employed worker and his partner published a Christmas music video on YouTube aimed at promoting tolerance towards same-sex couples. Shortly after the publication of that video, that worker\u2019s shifts were unilaterally cancelled by TP and, subsequently, no new contract for specific work was concluded with<br \/>\nhim.<\/p>\n<p style=\"text-align: justify;\">Considering himself to be a victim of direct discrimination based on his sexual orientation, that worker brought an action for compensation before the District Court of Warsaw (Poland). That court questions, first, whether the situation at issue in the main proceedings falls within the scope of Directive 2000\/78\/EC on equal treatment in employment and occupation.<\/p>\n<p style=\"text-align: justify;\">Secondly, the national court wishes to know whether that directive precludes national legislation which excludes, on the basis of the freedom of choice of contracting parties, from the protection against discrimination to be conferred by that directive, the refusal, based on the sexual orientation of a person, to conclude or renew a contract with a self-employed worker.<\/p>\n<p style=\"text-align: justify;\">By its judgment delivered, the Court holds that the concept of \u2018conditions for access to employment, to selfemployment or to occupation\u2019, which restricts the occupational activities falling within the scope of Directive 2000\/78, must be construed broadly, covering the access to any occupational activity, whatever the nature and characteristics of such activity. That interpretation not only follows from the text of Directive 2000\/78, but is also confirmed by its objectives. In that respect, the Court notes that <strong>Directive 2000\/78 seeks to eliminate, on grounds relating to social and public interest, all discriminatory obstacles to access to livelihoods and to the capacity to contribute to society through work, irrespective of the legal form in which it is provided<\/strong>. Nevertheless, since activities consisting of the mere provision of goods or services to one or more recipients do not fall within the scope of that directive, the Court specifies that occupational activities falling within the scope of Directive 2000\/78, must be genuine and be pursued in the context of a legal relationship characterised by a degree of stability. It is for the referring court to assess whether the activity at issue satisfies that criterion.<\/p>\n<table style=\"width: 99.9988%; border-collapse: collapse; border-style: double; border-color: #001f7d;\" cellpadding=\"0,5\">\n<tbody>\n<tr>\n<td style=\"width: 100%;\"><a href=\"https:\/\/www.cde.ual.es\/en\/commission-refers-hungary-to-the-court-of-justice-of-the-eu-over-violation-of-lgbtiq-rights\/\" target=\"_blank\" rel=\"noopener\"><img decoding=\"async\" class=\"alignleft\" src=\"https:\/\/www.cde.ual.es\/wp-content\/uploads\/2022\/07\/elena-mozhvilo-j06gLuKK0GM-unsplash-scaled.jpg\" alt=\"\" width=\"140\" height=\"173\" \/><\/a><\/p>\n<h4 class=\"entry-title\"><a href=\"https:\/\/www.cde.ual.es\/en\/commission-refers-hungary-to-the-court-of-justice-of-the-eu-over-violation-of-lgbtiq-rights\/\" target=\"_blank\" rel=\"noopener\">Commission refers HUNGARY to the Court of Justice of the EU over violation of LGBTIQ rights<br \/>\n<\/a><\/h4>\n<\/td>\n<\/tr>\n<\/tbody>\n<\/table>\n<p style=\"text-align: justify;\">Similarly, the Court finds that the concept of \u2018employment and working conditions, including dismissals and pay\u2019, within the meaning of Directive 2000\/78, must also be construed in a broad sense, as covering the conditions applicable to any form of employment or self-employment, whatever the legal form in which it is pursued. In addition, as regards the concept of \u2018dismissal\u2019, the Court notes that <strong>a person who has been self-employed may also find himself or herself obliged to stop working due to his or her contractual counterparty and thus be in a vulnerable position comparable to that of an employed worker who has been dismissed.<\/strong> The Court concludes, subject to the assessment to be carried out by the referring court, that the decision not to renew the contract on the ground of the sexual orientation of the contractor falls within the scope of Directive 2000\/78.<\/p>\n<p style=\"text-align: justify;\">In the event that the referring court were to find that there was discrimination, the Court considers that it cannot be justified on one of the grounds referred to in Article 2(5) of Directive 2000\/78 establishing an exception to the principle of the prohibition of discrimination. In that regard, the Court observes that while the Polish legislation appears to protect the rights and freedoms of others, more specifically freedom of contract, it is not necessary for the purposes of safeguarding that freedom.<\/p>\n<p style=\"text-align: justify;\">According to the Court, the fact that the Polish legislature provided for a number of exceptions to the freedom to choose a contracting party shows that it itself considered that discrimination could not be regarded as necessary for the purposes of safeguarding freedom of contract in a democratic society. Lastly, the Court notes that <strong>to accept that freedom of contract allows a refusal to contract with a person on the ground of that person\u2019s sexual orientation would deprive Directive 2000\/78, and the prohibition of any discrimination based on that ground, of its practical effect.<\/strong><\/p>\n<p style=\"text-align: justify;\">PRESS RELEASE No 6\/23<br \/>\nLuxembourg, 12 January 2023<\/p>\n<p style=\"text-align: justify;\"><strong>Source<\/strong>:<a href=\"https:\/\/www.cde.ual.es\/wp-content\/uploads\/2023\/01\/cp230006en.pdf\" target=\"_blank\" rel=\"noopener\"> Press release &#8211; CURIA<\/a><\/p>\n","protected":false},"excerpt":{"rendered":"<p>Judgment of the Court in Case C-356\/21 The Directive on equal treatment in employment and occupation, which covers a wide range of occupational activities, establishes a general framework for combatting discrimination based, inter alia, on sexual orientation. Between 2010 and 2017, a self-employed worker prepared audiovisual material, trailers and features for the promotional programmes of [&hellip;]<\/p>\n","protected":false},"author":101011,"featured_media":128294,"comment_status":"open","ping_status":"open","sticky":false,"template":"","format":"standard","meta":{"_acf_changed":false,"_relevanssi_hide_post":"","_relevanssi_hide_content":"","_relevanssi_pin_for_all":"","_relevanssi_pin_keywords":"","_relevanssi_unpin_keywords":"","_relevanssi_related_keywords":"","_relevanssi_related_include_ids":"","_relevanssi_related_exclude_ids":"","_relevanssi_related_no_append":"","_relevanssi_related_not_related":"","_relevanssi_related_posts":"","_relevanssi_noindex_reason":"","_monsterinsights_skip_tracking":false,"_monsterinsights_sitenote_active":false,"_monsterinsights_sitenote_note":"","_monsterinsights_sitenote_category":0,"_genesis_hide_title":false,"_genesis_hide_breadcrumbs":false,"_genesis_hide_singular_image":false,"_genesis_hide_footer_widgets":false,"_genesis_custom_body_class":"","_genesis_custom_post_class":"","_genesis_layout":"","footnotes":""},"categories":[4069,346,4079,4067],"tags":[5434,1295,414,3761,8148],"class_list":{"0":"post-128302","1":"post","2":"type-post","3":"status-publish","4":"format-standard","5":"has-post-thumbnail","7":"category-equality","8":"category-eu-news","9":"category-law","10":"category-social-affairs","11":"tag-court-of-justice-of-the-eu","12":"tag-discrimination","13":"tag-equality","14":"tag-lgbtiq-rights","15":"tag-lgbtiq","16":"entry"},"acf":[],"yoast_head":"<!-- This site is optimized with the Yoast SEO plugin v27.5 - https:\/\/yoast.com\/product\/yoast-seo-wordpress\/ -->\n<title>Sexual orientation cannot be a reason to refuse to conclude a contract with a self-employed worker | CDE Almer\u00eda - Centro de Documentaci\u00f3n Europea - Universidad de Almer\u00eda<\/title>\n<meta name=\"robots\" content=\"index, follow, max-snippet:-1, max-image-preview:large, max-video-preview:-1\" \/>\n<link rel=\"canonical\" href=\"https:\/\/www.cde.ual.es\/?p=128290\" \/>\n<meta property=\"og:locale\" content=\"en_US\" \/>\n<meta property=\"og:type\" content=\"article\" \/>\n<meta property=\"og:title\" content=\"Sexual orientation cannot be a reason to refuse to conclude a contract with a self-employed worker | CDE Almer\u00eda - Centro de Documentaci\u00f3n Europea - Universidad de Almer\u00eda\" \/>\n<meta property=\"og:description\" content=\"Judgment of the Court in Case C-356\/21 The Directive on equal treatment in employment and occupation, which covers a wide range of occupational activities, establishes a general framework for combatting discrimination based, inter alia, on sexual orientation. Between 2010 and 2017, a self-employed worker prepared audiovisual material, trailers and features for the promotional programmes of [&hellip;]\" \/>\n<meta property=\"og:url\" content=\"https:\/\/www.cde.ual.es\/?p=128290\" \/>\n<meta property=\"og:site_name\" content=\"CDE Almer\u00eda - Centro de Documentaci\u00f3n Europea - Universidad de Almer\u00eda\" \/>\n<meta property=\"article:publisher\" content=\"https:\/\/www.facebook.com\/cdeuniversidadalmeria\/\" \/>\n<meta property=\"article:published_time\" content=\"2023-01-16T02:00:18+00:00\" \/>\n<meta property=\"og:image\" content=\"https:\/\/www.cde.ual.es\/wp-content\/uploads\/2023\/01\/raphael-renter-wuxdtGMNYaU-unsplash-1.jpg\" \/>\n\t<meta property=\"og:image:width\" content=\"640\" \/>\n\t<meta property=\"og:image:height\" content=\"427\" \/>\n\t<meta property=\"og:image:type\" content=\"image\/jpeg\" \/>\n<meta name=\"author\" content=\"BECA 2 CDE\" \/>\n<meta name=\"twitter:card\" content=\"summary_large_image\" \/>\n<meta name=\"twitter:creator\" content=\"@cdeualmeria\" \/>\n<meta name=\"twitter:site\" content=\"@cdeualmeria\" \/>\n<meta name=\"twitter:label1\" content=\"Written by\" \/>\n\t<meta name=\"twitter:data1\" content=\"BECA 2 CDE\" \/>\n\t<meta name=\"twitter:label2\" content=\"Est. reading time\" \/>\n\t<meta name=\"twitter:data2\" content=\"5 minutes\" \/>\n<script type=\"application\/ld+json\" class=\"yoast-schema-graph\">{\"@context\":\"https:\\\/\\\/schema.org\",\"@graph\":[{\"@type\":\"Article\",\"@id\":\"https:\\\/\\\/www.cde.ual.es\\\/?p=128290#article\",\"isPartOf\":{\"@id\":\"https:\\\/\\\/www.cde.ual.es\\\/?p=128290\"},\"author\":{\"name\":\"BECA 2 CDE\",\"@id\":\"https:\\\/\\\/www.cde.ual.es\\\/#\\\/schema\\\/person\\\/ee46ebc19edfa19598c02cff83335acc\"},\"headline\":\"Sexual orientation cannot be a reason to refuse to conclude a contract with a self-employed worker\",\"datePublished\":\"2023-01-16T02:00:18+00:00\",\"mainEntityOfPage\":{\"@id\":\"https:\\\/\\\/www.cde.ual.es\\\/?p=128290\"},\"wordCount\":798,\"commentCount\":0,\"publisher\":{\"@id\":\"https:\\\/\\\/www.cde.ual.es\\\/#organization\"},\"image\":{\"@id\":\"https:\\\/\\\/www.cde.ual.es\\\/?p=128290#primaryimage\"},\"thumbnailUrl\":\"https:\\\/\\\/www.cde.ual.es\\\/wp-content\\\/uploads\\\/2023\\\/01\\\/raphael-renter-wuxdtGMNYaU-unsplash-1.jpg\",\"keywords\":[\"Court of Justice of the EU\",\"Discrimination\",\"Equality\",\"LGBTIQ rights\",\"LGBTIQ+\"],\"articleSection\":[\"Equality\",\"EU News\",\"Law\",\"Social Affairs\"],\"inLanguage\":\"en-US\",\"potentialAction\":[{\"@type\":\"CommentAction\",\"name\":\"Comment\",\"target\":[\"https:\\\/\\\/www.cde.ual.es\\\/?p=128290#respond\"]}]},{\"@type\":\"WebPage\",\"@id\":\"https:\\\/\\\/www.cde.ual.es\\\/?p=128290\",\"url\":\"https:\\\/\\\/www.cde.ual.es\\\/?p=128290\",\"name\":\"Sexual orientation cannot be a reason to refuse to conclude a contract with a self-employed worker | CDE Almer\u00eda - Centro de Documentaci\u00f3n Europea - Universidad de Almer\u00eda\",\"isPartOf\":{\"@id\":\"https:\\\/\\\/www.cde.ual.es\\\/#website\"},\"primaryImageOfPage\":{\"@id\":\"https:\\\/\\\/www.cde.ual.es\\\/?p=128290#primaryimage\"},\"image\":{\"@id\":\"https:\\\/\\\/www.cde.ual.es\\\/?p=128290#primaryimage\"},\"thumbnailUrl\":\"https:\\\/\\\/www.cde.ual.es\\\/wp-content\\\/uploads\\\/2023\\\/01\\\/raphael-renter-wuxdtGMNYaU-unsplash-1.jpg\",\"datePublished\":\"2023-01-16T02:00:18+00:00\",\"breadcrumb\":{\"@id\":\"https:\\\/\\\/www.cde.ual.es\\\/?p=128290#breadcrumb\"},\"inLanguage\":\"en-US\",\"potentialAction\":[{\"@type\":\"ReadAction\",\"target\":[\"https:\\\/\\\/www.cde.ual.es\\\/?p=128290\"]}]},{\"@type\":\"ImageObject\",\"inLanguage\":\"en-US\",\"@id\":\"https:\\\/\\\/www.cde.ual.es\\\/?p=128290#primaryimage\",\"url\":\"https:\\\/\\\/www.cde.ual.es\\\/wp-content\\\/uploads\\\/2023\\\/01\\\/raphael-renter-wuxdtGMNYaU-unsplash-1.jpg\",\"contentUrl\":\"https:\\\/\\\/www.cde.ual.es\\\/wp-content\\\/uploads\\\/2023\\\/01\\\/raphael-renter-wuxdtGMNYaU-unsplash-1.jpg\",\"width\":640,\"height\":427,\"caption\":\"bandera lgtbiq\"},{\"@type\":\"BreadcrumbList\",\"@id\":\"https:\\\/\\\/www.cde.ual.es\\\/?p=128290#breadcrumb\",\"itemListElement\":[{\"@type\":\"ListItem\",\"position\":1,\"name\":\"Inicio\",\"item\":\"https:\\\/\\\/www.cde.ual.es\\\/en\\\/\"},{\"@type\":\"ListItem\",\"position\":2,\"name\":\"Noticias UE\",\"item\":\"https:\\\/\\\/www.cde.ual.es\\\/category\\\/noticias-ue\\\/\"},{\"@type\":\"ListItem\",\"position\":3,\"name\":\"Asuntos Sociales\",\"item\":\"https:\\\/\\\/www.cde.ual.es\\\/category\\\/noticias-ue\\\/soc\\\/\"},{\"@type\":\"ListItem\",\"position\":4,\"name\":\"Equality\",\"item\":\"https:\\\/\\\/www.cde.ual.es\\\/en\\\/category\\\/eu-news\\\/social-affairs\\\/equality\\\/\"},{\"@type\":\"ListItem\",\"position\":5,\"name\":\"Sexual orientation cannot be a reason to refuse to conclude a contract with a self-employed worker\"}]},{\"@type\":\"WebSite\",\"@id\":\"https:\\\/\\\/www.cde.ual.es\\\/#website\",\"url\":\"https:\\\/\\\/www.cde.ual.es\\\/\",\"name\":\"CDE Almer\u00eda - Centro de Documentaci\u00f3n Europea - Universidad de Almer\u00eda\",\"description\":\"Centro de Documentaci\u00f3n Europea de la Universidad de Almer\u00eda\",\"publisher\":{\"@id\":\"https:\\\/\\\/www.cde.ual.es\\\/#organization\"},\"alternateName\":\"CDE Almer\u00eda\",\"potentialAction\":[{\"@type\":\"SearchAction\",\"target\":{\"@type\":\"EntryPoint\",\"urlTemplate\":\"https:\\\/\\\/www.cde.ual.es\\\/?s={search_term_string}\"},\"query-input\":{\"@type\":\"PropertyValueSpecification\",\"valueRequired\":true,\"valueName\":\"search_term_string\"}}],\"inLanguage\":\"en-US\"},{\"@type\":\"Organization\",\"@id\":\"https:\\\/\\\/www.cde.ual.es\\\/#organization\",\"name\":\"Centro de Documentaci\u00f3n Europea de Almer\u00eda\",\"url\":\"https:\\\/\\\/www.cde.ual.es\\\/\",\"logo\":{\"@type\":\"ImageObject\",\"inLanguage\":\"en-US\",\"@id\":\"https:\\\/\\\/www.cde.ual.es\\\/#\\\/schema\\\/logo\\\/image\\\/\",\"url\":\"https:\\\/\\\/www.cde.ual.es\\\/wp-content\\\/uploads\\\/2025\\\/07\\\/cde-logo-3.png\",\"contentUrl\":\"https:\\\/\\\/www.cde.ual.es\\\/wp-content\\\/uploads\\\/2025\\\/07\\\/cde-logo-3.png\",\"width\":1400,\"height\":300,\"caption\":\"Centro de Documentaci\u00f3n Europea de Almer\u00eda\"},\"image\":{\"@id\":\"https:\\\/\\\/www.cde.ual.es\\\/#\\\/schema\\\/logo\\\/image\\\/\"},\"sameAs\":[\"https:\\\/\\\/www.facebook.com\\\/cdeuniversidadalmeria\\\/\",\"https:\\\/\\\/x.com\\\/cdeualmeria\",\"https:\\\/\\\/www.tiktok.com\\\/@cdealmeria\",\"https:\\\/\\\/www.instagram.com\\\/cdealmeria\\\/\",\"https:\\\/\\\/www.linkedin.com\\\/in\\\/cde-almera-812b26a9\\\/\"]},{\"@type\":\"Person\",\"@id\":\"https:\\\/\\\/www.cde.ual.es\\\/#\\\/schema\\\/person\\\/ee46ebc19edfa19598c02cff83335acc\",\"name\":\"BECA 2 CDE\",\"image\":{\"@type\":\"ImageObject\",\"inLanguage\":\"en-US\",\"@id\":\"https:\\\/\\\/secure.gravatar.com\\\/avatar\\\/35a481bbc04bbd90e91bdfa3b0b5541036c222a49b9ad37b6889a2afcb5311a5?s=96&d=mm&r=g\",\"url\":\"https:\\\/\\\/secure.gravatar.com\\\/avatar\\\/35a481bbc04bbd90e91bdfa3b0b5541036c222a49b9ad37b6889a2afcb5311a5?s=96&d=mm&r=g\",\"contentUrl\":\"https:\\\/\\\/secure.gravatar.com\\\/avatar\\\/35a481bbc04bbd90e91bdfa3b0b5541036c222a49b9ad37b6889a2afcb5311a5?s=96&d=mm&r=g\",\"caption\":\"BECA 2 CDE\"},\"sameAs\":[\"http:\\\/\\\/www.cdealmeria.com\"]}]}<\/script>\n<!-- \/ Yoast SEO plugin. -->","yoast_head_json":{"title":"Sexual orientation cannot be a reason to refuse to conclude a contract with a self-employed worker | CDE Almer\u00eda - Centro de Documentaci\u00f3n Europea - Universidad de Almer\u00eda","robots":{"index":"index","follow":"follow","max-snippet":"max-snippet:-1","max-image-preview":"max-image-preview:large","max-video-preview":"max-video-preview:-1"},"canonical":"https:\/\/www.cde.ual.es\/?p=128290","og_locale":"en_US","og_type":"article","og_title":"Sexual orientation cannot be a reason to refuse to conclude a contract with a self-employed worker | CDE Almer\u00eda - Centro de Documentaci\u00f3n Europea - Universidad de Almer\u00eda","og_description":"Judgment of the Court in Case C-356\/21 The Directive on equal treatment in employment and occupation, which covers a wide range of occupational activities, establishes a general framework for combatting discrimination based, inter alia, on sexual orientation. Between 2010 and 2017, a self-employed worker prepared audiovisual material, trailers and features for the promotional programmes of [&hellip;]","og_url":"https:\/\/www.cde.ual.es\/?p=128290","og_site_name":"CDE Almer\u00eda - Centro de Documentaci\u00f3n Europea - Universidad de Almer\u00eda","article_publisher":"https:\/\/www.facebook.com\/cdeuniversidadalmeria\/","article_published_time":"2023-01-16T02:00:18+00:00","og_image":[{"width":640,"height":427,"url":"https:\/\/www.cde.ual.es\/wp-content\/uploads\/2023\/01\/raphael-renter-wuxdtGMNYaU-unsplash-1.jpg","type":"image\/jpeg"}],"author":"BECA 2 CDE","twitter_card":"summary_large_image","twitter_creator":"@cdeualmeria","twitter_site":"@cdeualmeria","twitter_misc":{"Written by":"BECA 2 CDE","Est. reading time":"5 minutes"},"schema":{"@context":"https:\/\/schema.org","@graph":[{"@type":"Article","@id":"https:\/\/www.cde.ual.es\/?p=128290#article","isPartOf":{"@id":"https:\/\/www.cde.ual.es\/?p=128290"},"author":{"name":"BECA 2 CDE","@id":"https:\/\/www.cde.ual.es\/#\/schema\/person\/ee46ebc19edfa19598c02cff83335acc"},"headline":"Sexual orientation cannot be a reason to refuse to conclude a contract with a self-employed worker","datePublished":"2023-01-16T02:00:18+00:00","mainEntityOfPage":{"@id":"https:\/\/www.cde.ual.es\/?p=128290"},"wordCount":798,"commentCount":0,"publisher":{"@id":"https:\/\/www.cde.ual.es\/#organization"},"image":{"@id":"https:\/\/www.cde.ual.es\/?p=128290#primaryimage"},"thumbnailUrl":"https:\/\/www.cde.ual.es\/wp-content\/uploads\/2023\/01\/raphael-renter-wuxdtGMNYaU-unsplash-1.jpg","keywords":["Court of Justice of the EU","Discrimination","Equality","LGBTIQ rights","LGBTIQ+"],"articleSection":["Equality","EU News","Law","Social Affairs"],"inLanguage":"en-US","potentialAction":[{"@type":"CommentAction","name":"Comment","target":["https:\/\/www.cde.ual.es\/?p=128290#respond"]}]},{"@type":"WebPage","@id":"https:\/\/www.cde.ual.es\/?p=128290","url":"https:\/\/www.cde.ual.es\/?p=128290","name":"Sexual orientation cannot be a reason to refuse to conclude a contract with a self-employed worker | CDE Almer\u00eda - Centro de Documentaci\u00f3n Europea - Universidad de Almer\u00eda","isPartOf":{"@id":"https:\/\/www.cde.ual.es\/#website"},"primaryImageOfPage":{"@id":"https:\/\/www.cde.ual.es\/?p=128290#primaryimage"},"image":{"@id":"https:\/\/www.cde.ual.es\/?p=128290#primaryimage"},"thumbnailUrl":"https:\/\/www.cde.ual.es\/wp-content\/uploads\/2023\/01\/raphael-renter-wuxdtGMNYaU-unsplash-1.jpg","datePublished":"2023-01-16T02:00:18+00:00","breadcrumb":{"@id":"https:\/\/www.cde.ual.es\/?p=128290#breadcrumb"},"inLanguage":"en-US","potentialAction":[{"@type":"ReadAction","target":["https:\/\/www.cde.ual.es\/?p=128290"]}]},{"@type":"ImageObject","inLanguage":"en-US","@id":"https:\/\/www.cde.ual.es\/?p=128290#primaryimage","url":"https:\/\/www.cde.ual.es\/wp-content\/uploads\/2023\/01\/raphael-renter-wuxdtGMNYaU-unsplash-1.jpg","contentUrl":"https:\/\/www.cde.ual.es\/wp-content\/uploads\/2023\/01\/raphael-renter-wuxdtGMNYaU-unsplash-1.jpg","width":640,"height":427,"caption":"bandera lgtbiq"},{"@type":"BreadcrumbList","@id":"https:\/\/www.cde.ual.es\/?p=128290#breadcrumb","itemListElement":[{"@type":"ListItem","position":1,"name":"Inicio","item":"https:\/\/www.cde.ual.es\/en\/"},{"@type":"ListItem","position":2,"name":"Noticias UE","item":"https:\/\/www.cde.ual.es\/category\/noticias-ue\/"},{"@type":"ListItem","position":3,"name":"Asuntos Sociales","item":"https:\/\/www.cde.ual.es\/category\/noticias-ue\/soc\/"},{"@type":"ListItem","position":4,"name":"Equality","item":"https:\/\/www.cde.ual.es\/en\/category\/eu-news\/social-affairs\/equality\/"},{"@type":"ListItem","position":5,"name":"Sexual orientation cannot be a reason to refuse to conclude a contract with a self-employed worker"}]},{"@type":"WebSite","@id":"https:\/\/www.cde.ual.es\/#website","url":"https:\/\/www.cde.ual.es\/","name":"CDE Almer\u00eda - Centro de Documentaci\u00f3n Europea - Universidad de Almer\u00eda","description":"Centro de Documentaci\u00f3n Europea de la Universidad de Almer\u00eda","publisher":{"@id":"https:\/\/www.cde.ual.es\/#organization"},"alternateName":"CDE Almer\u00eda","potentialAction":[{"@type":"SearchAction","target":{"@type":"EntryPoint","urlTemplate":"https:\/\/www.cde.ual.es\/?s={search_term_string}"},"query-input":{"@type":"PropertyValueSpecification","valueRequired":true,"valueName":"search_term_string"}}],"inLanguage":"en-US"},{"@type":"Organization","@id":"https:\/\/www.cde.ual.es\/#organization","name":"Centro de Documentaci\u00f3n Europea de Almer\u00eda","url":"https:\/\/www.cde.ual.es\/","logo":{"@type":"ImageObject","inLanguage":"en-US","@id":"https:\/\/www.cde.ual.es\/#\/schema\/logo\/image\/","url":"https:\/\/www.cde.ual.es\/wp-content\/uploads\/2025\/07\/cde-logo-3.png","contentUrl":"https:\/\/www.cde.ual.es\/wp-content\/uploads\/2025\/07\/cde-logo-3.png","width":1400,"height":300,"caption":"Centro de Documentaci\u00f3n Europea de Almer\u00eda"},"image":{"@id":"https:\/\/www.cde.ual.es\/#\/schema\/logo\/image\/"},"sameAs":["https:\/\/www.facebook.com\/cdeuniversidadalmeria\/","https:\/\/x.com\/cdeualmeria","https:\/\/www.tiktok.com\/@cdealmeria","https:\/\/www.instagram.com\/cdealmeria\/","https:\/\/www.linkedin.com\/in\/cde-almera-812b26a9\/"]},{"@type":"Person","@id":"https:\/\/www.cde.ual.es\/#\/schema\/person\/ee46ebc19edfa19598c02cff83335acc","name":"BECA 2 CDE","image":{"@type":"ImageObject","inLanguage":"en-US","@id":"https:\/\/secure.gravatar.com\/avatar\/35a481bbc04bbd90e91bdfa3b0b5541036c222a49b9ad37b6889a2afcb5311a5?s=96&d=mm&r=g","url":"https:\/\/secure.gravatar.com\/avatar\/35a481bbc04bbd90e91bdfa3b0b5541036c222a49b9ad37b6889a2afcb5311a5?s=96&d=mm&r=g","contentUrl":"https:\/\/secure.gravatar.com\/avatar\/35a481bbc04bbd90e91bdfa3b0b5541036c222a49b9ad37b6889a2afcb5311a5?s=96&d=mm&r=g","caption":"BECA 2 CDE"},"sameAs":["http:\/\/www.cdealmeria.com"]}]}},"_links":{"self":[{"href":"https:\/\/www.cde.ual.es\/en\/wp-json\/wp\/v2\/posts\/128302","targetHints":{"allow":["GET"]}}],"collection":[{"href":"https:\/\/www.cde.ual.es\/en\/wp-json\/wp\/v2\/posts"}],"about":[{"href":"https:\/\/www.cde.ual.es\/en\/wp-json\/wp\/v2\/types\/post"}],"author":[{"embeddable":true,"href":"https:\/\/www.cde.ual.es\/en\/wp-json\/wp\/v2\/users\/101011"}],"replies":[{"embeddable":true,"href":"https:\/\/www.cde.ual.es\/en\/wp-json\/wp\/v2\/comments?post=128302"}],"version-history":[{"count":1,"href":"https:\/\/www.cde.ual.es\/en\/wp-json\/wp\/v2\/posts\/128302\/revisions"}],"predecessor-version":[{"id":128308,"href":"https:\/\/www.cde.ual.es\/en\/wp-json\/wp\/v2\/posts\/128302\/revisions\/128308"}],"wp:featuredmedia":[{"embeddable":true,"href":"https:\/\/www.cde.ual.es\/en\/wp-json\/wp\/v2\/media\/128294"}],"wp:attachment":[{"href":"https:\/\/www.cde.ual.es\/en\/wp-json\/wp\/v2\/media?parent=128302"}],"wp:term":[{"taxonomy":"category","embeddable":true,"href":"https:\/\/www.cde.ual.es\/en\/wp-json\/wp\/v2\/categories?post=128302"},{"taxonomy":"post_tag","embeddable":true,"href":"https:\/\/www.cde.ual.es\/en\/wp-json\/wp\/v2\/tags?post=128302"}],"curies":[{"name":"wp","href":"https:\/\/api.w.org\/{rel}","templated":true}]}}