{"id":12727,"date":"2019-02-11T09:00:57","date_gmt":"2019-02-11T08:00:57","guid":{"rendered":"http:\/\/www.cde.ual.es\/?p=12727"},"modified":"2019-02-11T09:01:15","modified_gmt":"2019-02-11T08:01:15","slug":"el-comisario-gabriel-en-participara-en-el-festival-internacional-de-cine-de-la-berlinale-con-el-apoyo-de-17-millones-de-euros-en-fondos-de-la-ue","status":"publish","type":"post","link":"https:\/\/www.cde.ual.es\/en\/el-comisario-gabriel-en-participara-en-el-festival-internacional-de-cine-de-la-berlinale-con-el-apoyo-de-17-millones-de-euros-en-fondos-de-la-ue\/","title":{"rendered":"El comisario Gabriel participar\u00e1 en el Festival Internacional de Cine de la Berlinale con el apoyo de 1,7 millones de euros en fondos de la UE"},"content":{"rendered":"\n<figure class=\"wp-block-image\"><img decoding=\"async\" width=\"931\" height=\"616\" src=\"http:\/\/www.cde.ual.es\/wp-content\/uploads\/2019\/02\/Berlinale.png\" alt=\"\" class=\"wp-image-12728\" srcset=\"https:\/\/www.cde.ual.es\/wp-content\/uploads\/2019\/02\/Berlinale.png 931w, https:\/\/www.cde.ual.es\/wp-content\/uploads\/2019\/02\/Berlinale-300x198.png 300w, https:\/\/www.cde.ual.es\/wp-content\/uploads\/2019\/02\/Berlinale-768x508.png 768w\" sizes=\"(max-width: 931px) 100vw, 931px\" \/><\/figure>\n\n\n\n<p><strong><em>El <\/em><\/strong><a href=\"https:\/\/www.berlinale.de\/en\/HomePage.html\"><strong><em>festival de cine Berlinale<\/em><\/strong><\/a><strong><em> de este a\u00f1o y sus competiciones paralelas, Panorama, Generation y Berlinale Special, presentar\u00e1n 24 pel\u00edculas cofinanciadas por MEDIA, el programa de apoyo de la UE para la industria audiovisual europea, con m\u00e1s de \u20ac 1,7 millones.<\/em><\/strong><\/p>\n\n\n\n<p> Las cinco pel\u00edculas apoyadas por MEDIA que compiten este a\u00f1o para ganar el Oso de Oro son Gospod postoi, imeto i &#8216;e Petrunija (Dios existe, su nombre es Petrunija) de Teona Strugar Mitevska (Macedonia \/ B\u00e9lgica \/ Eslovenia \/ Croacia \/ Francia); Elisa y Marcela de Isabel Coixet (Espa\u00f1a); Gareth Jones (Mr. Jones) de Agnieszka Holland (Polonia \/ Reino Unido \/ Ucrania); Ut og stj\u00e6le hester (Out Stealing Horses) de Hans Petter Moland (Noruega \/ Suecia \/ Dinamarca) y La amabilidad de los extra\u00f1os de Lone Scherfig (Dinamarca \/ Canad\u00e1 \/ Suecia \/ Francia \/ Alemania). <\/p>\n\n\n\n<p>Al mismo tiempo, se llevar\u00e1 a cabo una nueva edici\u00f3n del European Film Forum, que se centrar\u00e1 en la subtitulaci\u00f3n y el doblaje como componentes esenciales para la circulaci\u00f3n de obras europeas. <\/p>\n\n\n\n<p> Al margen del festival y por iniciativa del German Safer Internet Center, el Comisionado visitar\u00e1 una escuela alemana con el galardonado cineasta Wim Wenders, para hablar sobre temas de seguridad en l\u00ednea con los alumnos. <\/p>\n\n\n\n<h3 class=\"wp-block-heading\">M\u00e1s informaci\u00f3n<\/h3>\n\n\n\n<p><a href=\"http:\/\/europa.eu\/rapid\/press-release_MEX-19-928_en.htm\">Noticia completa<\/a><\/p>\n\n\n\n<p><a href=\"https:\/\/ec.europa.eu\/digital-single-market\/en\/news\/five-eu-supported-films-compete-year-golden-bear\">Five EU-supported films compete this year for the Golden Bear<\/a><\/p>\n\n\n\n<p><a href=\"https:\/\/ec.europa.eu\/digital-single-market\/en\/news\/european-film-forum-kicks-2019-during-berlinale\">European Film Forum<\/a><\/p>\n","protected":false},"excerpt":{"rendered":"<p>El festival de cine Berlinale de este a\u00f1o y sus competiciones paralelas, Panorama, Generation y Berlinale Special, presentar\u00e1n 24 pel\u00edculas cofinanciadas por MEDIA, el programa de apoyo de la UE para la industria audiovisual europea, con m\u00e1s de \u20ac 1,7 millones. Las cinco pel\u00edculas apoyadas por MEDIA que compiten este a\u00f1o para ganar el Oso [&hellip;]<\/p>\n","protected":false},"author":1,"featured_media":12728,"comment_status":"open","ping_status":"open","sticky":false,"template":"","format":"standard","meta":{"_acf_changed":false,"_relevanssi_hide_post":"","_relevanssi_hide_content":"","_relevanssi_pin_for_all":"","_relevanssi_pin_keywords":"","_relevanssi_unpin_keywords":"","_relevanssi_related_keywords":"","_relevanssi_related_include_ids":"","_relevanssi_related_exclude_ids":"","_relevanssi_related_no_append":"","_relevanssi_related_not_related":"","_relevanssi_related_posts":"","_relevanssi_noindex_reason":"","_monsterinsights_skip_tracking":false,"_monsterinsights_sitenote_active":false,"_monsterinsights_sitenote_note":"","_monsterinsights_sitenote_category":0,"_genesis_hide_title":false,"_genesis_hide_breadcrumbs":false,"_genesis_hide_singular_image":false,"_genesis_hide_footer_widgets":false,"_genesis_custom_body_class":"","_genesis_custom_post_class":"","_genesis_layout":"","footnotes":""},"categories":[96],"tags":[247,128],"class_list":{"0":"post-12727","1":"post","2":"type-post","3":"status-publish","4":"format-standard","5":"has-post-thumbnail","7":"category-noticias-ue","8":"tag-cine","9":"tag-cultura-educacion","10":"entry"},"acf":[],"yoast_head":"<!-- This site is optimized with the Yoast SEO plugin v27.5 - https:\/\/yoast.com\/product\/yoast-seo-wordpress\/ -->\n<title>El comisario Gabriel participar\u00e1 en el Festival Internacional de Cine de la Berlinale con el apoyo de 1,7 millones de euros en fondos de la UE | CDE Almer\u00eda - Centro de Documentaci\u00f3n Europea - Universidad de Almer\u00eda<\/title>\n<meta name=\"robots\" content=\"index, follow, max-snippet:-1, max-image-preview:large, max-video-preview:-1\" \/>\n<link rel=\"canonical\" href=\"https:\/\/www.cde.ual.es\/en\/el-comisario-gabriel-en-participara-en-el-festival-internacional-de-cine-de-la-berlinale-con-el-apoyo-de-17-millones-de-euros-en-fondos-de-la-ue\/\" \/>\n<meta property=\"og:locale\" content=\"en_US\" \/>\n<meta property=\"og:type\" content=\"article\" \/>\n<meta property=\"og:title\" content=\"El comisario Gabriel participar\u00e1 en el Festival Internacional de Cine de la Berlinale con el apoyo de 1,7 millones de euros en fondos de la UE | CDE Almer\u00eda - Centro de Documentaci\u00f3n Europea - Universidad de Almer\u00eda\" \/>\n<meta property=\"og:description\" content=\"El festival de cine Berlinale de este a\u00f1o y sus competiciones paralelas, Panorama, Generation y Berlinale Special, presentar\u00e1n 24 pel\u00edculas cofinanciadas por MEDIA, el programa de apoyo de la UE para la industria audiovisual europea, con m\u00e1s de \u20ac 1,7 millones. Las cinco pel\u00edculas apoyadas por MEDIA que compiten este a\u00f1o para ganar el Oso [&hellip;]\" \/>\n<meta property=\"og:url\" content=\"https:\/\/www.cde.ual.es\/en\/el-comisario-gabriel-en-participara-en-el-festival-internacional-de-cine-de-la-berlinale-con-el-apoyo-de-17-millones-de-euros-en-fondos-de-la-ue\/\" \/>\n<meta property=\"og:site_name\" content=\"CDE Almer\u00eda - Centro de Documentaci\u00f3n Europea - Universidad de Almer\u00eda\" \/>\n<meta property=\"article:publisher\" content=\"https:\/\/www.facebook.com\/cdeuniversidadalmeria\/\" \/>\n<meta property=\"article:published_time\" content=\"2019-02-11T08:00:57+00:00\" \/>\n<meta property=\"article:modified_time\" content=\"2019-02-11T08:01:15+00:00\" \/>\n<meta property=\"og:image\" content=\"https:\/\/www.cde.ual.es\/wp-content\/uploads\/2019\/02\/Berlinale.png\" \/>\n\t<meta property=\"og:image:width\" content=\"931\" \/>\n\t<meta property=\"og:image:height\" content=\"616\" \/>\n\t<meta property=\"og:image:type\" content=\"image\/png\" \/>\n<meta name=\"author\" content=\"AdminCDE\" \/>\n<meta name=\"twitter:card\" content=\"summary_large_image\" \/>\n<meta name=\"twitter:creator\" content=\"@cdeualmeria\" \/>\n<meta name=\"twitter:site\" content=\"@cdeualmeria\" \/>\n<meta name=\"twitter:label1\" content=\"Written by\" \/>\n\t<meta name=\"twitter:data1\" content=\"AdminCDE\" \/>\n\t<meta name=\"twitter:label2\" content=\"Est. reading time\" \/>\n\t<meta name=\"twitter:data2\" content=\"1 minute\" \/>\n<script type=\"application\/ld+json\" class=\"yoast-schema-graph\">{\"@context\":\"https:\\\/\\\/schema.org\",\"@graph\":[{\"@type\":\"Article\",\"@id\":\"https:\\\/\\\/www.cde.ual.es\\\/en\\\/el-comisario-gabriel-en-participara-en-el-festival-internacional-de-cine-de-la-berlinale-con-el-apoyo-de-17-millones-de-euros-en-fondos-de-la-ue\\\/#article\",\"isPartOf\":{\"@id\":\"https:\\\/\\\/www.cde.ual.es\\\/en\\\/el-comisario-gabriel-en-participara-en-el-festival-internacional-de-cine-de-la-berlinale-con-el-apoyo-de-17-millones-de-euros-en-fondos-de-la-ue\\\/\"},\"author\":{\"name\":\"AdminCDE\",\"@id\":\"https:\\\/\\\/www.cde.ual.es\\\/#\\\/schema\\\/person\\\/224ef08c8bcc005f319d2713ce37ee5f\"},\"headline\":\"El comisario Gabriel participar\u00e1 en el Festival Internacional de Cine de la Berlinale con el apoyo de 1,7 millones de euros en fondos de la UE\",\"datePublished\":\"2019-02-11T08:00:57+00:00\",\"dateModified\":\"2019-02-11T08:01:15+00:00\",\"mainEntityOfPage\":{\"@id\":\"https:\\\/\\\/www.cde.ual.es\\\/en\\\/el-comisario-gabriel-en-participara-en-el-festival-internacional-de-cine-de-la-berlinale-con-el-apoyo-de-17-millones-de-euros-en-fondos-de-la-ue\\\/\"},\"wordCount\":247,\"commentCount\":0,\"publisher\":{\"@id\":\"https:\\\/\\\/www.cde.ual.es\\\/#organization\"},\"image\":{\"@id\":\"https:\\\/\\\/www.cde.ual.es\\\/en\\\/el-comisario-gabriel-en-participara-en-el-festival-internacional-de-cine-de-la-berlinale-con-el-apoyo-de-17-millones-de-euros-en-fondos-de-la-ue\\\/#primaryimage\"},\"thumbnailUrl\":\"https:\\\/\\\/www.cde.ual.es\\\/wp-content\\\/uploads\\\/2019\\\/02\\\/Berlinale.png\",\"keywords\":[\"Cine\",\"Cultura y Educaci\u00f3n\"],\"articleSection\":[\"Noticias UE\"],\"inLanguage\":\"en-US\",\"potentialAction\":[{\"@type\":\"CommentAction\",\"name\":\"Comment\",\"target\":[\"https:\\\/\\\/www.cde.ual.es\\\/en\\\/el-comisario-gabriel-en-participara-en-el-festival-internacional-de-cine-de-la-berlinale-con-el-apoyo-de-17-millones-de-euros-en-fondos-de-la-ue\\\/#respond\"]}]},{\"@type\":\"WebPage\",\"@id\":\"https:\\\/\\\/www.cde.ual.es\\\/en\\\/el-comisario-gabriel-en-participara-en-el-festival-internacional-de-cine-de-la-berlinale-con-el-apoyo-de-17-millones-de-euros-en-fondos-de-la-ue\\\/\",\"url\":\"https:\\\/\\\/www.cde.ual.es\\\/en\\\/el-comisario-gabriel-en-participara-en-el-festival-internacional-de-cine-de-la-berlinale-con-el-apoyo-de-17-millones-de-euros-en-fondos-de-la-ue\\\/\",\"name\":\"El comisario Gabriel participar\u00e1 en el Festival Internacional de Cine de la Berlinale con el apoyo de 1,7 millones de euros en fondos de la UE | CDE Almer\u00eda - Centro de Documentaci\u00f3n Europea - Universidad de Almer\u00eda\",\"isPartOf\":{\"@id\":\"https:\\\/\\\/www.cde.ual.es\\\/#website\"},\"primaryImageOfPage\":{\"@id\":\"https:\\\/\\\/www.cde.ual.es\\\/en\\\/el-comisario-gabriel-en-participara-en-el-festival-internacional-de-cine-de-la-berlinale-con-el-apoyo-de-17-millones-de-euros-en-fondos-de-la-ue\\\/#primaryimage\"},\"image\":{\"@id\":\"https:\\\/\\\/www.cde.ual.es\\\/en\\\/el-comisario-gabriel-en-participara-en-el-festival-internacional-de-cine-de-la-berlinale-con-el-apoyo-de-17-millones-de-euros-en-fondos-de-la-ue\\\/#primaryimage\"},\"thumbnailUrl\":\"https:\\\/\\\/www.cde.ual.es\\\/wp-content\\\/uploads\\\/2019\\\/02\\\/Berlinale.png\",\"datePublished\":\"2019-02-11T08:00:57+00:00\",\"dateModified\":\"2019-02-11T08:01:15+00:00\",\"breadcrumb\":{\"@id\":\"https:\\\/\\\/www.cde.ual.es\\\/en\\\/el-comisario-gabriel-en-participara-en-el-festival-internacional-de-cine-de-la-berlinale-con-el-apoyo-de-17-millones-de-euros-en-fondos-de-la-ue\\\/#breadcrumb\"},\"inLanguage\":\"en-US\",\"potentialAction\":[{\"@type\":\"ReadAction\",\"target\":[\"https:\\\/\\\/www.cde.ual.es\\\/en\\\/el-comisario-gabriel-en-participara-en-el-festival-internacional-de-cine-de-la-berlinale-con-el-apoyo-de-17-millones-de-euros-en-fondos-de-la-ue\\\/\"]}]},{\"@type\":\"ImageObject\",\"inLanguage\":\"en-US\",\"@id\":\"https:\\\/\\\/www.cde.ual.es\\\/en\\\/el-comisario-gabriel-en-participara-en-el-festival-internacional-de-cine-de-la-berlinale-con-el-apoyo-de-17-millones-de-euros-en-fondos-de-la-ue\\\/#primaryimage\",\"url\":\"https:\\\/\\\/www.cde.ual.es\\\/wp-content\\\/uploads\\\/2019\\\/02\\\/Berlinale.png\",\"contentUrl\":\"https:\\\/\\\/www.cde.ual.es\\\/wp-content\\\/uploads\\\/2019\\\/02\\\/Berlinale.png\",\"width\":931,\"height\":616},{\"@type\":\"BreadcrumbList\",\"@id\":\"https:\\\/\\\/www.cde.ual.es\\\/en\\\/el-comisario-gabriel-en-participara-en-el-festival-internacional-de-cine-de-la-berlinale-con-el-apoyo-de-17-millones-de-euros-en-fondos-de-la-ue\\\/#breadcrumb\",\"itemListElement\":[{\"@type\":\"ListItem\",\"position\":1,\"name\":\"Inicio\",\"item\":\"https:\\\/\\\/www.cde.ual.es\\\/en\\\/\"},{\"@type\":\"ListItem\",\"position\":2,\"name\":\"EU News\",\"item\":\"https:\\\/\\\/www.cde.ual.es\\\/en\\\/category\\\/eu-news\\\/\"},{\"@type\":\"ListItem\",\"position\":3,\"name\":\"El comisario Gabriel participar\u00e1 en el Festival Internacional de Cine de la Berlinale con el apoyo de 1,7 millones de euros en fondos de la UE\"}]},{\"@type\":\"WebSite\",\"@id\":\"https:\\\/\\\/www.cde.ual.es\\\/#website\",\"url\":\"https:\\\/\\\/www.cde.ual.es\\\/\",\"name\":\"CDE Almer\u00eda - Centro de Documentaci\u00f3n Europea - Universidad de Almer\u00eda\",\"description\":\"Centro de Documentaci\u00f3n Europea de la Universidad de Almer\u00eda\",\"publisher\":{\"@id\":\"https:\\\/\\\/www.cde.ual.es\\\/#organization\"},\"alternateName\":\"CDE Almer\u00eda\",\"potentialAction\":[{\"@type\":\"SearchAction\",\"target\":{\"@type\":\"EntryPoint\",\"urlTemplate\":\"https:\\\/\\\/www.cde.ual.es\\\/?s={search_term_string}\"},\"query-input\":{\"@type\":\"PropertyValueSpecification\",\"valueRequired\":true,\"valueName\":\"search_term_string\"}}],\"inLanguage\":\"en-US\"},{\"@type\":\"Organization\",\"@id\":\"https:\\\/\\\/www.cde.ual.es\\\/#organization\",\"name\":\"Centro de Documentaci\u00f3n Europea de Almer\u00eda\",\"url\":\"https:\\\/\\\/www.cde.ual.es\\\/\",\"logo\":{\"@type\":\"ImageObject\",\"inLanguage\":\"en-US\",\"@id\":\"https:\\\/\\\/www.cde.ual.es\\\/#\\\/schema\\\/logo\\\/image\\\/\",\"url\":\"https:\\\/\\\/www.cde.ual.es\\\/wp-content\\\/uploads\\\/2025\\\/07\\\/cde-logo-3.png\",\"contentUrl\":\"https:\\\/\\\/www.cde.ual.es\\\/wp-content\\\/uploads\\\/2025\\\/07\\\/cde-logo-3.png\",\"width\":1400,\"height\":300,\"caption\":\"Centro de Documentaci\u00f3n Europea de Almer\u00eda\"},\"image\":{\"@id\":\"https:\\\/\\\/www.cde.ual.es\\\/#\\\/schema\\\/logo\\\/image\\\/\"},\"sameAs\":[\"https:\\\/\\\/www.facebook.com\\\/cdeuniversidadalmeria\\\/\",\"https:\\\/\\\/x.com\\\/cdeualmeria\",\"https:\\\/\\\/www.tiktok.com\\\/@cdealmeria\",\"https:\\\/\\\/www.instagram.com\\\/cdealmeria\\\/\",\"https:\\\/\\\/www.linkedin.com\\\/in\\\/cde-almera-812b26a9\\\/\"]},{\"@type\":\"Person\",\"@id\":\"https:\\\/\\\/www.cde.ual.es\\\/#\\\/schema\\\/person\\\/224ef08c8bcc005f319d2713ce37ee5f\",\"name\":\"AdminCDE\",\"image\":{\"@type\":\"ImageObject\",\"inLanguage\":\"en-US\",\"@id\":\"https:\\\/\\\/secure.gravatar.com\\\/avatar\\\/a72d038d371f995cd13706fac32274b7952a52e8fb0a84b5f80c85426f2a98a8?s=96&d=mm&r=g\",\"url\":\"https:\\\/\\\/secure.gravatar.com\\\/avatar\\\/a72d038d371f995cd13706fac32274b7952a52e8fb0a84b5f80c85426f2a98a8?s=96&d=mm&r=g\",\"contentUrl\":\"https:\\\/\\\/secure.gravatar.com\\\/avatar\\\/a72d038d371f995cd13706fac32274b7952a52e8fb0a84b5f80c85426f2a98a8?s=96&d=mm&r=g\",\"caption\":\"AdminCDE\"}}]}<\/script>\n<!-- \/ Yoast SEO plugin. -->","yoast_head_json":{"title":"El comisario Gabriel participar\u00e1 en el Festival Internacional de Cine de la Berlinale con el apoyo de 1,7 millones de euros en fondos de la UE | CDE Almer\u00eda - Centro de Documentaci\u00f3n Europea - Universidad de Almer\u00eda","robots":{"index":"index","follow":"follow","max-snippet":"max-snippet:-1","max-image-preview":"max-image-preview:large","max-video-preview":"max-video-preview:-1"},"canonical":"https:\/\/www.cde.ual.es\/en\/el-comisario-gabriel-en-participara-en-el-festival-internacional-de-cine-de-la-berlinale-con-el-apoyo-de-17-millones-de-euros-en-fondos-de-la-ue\/","og_locale":"en_US","og_type":"article","og_title":"El comisario Gabriel participar\u00e1 en el Festival Internacional de Cine de la Berlinale con el apoyo de 1,7 millones de euros en fondos de la UE | CDE Almer\u00eda - Centro de Documentaci\u00f3n Europea - Universidad de Almer\u00eda","og_description":"El festival de cine Berlinale de este a\u00f1o y sus competiciones paralelas, Panorama, Generation y Berlinale Special, presentar\u00e1n 24 pel\u00edculas cofinanciadas por MEDIA, el programa de apoyo de la UE para la industria audiovisual europea, con m\u00e1s de \u20ac 1,7 millones. Las cinco pel\u00edculas apoyadas por MEDIA que compiten este a\u00f1o para ganar el Oso [&hellip;]","og_url":"https:\/\/www.cde.ual.es\/en\/el-comisario-gabriel-en-participara-en-el-festival-internacional-de-cine-de-la-berlinale-con-el-apoyo-de-17-millones-de-euros-en-fondos-de-la-ue\/","og_site_name":"CDE Almer\u00eda - Centro de Documentaci\u00f3n Europea - Universidad de Almer\u00eda","article_publisher":"https:\/\/www.facebook.com\/cdeuniversidadalmeria\/","article_published_time":"2019-02-11T08:00:57+00:00","article_modified_time":"2019-02-11T08:01:15+00:00","og_image":[{"width":931,"height":616,"url":"https:\/\/www.cde.ual.es\/wp-content\/uploads\/2019\/02\/Berlinale.png","type":"image\/png"}],"author":"AdminCDE","twitter_card":"summary_large_image","twitter_creator":"@cdeualmeria","twitter_site":"@cdeualmeria","twitter_misc":{"Written by":"AdminCDE","Est. reading time":"1 minute"},"schema":{"@context":"https:\/\/schema.org","@graph":[{"@type":"Article","@id":"https:\/\/www.cde.ual.es\/en\/el-comisario-gabriel-en-participara-en-el-festival-internacional-de-cine-de-la-berlinale-con-el-apoyo-de-17-millones-de-euros-en-fondos-de-la-ue\/#article","isPartOf":{"@id":"https:\/\/www.cde.ual.es\/en\/el-comisario-gabriel-en-participara-en-el-festival-internacional-de-cine-de-la-berlinale-con-el-apoyo-de-17-millones-de-euros-en-fondos-de-la-ue\/"},"author":{"name":"AdminCDE","@id":"https:\/\/www.cde.ual.es\/#\/schema\/person\/224ef08c8bcc005f319d2713ce37ee5f"},"headline":"El comisario Gabriel participar\u00e1 en el Festival Internacional de Cine de la Berlinale con el apoyo de 1,7 millones de euros en fondos de la UE","datePublished":"2019-02-11T08:00:57+00:00","dateModified":"2019-02-11T08:01:15+00:00","mainEntityOfPage":{"@id":"https:\/\/www.cde.ual.es\/en\/el-comisario-gabriel-en-participara-en-el-festival-internacional-de-cine-de-la-berlinale-con-el-apoyo-de-17-millones-de-euros-en-fondos-de-la-ue\/"},"wordCount":247,"commentCount":0,"publisher":{"@id":"https:\/\/www.cde.ual.es\/#organization"},"image":{"@id":"https:\/\/www.cde.ual.es\/en\/el-comisario-gabriel-en-participara-en-el-festival-internacional-de-cine-de-la-berlinale-con-el-apoyo-de-17-millones-de-euros-en-fondos-de-la-ue\/#primaryimage"},"thumbnailUrl":"https:\/\/www.cde.ual.es\/wp-content\/uploads\/2019\/02\/Berlinale.png","keywords":["Cine","Cultura y Educaci\u00f3n"],"articleSection":["Noticias UE"],"inLanguage":"en-US","potentialAction":[{"@type":"CommentAction","name":"Comment","target":["https:\/\/www.cde.ual.es\/en\/el-comisario-gabriel-en-participara-en-el-festival-internacional-de-cine-de-la-berlinale-con-el-apoyo-de-17-millones-de-euros-en-fondos-de-la-ue\/#respond"]}]},{"@type":"WebPage","@id":"https:\/\/www.cde.ual.es\/en\/el-comisario-gabriel-en-participara-en-el-festival-internacional-de-cine-de-la-berlinale-con-el-apoyo-de-17-millones-de-euros-en-fondos-de-la-ue\/","url":"https:\/\/www.cde.ual.es\/en\/el-comisario-gabriel-en-participara-en-el-festival-internacional-de-cine-de-la-berlinale-con-el-apoyo-de-17-millones-de-euros-en-fondos-de-la-ue\/","name":"El comisario Gabriel participar\u00e1 en el Festival Internacional de Cine de la Berlinale con el apoyo de 1,7 millones de euros en fondos de la UE | CDE Almer\u00eda - Centro de Documentaci\u00f3n Europea - Universidad de Almer\u00eda","isPartOf":{"@id":"https:\/\/www.cde.ual.es\/#website"},"primaryImageOfPage":{"@id":"https:\/\/www.cde.ual.es\/en\/el-comisario-gabriel-en-participara-en-el-festival-internacional-de-cine-de-la-berlinale-con-el-apoyo-de-17-millones-de-euros-en-fondos-de-la-ue\/#primaryimage"},"image":{"@id":"https:\/\/www.cde.ual.es\/en\/el-comisario-gabriel-en-participara-en-el-festival-internacional-de-cine-de-la-berlinale-con-el-apoyo-de-17-millones-de-euros-en-fondos-de-la-ue\/#primaryimage"},"thumbnailUrl":"https:\/\/www.cde.ual.es\/wp-content\/uploads\/2019\/02\/Berlinale.png","datePublished":"2019-02-11T08:00:57+00:00","dateModified":"2019-02-11T08:01:15+00:00","breadcrumb":{"@id":"https:\/\/www.cde.ual.es\/en\/el-comisario-gabriel-en-participara-en-el-festival-internacional-de-cine-de-la-berlinale-con-el-apoyo-de-17-millones-de-euros-en-fondos-de-la-ue\/#breadcrumb"},"inLanguage":"en-US","potentialAction":[{"@type":"ReadAction","target":["https:\/\/www.cde.ual.es\/en\/el-comisario-gabriel-en-participara-en-el-festival-internacional-de-cine-de-la-berlinale-con-el-apoyo-de-17-millones-de-euros-en-fondos-de-la-ue\/"]}]},{"@type":"ImageObject","inLanguage":"en-US","@id":"https:\/\/www.cde.ual.es\/en\/el-comisario-gabriel-en-participara-en-el-festival-internacional-de-cine-de-la-berlinale-con-el-apoyo-de-17-millones-de-euros-en-fondos-de-la-ue\/#primaryimage","url":"https:\/\/www.cde.ual.es\/wp-content\/uploads\/2019\/02\/Berlinale.png","contentUrl":"https:\/\/www.cde.ual.es\/wp-content\/uploads\/2019\/02\/Berlinale.png","width":931,"height":616},{"@type":"BreadcrumbList","@id":"https:\/\/www.cde.ual.es\/en\/el-comisario-gabriel-en-participara-en-el-festival-internacional-de-cine-de-la-berlinale-con-el-apoyo-de-17-millones-de-euros-en-fondos-de-la-ue\/#breadcrumb","itemListElement":[{"@type":"ListItem","position":1,"name":"Inicio","item":"https:\/\/www.cde.ual.es\/en\/"},{"@type":"ListItem","position":2,"name":"EU News","item":"https:\/\/www.cde.ual.es\/en\/category\/eu-news\/"},{"@type":"ListItem","position":3,"name":"El comisario Gabriel participar\u00e1 en el Festival Internacional de Cine de la Berlinale con el apoyo de 1,7 millones de euros en fondos de la UE"}]},{"@type":"WebSite","@id":"https:\/\/www.cde.ual.es\/#website","url":"https:\/\/www.cde.ual.es\/","name":"CDE Almer\u00eda - Centro de Documentaci\u00f3n Europea - Universidad de Almer\u00eda","description":"Centro de Documentaci\u00f3n Europea de la Universidad de Almer\u00eda","publisher":{"@id":"https:\/\/www.cde.ual.es\/#organization"},"alternateName":"CDE Almer\u00eda","potentialAction":[{"@type":"SearchAction","target":{"@type":"EntryPoint","urlTemplate":"https:\/\/www.cde.ual.es\/?s={search_term_string}"},"query-input":{"@type":"PropertyValueSpecification","valueRequired":true,"valueName":"search_term_string"}}],"inLanguage":"en-US"},{"@type":"Organization","@id":"https:\/\/www.cde.ual.es\/#organization","name":"Centro de Documentaci\u00f3n Europea de Almer\u00eda","url":"https:\/\/www.cde.ual.es\/","logo":{"@type":"ImageObject","inLanguage":"en-US","@id":"https:\/\/www.cde.ual.es\/#\/schema\/logo\/image\/","url":"https:\/\/www.cde.ual.es\/wp-content\/uploads\/2025\/07\/cde-logo-3.png","contentUrl":"https:\/\/www.cde.ual.es\/wp-content\/uploads\/2025\/07\/cde-logo-3.png","width":1400,"height":300,"caption":"Centro de Documentaci\u00f3n Europea de Almer\u00eda"},"image":{"@id":"https:\/\/www.cde.ual.es\/#\/schema\/logo\/image\/"},"sameAs":["https:\/\/www.facebook.com\/cdeuniversidadalmeria\/","https:\/\/x.com\/cdeualmeria","https:\/\/www.tiktok.com\/@cdealmeria","https:\/\/www.instagram.com\/cdealmeria\/","https:\/\/www.linkedin.com\/in\/cde-almera-812b26a9\/"]},{"@type":"Person","@id":"https:\/\/www.cde.ual.es\/#\/schema\/person\/224ef08c8bcc005f319d2713ce37ee5f","name":"AdminCDE","image":{"@type":"ImageObject","inLanguage":"en-US","@id":"https:\/\/secure.gravatar.com\/avatar\/a72d038d371f995cd13706fac32274b7952a52e8fb0a84b5f80c85426f2a98a8?s=96&d=mm&r=g","url":"https:\/\/secure.gravatar.com\/avatar\/a72d038d371f995cd13706fac32274b7952a52e8fb0a84b5f80c85426f2a98a8?s=96&d=mm&r=g","contentUrl":"https:\/\/secure.gravatar.com\/avatar\/a72d038d371f995cd13706fac32274b7952a52e8fb0a84b5f80c85426f2a98a8?s=96&d=mm&r=g","caption":"AdminCDE"}}]}},"_links":{"self":[{"href":"https:\/\/www.cde.ual.es\/en\/wp-json\/wp\/v2\/posts\/12727","targetHints":{"allow":["GET"]}}],"collection":[{"href":"https:\/\/www.cde.ual.es\/en\/wp-json\/wp\/v2\/posts"}],"about":[{"href":"https:\/\/www.cde.ual.es\/en\/wp-json\/wp\/v2\/types\/post"}],"author":[{"embeddable":true,"href":"https:\/\/www.cde.ual.es\/en\/wp-json\/wp\/v2\/users\/1"}],"replies":[{"embeddable":true,"href":"https:\/\/www.cde.ual.es\/en\/wp-json\/wp\/v2\/comments?post=12727"}],"version-history":[{"count":0,"href":"https:\/\/www.cde.ual.es\/en\/wp-json\/wp\/v2\/posts\/12727\/revisions"}],"wp:featuredmedia":[{"embeddable":true,"href":"https:\/\/www.cde.ual.es\/en\/wp-json\/wp\/v2\/media\/12728"}],"wp:attachment":[{"href":"https:\/\/www.cde.ual.es\/en\/wp-json\/wp\/v2\/media?parent=12727"}],"wp:term":[{"taxonomy":"category","embeddable":true,"href":"https:\/\/www.cde.ual.es\/en\/wp-json\/wp\/v2\/categories?post=12727"},{"taxonomy":"post_tag","embeddable":true,"href":"https:\/\/www.cde.ual.es\/en\/wp-json\/wp\/v2\/tags?post=12727"}],"curies":[{"name":"wp","href":"https:\/\/api.w.org\/{rel}","templated":true}]}}