{"id":126941,"date":"2022-12-20T03:00:18","date_gmt":"2022-12-20T02:00:18","guid":{"rendered":"https:\/\/www.cde.ual.es\/?p=126941"},"modified":"2022-12-20T08:34:23","modified_gmt":"2022-12-20T07:34:23","slug":"head-position-of-unit-communication-and-engagement-in-the-european-institute-of-innovation-and-technology","status":"publish","type":"post","link":"https:\/\/www.cde.ual.es\/en\/head-position-of-unit-communication-and-engagement-in-the-european-institute-of-innovation-and-technology\/","title":{"rendered":"Head Position of Unit Communication and Engagement in the European Institute of Innovation and Technology"},"content":{"rendered":"<p style=\"text-align: justify;\"><a href=\"https:\/\/www.cde.ual.es\/wp-content\/uploads\/2022\/12\/jason-goodman-Oalh2MojUuk-unsplash-scaled.jpg\"><img decoding=\"async\" class=\"wp-image-126953 aligncenter\" src=\"https:\/\/www.cde.ual.es\/wp-content\/uploads\/2022\/12\/jason-goodman-Oalh2MojUuk-unsplash-scaled.jpg\" alt=\"grupo de personas en una sala de reuniones hablando sobre alg\u00fan tema\" width=\"510\" height=\"340\" srcset=\"https:\/\/www.cde.ual.es\/wp-content\/uploads\/2022\/12\/jason-goodman-Oalh2MojUuk-unsplash-scaled.jpg 2560w, https:\/\/www.cde.ual.es\/wp-content\/uploads\/2022\/12\/jason-goodman-Oalh2MojUuk-unsplash-300x200.jpg 300w, https:\/\/www.cde.ual.es\/wp-content\/uploads\/2022\/12\/jason-goodman-Oalh2MojUuk-unsplash-1024x683.jpg 1024w, https:\/\/www.cde.ual.es\/wp-content\/uploads\/2022\/12\/jason-goodman-Oalh2MojUuk-unsplash-768x512.jpg 768w, https:\/\/www.cde.ual.es\/wp-content\/uploads\/2022\/12\/jason-goodman-Oalh2MojUuk-unsplash-1536x1024.jpg 1536w, https:\/\/www.cde.ual.es\/wp-content\/uploads\/2022\/12\/jason-goodman-Oalh2MojUuk-unsplash-2048x1365.jpg 2048w\" sizes=\"(max-width: 510px) 100vw, 510px\" \/><\/a><\/p>\n<p style=\"text-align: justify;\">The EIT is now organising a call for expressions of interest with a view to establishing a reserve list for Temporary Staff (TA) for the profile of Head of Unit Communication and Engagement. The place of employment will be Budapest, where the EIT seat is located. Applications from female candidates are strongly encouraged.<\/p>\n<p style=\"text-align: justify;\">The Head of Unit Communications and Engagement will be responsible for managing the Communication &amp; Engagement Unit of the EIT Headquarters in Budapest under the general supervision of Head of Operations &#8211; Innovation, Education and Communication, in line with the strategic objectives set in the EIT\u2019s Strategic Innovation Agenda and Single Programming Document in the area of responsibility.<\/p>\n<h3 style=\"text-align: justify;\">Tasks<\/h3>\n<p style=\"text-align: justify;\">Ensure support to the EIT Director and Head of Operations \u2013 Innovation, Education and Communication for the achievement of the EIT\u2019s objectives.<\/p>\n<ul style=\"text-align: justify;\">\n<li>Prepare and implement the EIT\u2019s communications and stakeholder engagement strategy and dissemination activities<\/li>\n<li>Coordinate the EIT\u2019s engagement of key stakeholders within the area of responsibility, including the European Commission, Council\/ Member States and the European Parliament and organise a structured dialogue and Stakeholder Forum with key Knowledge Triangle stakeholders.<\/li>\n<li>Ensure the dissemination of lessons learnt and good innovation practices to the wider EU innovation community and beyond, including EIT\u2019s Knowledge and Innovation Communities, EIT Alumni, EIT National Contact Points.<\/li>\n<li>Ensure synergies with other EU programmes and key players in the European Innovation Ecosystem.<\/li>\n<li>Define the unit work programme including financial and human resources needs, coordinate work within the unit and with other units and represent the unit at important meetings.<\/li>\n<li>Manage the human resources of the unit including leave and absence management, evaluating staff performance, conducting orientation for new staff, and training new members.<\/li>\n<li>Contribute to the financial and operational management in the area of responsibility, including allocation of budget, procurements, implementation of contracts, payments and reporting.<\/li>\n<li>Contribute to the achievement of the EIT\u2019s objectives through inputs to horizontal coordination activities, teamwork, proactive internal communication, and inputs to the work of colleagues.<\/li>\n<\/ul>\n<h3 style=\"text-align: justify;\">Requirements<\/h3>\n<p style=\"text-align: justify;\"><strong>General Conditions<\/strong><br \/>\nBy the closing date of this call, candidates must:<br \/>\n\u2022 be a national of an EU Member State or an EFTA state;<br \/>\n\u2022 enjoy their full rights as citizens;<br \/>\n\u2022 have fulfilled any obligations imposed by national laws concerning military service;<br \/>\n\u2022 meet the character requirements for the duties involved;<br \/>\n\u2022 be physically fit to perform their duties.<\/p>\n<p style=\"text-align: justify;\"><strong>Education<\/strong><br \/>\nCandidates are required to have<br \/>\n\u2022 A level of education that corresponds to completed university studies of at least four (4) years attested<br \/>\nby a diploma or<br \/>\n\u2022 A level of education which corresponds to completed university studies of at least three(3) years attested by a diploma with an additional year of relevant professional experience.<\/p>\n<p style=\"text-align: justify;\">Only qualifications issued by EU Member State authorities and qualifications recognised as equivalent by the relevant EU Member State authorities will be accepted6.<\/p>\n<p style=\"text-align: justify;\"><strong>Language Skills<\/strong><br \/>\nAs the predominant working language of the EIT is English, candidates must therefore have an excellent command of both spoken and written English. (Note: Native English speakers will be required to demonstrate the ability to work in a second EU language at interview stage). Candidates must also have satisfactory knowledge of another official language of the European Union.<\/p>\n<div class=\"field field--name-field-epso-domain field--type-entity-reference field--label-inline clearfix\" style=\"text-align: justify;\">\n<div class=\"field__label\"><strong>Domain(s): <\/strong>Communication<\/div>\n<\/div>\n<div class=\"field field--name-field-epso-ref-temp-number field--type-string field--label-inline clearfix\" style=\"text-align: justify;\">\n<div class=\"field__label\"><strong>Reference number: <\/strong>EIT\/TA\/2022\/163<\/div>\n<\/div>\n<div class=\"field field--name-field-epso-deadline field--type-datetime field--label-inline clearfix\" style=\"text-align: justify;\">\n<div class=\"field__label\"><strong>Deadline: <\/strong>31\/01\/2023 &#8211; 17:00 (Brussels time)<\/div>\n<\/div>\n<div class=\"locations\" style=\"text-align: justify;\">\n<div class=\"field__label\"><strong>Location(s):<\/strong> Budapest (Hungary)<\/div>\n<div class=\"field__label\"><strong>Grade: <\/strong>AD 9<\/div>\n<div class=\"field__label\"><strong>Institution\/Agency: <\/strong><a href=\"https:\/\/epso.europa.eu\/en\/institutions\/eit-european-institute-innovation-and-technology\" hreflang=\"en\">(EIT) European Institute of Innovation and Technology<\/a><\/div>\n<\/div>\n<div class=\"field field--name-field-epso-type-of-contract field--type-entity-reference field--label-inline clearfix\">\n<div class=\"field__label\" style=\"text-align: justify;\"><strong>Type of contract: <\/strong><a href=\"https:\/\/epso.europa.eu\/staff-categories#tab-Temporary%20staff\">Temporary staff<\/a><\/div>\n<div style=\"text-align: justify;\"><\/div>\n<h3 class=\"field__label\" style=\"text-align: justify;\">More information<\/h3>\n<div style=\"text-align: justify;\"><a href=\"https:\/\/epso.europa.eu\/en\/job-opportunities\/head-unit-communication-and-engagement\/eit-ta-2022-163\" target=\"_blank\" rel=\"noopener\">EPSO<\/a><\/div>\n<\/div>\n","protected":false},"excerpt":{"rendered":"<p>The EIT is now organising a call for expressions of interest with a view to establishing a reserve list for Temporary Staff (TA) for the profile of Head of Unit Communication and Engagement. The place of employment will be Budapest, where the EIT seat is located. Applications from female candidates are strongly encouraged. The Head [&hellip;]<\/p>\n","protected":false},"author":101011,"featured_media":126953,"comment_status":"open","ping_status":"open","sticky":false,"template":"","format":"standard","meta":{"_acf_changed":false,"_relevanssi_hide_post":"","_relevanssi_hide_content":"","_relevanssi_pin_for_all":"","_relevanssi_pin_keywords":"","_relevanssi_unpin_keywords":"","_relevanssi_related_keywords":"","_relevanssi_related_include_ids":"","_relevanssi_related_exclude_ids":"","_relevanssi_related_no_append":"","_relevanssi_related_not_related":"","_relevanssi_related_posts":"","_relevanssi_noindex_reason":"","_monsterinsights_skip_tracking":false,"_monsterinsights_sitenote_active":false,"_monsterinsights_sitenote_note":"","_monsterinsights_sitenote_category":0,"_genesis_hide_title":false,"_genesis_hide_breadcrumbs":false,"_genesis_hide_singular_image":false,"_genesis_hide_footer_widgets":false,"_genesis_custom_body_class":"","_genesis_custom_post_class":"","_genesis_layout":"","footnotes":""},"categories":[366,4115],"tags":[409,3148,3379,2197,8004],"class_list":{"0":"post-126941","1":"post","2":"type-post","3":"status-publish","4":"format-standard","5":"has-post-thumbnail","7":"category-eu-calls-and-awards","8":"category-other","9":"tag-call","10":"tag-communication","11":"tag-engagement","12":"tag-epso-en","13":"tag-head","14":"entry"},"acf":[],"yoast_head":"<!-- This site is optimized with the Yoast SEO plugin v27.5 - https:\/\/yoast.com\/product\/yoast-seo-wordpress\/ -->\n<title>Head Position of Unit Communication and Engagement in the European Institute of Innovation and Technology | CDE Almer\u00eda - Centro de Documentaci\u00f3n Europea - Universidad de Almer\u00eda<\/title>\n<meta name=\"robots\" content=\"index, follow, max-snippet:-1, max-image-preview:large, max-video-preview:-1\" \/>\n<link rel=\"canonical\" href=\"https:\/\/www.cde.ual.es\/en\/head-position-of-unit-communication-and-engagement-in-the-european-institute-of-innovation-and-technology\/\" \/>\n<meta property=\"og:locale\" content=\"en_US\" \/>\n<meta property=\"og:type\" content=\"article\" \/>\n<meta property=\"og:title\" content=\"Head Position of Unit Communication and Engagement in the European Institute of Innovation and Technology | CDE Almer\u00eda - Centro de Documentaci\u00f3n Europea - Universidad de Almer\u00eda\" \/>\n<meta property=\"og:description\" content=\"The EIT is now organising a call for expressions of interest with a view to establishing a reserve list for Temporary Staff (TA) for the profile of Head of Unit Communication and Engagement. The place of employment will be Budapest, where the EIT seat is located. Applications from female candidates are strongly encouraged. The Head [&hellip;]\" \/>\n<meta property=\"og:url\" content=\"https:\/\/www.cde.ual.es\/en\/head-position-of-unit-communication-and-engagement-in-the-european-institute-of-innovation-and-technology\/\" \/>\n<meta property=\"og:site_name\" content=\"CDE Almer\u00eda - Centro de Documentaci\u00f3n Europea - Universidad de Almer\u00eda\" \/>\n<meta property=\"article:publisher\" content=\"https:\/\/www.facebook.com\/cdeuniversidadalmeria\/\" \/>\n<meta property=\"article:published_time\" content=\"2022-12-20T02:00:18+00:00\" \/>\n<meta property=\"article:modified_time\" content=\"2022-12-20T07:34:23+00:00\" \/>\n<meta property=\"og:image\" content=\"https:\/\/www.cde.ual.es\/wp-content\/uploads\/2022\/12\/jason-goodman-Oalh2MojUuk-unsplash-scaled.jpg\" \/>\n\t<meta property=\"og:image:width\" content=\"2560\" \/>\n\t<meta property=\"og:image:height\" content=\"1707\" \/>\n\t<meta property=\"og:image:type\" content=\"image\/jpeg\" \/>\n<meta name=\"author\" content=\"BECA 2 CDE\" \/>\n<meta name=\"twitter:card\" content=\"summary_large_image\" \/>\n<meta name=\"twitter:creator\" content=\"@cdeualmeria\" \/>\n<meta name=\"twitter:site\" content=\"@cdeualmeria\" \/>\n<meta name=\"twitter:label1\" content=\"Written by\" \/>\n\t<meta name=\"twitter:data1\" content=\"BECA 2 CDE\" \/>\n\t<meta name=\"twitter:label2\" content=\"Est. reading time\" \/>\n\t<meta name=\"twitter:data2\" content=\"3 minutes\" \/>\n<script type=\"application\/ld+json\" class=\"yoast-schema-graph\">{\"@context\":\"https:\\\/\\\/schema.org\",\"@graph\":[{\"@type\":\"Article\",\"@id\":\"https:\\\/\\\/www.cde.ual.es\\\/en\\\/head-position-of-unit-communication-and-engagement-in-the-european-institute-of-innovation-and-technology\\\/#article\",\"isPartOf\":{\"@id\":\"https:\\\/\\\/www.cde.ual.es\\\/en\\\/head-position-of-unit-communication-and-engagement-in-the-european-institute-of-innovation-and-technology\\\/\"},\"author\":{\"name\":\"BECA 2 CDE\",\"@id\":\"https:\\\/\\\/www.cde.ual.es\\\/#\\\/schema\\\/person\\\/ee46ebc19edfa19598c02cff83335acc\"},\"headline\":\"Head Position of Unit Communication and Engagement in the European Institute of Innovation and Technology\",\"datePublished\":\"2022-12-20T02:00:18+00:00\",\"dateModified\":\"2022-12-20T07:34:23+00:00\",\"mainEntityOfPage\":{\"@id\":\"https:\\\/\\\/www.cde.ual.es\\\/en\\\/head-position-of-unit-communication-and-engagement-in-the-european-institute-of-innovation-and-technology\\\/\"},\"wordCount\":572,\"commentCount\":0,\"publisher\":{\"@id\":\"https:\\\/\\\/www.cde.ual.es\\\/#organization\"},\"image\":{\"@id\":\"https:\\\/\\\/www.cde.ual.es\\\/en\\\/head-position-of-unit-communication-and-engagement-in-the-european-institute-of-innovation-and-technology\\\/#primaryimage\"},\"thumbnailUrl\":\"https:\\\/\\\/www.cde.ual.es\\\/wp-content\\\/uploads\\\/2022\\\/12\\\/jason-goodman-Oalh2MojUuk-unsplash-scaled.jpg\",\"keywords\":[\"call\",\"communication\",\"engagement\",\"EPSO\",\"head\"],\"articleSection\":[\"EU Calls and Awards\",\"Other\"],\"inLanguage\":\"en-US\",\"potentialAction\":[{\"@type\":\"CommentAction\",\"name\":\"Comment\",\"target\":[\"https:\\\/\\\/www.cde.ual.es\\\/en\\\/head-position-of-unit-communication-and-engagement-in-the-european-institute-of-innovation-and-technology\\\/#respond\"]}]},{\"@type\":\"WebPage\",\"@id\":\"https:\\\/\\\/www.cde.ual.es\\\/en\\\/head-position-of-unit-communication-and-engagement-in-the-european-institute-of-innovation-and-technology\\\/\",\"url\":\"https:\\\/\\\/www.cde.ual.es\\\/en\\\/head-position-of-unit-communication-and-engagement-in-the-european-institute-of-innovation-and-technology\\\/\",\"name\":\"Head Position of Unit Communication and Engagement in the European Institute of Innovation and Technology | CDE Almer\u00eda - Centro de Documentaci\u00f3n Europea - Universidad de Almer\u00eda\",\"isPartOf\":{\"@id\":\"https:\\\/\\\/www.cde.ual.es\\\/#website\"},\"primaryImageOfPage\":{\"@id\":\"https:\\\/\\\/www.cde.ual.es\\\/en\\\/head-position-of-unit-communication-and-engagement-in-the-european-institute-of-innovation-and-technology\\\/#primaryimage\"},\"image\":{\"@id\":\"https:\\\/\\\/www.cde.ual.es\\\/en\\\/head-position-of-unit-communication-and-engagement-in-the-european-institute-of-innovation-and-technology\\\/#primaryimage\"},\"thumbnailUrl\":\"https:\\\/\\\/www.cde.ual.es\\\/wp-content\\\/uploads\\\/2022\\\/12\\\/jason-goodman-Oalh2MojUuk-unsplash-scaled.jpg\",\"datePublished\":\"2022-12-20T02:00:18+00:00\",\"dateModified\":\"2022-12-20T07:34:23+00:00\",\"breadcrumb\":{\"@id\":\"https:\\\/\\\/www.cde.ual.es\\\/en\\\/head-position-of-unit-communication-and-engagement-in-the-european-institute-of-innovation-and-technology\\\/#breadcrumb\"},\"inLanguage\":\"en-US\",\"potentialAction\":[{\"@type\":\"ReadAction\",\"target\":[\"https:\\\/\\\/www.cde.ual.es\\\/en\\\/head-position-of-unit-communication-and-engagement-in-the-european-institute-of-innovation-and-technology\\\/\"]}]},{\"@type\":\"ImageObject\",\"inLanguage\":\"en-US\",\"@id\":\"https:\\\/\\\/www.cde.ual.es\\\/en\\\/head-position-of-unit-communication-and-engagement-in-the-european-institute-of-innovation-and-technology\\\/#primaryimage\",\"url\":\"https:\\\/\\\/www.cde.ual.es\\\/wp-content\\\/uploads\\\/2022\\\/12\\\/jason-goodman-Oalh2MojUuk-unsplash-scaled.jpg\",\"contentUrl\":\"https:\\\/\\\/www.cde.ual.es\\\/wp-content\\\/uploads\\\/2022\\\/12\\\/jason-goodman-Oalh2MojUuk-unsplash-scaled.jpg\",\"width\":2560,\"height\":1707,\"caption\":\"grupo de personas en una sala de reuniones hablando sobre alg\u00fan tema\"},{\"@type\":\"BreadcrumbList\",\"@id\":\"https:\\\/\\\/www.cde.ual.es\\\/en\\\/head-position-of-unit-communication-and-engagement-in-the-european-institute-of-innovation-and-technology\\\/#breadcrumb\",\"itemListElement\":[{\"@type\":\"ListItem\",\"position\":1,\"name\":\"Inicio\",\"item\":\"https:\\\/\\\/www.cde.ual.es\\\/en\\\/\"},{\"@type\":\"ListItem\",\"position\":2,\"name\":\"EU Calls and Awards\",\"item\":\"https:\\\/\\\/www.cde.ual.es\\\/en\\\/category\\\/eu-calls-and-awards\\\/\"},{\"@type\":\"ListItem\",\"position\":3,\"name\":\"Other\",\"item\":\"https:\\\/\\\/www.cde.ual.es\\\/en\\\/category\\\/eu-calls-and-awards\\\/other\\\/\"},{\"@type\":\"ListItem\",\"position\":4,\"name\":\"Head Position of Unit Communication and Engagement in the European Institute of Innovation and Technology\"}]},{\"@type\":\"WebSite\",\"@id\":\"https:\\\/\\\/www.cde.ual.es\\\/#website\",\"url\":\"https:\\\/\\\/www.cde.ual.es\\\/\",\"name\":\"CDE Almer\u00eda - Centro de Documentaci\u00f3n Europea - Universidad de Almer\u00eda\",\"description\":\"Centro de Documentaci\u00f3n Europea de la Universidad de Almer\u00eda\",\"publisher\":{\"@id\":\"https:\\\/\\\/www.cde.ual.es\\\/#organization\"},\"alternateName\":\"CDE Almer\u00eda\",\"potentialAction\":[{\"@type\":\"SearchAction\",\"target\":{\"@type\":\"EntryPoint\",\"urlTemplate\":\"https:\\\/\\\/www.cde.ual.es\\\/?s={search_term_string}\"},\"query-input\":{\"@type\":\"PropertyValueSpecification\",\"valueRequired\":true,\"valueName\":\"search_term_string\"}}],\"inLanguage\":\"en-US\"},{\"@type\":\"Organization\",\"@id\":\"https:\\\/\\\/www.cde.ual.es\\\/#organization\",\"name\":\"Centro de Documentaci\u00f3n Europea de Almer\u00eda\",\"url\":\"https:\\\/\\\/www.cde.ual.es\\\/\",\"logo\":{\"@type\":\"ImageObject\",\"inLanguage\":\"en-US\",\"@id\":\"https:\\\/\\\/www.cde.ual.es\\\/#\\\/schema\\\/logo\\\/image\\\/\",\"url\":\"https:\\\/\\\/www.cde.ual.es\\\/wp-content\\\/uploads\\\/2025\\\/07\\\/cde-logo-3.png\",\"contentUrl\":\"https:\\\/\\\/www.cde.ual.es\\\/wp-content\\\/uploads\\\/2025\\\/07\\\/cde-logo-3.png\",\"width\":1400,\"height\":300,\"caption\":\"Centro de Documentaci\u00f3n Europea de Almer\u00eda\"},\"image\":{\"@id\":\"https:\\\/\\\/www.cde.ual.es\\\/#\\\/schema\\\/logo\\\/image\\\/\"},\"sameAs\":[\"https:\\\/\\\/www.facebook.com\\\/cdeuniversidadalmeria\\\/\",\"https:\\\/\\\/x.com\\\/cdeualmeria\",\"https:\\\/\\\/www.tiktok.com\\\/@cdealmeria\",\"https:\\\/\\\/www.instagram.com\\\/cdealmeria\\\/\",\"https:\\\/\\\/www.linkedin.com\\\/in\\\/cde-almera-812b26a9\\\/\"]},{\"@type\":\"Person\",\"@id\":\"https:\\\/\\\/www.cde.ual.es\\\/#\\\/schema\\\/person\\\/ee46ebc19edfa19598c02cff83335acc\",\"name\":\"BECA 2 CDE\",\"image\":{\"@type\":\"ImageObject\",\"inLanguage\":\"en-US\",\"@id\":\"https:\\\/\\\/secure.gravatar.com\\\/avatar\\\/35a481bbc04bbd90e91bdfa3b0b5541036c222a49b9ad37b6889a2afcb5311a5?s=96&d=mm&r=g\",\"url\":\"https:\\\/\\\/secure.gravatar.com\\\/avatar\\\/35a481bbc04bbd90e91bdfa3b0b5541036c222a49b9ad37b6889a2afcb5311a5?s=96&d=mm&r=g\",\"contentUrl\":\"https:\\\/\\\/secure.gravatar.com\\\/avatar\\\/35a481bbc04bbd90e91bdfa3b0b5541036c222a49b9ad37b6889a2afcb5311a5?s=96&d=mm&r=g\",\"caption\":\"BECA 2 CDE\"},\"sameAs\":[\"http:\\\/\\\/www.cdealmeria.com\"]}]}<\/script>\n<!-- \/ Yoast SEO plugin. -->","yoast_head_json":{"title":"Head Position of Unit Communication and Engagement in the European Institute of Innovation and Technology | CDE Almer\u00eda - Centro de Documentaci\u00f3n Europea - Universidad de Almer\u00eda","robots":{"index":"index","follow":"follow","max-snippet":"max-snippet:-1","max-image-preview":"max-image-preview:large","max-video-preview":"max-video-preview:-1"},"canonical":"https:\/\/www.cde.ual.es\/en\/head-position-of-unit-communication-and-engagement-in-the-european-institute-of-innovation-and-technology\/","og_locale":"en_US","og_type":"article","og_title":"Head Position of Unit Communication and Engagement in the European Institute of Innovation and Technology | CDE Almer\u00eda - Centro de Documentaci\u00f3n Europea - Universidad de Almer\u00eda","og_description":"The EIT is now organising a call for expressions of interest with a view to establishing a reserve list for Temporary Staff (TA) for the profile of Head of Unit Communication and Engagement. The place of employment will be Budapest, where the EIT seat is located. Applications from female candidates are strongly encouraged. The Head [&hellip;]","og_url":"https:\/\/www.cde.ual.es\/en\/head-position-of-unit-communication-and-engagement-in-the-european-institute-of-innovation-and-technology\/","og_site_name":"CDE Almer\u00eda - Centro de Documentaci\u00f3n Europea - Universidad de Almer\u00eda","article_publisher":"https:\/\/www.facebook.com\/cdeuniversidadalmeria\/","article_published_time":"2022-12-20T02:00:18+00:00","article_modified_time":"2022-12-20T07:34:23+00:00","og_image":[{"width":2560,"height":1707,"url":"https:\/\/www.cde.ual.es\/wp-content\/uploads\/2022\/12\/jason-goodman-Oalh2MojUuk-unsplash-scaled.jpg","type":"image\/jpeg"}],"author":"BECA 2 CDE","twitter_card":"summary_large_image","twitter_creator":"@cdeualmeria","twitter_site":"@cdeualmeria","twitter_misc":{"Written by":"BECA 2 CDE","Est. reading time":"3 minutes"},"schema":{"@context":"https:\/\/schema.org","@graph":[{"@type":"Article","@id":"https:\/\/www.cde.ual.es\/en\/head-position-of-unit-communication-and-engagement-in-the-european-institute-of-innovation-and-technology\/#article","isPartOf":{"@id":"https:\/\/www.cde.ual.es\/en\/head-position-of-unit-communication-and-engagement-in-the-european-institute-of-innovation-and-technology\/"},"author":{"name":"BECA 2 CDE","@id":"https:\/\/www.cde.ual.es\/#\/schema\/person\/ee46ebc19edfa19598c02cff83335acc"},"headline":"Head Position of Unit Communication and Engagement in the European Institute of Innovation and Technology","datePublished":"2022-12-20T02:00:18+00:00","dateModified":"2022-12-20T07:34:23+00:00","mainEntityOfPage":{"@id":"https:\/\/www.cde.ual.es\/en\/head-position-of-unit-communication-and-engagement-in-the-european-institute-of-innovation-and-technology\/"},"wordCount":572,"commentCount":0,"publisher":{"@id":"https:\/\/www.cde.ual.es\/#organization"},"image":{"@id":"https:\/\/www.cde.ual.es\/en\/head-position-of-unit-communication-and-engagement-in-the-european-institute-of-innovation-and-technology\/#primaryimage"},"thumbnailUrl":"https:\/\/www.cde.ual.es\/wp-content\/uploads\/2022\/12\/jason-goodman-Oalh2MojUuk-unsplash-scaled.jpg","keywords":["call","communication","engagement","EPSO","head"],"articleSection":["EU Calls and Awards","Other"],"inLanguage":"en-US","potentialAction":[{"@type":"CommentAction","name":"Comment","target":["https:\/\/www.cde.ual.es\/en\/head-position-of-unit-communication-and-engagement-in-the-european-institute-of-innovation-and-technology\/#respond"]}]},{"@type":"WebPage","@id":"https:\/\/www.cde.ual.es\/en\/head-position-of-unit-communication-and-engagement-in-the-european-institute-of-innovation-and-technology\/","url":"https:\/\/www.cde.ual.es\/en\/head-position-of-unit-communication-and-engagement-in-the-european-institute-of-innovation-and-technology\/","name":"Head Position of Unit Communication and Engagement in the European Institute of Innovation and Technology | CDE Almer\u00eda - Centro de Documentaci\u00f3n Europea - Universidad de Almer\u00eda","isPartOf":{"@id":"https:\/\/www.cde.ual.es\/#website"},"primaryImageOfPage":{"@id":"https:\/\/www.cde.ual.es\/en\/head-position-of-unit-communication-and-engagement-in-the-european-institute-of-innovation-and-technology\/#primaryimage"},"image":{"@id":"https:\/\/www.cde.ual.es\/en\/head-position-of-unit-communication-and-engagement-in-the-european-institute-of-innovation-and-technology\/#primaryimage"},"thumbnailUrl":"https:\/\/www.cde.ual.es\/wp-content\/uploads\/2022\/12\/jason-goodman-Oalh2MojUuk-unsplash-scaled.jpg","datePublished":"2022-12-20T02:00:18+00:00","dateModified":"2022-12-20T07:34:23+00:00","breadcrumb":{"@id":"https:\/\/www.cde.ual.es\/en\/head-position-of-unit-communication-and-engagement-in-the-european-institute-of-innovation-and-technology\/#breadcrumb"},"inLanguage":"en-US","potentialAction":[{"@type":"ReadAction","target":["https:\/\/www.cde.ual.es\/en\/head-position-of-unit-communication-and-engagement-in-the-european-institute-of-innovation-and-technology\/"]}]},{"@type":"ImageObject","inLanguage":"en-US","@id":"https:\/\/www.cde.ual.es\/en\/head-position-of-unit-communication-and-engagement-in-the-european-institute-of-innovation-and-technology\/#primaryimage","url":"https:\/\/www.cde.ual.es\/wp-content\/uploads\/2022\/12\/jason-goodman-Oalh2MojUuk-unsplash-scaled.jpg","contentUrl":"https:\/\/www.cde.ual.es\/wp-content\/uploads\/2022\/12\/jason-goodman-Oalh2MojUuk-unsplash-scaled.jpg","width":2560,"height":1707,"caption":"grupo de personas en una sala de reuniones hablando sobre alg\u00fan tema"},{"@type":"BreadcrumbList","@id":"https:\/\/www.cde.ual.es\/en\/head-position-of-unit-communication-and-engagement-in-the-european-institute-of-innovation-and-technology\/#breadcrumb","itemListElement":[{"@type":"ListItem","position":1,"name":"Inicio","item":"https:\/\/www.cde.ual.es\/en\/"},{"@type":"ListItem","position":2,"name":"EU Calls and Awards","item":"https:\/\/www.cde.ual.es\/en\/category\/eu-calls-and-awards\/"},{"@type":"ListItem","position":3,"name":"Other","item":"https:\/\/www.cde.ual.es\/en\/category\/eu-calls-and-awards\/other\/"},{"@type":"ListItem","position":4,"name":"Head Position of Unit Communication and Engagement in the European Institute of Innovation and Technology"}]},{"@type":"WebSite","@id":"https:\/\/www.cde.ual.es\/#website","url":"https:\/\/www.cde.ual.es\/","name":"CDE Almer\u00eda - Centro de Documentaci\u00f3n Europea - Universidad de Almer\u00eda","description":"Centro de Documentaci\u00f3n Europea de la Universidad de Almer\u00eda","publisher":{"@id":"https:\/\/www.cde.ual.es\/#organization"},"alternateName":"CDE Almer\u00eda","potentialAction":[{"@type":"SearchAction","target":{"@type":"EntryPoint","urlTemplate":"https:\/\/www.cde.ual.es\/?s={search_term_string}"},"query-input":{"@type":"PropertyValueSpecification","valueRequired":true,"valueName":"search_term_string"}}],"inLanguage":"en-US"},{"@type":"Organization","@id":"https:\/\/www.cde.ual.es\/#organization","name":"Centro de Documentaci\u00f3n Europea de Almer\u00eda","url":"https:\/\/www.cde.ual.es\/","logo":{"@type":"ImageObject","inLanguage":"en-US","@id":"https:\/\/www.cde.ual.es\/#\/schema\/logo\/image\/","url":"https:\/\/www.cde.ual.es\/wp-content\/uploads\/2025\/07\/cde-logo-3.png","contentUrl":"https:\/\/www.cde.ual.es\/wp-content\/uploads\/2025\/07\/cde-logo-3.png","width":1400,"height":300,"caption":"Centro de Documentaci\u00f3n Europea de Almer\u00eda"},"image":{"@id":"https:\/\/www.cde.ual.es\/#\/schema\/logo\/image\/"},"sameAs":["https:\/\/www.facebook.com\/cdeuniversidadalmeria\/","https:\/\/x.com\/cdeualmeria","https:\/\/www.tiktok.com\/@cdealmeria","https:\/\/www.instagram.com\/cdealmeria\/","https:\/\/www.linkedin.com\/in\/cde-almera-812b26a9\/"]},{"@type":"Person","@id":"https:\/\/www.cde.ual.es\/#\/schema\/person\/ee46ebc19edfa19598c02cff83335acc","name":"BECA 2 CDE","image":{"@type":"ImageObject","inLanguage":"en-US","@id":"https:\/\/secure.gravatar.com\/avatar\/35a481bbc04bbd90e91bdfa3b0b5541036c222a49b9ad37b6889a2afcb5311a5?s=96&d=mm&r=g","url":"https:\/\/secure.gravatar.com\/avatar\/35a481bbc04bbd90e91bdfa3b0b5541036c222a49b9ad37b6889a2afcb5311a5?s=96&d=mm&r=g","contentUrl":"https:\/\/secure.gravatar.com\/avatar\/35a481bbc04bbd90e91bdfa3b0b5541036c222a49b9ad37b6889a2afcb5311a5?s=96&d=mm&r=g","caption":"BECA 2 CDE"},"sameAs":["http:\/\/www.cdealmeria.com"]}]}},"_links":{"self":[{"href":"https:\/\/www.cde.ual.es\/en\/wp-json\/wp\/v2\/posts\/126941","targetHints":{"allow":["GET"]}}],"collection":[{"href":"https:\/\/www.cde.ual.es\/en\/wp-json\/wp\/v2\/posts"}],"about":[{"href":"https:\/\/www.cde.ual.es\/en\/wp-json\/wp\/v2\/types\/post"}],"author":[{"embeddable":true,"href":"https:\/\/www.cde.ual.es\/en\/wp-json\/wp\/v2\/users\/101011"}],"replies":[{"embeddable":true,"href":"https:\/\/www.cde.ual.es\/en\/wp-json\/wp\/v2\/comments?post=126941"}],"version-history":[{"count":3,"href":"https:\/\/www.cde.ual.es\/en\/wp-json\/wp\/v2\/posts\/126941\/revisions"}],"predecessor-version":[{"id":127111,"href":"https:\/\/www.cde.ual.es\/en\/wp-json\/wp\/v2\/posts\/126941\/revisions\/127111"}],"wp:featuredmedia":[{"embeddable":true,"href":"https:\/\/www.cde.ual.es\/en\/wp-json\/wp\/v2\/media\/126953"}],"wp:attachment":[{"href":"https:\/\/www.cde.ual.es\/en\/wp-json\/wp\/v2\/media?parent=126941"}],"wp:term":[{"taxonomy":"category","embeddable":true,"href":"https:\/\/www.cde.ual.es\/en\/wp-json\/wp\/v2\/categories?post=126941"},{"taxonomy":"post_tag","embeddable":true,"href":"https:\/\/www.cde.ual.es\/en\/wp-json\/wp\/v2\/tags?post=126941"}],"curies":[{"name":"wp","href":"https:\/\/api.w.org\/{rel}","templated":true}]}}