{"id":126809,"date":"2022-12-16T10:30:50","date_gmt":"2022-12-16T09:30:50","guid":{"rendered":"https:\/\/www.cde.ual.es\/?p=126809"},"modified":"2022-12-16T10:35:43","modified_gmt":"2022-12-16T09:35:43","slug":"eu-institutions-agree-on-joint-priorities-for-2023-and-2024","status":"publish","type":"post","link":"https:\/\/www.cde.ual.es\/en\/eu-institutions-agree-on-joint-priorities-for-2023-and-2024\/","title":{"rendered":"EU institutions agree on joint priorities for 2023 and 2024"},"content":{"rendered":"<p><a href=\"https:\/\/www.cde.ual.es\/wp-content\/uploads\/2022\/12\/francois-genon-M5IuGintPvo-unsplash-1-scaled.jpg\"><img decoding=\"async\" class=\"aligncenter wp-image-125346\" src=\"https:\/\/www.cde.ual.es\/wp-content\/uploads\/2022\/12\/francois-genon-M5IuGintPvo-unsplash-1-scaled.jpg\" alt=\"banderas ue\" width=\"550\" height=\"366\" srcset=\"https:\/\/www.cde.ual.es\/wp-content\/uploads\/2022\/12\/francois-genon-M5IuGintPvo-unsplash-1-scaled.jpg 2560w, https:\/\/www.cde.ual.es\/wp-content\/uploads\/2022\/12\/francois-genon-M5IuGintPvo-unsplash-1-300x200.jpg 300w, https:\/\/www.cde.ual.es\/wp-content\/uploads\/2022\/12\/francois-genon-M5IuGintPvo-unsplash-1-1024x683.jpg 1024w, https:\/\/www.cde.ual.es\/wp-content\/uploads\/2022\/12\/francois-genon-M5IuGintPvo-unsplash-1-768x512.jpg 768w, https:\/\/www.cde.ual.es\/wp-content\/uploads\/2022\/12\/francois-genon-M5IuGintPvo-unsplash-1-1536x1024.jpg 1536w, https:\/\/www.cde.ual.es\/wp-content\/uploads\/2022\/12\/francois-genon-M5IuGintPvo-unsplash-1-2048x1365.jpg 2048w\" sizes=\"(max-width: 550px) 100vw, 550px\" \/><\/a><\/p>\n<p style=\"text-align: justify;\"><strong>A Joint Declaration on EU legislative priorities for 2023 and 2024 was signed by the Presidents of Parliament, Council and Commission.<\/strong><\/p>\n<p style=\"text-align: justify;\">European Parliament President Roberta Metsola, Czech Prime Minister Petr Fiala, for the Council of the European Union, and Commission President Ursula\u00a0von der Leyen\u00a0signed the\u00a0<a href=\"https:\/\/commission.europa.eu\/publications\/joint-declaration-legislative-priorities-2023-and-2024_en\">Joint Declaration on EU legislative priorities for 2023 and 2024,<\/a>\u00a0building on the solid progress over the last year.<\/p>\n<p style=\"text-align: justify;\">The Joint Declaration sets out a shared European vision for a stronger and more resilient Europe in the face of Russia&#8217;s unprovoked, brutal aggression against Ukraine and its wide-ranging impact \u2013 all the while tackling other serious challenges such as the climate crisis and economic headwinds. The European Union will continue standing by Ukraine and its people while accelerating the twin green and digital transitions.<\/p>\n<p style=\"text-align: justify;\">President Metsola said:\u00a0<em>\u201cAfter two tough years of pandemic and with the Russian invasion still raging in Ukraine, this is the time when European leadership is needed the most. Common actions are needed to deliver European solutions for our citizens and businesses. Making sure our energy legislation helps to get bills under control and contributes to our long-term climate goals, ensuring sustainability of the EU budget and finalising migration and asylum reforms are all priorities for the European Parliament. These reforms are especially important in view of the 2024 European Elections, when citizens will hold us accountable for how the EU has responded to the current challenges.&#8221;<\/em><\/p>\n<p style=\"text-align: justify;\">President\u00a0<strong>von der\u00a0Leyen<\/strong>\u00a0said:<em>\u00a0&#8220;Russia has brought war back to Europe. The consequences of this aggression are being strongly felt in Europe and the world. This Joint Declaration is a testament to our resolute commitment to remain united in supporting Ukraine and its people, and in overcoming the great challenges of our time, such as climate change. It charts a way to deliver on the promises we made to our European citizens.\u201d<\/em><\/p>\n<table style=\"width: 99.9988%; border-collapse: collapse; border-style: double; border-color: #001f7d;\" cellpadding=\"0,5\">\n<tbody>\n<tr>\n<td style=\"width: 100%;\"><a href=\"https:\/\/www.cde.ual.es\/el-parlamento-aprueba-una-ayuda-de-95-millones-por-el-volcan-de-la-palma\/\" target=\"_blank\" rel=\"noopener\"><img decoding=\"async\" class=\"alignleft\" src=\"https:\/\/www.cde.ual.es\/wp-content\/uploads\/2022\/12\/alain-bonnardeaux-tLxGw_ITs7k-unsplash.jpg\" alt=\"\" width=\"201\" height=\"134\" \/><\/a><\/p>\n<h4 class=\"entry-title\"><a href=\"https:\/\/www.cde.ual.es\/en\/parliament-approves-9-5-million-in-volcano-aid-for-la-palma\/\" target=\"_blank\" rel=\"noopener\">Parliament approves 9.5 million in volcano aid for La Palma<\/a><\/h4>\n<\/td>\n<\/tr>\n<\/tbody>\n<\/table>\n<p style=\"text-align: justify;\">Joint Declaration highlights key legislative proposals that are currently in the hands of the European Parliament and Council, or will be put forward by the European Commission in 2023. It commits the three EU institutions to giving utmost priority to initiatives aimed at delivering on the European Green Deal, achieving the digital transition and enhancing the EU&#8217;s resilience, creating an economy that works for people, making Europe stronger in the world, promoting our European way of life, and protecting our democracy and values. The three institutions aim at achieving the best possible progress on the initiatives included in the Joint Declaration by the next European Elections in 2024.<\/p>\n<p style=\"text-align: justify;\">The EU institutions also welcome the results of the\u00a0<a href=\"https:\/\/futureu.europa.eu\/?locale=en\">Conference on the Future of Europe<\/a>, and have reaffirmed their commitments to following up on the proposals, each within their sphere of competence. Many Conference proposals have already been reflected in the Commission work programme for 2023.<\/p>\n<p style=\"text-align: justify;\">Despite a challenging year, the leaders of the three EU institutions also welcomed the achievements of 2022. This notably includes the provision of humanitarian, political, financial, and military support for Ukraine and its people, as well as unprecedented sanctions against Russia to exert economic pressure and to undermine Russia&#8217;s military capabilities. The EU provided Ukrainians with access to jobs, housing, education, training, and healthcare under the first-ever activation of the Temporary Protection Mechanism. With the adoption of the REPowerEU plan, the EU will phase out Europe&#8217;s dependence on Russian fossil energy while boosting renewables and energy security. At the same time, the implementation of the national Recovery and Resilience plans under NextGenerationEU are fostering a resilient recovery. The three institutions remain committed to find common EU solutions to tackle the cost-of-living crisis for the citizens and businesses.<\/p>\n<p style=\"text-align: justify;\">Moreover, important legislation was agreed across a number of priority areas already identified in the 2022 Joint Declaration, including on the landmark Digital Markets Act and Digital Services Act, fair minimum wages, gender equality on company boards, and some of the Health Union and Fit for 55 proposals. The start of 2022 also marked 20 years of the euro and the beginning of the European Year of Youth.<\/p>\n<p style=\"text-align: justify;\"><strong>Next steps<\/strong><\/p>\n<p style=\"text-align: justify;\">The three EU institutions will continue working together on the basis of this Joint Declaration and the accompanying working document, which lists some 164 key legislative proposals.<\/p>\n<p style=\"text-align: justify;\"><strong>Background<\/strong><\/p>\n<p style=\"text-align: justify;\">Since 2016, the European Parliament, the Council, and the Commission have discussed and agreed on EU legislative priorities for the following year in an annual Joint Declaration. This enables the institutions to work more effectively and more closely together on key legislative proposals put forward by the Commission for which the European Parliament and the Council are co-legislators.<\/p>\n<p style=\"text-align: justify;\">In addition, in 2020, the three EU institutions signed Joint Conclusions for 2020-2024, which set out the common policy objectives and priorities until the next European elections in 2024.<\/p>\n<table style=\"width: 99.9988%; border-collapse: collapse; border-style: double; border-color: #001f7d;\" cellpadding=\"0,5\">\n<tbody>\n<tr>\n<td style=\"width: 100%;\"><a href=\"https:\/\/www.cde.ual.es\/ficha\/the-financial-management-of-visitor-groups-to-the-national-parliaments\/\" target=\"_blank\" rel=\"noopener\"><img decoding=\"async\" class=\"alignleft\" src=\"https:\/\/www.cde.ual.es\/wp-content\/uploads\/2021\/11\/The-financial-management-of-visitor-groups-to-the-national-parliaments.png\" alt=\"\" width=\"130\" height=\"184\" \/><\/a><\/p>\n<h4 class=\"entry-title\"><a href=\"https:\/\/www.cde.ual.es\/ficha\/the-financial-management-of-visitor-groups-to-the-national-parliaments\/\" target=\"_blank\" rel=\"noopener\">The financial management of visitor groups to the national parliaments<\/a><\/h4>\n<\/td>\n<\/tr>\n<\/tbody>\n<\/table>\n<h3 style=\"text-align: justify;\">More information<\/h3>\n<p style=\"text-align: justify;\"><a href=\"https:\/\/www.cde.ual.es\/en\/parliament-approves-9-5-million-in-volcano-aid-for-la-palma\/\" target=\"_blank\" rel=\"noopener\">European Commission<\/a><\/p>\n","protected":false},"excerpt":{"rendered":"<p>A Joint Declaration on EU legislative priorities for 2023 and 2024 was signed by the Presidents of Parliament, Council and Commission. European Parliament President Roberta Metsola, Czech Prime Minister Petr Fiala, for the Council of the European Union, and Commission President Ursula\u00a0von der Leyen\u00a0signed the\u00a0Joint Declaration on EU legislative priorities for 2023 and 2024,\u00a0building on [&hellip;]<\/p>\n","protected":false},"author":101011,"featured_media":125347,"comment_status":"open","ping_status":"open","sticky":false,"template":"","format":"standard","meta":{"_acf_changed":false,"_relevanssi_hide_post":"","_relevanssi_hide_content":"","_relevanssi_pin_for_all":"","_relevanssi_pin_keywords":"","_relevanssi_unpin_keywords":"","_relevanssi_related_keywords":"","_relevanssi_related_include_ids":"","_relevanssi_related_exclude_ids":"","_relevanssi_related_no_append":"","_relevanssi_related_not_related":"","_relevanssi_related_posts":"","_relevanssi_noindex_reason":"","_monsterinsights_skip_tracking":false,"_monsterinsights_sitenote_active":false,"_monsterinsights_sitenote_note":"","_monsterinsights_sitenote_category":0,"_genesis_hide_title":false,"_genesis_hide_breadcrumbs":false,"_genesis_hide_singular_image":false,"_genesis_hide_footer_widgets":false,"_genesis_custom_body_class":"","_genesis_custom_post_class":"","_genesis_layout":"","footnotes":""},"categories":[346,4064,4065],"tags":[3036,1331,779,5218,5230,1123],"class_list":{"0":"post-126809","1":"post","2":"type-post","3":"status-publish","4":"format-standard","5":"has-post-thumbnail","7":"category-eu-news","8":"category-institutional","9":"category-international-pol-coop","10":"tag-commission","11":"tag-council","12":"tag-eu-en","13":"tag-eu-institutions","14":"tag-institution","15":"tag-parliament","16":"entry"},"acf":[],"yoast_head":"<!-- This site is optimized with the Yoast SEO plugin v27.4 - https:\/\/yoast.com\/product\/yoast-seo-wordpress\/ -->\n<title>EU institutions agree on joint priorities for 2023 and 2024 | CDE Almer\u00eda - Centro de Documentaci\u00f3n Europea - Universidad de Almer\u00eda<\/title>\n<meta name=\"robots\" content=\"index, follow, max-snippet:-1, max-image-preview:large, max-video-preview:-1\" \/>\n<link rel=\"canonical\" href=\"https:\/\/www.cde.ual.es\/en\/eu-institutions-agree-on-joint-priorities-for-2023-and-2024\/\" \/>\n<meta property=\"og:locale\" content=\"en_US\" \/>\n<meta property=\"og:type\" content=\"article\" \/>\n<meta property=\"og:title\" content=\"EU institutions agree on joint priorities for 2023 and 2024 | CDE Almer\u00eda - Centro de Documentaci\u00f3n Europea - Universidad de Almer\u00eda\" \/>\n<meta property=\"og:description\" content=\"A Joint Declaration on EU legislative priorities for 2023 and 2024 was signed by the Presidents of Parliament, Council and Commission. European Parliament President Roberta Metsola, Czech Prime Minister Petr Fiala, for the Council of the European Union, and Commission President Ursula\u00a0von der Leyen\u00a0signed the\u00a0Joint Declaration on EU legislative priorities for 2023 and 2024,\u00a0building on [&hellip;]\" \/>\n<meta property=\"og:url\" content=\"https:\/\/www.cde.ual.es\/en\/eu-institutions-agree-on-joint-priorities-for-2023-and-2024\/\" \/>\n<meta property=\"og:site_name\" content=\"CDE Almer\u00eda - Centro de Documentaci\u00f3n Europea - Universidad de Almer\u00eda\" \/>\n<meta property=\"article:publisher\" content=\"https:\/\/www.facebook.com\/cdeuniversidadalmeria\/\" \/>\n<meta property=\"article:published_time\" content=\"2022-12-16T09:30:50+00:00\" \/>\n<meta property=\"article:modified_time\" content=\"2022-12-16T09:35:43+00:00\" \/>\n<meta property=\"og:image\" content=\"https:\/\/www.cde.ual.es\/wp-content\/uploads\/2022\/12\/francois-genon-M5IuGintPvo-unsplash-1-scaled.jpg\" \/>\n\t<meta property=\"og:image:width\" content=\"2560\" \/>\n\t<meta property=\"og:image:height\" content=\"1706\" \/>\n\t<meta property=\"og:image:type\" content=\"image\/jpeg\" \/>\n<meta name=\"author\" content=\"BECA 2 CDE\" \/>\n<meta name=\"twitter:card\" content=\"summary_large_image\" \/>\n<meta name=\"twitter:creator\" content=\"@cdeualmeria\" \/>\n<meta name=\"twitter:site\" content=\"@cdeualmeria\" \/>\n<meta name=\"twitter:label1\" content=\"Written by\" \/>\n\t<meta name=\"twitter:data1\" content=\"BECA 2 CDE\" \/>\n\t<meta name=\"twitter:label2\" content=\"Est. reading time\" \/>\n\t<meta name=\"twitter:data2\" content=\"5 minutes\" \/>\n<script type=\"application\/ld+json\" class=\"yoast-schema-graph\">{\"@context\":\"https:\\\/\\\/schema.org\",\"@graph\":[{\"@type\":\"Article\",\"@id\":\"https:\\\/\\\/www.cde.ual.es\\\/en\\\/eu-institutions-agree-on-joint-priorities-for-2023-and-2024\\\/#article\",\"isPartOf\":{\"@id\":\"https:\\\/\\\/www.cde.ual.es\\\/en\\\/eu-institutions-agree-on-joint-priorities-for-2023-and-2024\\\/\"},\"author\":{\"name\":\"BECA 2 CDE\",\"@id\":\"https:\\\/\\\/www.cde.ual.es\\\/#\\\/schema\\\/person\\\/ee46ebc19edfa19598c02cff83335acc\"},\"headline\":\"EU institutions agree on joint priorities for 2023 and 2024\",\"datePublished\":\"2022-12-16T09:30:50+00:00\",\"dateModified\":\"2022-12-16T09:35:43+00:00\",\"mainEntityOfPage\":{\"@id\":\"https:\\\/\\\/www.cde.ual.es\\\/en\\\/eu-institutions-agree-on-joint-priorities-for-2023-and-2024\\\/\"},\"wordCount\":804,\"commentCount\":0,\"publisher\":{\"@id\":\"https:\\\/\\\/www.cde.ual.es\\\/#organization\"},\"image\":{\"@id\":\"https:\\\/\\\/www.cde.ual.es\\\/en\\\/eu-institutions-agree-on-joint-priorities-for-2023-and-2024\\\/#primaryimage\"},\"thumbnailUrl\":\"https:\\\/\\\/www.cde.ual.es\\\/wp-content\\\/uploads\\\/2022\\\/12\\\/francois-genon-M5IuGintPvo-unsplash-1-scaled.jpg\",\"keywords\":[\"commission\",\"Council\",\"EU\",\"EU institutions\",\"institution\",\"Parliament\"],\"articleSection\":[\"EU News\",\"Institutional Affairs\",\"International Politics and Cooperation\"],\"inLanguage\":\"en-US\",\"potentialAction\":[{\"@type\":\"CommentAction\",\"name\":\"Comment\",\"target\":[\"https:\\\/\\\/www.cde.ual.es\\\/en\\\/eu-institutions-agree-on-joint-priorities-for-2023-and-2024\\\/#respond\"]}]},{\"@type\":\"WebPage\",\"@id\":\"https:\\\/\\\/www.cde.ual.es\\\/en\\\/eu-institutions-agree-on-joint-priorities-for-2023-and-2024\\\/\",\"url\":\"https:\\\/\\\/www.cde.ual.es\\\/en\\\/eu-institutions-agree-on-joint-priorities-for-2023-and-2024\\\/\",\"name\":\"EU institutions agree on joint priorities for 2023 and 2024 | CDE Almer\u00eda - Centro de Documentaci\u00f3n Europea - Universidad de Almer\u00eda\",\"isPartOf\":{\"@id\":\"https:\\\/\\\/www.cde.ual.es\\\/#website\"},\"primaryImageOfPage\":{\"@id\":\"https:\\\/\\\/www.cde.ual.es\\\/en\\\/eu-institutions-agree-on-joint-priorities-for-2023-and-2024\\\/#primaryimage\"},\"image\":{\"@id\":\"https:\\\/\\\/www.cde.ual.es\\\/en\\\/eu-institutions-agree-on-joint-priorities-for-2023-and-2024\\\/#primaryimage\"},\"thumbnailUrl\":\"https:\\\/\\\/www.cde.ual.es\\\/wp-content\\\/uploads\\\/2022\\\/12\\\/francois-genon-M5IuGintPvo-unsplash-1-scaled.jpg\",\"datePublished\":\"2022-12-16T09:30:50+00:00\",\"dateModified\":\"2022-12-16T09:35:43+00:00\",\"breadcrumb\":{\"@id\":\"https:\\\/\\\/www.cde.ual.es\\\/en\\\/eu-institutions-agree-on-joint-priorities-for-2023-and-2024\\\/#breadcrumb\"},\"inLanguage\":\"en-US\",\"potentialAction\":[{\"@type\":\"ReadAction\",\"target\":[\"https:\\\/\\\/www.cde.ual.es\\\/en\\\/eu-institutions-agree-on-joint-priorities-for-2023-and-2024\\\/\"]}]},{\"@type\":\"ImageObject\",\"inLanguage\":\"en-US\",\"@id\":\"https:\\\/\\\/www.cde.ual.es\\\/en\\\/eu-institutions-agree-on-joint-priorities-for-2023-and-2024\\\/#primaryimage\",\"url\":\"https:\\\/\\\/www.cde.ual.es\\\/wp-content\\\/uploads\\\/2022\\\/12\\\/francois-genon-M5IuGintPvo-unsplash-1-scaled.jpg\",\"contentUrl\":\"https:\\\/\\\/www.cde.ual.es\\\/wp-content\\\/uploads\\\/2022\\\/12\\\/francois-genon-M5IuGintPvo-unsplash-1-scaled.jpg\",\"width\":2560,\"height\":1706,\"caption\":\"banderas ue\"},{\"@type\":\"BreadcrumbList\",\"@id\":\"https:\\\/\\\/www.cde.ual.es\\\/en\\\/eu-institutions-agree-on-joint-priorities-for-2023-and-2024\\\/#breadcrumb\",\"itemListElement\":[{\"@type\":\"ListItem\",\"position\":1,\"name\":\"Inicio\",\"item\":\"https:\\\/\\\/www.cde.ual.es\\\/en\\\/\"},{\"@type\":\"ListItem\",\"position\":2,\"name\":\"EU News\",\"item\":\"https:\\\/\\\/www.cde.ual.es\\\/en\\\/category\\\/eu-news\\\/\"},{\"@type\":\"ListItem\",\"position\":3,\"name\":\"Institutional Affairs\",\"item\":\"https:\\\/\\\/www.cde.ual.es\\\/en\\\/category\\\/eu-news\\\/institutional\\\/\"},{\"@type\":\"ListItem\",\"position\":4,\"name\":\"International Politics and Cooperation\",\"item\":\"https:\\\/\\\/www.cde.ual.es\\\/en\\\/category\\\/eu-news\\\/institutional\\\/international-pol-coop\\\/\"},{\"@type\":\"ListItem\",\"position\":5,\"name\":\"EU institutions agree on joint priorities for 2023 and 2024\"}]},{\"@type\":\"WebSite\",\"@id\":\"https:\\\/\\\/www.cde.ual.es\\\/#website\",\"url\":\"https:\\\/\\\/www.cde.ual.es\\\/\",\"name\":\"CDE Almer\u00eda - Centro de Documentaci\u00f3n Europea - Universidad de Almer\u00eda\",\"description\":\"Centro de Documentaci\u00f3n Europea de la Universidad de Almer\u00eda\",\"publisher\":{\"@id\":\"https:\\\/\\\/www.cde.ual.es\\\/#organization\"},\"alternateName\":\"CDE Almer\u00eda\",\"potentialAction\":[{\"@type\":\"SearchAction\",\"target\":{\"@type\":\"EntryPoint\",\"urlTemplate\":\"https:\\\/\\\/www.cde.ual.es\\\/?s={search_term_string}\"},\"query-input\":{\"@type\":\"PropertyValueSpecification\",\"valueRequired\":true,\"valueName\":\"search_term_string\"}}],\"inLanguage\":\"en-US\"},{\"@type\":\"Organization\",\"@id\":\"https:\\\/\\\/www.cde.ual.es\\\/#organization\",\"name\":\"Centro de Documentaci\u00f3n Europea de Almer\u00eda\",\"url\":\"https:\\\/\\\/www.cde.ual.es\\\/\",\"logo\":{\"@type\":\"ImageObject\",\"inLanguage\":\"en-US\",\"@id\":\"https:\\\/\\\/www.cde.ual.es\\\/#\\\/schema\\\/logo\\\/image\\\/\",\"url\":\"https:\\\/\\\/www.cde.ual.es\\\/wp-content\\\/uploads\\\/2025\\\/07\\\/cde-logo-3.png\",\"contentUrl\":\"https:\\\/\\\/www.cde.ual.es\\\/wp-content\\\/uploads\\\/2025\\\/07\\\/cde-logo-3.png\",\"width\":1400,\"height\":300,\"caption\":\"Centro de Documentaci\u00f3n Europea de Almer\u00eda\"},\"image\":{\"@id\":\"https:\\\/\\\/www.cde.ual.es\\\/#\\\/schema\\\/logo\\\/image\\\/\"},\"sameAs\":[\"https:\\\/\\\/www.facebook.com\\\/cdeuniversidadalmeria\\\/\",\"https:\\\/\\\/x.com\\\/cdeualmeria\",\"https:\\\/\\\/www.tiktok.com\\\/@cdealmeria\",\"https:\\\/\\\/www.instagram.com\\\/cdealmeria\\\/\",\"https:\\\/\\\/www.linkedin.com\\\/in\\\/cde-almera-812b26a9\\\/\"]},{\"@type\":\"Person\",\"@id\":\"https:\\\/\\\/www.cde.ual.es\\\/#\\\/schema\\\/person\\\/ee46ebc19edfa19598c02cff83335acc\",\"name\":\"BECA 2 CDE\",\"image\":{\"@type\":\"ImageObject\",\"inLanguage\":\"en-US\",\"@id\":\"https:\\\/\\\/secure.gravatar.com\\\/avatar\\\/35a481bbc04bbd90e91bdfa3b0b5541036c222a49b9ad37b6889a2afcb5311a5?s=96&d=mm&r=g\",\"url\":\"https:\\\/\\\/secure.gravatar.com\\\/avatar\\\/35a481bbc04bbd90e91bdfa3b0b5541036c222a49b9ad37b6889a2afcb5311a5?s=96&d=mm&r=g\",\"contentUrl\":\"https:\\\/\\\/secure.gravatar.com\\\/avatar\\\/35a481bbc04bbd90e91bdfa3b0b5541036c222a49b9ad37b6889a2afcb5311a5?s=96&d=mm&r=g\",\"caption\":\"BECA 2 CDE\"},\"sameAs\":[\"http:\\\/\\\/www.cdealmeria.com\"]}]}<\/script>\n<!-- \/ Yoast SEO plugin. -->","yoast_head_json":{"title":"EU institutions agree on joint priorities for 2023 and 2024 | CDE Almer\u00eda - Centro de Documentaci\u00f3n Europea - Universidad de Almer\u00eda","robots":{"index":"index","follow":"follow","max-snippet":"max-snippet:-1","max-image-preview":"max-image-preview:large","max-video-preview":"max-video-preview:-1"},"canonical":"https:\/\/www.cde.ual.es\/en\/eu-institutions-agree-on-joint-priorities-for-2023-and-2024\/","og_locale":"en_US","og_type":"article","og_title":"EU institutions agree on joint priorities for 2023 and 2024 | CDE Almer\u00eda - Centro de Documentaci\u00f3n Europea - Universidad de Almer\u00eda","og_description":"A Joint Declaration on EU legislative priorities for 2023 and 2024 was signed by the Presidents of Parliament, Council and Commission. European Parliament President Roberta Metsola, Czech Prime Minister Petr Fiala, for the Council of the European Union, and Commission President Ursula\u00a0von der Leyen\u00a0signed the\u00a0Joint Declaration on EU legislative priorities for 2023 and 2024,\u00a0building on [&hellip;]","og_url":"https:\/\/www.cde.ual.es\/en\/eu-institutions-agree-on-joint-priorities-for-2023-and-2024\/","og_site_name":"CDE Almer\u00eda - Centro de Documentaci\u00f3n Europea - Universidad de Almer\u00eda","article_publisher":"https:\/\/www.facebook.com\/cdeuniversidadalmeria\/","article_published_time":"2022-12-16T09:30:50+00:00","article_modified_time":"2022-12-16T09:35:43+00:00","og_image":[{"width":2560,"height":1706,"url":"https:\/\/www.cde.ual.es\/wp-content\/uploads\/2022\/12\/francois-genon-M5IuGintPvo-unsplash-1-scaled.jpg","type":"image\/jpeg"}],"author":"BECA 2 CDE","twitter_card":"summary_large_image","twitter_creator":"@cdeualmeria","twitter_site":"@cdeualmeria","twitter_misc":{"Written by":"BECA 2 CDE","Est. reading time":"5 minutes"},"schema":{"@context":"https:\/\/schema.org","@graph":[{"@type":"Article","@id":"https:\/\/www.cde.ual.es\/en\/eu-institutions-agree-on-joint-priorities-for-2023-and-2024\/#article","isPartOf":{"@id":"https:\/\/www.cde.ual.es\/en\/eu-institutions-agree-on-joint-priorities-for-2023-and-2024\/"},"author":{"name":"BECA 2 CDE","@id":"https:\/\/www.cde.ual.es\/#\/schema\/person\/ee46ebc19edfa19598c02cff83335acc"},"headline":"EU institutions agree on joint priorities for 2023 and 2024","datePublished":"2022-12-16T09:30:50+00:00","dateModified":"2022-12-16T09:35:43+00:00","mainEntityOfPage":{"@id":"https:\/\/www.cde.ual.es\/en\/eu-institutions-agree-on-joint-priorities-for-2023-and-2024\/"},"wordCount":804,"commentCount":0,"publisher":{"@id":"https:\/\/www.cde.ual.es\/#organization"},"image":{"@id":"https:\/\/www.cde.ual.es\/en\/eu-institutions-agree-on-joint-priorities-for-2023-and-2024\/#primaryimage"},"thumbnailUrl":"https:\/\/www.cde.ual.es\/wp-content\/uploads\/2022\/12\/francois-genon-M5IuGintPvo-unsplash-1-scaled.jpg","keywords":["commission","Council","EU","EU institutions","institution","Parliament"],"articleSection":["EU News","Institutional Affairs","International Politics and Cooperation"],"inLanguage":"en-US","potentialAction":[{"@type":"CommentAction","name":"Comment","target":["https:\/\/www.cde.ual.es\/en\/eu-institutions-agree-on-joint-priorities-for-2023-and-2024\/#respond"]}]},{"@type":"WebPage","@id":"https:\/\/www.cde.ual.es\/en\/eu-institutions-agree-on-joint-priorities-for-2023-and-2024\/","url":"https:\/\/www.cde.ual.es\/en\/eu-institutions-agree-on-joint-priorities-for-2023-and-2024\/","name":"EU institutions agree on joint priorities for 2023 and 2024 | CDE Almer\u00eda - Centro de Documentaci\u00f3n Europea - Universidad de Almer\u00eda","isPartOf":{"@id":"https:\/\/www.cde.ual.es\/#website"},"primaryImageOfPage":{"@id":"https:\/\/www.cde.ual.es\/en\/eu-institutions-agree-on-joint-priorities-for-2023-and-2024\/#primaryimage"},"image":{"@id":"https:\/\/www.cde.ual.es\/en\/eu-institutions-agree-on-joint-priorities-for-2023-and-2024\/#primaryimage"},"thumbnailUrl":"https:\/\/www.cde.ual.es\/wp-content\/uploads\/2022\/12\/francois-genon-M5IuGintPvo-unsplash-1-scaled.jpg","datePublished":"2022-12-16T09:30:50+00:00","dateModified":"2022-12-16T09:35:43+00:00","breadcrumb":{"@id":"https:\/\/www.cde.ual.es\/en\/eu-institutions-agree-on-joint-priorities-for-2023-and-2024\/#breadcrumb"},"inLanguage":"en-US","potentialAction":[{"@type":"ReadAction","target":["https:\/\/www.cde.ual.es\/en\/eu-institutions-agree-on-joint-priorities-for-2023-and-2024\/"]}]},{"@type":"ImageObject","inLanguage":"en-US","@id":"https:\/\/www.cde.ual.es\/en\/eu-institutions-agree-on-joint-priorities-for-2023-and-2024\/#primaryimage","url":"https:\/\/www.cde.ual.es\/wp-content\/uploads\/2022\/12\/francois-genon-M5IuGintPvo-unsplash-1-scaled.jpg","contentUrl":"https:\/\/www.cde.ual.es\/wp-content\/uploads\/2022\/12\/francois-genon-M5IuGintPvo-unsplash-1-scaled.jpg","width":2560,"height":1706,"caption":"banderas ue"},{"@type":"BreadcrumbList","@id":"https:\/\/www.cde.ual.es\/en\/eu-institutions-agree-on-joint-priorities-for-2023-and-2024\/#breadcrumb","itemListElement":[{"@type":"ListItem","position":1,"name":"Inicio","item":"https:\/\/www.cde.ual.es\/en\/"},{"@type":"ListItem","position":2,"name":"EU News","item":"https:\/\/www.cde.ual.es\/en\/category\/eu-news\/"},{"@type":"ListItem","position":3,"name":"Institutional Affairs","item":"https:\/\/www.cde.ual.es\/en\/category\/eu-news\/institutional\/"},{"@type":"ListItem","position":4,"name":"International Politics and Cooperation","item":"https:\/\/www.cde.ual.es\/en\/category\/eu-news\/institutional\/international-pol-coop\/"},{"@type":"ListItem","position":5,"name":"EU institutions agree on joint priorities for 2023 and 2024"}]},{"@type":"WebSite","@id":"https:\/\/www.cde.ual.es\/#website","url":"https:\/\/www.cde.ual.es\/","name":"CDE Almer\u00eda - Centro de Documentaci\u00f3n Europea - Universidad de Almer\u00eda","description":"Centro de Documentaci\u00f3n Europea de la Universidad de Almer\u00eda","publisher":{"@id":"https:\/\/www.cde.ual.es\/#organization"},"alternateName":"CDE Almer\u00eda","potentialAction":[{"@type":"SearchAction","target":{"@type":"EntryPoint","urlTemplate":"https:\/\/www.cde.ual.es\/?s={search_term_string}"},"query-input":{"@type":"PropertyValueSpecification","valueRequired":true,"valueName":"search_term_string"}}],"inLanguage":"en-US"},{"@type":"Organization","@id":"https:\/\/www.cde.ual.es\/#organization","name":"Centro de Documentaci\u00f3n Europea de Almer\u00eda","url":"https:\/\/www.cde.ual.es\/","logo":{"@type":"ImageObject","inLanguage":"en-US","@id":"https:\/\/www.cde.ual.es\/#\/schema\/logo\/image\/","url":"https:\/\/www.cde.ual.es\/wp-content\/uploads\/2025\/07\/cde-logo-3.png","contentUrl":"https:\/\/www.cde.ual.es\/wp-content\/uploads\/2025\/07\/cde-logo-3.png","width":1400,"height":300,"caption":"Centro de Documentaci\u00f3n Europea de Almer\u00eda"},"image":{"@id":"https:\/\/www.cde.ual.es\/#\/schema\/logo\/image\/"},"sameAs":["https:\/\/www.facebook.com\/cdeuniversidadalmeria\/","https:\/\/x.com\/cdeualmeria","https:\/\/www.tiktok.com\/@cdealmeria","https:\/\/www.instagram.com\/cdealmeria\/","https:\/\/www.linkedin.com\/in\/cde-almera-812b26a9\/"]},{"@type":"Person","@id":"https:\/\/www.cde.ual.es\/#\/schema\/person\/ee46ebc19edfa19598c02cff83335acc","name":"BECA 2 CDE","image":{"@type":"ImageObject","inLanguage":"en-US","@id":"https:\/\/secure.gravatar.com\/avatar\/35a481bbc04bbd90e91bdfa3b0b5541036c222a49b9ad37b6889a2afcb5311a5?s=96&d=mm&r=g","url":"https:\/\/secure.gravatar.com\/avatar\/35a481bbc04bbd90e91bdfa3b0b5541036c222a49b9ad37b6889a2afcb5311a5?s=96&d=mm&r=g","contentUrl":"https:\/\/secure.gravatar.com\/avatar\/35a481bbc04bbd90e91bdfa3b0b5541036c222a49b9ad37b6889a2afcb5311a5?s=96&d=mm&r=g","caption":"BECA 2 CDE"},"sameAs":["http:\/\/www.cdealmeria.com"]}]}},"_links":{"self":[{"href":"https:\/\/www.cde.ual.es\/en\/wp-json\/wp\/v2\/posts\/126809","targetHints":{"allow":["GET"]}}],"collection":[{"href":"https:\/\/www.cde.ual.es\/en\/wp-json\/wp\/v2\/posts"}],"about":[{"href":"https:\/\/www.cde.ual.es\/en\/wp-json\/wp\/v2\/types\/post"}],"author":[{"embeddable":true,"href":"https:\/\/www.cde.ual.es\/en\/wp-json\/wp\/v2\/users\/101011"}],"replies":[{"embeddable":true,"href":"https:\/\/www.cde.ual.es\/en\/wp-json\/wp\/v2\/comments?post=126809"}],"version-history":[{"count":1,"href":"https:\/\/www.cde.ual.es\/en\/wp-json\/wp\/v2\/posts\/126809\/revisions"}],"predecessor-version":[{"id":126810,"href":"https:\/\/www.cde.ual.es\/en\/wp-json\/wp\/v2\/posts\/126809\/revisions\/126810"}],"wp:featuredmedia":[{"embeddable":true,"href":"https:\/\/www.cde.ual.es\/en\/wp-json\/wp\/v2\/media\/125347"}],"wp:attachment":[{"href":"https:\/\/www.cde.ual.es\/en\/wp-json\/wp\/v2\/media?parent=126809"}],"wp:term":[{"taxonomy":"category","embeddable":true,"href":"https:\/\/www.cde.ual.es\/en\/wp-json\/wp\/v2\/categories?post=126809"},{"taxonomy":"post_tag","embeddable":true,"href":"https:\/\/www.cde.ual.es\/en\/wp-json\/wp\/v2\/tags?post=126809"}],"curies":[{"name":"wp","href":"https:\/\/api.w.org\/{rel}","templated":true}]}}