{"id":126595,"date":"2022-12-15T03:00:05","date_gmt":"2022-12-15T02:00:05","guid":{"rendered":"https:\/\/www.cde.ual.es\/?p=126595"},"modified":"2022-12-14T12:46:54","modified_gmt":"2022-12-14T11:46:54","slug":"repowereu-deal-on-energy-measures-in-national-recovery-plans","status":"publish","type":"post","link":"https:\/\/www.cde.ual.es\/en\/repowereu-deal-on-energy-measures-in-national-recovery-plans\/","title":{"rendered":"REPowerEU: deal on energy measures in national recovery plans"},"content":{"rendered":"<div class=\"ep_gridcolumn\" data-view1200=\"1\" data-view1020=\"1\" data-view750=\"0\" data-view640=\"0\" data-view480=\"0\" data-view320=\"0\">\n<div class=\"ep_gridcolumn-content\"><a href=\"https:\/\/www.cde.ual.es\/wp-content\/uploads\/2022\/12\/deepmind-s2TPKAD6fag-unsplash-scaled.jpg\"><img decoding=\"async\" class=\"wp-image-126596 aligncenter\" src=\"https:\/\/www.cde.ual.es\/wp-content\/uploads\/2022\/12\/deepmind-s2TPKAD6fag-unsplash-scaled.jpg\" alt=\"Imagen digital de un cubo de cristal del que emergen brotes de musgo verde\" width=\"501\" height=\"282\" srcset=\"https:\/\/www.cde.ual.es\/wp-content\/uploads\/2022\/12\/deepmind-s2TPKAD6fag-unsplash-scaled.jpg 2560w, https:\/\/www.cde.ual.es\/wp-content\/uploads\/2022\/12\/deepmind-s2TPKAD6fag-unsplash-300x169.jpg 300w, https:\/\/www.cde.ual.es\/wp-content\/uploads\/2022\/12\/deepmind-s2TPKAD6fag-unsplash-1024x576.jpg 1024w, https:\/\/www.cde.ual.es\/wp-content\/uploads\/2022\/12\/deepmind-s2TPKAD6fag-unsplash-768x432.jpg 768w, https:\/\/www.cde.ual.es\/wp-content\/uploads\/2022\/12\/deepmind-s2TPKAD6fag-unsplash-1280x720.jpg 1280w, https:\/\/www.cde.ual.es\/wp-content\/uploads\/2022\/12\/deepmind-s2TPKAD6fag-unsplash-1536x864.jpg 1536w, https:\/\/www.cde.ual.es\/wp-content\/uploads\/2022\/12\/deepmind-s2TPKAD6fag-unsplash-2048x1152.jpg 2048w\" sizes=\"(max-width: 501px) 100vw, 501px\" \/><\/a><\/div>\n<\/div>\n<div class=\"ep_gridcolumn\" data-view1200=\"6\" data-view1020=\"6\" data-view750=\"10\" data-view640=\"6\" data-view480=\"8\" data-view320=\"4\">\n<div class=\"ep_gridrow\">\n<div class=\"ep_gridrow-content\">\n<div class=\"ep_gridcolumn ep-m_product\" data-view1200=\"6\" data-view1020=\"6\" data-view750=\"10\" data-view640=\"6\" data-view480=\"8\" data-view320=\"4\">\n<div class=\"ep_gridcolumn-content\">\n<div class=\"ep-a_text\">\n<ul>\n<li style=\"text-align: justify;\">Measures to save energy, produce clean energy and diversify supplies<\/li>\n<li style=\"text-align: justify;\">Support for vulnerable households, SMEs and micro-enterprises<\/li>\n<li style=\"text-align: justify;\">Member states to allocate more funds to cross-border and multi-country energy projects<\/li>\n<\/ul>\n<\/div>\n<\/div>\n<\/div>\n<div class=\"ep_gridcolumn ep-m_product\" style=\"text-align: justify;\" data-view1200=\"6\" data-view1020=\"6\" data-view750=\"10\" data-view640=\"6\" data-view480=\"8\" data-view320=\"4\">\n<div class=\"ep_gridcolumn-content\">\n<div class=\"ep-a_text ep-layout_chapo\">\n<p>MEPs struck a deal with Council on the inclusion of REPowerEU measures in national recovery plans to support independence from Russian fossil fuels and the green transition.<\/p>\n<\/div>\n<\/div>\n<\/div>\n<div class=\"ep_gridcolumn ep-m_product\" data-view1200=\"6\" data-view1020=\"6\" data-view750=\"10\" data-view640=\"6\" data-view480=\"8\" data-view320=\"4\">\n<div class=\"ep_gridcolumn-content\">\n<div class=\"ep-a_text\">\n<p class=\"ep-wysiwig_paragraph\" style=\"text-align: justify;\">Negotiators from the Budgets and Economic and Monetary Affairs committees reached a provisional agreement with the Council on Wednesday morning. The deal provides that EU countries applying to receive additional funds through an amended\u00a0<a href=\"https:\/\/ec.europa.eu\/info\/business-economy-euro\/recovery-coronavirus\/recovery-and-resilience-facility_en\" target=\"_blank\" rel=\"noopener\">recovery and resilience plan<\/a>\u00a0will be required, after the entry into force of this proposal, to include measures to save energy, produce clean energy and diversify energy supplies, as foreseen in the EU\u2019s\u00a0<a href=\"https:\/\/ec.europa.eu\/info\/strategy\/priorities-2019-2024\/european-green-deal\/repowereu-affordable-secure-and-sustainable-energy-europe_en\" target=\"_blank\" rel=\"noopener\">REPowerEU<\/a>\u00a0plan.<\/p>\n<h3 class=\"ep-wysiwig_paragraph\" style=\"text-align: justify;\"><strong>Boost independence and fight energy poverty<\/strong><\/h3>\n<p class=\"ep-wysiwig_paragraph\" style=\"text-align: justify;\">Negotiators agreed that the new rules will cover measures retroactively from 1 February 2022, with some limited exceptions. MEPs made sure that these measures are designed to support investments to tackle energy poverty for vulnerable households, SMEs and micro-enterprises.<\/p>\n<h3 class=\"ep-wysiwig_paragraph\" style=\"text-align: justify;\"><strong>Funding<\/strong><\/h3>\n<p class=\"ep-wysiwig_paragraph\" style=\"text-align: justify;\">Parliament negotiators ensured that from the additional 20 billion euro in grants proposed by the Commission, 8 billion will come from an earlier auctioning of national emission allowances under the\u00a0<a href=\"https:\/\/climate.ec.europa.eu\/eu-action\/eu-emissions-trading-system-eu-ets_en\" target=\"_blank\" rel=\"noopener\">EU Emissions Trading System<\/a>\u00a0(ETS), while 12 billion will be taken from the\u00a0<a href=\"https:\/\/climate.ec.europa.eu\/eu-action\/funding-climate-action\/innovation-fund_en\" target=\"_blank\" rel=\"noopener\">Innovation Fund<\/a>. In addition, no revenue raised through the ETS can be used for investments in fossil fuel.<\/p>\n<p class=\"ep-wysiwig_paragraph\" style=\"text-align: justify;\">To adequately support the decarbonisation of industrial sectors, MEPs obtained a commitment from the Council and Commission to replenish the Innovation Fund to above its current size, with 2 billion euro already agreed and the remainder to be part of the negotiations on the ongoing ETS reform.<\/p>\n<p class=\"ep-wysiwig_paragraph\" style=\"text-align: justify;\">This additional 20 billion euro in grants will be distributed to member states, taking into account their energy dependency rate and the share of fossil fuels in gross inland energy consumption.<\/p>\n<p class=\"ep-wysiwig_paragraph\" style=\"text-align: justify;\">MEPs also ensured that there will be flexibility regarding the use of unspent EU funds, particularly those from the 2014-2020 budget cycle. Furthermore, EU countries will be able to use up to 7.5% of their unspent allocations from the cohesion policy under the 2021-2027 programming period to attain their REPowerEU objectives. No agriculture funds will be transferred to the RRF.<\/p>\n<p class=\"ep-wysiwig_paragraph\" style=\"text-align: justify;\">Parliament\u2019s negotiators successfully negotiated an increased pre-financing of 20% of the funds to help member states to quickly implement reforms and investments.<\/p>\n<table style=\"width: 99.9988%; border-collapse: collapse; border-style: double; border-color: #001f7d;\" cellpadding=\"0,5\">\n<tbody>\n<tr>\n<td style=\"width: 100%;\"><a href=\"https:\/\/www.cde.ual.es\/en\/eu-to-invest-e13-5-billion-in-research-and-innovation-for-2023-2024\/\" target=\"_blank\" rel=\"noopener\"><img decoding=\"async\" class=\"alignleft\" src=\"https:\/\/www.cde.ual.es\/wp-content\/uploads\/2022\/12\/werner-du-plessis-6dDHofabCQ8-unsplash-scaled.jpg\" alt=\"\" width=\"201\" height=\"134\" \/><\/a><\/p>\n<h4 class=\"entry-title\"><a href=\"https:\/\/www.cde.ual.es\/en\/eu-to-invest-e13-5-billion-in-research-and-innovation-for-2023-2024\/\" target=\"_blank\" rel=\"noopener\">EU to invest \u20ac13.5 billion in research and innovation for 2023-2024<br \/>\n<\/a><\/h4>\n<\/td>\n<\/tr>\n<\/tbody>\n<\/table>\n<p>&nbsp;<\/p>\n<h3 class=\"ep-wysiwig_paragraph\" style=\"text-align: justify;\"><strong>Cross border measures, climate and transparency<\/strong><\/h3>\n<p class=\"ep-wysiwig_paragraph\" style=\"text-align: justify;\">MEPs convinced EU countries to allocate at least 30% of their spending under REPowerEU to multi-country measures, addressing existing bottlenecks in energy transmission, distribution and storage as well as increasing cross-border flows, even if carried out by one EU country. The Commission can grant a derogation from this rule under specific circumstances.<\/p>\n<p class=\"ep-wysiwig_paragraph\" style=\"text-align: justify;\">The \u201c<a href=\"https:\/\/ec.europa.eu\/info\/sites\/default\/files\/2021_02_18_epc_do_not_significant_harm_-technical_guidance_by_the_commission.pdf\" target=\"_blank\" rel=\"noopener\">do no significant harm\u201d principle<\/a> should apply to the REPowerEU chapters, with exemptions granted to measures that safeguard the EU\u2019s immediate energy security concerns, minimise the potential environmental harm and do not jeopardise EU climate targets. Such measures should be in operation by 31 December 2026.<\/p>\n<p class=\"ep-wysiwig_paragraph\" style=\"text-align: justify;\">EP negotiators also strengthened the existing provisions concerning the input from regional authorities, NGOs and social partners in defining REPowerEU measures. Finally, they introduced new transparency rules concerning final recipients receiving the highest amount of funding. These rules will apply to the whole of the recovery and resilience plans.<\/p>\n<h3 class=\"ep-wysiwig_paragraph\" style=\"text-align: justify;\"><strong>Quotes<\/strong><\/h3>\n<p class=\"ep-wysiwig_paragraph\" style=\"text-align: justify;\"><a href=\"https:\/\/www.europarl.europa.eu\/meps\/en\/124802\/SIEGFRIED_MURESAN\/home\" target=\"_blank\" rel=\"noopener\">Siegfried MURE\u015eAN<\/a>\u00a0(EPP, RO), co-rapporteur, said: \u201cWe are facing a European energy crisis and the solutions must be European. This is why member states shall address as a matter of priority the existing bottlenecks in terms of energy transmission through cross-border and multi-country projects. It is through these investments that REPowerEU can bring real EU added value and support us through this crisis. Member states should invest at least 30% of the amounts of REPowerEU in projects that have a cross-border effect\u201d.<\/p>\n<p class=\"ep-wysiwig_paragraph\" style=\"text-align: justify;\"><a href=\"https:\/\/www.europarl.europa.eu\/meps\/en\/96991\/EIDER_GARDIAZABAL+RUBIAL\/home\" target=\"_blank\" rel=\"noopener\">Eider GARDIAZABAL RUBIAL<\/a>\u00a0(S&amp;D, ES), co-rapporteur, said: \u201cTonight we have adopted the RePowerEU as an EU tool to support independence from Russian fossil fuels and to accelerate the green transition. It is also a very concrete and timely instrument as an answer to the energy crisis by tackling energy poverty for vulnerable households.\u201d<\/p>\n<p class=\"ep-wysiwig_paragraph\" style=\"text-align: justify;\"><a href=\"https:\/\/www.europarl.europa.eu\/meps\/en\/197663\/DRAGOS_PISLARU\/home\" target=\"_blank\" rel=\"noopener\">Drago\u0219 P\u00ceSLARU<\/a>\u00a0(Renew, RO), co-rapporteur, said: On 14 December 2022, Europe delivered a historic instrument of solidarity that will directly reach citizens and SMEs. An instrument that has three main ingredients: ambition, transparency and flexibility. It is a moment of tremendous ambition from the EU to show and provide the means to become energetically independent from one door to another, from one neighbour to the bakery at the corner of the street. REPowerEU is the solution our citizens, our businesses, our generations need to overcome this energy crisis and to cut out their energy bills. And today I am proud to say we made it!\u201d<\/p>\n<h3 class=\"ep-wysiwig_paragraph\" style=\"text-align: justify;\"><strong>Next steps<\/strong><\/h3>\n<p class=\"ep-wysiwig_paragraph\" style=\"text-align: justify;\">The provisional political agreement will now have to be approved by both of Parliament\u2019s committees, before being subject to a plenary vote. The Council must also approve the deal for it to come into force.<\/p>\n<p><strong>Source: <a href=\"https:\/\/www.europarl.europa.eu\/news\/es\/press-room\/20221212IPR64514\/repowereu-deal-on-energy-measures-in-national-recovery-plans\" target=\"_blank\" rel=\"noopener\">European Parliament<\/a><\/strong><\/p>\n<\/div>\n<\/div>\n<\/div>\n<\/div>\n<\/div>\n<\/div>\n","protected":false},"excerpt":{"rendered":"<p>Measures to save energy, produce clean energy and diversify supplies Support for vulnerable households, SMEs and micro-enterprises Member states to allocate more funds to cross-border and multi-country energy projects MEPs struck a deal with Council on the inclusion of REPowerEU measures in national recovery plans to support independence from Russian fossil fuels and the green [&hellip;]<\/p>\n","protected":false},"author":101011,"featured_media":126596,"comment_status":"open","ping_status":"open","sticky":false,"template":"","format":"standard","meta":{"_acf_changed":false,"_relevanssi_hide_post":"","_relevanssi_hide_content":"","_relevanssi_pin_for_all":"","_relevanssi_pin_keywords":"","_relevanssi_unpin_keywords":"","_relevanssi_related_keywords":"","_relevanssi_related_include_ids":"","_relevanssi_related_exclude_ids":"","_relevanssi_related_no_append":"","_relevanssi_related_not_related":"","_relevanssi_related_posts":"","_relevanssi_noindex_reason":"","_monsterinsights_skip_tracking":false,"_monsterinsights_sitenote_active":false,"_monsterinsights_sitenote_note":"","_monsterinsights_sitenote_category":0,"_genesis_hide_title":false,"_genesis_hide_breadcrumbs":false,"_genesis_hide_singular_image":false,"_genesis_hide_footer_widgets":false,"_genesis_custom_body_class":"","_genesis_custom_post_class":"","_genesis_layout":"","footnotes":""},"categories":[4086,4085,346],"tags":[464,7956,753,404,7957,7336],"class_list":{"0":"post-126595","1":"post","2":"type-post","3":"status-publish","4":"format-standard","5":"has-post-thumbnail","7":"category-energy","8":"category-environment","9":"category-eu-news","10":"tag-energy","11":"tag-energy-poverty","12":"tag-european-parliament","13":"tag-innovation","14":"tag-innovation-fund","15":"tag-repowereu","16":"entry"},"acf":[],"yoast_head":"<!-- This site is optimized with the Yoast SEO plugin v27.5 - https:\/\/yoast.com\/product\/yoast-seo-wordpress\/ -->\n<title>REPowerEU: deal on energy measures in national recovery plans | CDE Almer\u00eda - Centro de Documentaci\u00f3n Europea - Universidad de Almer\u00eda<\/title>\n<meta name=\"robots\" content=\"index, follow, max-snippet:-1, max-image-preview:large, max-video-preview:-1\" \/>\n<link rel=\"canonical\" href=\"https:\/\/www.cde.ual.es\/repowereu-acuerdo-sobre-medidas-energeticas-en-los-planes-nacionales-de-recuperacion\/\" \/>\n<meta property=\"og:locale\" content=\"en_US\" \/>\n<meta property=\"og:type\" content=\"article\" \/>\n<meta property=\"og:title\" content=\"REPowerEU: deal on energy measures in national recovery plans | CDE Almer\u00eda - Centro de Documentaci\u00f3n Europea - Universidad de Almer\u00eda\" \/>\n<meta property=\"og:description\" content=\"Measures to save energy, produce clean energy and diversify supplies Support for vulnerable households, SMEs and micro-enterprises Member states to allocate more funds to cross-border and multi-country energy projects MEPs struck a deal with Council on the inclusion of REPowerEU measures in national recovery plans to support independence from Russian fossil fuels and the green [&hellip;]\" \/>\n<meta property=\"og:url\" content=\"https:\/\/www.cde.ual.es\/repowereu-acuerdo-sobre-medidas-energeticas-en-los-planes-nacionales-de-recuperacion\/\" \/>\n<meta property=\"og:site_name\" content=\"CDE Almer\u00eda - Centro de Documentaci\u00f3n Europea - Universidad de Almer\u00eda\" \/>\n<meta property=\"article:publisher\" content=\"https:\/\/www.facebook.com\/cdeuniversidadalmeria\/\" \/>\n<meta property=\"article:published_time\" content=\"2022-12-15T02:00:05+00:00\" \/>\n<meta property=\"og:image\" content=\"https:\/\/www.cde.ual.es\/wp-content\/uploads\/2022\/12\/deepmind-s2TPKAD6fag-unsplash-scaled.jpg\" \/>\n\t<meta property=\"og:image:width\" content=\"2560\" \/>\n\t<meta property=\"og:image:height\" content=\"1440\" \/>\n\t<meta property=\"og:image:type\" content=\"image\/jpeg\" \/>\n<meta name=\"author\" content=\"BECA 2 CDE\" \/>\n<meta name=\"twitter:card\" content=\"summary_large_image\" \/>\n<meta name=\"twitter:creator\" content=\"@cdeualmeria\" \/>\n<meta name=\"twitter:site\" content=\"@cdeualmeria\" \/>\n<meta name=\"twitter:label1\" content=\"Written by\" \/>\n\t<meta name=\"twitter:data1\" content=\"BECA 2 CDE\" \/>\n\t<meta name=\"twitter:label2\" content=\"Est. reading time\" \/>\n\t<meta name=\"twitter:data2\" content=\"5 minutes\" \/>\n<script type=\"application\/ld+json\" class=\"yoast-schema-graph\">{\"@context\":\"https:\\\/\\\/schema.org\",\"@graph\":[{\"@type\":\"Article\",\"@id\":\"https:\\\/\\\/www.cde.ual.es\\\/repowereu-acuerdo-sobre-medidas-energeticas-en-los-planes-nacionales-de-recuperacion\\\/#article\",\"isPartOf\":{\"@id\":\"https:\\\/\\\/www.cde.ual.es\\\/repowereu-acuerdo-sobre-medidas-energeticas-en-los-planes-nacionales-de-recuperacion\\\/\"},\"author\":{\"name\":\"BECA 2 CDE\",\"@id\":\"https:\\\/\\\/www.cde.ual.es\\\/#\\\/schema\\\/person\\\/ee46ebc19edfa19598c02cff83335acc\"},\"headline\":\"REPowerEU: deal on energy measures in national recovery plans\",\"datePublished\":\"2022-12-15T02:00:05+00:00\",\"mainEntityOfPage\":{\"@id\":\"https:\\\/\\\/www.cde.ual.es\\\/repowereu-acuerdo-sobre-medidas-energeticas-en-los-planes-nacionales-de-recuperacion\\\/\"},\"wordCount\":840,\"commentCount\":0,\"publisher\":{\"@id\":\"https:\\\/\\\/www.cde.ual.es\\\/#organization\"},\"image\":{\"@id\":\"https:\\\/\\\/www.cde.ual.es\\\/repowereu-acuerdo-sobre-medidas-energeticas-en-los-planes-nacionales-de-recuperacion\\\/#primaryimage\"},\"thumbnailUrl\":\"https:\\\/\\\/www.cde.ual.es\\\/wp-content\\\/uploads\\\/2022\\\/12\\\/deepmind-s2TPKAD6fag-unsplash-scaled.jpg\",\"keywords\":[\"Energy\",\"Energy Poverty\",\"European Parliament\",\"innovation\",\"Innovation Fund\",\"REPowerEU\"],\"articleSection\":[\"Energy\",\"Environmental Affairs\",\"EU News\"],\"inLanguage\":\"en-US\",\"potentialAction\":[{\"@type\":\"CommentAction\",\"name\":\"Comment\",\"target\":[\"https:\\\/\\\/www.cde.ual.es\\\/repowereu-acuerdo-sobre-medidas-energeticas-en-los-planes-nacionales-de-recuperacion\\\/#respond\"]}]},{\"@type\":\"WebPage\",\"@id\":\"https:\\\/\\\/www.cde.ual.es\\\/repowereu-acuerdo-sobre-medidas-energeticas-en-los-planes-nacionales-de-recuperacion\\\/\",\"url\":\"https:\\\/\\\/www.cde.ual.es\\\/repowereu-acuerdo-sobre-medidas-energeticas-en-los-planes-nacionales-de-recuperacion\\\/\",\"name\":\"REPowerEU: deal on energy measures in national recovery plans | CDE Almer\u00eda - Centro de Documentaci\u00f3n Europea - Universidad de Almer\u00eda\",\"isPartOf\":{\"@id\":\"https:\\\/\\\/www.cde.ual.es\\\/#website\"},\"primaryImageOfPage\":{\"@id\":\"https:\\\/\\\/www.cde.ual.es\\\/repowereu-acuerdo-sobre-medidas-energeticas-en-los-planes-nacionales-de-recuperacion\\\/#primaryimage\"},\"image\":{\"@id\":\"https:\\\/\\\/www.cde.ual.es\\\/repowereu-acuerdo-sobre-medidas-energeticas-en-los-planes-nacionales-de-recuperacion\\\/#primaryimage\"},\"thumbnailUrl\":\"https:\\\/\\\/www.cde.ual.es\\\/wp-content\\\/uploads\\\/2022\\\/12\\\/deepmind-s2TPKAD6fag-unsplash-scaled.jpg\",\"datePublished\":\"2022-12-15T02:00:05+00:00\",\"breadcrumb\":{\"@id\":\"https:\\\/\\\/www.cde.ual.es\\\/repowereu-acuerdo-sobre-medidas-energeticas-en-los-planes-nacionales-de-recuperacion\\\/#breadcrumb\"},\"inLanguage\":\"en-US\",\"potentialAction\":[{\"@type\":\"ReadAction\",\"target\":[\"https:\\\/\\\/www.cde.ual.es\\\/repowereu-acuerdo-sobre-medidas-energeticas-en-los-planes-nacionales-de-recuperacion\\\/\"]}]},{\"@type\":\"ImageObject\",\"inLanguage\":\"en-US\",\"@id\":\"https:\\\/\\\/www.cde.ual.es\\\/repowereu-acuerdo-sobre-medidas-energeticas-en-los-planes-nacionales-de-recuperacion\\\/#primaryimage\",\"url\":\"https:\\\/\\\/www.cde.ual.es\\\/wp-content\\\/uploads\\\/2022\\\/12\\\/deepmind-s2TPKAD6fag-unsplash-scaled.jpg\",\"contentUrl\":\"https:\\\/\\\/www.cde.ual.es\\\/wp-content\\\/uploads\\\/2022\\\/12\\\/deepmind-s2TPKAD6fag-unsplash-scaled.jpg\",\"width\":2560,\"height\":1440,\"caption\":\"Imagen digital de un cubo de cristal del que emergen brotes de musgo verde\"},{\"@type\":\"BreadcrumbList\",\"@id\":\"https:\\\/\\\/www.cde.ual.es\\\/repowereu-acuerdo-sobre-medidas-energeticas-en-los-planes-nacionales-de-recuperacion\\\/#breadcrumb\",\"itemListElement\":[{\"@type\":\"ListItem\",\"position\":1,\"name\":\"Inicio\",\"item\":\"https:\\\/\\\/www.cde.ual.es\\\/en\\\/\"},{\"@type\":\"ListItem\",\"position\":2,\"name\":\"Noticias UE\",\"item\":\"https:\\\/\\\/www.cde.ual.es\\\/category\\\/noticias-ue\\\/\"},{\"@type\":\"ListItem\",\"position\":3,\"name\":\"Medio Ambiente\",\"item\":\"https:\\\/\\\/www.cde.ual.es\\\/category\\\/noticias-ue\\\/medioambiente\\\/\"},{\"@type\":\"ListItem\",\"position\":4,\"name\":\"Energy\",\"item\":\"https:\\\/\\\/www.cde.ual.es\\\/en\\\/category\\\/eu-news\\\/environment\\\/energy\\\/\"},{\"@type\":\"ListItem\",\"position\":5,\"name\":\"REPowerEU: deal on energy measures in national recovery plans\"}]},{\"@type\":\"WebSite\",\"@id\":\"https:\\\/\\\/www.cde.ual.es\\\/#website\",\"url\":\"https:\\\/\\\/www.cde.ual.es\\\/\",\"name\":\"CDE Almer\u00eda - Centro de Documentaci\u00f3n Europea - Universidad de Almer\u00eda\",\"description\":\"Centro de Documentaci\u00f3n Europea de la Universidad de Almer\u00eda\",\"publisher\":{\"@id\":\"https:\\\/\\\/www.cde.ual.es\\\/#organization\"},\"alternateName\":\"CDE Almer\u00eda\",\"potentialAction\":[{\"@type\":\"SearchAction\",\"target\":{\"@type\":\"EntryPoint\",\"urlTemplate\":\"https:\\\/\\\/www.cde.ual.es\\\/?s={search_term_string}\"},\"query-input\":{\"@type\":\"PropertyValueSpecification\",\"valueRequired\":true,\"valueName\":\"search_term_string\"}}],\"inLanguage\":\"en-US\"},{\"@type\":\"Organization\",\"@id\":\"https:\\\/\\\/www.cde.ual.es\\\/#organization\",\"name\":\"Centro de Documentaci\u00f3n Europea de Almer\u00eda\",\"url\":\"https:\\\/\\\/www.cde.ual.es\\\/\",\"logo\":{\"@type\":\"ImageObject\",\"inLanguage\":\"en-US\",\"@id\":\"https:\\\/\\\/www.cde.ual.es\\\/#\\\/schema\\\/logo\\\/image\\\/\",\"url\":\"https:\\\/\\\/www.cde.ual.es\\\/wp-content\\\/uploads\\\/2025\\\/07\\\/cde-logo-3.png\",\"contentUrl\":\"https:\\\/\\\/www.cde.ual.es\\\/wp-content\\\/uploads\\\/2025\\\/07\\\/cde-logo-3.png\",\"width\":1400,\"height\":300,\"caption\":\"Centro de Documentaci\u00f3n Europea de Almer\u00eda\"},\"image\":{\"@id\":\"https:\\\/\\\/www.cde.ual.es\\\/#\\\/schema\\\/logo\\\/image\\\/\"},\"sameAs\":[\"https:\\\/\\\/www.facebook.com\\\/cdeuniversidadalmeria\\\/\",\"https:\\\/\\\/x.com\\\/cdeualmeria\",\"https:\\\/\\\/www.tiktok.com\\\/@cdealmeria\",\"https:\\\/\\\/www.instagram.com\\\/cdealmeria\\\/\",\"https:\\\/\\\/www.linkedin.com\\\/in\\\/cde-almera-812b26a9\\\/\"]},{\"@type\":\"Person\",\"@id\":\"https:\\\/\\\/www.cde.ual.es\\\/#\\\/schema\\\/person\\\/ee46ebc19edfa19598c02cff83335acc\",\"name\":\"BECA 2 CDE\",\"image\":{\"@type\":\"ImageObject\",\"inLanguage\":\"en-US\",\"@id\":\"https:\\\/\\\/secure.gravatar.com\\\/avatar\\\/35a481bbc04bbd90e91bdfa3b0b5541036c222a49b9ad37b6889a2afcb5311a5?s=96&d=mm&r=g\",\"url\":\"https:\\\/\\\/secure.gravatar.com\\\/avatar\\\/35a481bbc04bbd90e91bdfa3b0b5541036c222a49b9ad37b6889a2afcb5311a5?s=96&d=mm&r=g\",\"contentUrl\":\"https:\\\/\\\/secure.gravatar.com\\\/avatar\\\/35a481bbc04bbd90e91bdfa3b0b5541036c222a49b9ad37b6889a2afcb5311a5?s=96&d=mm&r=g\",\"caption\":\"BECA 2 CDE\"},\"sameAs\":[\"http:\\\/\\\/www.cdealmeria.com\"]}]}<\/script>\n<!-- \/ Yoast SEO plugin. -->","yoast_head_json":{"title":"REPowerEU: deal on energy measures in national recovery plans | CDE Almer\u00eda - Centro de Documentaci\u00f3n Europea - Universidad de Almer\u00eda","robots":{"index":"index","follow":"follow","max-snippet":"max-snippet:-1","max-image-preview":"max-image-preview:large","max-video-preview":"max-video-preview:-1"},"canonical":"https:\/\/www.cde.ual.es\/repowereu-acuerdo-sobre-medidas-energeticas-en-los-planes-nacionales-de-recuperacion\/","og_locale":"en_US","og_type":"article","og_title":"REPowerEU: deal on energy measures in national recovery plans | CDE Almer\u00eda - Centro de Documentaci\u00f3n Europea - Universidad de Almer\u00eda","og_description":"Measures to save energy, produce clean energy and diversify supplies Support for vulnerable households, SMEs and micro-enterprises Member states to allocate more funds to cross-border and multi-country energy projects MEPs struck a deal with Council on the inclusion of REPowerEU measures in national recovery plans to support independence from Russian fossil fuels and the green [&hellip;]","og_url":"https:\/\/www.cde.ual.es\/repowereu-acuerdo-sobre-medidas-energeticas-en-los-planes-nacionales-de-recuperacion\/","og_site_name":"CDE Almer\u00eda - Centro de Documentaci\u00f3n Europea - Universidad de Almer\u00eda","article_publisher":"https:\/\/www.facebook.com\/cdeuniversidadalmeria\/","article_published_time":"2022-12-15T02:00:05+00:00","og_image":[{"width":2560,"height":1440,"url":"https:\/\/www.cde.ual.es\/wp-content\/uploads\/2022\/12\/deepmind-s2TPKAD6fag-unsplash-scaled.jpg","type":"image\/jpeg"}],"author":"BECA 2 CDE","twitter_card":"summary_large_image","twitter_creator":"@cdeualmeria","twitter_site":"@cdeualmeria","twitter_misc":{"Written by":"BECA 2 CDE","Est. reading time":"5 minutes"},"schema":{"@context":"https:\/\/schema.org","@graph":[{"@type":"Article","@id":"https:\/\/www.cde.ual.es\/repowereu-acuerdo-sobre-medidas-energeticas-en-los-planes-nacionales-de-recuperacion\/#article","isPartOf":{"@id":"https:\/\/www.cde.ual.es\/repowereu-acuerdo-sobre-medidas-energeticas-en-los-planes-nacionales-de-recuperacion\/"},"author":{"name":"BECA 2 CDE","@id":"https:\/\/www.cde.ual.es\/#\/schema\/person\/ee46ebc19edfa19598c02cff83335acc"},"headline":"REPowerEU: deal on energy measures in national recovery plans","datePublished":"2022-12-15T02:00:05+00:00","mainEntityOfPage":{"@id":"https:\/\/www.cde.ual.es\/repowereu-acuerdo-sobre-medidas-energeticas-en-los-planes-nacionales-de-recuperacion\/"},"wordCount":840,"commentCount":0,"publisher":{"@id":"https:\/\/www.cde.ual.es\/#organization"},"image":{"@id":"https:\/\/www.cde.ual.es\/repowereu-acuerdo-sobre-medidas-energeticas-en-los-planes-nacionales-de-recuperacion\/#primaryimage"},"thumbnailUrl":"https:\/\/www.cde.ual.es\/wp-content\/uploads\/2022\/12\/deepmind-s2TPKAD6fag-unsplash-scaled.jpg","keywords":["Energy","Energy Poverty","European Parliament","innovation","Innovation Fund","REPowerEU"],"articleSection":["Energy","Environmental Affairs","EU News"],"inLanguage":"en-US","potentialAction":[{"@type":"CommentAction","name":"Comment","target":["https:\/\/www.cde.ual.es\/repowereu-acuerdo-sobre-medidas-energeticas-en-los-planes-nacionales-de-recuperacion\/#respond"]}]},{"@type":"WebPage","@id":"https:\/\/www.cde.ual.es\/repowereu-acuerdo-sobre-medidas-energeticas-en-los-planes-nacionales-de-recuperacion\/","url":"https:\/\/www.cde.ual.es\/repowereu-acuerdo-sobre-medidas-energeticas-en-los-planes-nacionales-de-recuperacion\/","name":"REPowerEU: deal on energy measures in national recovery plans | CDE Almer\u00eda - Centro de Documentaci\u00f3n Europea - Universidad de Almer\u00eda","isPartOf":{"@id":"https:\/\/www.cde.ual.es\/#website"},"primaryImageOfPage":{"@id":"https:\/\/www.cde.ual.es\/repowereu-acuerdo-sobre-medidas-energeticas-en-los-planes-nacionales-de-recuperacion\/#primaryimage"},"image":{"@id":"https:\/\/www.cde.ual.es\/repowereu-acuerdo-sobre-medidas-energeticas-en-los-planes-nacionales-de-recuperacion\/#primaryimage"},"thumbnailUrl":"https:\/\/www.cde.ual.es\/wp-content\/uploads\/2022\/12\/deepmind-s2TPKAD6fag-unsplash-scaled.jpg","datePublished":"2022-12-15T02:00:05+00:00","breadcrumb":{"@id":"https:\/\/www.cde.ual.es\/repowereu-acuerdo-sobre-medidas-energeticas-en-los-planes-nacionales-de-recuperacion\/#breadcrumb"},"inLanguage":"en-US","potentialAction":[{"@type":"ReadAction","target":["https:\/\/www.cde.ual.es\/repowereu-acuerdo-sobre-medidas-energeticas-en-los-planes-nacionales-de-recuperacion\/"]}]},{"@type":"ImageObject","inLanguage":"en-US","@id":"https:\/\/www.cde.ual.es\/repowereu-acuerdo-sobre-medidas-energeticas-en-los-planes-nacionales-de-recuperacion\/#primaryimage","url":"https:\/\/www.cde.ual.es\/wp-content\/uploads\/2022\/12\/deepmind-s2TPKAD6fag-unsplash-scaled.jpg","contentUrl":"https:\/\/www.cde.ual.es\/wp-content\/uploads\/2022\/12\/deepmind-s2TPKAD6fag-unsplash-scaled.jpg","width":2560,"height":1440,"caption":"Imagen digital de un cubo de cristal del que emergen brotes de musgo verde"},{"@type":"BreadcrumbList","@id":"https:\/\/www.cde.ual.es\/repowereu-acuerdo-sobre-medidas-energeticas-en-los-planes-nacionales-de-recuperacion\/#breadcrumb","itemListElement":[{"@type":"ListItem","position":1,"name":"Inicio","item":"https:\/\/www.cde.ual.es\/en\/"},{"@type":"ListItem","position":2,"name":"Noticias UE","item":"https:\/\/www.cde.ual.es\/category\/noticias-ue\/"},{"@type":"ListItem","position":3,"name":"Medio Ambiente","item":"https:\/\/www.cde.ual.es\/category\/noticias-ue\/medioambiente\/"},{"@type":"ListItem","position":4,"name":"Energy","item":"https:\/\/www.cde.ual.es\/en\/category\/eu-news\/environment\/energy\/"},{"@type":"ListItem","position":5,"name":"REPowerEU: deal on energy measures in national recovery plans"}]},{"@type":"WebSite","@id":"https:\/\/www.cde.ual.es\/#website","url":"https:\/\/www.cde.ual.es\/","name":"CDE Almer\u00eda - Centro de Documentaci\u00f3n Europea - Universidad de Almer\u00eda","description":"Centro de Documentaci\u00f3n Europea de la Universidad de Almer\u00eda","publisher":{"@id":"https:\/\/www.cde.ual.es\/#organization"},"alternateName":"CDE Almer\u00eda","potentialAction":[{"@type":"SearchAction","target":{"@type":"EntryPoint","urlTemplate":"https:\/\/www.cde.ual.es\/?s={search_term_string}"},"query-input":{"@type":"PropertyValueSpecification","valueRequired":true,"valueName":"search_term_string"}}],"inLanguage":"en-US"},{"@type":"Organization","@id":"https:\/\/www.cde.ual.es\/#organization","name":"Centro de Documentaci\u00f3n Europea de Almer\u00eda","url":"https:\/\/www.cde.ual.es\/","logo":{"@type":"ImageObject","inLanguage":"en-US","@id":"https:\/\/www.cde.ual.es\/#\/schema\/logo\/image\/","url":"https:\/\/www.cde.ual.es\/wp-content\/uploads\/2025\/07\/cde-logo-3.png","contentUrl":"https:\/\/www.cde.ual.es\/wp-content\/uploads\/2025\/07\/cde-logo-3.png","width":1400,"height":300,"caption":"Centro de Documentaci\u00f3n Europea de Almer\u00eda"},"image":{"@id":"https:\/\/www.cde.ual.es\/#\/schema\/logo\/image\/"},"sameAs":["https:\/\/www.facebook.com\/cdeuniversidadalmeria\/","https:\/\/x.com\/cdeualmeria","https:\/\/www.tiktok.com\/@cdealmeria","https:\/\/www.instagram.com\/cdealmeria\/","https:\/\/www.linkedin.com\/in\/cde-almera-812b26a9\/"]},{"@type":"Person","@id":"https:\/\/www.cde.ual.es\/#\/schema\/person\/ee46ebc19edfa19598c02cff83335acc","name":"BECA 2 CDE","image":{"@type":"ImageObject","inLanguage":"en-US","@id":"https:\/\/secure.gravatar.com\/avatar\/35a481bbc04bbd90e91bdfa3b0b5541036c222a49b9ad37b6889a2afcb5311a5?s=96&d=mm&r=g","url":"https:\/\/secure.gravatar.com\/avatar\/35a481bbc04bbd90e91bdfa3b0b5541036c222a49b9ad37b6889a2afcb5311a5?s=96&d=mm&r=g","contentUrl":"https:\/\/secure.gravatar.com\/avatar\/35a481bbc04bbd90e91bdfa3b0b5541036c222a49b9ad37b6889a2afcb5311a5?s=96&d=mm&r=g","caption":"BECA 2 CDE"},"sameAs":["http:\/\/www.cdealmeria.com"]}]}},"_links":{"self":[{"href":"https:\/\/www.cde.ual.es\/en\/wp-json\/wp\/v2\/posts\/126595","targetHints":{"allow":["GET"]}}],"collection":[{"href":"https:\/\/www.cde.ual.es\/en\/wp-json\/wp\/v2\/posts"}],"about":[{"href":"https:\/\/www.cde.ual.es\/en\/wp-json\/wp\/v2\/types\/post"}],"author":[{"embeddable":true,"href":"https:\/\/www.cde.ual.es\/en\/wp-json\/wp\/v2\/users\/101011"}],"replies":[{"embeddable":true,"href":"https:\/\/www.cde.ual.es\/en\/wp-json\/wp\/v2\/comments?post=126595"}],"version-history":[{"count":1,"href":"https:\/\/www.cde.ual.es\/en\/wp-json\/wp\/v2\/posts\/126595\/revisions"}],"predecessor-version":[{"id":126598,"href":"https:\/\/www.cde.ual.es\/en\/wp-json\/wp\/v2\/posts\/126595\/revisions\/126598"}],"wp:featuredmedia":[{"embeddable":true,"href":"https:\/\/www.cde.ual.es\/en\/wp-json\/wp\/v2\/media\/126596"}],"wp:attachment":[{"href":"https:\/\/www.cde.ual.es\/en\/wp-json\/wp\/v2\/media?parent=126595"}],"wp:term":[{"taxonomy":"category","embeddable":true,"href":"https:\/\/www.cde.ual.es\/en\/wp-json\/wp\/v2\/categories?post=126595"},{"taxonomy":"post_tag","embeddable":true,"href":"https:\/\/www.cde.ual.es\/en\/wp-json\/wp\/v2\/tags?post=126595"}],"curies":[{"name":"wp","href":"https:\/\/api.w.org\/{rel}","templated":true}]}}