{"id":126231,"date":"2022-12-12T11:14:19","date_gmt":"2022-12-12T10:14:19","guid":{"rendered":"https:\/\/www.cde.ual.es\/?p=126231"},"modified":"2022-12-12T11:29:00","modified_gmt":"2022-12-12T10:29:00","slug":"lux-audience-award-2023-hispanic-italian-production-among-the-five-finalists-announced-in-reykyavik","status":"publish","type":"post","link":"https:\/\/www.cde.ual.es\/en\/lux-audience-award-2023-hispanic-italian-production-among-the-five-finalists-announced-in-reykyavik\/","title":{"rendered":"LUX Audience Award 2023: Hispanic-Italian production among the five finalists announced in Reykyavik"},"content":{"rendered":"<div class=\"ep_gridcolumn ep-m_product\" data-view1200=\"6\" data-view1020=\"6\" data-view750=\"10\" data-view640=\"6\" data-view480=\"8\" data-view320=\"4\">\n<div class=\"ep_gridcolumn-content\">\n<div class=\"ep-a_text ep-layout_chapo\">\n<p><a href=\"https:\/\/www.cde.ual.es\/wp-content\/uploads\/2022\/12\/20221209PHT64412-cl.jpg\"><img decoding=\"async\" class=\" wp-image-126233 aligncenter\" src=\"https:\/\/www.cde.ual.es\/wp-content\/uploads\/2022\/12\/20221209PHT64412-cl.jpg\" alt=\"Imagen de los filmes finalistas de los Premios LUX 2023\" width=\"500\" height=\"500\" srcset=\"https:\/\/www.cde.ual.es\/wp-content\/uploads\/2022\/12\/20221209PHT64412-cl.jpg 1156w, https:\/\/www.cde.ual.es\/wp-content\/uploads\/2022\/12\/20221209PHT64412-cl-300x300.jpg 300w, https:\/\/www.cde.ual.es\/wp-content\/uploads\/2022\/12\/20221209PHT64412-cl-1024x1024.jpg 1024w, https:\/\/www.cde.ual.es\/wp-content\/uploads\/2022\/12\/20221209PHT64412-cl-150x150.jpg 150w, https:\/\/www.cde.ual.es\/wp-content\/uploads\/2022\/12\/20221209PHT64412-cl-768x768.jpg 768w, https:\/\/www.cde.ual.es\/wp-content\/uploads\/2022\/12\/20221209PHT64412-cl-120x120.jpg 120w\" sizes=\"(max-width: 500px) 100vw, 500px\" \/><\/a><\/p>\n<p style=\"text-align: justify;\"><em>Alcarr\u00e0s<\/em>, <em>Burning Days<\/em>, <em>Close<\/em>, <em>Triangle of Sadness<\/em> and <em>Will-o&#8217;-the-Wisp<\/em> will compete for the 2023 LUX Audience Award, as revealed at the European Film Awards on Saturday.<\/p>\n<\/div>\n<\/div>\n<\/div>\n<div class=\"ep_gridcolumn ep-m_product\" data-view1200=\"6\" data-view1020=\"6\" data-view750=\"10\" data-view640=\"6\" data-view480=\"8\" data-view320=\"4\">\n<div class=\"ep_gridcolumn-content\">\n<div class=\"ep-a_text\">\n<p class=\"ep-wysiwig_paragraph\" style=\"text-align: justify;\">The Vice-President of the European Parliament\u00a0<a href=\"https:\/\/www.europarl.europa.eu\/meps\/en\/96998\/EVELYN_REGNER\/home\" target=\"_blank\" rel=\"noopener\">Evelyn Regner (AT, S&amp;D)<\/a> said:<\/p>\n<p class=\"ep-wysiwig_paragraph\" style=\"text-align: justify;\">\u201cFor the 2023 edition of the LUX Audience Award, five excellent films are waiting for your critical eyes. For me as member of the European Parliament, watching and talking about these films with citizens all over our Union is always one of my annual highlights. The films selected for this year\u2018s competition again raise awareness and address issues about our main social and political challenges &#8211; all in their own unique, funny, sad, artistic way. I invite you all to join us watching and discussing them!\u201c<\/p>\n<p class=\"ep-wysiwig_paragraph\" style=\"text-align: justify;\">Chair of the European Parliament\u2019s Committee on Culture and Education\u00a0<a href=\"https:\/\/www.europarl.europa.eu\/meps\/en\/96756\/SABINE_VERHEYEN\/home\" target=\"_blank\" rel=\"noopener\">Sabine Verheyen (EPP,DE)<\/a>\u00a0said:<\/p>\n<p class=\"ep-wysiwig_paragraph\" style=\"text-align: justify;\">\u201cThis year, for the first time, the LUX Audience Award is happening fully in its new format with five selected films. This year\u2019s LUX is all about love. Our love for European film, our culture, and others. After COVID-19, the war and inflation, cinemas need our support and we deserve something nice as well. So let\u2019s show our love for European cinema by watching the LUX films and don\u2019t forget to review them afterwards.\u201d<\/p>\n<table style=\"width: 99.9988%; border-collapse: collapse; border-style: double; border-color: #001f7d;\" cellpadding=\"0,5\">\n<tbody>\n<tr>\n<td style=\"width: 100%;\"><a href=\"https:\/\/www.cde.ual.es\/en\/european-union-film-festival-2022\/\" target=\"_blank\" rel=\"noopener\"><img decoding=\"async\" class=\"alignleft\" src=\"https:\/\/www.cde.ual.es\/wp-content\/uploads\/2022\/09\/cartel-del-film-festival-300x243.jpg\" alt=\"\" width=\"201\" height=\"134\" \/><\/a><\/p>\n<h4 class=\"entry-title\"><a href=\"https:\/\/www.cde.ual.es\/en\/european-union-film-festival-2022\/\" target=\"_blank\" rel=\"noopener\">European Union Film Festival 2022<br \/>\n<\/a><\/h4>\n<\/td>\n<\/tr>\n<\/tbody>\n<\/table>\n<h3 class=\"ep-wysiwig_paragraph\" style=\"text-align: justify;\"><strong>Discover the films<\/strong><\/h3>\n<p class=\"ep-wysiwig_paragraph\" style=\"text-align: justify;\"><strong>\u201cAlcarr\u00e0s\u201d\u00a0<\/strong>produced by Spain and Italy<strong>,\u00a0<\/strong>tells a story about the Sol\u00e9 family that has spent every summer picking peaches in their orchard in Alcarr\u00e0s, a small village in Spain\u2019s Catalonia region. But this year\u2019s crop may well be their last. New plans for the land, which include cutting down the peach trees and installing solar panels, cause a rift in this large, tight-knit family.<\/p>\n<p class=\"ep-wysiwig_paragraph\" style=\"text-align: justify;\"><strong>\u201cBurning Days\u201d,\u00a0<\/strong>produced by Turkey, France, Germany, The Netherlands, Greece, Croatia, follows Emre, a young and dedicated prosecutor, newly appointed to a small town struggling with a water crisis and political scandals. After an initial welcome, he experiences an increasing number of tense interactions and is reluctantly dragged into local politics. When Emre forms a bond with the owner of the local newspaper pressure on him escalates due to heated rumours.<\/p>\n<p class=\"ep-wysiwig_paragraph\" style=\"text-align: justify;\"><strong>\u201cClose\u201d,\u00a0<\/strong>by Belgium, France and the Netherlands explores a friendship between two thirteen-year old boys Leo and Remi that is suddenly disrupted. Struggling to understand what has happened, Leo approaches Sophie, Remi&#8217;s mother. \u201cClose\u201d is a film about friendship and responsibility.<\/p>\n<p class=\"ep-wysiwig_paragraph\" style=\"text-align: justify;\"><strong>\u201cTriangle of Sadness\u201d,\u00a0<\/strong>co-produced by Sweden, Germany, France and the UK, is an uninhibited satire where roles and class are inverted and the tawdry economic value of beauty is unveiled. It begins with models couple Carl and Yaya invited for a luxury cruise with a rogues\u2019 gallery of super-rich passengers, including a Russian oligarch, British arms dealers and an idiosyncratic, alcoholic, Marx-quoting captain. At first, all appears instagrammable&#8230;<\/p>\n<p class=\"ep-wysiwig_paragraph\" style=\"text-align: justify;\">\u201c<strong>Will-o&#8217;-the-Wisp\u201d,\u00a0<\/strong>by Portugal and France. On his deathbed Alfredo, king without a crown, is taken back to distant youthful memories and the time he dreamt of becoming a fireman. The encounter with instructor Afonso from the fire brigade, opens a new chapter in the life of the two young men immersed in love and desire, and the will to change the status quo.<\/p>\n<h3 class=\"ep-wysiwig_paragraph\" style=\"text-align: justify;\"><strong>Next steps<\/strong><\/h3>\n<p class=\"ep-wysiwig_paragraph\" style=\"text-align: justify;\">The five nominated films will be subtitled in the EU\u2019s 24 official languages, with screening organised across the EU cinemas. The EP Information offices will also organise free screenings in member states to promote the nominated films locally.<\/p>\n<p class=\"ep-wysiwig_paragraph\" style=\"text-align: justify;\"><a href=\"http:\/\/luxaward.eu\/\" target=\"_blank\" rel=\"noopener\">EU citizens who<\/a>\u00a0attend screenings will be able to rate the films out of five stars, starting from 11 December. The winner will be selected jointly by the Members of the European Parliament and the public ratings, each accounting for 50% of the final result.<\/p>\n<p class=\"ep-wysiwig_paragraph\" style=\"text-align: justify;\">Voting will conclude on 12 June 2023, with the winning film announced on 14 June 2023 at a European Parliament plenary sitting in Strasbourg.<\/p>\n<h3 class=\"ep-wysiwig_paragraph\" style=\"text-align: justify;\"><strong>Background<\/strong><\/h3>\n<p class=\"ep-wysiwig_paragraph\" style=\"text-align: justify;\">Since 2020, the LUX &#8211; European Audience Film Award has been awarded by the European Parliament and the European Film Academy, in partnership with the European Commission and the Europa Cinemas network.<\/p>\n<p class=\"ep-wysiwig_paragraph\" style=\"text-align: justify;\">The European Parliament established the LUX Film Prize in 2007 to help distribute European films with high artistic quality that reflect cultural diversity in Europe and beyond, and that touch upon topics of common concern, such as human dignity, equality, non-discrimination, inclusion, tolerance, justice and solidarity.<\/p>\n<p><strong>Source: <a href=\"https:\/\/www.europarl.europa.eu\/news\/es\/press-room\/20221205IPR60615\/lux-audience-award-2023-five-finalists-announced-in-reykyavik\" target=\"_blank\" rel=\"noopener\">European Parliament<\/a><\/strong><\/p>\n<\/div>\n<\/div>\n<\/div>\n","protected":false},"excerpt":{"rendered":"<p>Alcarr\u00e0s, Burning Days, Close, Triangle of Sadness and Will-o&#8217;-the-Wisp will compete for the 2023 LUX Audience Award, as revealed at the European Film Awards on Saturday. The Vice-President of the European Parliament\u00a0Evelyn Regner (AT, S&amp;D) said: \u201cFor the 2023 edition of the LUX Audience Award, five excellent films are waiting for your critical eyes. For [&hellip;]<\/p>\n","protected":false},"author":101011,"featured_media":126233,"comment_status":"open","ping_status":"open","sticky":false,"template":"","format":"standard","meta":{"_acf_changed":false,"_relevanssi_hide_post":"","_relevanssi_hide_content":"","_relevanssi_pin_for_all":"","_relevanssi_pin_keywords":"","_relevanssi_unpin_keywords":"","_relevanssi_related_keywords":"","_relevanssi_related_include_ids":"","_relevanssi_related_exclude_ids":"","_relevanssi_related_no_append":"","_relevanssi_related_not_related":"","_relevanssi_related_posts":"","_relevanssi_noindex_reason":"","_monsterinsights_skip_tracking":false,"_monsterinsights_sitenote_active":false,"_monsterinsights_sitenote_note":"","_monsterinsights_sitenote_category":0,"_genesis_hide_title":false,"_genesis_hide_breadcrumbs":false,"_genesis_hide_singular_image":false,"_genesis_hide_footer_widgets":false,"_genesis_custom_body_class":"","_genesis_custom_post_class":"","_genesis_layout":"","footnotes":""},"categories":[4073,4071,346],"tags":[556,646,527,7921,7919,1102,7917,2829,1292,806,7920,7918],"class_list":{"0":"post-126231","1":"post","2":"type-post","3":"status-publish","4":"format-standard","5":"has-post-thumbnail","7":"category-culture","8":"category-education-culture","9":"category-eu-news","10":"tag-awards","11":"tag-cinema","12":"tag-culture","13":"tag-italian-cinema","14":"tag-italian-film","15":"tag-italy","16":"tag-lux","17":"tag-media","18":"tag-prize","19":"tag-spain","20":"tag-spanish-cinema","21":"tag-spanish-film","22":"entry"},"acf":[],"yoast_head":"<!-- This site is optimized with the Yoast SEO plugin v27.4 - https:\/\/yoast.com\/product\/yoast-seo-wordpress\/ -->\n<title>LUX Audience Award 2023: Hispanic-Italian production among the five finalists announced in Reykyavik | CDE Almer\u00eda - Centro de Documentaci\u00f3n Europea - Universidad de Almer\u00eda<\/title>\n<meta name=\"robots\" content=\"index, follow, max-snippet:-1, max-image-preview:large, max-video-preview:-1\" \/>\n<link rel=\"canonical\" href=\"https:\/\/www.cde.ual.es\/en\/lux-audience-award-2023-hispanic-italian-production-among-the-five-finalists-announced-in-reykyavik\/\" \/>\n<meta property=\"og:locale\" content=\"en_US\" \/>\n<meta property=\"og:type\" content=\"article\" \/>\n<meta property=\"og:title\" content=\"LUX Audience Award 2023: Hispanic-Italian production among the five finalists announced in Reykyavik | CDE Almer\u00eda - Centro de Documentaci\u00f3n Europea - Universidad de Almer\u00eda\" \/>\n<meta property=\"og:description\" content=\"Alcarr\u00e0s, Burning Days, Close, Triangle of Sadness and Will-o&#8217;-the-Wisp will compete for the 2023 LUX Audience Award, as revealed at the European Film Awards on Saturday. The Vice-President of the European Parliament\u00a0Evelyn Regner (AT, S&amp;D) said: \u201cFor the 2023 edition of the LUX Audience Award, five excellent films are waiting for your critical eyes. For [&hellip;]\" \/>\n<meta property=\"og:url\" content=\"https:\/\/www.cde.ual.es\/en\/lux-audience-award-2023-hispanic-italian-production-among-the-five-finalists-announced-in-reykyavik\/\" \/>\n<meta property=\"og:site_name\" content=\"CDE Almer\u00eda - Centro de Documentaci\u00f3n Europea - Universidad de Almer\u00eda\" \/>\n<meta property=\"article:publisher\" content=\"https:\/\/www.facebook.com\/cdeuniversidadalmeria\/\" \/>\n<meta property=\"article:published_time\" content=\"2022-12-12T10:14:19+00:00\" \/>\n<meta property=\"article:modified_time\" content=\"2022-12-12T10:29:00+00:00\" \/>\n<meta property=\"og:image\" content=\"https:\/\/www.cde.ual.es\/wp-content\/uploads\/2022\/12\/20221209PHT64412-cl.jpg\" \/>\n\t<meta property=\"og:image:width\" content=\"1156\" \/>\n\t<meta property=\"og:image:height\" content=\"1156\" \/>\n\t<meta property=\"og:image:type\" content=\"image\/jpeg\" \/>\n<meta name=\"author\" content=\"BECA 2 CDE\" \/>\n<meta name=\"twitter:card\" content=\"summary_large_image\" \/>\n<meta name=\"twitter:creator\" content=\"@cdeualmeria\" \/>\n<meta name=\"twitter:site\" content=\"@cdeualmeria\" \/>\n<meta name=\"twitter:label1\" content=\"Written by\" \/>\n\t<meta name=\"twitter:data1\" content=\"BECA 2 CDE\" \/>\n\t<meta name=\"twitter:label2\" content=\"Est. reading time\" \/>\n\t<meta name=\"twitter:data2\" content=\"4 minutes\" \/>\n<script type=\"application\/ld+json\" class=\"yoast-schema-graph\">{\"@context\":\"https:\\\/\\\/schema.org\",\"@graph\":[{\"@type\":\"Article\",\"@id\":\"https:\\\/\\\/www.cde.ual.es\\\/en\\\/lux-audience-award-2023-hispanic-italian-production-among-the-five-finalists-announced-in-reykyavik\\\/#article\",\"isPartOf\":{\"@id\":\"https:\\\/\\\/www.cde.ual.es\\\/en\\\/lux-audience-award-2023-hispanic-italian-production-among-the-five-finalists-announced-in-reykyavik\\\/\"},\"author\":{\"name\":\"BECA 2 CDE\",\"@id\":\"https:\\\/\\\/www.cde.ual.es\\\/#\\\/schema\\\/person\\\/ee46ebc19edfa19598c02cff83335acc\"},\"headline\":\"LUX Audience Award 2023: Hispanic-Italian production among the five finalists announced in Reykyavik\",\"datePublished\":\"2022-12-12T10:14:19+00:00\",\"dateModified\":\"2022-12-12T10:29:00+00:00\",\"mainEntityOfPage\":{\"@id\":\"https:\\\/\\\/www.cde.ual.es\\\/en\\\/lux-audience-award-2023-hispanic-italian-production-among-the-five-finalists-announced-in-reykyavik\\\/\"},\"wordCount\":735,\"commentCount\":0,\"publisher\":{\"@id\":\"https:\\\/\\\/www.cde.ual.es\\\/#organization\"},\"image\":{\"@id\":\"https:\\\/\\\/www.cde.ual.es\\\/en\\\/lux-audience-award-2023-hispanic-italian-production-among-the-five-finalists-announced-in-reykyavik\\\/#primaryimage\"},\"thumbnailUrl\":\"https:\\\/\\\/www.cde.ual.es\\\/wp-content\\\/uploads\\\/2022\\\/12\\\/20221209PHT64412-cl.jpg\",\"keywords\":[\"Awards\",\"Cinema\",\"culture\",\"Italian Cinema\",\"Italian film\",\"Italy\",\"LUX\",\"Media\",\"Prize\",\"Spain\",\"Spanish Cinema\",\"Spanish film\"],\"articleSection\":[\"Culture\",\"Education and Culture\",\"EU News\"],\"inLanguage\":\"en-US\",\"potentialAction\":[{\"@type\":\"CommentAction\",\"name\":\"Comment\",\"target\":[\"https:\\\/\\\/www.cde.ual.es\\\/en\\\/lux-audience-award-2023-hispanic-italian-production-among-the-five-finalists-announced-in-reykyavik\\\/#respond\"]}]},{\"@type\":\"WebPage\",\"@id\":\"https:\\\/\\\/www.cde.ual.es\\\/en\\\/lux-audience-award-2023-hispanic-italian-production-among-the-five-finalists-announced-in-reykyavik\\\/\",\"url\":\"https:\\\/\\\/www.cde.ual.es\\\/en\\\/lux-audience-award-2023-hispanic-italian-production-among-the-five-finalists-announced-in-reykyavik\\\/\",\"name\":\"LUX Audience Award 2023: Hispanic-Italian production among the five finalists announced in Reykyavik | CDE Almer\u00eda - Centro de Documentaci\u00f3n Europea - Universidad de Almer\u00eda\",\"isPartOf\":{\"@id\":\"https:\\\/\\\/www.cde.ual.es\\\/#website\"},\"primaryImageOfPage\":{\"@id\":\"https:\\\/\\\/www.cde.ual.es\\\/en\\\/lux-audience-award-2023-hispanic-italian-production-among-the-five-finalists-announced-in-reykyavik\\\/#primaryimage\"},\"image\":{\"@id\":\"https:\\\/\\\/www.cde.ual.es\\\/en\\\/lux-audience-award-2023-hispanic-italian-production-among-the-five-finalists-announced-in-reykyavik\\\/#primaryimage\"},\"thumbnailUrl\":\"https:\\\/\\\/www.cde.ual.es\\\/wp-content\\\/uploads\\\/2022\\\/12\\\/20221209PHT64412-cl.jpg\",\"datePublished\":\"2022-12-12T10:14:19+00:00\",\"dateModified\":\"2022-12-12T10:29:00+00:00\",\"breadcrumb\":{\"@id\":\"https:\\\/\\\/www.cde.ual.es\\\/en\\\/lux-audience-award-2023-hispanic-italian-production-among-the-five-finalists-announced-in-reykyavik\\\/#breadcrumb\"},\"inLanguage\":\"en-US\",\"potentialAction\":[{\"@type\":\"ReadAction\",\"target\":[\"https:\\\/\\\/www.cde.ual.es\\\/en\\\/lux-audience-award-2023-hispanic-italian-production-among-the-five-finalists-announced-in-reykyavik\\\/\"]}]},{\"@type\":\"ImageObject\",\"inLanguage\":\"en-US\",\"@id\":\"https:\\\/\\\/www.cde.ual.es\\\/en\\\/lux-audience-award-2023-hispanic-italian-production-among-the-five-finalists-announced-in-reykyavik\\\/#primaryimage\",\"url\":\"https:\\\/\\\/www.cde.ual.es\\\/wp-content\\\/uploads\\\/2022\\\/12\\\/20221209PHT64412-cl.jpg\",\"contentUrl\":\"https:\\\/\\\/www.cde.ual.es\\\/wp-content\\\/uploads\\\/2022\\\/12\\\/20221209PHT64412-cl.jpg\",\"width\":1156,\"height\":1156,\"caption\":\"Imagen de los filmes finalistas de los Premios LUX 2023\"},{\"@type\":\"BreadcrumbList\",\"@id\":\"https:\\\/\\\/www.cde.ual.es\\\/en\\\/lux-audience-award-2023-hispanic-italian-production-among-the-five-finalists-announced-in-reykyavik\\\/#breadcrumb\",\"itemListElement\":[{\"@type\":\"ListItem\",\"position\":1,\"name\":\"Inicio\",\"item\":\"https:\\\/\\\/www.cde.ual.es\\\/en\\\/\"},{\"@type\":\"ListItem\",\"position\":2,\"name\":\"EU News\",\"item\":\"https:\\\/\\\/www.cde.ual.es\\\/en\\\/category\\\/eu-news\\\/\"},{\"@type\":\"ListItem\",\"position\":3,\"name\":\"Education and Culture\",\"item\":\"https:\\\/\\\/www.cde.ual.es\\\/en\\\/category\\\/eu-news\\\/education-culture\\\/\"},{\"@type\":\"ListItem\",\"position\":4,\"name\":\"Culture\",\"item\":\"https:\\\/\\\/www.cde.ual.es\\\/en\\\/category\\\/eu-news\\\/education-culture\\\/culture\\\/\"},{\"@type\":\"ListItem\",\"position\":5,\"name\":\"LUX Audience Award 2023: Hispanic-Italian production among the five finalists announced in Reykyavik\"}]},{\"@type\":\"WebSite\",\"@id\":\"https:\\\/\\\/www.cde.ual.es\\\/#website\",\"url\":\"https:\\\/\\\/www.cde.ual.es\\\/\",\"name\":\"CDE Almer\u00eda - Centro de Documentaci\u00f3n Europea - Universidad de Almer\u00eda\",\"description\":\"Centro de Documentaci\u00f3n Europea de la Universidad de Almer\u00eda\",\"publisher\":{\"@id\":\"https:\\\/\\\/www.cde.ual.es\\\/#organization\"},\"alternateName\":\"CDE Almer\u00eda\",\"potentialAction\":[{\"@type\":\"SearchAction\",\"target\":{\"@type\":\"EntryPoint\",\"urlTemplate\":\"https:\\\/\\\/www.cde.ual.es\\\/?s={search_term_string}\"},\"query-input\":{\"@type\":\"PropertyValueSpecification\",\"valueRequired\":true,\"valueName\":\"search_term_string\"}}],\"inLanguage\":\"en-US\"},{\"@type\":\"Organization\",\"@id\":\"https:\\\/\\\/www.cde.ual.es\\\/#organization\",\"name\":\"Centro de Documentaci\u00f3n Europea de Almer\u00eda\",\"url\":\"https:\\\/\\\/www.cde.ual.es\\\/\",\"logo\":{\"@type\":\"ImageObject\",\"inLanguage\":\"en-US\",\"@id\":\"https:\\\/\\\/www.cde.ual.es\\\/#\\\/schema\\\/logo\\\/image\\\/\",\"url\":\"https:\\\/\\\/www.cde.ual.es\\\/wp-content\\\/uploads\\\/2025\\\/07\\\/cde-logo-3.png\",\"contentUrl\":\"https:\\\/\\\/www.cde.ual.es\\\/wp-content\\\/uploads\\\/2025\\\/07\\\/cde-logo-3.png\",\"width\":1400,\"height\":300,\"caption\":\"Centro de Documentaci\u00f3n Europea de Almer\u00eda\"},\"image\":{\"@id\":\"https:\\\/\\\/www.cde.ual.es\\\/#\\\/schema\\\/logo\\\/image\\\/\"},\"sameAs\":[\"https:\\\/\\\/www.facebook.com\\\/cdeuniversidadalmeria\\\/\",\"https:\\\/\\\/x.com\\\/cdeualmeria\",\"https:\\\/\\\/www.tiktok.com\\\/@cdealmeria\",\"https:\\\/\\\/www.instagram.com\\\/cdealmeria\\\/\",\"https:\\\/\\\/www.linkedin.com\\\/in\\\/cde-almera-812b26a9\\\/\"]},{\"@type\":\"Person\",\"@id\":\"https:\\\/\\\/www.cde.ual.es\\\/#\\\/schema\\\/person\\\/ee46ebc19edfa19598c02cff83335acc\",\"name\":\"BECA 2 CDE\",\"image\":{\"@type\":\"ImageObject\",\"inLanguage\":\"en-US\",\"@id\":\"https:\\\/\\\/secure.gravatar.com\\\/avatar\\\/35a481bbc04bbd90e91bdfa3b0b5541036c222a49b9ad37b6889a2afcb5311a5?s=96&d=mm&r=g\",\"url\":\"https:\\\/\\\/secure.gravatar.com\\\/avatar\\\/35a481bbc04bbd90e91bdfa3b0b5541036c222a49b9ad37b6889a2afcb5311a5?s=96&d=mm&r=g\",\"contentUrl\":\"https:\\\/\\\/secure.gravatar.com\\\/avatar\\\/35a481bbc04bbd90e91bdfa3b0b5541036c222a49b9ad37b6889a2afcb5311a5?s=96&d=mm&r=g\",\"caption\":\"BECA 2 CDE\"},\"sameAs\":[\"http:\\\/\\\/www.cdealmeria.com\"]}]}<\/script>\n<!-- \/ Yoast SEO plugin. -->","yoast_head_json":{"title":"LUX Audience Award 2023: Hispanic-Italian production among the five finalists announced in Reykyavik | CDE Almer\u00eda - Centro de Documentaci\u00f3n Europea - Universidad de Almer\u00eda","robots":{"index":"index","follow":"follow","max-snippet":"max-snippet:-1","max-image-preview":"max-image-preview:large","max-video-preview":"max-video-preview:-1"},"canonical":"https:\/\/www.cde.ual.es\/en\/lux-audience-award-2023-hispanic-italian-production-among-the-five-finalists-announced-in-reykyavik\/","og_locale":"en_US","og_type":"article","og_title":"LUX Audience Award 2023: Hispanic-Italian production among the five finalists announced in Reykyavik | CDE Almer\u00eda - Centro de Documentaci\u00f3n Europea - Universidad de Almer\u00eda","og_description":"Alcarr\u00e0s, Burning Days, Close, Triangle of Sadness and Will-o&#8217;-the-Wisp will compete for the 2023 LUX Audience Award, as revealed at the European Film Awards on Saturday. The Vice-President of the European Parliament\u00a0Evelyn Regner (AT, S&amp;D) said: \u201cFor the 2023 edition of the LUX Audience Award, five excellent films are waiting for your critical eyes. For [&hellip;]","og_url":"https:\/\/www.cde.ual.es\/en\/lux-audience-award-2023-hispanic-italian-production-among-the-five-finalists-announced-in-reykyavik\/","og_site_name":"CDE Almer\u00eda - Centro de Documentaci\u00f3n Europea - Universidad de Almer\u00eda","article_publisher":"https:\/\/www.facebook.com\/cdeuniversidadalmeria\/","article_published_time":"2022-12-12T10:14:19+00:00","article_modified_time":"2022-12-12T10:29:00+00:00","og_image":[{"width":1156,"height":1156,"url":"https:\/\/www.cde.ual.es\/wp-content\/uploads\/2022\/12\/20221209PHT64412-cl.jpg","type":"image\/jpeg"}],"author":"BECA 2 CDE","twitter_card":"summary_large_image","twitter_creator":"@cdeualmeria","twitter_site":"@cdeualmeria","twitter_misc":{"Written by":"BECA 2 CDE","Est. reading time":"4 minutes"},"schema":{"@context":"https:\/\/schema.org","@graph":[{"@type":"Article","@id":"https:\/\/www.cde.ual.es\/en\/lux-audience-award-2023-hispanic-italian-production-among-the-five-finalists-announced-in-reykyavik\/#article","isPartOf":{"@id":"https:\/\/www.cde.ual.es\/en\/lux-audience-award-2023-hispanic-italian-production-among-the-five-finalists-announced-in-reykyavik\/"},"author":{"name":"BECA 2 CDE","@id":"https:\/\/www.cde.ual.es\/#\/schema\/person\/ee46ebc19edfa19598c02cff83335acc"},"headline":"LUX Audience Award 2023: Hispanic-Italian production among the five finalists announced in Reykyavik","datePublished":"2022-12-12T10:14:19+00:00","dateModified":"2022-12-12T10:29:00+00:00","mainEntityOfPage":{"@id":"https:\/\/www.cde.ual.es\/en\/lux-audience-award-2023-hispanic-italian-production-among-the-five-finalists-announced-in-reykyavik\/"},"wordCount":735,"commentCount":0,"publisher":{"@id":"https:\/\/www.cde.ual.es\/#organization"},"image":{"@id":"https:\/\/www.cde.ual.es\/en\/lux-audience-award-2023-hispanic-italian-production-among-the-five-finalists-announced-in-reykyavik\/#primaryimage"},"thumbnailUrl":"https:\/\/www.cde.ual.es\/wp-content\/uploads\/2022\/12\/20221209PHT64412-cl.jpg","keywords":["Awards","Cinema","culture","Italian Cinema","Italian film","Italy","LUX","Media","Prize","Spain","Spanish Cinema","Spanish film"],"articleSection":["Culture","Education and Culture","EU News"],"inLanguage":"en-US","potentialAction":[{"@type":"CommentAction","name":"Comment","target":["https:\/\/www.cde.ual.es\/en\/lux-audience-award-2023-hispanic-italian-production-among-the-five-finalists-announced-in-reykyavik\/#respond"]}]},{"@type":"WebPage","@id":"https:\/\/www.cde.ual.es\/en\/lux-audience-award-2023-hispanic-italian-production-among-the-five-finalists-announced-in-reykyavik\/","url":"https:\/\/www.cde.ual.es\/en\/lux-audience-award-2023-hispanic-italian-production-among-the-five-finalists-announced-in-reykyavik\/","name":"LUX Audience Award 2023: Hispanic-Italian production among the five finalists announced in Reykyavik | CDE Almer\u00eda - Centro de Documentaci\u00f3n Europea - Universidad de Almer\u00eda","isPartOf":{"@id":"https:\/\/www.cde.ual.es\/#website"},"primaryImageOfPage":{"@id":"https:\/\/www.cde.ual.es\/en\/lux-audience-award-2023-hispanic-italian-production-among-the-five-finalists-announced-in-reykyavik\/#primaryimage"},"image":{"@id":"https:\/\/www.cde.ual.es\/en\/lux-audience-award-2023-hispanic-italian-production-among-the-five-finalists-announced-in-reykyavik\/#primaryimage"},"thumbnailUrl":"https:\/\/www.cde.ual.es\/wp-content\/uploads\/2022\/12\/20221209PHT64412-cl.jpg","datePublished":"2022-12-12T10:14:19+00:00","dateModified":"2022-12-12T10:29:00+00:00","breadcrumb":{"@id":"https:\/\/www.cde.ual.es\/en\/lux-audience-award-2023-hispanic-italian-production-among-the-five-finalists-announced-in-reykyavik\/#breadcrumb"},"inLanguage":"en-US","potentialAction":[{"@type":"ReadAction","target":["https:\/\/www.cde.ual.es\/en\/lux-audience-award-2023-hispanic-italian-production-among-the-five-finalists-announced-in-reykyavik\/"]}]},{"@type":"ImageObject","inLanguage":"en-US","@id":"https:\/\/www.cde.ual.es\/en\/lux-audience-award-2023-hispanic-italian-production-among-the-five-finalists-announced-in-reykyavik\/#primaryimage","url":"https:\/\/www.cde.ual.es\/wp-content\/uploads\/2022\/12\/20221209PHT64412-cl.jpg","contentUrl":"https:\/\/www.cde.ual.es\/wp-content\/uploads\/2022\/12\/20221209PHT64412-cl.jpg","width":1156,"height":1156,"caption":"Imagen de los filmes finalistas de los Premios LUX 2023"},{"@type":"BreadcrumbList","@id":"https:\/\/www.cde.ual.es\/en\/lux-audience-award-2023-hispanic-italian-production-among-the-five-finalists-announced-in-reykyavik\/#breadcrumb","itemListElement":[{"@type":"ListItem","position":1,"name":"Inicio","item":"https:\/\/www.cde.ual.es\/en\/"},{"@type":"ListItem","position":2,"name":"EU News","item":"https:\/\/www.cde.ual.es\/en\/category\/eu-news\/"},{"@type":"ListItem","position":3,"name":"Education and Culture","item":"https:\/\/www.cde.ual.es\/en\/category\/eu-news\/education-culture\/"},{"@type":"ListItem","position":4,"name":"Culture","item":"https:\/\/www.cde.ual.es\/en\/category\/eu-news\/education-culture\/culture\/"},{"@type":"ListItem","position":5,"name":"LUX Audience Award 2023: Hispanic-Italian production among the five finalists announced in Reykyavik"}]},{"@type":"WebSite","@id":"https:\/\/www.cde.ual.es\/#website","url":"https:\/\/www.cde.ual.es\/","name":"CDE Almer\u00eda - Centro de Documentaci\u00f3n Europea - Universidad de Almer\u00eda","description":"Centro de Documentaci\u00f3n Europea de la Universidad de Almer\u00eda","publisher":{"@id":"https:\/\/www.cde.ual.es\/#organization"},"alternateName":"CDE Almer\u00eda","potentialAction":[{"@type":"SearchAction","target":{"@type":"EntryPoint","urlTemplate":"https:\/\/www.cde.ual.es\/?s={search_term_string}"},"query-input":{"@type":"PropertyValueSpecification","valueRequired":true,"valueName":"search_term_string"}}],"inLanguage":"en-US"},{"@type":"Organization","@id":"https:\/\/www.cde.ual.es\/#organization","name":"Centro de Documentaci\u00f3n Europea de Almer\u00eda","url":"https:\/\/www.cde.ual.es\/","logo":{"@type":"ImageObject","inLanguage":"en-US","@id":"https:\/\/www.cde.ual.es\/#\/schema\/logo\/image\/","url":"https:\/\/www.cde.ual.es\/wp-content\/uploads\/2025\/07\/cde-logo-3.png","contentUrl":"https:\/\/www.cde.ual.es\/wp-content\/uploads\/2025\/07\/cde-logo-3.png","width":1400,"height":300,"caption":"Centro de Documentaci\u00f3n Europea de Almer\u00eda"},"image":{"@id":"https:\/\/www.cde.ual.es\/#\/schema\/logo\/image\/"},"sameAs":["https:\/\/www.facebook.com\/cdeuniversidadalmeria\/","https:\/\/x.com\/cdeualmeria","https:\/\/www.tiktok.com\/@cdealmeria","https:\/\/www.instagram.com\/cdealmeria\/","https:\/\/www.linkedin.com\/in\/cde-almera-812b26a9\/"]},{"@type":"Person","@id":"https:\/\/www.cde.ual.es\/#\/schema\/person\/ee46ebc19edfa19598c02cff83335acc","name":"BECA 2 CDE","image":{"@type":"ImageObject","inLanguage":"en-US","@id":"https:\/\/secure.gravatar.com\/avatar\/35a481bbc04bbd90e91bdfa3b0b5541036c222a49b9ad37b6889a2afcb5311a5?s=96&d=mm&r=g","url":"https:\/\/secure.gravatar.com\/avatar\/35a481bbc04bbd90e91bdfa3b0b5541036c222a49b9ad37b6889a2afcb5311a5?s=96&d=mm&r=g","contentUrl":"https:\/\/secure.gravatar.com\/avatar\/35a481bbc04bbd90e91bdfa3b0b5541036c222a49b9ad37b6889a2afcb5311a5?s=96&d=mm&r=g","caption":"BECA 2 CDE"},"sameAs":["http:\/\/www.cdealmeria.com"]}]}},"_links":{"self":[{"href":"https:\/\/www.cde.ual.es\/en\/wp-json\/wp\/v2\/posts\/126231","targetHints":{"allow":["GET"]}}],"collection":[{"href":"https:\/\/www.cde.ual.es\/en\/wp-json\/wp\/v2\/posts"}],"about":[{"href":"https:\/\/www.cde.ual.es\/en\/wp-json\/wp\/v2\/types\/post"}],"author":[{"embeddable":true,"href":"https:\/\/www.cde.ual.es\/en\/wp-json\/wp\/v2\/users\/101011"}],"replies":[{"embeddable":true,"href":"https:\/\/www.cde.ual.es\/en\/wp-json\/wp\/v2\/comments?post=126231"}],"version-history":[{"count":2,"href":"https:\/\/www.cde.ual.es\/en\/wp-json\/wp\/v2\/posts\/126231\/revisions"}],"predecessor-version":[{"id":126239,"href":"https:\/\/www.cde.ual.es\/en\/wp-json\/wp\/v2\/posts\/126231\/revisions\/126239"}],"wp:featuredmedia":[{"embeddable":true,"href":"https:\/\/www.cde.ual.es\/en\/wp-json\/wp\/v2\/media\/126233"}],"wp:attachment":[{"href":"https:\/\/www.cde.ual.es\/en\/wp-json\/wp\/v2\/media?parent=126231"}],"wp:term":[{"taxonomy":"category","embeddable":true,"href":"https:\/\/www.cde.ual.es\/en\/wp-json\/wp\/v2\/categories?post=126231"},{"taxonomy":"post_tag","embeddable":true,"href":"https:\/\/www.cde.ual.es\/en\/wp-json\/wp\/v2\/tags?post=126231"}],"curies":[{"name":"wp","href":"https:\/\/api.w.org\/{rel}","templated":true}]}}