{"id":125380,"date":"2022-12-02T10:42:26","date_gmt":"2022-12-02T09:42:26","guid":{"rendered":"https:\/\/www.cde.ual.es\/?p=125380"},"modified":"2022-12-02T10:42:26","modified_gmt":"2022-12-02T09:42:26","slug":"eu-adopts-chips-act-to-address-shortage-of-semiconductors","status":"publish","type":"post","link":"https:\/\/www.cde.ual.es\/en\/eu-adopts-chips-act-to-address-shortage-of-semiconductors\/","title":{"rendered":"EU adopts Chips Act to address shortage of semiconductors"},"content":{"rendered":"<p style=\"text-align: justify;\">The Council has adopted its position (&#8216;general approach&#8217;) on the proposed regulation establishing a framework of measures to strengthen Europe&#8217;s semiconductor ecosystem, better known as the &#8216;Chips Act&#8217;.<\/p>\n<figure id=\"attachment_125372\" aria-describedby=\"caption-attachment-125372\" style=\"width: 1024px\" class=\"wp-caption aligncenter\"><a href=\"https:\/\/www.cde.ual.es\/wp-content\/uploads\/2022\/12\/chips.jpg\"><img decoding=\"async\" class=\"size-large wp-image-125372\" src=\"https:\/\/www.cde.ual.es\/wp-content\/uploads\/2022\/12\/chips-1024x576.jpg\" alt=\"semiconductores\" width=\"1024\" height=\"576\" srcset=\"https:\/\/www.cde.ual.es\/wp-content\/uploads\/2022\/12\/chips-1024x576.jpg 1024w, https:\/\/www.cde.ual.es\/wp-content\/uploads\/2022\/12\/chips-300x169.jpg 300w, https:\/\/www.cde.ual.es\/wp-content\/uploads\/2022\/12\/chips-768x432.jpg 768w, https:\/\/www.cde.ual.es\/wp-content\/uploads\/2022\/12\/chips.jpg 1150w\" sizes=\"(max-width: 1024px) 100vw, 1024px\" \/><\/a><figcaption id=\"caption-attachment-125372\" class=\"wp-caption-text\">AFP \/ Jens Schlueter<\/figcaption><\/figure>\n<p style=\"text-align: justify;\">The Chips Act addresses the current\u00a0<strong>shortage<\/strong>\u00a0of semiconductors in Europe. With the Chips Act, the EU aims to\u00a0<strong>double<\/strong>\u00a0its global market share in semiconductors from 10% to at least 20% by 2030 in order to ensure the EU&#8217;s future technological sovereignty.<\/p>\n<p style=\"text-align: justify;\"><strong>Reducing dependencies<\/strong><\/p>\n<p style=\"text-align: justify;\">Chips are essential for a wide range of technological and digital products, such as cars, household appliances and electronics. Due to geostrategic issues and supply chain disruptions, European industry is currently facing challenges in the supply of semiconductors. The Chips Act aims to reduce the EU\u2019s vulnerabilities and dependencies on foreign actors. This will improve the EU\u2019s security of supply, resilience and\u00a0<strong>technological<\/strong>\u00a0<strong>sovereignty<\/strong>\u00a0in the field of chips.<\/p>\n<table style=\"width: 99.9988%; border-collapse: collapse; border-style: double; border-color: #001f7d;\" cellpadding=\"0,5\">\n<tbody>\n<tr>\n<td style=\"width: 100%;\"><img decoding=\"async\" class=\"alignleft\" src=\"https:\/\/www.cde.ual.es\/wp-content\/uploads\/2022\/04\/chi-1-212x300.png\" width=\"144\" height=\"203\" \/><\/p>\n<h4 class=\"entry-title\"><a href=\"https:\/\/www.cde.ual.es\/ficha\/ley-europea-de-chips\/\" target=\"_blank\" rel=\"noopener\">Ley Europea de Chips<br \/>\n<\/a><\/h4>\n<\/td>\n<\/tr>\n<\/tbody>\n<\/table>\n<p style=\"text-align: justify;\"><strong>Financial architecture<\/strong><\/p>\n<p style=\"text-align: justify;\">The Chips Act will mobilise\u00a0<strong>\u20ac43 billion<\/strong>\u00a0in public and private investments, focusing on three pillars:<\/p>\n<ul style=\"text-align: justify;\">\n<li>the Chips for Europe Initiative, supporting technological capacity building and related research and innovation<\/li>\n<li>a new framework to ensure security of supply and resilience by attracting increased investment<\/li>\n<li>a mechanism to monitor the semiconductor supply chain and coordinate actions in crisis situations<\/li>\n<\/ul>\n<p style=\"text-align: justify;\">The Commission\u2019s Chips Act proposal provides that, of the total amount,\u00a0<strong>\u20ac<\/strong><strong>3.3 billion<\/strong>\u00a0will be dedicated to pillar 1, the\u00a0<strong>Chips for Europe Initiative<\/strong>. The Council clarifies that the \u20ac1.65 billion included from Horizon Europe should be committed to research and innovation, and the funding from the Digital Europe programme should finance capacity-building activities.<\/p>\n<p style=\"text-align: justify;\">To respect the existing interinstitutional agreement on the Multiannual Financial Framework, the Council&#8217;s mandate does not include reallocation of\u00a0<strong>decommitted<\/strong>\u00a0<strong>funds<\/strong>\u00a0from Horizon Europe, as was proposed by the Commission. As this means a reduction of \u20ac400 million in the overall funding coming from the Digital Europe programme, the Council&#8217;s position adopted today is accompanied by a\u00a0<strong>statement<\/strong>\u00a0asking the Commission, together with the member states and the European Parliament, to look for alternative solutions to maintain the overall budget of\u00a0<strong>\u20ac3.3 billion<\/strong>.<\/p>\n<table style=\"width: 99.9988%; border-collapse: collapse; border-style: double; border-color: #001f7d;\" cellpadding=\"0,5\">\n<tbody>\n<tr>\n<td style=\"width: 100%;\"><img decoding=\"async\" class=\"alignleft\" src=\"https:\/\/www.cde.ual.es\/wp-content\/uploads\/2022\/02\/FLEgieOXIAMJaum.jpg\" width=\"165\" height=\"95\" \/><\/p>\n<h4 class=\"entry-title\"><a href=\"https:\/\/www.cde.ual.es\/en\/the-chip-act-to-secure-eu-digital-sovereignty\/\" target=\"_blank\" rel=\"noopener\">The Chip Act to secure EU digital sovereignty<\/a><\/h4>\n<\/td>\n<\/tr>\n<\/tbody>\n<\/table>\n<h3 style=\"text-align: justify;\"><\/h3>\n<p style=\"text-align: justify;\"><strong>European Chips Infrastructure Consortium<\/strong><\/p>\n<p style=\"text-align: justify;\">The regulation proposes the option of a new legal instrument: a European Chips Infrastructure Consortium (ECIC). The ECIC would be a legal entity that could implement actions and other tasks funded under the Chips for Europe Initiative.<\/p>\n<p style=\"text-align: justify;\">The Council clarifies the voluntary nature of establishing an ECIC and specifies its openness to different legal forms of cooperation and other participants. It also clarifies rules for the selection of proposals for funding that will not be based on a specific legal form of cooperation.<\/p>\n<p style=\"text-align: justify;\"><strong>Council&#8217;s mandate<\/strong><\/p>\n<p style=\"text-align: justify;\">Other proposed changes to the Commission proposal include clarifications related to:<\/p>\n<ul style=\"text-align: justify;\">\n<li>the definition of a &#8216;first-of-a-kind&#8217; semiconductor manufacturing facility<\/li>\n<li>the formulation of the general and operational objectives and the content of the Chips for Europe Initiative<\/li>\n<li>the establishment of a European network of competence centres in semiconductors, integration technologies and system design<\/li>\n<li>the requirements to be met by Integrated Production Facilities and Open EU Foundries, in particular as regards positive spill-over effects on the EU&#8217;s semiconductor value chain<\/li>\n<li>the design of mandatory information requests during a crisis stage<\/li>\n<li>the scope and implementation of the emergency toolbox<\/li>\n<li>the enforcement of information and notification obligations and of compliance with priority rated orders through fines and penalties<\/li>\n<\/ul>\n<p style=\"text-align: justify;\"><strong>More information: <a href=\"https:\/\/www.consilium.europa.eu\/es\/press\/press-releases\/2022\/12\/01\/chips-act-council-adopts-position\/\">European Council<\/a><\/strong><\/p>\n","protected":false},"excerpt":{"rendered":"<p>The Council has adopted its position (&#8216;general approach&#8217;) on the proposed regulation establishing a framework of measures to strengthen Europe&#8217;s semiconductor ecosystem, better known as the &#8216;Chips Act&#8217;. The Chips Act addresses the current\u00a0shortage\u00a0of semiconductors in Europe. With the Chips Act, the EU aims to\u00a0double\u00a0its global market share in semiconductors from 10% to at least [&hellip;]<\/p>\n","protected":false},"author":1,"featured_media":125372,"comment_status":"open","ping_status":"open","sticky":false,"template":"","format":"standard","meta":{"_acf_changed":false,"_relevanssi_hide_post":"","_relevanssi_hide_content":"","_relevanssi_pin_for_all":"","_relevanssi_pin_keywords":"","_relevanssi_unpin_keywords":"","_relevanssi_related_keywords":"","_relevanssi_related_include_ids":"","_relevanssi_related_exclude_ids":"","_relevanssi_related_no_append":"","_relevanssi_related_not_related":"","_relevanssi_related_posts":"","_relevanssi_noindex_reason":"","_monsterinsights_skip_tracking":false,"_monsterinsights_sitenote_active":false,"_monsterinsights_sitenote_note":"","_monsterinsights_sitenote_category":0,"_genesis_hide_title":false,"_genesis_hide_breadcrumbs":false,"_genesis_hide_singular_image":false,"_genesis_hide_footer_widgets":false,"_genesis_custom_body_class":"","_genesis_custom_post_class":"","_genesis_layout":"","footnotes":""},"categories":[4075,346,4078],"tags":[7859,7858,726],"class_list":{"0":"post-125380","1":"post","2":"type-post","3":"status-publish","4":"format-standard","5":"has-post-thumbnail","7":"category-defence-security","8":"category-eu-news","9":"category-internat-safety-pol","10":"tag-chip-act","11":"tag-eu-digital","12":"tag-european-council","13":"entry"},"acf":[],"yoast_head":"<!-- This site is optimized with the Yoast SEO plugin v27.4 - https:\/\/yoast.com\/product\/yoast-seo-wordpress\/ -->\n<title>EU adopts Chips Act to address shortage of semiconductors | CDE Almer\u00eda - Centro de Documentaci\u00f3n Europea - Universidad de Almer\u00eda<\/title>\n<meta name=\"robots\" content=\"index, follow, max-snippet:-1, max-image-preview:large, max-video-preview:-1\" \/>\n<link rel=\"canonical\" href=\"https:\/\/www.cde.ual.es\/en\/eu-adopts-chips-act-to-address-shortage-of-semiconductors\/\" \/>\n<meta property=\"og:locale\" content=\"en_US\" \/>\n<meta property=\"og:type\" content=\"article\" \/>\n<meta property=\"og:title\" content=\"EU adopts Chips Act to address shortage of semiconductors | CDE Almer\u00eda - Centro de Documentaci\u00f3n Europea - Universidad de Almer\u00eda\" \/>\n<meta property=\"og:description\" content=\"The Council has adopted its position (&#8216;general approach&#8217;) on the proposed regulation establishing a framework of measures to strengthen Europe&#8217;s semiconductor ecosystem, better known as the &#8216;Chips Act&#8217;. The Chips Act addresses the current\u00a0shortage\u00a0of semiconductors in Europe. With the Chips Act, the EU aims to\u00a0double\u00a0its global market share in semiconductors from 10% to at least [&hellip;]\" \/>\n<meta property=\"og:url\" content=\"https:\/\/www.cde.ual.es\/en\/eu-adopts-chips-act-to-address-shortage-of-semiconductors\/\" \/>\n<meta property=\"og:site_name\" content=\"CDE Almer\u00eda - Centro de Documentaci\u00f3n Europea - Universidad de Almer\u00eda\" \/>\n<meta property=\"article:publisher\" content=\"https:\/\/www.facebook.com\/cdeuniversidadalmeria\/\" \/>\n<meta property=\"article:published_time\" content=\"2022-12-02T09:42:26+00:00\" \/>\n<meta property=\"og:image\" content=\"https:\/\/www.cde.ual.es\/wp-content\/uploads\/2022\/12\/chips.jpg\" \/>\n\t<meta property=\"og:image:width\" content=\"1150\" \/>\n\t<meta property=\"og:image:height\" content=\"647\" \/>\n\t<meta property=\"og:image:type\" content=\"image\/jpeg\" \/>\n<meta name=\"author\" content=\"AdminCDE\" \/>\n<meta name=\"twitter:card\" content=\"summary_large_image\" \/>\n<meta name=\"twitter:creator\" content=\"@cdeualmeria\" \/>\n<meta name=\"twitter:site\" content=\"@cdeualmeria\" \/>\n<meta name=\"twitter:label1\" content=\"Written by\" \/>\n\t<meta name=\"twitter:data1\" content=\"AdminCDE\" \/>\n\t<meta name=\"twitter:label2\" content=\"Est. reading time\" \/>\n\t<meta name=\"twitter:data2\" content=\"4 minutes\" \/>\n<script type=\"application\/ld+json\" class=\"yoast-schema-graph\">{\"@context\":\"https:\\\/\\\/schema.org\",\"@graph\":[{\"@type\":\"Article\",\"@id\":\"https:\\\/\\\/www.cde.ual.es\\\/en\\\/eu-adopts-chips-act-to-address-shortage-of-semiconductors\\\/#article\",\"isPartOf\":{\"@id\":\"https:\\\/\\\/www.cde.ual.es\\\/en\\\/eu-adopts-chips-act-to-address-shortage-of-semiconductors\\\/\"},\"author\":{\"name\":\"AdminCDE\",\"@id\":\"https:\\\/\\\/www.cde.ual.es\\\/#\\\/schema\\\/person\\\/224ef08c8bcc005f319d2713ce37ee5f\"},\"headline\":\"EU adopts Chips Act to address shortage of semiconductors\",\"datePublished\":\"2022-12-02T09:42:26+00:00\",\"mainEntityOfPage\":{\"@id\":\"https:\\\/\\\/www.cde.ual.es\\\/en\\\/eu-adopts-chips-act-to-address-shortage-of-semiconductors\\\/\"},\"wordCount\":577,\"commentCount\":0,\"publisher\":{\"@id\":\"https:\\\/\\\/www.cde.ual.es\\\/#organization\"},\"image\":{\"@id\":\"https:\\\/\\\/www.cde.ual.es\\\/en\\\/eu-adopts-chips-act-to-address-shortage-of-semiconductors\\\/#primaryimage\"},\"thumbnailUrl\":\"https:\\\/\\\/www.cde.ual.es\\\/wp-content\\\/uploads\\\/2022\\\/12\\\/chips.jpg\",\"keywords\":[\"chip act\",\"eu digital\",\"European Council\"],\"articleSection\":[\"Defence &amp; Security\",\"EU News\",\"International Safety and Defence Politics\"],\"inLanguage\":\"en-US\",\"potentialAction\":[{\"@type\":\"CommentAction\",\"name\":\"Comment\",\"target\":[\"https:\\\/\\\/www.cde.ual.es\\\/en\\\/eu-adopts-chips-act-to-address-shortage-of-semiconductors\\\/#respond\"]}]},{\"@type\":\"WebPage\",\"@id\":\"https:\\\/\\\/www.cde.ual.es\\\/en\\\/eu-adopts-chips-act-to-address-shortage-of-semiconductors\\\/\",\"url\":\"https:\\\/\\\/www.cde.ual.es\\\/en\\\/eu-adopts-chips-act-to-address-shortage-of-semiconductors\\\/\",\"name\":\"EU adopts Chips Act to address shortage of semiconductors | CDE Almer\u00eda - Centro de Documentaci\u00f3n Europea - Universidad de Almer\u00eda\",\"isPartOf\":{\"@id\":\"https:\\\/\\\/www.cde.ual.es\\\/#website\"},\"primaryImageOfPage\":{\"@id\":\"https:\\\/\\\/www.cde.ual.es\\\/en\\\/eu-adopts-chips-act-to-address-shortage-of-semiconductors\\\/#primaryimage\"},\"image\":{\"@id\":\"https:\\\/\\\/www.cde.ual.es\\\/en\\\/eu-adopts-chips-act-to-address-shortage-of-semiconductors\\\/#primaryimage\"},\"thumbnailUrl\":\"https:\\\/\\\/www.cde.ual.es\\\/wp-content\\\/uploads\\\/2022\\\/12\\\/chips.jpg\",\"datePublished\":\"2022-12-02T09:42:26+00:00\",\"breadcrumb\":{\"@id\":\"https:\\\/\\\/www.cde.ual.es\\\/en\\\/eu-adopts-chips-act-to-address-shortage-of-semiconductors\\\/#breadcrumb\"},\"inLanguage\":\"en-US\",\"potentialAction\":[{\"@type\":\"ReadAction\",\"target\":[\"https:\\\/\\\/www.cde.ual.es\\\/en\\\/eu-adopts-chips-act-to-address-shortage-of-semiconductors\\\/\"]}]},{\"@type\":\"ImageObject\",\"inLanguage\":\"en-US\",\"@id\":\"https:\\\/\\\/www.cde.ual.es\\\/en\\\/eu-adopts-chips-act-to-address-shortage-of-semiconductors\\\/#primaryimage\",\"url\":\"https:\\\/\\\/www.cde.ual.es\\\/wp-content\\\/uploads\\\/2022\\\/12\\\/chips.jpg\",\"contentUrl\":\"https:\\\/\\\/www.cde.ual.es\\\/wp-content\\\/uploads\\\/2022\\\/12\\\/chips.jpg\",\"width\":1150,\"height\":647,\"caption\":\"AFP \\\/ Jens Schlueter\"},{\"@type\":\"BreadcrumbList\",\"@id\":\"https:\\\/\\\/www.cde.ual.es\\\/en\\\/eu-adopts-chips-act-to-address-shortage-of-semiconductors\\\/#breadcrumb\",\"itemListElement\":[{\"@type\":\"ListItem\",\"position\":1,\"name\":\"Inicio\",\"item\":\"https:\\\/\\\/www.cde.ual.es\\\/en\\\/\"},{\"@type\":\"ListItem\",\"position\":2,\"name\":\"EU News\",\"item\":\"https:\\\/\\\/www.cde.ual.es\\\/en\\\/category\\\/eu-news\\\/\"},{\"@type\":\"ListItem\",\"position\":3,\"name\":\"Defence &amp; Security\",\"item\":\"https:\\\/\\\/www.cde.ual.es\\\/en\\\/category\\\/eu-news\\\/defence-security\\\/\"},{\"@type\":\"ListItem\",\"position\":4,\"name\":\"International Safety and Defence Politics\",\"item\":\"https:\\\/\\\/www.cde.ual.es\\\/en\\\/category\\\/eu-news\\\/defence-security\\\/internat-safety-pol\\\/\"},{\"@type\":\"ListItem\",\"position\":5,\"name\":\"EU adopts Chips Act to address shortage of semiconductors\"}]},{\"@type\":\"WebSite\",\"@id\":\"https:\\\/\\\/www.cde.ual.es\\\/#website\",\"url\":\"https:\\\/\\\/www.cde.ual.es\\\/\",\"name\":\"CDE Almer\u00eda - Centro de Documentaci\u00f3n Europea - Universidad de Almer\u00eda\",\"description\":\"Centro de Documentaci\u00f3n Europea de la Universidad de Almer\u00eda\",\"publisher\":{\"@id\":\"https:\\\/\\\/www.cde.ual.es\\\/#organization\"},\"alternateName\":\"CDE Almer\u00eda\",\"potentialAction\":[{\"@type\":\"SearchAction\",\"target\":{\"@type\":\"EntryPoint\",\"urlTemplate\":\"https:\\\/\\\/www.cde.ual.es\\\/?s={search_term_string}\"},\"query-input\":{\"@type\":\"PropertyValueSpecification\",\"valueRequired\":true,\"valueName\":\"search_term_string\"}}],\"inLanguage\":\"en-US\"},{\"@type\":\"Organization\",\"@id\":\"https:\\\/\\\/www.cde.ual.es\\\/#organization\",\"name\":\"Centro de Documentaci\u00f3n Europea de Almer\u00eda\",\"url\":\"https:\\\/\\\/www.cde.ual.es\\\/\",\"logo\":{\"@type\":\"ImageObject\",\"inLanguage\":\"en-US\",\"@id\":\"https:\\\/\\\/www.cde.ual.es\\\/#\\\/schema\\\/logo\\\/image\\\/\",\"url\":\"https:\\\/\\\/www.cde.ual.es\\\/wp-content\\\/uploads\\\/2025\\\/07\\\/cde-logo-3.png\",\"contentUrl\":\"https:\\\/\\\/www.cde.ual.es\\\/wp-content\\\/uploads\\\/2025\\\/07\\\/cde-logo-3.png\",\"width\":1400,\"height\":300,\"caption\":\"Centro de Documentaci\u00f3n Europea de Almer\u00eda\"},\"image\":{\"@id\":\"https:\\\/\\\/www.cde.ual.es\\\/#\\\/schema\\\/logo\\\/image\\\/\"},\"sameAs\":[\"https:\\\/\\\/www.facebook.com\\\/cdeuniversidadalmeria\\\/\",\"https:\\\/\\\/x.com\\\/cdeualmeria\",\"https:\\\/\\\/www.tiktok.com\\\/@cdealmeria\",\"https:\\\/\\\/www.instagram.com\\\/cdealmeria\\\/\",\"https:\\\/\\\/www.linkedin.com\\\/in\\\/cde-almera-812b26a9\\\/\"]},{\"@type\":\"Person\",\"@id\":\"https:\\\/\\\/www.cde.ual.es\\\/#\\\/schema\\\/person\\\/224ef08c8bcc005f319d2713ce37ee5f\",\"name\":\"AdminCDE\",\"image\":{\"@type\":\"ImageObject\",\"inLanguage\":\"en-US\",\"@id\":\"https:\\\/\\\/secure.gravatar.com\\\/avatar\\\/a72d038d371f995cd13706fac32274b7952a52e8fb0a84b5f80c85426f2a98a8?s=96&d=mm&r=g\",\"url\":\"https:\\\/\\\/secure.gravatar.com\\\/avatar\\\/a72d038d371f995cd13706fac32274b7952a52e8fb0a84b5f80c85426f2a98a8?s=96&d=mm&r=g\",\"contentUrl\":\"https:\\\/\\\/secure.gravatar.com\\\/avatar\\\/a72d038d371f995cd13706fac32274b7952a52e8fb0a84b5f80c85426f2a98a8?s=96&d=mm&r=g\",\"caption\":\"AdminCDE\"}}]}<\/script>\n<!-- \/ Yoast SEO plugin. -->","yoast_head_json":{"title":"EU adopts Chips Act to address shortage of semiconductors | CDE Almer\u00eda - Centro de Documentaci\u00f3n Europea - Universidad de Almer\u00eda","robots":{"index":"index","follow":"follow","max-snippet":"max-snippet:-1","max-image-preview":"max-image-preview:large","max-video-preview":"max-video-preview:-1"},"canonical":"https:\/\/www.cde.ual.es\/en\/eu-adopts-chips-act-to-address-shortage-of-semiconductors\/","og_locale":"en_US","og_type":"article","og_title":"EU adopts Chips Act to address shortage of semiconductors | CDE Almer\u00eda - Centro de Documentaci\u00f3n Europea - Universidad de Almer\u00eda","og_description":"The Council has adopted its position (&#8216;general approach&#8217;) on the proposed regulation establishing a framework of measures to strengthen Europe&#8217;s semiconductor ecosystem, better known as the &#8216;Chips Act&#8217;. The Chips Act addresses the current\u00a0shortage\u00a0of semiconductors in Europe. With the Chips Act, the EU aims to\u00a0double\u00a0its global market share in semiconductors from 10% to at least [&hellip;]","og_url":"https:\/\/www.cde.ual.es\/en\/eu-adopts-chips-act-to-address-shortage-of-semiconductors\/","og_site_name":"CDE Almer\u00eda - Centro de Documentaci\u00f3n Europea - Universidad de Almer\u00eda","article_publisher":"https:\/\/www.facebook.com\/cdeuniversidadalmeria\/","article_published_time":"2022-12-02T09:42:26+00:00","og_image":[{"width":1150,"height":647,"url":"https:\/\/www.cde.ual.es\/wp-content\/uploads\/2022\/12\/chips.jpg","type":"image\/jpeg"}],"author":"AdminCDE","twitter_card":"summary_large_image","twitter_creator":"@cdeualmeria","twitter_site":"@cdeualmeria","twitter_misc":{"Written by":"AdminCDE","Est. reading time":"4 minutes"},"schema":{"@context":"https:\/\/schema.org","@graph":[{"@type":"Article","@id":"https:\/\/www.cde.ual.es\/en\/eu-adopts-chips-act-to-address-shortage-of-semiconductors\/#article","isPartOf":{"@id":"https:\/\/www.cde.ual.es\/en\/eu-adopts-chips-act-to-address-shortage-of-semiconductors\/"},"author":{"name":"AdminCDE","@id":"https:\/\/www.cde.ual.es\/#\/schema\/person\/224ef08c8bcc005f319d2713ce37ee5f"},"headline":"EU adopts Chips Act to address shortage of semiconductors","datePublished":"2022-12-02T09:42:26+00:00","mainEntityOfPage":{"@id":"https:\/\/www.cde.ual.es\/en\/eu-adopts-chips-act-to-address-shortage-of-semiconductors\/"},"wordCount":577,"commentCount":0,"publisher":{"@id":"https:\/\/www.cde.ual.es\/#organization"},"image":{"@id":"https:\/\/www.cde.ual.es\/en\/eu-adopts-chips-act-to-address-shortage-of-semiconductors\/#primaryimage"},"thumbnailUrl":"https:\/\/www.cde.ual.es\/wp-content\/uploads\/2022\/12\/chips.jpg","keywords":["chip act","eu digital","European Council"],"articleSection":["Defence &amp; Security","EU News","International Safety and Defence Politics"],"inLanguage":"en-US","potentialAction":[{"@type":"CommentAction","name":"Comment","target":["https:\/\/www.cde.ual.es\/en\/eu-adopts-chips-act-to-address-shortage-of-semiconductors\/#respond"]}]},{"@type":"WebPage","@id":"https:\/\/www.cde.ual.es\/en\/eu-adopts-chips-act-to-address-shortage-of-semiconductors\/","url":"https:\/\/www.cde.ual.es\/en\/eu-adopts-chips-act-to-address-shortage-of-semiconductors\/","name":"EU adopts Chips Act to address shortage of semiconductors | CDE Almer\u00eda - Centro de Documentaci\u00f3n Europea - Universidad de Almer\u00eda","isPartOf":{"@id":"https:\/\/www.cde.ual.es\/#website"},"primaryImageOfPage":{"@id":"https:\/\/www.cde.ual.es\/en\/eu-adopts-chips-act-to-address-shortage-of-semiconductors\/#primaryimage"},"image":{"@id":"https:\/\/www.cde.ual.es\/en\/eu-adopts-chips-act-to-address-shortage-of-semiconductors\/#primaryimage"},"thumbnailUrl":"https:\/\/www.cde.ual.es\/wp-content\/uploads\/2022\/12\/chips.jpg","datePublished":"2022-12-02T09:42:26+00:00","breadcrumb":{"@id":"https:\/\/www.cde.ual.es\/en\/eu-adopts-chips-act-to-address-shortage-of-semiconductors\/#breadcrumb"},"inLanguage":"en-US","potentialAction":[{"@type":"ReadAction","target":["https:\/\/www.cde.ual.es\/en\/eu-adopts-chips-act-to-address-shortage-of-semiconductors\/"]}]},{"@type":"ImageObject","inLanguage":"en-US","@id":"https:\/\/www.cde.ual.es\/en\/eu-adopts-chips-act-to-address-shortage-of-semiconductors\/#primaryimage","url":"https:\/\/www.cde.ual.es\/wp-content\/uploads\/2022\/12\/chips.jpg","contentUrl":"https:\/\/www.cde.ual.es\/wp-content\/uploads\/2022\/12\/chips.jpg","width":1150,"height":647,"caption":"AFP \/ Jens Schlueter"},{"@type":"BreadcrumbList","@id":"https:\/\/www.cde.ual.es\/en\/eu-adopts-chips-act-to-address-shortage-of-semiconductors\/#breadcrumb","itemListElement":[{"@type":"ListItem","position":1,"name":"Inicio","item":"https:\/\/www.cde.ual.es\/en\/"},{"@type":"ListItem","position":2,"name":"EU News","item":"https:\/\/www.cde.ual.es\/en\/category\/eu-news\/"},{"@type":"ListItem","position":3,"name":"Defence &amp; Security","item":"https:\/\/www.cde.ual.es\/en\/category\/eu-news\/defence-security\/"},{"@type":"ListItem","position":4,"name":"International Safety and Defence Politics","item":"https:\/\/www.cde.ual.es\/en\/category\/eu-news\/defence-security\/internat-safety-pol\/"},{"@type":"ListItem","position":5,"name":"EU adopts Chips Act to address shortage of semiconductors"}]},{"@type":"WebSite","@id":"https:\/\/www.cde.ual.es\/#website","url":"https:\/\/www.cde.ual.es\/","name":"CDE Almer\u00eda - Centro de Documentaci\u00f3n Europea - Universidad de Almer\u00eda","description":"Centro de Documentaci\u00f3n Europea de la Universidad de Almer\u00eda","publisher":{"@id":"https:\/\/www.cde.ual.es\/#organization"},"alternateName":"CDE Almer\u00eda","potentialAction":[{"@type":"SearchAction","target":{"@type":"EntryPoint","urlTemplate":"https:\/\/www.cde.ual.es\/?s={search_term_string}"},"query-input":{"@type":"PropertyValueSpecification","valueRequired":true,"valueName":"search_term_string"}}],"inLanguage":"en-US"},{"@type":"Organization","@id":"https:\/\/www.cde.ual.es\/#organization","name":"Centro de Documentaci\u00f3n Europea de Almer\u00eda","url":"https:\/\/www.cde.ual.es\/","logo":{"@type":"ImageObject","inLanguage":"en-US","@id":"https:\/\/www.cde.ual.es\/#\/schema\/logo\/image\/","url":"https:\/\/www.cde.ual.es\/wp-content\/uploads\/2025\/07\/cde-logo-3.png","contentUrl":"https:\/\/www.cde.ual.es\/wp-content\/uploads\/2025\/07\/cde-logo-3.png","width":1400,"height":300,"caption":"Centro de Documentaci\u00f3n Europea de Almer\u00eda"},"image":{"@id":"https:\/\/www.cde.ual.es\/#\/schema\/logo\/image\/"},"sameAs":["https:\/\/www.facebook.com\/cdeuniversidadalmeria\/","https:\/\/x.com\/cdeualmeria","https:\/\/www.tiktok.com\/@cdealmeria","https:\/\/www.instagram.com\/cdealmeria\/","https:\/\/www.linkedin.com\/in\/cde-almera-812b26a9\/"]},{"@type":"Person","@id":"https:\/\/www.cde.ual.es\/#\/schema\/person\/224ef08c8bcc005f319d2713ce37ee5f","name":"AdminCDE","image":{"@type":"ImageObject","inLanguage":"en-US","@id":"https:\/\/secure.gravatar.com\/avatar\/a72d038d371f995cd13706fac32274b7952a52e8fb0a84b5f80c85426f2a98a8?s=96&d=mm&r=g","url":"https:\/\/secure.gravatar.com\/avatar\/a72d038d371f995cd13706fac32274b7952a52e8fb0a84b5f80c85426f2a98a8?s=96&d=mm&r=g","contentUrl":"https:\/\/secure.gravatar.com\/avatar\/a72d038d371f995cd13706fac32274b7952a52e8fb0a84b5f80c85426f2a98a8?s=96&d=mm&r=g","caption":"AdminCDE"}}]}},"_links":{"self":[{"href":"https:\/\/www.cde.ual.es\/en\/wp-json\/wp\/v2\/posts\/125380","targetHints":{"allow":["GET"]}}],"collection":[{"href":"https:\/\/www.cde.ual.es\/en\/wp-json\/wp\/v2\/posts"}],"about":[{"href":"https:\/\/www.cde.ual.es\/en\/wp-json\/wp\/v2\/types\/post"}],"author":[{"embeddable":true,"href":"https:\/\/www.cde.ual.es\/en\/wp-json\/wp\/v2\/users\/1"}],"replies":[{"embeddable":true,"href":"https:\/\/www.cde.ual.es\/en\/wp-json\/wp\/v2\/comments?post=125380"}],"version-history":[{"count":1,"href":"https:\/\/www.cde.ual.es\/en\/wp-json\/wp\/v2\/posts\/125380\/revisions"}],"predecessor-version":[{"id":125381,"href":"https:\/\/www.cde.ual.es\/en\/wp-json\/wp\/v2\/posts\/125380\/revisions\/125381"}],"wp:featuredmedia":[{"embeddable":true,"href":"https:\/\/www.cde.ual.es\/en\/wp-json\/wp\/v2\/media\/125372"}],"wp:attachment":[{"href":"https:\/\/www.cde.ual.es\/en\/wp-json\/wp\/v2\/media?parent=125380"}],"wp:term":[{"taxonomy":"category","embeddable":true,"href":"https:\/\/www.cde.ual.es\/en\/wp-json\/wp\/v2\/categories?post=125380"},{"taxonomy":"post_tag","embeddable":true,"href":"https:\/\/www.cde.ual.es\/en\/wp-json\/wp\/v2\/tags?post=125380"}],"curies":[{"name":"wp","href":"https:\/\/api.w.org\/{rel}","templated":true}]}}