{"id":125349,"date":"2022-12-02T09:23:14","date_gmt":"2022-12-02T08:23:14","guid":{"rendered":"https:\/\/www.cde.ual.es\/?p=125349"},"modified":"2022-12-02T09:23:14","modified_gmt":"2022-12-02T08:23:14","slug":"conference-on-the-future-of-europe-feedback-event-to-take-place-in-brussels","status":"publish","type":"post","link":"https:\/\/www.cde.ual.es\/en\/conference-on-the-future-of-europe-feedback-event-to-take-place-in-brussels\/","title":{"rendered":"Conference on the Future of Europe: feedback event to take place in Brussels"},"content":{"rendered":"<p style=\"text-align: justify;\"><strong>The European Parliament, Council and Commission organise today a feedback event as a follow-up to the Conference on the Future of Europe.<\/strong><\/p>\n<p><a href=\"https:\/\/www.cde.ual.es\/wp-content\/uploads\/2022\/12\/francois-genon-M5IuGintPvo-unsplash-1-scaled.jpg\"><img decoding=\"async\" class=\"aligncenter wp-image-125347\" src=\"https:\/\/www.cde.ual.es\/wp-content\/uploads\/2022\/12\/francois-genon-M5IuGintPvo-unsplash-1-scaled.jpg\" alt=\"banderas ue\" width=\"575\" height=\"383\" srcset=\"https:\/\/www.cde.ual.es\/wp-content\/uploads\/2022\/12\/francois-genon-M5IuGintPvo-unsplash-1-scaled.jpg 2560w, https:\/\/www.cde.ual.es\/wp-content\/uploads\/2022\/12\/francois-genon-M5IuGintPvo-unsplash-1-300x200.jpg 300w, https:\/\/www.cde.ual.es\/wp-content\/uploads\/2022\/12\/francois-genon-M5IuGintPvo-unsplash-1-1024x683.jpg 1024w, https:\/\/www.cde.ual.es\/wp-content\/uploads\/2022\/12\/francois-genon-M5IuGintPvo-unsplash-1-768x512.jpg 768w, https:\/\/www.cde.ual.es\/wp-content\/uploads\/2022\/12\/francois-genon-M5IuGintPvo-unsplash-1-1536x1024.jpg 1536w, https:\/\/www.cde.ual.es\/wp-content\/uploads\/2022\/12\/francois-genon-M5IuGintPvo-unsplash-1-2048x1365.jpg 2048w\" sizes=\"(max-width: 575px) 100vw, 575px\" \/><\/a><\/p>\n<p style=\"text-align: justify;\">The event will be an opportunity for the three institutions to explain how they are following up on the\u00a0<a href=\"https:\/\/futureu.europa.eu\/rails\/active_storage\/blobs\/redirect\/eyJfcmFpbHMiOnsibWVzc2FnZSI6IkJBaHBBK1ZCQVE9PSIsImV4cCI6bnVsbCwicHVyIjoiYmxvYl9pZCJ9fQ==--fd6431aecc848f82a01218686dc7c6396b238e7c\/Book_CoFE_Final_Report_EN_full.pdf?locale=en\">proposals<\/a>\u00a0stemming from the Conference and to exchange with those citizens who participated in the European Citizens&#8217; Panels, as well as representatives of National Citizens&#8217; Panels and events.<\/p>\n<p style=\"text-align: justify;\">Since the closing of the Conference, the three institutions have worked to fulfil their commitment to act on the Conference&#8217;s proposals. They have started the implementation and follow-up process in accordance with their respective competences under the Treaties of the EU. The Conference&#8217;s 49 proposals include more than 300 measures on how to achieve them, across nine themes, based on the recommendations from the European and National Citizens&#8217; Panels, as well as input from national events, the Multilingual Digital Platform and discussions within nine thematic working groups and the Plenary.<\/p>\n<p style=\"text-align: justify;\"><strong>The Commission&#8217;s follow-up<\/strong><\/p>\n<p style=\"text-align: justify;\">The Commission provide today feedback in line with its Communication on \u201c<a href=\"https:\/\/op.europa.eu\/en\/publication-detail\/-\/publication\/849c105d-f09b-11ec-a534-01aa75ed71a1\/language-en\">Putting Vision into Concrete Action<\/a>\u201d, published in June 2022, one month after the end of the Conference.<\/p>\n<p style=\"text-align: justify;\">Most notably, the Commission will explain how it is providing\u00a0<strong>four different types of responses<\/strong>\u00a0to the proposals stemming from the Conference, through:<\/p>\n<ul style=\"text-align: justify;\" type=\"circle\">\n<li><strong>existing<\/strong>\u00a0<strong>initiatives<\/strong>\u00a0that address the proposals (e.g. the European Climate Law, the circular economy package, the EU global health strategy, the new European Strategy for a Better Internet for Kids, or the Youth Action Plan in EU External Action);<\/li>\n<li><strong>initiatives already proposed<\/strong>\u00a0by the Commission, where the European Parliament and the Council are called upon to adopt (e.g. the New Pact on Migration and the Media Freedom Act);<\/li>\n<li><strong>planned actions<\/strong>\u00a0which will deliver on the ideas directly stemming from the Conference (e.g. a revision of animal welfare legislation);<\/li>\n<li><strong>new initiatives<\/strong>\u00a0inspired by the proposals of the Conference, falling within the remit of the Commission (e.g. a future initiative on mental health).<\/li>\n<\/ul>\n<table style=\"width: 99.9988%; border-collapse: collapse; border-style: double; border-color: #001f7d;\" cellpadding=\"0,5\">\n<tbody>\n<tr>\n<td style=\"width: 100%;\"><a href=\"https:\/\/www.cde.ual.es\/en\/future-of-europe-conference-and-proposals\/\" target=\"_blank\" rel=\"noopener\"><img decoding=\"async\" class=\"alignleft\" src=\"https:\/\/www.cde.ual.es\/wp-content\/uploads\/2022\/05\/meeting-83519_1920-1-768x511.jpg\" alt=\"\" width=\"201\" height=\"134\" \/><\/a><\/p>\n<h4 class=\"entry-title\"><a href=\"https:\/\/www.cde.ual.es\/en\/future-of-europe-conference-and-proposals\/\" target=\"_blank\" rel=\"noopener\">Future of Europe: conference and proposals<br \/>\n<\/a><\/h4>\n<\/td>\n<\/tr>\n<\/tbody>\n<\/table>\n<p style=\"text-align: justify;\">The Commission&#8217;s\u00a0<a href=\"https:\/\/ec.europa.eu\/info\/strategy-documents\/commission-work-programme\/commission-work-programme-2023_en#:~:text=On%2018%20October%202022%2C%20the,defending%20Europe's%20democratic%20values%20and\">Work Programme<\/a>\u00a0for 2023 is driven by the vision laid out in the conclusions of the Conference. On 14 September 2022, President\u00a0<strong>von der Leyen<\/strong>\u00a0in her\u00a0<a href=\"https:\/\/ec.europa.eu\/commission\/presscorner\/detail\/en\/speech_22_5493\">State of the Union speech<\/a>\u00a0announced that participatory practices will be embedded in our policy-making toolbox through European citizens&#8217; panels, which are being involved in certain key policy areas. For example, the new generation of citizens&#8217; panels will deliberate on next year&#8217;s initiatives on food waste, learning mobility and virtual worlds.<\/p>\n<p style=\"text-align: justify;\">The Commission is also developing\u00a0<strong>a new online interactive tool for citizens&#8217; engagement<\/strong>. This tool will integrate into a one-stop-shop portal all the channels available to citizens to contribute to policy-making:\u00a0<a href=\"https:\/\/ec.europa.eu\/info\/law\/better-regulation\/have-your-say_en\">public consultations<\/a>,\u00a0<a href=\"https:\/\/europa.eu\/citizens-initiative\/_en\">European Citizens&#8217; Initiative<\/a>&#8221; and a new multilingual interactive space inspired by the Conference&#8217;s online deliberative space.<\/p>\n<p style=\"text-align: justify;\"><strong>Members of the College said<\/strong><\/p>\n<blockquote><p>Dubravka\u00a0<strong>\u0160uica<\/strong>, Vice-President for Democracy and Demography said:\u00a0<em>\u201cThe Conference on the Future of Europe gave citizens a greater say about the Europe they want to live in. There is no doubt that we brought citizens to the very centre of EU policy-making. We have committed to ensure that they remain there. The Commission is moving ahead with its plans to respond to the Conference on the Future of Europe. No better time than now to improve our Union.\u201d<\/em><\/p><\/blockquote>\n<p style=\"text-align: justify;\"><strong>Source: <a href=\"https:\/\/ec.europa.eu\/commission\/presscorner\/detail\/en\/ip_22_7313\" target=\"_blank\" rel=\"noopener\">Press release &#8211; European Commission<\/a><\/strong><\/p>\n","protected":false},"excerpt":{"rendered":"<p>The European Parliament, Council and Commission organise today a feedback event as a follow-up to the Conference on the Future of Europe. The event will be an opportunity for the three institutions to explain how they are following up on the\u00a0proposals\u00a0stemming from the Conference and to exchange with those citizens who participated in the European [&hellip;]<\/p>\n","protected":false},"author":101011,"featured_media":125347,"comment_status":"open","ping_status":"open","sticky":false,"template":"","format":"standard","meta":{"_acf_changed":false,"_relevanssi_hide_post":"","_relevanssi_hide_content":"","_relevanssi_pin_for_all":"","_relevanssi_pin_keywords":"","_relevanssi_unpin_keywords":"","_relevanssi_related_keywords":"","_relevanssi_related_include_ids":"","_relevanssi_related_exclude_ids":"","_relevanssi_related_no_append":"","_relevanssi_related_not_related":"","_relevanssi_related_posts":"","_relevanssi_noindex_reason":"","_monsterinsights_skip_tracking":false,"_monsterinsights_sitenote_active":false,"_monsterinsights_sitenote_note":"","_monsterinsights_sitenote_category":0,"_genesis_hide_title":false,"_genesis_hide_breadcrumbs":false,"_genesis_hide_singular_image":false,"_genesis_hide_footer_widgets":false,"_genesis_custom_body_class":"","_genesis_custom_post_class":"","_genesis_layout":"","footnotes":""},"categories":[346,4064,4065],"tags":[1488,726,753,444],"class_list":{"0":"post-125349","1":"post","2":"type-post","3":"status-publish","4":"format-standard","5":"has-post-thumbnail","7":"category-eu-news","8":"category-institutional","9":"category-international-pol-coop","10":"tag-european-commission","11":"tag-european-council","12":"tag-european-parliament","13":"tag-future-of-europe","14":"entry"},"acf":[],"yoast_head":"<!-- This site is optimized with the Yoast SEO plugin v27.4 - https:\/\/yoast.com\/product\/yoast-seo-wordpress\/ -->\n<title>Conference on the Future of Europe: feedback event to take place in Brussels | CDE Almer\u00eda - Centro de Documentaci\u00f3n Europea - Universidad de Almer\u00eda<\/title>\n<meta name=\"robots\" content=\"index, follow, max-snippet:-1, max-image-preview:large, max-video-preview:-1\" \/>\n<link rel=\"canonical\" href=\"https:\/\/www.cde.ual.es\/en\/conference-on-the-future-of-europe-feedback-event-to-take-place-in-brussels\/\" \/>\n<meta property=\"og:locale\" content=\"en_US\" \/>\n<meta property=\"og:type\" content=\"article\" \/>\n<meta property=\"og:title\" content=\"Conference on the Future of Europe: feedback event to take place in Brussels | CDE Almer\u00eda - Centro de Documentaci\u00f3n Europea - Universidad de Almer\u00eda\" \/>\n<meta property=\"og:description\" content=\"The European Parliament, Council and Commission organise today a feedback event as a follow-up to the Conference on the Future of Europe. The event will be an opportunity for the three institutions to explain how they are following up on the\u00a0proposals\u00a0stemming from the Conference and to exchange with those citizens who participated in the European [&hellip;]\" \/>\n<meta property=\"og:url\" content=\"https:\/\/www.cde.ual.es\/en\/conference-on-the-future-of-europe-feedback-event-to-take-place-in-brussels\/\" \/>\n<meta property=\"og:site_name\" content=\"CDE Almer\u00eda - Centro de Documentaci\u00f3n Europea - Universidad de Almer\u00eda\" \/>\n<meta property=\"article:publisher\" content=\"https:\/\/www.facebook.com\/cdeuniversidadalmeria\/\" \/>\n<meta property=\"article:published_time\" content=\"2022-12-02T08:23:14+00:00\" \/>\n<meta property=\"og:image\" content=\"https:\/\/www.cde.ual.es\/wp-content\/uploads\/2022\/12\/francois-genon-M5IuGintPvo-unsplash-1-scaled.jpg\" \/>\n\t<meta property=\"og:image:width\" content=\"2560\" \/>\n\t<meta property=\"og:image:height\" content=\"1706\" \/>\n\t<meta property=\"og:image:type\" content=\"image\/jpeg\" \/>\n<meta name=\"author\" content=\"BECA 2 CDE\" \/>\n<meta name=\"twitter:card\" content=\"summary_large_image\" \/>\n<meta name=\"twitter:creator\" content=\"@cdeualmeria\" \/>\n<meta name=\"twitter:site\" content=\"@cdeualmeria\" \/>\n<meta name=\"twitter:label1\" content=\"Written by\" \/>\n\t<meta name=\"twitter:data1\" content=\"BECA 2 CDE\" \/>\n\t<meta name=\"twitter:label2\" content=\"Est. reading time\" \/>\n\t<meta name=\"twitter:data2\" content=\"3 minutes\" \/>\n<script type=\"application\/ld+json\" class=\"yoast-schema-graph\">{\"@context\":\"https:\\\/\\\/schema.org\",\"@graph\":[{\"@type\":\"Article\",\"@id\":\"https:\\\/\\\/www.cde.ual.es\\\/en\\\/conference-on-the-future-of-europe-feedback-event-to-take-place-in-brussels\\\/#article\",\"isPartOf\":{\"@id\":\"https:\\\/\\\/www.cde.ual.es\\\/en\\\/conference-on-the-future-of-europe-feedback-event-to-take-place-in-brussels\\\/\"},\"author\":{\"name\":\"BECA 2 CDE\",\"@id\":\"https:\\\/\\\/www.cde.ual.es\\\/#\\\/schema\\\/person\\\/ee46ebc19edfa19598c02cff83335acc\"},\"headline\":\"Conference on the Future of Europe: feedback event to take place in Brussels\",\"datePublished\":\"2022-12-02T08:23:14+00:00\",\"mainEntityOfPage\":{\"@id\":\"https:\\\/\\\/www.cde.ual.es\\\/en\\\/conference-on-the-future-of-europe-feedback-event-to-take-place-in-brussels\\\/\"},\"wordCount\":566,\"commentCount\":0,\"publisher\":{\"@id\":\"https:\\\/\\\/www.cde.ual.es\\\/#organization\"},\"image\":{\"@id\":\"https:\\\/\\\/www.cde.ual.es\\\/en\\\/conference-on-the-future-of-europe-feedback-event-to-take-place-in-brussels\\\/#primaryimage\"},\"thumbnailUrl\":\"https:\\\/\\\/www.cde.ual.es\\\/wp-content\\\/uploads\\\/2022\\\/12\\\/francois-genon-M5IuGintPvo-unsplash-1-scaled.jpg\",\"keywords\":[\"European Commission\",\"European Council\",\"European Parliament\",\"Future of Europe\"],\"articleSection\":[\"EU News\",\"Institutional Affairs\",\"International Politics and Cooperation\"],\"inLanguage\":\"en-US\",\"potentialAction\":[{\"@type\":\"CommentAction\",\"name\":\"Comment\",\"target\":[\"https:\\\/\\\/www.cde.ual.es\\\/en\\\/conference-on-the-future-of-europe-feedback-event-to-take-place-in-brussels\\\/#respond\"]}]},{\"@type\":\"WebPage\",\"@id\":\"https:\\\/\\\/www.cde.ual.es\\\/en\\\/conference-on-the-future-of-europe-feedback-event-to-take-place-in-brussels\\\/\",\"url\":\"https:\\\/\\\/www.cde.ual.es\\\/en\\\/conference-on-the-future-of-europe-feedback-event-to-take-place-in-brussels\\\/\",\"name\":\"Conference on the Future of Europe: feedback event to take place in Brussels | CDE Almer\u00eda - Centro de Documentaci\u00f3n Europea - Universidad de Almer\u00eda\",\"isPartOf\":{\"@id\":\"https:\\\/\\\/www.cde.ual.es\\\/#website\"},\"primaryImageOfPage\":{\"@id\":\"https:\\\/\\\/www.cde.ual.es\\\/en\\\/conference-on-the-future-of-europe-feedback-event-to-take-place-in-brussels\\\/#primaryimage\"},\"image\":{\"@id\":\"https:\\\/\\\/www.cde.ual.es\\\/en\\\/conference-on-the-future-of-europe-feedback-event-to-take-place-in-brussels\\\/#primaryimage\"},\"thumbnailUrl\":\"https:\\\/\\\/www.cde.ual.es\\\/wp-content\\\/uploads\\\/2022\\\/12\\\/francois-genon-M5IuGintPvo-unsplash-1-scaled.jpg\",\"datePublished\":\"2022-12-02T08:23:14+00:00\",\"breadcrumb\":{\"@id\":\"https:\\\/\\\/www.cde.ual.es\\\/en\\\/conference-on-the-future-of-europe-feedback-event-to-take-place-in-brussels\\\/#breadcrumb\"},\"inLanguage\":\"en-US\",\"potentialAction\":[{\"@type\":\"ReadAction\",\"target\":[\"https:\\\/\\\/www.cde.ual.es\\\/en\\\/conference-on-the-future-of-europe-feedback-event-to-take-place-in-brussels\\\/\"]}]},{\"@type\":\"ImageObject\",\"inLanguage\":\"en-US\",\"@id\":\"https:\\\/\\\/www.cde.ual.es\\\/en\\\/conference-on-the-future-of-europe-feedback-event-to-take-place-in-brussels\\\/#primaryimage\",\"url\":\"https:\\\/\\\/www.cde.ual.es\\\/wp-content\\\/uploads\\\/2022\\\/12\\\/francois-genon-M5IuGintPvo-unsplash-1-scaled.jpg\",\"contentUrl\":\"https:\\\/\\\/www.cde.ual.es\\\/wp-content\\\/uploads\\\/2022\\\/12\\\/francois-genon-M5IuGintPvo-unsplash-1-scaled.jpg\",\"width\":2560,\"height\":1706,\"caption\":\"banderas ue\"},{\"@type\":\"BreadcrumbList\",\"@id\":\"https:\\\/\\\/www.cde.ual.es\\\/en\\\/conference-on-the-future-of-europe-feedback-event-to-take-place-in-brussels\\\/#breadcrumb\",\"itemListElement\":[{\"@type\":\"ListItem\",\"position\":1,\"name\":\"Inicio\",\"item\":\"https:\\\/\\\/www.cde.ual.es\\\/en\\\/\"},{\"@type\":\"ListItem\",\"position\":2,\"name\":\"EU News\",\"item\":\"https:\\\/\\\/www.cde.ual.es\\\/en\\\/category\\\/eu-news\\\/\"},{\"@type\":\"ListItem\",\"position\":3,\"name\":\"Institutional Affairs\",\"item\":\"https:\\\/\\\/www.cde.ual.es\\\/en\\\/category\\\/eu-news\\\/institutional\\\/\"},{\"@type\":\"ListItem\",\"position\":4,\"name\":\"International Politics and Cooperation\",\"item\":\"https:\\\/\\\/www.cde.ual.es\\\/en\\\/category\\\/eu-news\\\/institutional\\\/international-pol-coop\\\/\"},{\"@type\":\"ListItem\",\"position\":5,\"name\":\"Conference on the Future of Europe: feedback event to take place in Brussels\"}]},{\"@type\":\"WebSite\",\"@id\":\"https:\\\/\\\/www.cde.ual.es\\\/#website\",\"url\":\"https:\\\/\\\/www.cde.ual.es\\\/\",\"name\":\"CDE Almer\u00eda - Centro de Documentaci\u00f3n Europea - Universidad de Almer\u00eda\",\"description\":\"Centro de Documentaci\u00f3n Europea de la Universidad de Almer\u00eda\",\"publisher\":{\"@id\":\"https:\\\/\\\/www.cde.ual.es\\\/#organization\"},\"alternateName\":\"CDE Almer\u00eda\",\"potentialAction\":[{\"@type\":\"SearchAction\",\"target\":{\"@type\":\"EntryPoint\",\"urlTemplate\":\"https:\\\/\\\/www.cde.ual.es\\\/?s={search_term_string}\"},\"query-input\":{\"@type\":\"PropertyValueSpecification\",\"valueRequired\":true,\"valueName\":\"search_term_string\"}}],\"inLanguage\":\"en-US\"},{\"@type\":\"Organization\",\"@id\":\"https:\\\/\\\/www.cde.ual.es\\\/#organization\",\"name\":\"Centro de Documentaci\u00f3n Europea de Almer\u00eda\",\"url\":\"https:\\\/\\\/www.cde.ual.es\\\/\",\"logo\":{\"@type\":\"ImageObject\",\"inLanguage\":\"en-US\",\"@id\":\"https:\\\/\\\/www.cde.ual.es\\\/#\\\/schema\\\/logo\\\/image\\\/\",\"url\":\"https:\\\/\\\/www.cde.ual.es\\\/wp-content\\\/uploads\\\/2025\\\/07\\\/cde-logo-3.png\",\"contentUrl\":\"https:\\\/\\\/www.cde.ual.es\\\/wp-content\\\/uploads\\\/2025\\\/07\\\/cde-logo-3.png\",\"width\":1400,\"height\":300,\"caption\":\"Centro de Documentaci\u00f3n Europea de Almer\u00eda\"},\"image\":{\"@id\":\"https:\\\/\\\/www.cde.ual.es\\\/#\\\/schema\\\/logo\\\/image\\\/\"},\"sameAs\":[\"https:\\\/\\\/www.facebook.com\\\/cdeuniversidadalmeria\\\/\",\"https:\\\/\\\/x.com\\\/cdeualmeria\",\"https:\\\/\\\/www.tiktok.com\\\/@cdealmeria\",\"https:\\\/\\\/www.instagram.com\\\/cdealmeria\\\/\",\"https:\\\/\\\/www.linkedin.com\\\/in\\\/cde-almera-812b26a9\\\/\"]},{\"@type\":\"Person\",\"@id\":\"https:\\\/\\\/www.cde.ual.es\\\/#\\\/schema\\\/person\\\/ee46ebc19edfa19598c02cff83335acc\",\"name\":\"BECA 2 CDE\",\"image\":{\"@type\":\"ImageObject\",\"inLanguage\":\"en-US\",\"@id\":\"https:\\\/\\\/secure.gravatar.com\\\/avatar\\\/35a481bbc04bbd90e91bdfa3b0b5541036c222a49b9ad37b6889a2afcb5311a5?s=96&d=mm&r=g\",\"url\":\"https:\\\/\\\/secure.gravatar.com\\\/avatar\\\/35a481bbc04bbd90e91bdfa3b0b5541036c222a49b9ad37b6889a2afcb5311a5?s=96&d=mm&r=g\",\"contentUrl\":\"https:\\\/\\\/secure.gravatar.com\\\/avatar\\\/35a481bbc04bbd90e91bdfa3b0b5541036c222a49b9ad37b6889a2afcb5311a5?s=96&d=mm&r=g\",\"caption\":\"BECA 2 CDE\"},\"sameAs\":[\"http:\\\/\\\/www.cdealmeria.com\"]}]}<\/script>\n<!-- \/ Yoast SEO plugin. -->","yoast_head_json":{"title":"Conference on the Future of Europe: feedback event to take place in Brussels | CDE Almer\u00eda - Centro de Documentaci\u00f3n Europea - Universidad de Almer\u00eda","robots":{"index":"index","follow":"follow","max-snippet":"max-snippet:-1","max-image-preview":"max-image-preview:large","max-video-preview":"max-video-preview:-1"},"canonical":"https:\/\/www.cde.ual.es\/en\/conference-on-the-future-of-europe-feedback-event-to-take-place-in-brussels\/","og_locale":"en_US","og_type":"article","og_title":"Conference on the Future of Europe: feedback event to take place in Brussels | CDE Almer\u00eda - Centro de Documentaci\u00f3n Europea - Universidad de Almer\u00eda","og_description":"The European Parliament, Council and Commission organise today a feedback event as a follow-up to the Conference on the Future of Europe. The event will be an opportunity for the three institutions to explain how they are following up on the\u00a0proposals\u00a0stemming from the Conference and to exchange with those citizens who participated in the European [&hellip;]","og_url":"https:\/\/www.cde.ual.es\/en\/conference-on-the-future-of-europe-feedback-event-to-take-place-in-brussels\/","og_site_name":"CDE Almer\u00eda - Centro de Documentaci\u00f3n Europea - Universidad de Almer\u00eda","article_publisher":"https:\/\/www.facebook.com\/cdeuniversidadalmeria\/","article_published_time":"2022-12-02T08:23:14+00:00","og_image":[{"width":2560,"height":1706,"url":"https:\/\/www.cde.ual.es\/wp-content\/uploads\/2022\/12\/francois-genon-M5IuGintPvo-unsplash-1-scaled.jpg","type":"image\/jpeg"}],"author":"BECA 2 CDE","twitter_card":"summary_large_image","twitter_creator":"@cdeualmeria","twitter_site":"@cdeualmeria","twitter_misc":{"Written by":"BECA 2 CDE","Est. reading time":"3 minutes"},"schema":{"@context":"https:\/\/schema.org","@graph":[{"@type":"Article","@id":"https:\/\/www.cde.ual.es\/en\/conference-on-the-future-of-europe-feedback-event-to-take-place-in-brussels\/#article","isPartOf":{"@id":"https:\/\/www.cde.ual.es\/en\/conference-on-the-future-of-europe-feedback-event-to-take-place-in-brussels\/"},"author":{"name":"BECA 2 CDE","@id":"https:\/\/www.cde.ual.es\/#\/schema\/person\/ee46ebc19edfa19598c02cff83335acc"},"headline":"Conference on the Future of Europe: feedback event to take place in Brussels","datePublished":"2022-12-02T08:23:14+00:00","mainEntityOfPage":{"@id":"https:\/\/www.cde.ual.es\/en\/conference-on-the-future-of-europe-feedback-event-to-take-place-in-brussels\/"},"wordCount":566,"commentCount":0,"publisher":{"@id":"https:\/\/www.cde.ual.es\/#organization"},"image":{"@id":"https:\/\/www.cde.ual.es\/en\/conference-on-the-future-of-europe-feedback-event-to-take-place-in-brussels\/#primaryimage"},"thumbnailUrl":"https:\/\/www.cde.ual.es\/wp-content\/uploads\/2022\/12\/francois-genon-M5IuGintPvo-unsplash-1-scaled.jpg","keywords":["European Commission","European Council","European Parliament","Future of Europe"],"articleSection":["EU News","Institutional Affairs","International Politics and Cooperation"],"inLanguage":"en-US","potentialAction":[{"@type":"CommentAction","name":"Comment","target":["https:\/\/www.cde.ual.es\/en\/conference-on-the-future-of-europe-feedback-event-to-take-place-in-brussels\/#respond"]}]},{"@type":"WebPage","@id":"https:\/\/www.cde.ual.es\/en\/conference-on-the-future-of-europe-feedback-event-to-take-place-in-brussels\/","url":"https:\/\/www.cde.ual.es\/en\/conference-on-the-future-of-europe-feedback-event-to-take-place-in-brussels\/","name":"Conference on the Future of Europe: feedback event to take place in Brussels | CDE Almer\u00eda - Centro de Documentaci\u00f3n Europea - Universidad de Almer\u00eda","isPartOf":{"@id":"https:\/\/www.cde.ual.es\/#website"},"primaryImageOfPage":{"@id":"https:\/\/www.cde.ual.es\/en\/conference-on-the-future-of-europe-feedback-event-to-take-place-in-brussels\/#primaryimage"},"image":{"@id":"https:\/\/www.cde.ual.es\/en\/conference-on-the-future-of-europe-feedback-event-to-take-place-in-brussels\/#primaryimage"},"thumbnailUrl":"https:\/\/www.cde.ual.es\/wp-content\/uploads\/2022\/12\/francois-genon-M5IuGintPvo-unsplash-1-scaled.jpg","datePublished":"2022-12-02T08:23:14+00:00","breadcrumb":{"@id":"https:\/\/www.cde.ual.es\/en\/conference-on-the-future-of-europe-feedback-event-to-take-place-in-brussels\/#breadcrumb"},"inLanguage":"en-US","potentialAction":[{"@type":"ReadAction","target":["https:\/\/www.cde.ual.es\/en\/conference-on-the-future-of-europe-feedback-event-to-take-place-in-brussels\/"]}]},{"@type":"ImageObject","inLanguage":"en-US","@id":"https:\/\/www.cde.ual.es\/en\/conference-on-the-future-of-europe-feedback-event-to-take-place-in-brussels\/#primaryimage","url":"https:\/\/www.cde.ual.es\/wp-content\/uploads\/2022\/12\/francois-genon-M5IuGintPvo-unsplash-1-scaled.jpg","contentUrl":"https:\/\/www.cde.ual.es\/wp-content\/uploads\/2022\/12\/francois-genon-M5IuGintPvo-unsplash-1-scaled.jpg","width":2560,"height":1706,"caption":"banderas ue"},{"@type":"BreadcrumbList","@id":"https:\/\/www.cde.ual.es\/en\/conference-on-the-future-of-europe-feedback-event-to-take-place-in-brussels\/#breadcrumb","itemListElement":[{"@type":"ListItem","position":1,"name":"Inicio","item":"https:\/\/www.cde.ual.es\/en\/"},{"@type":"ListItem","position":2,"name":"EU News","item":"https:\/\/www.cde.ual.es\/en\/category\/eu-news\/"},{"@type":"ListItem","position":3,"name":"Institutional Affairs","item":"https:\/\/www.cde.ual.es\/en\/category\/eu-news\/institutional\/"},{"@type":"ListItem","position":4,"name":"International Politics and Cooperation","item":"https:\/\/www.cde.ual.es\/en\/category\/eu-news\/institutional\/international-pol-coop\/"},{"@type":"ListItem","position":5,"name":"Conference on the Future of Europe: feedback event to take place in Brussels"}]},{"@type":"WebSite","@id":"https:\/\/www.cde.ual.es\/#website","url":"https:\/\/www.cde.ual.es\/","name":"CDE Almer\u00eda - Centro de Documentaci\u00f3n Europea - Universidad de Almer\u00eda","description":"Centro de Documentaci\u00f3n Europea de la Universidad de Almer\u00eda","publisher":{"@id":"https:\/\/www.cde.ual.es\/#organization"},"alternateName":"CDE Almer\u00eda","potentialAction":[{"@type":"SearchAction","target":{"@type":"EntryPoint","urlTemplate":"https:\/\/www.cde.ual.es\/?s={search_term_string}"},"query-input":{"@type":"PropertyValueSpecification","valueRequired":true,"valueName":"search_term_string"}}],"inLanguage":"en-US"},{"@type":"Organization","@id":"https:\/\/www.cde.ual.es\/#organization","name":"Centro de Documentaci\u00f3n Europea de Almer\u00eda","url":"https:\/\/www.cde.ual.es\/","logo":{"@type":"ImageObject","inLanguage":"en-US","@id":"https:\/\/www.cde.ual.es\/#\/schema\/logo\/image\/","url":"https:\/\/www.cde.ual.es\/wp-content\/uploads\/2025\/07\/cde-logo-3.png","contentUrl":"https:\/\/www.cde.ual.es\/wp-content\/uploads\/2025\/07\/cde-logo-3.png","width":1400,"height":300,"caption":"Centro de Documentaci\u00f3n Europea de Almer\u00eda"},"image":{"@id":"https:\/\/www.cde.ual.es\/#\/schema\/logo\/image\/"},"sameAs":["https:\/\/www.facebook.com\/cdeuniversidadalmeria\/","https:\/\/x.com\/cdeualmeria","https:\/\/www.tiktok.com\/@cdealmeria","https:\/\/www.instagram.com\/cdealmeria\/","https:\/\/www.linkedin.com\/in\/cde-almera-812b26a9\/"]},{"@type":"Person","@id":"https:\/\/www.cde.ual.es\/#\/schema\/person\/ee46ebc19edfa19598c02cff83335acc","name":"BECA 2 CDE","image":{"@type":"ImageObject","inLanguage":"en-US","@id":"https:\/\/secure.gravatar.com\/avatar\/35a481bbc04bbd90e91bdfa3b0b5541036c222a49b9ad37b6889a2afcb5311a5?s=96&d=mm&r=g","url":"https:\/\/secure.gravatar.com\/avatar\/35a481bbc04bbd90e91bdfa3b0b5541036c222a49b9ad37b6889a2afcb5311a5?s=96&d=mm&r=g","contentUrl":"https:\/\/secure.gravatar.com\/avatar\/35a481bbc04bbd90e91bdfa3b0b5541036c222a49b9ad37b6889a2afcb5311a5?s=96&d=mm&r=g","caption":"BECA 2 CDE"},"sameAs":["http:\/\/www.cdealmeria.com"]}]}},"_links":{"self":[{"href":"https:\/\/www.cde.ual.es\/en\/wp-json\/wp\/v2\/posts\/125349","targetHints":{"allow":["GET"]}}],"collection":[{"href":"https:\/\/www.cde.ual.es\/en\/wp-json\/wp\/v2\/posts"}],"about":[{"href":"https:\/\/www.cde.ual.es\/en\/wp-json\/wp\/v2\/types\/post"}],"author":[{"embeddable":true,"href":"https:\/\/www.cde.ual.es\/en\/wp-json\/wp\/v2\/users\/101011"}],"replies":[{"embeddable":true,"href":"https:\/\/www.cde.ual.es\/en\/wp-json\/wp\/v2\/comments?post=125349"}],"version-history":[{"count":1,"href":"https:\/\/www.cde.ual.es\/en\/wp-json\/wp\/v2\/posts\/125349\/revisions"}],"predecessor-version":[{"id":125350,"href":"https:\/\/www.cde.ual.es\/en\/wp-json\/wp\/v2\/posts\/125349\/revisions\/125350"}],"wp:featuredmedia":[{"embeddable":true,"href":"https:\/\/www.cde.ual.es\/en\/wp-json\/wp\/v2\/media\/125347"}],"wp:attachment":[{"href":"https:\/\/www.cde.ual.es\/en\/wp-json\/wp\/v2\/media?parent=125349"}],"wp:term":[{"taxonomy":"category","embeddable":true,"href":"https:\/\/www.cde.ual.es\/en\/wp-json\/wp\/v2\/categories?post=125349"},{"taxonomy":"post_tag","embeddable":true,"href":"https:\/\/www.cde.ual.es\/en\/wp-json\/wp\/v2\/tags?post=125349"}],"curies":[{"name":"wp","href":"https:\/\/api.w.org\/{rel}","templated":true}]}}