{"id":124677,"date":"2022-11-29T10:51:24","date_gmt":"2022-11-29T09:51:24","guid":{"rendered":"https:\/\/www.cde.ual.es\/?p=124677"},"modified":"2022-11-29T10:51:24","modified_gmt":"2022-11-29T09:51:24","slug":"european-parliament-cost-of-living-crisis-requires-targeted-support-and-reforms","status":"publish","type":"post","link":"https:\/\/www.cde.ual.es\/en\/european-parliament-cost-of-living-crisis-requires-targeted-support-and-reforms\/","title":{"rendered":"European Parliament: cost-of-living crisis requires targeted support and reforms"},"content":{"rendered":"<div class=\"ep_gridcolumn ep-m_product\" data-view1200=\"8\" data-view1020=\"8\" data-view750=\"10\" data-view640=\"6\" data-view480=\"8\" data-view320=\"4\">\n<div class=\"ep_gridcolumn-content\">\n<div class=\"ep-a_text ep-layout_chapo\">\n<p><a href=\"https:\/\/www.cde.ual.es\/wp-content\/uploads\/2022\/11\/20221124PHT57215_original.jpg\"><img decoding=\"async\" class=\"wp-image-124668 aligncenter\" src=\"https:\/\/www.cde.ual.es\/wp-content\/uploads\/2022\/11\/20221124PHT57215_original.jpg\" alt=\"Alguien hace cuentas con la calculadora del m\u00f3vil\" width=\"500\" height=\"333\" srcset=\"https:\/\/www.cde.ual.es\/wp-content\/uploads\/2022\/11\/20221124PHT57215_original.jpg 1800w, https:\/\/www.cde.ual.es\/wp-content\/uploads\/2022\/11\/20221124PHT57215_original-300x200.jpg 300w, https:\/\/www.cde.ual.es\/wp-content\/uploads\/2022\/11\/20221124PHT57215_original-1024x683.jpg 1024w, https:\/\/www.cde.ual.es\/wp-content\/uploads\/2022\/11\/20221124PHT57215_original-768x512.jpg 768w, https:\/\/www.cde.ual.es\/wp-content\/uploads\/2022\/11\/20221124PHT57215_original-1536x1024.jpg 1536w\" sizes=\"(max-width: 500px) 100vw, 500px\" \/><\/a><\/p>\n<p class=\"ep-wysiwig_paragraph\" style=\"text-align: justify;\"><a href=\"https:\/\/www.europarl.europa.eu\/meps\/en\/197663\/DRAGOS_PISLARU\/home\" target=\"_blank\" rel=\"noopener\">Drago\u0219 P\u00eeslaru<\/a>, a Renew Europe member from Romania and chair of Parliament\u2019s employment and social affairs committee, and\u00a0<a href=\"https:\/\/www.europarl.europa.eu\/meps\/en\/124701\/LUDEK_NIEDERMAYER\/home\" target=\"_blank\" rel=\"noopener\">Lud\u011bk Niedermayer<\/a>, a Czech EPP member and vice-chair of the economic and monetary affairs committee, spoke live on social media on 23 November about solutions to the cost of living crisis gripping most of Europe.<\/p>\n<h3 class=\"ep-wysiwig_heading-2\" style=\"text-align: justify;\">Finding the right approach to inflation<\/h3>\n<p class=\"ep-wysiwig_paragraph\" style=\"text-align: justify;\">Niedermayer said inflation is the main problem, calling it \u201cevil\u201d as it eats away at real income and reduces demand. \u201cWe will probably see a little bit of economic decline, but, unfortunately, this decline is almost inevitable if we want to get inflation under control.\u201d<\/p>\n<p class=\"ep-wysiwig_paragraph\" style=\"text-align: justify;\">Noting that inflation rates vary between 5% and 20% in EU countries, Niedermayer said the differences were due to the strength of national economies following the pandemic and the different approaches to tackling inflation.<\/p>\n<p class=\"ep-wysiwig_paragraph\" style=\"text-align: justify;\">Some governments have decided to cut energy taxes, which in Niedermayer\u2019s view is the right approach, while others have introduced temporary caps on energy or food prices, which in his opinion still risks stoking inflation once the cap is lifted.<\/p>\n<p class=\"ep-wysiwig_paragraph\" style=\"text-align: justify;\">He said that the different approaches make it very difficult for the European Central Bank, which manages monetary policy in the eurozone, to react appropriately. \u201cBut now we can see that monetary policy should have been tighter,\u201d Niedermayer added.<\/p>\n<p class=\"ep-wysiwig_paragraph\" style=\"text-align: justify;\">\u201cThe work of the central bank is very delicate &#8211; it&#8217;s not about getting from very high inflation to even negative inflation, it&#8217;s about landing in the zone of low inflation\u201d. The Czech MEP said the fiscal policy of governments and the monetary policy of the European Central Bank should go hand in hand with efforts to reduce inflation.<\/p>\n<p class=\"ep-wysiwig_paragraph\" style=\"text-align: justify;\">While he is in favour of targeted support for businesses and households, Niedermayer warned against \u201cvery broad supportive measures that are expensive, and have potential to create inflation\u201d.<\/p>\n<\/div>\n<\/div>\n<\/div>\n<div class=\"ep_gridcolumn ep-m_product\" data-view1200=\"8\" data-view1020=\"8\" data-view750=\"10\" data-view640=\"6\" data-view480=\"8\" data-view320=\"4\">\n<div class=\"ep_gridcolumn-content\">\n<div class=\"ep-a_text\">\n<table style=\"width: 99.9988%; border-collapse: collapse; border-style: double; border-color: #001f7d;\" cellpadding=\"0,5\">\n<tbody>\n<tr>\n<td style=\"width: 100%;\"><a href=\"https:\/\/www.cde.ual.es\/en\/commission-proposes-a-new-eu-instrument-to-limit-excessive-gas-price-spikes\/\" target=\"_blank\" rel=\"noopener\"><img decoding=\"async\" class=\"alignleft\" src=\"https:\/\/www.cde.ual.es\/wp-content\/uploads\/2022\/11\/fogon-gas-cocina--scaled.jpg\" alt=\"\" width=\"201\" height=\"134\" \/><\/a><\/p>\n<h4 class=\"entry-title\"><a href=\"https:\/\/www.cde.ual.es\/en\/commission-proposes-a-new-eu-instrument-to-limit-excessive-gas-price-spikes\/\" target=\"_blank\" rel=\"noopener\">Commission proposes a new EU instrument to limit excessive gas price spikes<br \/>\n<\/a><\/h4>\n<p>&nbsp;<\/td>\n<\/tr>\n<\/tbody>\n<\/table>\n<h3 class=\"ep-wysiwig_heading-2\">Support the vulnerable and press on with reforms<\/h3>\n<p class=\"ep-wysiwig_paragraph\" style=\"text-align: justify;\">\u201cFor the vulnerable, the choice would be, or it already is, between paying the bills or ensuring a proper meal for their children,\u201d P\u00eeslaru said. He added that middle-class people are also able to spend less. \u201cThis is indeed an important social crisis.\u201d<\/p>\n<p class=\"ep-wysiwig_paragraph\" style=\"text-align: justify;\">The chair of the social affairs committee called for \u201can active labour market policy &#8211; to make sure that people are not losing their jobs [&#8230;] and that we can help people with upskilling and re-skilling\u201d.<\/p>\n<p class=\"ep-wysiwig_paragraph\" style=\"text-align: justify;\">He said small businesses should be offered programmes similar to\u00a0<a href=\"https:\/\/www.europarl.europa.eu\/news\/en\/headlines\/priorities\/social\/20200416STO77205\/covid-19-s-economic-impact-EU100-billion-to-keep-people-in-jobs\" target=\"_blank\" rel=\"noopener\">those developed during the Covid-19 pandemic<\/a>, to keep employees recruited even in the case of temporary closedowns.<\/p>\n<p class=\"ep-wysiwig_paragraph\" style=\"text-align: justify;\">European funds and initiatives can help cushion the effects of the crisis, P\u00eeslaru said, giving the example of the\u00a0<a href=\"https:\/\/www.europarl.europa.eu\/news\/en\/press-room\/20221107IPR49607\/meps-vote-to-include-energy-measures-in-national-recovery-plans\" target=\"_blank\" rel=\"noopener\">REPowerEU plan<\/a>\u00a0that aims to reduce EU dependence on Russian fossil fuels by investing in clean energy and diversifying supply.<\/p>\n<p class=\"ep-wysiwig_paragraph\" style=\"text-align: justify;\">\u201cThis would mean that we will be able to do two things at the same time: on one hand, to push the green transition, and at the same time, to make our citizens less dependent on volatility in the energy market,\u201d he said.<\/p>\n<p class=\"ep-wysiwig_paragraph\" style=\"text-align: justify;\">P\u00eeslaru noted that the\u00a0<a href=\"https:\/\/www.europarl.europa.eu\/news\/en\/headlines\/priorities\/covid-19-recovery\/20220610STO32721\/recovery-plans-meps-push-for-wise-use-of-money-democratic-oversight\" target=\"_blank\" rel=\"noopener\">EU post-pandemic recovery plan<\/a> focuses on providing support for national reforms and investments. \u201cThe recovery and resilience plans are now starting to kick in, REPowerEU is directly targeting citizens and then you have other measures about investing in energy supply, reducing demand. This will be the way Europe is reacting.\u201d<\/p>\n<p class=\"ep-wysiwig_paragraph\" style=\"text-align: justify;\">\u201cEU policy shouldn&#8217;t be about spreading helicopter money and populist promises or nationalist [ideas&#8230;] This is about relying on the citizens&#8217; capacity to act together and emerge stronger out of each crisis. These longer-term solutions, the reforms and investments that we are putting forward, are going to take us out of the inflation crisis,\u201d he concluded.<\/p>\n<p><strong>Source: <a href=\"https:\/\/www.europarl.europa.eu\/news\/es\/headlines\/society\/20221117STO55301\/crisis-del-coste-de-la-vida-se-necesitan-ayudas-especificas-y-reformas\" target=\"_blank\" rel=\"noopener\">European Parliament<\/a><\/strong><\/p>\n<\/div>\n<\/div>\n<\/div>\n","protected":false},"excerpt":{"rendered":"<p>Drago\u0219 P\u00eeslaru, a Renew Europe member from Romania and chair of Parliament\u2019s employment and social affairs committee, and\u00a0Lud\u011bk Niedermayer, a Czech EPP member and vice-chair of the economic and monetary affairs committee, spoke live on social media on 23 November about solutions to the cost of living crisis gripping most of Europe. Finding the right [&hellip;]<\/p>\n","protected":false},"author":101011,"featured_media":124669,"comment_status":"open","ping_status":"open","sticky":false,"template":"","format":"standard","meta":{"_acf_changed":false,"_relevanssi_hide_post":"","_relevanssi_hide_content":"","_relevanssi_pin_for_all":"","_relevanssi_pin_keywords":"","_relevanssi_unpin_keywords":"","_relevanssi_related_keywords":"","_relevanssi_related_include_ids":"","_relevanssi_related_exclude_ids":"","_relevanssi_related_no_append":"","_relevanssi_related_not_related":"","_relevanssi_related_posts":"","_relevanssi_noindex_reason":"","_monsterinsights_skip_tracking":false,"_monsterinsights_sitenote_active":false,"_monsterinsights_sitenote_note":"","_monsterinsights_sitenote_category":0,"_genesis_hide_title":false,"_genesis_hide_breadcrumbs":false,"_genesis_hide_singular_image":false,"_genesis_hide_footer_widgets":false,"_genesis_custom_body_class":"","_genesis_custom_post_class":"","_genesis_layout":"","footnotes":""},"categories":[4090,346,4088],"tags":[7825,831,2032],"class_list":{"0":"post-124677","1":"post","2":"type-post","3":"status-publish","4":"format-standard","5":"has-post-thumbnail","7":"category-economy-finance","8":"category-eu-news","9":"category-market","10":"tag-cost-of-living","11":"tag-inflation","12":"tag-support","13":"entry"},"acf":[],"yoast_head":"<!-- This site is optimized with the Yoast SEO plugin v27.4 - https:\/\/yoast.com\/product\/yoast-seo-wordpress\/ -->\n<title>European Parliament: cost-of-living crisis requires targeted support and reforms | CDE Almer\u00eda - Centro de Documentaci\u00f3n Europea - Universidad de Almer\u00eda<\/title>\n<meta name=\"robots\" content=\"index, follow, max-snippet:-1, max-image-preview:large, max-video-preview:-1\" \/>\n<link rel=\"canonical\" href=\"https:\/\/www.cde.ual.es\/en\/european-parliament-cost-of-living-crisis-requires-targeted-support-and-reforms\/\" \/>\n<meta property=\"og:locale\" content=\"en_US\" \/>\n<meta property=\"og:type\" content=\"article\" \/>\n<meta property=\"og:title\" content=\"European Parliament: cost-of-living crisis requires targeted support and reforms | CDE Almer\u00eda - Centro de Documentaci\u00f3n Europea - Universidad de Almer\u00eda\" \/>\n<meta property=\"og:description\" content=\"Drago\u0219 P\u00eeslaru, a Renew Europe member from Romania and chair of Parliament\u2019s employment and social affairs committee, and\u00a0Lud\u011bk Niedermayer, a Czech EPP member and vice-chair of the economic and monetary affairs committee, spoke live on social media on 23 November about solutions to the cost of living crisis gripping most of Europe. Finding the right [&hellip;]\" \/>\n<meta property=\"og:url\" content=\"https:\/\/www.cde.ual.es\/en\/european-parliament-cost-of-living-crisis-requires-targeted-support-and-reforms\/\" \/>\n<meta property=\"og:site_name\" content=\"CDE Almer\u00eda - Centro de Documentaci\u00f3n Europea - Universidad de Almer\u00eda\" \/>\n<meta property=\"article:publisher\" content=\"https:\/\/www.facebook.com\/cdeuniversidadalmeria\/\" \/>\n<meta property=\"article:published_time\" content=\"2022-11-29T09:51:24+00:00\" \/>\n<meta property=\"og:image\" content=\"https:\/\/www.cde.ual.es\/wp-content\/uploads\/2022\/11\/20221124PHT57215_original.jpg\" \/>\n\t<meta property=\"og:image:width\" content=\"1800\" \/>\n\t<meta property=\"og:image:height\" content=\"1200\" \/>\n\t<meta property=\"og:image:type\" content=\"image\/jpeg\" \/>\n<meta name=\"author\" content=\"BECA 2 CDE\" \/>\n<meta name=\"twitter:card\" content=\"summary_large_image\" \/>\n<meta name=\"twitter:creator\" content=\"@cdeualmeria\" \/>\n<meta name=\"twitter:site\" content=\"@cdeualmeria\" \/>\n<meta name=\"twitter:label1\" content=\"Written by\" \/>\n\t<meta name=\"twitter:data1\" content=\"BECA 2 CDE\" \/>\n\t<meta name=\"twitter:label2\" content=\"Est. reading time\" \/>\n\t<meta name=\"twitter:data2\" content=\"4 minutes\" \/>\n<script type=\"application\/ld+json\" class=\"yoast-schema-graph\">{\"@context\":\"https:\\\/\\\/schema.org\",\"@graph\":[{\"@type\":\"Article\",\"@id\":\"https:\\\/\\\/www.cde.ual.es\\\/en\\\/european-parliament-cost-of-living-crisis-requires-targeted-support-and-reforms\\\/#article\",\"isPartOf\":{\"@id\":\"https:\\\/\\\/www.cde.ual.es\\\/en\\\/european-parliament-cost-of-living-crisis-requires-targeted-support-and-reforms\\\/\"},\"author\":{\"name\":\"BECA 2 CDE\",\"@id\":\"https:\\\/\\\/www.cde.ual.es\\\/#\\\/schema\\\/person\\\/ee46ebc19edfa19598c02cff83335acc\"},\"headline\":\"European Parliament: cost-of-living crisis requires targeted support and reforms\",\"datePublished\":\"2022-11-29T09:51:24+00:00\",\"mainEntityOfPage\":{\"@id\":\"https:\\\/\\\/www.cde.ual.es\\\/en\\\/european-parliament-cost-of-living-crisis-requires-targeted-support-and-reforms\\\/\"},\"wordCount\":641,\"commentCount\":0,\"publisher\":{\"@id\":\"https:\\\/\\\/www.cde.ual.es\\\/#organization\"},\"image\":{\"@id\":\"https:\\\/\\\/www.cde.ual.es\\\/en\\\/european-parliament-cost-of-living-crisis-requires-targeted-support-and-reforms\\\/#primaryimage\"},\"thumbnailUrl\":\"https:\\\/\\\/www.cde.ual.es\\\/wp-content\\\/uploads\\\/2022\\\/11\\\/20221124PHT57215_original.jpg\",\"keywords\":[\"cost of living\",\"inflation\",\"support\"],\"articleSection\":[\"Economy and Finance\",\"EU News\",\"Market\"],\"inLanguage\":\"en-US\",\"potentialAction\":[{\"@type\":\"CommentAction\",\"name\":\"Comment\",\"target\":[\"https:\\\/\\\/www.cde.ual.es\\\/en\\\/european-parliament-cost-of-living-crisis-requires-targeted-support-and-reforms\\\/#respond\"]}]},{\"@type\":\"WebPage\",\"@id\":\"https:\\\/\\\/www.cde.ual.es\\\/en\\\/european-parliament-cost-of-living-crisis-requires-targeted-support-and-reforms\\\/\",\"url\":\"https:\\\/\\\/www.cde.ual.es\\\/en\\\/european-parliament-cost-of-living-crisis-requires-targeted-support-and-reforms\\\/\",\"name\":\"European Parliament: cost-of-living crisis requires targeted support and reforms | CDE Almer\u00eda - Centro de Documentaci\u00f3n Europea - Universidad de Almer\u00eda\",\"isPartOf\":{\"@id\":\"https:\\\/\\\/www.cde.ual.es\\\/#website\"},\"primaryImageOfPage\":{\"@id\":\"https:\\\/\\\/www.cde.ual.es\\\/en\\\/european-parliament-cost-of-living-crisis-requires-targeted-support-and-reforms\\\/#primaryimage\"},\"image\":{\"@id\":\"https:\\\/\\\/www.cde.ual.es\\\/en\\\/european-parliament-cost-of-living-crisis-requires-targeted-support-and-reforms\\\/#primaryimage\"},\"thumbnailUrl\":\"https:\\\/\\\/www.cde.ual.es\\\/wp-content\\\/uploads\\\/2022\\\/11\\\/20221124PHT57215_original.jpg\",\"datePublished\":\"2022-11-29T09:51:24+00:00\",\"breadcrumb\":{\"@id\":\"https:\\\/\\\/www.cde.ual.es\\\/en\\\/european-parliament-cost-of-living-crisis-requires-targeted-support-and-reforms\\\/#breadcrumb\"},\"inLanguage\":\"en-US\",\"potentialAction\":[{\"@type\":\"ReadAction\",\"target\":[\"https:\\\/\\\/www.cde.ual.es\\\/en\\\/european-parliament-cost-of-living-crisis-requires-targeted-support-and-reforms\\\/\"]}]},{\"@type\":\"ImageObject\",\"inLanguage\":\"en-US\",\"@id\":\"https:\\\/\\\/www.cde.ual.es\\\/en\\\/european-parliament-cost-of-living-crisis-requires-targeted-support-and-reforms\\\/#primaryimage\",\"url\":\"https:\\\/\\\/www.cde.ual.es\\\/wp-content\\\/uploads\\\/2022\\\/11\\\/20221124PHT57215_original.jpg\",\"contentUrl\":\"https:\\\/\\\/www.cde.ual.es\\\/wp-content\\\/uploads\\\/2022\\\/11\\\/20221124PHT57215_original.jpg\",\"width\":1800,\"height\":1200,\"caption\":\"A person calculating the cost of living with a phone calculator and a desk full of bills and till receipts.\"},{\"@type\":\"BreadcrumbList\",\"@id\":\"https:\\\/\\\/www.cde.ual.es\\\/en\\\/european-parliament-cost-of-living-crisis-requires-targeted-support-and-reforms\\\/#breadcrumb\",\"itemListElement\":[{\"@type\":\"ListItem\",\"position\":1,\"name\":\"Inicio\",\"item\":\"https:\\\/\\\/www.cde.ual.es\\\/en\\\/\"},{\"@type\":\"ListItem\",\"position\":2,\"name\":\"EU News\",\"item\":\"https:\\\/\\\/www.cde.ual.es\\\/en\\\/category\\\/eu-news\\\/\"},{\"@type\":\"ListItem\",\"position\":3,\"name\":\"Market\",\"item\":\"https:\\\/\\\/www.cde.ual.es\\\/en\\\/category\\\/eu-news\\\/market\\\/\"},{\"@type\":\"ListItem\",\"position\":4,\"name\":\"Economy and Finance\",\"item\":\"https:\\\/\\\/www.cde.ual.es\\\/en\\\/category\\\/eu-news\\\/market\\\/economy-finance\\\/\"},{\"@type\":\"ListItem\",\"position\":5,\"name\":\"European Parliament: cost-of-living crisis requires targeted support and reforms\"}]},{\"@type\":\"WebSite\",\"@id\":\"https:\\\/\\\/www.cde.ual.es\\\/#website\",\"url\":\"https:\\\/\\\/www.cde.ual.es\\\/\",\"name\":\"CDE Almer\u00eda - Centro de Documentaci\u00f3n Europea - Universidad de Almer\u00eda\",\"description\":\"Centro de Documentaci\u00f3n Europea de la Universidad de Almer\u00eda\",\"publisher\":{\"@id\":\"https:\\\/\\\/www.cde.ual.es\\\/#organization\"},\"alternateName\":\"CDE Almer\u00eda\",\"potentialAction\":[{\"@type\":\"SearchAction\",\"target\":{\"@type\":\"EntryPoint\",\"urlTemplate\":\"https:\\\/\\\/www.cde.ual.es\\\/?s={search_term_string}\"},\"query-input\":{\"@type\":\"PropertyValueSpecification\",\"valueRequired\":true,\"valueName\":\"search_term_string\"}}],\"inLanguage\":\"en-US\"},{\"@type\":\"Organization\",\"@id\":\"https:\\\/\\\/www.cde.ual.es\\\/#organization\",\"name\":\"Centro de Documentaci\u00f3n Europea de Almer\u00eda\",\"url\":\"https:\\\/\\\/www.cde.ual.es\\\/\",\"logo\":{\"@type\":\"ImageObject\",\"inLanguage\":\"en-US\",\"@id\":\"https:\\\/\\\/www.cde.ual.es\\\/#\\\/schema\\\/logo\\\/image\\\/\",\"url\":\"https:\\\/\\\/www.cde.ual.es\\\/wp-content\\\/uploads\\\/2025\\\/07\\\/cde-logo-3.png\",\"contentUrl\":\"https:\\\/\\\/www.cde.ual.es\\\/wp-content\\\/uploads\\\/2025\\\/07\\\/cde-logo-3.png\",\"width\":1400,\"height\":300,\"caption\":\"Centro de Documentaci\u00f3n Europea de Almer\u00eda\"},\"image\":{\"@id\":\"https:\\\/\\\/www.cde.ual.es\\\/#\\\/schema\\\/logo\\\/image\\\/\"},\"sameAs\":[\"https:\\\/\\\/www.facebook.com\\\/cdeuniversidadalmeria\\\/\",\"https:\\\/\\\/x.com\\\/cdeualmeria\",\"https:\\\/\\\/www.tiktok.com\\\/@cdealmeria\",\"https:\\\/\\\/www.instagram.com\\\/cdealmeria\\\/\",\"https:\\\/\\\/www.linkedin.com\\\/in\\\/cde-almera-812b26a9\\\/\"]},{\"@type\":\"Person\",\"@id\":\"https:\\\/\\\/www.cde.ual.es\\\/#\\\/schema\\\/person\\\/ee46ebc19edfa19598c02cff83335acc\",\"name\":\"BECA 2 CDE\",\"image\":{\"@type\":\"ImageObject\",\"inLanguage\":\"en-US\",\"@id\":\"https:\\\/\\\/secure.gravatar.com\\\/avatar\\\/35a481bbc04bbd90e91bdfa3b0b5541036c222a49b9ad37b6889a2afcb5311a5?s=96&d=mm&r=g\",\"url\":\"https:\\\/\\\/secure.gravatar.com\\\/avatar\\\/35a481bbc04bbd90e91bdfa3b0b5541036c222a49b9ad37b6889a2afcb5311a5?s=96&d=mm&r=g\",\"contentUrl\":\"https:\\\/\\\/secure.gravatar.com\\\/avatar\\\/35a481bbc04bbd90e91bdfa3b0b5541036c222a49b9ad37b6889a2afcb5311a5?s=96&d=mm&r=g\",\"caption\":\"BECA 2 CDE\"},\"sameAs\":[\"http:\\\/\\\/www.cdealmeria.com\"]}]}<\/script>\n<!-- \/ Yoast SEO plugin. -->","yoast_head_json":{"title":"European Parliament: cost-of-living crisis requires targeted support and reforms | CDE Almer\u00eda - Centro de Documentaci\u00f3n Europea - Universidad de Almer\u00eda","robots":{"index":"index","follow":"follow","max-snippet":"max-snippet:-1","max-image-preview":"max-image-preview:large","max-video-preview":"max-video-preview:-1"},"canonical":"https:\/\/www.cde.ual.es\/en\/european-parliament-cost-of-living-crisis-requires-targeted-support-and-reforms\/","og_locale":"en_US","og_type":"article","og_title":"European Parliament: cost-of-living crisis requires targeted support and reforms | CDE Almer\u00eda - Centro de Documentaci\u00f3n Europea - Universidad de Almer\u00eda","og_description":"Drago\u0219 P\u00eeslaru, a Renew Europe member from Romania and chair of Parliament\u2019s employment and social affairs committee, and\u00a0Lud\u011bk Niedermayer, a Czech EPP member and vice-chair of the economic and monetary affairs committee, spoke live on social media on 23 November about solutions to the cost of living crisis gripping most of Europe. Finding the right [&hellip;]","og_url":"https:\/\/www.cde.ual.es\/en\/european-parliament-cost-of-living-crisis-requires-targeted-support-and-reforms\/","og_site_name":"CDE Almer\u00eda - Centro de Documentaci\u00f3n Europea - Universidad de Almer\u00eda","article_publisher":"https:\/\/www.facebook.com\/cdeuniversidadalmeria\/","article_published_time":"2022-11-29T09:51:24+00:00","og_image":[{"width":1800,"height":1200,"url":"https:\/\/www.cde.ual.es\/wp-content\/uploads\/2022\/11\/20221124PHT57215_original.jpg","type":"image\/jpeg"}],"author":"BECA 2 CDE","twitter_card":"summary_large_image","twitter_creator":"@cdeualmeria","twitter_site":"@cdeualmeria","twitter_misc":{"Written by":"BECA 2 CDE","Est. reading time":"4 minutes"},"schema":{"@context":"https:\/\/schema.org","@graph":[{"@type":"Article","@id":"https:\/\/www.cde.ual.es\/en\/european-parliament-cost-of-living-crisis-requires-targeted-support-and-reforms\/#article","isPartOf":{"@id":"https:\/\/www.cde.ual.es\/en\/european-parliament-cost-of-living-crisis-requires-targeted-support-and-reforms\/"},"author":{"name":"BECA 2 CDE","@id":"https:\/\/www.cde.ual.es\/#\/schema\/person\/ee46ebc19edfa19598c02cff83335acc"},"headline":"European Parliament: cost-of-living crisis requires targeted support and reforms","datePublished":"2022-11-29T09:51:24+00:00","mainEntityOfPage":{"@id":"https:\/\/www.cde.ual.es\/en\/european-parliament-cost-of-living-crisis-requires-targeted-support-and-reforms\/"},"wordCount":641,"commentCount":0,"publisher":{"@id":"https:\/\/www.cde.ual.es\/#organization"},"image":{"@id":"https:\/\/www.cde.ual.es\/en\/european-parliament-cost-of-living-crisis-requires-targeted-support-and-reforms\/#primaryimage"},"thumbnailUrl":"https:\/\/www.cde.ual.es\/wp-content\/uploads\/2022\/11\/20221124PHT57215_original.jpg","keywords":["cost of living","inflation","support"],"articleSection":["Economy and Finance","EU News","Market"],"inLanguage":"en-US","potentialAction":[{"@type":"CommentAction","name":"Comment","target":["https:\/\/www.cde.ual.es\/en\/european-parliament-cost-of-living-crisis-requires-targeted-support-and-reforms\/#respond"]}]},{"@type":"WebPage","@id":"https:\/\/www.cde.ual.es\/en\/european-parliament-cost-of-living-crisis-requires-targeted-support-and-reforms\/","url":"https:\/\/www.cde.ual.es\/en\/european-parliament-cost-of-living-crisis-requires-targeted-support-and-reforms\/","name":"European Parliament: cost-of-living crisis requires targeted support and reforms | CDE Almer\u00eda - Centro de Documentaci\u00f3n Europea - Universidad de Almer\u00eda","isPartOf":{"@id":"https:\/\/www.cde.ual.es\/#website"},"primaryImageOfPage":{"@id":"https:\/\/www.cde.ual.es\/en\/european-parliament-cost-of-living-crisis-requires-targeted-support-and-reforms\/#primaryimage"},"image":{"@id":"https:\/\/www.cde.ual.es\/en\/european-parliament-cost-of-living-crisis-requires-targeted-support-and-reforms\/#primaryimage"},"thumbnailUrl":"https:\/\/www.cde.ual.es\/wp-content\/uploads\/2022\/11\/20221124PHT57215_original.jpg","datePublished":"2022-11-29T09:51:24+00:00","breadcrumb":{"@id":"https:\/\/www.cde.ual.es\/en\/european-parliament-cost-of-living-crisis-requires-targeted-support-and-reforms\/#breadcrumb"},"inLanguage":"en-US","potentialAction":[{"@type":"ReadAction","target":["https:\/\/www.cde.ual.es\/en\/european-parliament-cost-of-living-crisis-requires-targeted-support-and-reforms\/"]}]},{"@type":"ImageObject","inLanguage":"en-US","@id":"https:\/\/www.cde.ual.es\/en\/european-parliament-cost-of-living-crisis-requires-targeted-support-and-reforms\/#primaryimage","url":"https:\/\/www.cde.ual.es\/wp-content\/uploads\/2022\/11\/20221124PHT57215_original.jpg","contentUrl":"https:\/\/www.cde.ual.es\/wp-content\/uploads\/2022\/11\/20221124PHT57215_original.jpg","width":1800,"height":1200,"caption":"A person calculating the cost of living with a phone calculator and a desk full of bills and till receipts."},{"@type":"BreadcrumbList","@id":"https:\/\/www.cde.ual.es\/en\/european-parliament-cost-of-living-crisis-requires-targeted-support-and-reforms\/#breadcrumb","itemListElement":[{"@type":"ListItem","position":1,"name":"Inicio","item":"https:\/\/www.cde.ual.es\/en\/"},{"@type":"ListItem","position":2,"name":"EU News","item":"https:\/\/www.cde.ual.es\/en\/category\/eu-news\/"},{"@type":"ListItem","position":3,"name":"Market","item":"https:\/\/www.cde.ual.es\/en\/category\/eu-news\/market\/"},{"@type":"ListItem","position":4,"name":"Economy and Finance","item":"https:\/\/www.cde.ual.es\/en\/category\/eu-news\/market\/economy-finance\/"},{"@type":"ListItem","position":5,"name":"European Parliament: cost-of-living crisis requires targeted support and reforms"}]},{"@type":"WebSite","@id":"https:\/\/www.cde.ual.es\/#website","url":"https:\/\/www.cde.ual.es\/","name":"CDE Almer\u00eda - Centro de Documentaci\u00f3n Europea - Universidad de Almer\u00eda","description":"Centro de Documentaci\u00f3n Europea de la Universidad de Almer\u00eda","publisher":{"@id":"https:\/\/www.cde.ual.es\/#organization"},"alternateName":"CDE Almer\u00eda","potentialAction":[{"@type":"SearchAction","target":{"@type":"EntryPoint","urlTemplate":"https:\/\/www.cde.ual.es\/?s={search_term_string}"},"query-input":{"@type":"PropertyValueSpecification","valueRequired":true,"valueName":"search_term_string"}}],"inLanguage":"en-US"},{"@type":"Organization","@id":"https:\/\/www.cde.ual.es\/#organization","name":"Centro de Documentaci\u00f3n Europea de Almer\u00eda","url":"https:\/\/www.cde.ual.es\/","logo":{"@type":"ImageObject","inLanguage":"en-US","@id":"https:\/\/www.cde.ual.es\/#\/schema\/logo\/image\/","url":"https:\/\/www.cde.ual.es\/wp-content\/uploads\/2025\/07\/cde-logo-3.png","contentUrl":"https:\/\/www.cde.ual.es\/wp-content\/uploads\/2025\/07\/cde-logo-3.png","width":1400,"height":300,"caption":"Centro de Documentaci\u00f3n Europea de Almer\u00eda"},"image":{"@id":"https:\/\/www.cde.ual.es\/#\/schema\/logo\/image\/"},"sameAs":["https:\/\/www.facebook.com\/cdeuniversidadalmeria\/","https:\/\/x.com\/cdeualmeria","https:\/\/www.tiktok.com\/@cdealmeria","https:\/\/www.instagram.com\/cdealmeria\/","https:\/\/www.linkedin.com\/in\/cde-almera-812b26a9\/"]},{"@type":"Person","@id":"https:\/\/www.cde.ual.es\/#\/schema\/person\/ee46ebc19edfa19598c02cff83335acc","name":"BECA 2 CDE","image":{"@type":"ImageObject","inLanguage":"en-US","@id":"https:\/\/secure.gravatar.com\/avatar\/35a481bbc04bbd90e91bdfa3b0b5541036c222a49b9ad37b6889a2afcb5311a5?s=96&d=mm&r=g","url":"https:\/\/secure.gravatar.com\/avatar\/35a481bbc04bbd90e91bdfa3b0b5541036c222a49b9ad37b6889a2afcb5311a5?s=96&d=mm&r=g","contentUrl":"https:\/\/secure.gravatar.com\/avatar\/35a481bbc04bbd90e91bdfa3b0b5541036c222a49b9ad37b6889a2afcb5311a5?s=96&d=mm&r=g","caption":"BECA 2 CDE"},"sameAs":["http:\/\/www.cdealmeria.com"]}]}},"_links":{"self":[{"href":"https:\/\/www.cde.ual.es\/en\/wp-json\/wp\/v2\/posts\/124677","targetHints":{"allow":["GET"]}}],"collection":[{"href":"https:\/\/www.cde.ual.es\/en\/wp-json\/wp\/v2\/posts"}],"about":[{"href":"https:\/\/www.cde.ual.es\/en\/wp-json\/wp\/v2\/types\/post"}],"author":[{"embeddable":true,"href":"https:\/\/www.cde.ual.es\/en\/wp-json\/wp\/v2\/users\/101011"}],"replies":[{"embeddable":true,"href":"https:\/\/www.cde.ual.es\/en\/wp-json\/wp\/v2\/comments?post=124677"}],"version-history":[{"count":1,"href":"https:\/\/www.cde.ual.es\/en\/wp-json\/wp\/v2\/posts\/124677\/revisions"}],"predecessor-version":[{"id":124681,"href":"https:\/\/www.cde.ual.es\/en\/wp-json\/wp\/v2\/posts\/124677\/revisions\/124681"}],"wp:featuredmedia":[{"embeddable":true,"href":"https:\/\/www.cde.ual.es\/en\/wp-json\/wp\/v2\/media\/124669"}],"wp:attachment":[{"href":"https:\/\/www.cde.ual.es\/en\/wp-json\/wp\/v2\/media?parent=124677"}],"wp:term":[{"taxonomy":"category","embeddable":true,"href":"https:\/\/www.cde.ual.es\/en\/wp-json\/wp\/v2\/categories?post=124677"},{"taxonomy":"post_tag","embeddable":true,"href":"https:\/\/www.cde.ual.es\/en\/wp-json\/wp\/v2\/tags?post=124677"}],"curies":[{"name":"wp","href":"https:\/\/api.w.org\/{rel}","templated":true}]}}