{"id":124540,"date":"2022-11-28T11:51:54","date_gmt":"2022-11-28T10:51:54","guid":{"rendered":"https:\/\/www.cde.ual.es\/?p=124540"},"modified":"2022-11-28T11:53:48","modified_gmt":"2022-11-28T10:53:48","slug":"new-world-class-european-supercomputer-opens-in-italy","status":"publish","type":"post","link":"https:\/\/www.cde.ual.es\/en\/new-world-class-european-supercomputer-opens-in-italy\/","title":{"rendered":"New world-class European supercomputer opens in Italy"},"content":{"rendered":"<h4><a href=\"https:\/\/www.cde.ual.es\/wp-content\/uploads\/2022\/11\/ian-battaglia-9drS5E_Rguc-unsplash-scaled.jpg\"><img decoding=\"async\" class=\" wp-image-124537 aligncenter\" src=\"https:\/\/www.cde.ual.es\/wp-content\/uploads\/2022\/11\/ian-battaglia-9drS5E_Rguc-unsplash-scaled.jpg\" alt=\"Servidores digitales\" width=\"500\" height=\"500\" srcset=\"https:\/\/www.cde.ual.es\/wp-content\/uploads\/2022\/11\/ian-battaglia-9drS5E_Rguc-unsplash-scaled.jpg 2560w, https:\/\/www.cde.ual.es\/wp-content\/uploads\/2022\/11\/ian-battaglia-9drS5E_Rguc-unsplash-300x300.jpg 300w, https:\/\/www.cde.ual.es\/wp-content\/uploads\/2022\/11\/ian-battaglia-9drS5E_Rguc-unsplash-1024x1024.jpg 1024w, https:\/\/www.cde.ual.es\/wp-content\/uploads\/2022\/11\/ian-battaglia-9drS5E_Rguc-unsplash-150x150.jpg 150w, https:\/\/www.cde.ual.es\/wp-content\/uploads\/2022\/11\/ian-battaglia-9drS5E_Rguc-unsplash-768x768.jpg 768w, https:\/\/www.cde.ual.es\/wp-content\/uploads\/2022\/11\/ian-battaglia-9drS5E_Rguc-unsplash-1536x1536.jpg 1536w, https:\/\/www.cde.ual.es\/wp-content\/uploads\/2022\/11\/ian-battaglia-9drS5E_Rguc-unsplash-2048x2048.jpg 2048w, https:\/\/www.cde.ual.es\/wp-content\/uploads\/2022\/11\/ian-battaglia-9drS5E_Rguc-unsplash-120x120.jpg 120w\" sizes=\"(max-width: 500px) 100vw, 500px\" \/><\/a><\/h4>\n<p style=\"font-weight: 500; text-align: justify;\">The Commission has inaugurated the latest European supercomputer model together with the European High Performance Computing Joint Undertaking (EuroHPC Joint Undertaking), the Italian Ministry of Universities and Research and the CINECA consortium: LEONARDO, located at the Tecnopolo in Bologna (Italy).<\/p>\n<p>LEONARDO is a world-class supercomputing system developed and assembled in Europe. When fully operational, it will have a computing capacity approaching 250 petaflops (250 000 trillion calculations per second). LEONARDO is currently ranked as the fourth most powerful supercomputer in the world.\u00a0120 million, half of which comes from the Commission and the other half from the Italian Ministry of Universities and Research and the CINECA consortium, made up of five EuroHPC participating countries (Austria, Greece, Hungary, Slovakia and Slovenia).<\/p>\n<p style=\"font-weight: 500; text-align: justify;\">LEONARDO is the second of Europe&#8217;s pre-exascale supercomputers to be commissioned, after LUMI in Kajaani, Finland. It combines state-of-the-art high-performance computing components with the use of artificial intelligence to carry out tasks of enormous complexity. This will enable it to conduct unprecedented research into cancer and the search for new drugs, understand how the human brain works, discover clean energy technologies, develop more accurate climate models and contribute to the prediction and monitoring of natural disasters and pandemics.<\/p>\n<p style=\"font-weight: 500; text-align: justify;\">The LEONARDO supercomputer system focuses on environmental sustainability and is equipped with tools that enable dynamic adjustment of energy consumption, thus ensuring an intelligent and optimal balance between energy savings and performance.\u00a0In addition, it uses a water cooling system to increase energy efficiency.<\/p>\n<p style=\"font-weight: 500; text-align: justify;\">The computing services provided by CINECA with LEONARDO will be further enhanced by the integration of a quantum computer, as CINECA has also been selected as the host entity for one of the first quantum computers built in Europe.<\/p>\n<table style=\"width: 99.9988%; border-collapse: collapse; border-style: double; border-color: #001f7d;\" cellpadding=\"0,5\">\n<tbody>\n<tr>\n<td style=\"width: 100%;\"><a href=\"https:\/\/www.cde.ual.es\/en\/policy-programme-path-to-the-digital-decade-the-council-and-the-european-parliament-reach-a-provisional-agreement\/\" target=\"_blank\" rel=\"noopener\"><img decoding=\"async\" class=\"alignleft\" src=\"https:\/\/www.cde.ual.es\/wp-content\/uploads\/2022\/07\/hands-820272_1920.jpg\" alt=\"\" width=\"200\" height=\"144\" \/><\/a><\/p>\n<h4 class=\"entry-title\"><a href=\"https:\/\/www.cde.ual.es\/en\/policy-programme-path-to-the-digital-decade-the-council-and-the-european-parliament-reach-a-provisional-agreement\/\" target=\"_blank\" rel=\"noopener\">Policy Programme \u201cPath to the Digital Decade\u201d: The Council and the European Parliament reach a provisional agreement<br \/>\n<\/a><\/h4>\n<\/td>\n<\/tr>\n<\/tbody>\n<\/table>\n<h3>Next steps<\/h3>\n<p style=\"font-weight: 500; text-align: justify;\">The development of Europe&#8217;s world-class high-performance computing and data infrastructure continues with the ongoing installation of the Deucalion peta-scale supercomputer in Portugal and the third European pre-exascale supercomputer, MareNostrum 5, in Spain.<\/p>\n<p style=\"font-weight: 500; text-align: justify;\">In addition, the EuroHPC Joint Undertaking already announced in June 2022 the new sites for supercomputers, one of which will be the first European exascale supercomputer: JUPITER, which will be housed at the J\u00fclich Supercomputing Center in Germany.<\/p>\n<p style=\"font-weight: 500; text-align: justify;\">In October 2022, the EuroHPC Joint Undertaking also notified the six centers that will house quantum computers that will be integrated with existing supercomputers.<\/p>\n<p style=\"font-weight: 500; text-align: justify;\">Moreover, a call for a second European exascale supercomputer is planned for 2023, as well as the distribution of additional supercomputers and quantum computers in 2023 and beyond.<\/p>\n<h3>Context<\/h3>\n<p style=\"font-weight: 500; text-align: justify;\">CINECA is a non-profit consortium composed of 70 Italian universities, 40 national institutions and the Italian Ministries of Universities and Research and of Education.\u00a0The five countries participating in the EuroHPC Joint Undertaking are: Greece, Hungary, Austria, Slovenia and Slovakia.<\/p>\n<p style=\"font-weight: 500; text-align: justify;\">LEONARDO now joins the existing supercomputers of the EuroHPC Joint Undertaking: Discoverer in Bulgaria, MeluXina in Luxembourg, Vega in Slovenia, Karolina in the Czech Republic and LUMI in Finland.<\/p>\n<p style=\"font-weight: 500; text-align: justify;\">The European High Performance Computing Joint Undertaking (EuroHPC Joint Undertaking) is a legal and funding entity created in 2018 to enable the EU and EuroHPC participating countries to coordinate their efforts and pool their resources with the aim of making Europe a world leader in supercomputing. In July 2021, the Council adopted the EuroHPC Regulation, which provided additional investment of EUR 7 billion.<\/p>\n<h4 style=\"font-weight: 500; text-align: justify;\"><strong>Source: <a href=\"https:\/\/spain.representation.ec.europa.eu\/index_es\" target=\"_blank\" rel=\"noopener\">European Commission<\/a>\u00a0<\/strong><\/h4>\n","protected":false},"excerpt":{"rendered":"<p>The Commission has inaugurated the latest European supercomputer model together with the European High Performance Computing Joint Undertaking (EuroHPC Joint Undertaking), the Italian Ministry of Universities and Research and the CINECA consortium: LEONARDO, located at the Tecnopolo in Bologna (Italy). LEONARDO is a world-class supercomputing system developed and assembled in Europe. When fully operational, it [&hellip;]<\/p>\n","protected":false},"author":101011,"featured_media":124538,"comment_status":"open","ping_status":"open","sticky":false,"template":"","format":"standard","meta":{"_acf_changed":false,"_relevanssi_hide_post":"","_relevanssi_hide_content":"","_relevanssi_pin_for_all":"","_relevanssi_pin_keywords":"","_relevanssi_unpin_keywords":"","_relevanssi_related_keywords":"","_relevanssi_related_include_ids":"","_relevanssi_related_exclude_ids":"","_relevanssi_related_no_append":"","_relevanssi_related_not_related":"","_relevanssi_related_posts":"","_relevanssi_noindex_reason":"","_monsterinsights_skip_tracking":false,"_monsterinsights_sitenote_active":false,"_monsterinsights_sitenote_note":"","_monsterinsights_sitenote_category":0,"_genesis_hide_title":false,"_genesis_hide_breadcrumbs":false,"_genesis_hide_singular_image":false,"_genesis_hide_footer_widgets":false,"_genesis_custom_body_class":"","_genesis_custom_post_class":"","_genesis_layout":"","footnotes":""},"categories":[346,4082,4084],"tags":[2278,2222,1488,350,1102,433,6342,645],"class_list":{"0":"post-124540","1":"post","2":"type-post","3":"status-publish","4":"format-standard","5":"has-post-thumbnail","7":"category-eu-news","8":"category-research-innovation","9":"category-technology","10":"tag-comision-europea-en","11":"tag-computer","12":"tag-european-commission","13":"tag-investigacion-en","14":"tag-italy","15":"tag-research","16":"tag-supercomputer","17":"tag-technology","18":"entry"},"acf":[],"yoast_head":"<!-- This site is optimized with the Yoast SEO plugin v27.5 - https:\/\/yoast.com\/product\/yoast-seo-wordpress\/ -->\n<title>New world-class European supercomputer opens in Italy | CDE Almer\u00eda - Centro de Documentaci\u00f3n Europea - Universidad de Almer\u00eda<\/title>\n<meta name=\"robots\" content=\"index, follow, max-snippet:-1, max-image-preview:large, max-video-preview:-1\" \/>\n<link rel=\"canonical\" href=\"https:\/\/www.cde.ual.es\/en\/new-world-class-european-supercomputer-opens-in-italy\/\" \/>\n<meta property=\"og:locale\" content=\"en_US\" \/>\n<meta property=\"og:type\" content=\"article\" \/>\n<meta property=\"og:title\" content=\"New world-class European supercomputer opens in Italy | CDE Almer\u00eda - Centro de Documentaci\u00f3n Europea - Universidad de Almer\u00eda\" \/>\n<meta property=\"og:description\" content=\"The Commission has inaugurated the latest European supercomputer model together with the European High Performance Computing Joint Undertaking (EuroHPC Joint Undertaking), the Italian Ministry of Universities and Research and the CINECA consortium: LEONARDO, located at the Tecnopolo in Bologna (Italy). LEONARDO is a world-class supercomputing system developed and assembled in Europe. When fully operational, it [&hellip;]\" \/>\n<meta property=\"og:url\" content=\"https:\/\/www.cde.ual.es\/en\/new-world-class-european-supercomputer-opens-in-italy\/\" \/>\n<meta property=\"og:site_name\" content=\"CDE Almer\u00eda - Centro de Documentaci\u00f3n Europea - Universidad de Almer\u00eda\" \/>\n<meta property=\"article:publisher\" content=\"https:\/\/www.facebook.com\/cdeuniversidadalmeria\/\" \/>\n<meta property=\"article:published_time\" content=\"2022-11-28T10:51:54+00:00\" \/>\n<meta property=\"article:modified_time\" content=\"2022-11-28T10:53:48+00:00\" \/>\n<meta property=\"og:image\" content=\"https:\/\/www.cde.ual.es\/wp-content\/uploads\/2022\/11\/ian-battaglia-9drS5E_Rguc-unsplash-scaled.jpg\" \/>\n\t<meta property=\"og:image:width\" content=\"2560\" \/>\n\t<meta property=\"og:image:height\" content=\"2560\" \/>\n\t<meta property=\"og:image:type\" content=\"image\/jpeg\" \/>\n<meta name=\"author\" content=\"BECA 2 CDE\" \/>\n<meta name=\"twitter:card\" content=\"summary_large_image\" \/>\n<meta name=\"twitter:creator\" content=\"@cdeualmeria\" \/>\n<meta name=\"twitter:site\" content=\"@cdeualmeria\" \/>\n<meta name=\"twitter:label1\" content=\"Written by\" \/>\n\t<meta name=\"twitter:data1\" content=\"BECA 2 CDE\" \/>\n\t<meta name=\"twitter:label2\" content=\"Est. reading time\" \/>\n\t<meta name=\"twitter:data2\" content=\"3 minutes\" \/>\n<script type=\"application\/ld+json\" class=\"yoast-schema-graph\">{\"@context\":\"https:\\\/\\\/schema.org\",\"@graph\":[{\"@type\":\"Article\",\"@id\":\"https:\\\/\\\/www.cde.ual.es\\\/en\\\/new-world-class-european-supercomputer-opens-in-italy\\\/#article\",\"isPartOf\":{\"@id\":\"https:\\\/\\\/www.cde.ual.es\\\/en\\\/new-world-class-european-supercomputer-opens-in-italy\\\/\"},\"author\":{\"name\":\"BECA 2 CDE\",\"@id\":\"https:\\\/\\\/www.cde.ual.es\\\/#\\\/schema\\\/person\\\/ee46ebc19edfa19598c02cff83335acc\"},\"headline\":\"New world-class European supercomputer opens in Italy\",\"datePublished\":\"2022-11-28T10:51:54+00:00\",\"dateModified\":\"2022-11-28T10:53:48+00:00\",\"mainEntityOfPage\":{\"@id\":\"https:\\\/\\\/www.cde.ual.es\\\/en\\\/new-world-class-european-supercomputer-opens-in-italy\\\/\"},\"wordCount\":554,\"commentCount\":0,\"publisher\":{\"@id\":\"https:\\\/\\\/www.cde.ual.es\\\/#organization\"},\"image\":{\"@id\":\"https:\\\/\\\/www.cde.ual.es\\\/en\\\/new-world-class-european-supercomputer-opens-in-italy\\\/#primaryimage\"},\"thumbnailUrl\":\"https:\\\/\\\/www.cde.ual.es\\\/wp-content\\\/uploads\\\/2022\\\/11\\\/ian-battaglia-9drS5E_Rguc-unsplash-scaled.jpg\",\"keywords\":[\"Comision Europea\",\"Computer\",\"European Commission\",\"Investigaci\u00f3n\",\"Italy\",\"Research\",\"supercomputer\",\"Technology\"],\"articleSection\":[\"EU News\",\"Research and Innovation\",\"Technology\"],\"inLanguage\":\"en-US\",\"potentialAction\":[{\"@type\":\"CommentAction\",\"name\":\"Comment\",\"target\":[\"https:\\\/\\\/www.cde.ual.es\\\/en\\\/new-world-class-european-supercomputer-opens-in-italy\\\/#respond\"]}]},{\"@type\":\"WebPage\",\"@id\":\"https:\\\/\\\/www.cde.ual.es\\\/en\\\/new-world-class-european-supercomputer-opens-in-italy\\\/\",\"url\":\"https:\\\/\\\/www.cde.ual.es\\\/en\\\/new-world-class-european-supercomputer-opens-in-italy\\\/\",\"name\":\"New world-class European supercomputer opens in Italy | CDE Almer\u00eda - Centro de Documentaci\u00f3n Europea - Universidad de Almer\u00eda\",\"isPartOf\":{\"@id\":\"https:\\\/\\\/www.cde.ual.es\\\/#website\"},\"primaryImageOfPage\":{\"@id\":\"https:\\\/\\\/www.cde.ual.es\\\/en\\\/new-world-class-european-supercomputer-opens-in-italy\\\/#primaryimage\"},\"image\":{\"@id\":\"https:\\\/\\\/www.cde.ual.es\\\/en\\\/new-world-class-european-supercomputer-opens-in-italy\\\/#primaryimage\"},\"thumbnailUrl\":\"https:\\\/\\\/www.cde.ual.es\\\/wp-content\\\/uploads\\\/2022\\\/11\\\/ian-battaglia-9drS5E_Rguc-unsplash-scaled.jpg\",\"datePublished\":\"2022-11-28T10:51:54+00:00\",\"dateModified\":\"2022-11-28T10:53:48+00:00\",\"breadcrumb\":{\"@id\":\"https:\\\/\\\/www.cde.ual.es\\\/en\\\/new-world-class-european-supercomputer-opens-in-italy\\\/#breadcrumb\"},\"inLanguage\":\"en-US\",\"potentialAction\":[{\"@type\":\"ReadAction\",\"target\":[\"https:\\\/\\\/www.cde.ual.es\\\/en\\\/new-world-class-european-supercomputer-opens-in-italy\\\/\"]}]},{\"@type\":\"ImageObject\",\"inLanguage\":\"en-US\",\"@id\":\"https:\\\/\\\/www.cde.ual.es\\\/en\\\/new-world-class-european-supercomputer-opens-in-italy\\\/#primaryimage\",\"url\":\"https:\\\/\\\/www.cde.ual.es\\\/wp-content\\\/uploads\\\/2022\\\/11\\\/ian-battaglia-9drS5E_Rguc-unsplash-scaled.jpg\",\"contentUrl\":\"https:\\\/\\\/www.cde.ual.es\\\/wp-content\\\/uploads\\\/2022\\\/11\\\/ian-battaglia-9drS5E_Rguc-unsplash-scaled.jpg\",\"width\":2560,\"height\":2560,\"caption\":\"Servidores digitales\"},{\"@type\":\"BreadcrumbList\",\"@id\":\"https:\\\/\\\/www.cde.ual.es\\\/en\\\/new-world-class-european-supercomputer-opens-in-italy\\\/#breadcrumb\",\"itemListElement\":[{\"@type\":\"ListItem\",\"position\":1,\"name\":\"Inicio\",\"item\":\"https:\\\/\\\/www.cde.ual.es\\\/en\\\/\"},{\"@type\":\"ListItem\",\"position\":2,\"name\":\"EU News\",\"item\":\"https:\\\/\\\/www.cde.ual.es\\\/en\\\/category\\\/eu-news\\\/\"},{\"@type\":\"ListItem\",\"position\":3,\"name\":\"Research and Innovation\",\"item\":\"https:\\\/\\\/www.cde.ual.es\\\/en\\\/category\\\/eu-news\\\/research-innovation\\\/\"},{\"@type\":\"ListItem\",\"position\":4,\"name\":\"Technology\",\"item\":\"https:\\\/\\\/www.cde.ual.es\\\/en\\\/category\\\/eu-news\\\/research-innovation\\\/technology\\\/\"},{\"@type\":\"ListItem\",\"position\":5,\"name\":\"New world-class European supercomputer opens in Italy\"}]},{\"@type\":\"WebSite\",\"@id\":\"https:\\\/\\\/www.cde.ual.es\\\/#website\",\"url\":\"https:\\\/\\\/www.cde.ual.es\\\/\",\"name\":\"CDE Almer\u00eda - Centro de Documentaci\u00f3n Europea - Universidad de Almer\u00eda\",\"description\":\"Centro de Documentaci\u00f3n Europea de la Universidad de Almer\u00eda\",\"publisher\":{\"@id\":\"https:\\\/\\\/www.cde.ual.es\\\/#organization\"},\"alternateName\":\"CDE Almer\u00eda\",\"potentialAction\":[{\"@type\":\"SearchAction\",\"target\":{\"@type\":\"EntryPoint\",\"urlTemplate\":\"https:\\\/\\\/www.cde.ual.es\\\/?s={search_term_string}\"},\"query-input\":{\"@type\":\"PropertyValueSpecification\",\"valueRequired\":true,\"valueName\":\"search_term_string\"}}],\"inLanguage\":\"en-US\"},{\"@type\":\"Organization\",\"@id\":\"https:\\\/\\\/www.cde.ual.es\\\/#organization\",\"name\":\"Centro de Documentaci\u00f3n Europea de Almer\u00eda\",\"url\":\"https:\\\/\\\/www.cde.ual.es\\\/\",\"logo\":{\"@type\":\"ImageObject\",\"inLanguage\":\"en-US\",\"@id\":\"https:\\\/\\\/www.cde.ual.es\\\/#\\\/schema\\\/logo\\\/image\\\/\",\"url\":\"https:\\\/\\\/www.cde.ual.es\\\/wp-content\\\/uploads\\\/2025\\\/07\\\/cde-logo-3.png\",\"contentUrl\":\"https:\\\/\\\/www.cde.ual.es\\\/wp-content\\\/uploads\\\/2025\\\/07\\\/cde-logo-3.png\",\"width\":1400,\"height\":300,\"caption\":\"Centro de Documentaci\u00f3n Europea de Almer\u00eda\"},\"image\":{\"@id\":\"https:\\\/\\\/www.cde.ual.es\\\/#\\\/schema\\\/logo\\\/image\\\/\"},\"sameAs\":[\"https:\\\/\\\/www.facebook.com\\\/cdeuniversidadalmeria\\\/\",\"https:\\\/\\\/x.com\\\/cdeualmeria\",\"https:\\\/\\\/www.tiktok.com\\\/@cdealmeria\",\"https:\\\/\\\/www.instagram.com\\\/cdealmeria\\\/\",\"https:\\\/\\\/www.linkedin.com\\\/in\\\/cde-almera-812b26a9\\\/\"]},{\"@type\":\"Person\",\"@id\":\"https:\\\/\\\/www.cde.ual.es\\\/#\\\/schema\\\/person\\\/ee46ebc19edfa19598c02cff83335acc\",\"name\":\"BECA 2 CDE\",\"image\":{\"@type\":\"ImageObject\",\"inLanguage\":\"en-US\",\"@id\":\"https:\\\/\\\/secure.gravatar.com\\\/avatar\\\/35a481bbc04bbd90e91bdfa3b0b5541036c222a49b9ad37b6889a2afcb5311a5?s=96&d=mm&r=g\",\"url\":\"https:\\\/\\\/secure.gravatar.com\\\/avatar\\\/35a481bbc04bbd90e91bdfa3b0b5541036c222a49b9ad37b6889a2afcb5311a5?s=96&d=mm&r=g\",\"contentUrl\":\"https:\\\/\\\/secure.gravatar.com\\\/avatar\\\/35a481bbc04bbd90e91bdfa3b0b5541036c222a49b9ad37b6889a2afcb5311a5?s=96&d=mm&r=g\",\"caption\":\"BECA 2 CDE\"},\"sameAs\":[\"http:\\\/\\\/www.cdealmeria.com\"]}]}<\/script>\n<!-- \/ Yoast SEO plugin. -->","yoast_head_json":{"title":"New world-class European supercomputer opens in Italy | CDE Almer\u00eda - Centro de Documentaci\u00f3n Europea - Universidad de Almer\u00eda","robots":{"index":"index","follow":"follow","max-snippet":"max-snippet:-1","max-image-preview":"max-image-preview:large","max-video-preview":"max-video-preview:-1"},"canonical":"https:\/\/www.cde.ual.es\/en\/new-world-class-european-supercomputer-opens-in-italy\/","og_locale":"en_US","og_type":"article","og_title":"New world-class European supercomputer opens in Italy | CDE Almer\u00eda - Centro de Documentaci\u00f3n Europea - Universidad de Almer\u00eda","og_description":"The Commission has inaugurated the latest European supercomputer model together with the European High Performance Computing Joint Undertaking (EuroHPC Joint Undertaking), the Italian Ministry of Universities and Research and the CINECA consortium: LEONARDO, located at the Tecnopolo in Bologna (Italy). LEONARDO is a world-class supercomputing system developed and assembled in Europe. When fully operational, it [&hellip;]","og_url":"https:\/\/www.cde.ual.es\/en\/new-world-class-european-supercomputer-opens-in-italy\/","og_site_name":"CDE Almer\u00eda - Centro de Documentaci\u00f3n Europea - Universidad de Almer\u00eda","article_publisher":"https:\/\/www.facebook.com\/cdeuniversidadalmeria\/","article_published_time":"2022-11-28T10:51:54+00:00","article_modified_time":"2022-11-28T10:53:48+00:00","og_image":[{"width":2560,"height":2560,"url":"https:\/\/www.cde.ual.es\/wp-content\/uploads\/2022\/11\/ian-battaglia-9drS5E_Rguc-unsplash-scaled.jpg","type":"image\/jpeg"}],"author":"BECA 2 CDE","twitter_card":"summary_large_image","twitter_creator":"@cdeualmeria","twitter_site":"@cdeualmeria","twitter_misc":{"Written by":"BECA 2 CDE","Est. reading time":"3 minutes"},"schema":{"@context":"https:\/\/schema.org","@graph":[{"@type":"Article","@id":"https:\/\/www.cde.ual.es\/en\/new-world-class-european-supercomputer-opens-in-italy\/#article","isPartOf":{"@id":"https:\/\/www.cde.ual.es\/en\/new-world-class-european-supercomputer-opens-in-italy\/"},"author":{"name":"BECA 2 CDE","@id":"https:\/\/www.cde.ual.es\/#\/schema\/person\/ee46ebc19edfa19598c02cff83335acc"},"headline":"New world-class European supercomputer opens in Italy","datePublished":"2022-11-28T10:51:54+00:00","dateModified":"2022-11-28T10:53:48+00:00","mainEntityOfPage":{"@id":"https:\/\/www.cde.ual.es\/en\/new-world-class-european-supercomputer-opens-in-italy\/"},"wordCount":554,"commentCount":0,"publisher":{"@id":"https:\/\/www.cde.ual.es\/#organization"},"image":{"@id":"https:\/\/www.cde.ual.es\/en\/new-world-class-european-supercomputer-opens-in-italy\/#primaryimage"},"thumbnailUrl":"https:\/\/www.cde.ual.es\/wp-content\/uploads\/2022\/11\/ian-battaglia-9drS5E_Rguc-unsplash-scaled.jpg","keywords":["Comision Europea","Computer","European Commission","Investigaci\u00f3n","Italy","Research","supercomputer","Technology"],"articleSection":["EU News","Research and Innovation","Technology"],"inLanguage":"en-US","potentialAction":[{"@type":"CommentAction","name":"Comment","target":["https:\/\/www.cde.ual.es\/en\/new-world-class-european-supercomputer-opens-in-italy\/#respond"]}]},{"@type":"WebPage","@id":"https:\/\/www.cde.ual.es\/en\/new-world-class-european-supercomputer-opens-in-italy\/","url":"https:\/\/www.cde.ual.es\/en\/new-world-class-european-supercomputer-opens-in-italy\/","name":"New world-class European supercomputer opens in Italy | CDE Almer\u00eda - Centro de Documentaci\u00f3n Europea - Universidad de Almer\u00eda","isPartOf":{"@id":"https:\/\/www.cde.ual.es\/#website"},"primaryImageOfPage":{"@id":"https:\/\/www.cde.ual.es\/en\/new-world-class-european-supercomputer-opens-in-italy\/#primaryimage"},"image":{"@id":"https:\/\/www.cde.ual.es\/en\/new-world-class-european-supercomputer-opens-in-italy\/#primaryimage"},"thumbnailUrl":"https:\/\/www.cde.ual.es\/wp-content\/uploads\/2022\/11\/ian-battaglia-9drS5E_Rguc-unsplash-scaled.jpg","datePublished":"2022-11-28T10:51:54+00:00","dateModified":"2022-11-28T10:53:48+00:00","breadcrumb":{"@id":"https:\/\/www.cde.ual.es\/en\/new-world-class-european-supercomputer-opens-in-italy\/#breadcrumb"},"inLanguage":"en-US","potentialAction":[{"@type":"ReadAction","target":["https:\/\/www.cde.ual.es\/en\/new-world-class-european-supercomputer-opens-in-italy\/"]}]},{"@type":"ImageObject","inLanguage":"en-US","@id":"https:\/\/www.cde.ual.es\/en\/new-world-class-european-supercomputer-opens-in-italy\/#primaryimage","url":"https:\/\/www.cde.ual.es\/wp-content\/uploads\/2022\/11\/ian-battaglia-9drS5E_Rguc-unsplash-scaled.jpg","contentUrl":"https:\/\/www.cde.ual.es\/wp-content\/uploads\/2022\/11\/ian-battaglia-9drS5E_Rguc-unsplash-scaled.jpg","width":2560,"height":2560,"caption":"Servidores digitales"},{"@type":"BreadcrumbList","@id":"https:\/\/www.cde.ual.es\/en\/new-world-class-european-supercomputer-opens-in-italy\/#breadcrumb","itemListElement":[{"@type":"ListItem","position":1,"name":"Inicio","item":"https:\/\/www.cde.ual.es\/en\/"},{"@type":"ListItem","position":2,"name":"EU News","item":"https:\/\/www.cde.ual.es\/en\/category\/eu-news\/"},{"@type":"ListItem","position":3,"name":"Research and Innovation","item":"https:\/\/www.cde.ual.es\/en\/category\/eu-news\/research-innovation\/"},{"@type":"ListItem","position":4,"name":"Technology","item":"https:\/\/www.cde.ual.es\/en\/category\/eu-news\/research-innovation\/technology\/"},{"@type":"ListItem","position":5,"name":"New world-class European supercomputer opens in Italy"}]},{"@type":"WebSite","@id":"https:\/\/www.cde.ual.es\/#website","url":"https:\/\/www.cde.ual.es\/","name":"CDE Almer\u00eda - Centro de Documentaci\u00f3n Europea - Universidad de Almer\u00eda","description":"Centro de Documentaci\u00f3n Europea de la Universidad de Almer\u00eda","publisher":{"@id":"https:\/\/www.cde.ual.es\/#organization"},"alternateName":"CDE Almer\u00eda","potentialAction":[{"@type":"SearchAction","target":{"@type":"EntryPoint","urlTemplate":"https:\/\/www.cde.ual.es\/?s={search_term_string}"},"query-input":{"@type":"PropertyValueSpecification","valueRequired":true,"valueName":"search_term_string"}}],"inLanguage":"en-US"},{"@type":"Organization","@id":"https:\/\/www.cde.ual.es\/#organization","name":"Centro de Documentaci\u00f3n Europea de Almer\u00eda","url":"https:\/\/www.cde.ual.es\/","logo":{"@type":"ImageObject","inLanguage":"en-US","@id":"https:\/\/www.cde.ual.es\/#\/schema\/logo\/image\/","url":"https:\/\/www.cde.ual.es\/wp-content\/uploads\/2025\/07\/cde-logo-3.png","contentUrl":"https:\/\/www.cde.ual.es\/wp-content\/uploads\/2025\/07\/cde-logo-3.png","width":1400,"height":300,"caption":"Centro de Documentaci\u00f3n Europea de Almer\u00eda"},"image":{"@id":"https:\/\/www.cde.ual.es\/#\/schema\/logo\/image\/"},"sameAs":["https:\/\/www.facebook.com\/cdeuniversidadalmeria\/","https:\/\/x.com\/cdeualmeria","https:\/\/www.tiktok.com\/@cdealmeria","https:\/\/www.instagram.com\/cdealmeria\/","https:\/\/www.linkedin.com\/in\/cde-almera-812b26a9\/"]},{"@type":"Person","@id":"https:\/\/www.cde.ual.es\/#\/schema\/person\/ee46ebc19edfa19598c02cff83335acc","name":"BECA 2 CDE","image":{"@type":"ImageObject","inLanguage":"en-US","@id":"https:\/\/secure.gravatar.com\/avatar\/35a481bbc04bbd90e91bdfa3b0b5541036c222a49b9ad37b6889a2afcb5311a5?s=96&d=mm&r=g","url":"https:\/\/secure.gravatar.com\/avatar\/35a481bbc04bbd90e91bdfa3b0b5541036c222a49b9ad37b6889a2afcb5311a5?s=96&d=mm&r=g","contentUrl":"https:\/\/secure.gravatar.com\/avatar\/35a481bbc04bbd90e91bdfa3b0b5541036c222a49b9ad37b6889a2afcb5311a5?s=96&d=mm&r=g","caption":"BECA 2 CDE"},"sameAs":["http:\/\/www.cdealmeria.com"]}]}},"_links":{"self":[{"href":"https:\/\/www.cde.ual.es\/en\/wp-json\/wp\/v2\/posts\/124540","targetHints":{"allow":["GET"]}}],"collection":[{"href":"https:\/\/www.cde.ual.es\/en\/wp-json\/wp\/v2\/posts"}],"about":[{"href":"https:\/\/www.cde.ual.es\/en\/wp-json\/wp\/v2\/types\/post"}],"author":[{"embeddable":true,"href":"https:\/\/www.cde.ual.es\/en\/wp-json\/wp\/v2\/users\/101011"}],"replies":[{"embeddable":true,"href":"https:\/\/www.cde.ual.es\/en\/wp-json\/wp\/v2\/comments?post=124540"}],"version-history":[{"count":2,"href":"https:\/\/www.cde.ual.es\/en\/wp-json\/wp\/v2\/posts\/124540\/revisions"}],"predecessor-version":[{"id":124543,"href":"https:\/\/www.cde.ual.es\/en\/wp-json\/wp\/v2\/posts\/124540\/revisions\/124543"}],"wp:featuredmedia":[{"embeddable":true,"href":"https:\/\/www.cde.ual.es\/en\/wp-json\/wp\/v2\/media\/124538"}],"wp:attachment":[{"href":"https:\/\/www.cde.ual.es\/en\/wp-json\/wp\/v2\/media?parent=124540"}],"wp:term":[{"taxonomy":"category","embeddable":true,"href":"https:\/\/www.cde.ual.es\/en\/wp-json\/wp\/v2\/categories?post=124540"},{"taxonomy":"post_tag","embeddable":true,"href":"https:\/\/www.cde.ual.es\/en\/wp-json\/wp\/v2\/tags?post=124540"}],"curies":[{"name":"wp","href":"https:\/\/api.w.org\/{rel}","templated":true}]}}