{"id":124049,"date":"2022-11-25T03:00:52","date_gmt":"2022-11-25T02:00:52","guid":{"rendered":"https:\/\/www.cde.ual.es\/?p=124049"},"modified":"2022-11-24T10:19:07","modified_gmt":"2022-11-24T09:19:07","slug":"posdoc-position-in-cultural-studies-in-austria","status":"publish","type":"post","link":"https:\/\/www.cde.ual.es\/en\/posdoc-position-in-cultural-studies-in-austria\/","title":{"rendered":"Posdoc position in Cultural Studies in Austria"},"content":{"rendered":"<p><a href=\"https:\/\/www.cde.ual.es\/wp-content\/uploads\/2022\/11\/arabic-script-1174145_1920.jpg\"><img decoding=\"async\" class=\"aligncenter wp-image-124053\" src=\"https:\/\/www.cde.ual.es\/wp-content\/uploads\/2022\/11\/arabic-script-1174145_1920.jpg\" alt=\"\" width=\"450\" height=\"338\" srcset=\"https:\/\/www.cde.ual.es\/wp-content\/uploads\/2022\/11\/arabic-script-1174145_1920.jpg 1920w, https:\/\/www.cde.ual.es\/wp-content\/uploads\/2022\/11\/arabic-script-1174145_1920-300x225.jpg 300w, https:\/\/www.cde.ual.es\/wp-content\/uploads\/2022\/11\/arabic-script-1174145_1920-1024x768.jpg 1024w, https:\/\/www.cde.ual.es\/wp-content\/uploads\/2022\/11\/arabic-script-1174145_1920-768x576.jpg 768w, https:\/\/www.cde.ual.es\/wp-content\/uploads\/2022\/11\/arabic-script-1174145_1920-1536x1152.jpg 1536w\" sizes=\"(max-width: 450px) 100vw, 450px\" \/><\/a><\/p>\n<p style=\"text-align: justify;\">The Institute for Medieval Research (<a href=\"https:\/\/www.oeaw.ac.at\/en\/imafo\">IMAFO<\/a>) of the Austrian Academy of Sciences (<a href=\"https:\/\/www.oeaw.ac.at\/en\/\">OeAW<\/a>), Austria\u2019s leading non-university research and science institution, is offering a Postdoc Position for a duration of 36 months at the Department for Byzantine Research within the FWF-Project \u201cEntangled Charters of Anatolia (1200-1300). Diplomacy, administration and world ordering during crisis in the transcultural mirror of governmental writing\u201d.<\/p>\n<h3 style=\"text-align: justify;\">Tasks<\/h3>\n<ul style=\"text-align: justify;\">\n<li>Survey of relevant sources for the Seljuk Sultanate in 13th century Anatolia in Persian and Arabic language<\/li>\n<li>Contribution to the digital research environment (database) of the ENCHANT-project<\/li>\n<li>Analysis of charters of the Seljuk rulers in comparison with the documents of neighbouring polities (in Armenian, Greek, Latin and other languages).<\/li>\n<li>Presentation of aims and results of the project in workshops and international conferences.<\/li>\n<li>Contribution to the joint publications of the project team.<\/li>\n<\/ul>\n<h3 style=\"text-align: justify;\">Your profile<\/h3>\n<ul style=\"text-align: justify;\">\n<li>Completed studies with PhD in Iranian\/Oriental studies<\/li>\n<li>Several years of experience in the field of study and edition of original documents in Persian language<\/li>\n<li>Expertise in Persian palaeography and diplomatics<\/li>\n<li>Knowledge of Arabic and medieval Arabic sources<\/li>\n<li>Very good English (level B2 or higher) and basic German skills (level B1 or higher)<\/li>\n<li>Interest in comparative historical studies and digital humanities<\/li>\n<li>Soft skills (flexibility, communication skills, creativity, capacity for teamwork)<\/li>\n<\/ul>\n<h3 style=\"text-align: justify;\">They offer<\/h3>\n<ul style=\"text-align: justify;\">\n<li>Employment in one of the leading institutions in Byzantine and medieval Eastern Mediterranean Studies, in cooperation with other institutes of the OeAW such as the Institute for Iranian Studies<\/li>\n<li>Work in a comparative and methodologically advanced project framework<\/li>\n<li>Numerous voluntary social benefits<\/li>\n<li>Flex time arrangement<\/li>\n<li>Central downtown location in Vienna<\/li>\n<li>Possibility to work independently<\/li>\n<\/ul>\n<p style=\"text-align: justify;\">The annual gross salary for this position is \u20ac 28.430,50, according to the salary scheme of the Austrian Science Fund (<a href=\"https:\/\/www.fwf.ac.at\/de\/forschungsfoerderung\/personalkostensaetze\">FWF<\/a>).<\/p>\n<h3 style=\"text-align: justify;\">Organisation<\/h3>\n<p class=\"LC20lb MBeuO DKV0Md\" style=\"text-align: justify;\">Austrian Academy of Sciences, The Institute for Medieval Research (IMAFO)<\/p>\n<h3 style=\"text-align: justify;\">Location<\/h3>\n<div style=\"text-align: justify;\">Austria \u203a Vienna<\/div>\n<h3 style=\"text-align: justify;\">Research field<\/h3>\n<div style=\"text-align: justify;\">\n<div><span class=\"lineage-item lineage-item-level-0\">Cultural studies<\/span><span class=\"hierarchical-select-item-separator\">\u00a0\u203a\u00a0<\/span><span class=\"lineage-item lineage-item-level-1\">Oriental studies<\/span><\/div>\n<div><span class=\"lineage-item lineage-item-level-0\">History<\/span><span class=\"hierarchical-select-item-separator\">\u00a0\u203a\u00a0<\/span><span class=\"lineage-item lineage-item-level-1\">Medieval history<\/span><\/div>\n<\/div>\n<h3 style=\"text-align: justify;\">Deadline<\/h3>\n<p style=\"text-align: justify;\">16th January 2023<\/p>\n<h3 style=\"text-align: justify;\">More information<\/h3>\n<p style=\"text-align: justify;\"><a href=\"https:\/\/euraxess.ec.europa.eu\/jobs\/869281\" target=\"_blank\" rel=\"noopener\">Euraxess<\/a><\/p>\n","protected":false},"excerpt":{"rendered":"<p>The Institute for Medieval Research (IMAFO) of the Austrian Academy of Sciences (OeAW), Austria\u2019s leading non-university research and science institution, is offering a Postdoc Position for a duration of 36 months at the Department for Byzantine Research within the FWF-Project \u201cEntangled Charters of Anatolia (1200-1300). Diplomacy, administration and world ordering during crisis in the transcultural [&hellip;]<\/p>\n","protected":false},"author":101011,"featured_media":124053,"comment_status":"open","ping_status":"open","sticky":false,"template":"","format":"standard","meta":{"_acf_changed":false,"_relevanssi_hide_post":"","_relevanssi_hide_content":"","_relevanssi_pin_for_all":"","_relevanssi_pin_keywords":"","_relevanssi_unpin_keywords":"","_relevanssi_related_keywords":"","_relevanssi_related_include_ids":"","_relevanssi_related_exclude_ids":"","_relevanssi_related_no_append":"","_relevanssi_related_not_related":"","_relevanssi_related_posts":"","_relevanssi_noindex_reason":"","_monsterinsights_skip_tracking":false,"_monsterinsights_sitenote_active":false,"_monsterinsights_sitenote_note":"","_monsterinsights_sitenote_category":0,"_genesis_hide_title":false,"_genesis_hide_breadcrumbs":false,"_genesis_hide_singular_image":false,"_genesis_hide_footer_widgets":false,"_genesis_custom_body_class":"","_genesis_custom_post_class":"","_genesis_layout":"","footnotes":""},"categories":[4044,366,4043],"tags":[876,409,2303,848,709],"class_list":{"0":"post-124049","1":"post","2":"type-post","3":"status-publish","4":"format-standard","5":"has-post-thumbnail","7":"category-arts-hum","8":"category-eu-calls-and-awards","9":"category-euraxess-en","10":"tag-austria","11":"tag-call","12":"tag-cultural-studies","13":"tag-euraxess-en","14":"tag-history","15":"entry"},"acf":[],"yoast_head":"<!-- This site is optimized with the Yoast SEO plugin v27.4 - https:\/\/yoast.com\/product\/yoast-seo-wordpress\/ -->\n<title>Posdoc position in Cultural Studies in Austria | CDE Almer\u00eda - Centro de Documentaci\u00f3n Europea - Universidad de Almer\u00eda<\/title>\n<meta name=\"robots\" content=\"index, follow, max-snippet:-1, max-image-preview:large, max-video-preview:-1\" \/>\n<link rel=\"canonical\" href=\"https:\/\/www.cde.ual.es\/puesto-de-posdoctorado-en-estudios-culturales-en-austria\/\" \/>\n<meta property=\"og:locale\" content=\"en_US\" \/>\n<meta property=\"og:type\" content=\"article\" \/>\n<meta property=\"og:title\" content=\"Posdoc position in Cultural Studies in Austria | CDE Almer\u00eda - Centro de Documentaci\u00f3n Europea - Universidad de Almer\u00eda\" \/>\n<meta property=\"og:description\" content=\"The Institute for Medieval Research (IMAFO) of the Austrian Academy of Sciences (OeAW), Austria\u2019s leading non-university research and science institution, is offering a Postdoc Position for a duration of 36 months at the Department for Byzantine Research within the FWF-Project \u201cEntangled Charters of Anatolia (1200-1300). Diplomacy, administration and world ordering during crisis in the transcultural [&hellip;]\" \/>\n<meta property=\"og:url\" content=\"https:\/\/www.cde.ual.es\/puesto-de-posdoctorado-en-estudios-culturales-en-austria\/\" \/>\n<meta property=\"og:site_name\" content=\"CDE Almer\u00eda - Centro de Documentaci\u00f3n Europea - Universidad de Almer\u00eda\" \/>\n<meta property=\"article:publisher\" content=\"https:\/\/www.facebook.com\/cdeuniversidadalmeria\/\" \/>\n<meta property=\"article:published_time\" content=\"2022-11-25T02:00:52+00:00\" \/>\n<meta property=\"og:image\" content=\"https:\/\/www.cde.ual.es\/wp-content\/uploads\/2022\/11\/arabic-script-1174145_1920.jpg\" \/>\n\t<meta property=\"og:image:width\" content=\"1920\" \/>\n\t<meta property=\"og:image:height\" content=\"1440\" \/>\n\t<meta property=\"og:image:type\" content=\"image\/jpeg\" \/>\n<meta name=\"author\" content=\"BECA 2 CDE\" \/>\n<meta name=\"twitter:card\" content=\"summary_large_image\" \/>\n<meta name=\"twitter:creator\" content=\"@cdeualmeria\" \/>\n<meta name=\"twitter:site\" content=\"@cdeualmeria\" \/>\n<meta name=\"twitter:label1\" content=\"Written by\" \/>\n\t<meta name=\"twitter:data1\" content=\"BECA 2 CDE\" \/>\n\t<meta name=\"twitter:label2\" content=\"Est. reading time\" \/>\n\t<meta name=\"twitter:data2\" content=\"2 minutes\" \/>\n<script type=\"application\/ld+json\" class=\"yoast-schema-graph\">{\"@context\":\"https:\\\/\\\/schema.org\",\"@graph\":[{\"@type\":\"Article\",\"@id\":\"https:\\\/\\\/www.cde.ual.es\\\/puesto-de-posdoctorado-en-estudios-culturales-en-austria\\\/#article\",\"isPartOf\":{\"@id\":\"https:\\\/\\\/www.cde.ual.es\\\/puesto-de-posdoctorado-en-estudios-culturales-en-austria\\\/\"},\"author\":{\"name\":\"BECA 2 CDE\",\"@id\":\"https:\\\/\\\/www.cde.ual.es\\\/#\\\/schema\\\/person\\\/ee46ebc19edfa19598c02cff83335acc\"},\"headline\":\"Posdoc position in Cultural Studies in Austria\",\"datePublished\":\"2022-11-25T02:00:52+00:00\",\"mainEntityOfPage\":{\"@id\":\"https:\\\/\\\/www.cde.ual.es\\\/puesto-de-posdoctorado-en-estudios-culturales-en-austria\\\/\"},\"wordCount\":314,\"commentCount\":0,\"publisher\":{\"@id\":\"https:\\\/\\\/www.cde.ual.es\\\/#organization\"},\"image\":{\"@id\":\"https:\\\/\\\/www.cde.ual.es\\\/puesto-de-posdoctorado-en-estudios-culturales-en-austria\\\/#primaryimage\"},\"thumbnailUrl\":\"https:\\\/\\\/www.cde.ual.es\\\/wp-content\\\/uploads\\\/2022\\\/11\\\/arabic-script-1174145_1920.jpg\",\"keywords\":[\"Austria\",\"call\",\"Cultural studies\",\"Euraxess\",\"History\"],\"articleSection\":[\"Arts and Humanities\",\"EU Calls and Awards\",\"Euraxess\"],\"inLanguage\":\"en-US\",\"potentialAction\":[{\"@type\":\"CommentAction\",\"name\":\"Comment\",\"target\":[\"https:\\\/\\\/www.cde.ual.es\\\/puesto-de-posdoctorado-en-estudios-culturales-en-austria\\\/#respond\"]}]},{\"@type\":\"WebPage\",\"@id\":\"https:\\\/\\\/www.cde.ual.es\\\/puesto-de-posdoctorado-en-estudios-culturales-en-austria\\\/\",\"url\":\"https:\\\/\\\/www.cde.ual.es\\\/puesto-de-posdoctorado-en-estudios-culturales-en-austria\\\/\",\"name\":\"Posdoc position in Cultural Studies in Austria | CDE Almer\u00eda - Centro de Documentaci\u00f3n Europea - Universidad de Almer\u00eda\",\"isPartOf\":{\"@id\":\"https:\\\/\\\/www.cde.ual.es\\\/#website\"},\"primaryImageOfPage\":{\"@id\":\"https:\\\/\\\/www.cde.ual.es\\\/puesto-de-posdoctorado-en-estudios-culturales-en-austria\\\/#primaryimage\"},\"image\":{\"@id\":\"https:\\\/\\\/www.cde.ual.es\\\/puesto-de-posdoctorado-en-estudios-culturales-en-austria\\\/#primaryimage\"},\"thumbnailUrl\":\"https:\\\/\\\/www.cde.ual.es\\\/wp-content\\\/uploads\\\/2022\\\/11\\\/arabic-script-1174145_1920.jpg\",\"datePublished\":\"2022-11-25T02:00:52+00:00\",\"breadcrumb\":{\"@id\":\"https:\\\/\\\/www.cde.ual.es\\\/puesto-de-posdoctorado-en-estudios-culturales-en-austria\\\/#breadcrumb\"},\"inLanguage\":\"en-US\",\"potentialAction\":[{\"@type\":\"ReadAction\",\"target\":[\"https:\\\/\\\/www.cde.ual.es\\\/puesto-de-posdoctorado-en-estudios-culturales-en-austria\\\/\"]}]},{\"@type\":\"ImageObject\",\"inLanguage\":\"en-US\",\"@id\":\"https:\\\/\\\/www.cde.ual.es\\\/puesto-de-posdoctorado-en-estudios-culturales-en-austria\\\/#primaryimage\",\"url\":\"https:\\\/\\\/www.cde.ual.es\\\/wp-content\\\/uploads\\\/2022\\\/11\\\/arabic-script-1174145_1920.jpg\",\"contentUrl\":\"https:\\\/\\\/www.cde.ual.es\\\/wp-content\\\/uploads\\\/2022\\\/11\\\/arabic-script-1174145_1920.jpg\",\"width\":1920,\"height\":1440},{\"@type\":\"BreadcrumbList\",\"@id\":\"https:\\\/\\\/www.cde.ual.es\\\/puesto-de-posdoctorado-en-estudios-culturales-en-austria\\\/#breadcrumb\",\"itemListElement\":[{\"@type\":\"ListItem\",\"position\":1,\"name\":\"Inicio\",\"item\":\"https:\\\/\\\/www.cde.ual.es\\\/en\\\/\"},{\"@type\":\"ListItem\",\"position\":2,\"name\":\"Convocatorias y Premios UE\",\"item\":\"https:\\\/\\\/www.cde.ual.es\\\/category\\\/convocatorias-y-premios-ue\\\/\"},{\"@type\":\"ListItem\",\"position\":3,\"name\":\"Euraxess\",\"item\":\"https:\\\/\\\/www.cde.ual.es\\\/category\\\/convocatorias-y-premios-ue\\\/euraxess\\\/\"},{\"@type\":\"ListItem\",\"position\":4,\"name\":\"Arts and Humanities\",\"item\":\"https:\\\/\\\/www.cde.ual.es\\\/en\\\/category\\\/eu-calls-and-awards\\\/euraxess-en\\\/arts-hum\\\/\"},{\"@type\":\"ListItem\",\"position\":5,\"name\":\"Posdoc position in Cultural Studies in Austria\"}]},{\"@type\":\"WebSite\",\"@id\":\"https:\\\/\\\/www.cde.ual.es\\\/#website\",\"url\":\"https:\\\/\\\/www.cde.ual.es\\\/\",\"name\":\"CDE Almer\u00eda - Centro de Documentaci\u00f3n Europea - Universidad de Almer\u00eda\",\"description\":\"Centro de Documentaci\u00f3n Europea de la Universidad de Almer\u00eda\",\"publisher\":{\"@id\":\"https:\\\/\\\/www.cde.ual.es\\\/#organization\"},\"alternateName\":\"CDE Almer\u00eda\",\"potentialAction\":[{\"@type\":\"SearchAction\",\"target\":{\"@type\":\"EntryPoint\",\"urlTemplate\":\"https:\\\/\\\/www.cde.ual.es\\\/?s={search_term_string}\"},\"query-input\":{\"@type\":\"PropertyValueSpecification\",\"valueRequired\":true,\"valueName\":\"search_term_string\"}}],\"inLanguage\":\"en-US\"},{\"@type\":\"Organization\",\"@id\":\"https:\\\/\\\/www.cde.ual.es\\\/#organization\",\"name\":\"Centro de Documentaci\u00f3n Europea de Almer\u00eda\",\"url\":\"https:\\\/\\\/www.cde.ual.es\\\/\",\"logo\":{\"@type\":\"ImageObject\",\"inLanguage\":\"en-US\",\"@id\":\"https:\\\/\\\/www.cde.ual.es\\\/#\\\/schema\\\/logo\\\/image\\\/\",\"url\":\"https:\\\/\\\/www.cde.ual.es\\\/wp-content\\\/uploads\\\/2025\\\/07\\\/cde-logo-3.png\",\"contentUrl\":\"https:\\\/\\\/www.cde.ual.es\\\/wp-content\\\/uploads\\\/2025\\\/07\\\/cde-logo-3.png\",\"width\":1400,\"height\":300,\"caption\":\"Centro de Documentaci\u00f3n Europea de Almer\u00eda\"},\"image\":{\"@id\":\"https:\\\/\\\/www.cde.ual.es\\\/#\\\/schema\\\/logo\\\/image\\\/\"},\"sameAs\":[\"https:\\\/\\\/www.facebook.com\\\/cdeuniversidadalmeria\\\/\",\"https:\\\/\\\/x.com\\\/cdeualmeria\",\"https:\\\/\\\/www.tiktok.com\\\/@cdealmeria\",\"https:\\\/\\\/www.instagram.com\\\/cdealmeria\\\/\",\"https:\\\/\\\/www.linkedin.com\\\/in\\\/cde-almera-812b26a9\\\/\"]},{\"@type\":\"Person\",\"@id\":\"https:\\\/\\\/www.cde.ual.es\\\/#\\\/schema\\\/person\\\/ee46ebc19edfa19598c02cff83335acc\",\"name\":\"BECA 2 CDE\",\"image\":{\"@type\":\"ImageObject\",\"inLanguage\":\"en-US\",\"@id\":\"https:\\\/\\\/secure.gravatar.com\\\/avatar\\\/35a481bbc04bbd90e91bdfa3b0b5541036c222a49b9ad37b6889a2afcb5311a5?s=96&d=mm&r=g\",\"url\":\"https:\\\/\\\/secure.gravatar.com\\\/avatar\\\/35a481bbc04bbd90e91bdfa3b0b5541036c222a49b9ad37b6889a2afcb5311a5?s=96&d=mm&r=g\",\"contentUrl\":\"https:\\\/\\\/secure.gravatar.com\\\/avatar\\\/35a481bbc04bbd90e91bdfa3b0b5541036c222a49b9ad37b6889a2afcb5311a5?s=96&d=mm&r=g\",\"caption\":\"BECA 2 CDE\"},\"sameAs\":[\"http:\\\/\\\/www.cdealmeria.com\"]}]}<\/script>\n<!-- \/ Yoast SEO plugin. -->","yoast_head_json":{"title":"Posdoc position in Cultural Studies in Austria | CDE Almer\u00eda - Centro de Documentaci\u00f3n Europea - Universidad de Almer\u00eda","robots":{"index":"index","follow":"follow","max-snippet":"max-snippet:-1","max-image-preview":"max-image-preview:large","max-video-preview":"max-video-preview:-1"},"canonical":"https:\/\/www.cde.ual.es\/puesto-de-posdoctorado-en-estudios-culturales-en-austria\/","og_locale":"en_US","og_type":"article","og_title":"Posdoc position in Cultural Studies in Austria | CDE Almer\u00eda - Centro de Documentaci\u00f3n Europea - Universidad de Almer\u00eda","og_description":"The Institute for Medieval Research (IMAFO) of the Austrian Academy of Sciences (OeAW), Austria\u2019s leading non-university research and science institution, is offering a Postdoc Position for a duration of 36 months at the Department for Byzantine Research within the FWF-Project \u201cEntangled Charters of Anatolia (1200-1300). Diplomacy, administration and world ordering during crisis in the transcultural [&hellip;]","og_url":"https:\/\/www.cde.ual.es\/puesto-de-posdoctorado-en-estudios-culturales-en-austria\/","og_site_name":"CDE Almer\u00eda - Centro de Documentaci\u00f3n Europea - Universidad de Almer\u00eda","article_publisher":"https:\/\/www.facebook.com\/cdeuniversidadalmeria\/","article_published_time":"2022-11-25T02:00:52+00:00","og_image":[{"width":1920,"height":1440,"url":"https:\/\/www.cde.ual.es\/wp-content\/uploads\/2022\/11\/arabic-script-1174145_1920.jpg","type":"image\/jpeg"}],"author":"BECA 2 CDE","twitter_card":"summary_large_image","twitter_creator":"@cdeualmeria","twitter_site":"@cdeualmeria","twitter_misc":{"Written by":"BECA 2 CDE","Est. reading time":"2 minutes"},"schema":{"@context":"https:\/\/schema.org","@graph":[{"@type":"Article","@id":"https:\/\/www.cde.ual.es\/puesto-de-posdoctorado-en-estudios-culturales-en-austria\/#article","isPartOf":{"@id":"https:\/\/www.cde.ual.es\/puesto-de-posdoctorado-en-estudios-culturales-en-austria\/"},"author":{"name":"BECA 2 CDE","@id":"https:\/\/www.cde.ual.es\/#\/schema\/person\/ee46ebc19edfa19598c02cff83335acc"},"headline":"Posdoc position in Cultural Studies in Austria","datePublished":"2022-11-25T02:00:52+00:00","mainEntityOfPage":{"@id":"https:\/\/www.cde.ual.es\/puesto-de-posdoctorado-en-estudios-culturales-en-austria\/"},"wordCount":314,"commentCount":0,"publisher":{"@id":"https:\/\/www.cde.ual.es\/#organization"},"image":{"@id":"https:\/\/www.cde.ual.es\/puesto-de-posdoctorado-en-estudios-culturales-en-austria\/#primaryimage"},"thumbnailUrl":"https:\/\/www.cde.ual.es\/wp-content\/uploads\/2022\/11\/arabic-script-1174145_1920.jpg","keywords":["Austria","call","Cultural studies","Euraxess","History"],"articleSection":["Arts and Humanities","EU Calls and Awards","Euraxess"],"inLanguage":"en-US","potentialAction":[{"@type":"CommentAction","name":"Comment","target":["https:\/\/www.cde.ual.es\/puesto-de-posdoctorado-en-estudios-culturales-en-austria\/#respond"]}]},{"@type":"WebPage","@id":"https:\/\/www.cde.ual.es\/puesto-de-posdoctorado-en-estudios-culturales-en-austria\/","url":"https:\/\/www.cde.ual.es\/puesto-de-posdoctorado-en-estudios-culturales-en-austria\/","name":"Posdoc position in Cultural Studies in Austria | CDE Almer\u00eda - Centro de Documentaci\u00f3n Europea - Universidad de Almer\u00eda","isPartOf":{"@id":"https:\/\/www.cde.ual.es\/#website"},"primaryImageOfPage":{"@id":"https:\/\/www.cde.ual.es\/puesto-de-posdoctorado-en-estudios-culturales-en-austria\/#primaryimage"},"image":{"@id":"https:\/\/www.cde.ual.es\/puesto-de-posdoctorado-en-estudios-culturales-en-austria\/#primaryimage"},"thumbnailUrl":"https:\/\/www.cde.ual.es\/wp-content\/uploads\/2022\/11\/arabic-script-1174145_1920.jpg","datePublished":"2022-11-25T02:00:52+00:00","breadcrumb":{"@id":"https:\/\/www.cde.ual.es\/puesto-de-posdoctorado-en-estudios-culturales-en-austria\/#breadcrumb"},"inLanguage":"en-US","potentialAction":[{"@type":"ReadAction","target":["https:\/\/www.cde.ual.es\/puesto-de-posdoctorado-en-estudios-culturales-en-austria\/"]}]},{"@type":"ImageObject","inLanguage":"en-US","@id":"https:\/\/www.cde.ual.es\/puesto-de-posdoctorado-en-estudios-culturales-en-austria\/#primaryimage","url":"https:\/\/www.cde.ual.es\/wp-content\/uploads\/2022\/11\/arabic-script-1174145_1920.jpg","contentUrl":"https:\/\/www.cde.ual.es\/wp-content\/uploads\/2022\/11\/arabic-script-1174145_1920.jpg","width":1920,"height":1440},{"@type":"BreadcrumbList","@id":"https:\/\/www.cde.ual.es\/puesto-de-posdoctorado-en-estudios-culturales-en-austria\/#breadcrumb","itemListElement":[{"@type":"ListItem","position":1,"name":"Inicio","item":"https:\/\/www.cde.ual.es\/en\/"},{"@type":"ListItem","position":2,"name":"Convocatorias y Premios UE","item":"https:\/\/www.cde.ual.es\/category\/convocatorias-y-premios-ue\/"},{"@type":"ListItem","position":3,"name":"Euraxess","item":"https:\/\/www.cde.ual.es\/category\/convocatorias-y-premios-ue\/euraxess\/"},{"@type":"ListItem","position":4,"name":"Arts and Humanities","item":"https:\/\/www.cde.ual.es\/en\/category\/eu-calls-and-awards\/euraxess-en\/arts-hum\/"},{"@type":"ListItem","position":5,"name":"Posdoc position in Cultural Studies in Austria"}]},{"@type":"WebSite","@id":"https:\/\/www.cde.ual.es\/#website","url":"https:\/\/www.cde.ual.es\/","name":"CDE Almer\u00eda - Centro de Documentaci\u00f3n Europea - Universidad de Almer\u00eda","description":"Centro de Documentaci\u00f3n Europea de la Universidad de Almer\u00eda","publisher":{"@id":"https:\/\/www.cde.ual.es\/#organization"},"alternateName":"CDE Almer\u00eda","potentialAction":[{"@type":"SearchAction","target":{"@type":"EntryPoint","urlTemplate":"https:\/\/www.cde.ual.es\/?s={search_term_string}"},"query-input":{"@type":"PropertyValueSpecification","valueRequired":true,"valueName":"search_term_string"}}],"inLanguage":"en-US"},{"@type":"Organization","@id":"https:\/\/www.cde.ual.es\/#organization","name":"Centro de Documentaci\u00f3n Europea de Almer\u00eda","url":"https:\/\/www.cde.ual.es\/","logo":{"@type":"ImageObject","inLanguage":"en-US","@id":"https:\/\/www.cde.ual.es\/#\/schema\/logo\/image\/","url":"https:\/\/www.cde.ual.es\/wp-content\/uploads\/2025\/07\/cde-logo-3.png","contentUrl":"https:\/\/www.cde.ual.es\/wp-content\/uploads\/2025\/07\/cde-logo-3.png","width":1400,"height":300,"caption":"Centro de Documentaci\u00f3n Europea de Almer\u00eda"},"image":{"@id":"https:\/\/www.cde.ual.es\/#\/schema\/logo\/image\/"},"sameAs":["https:\/\/www.facebook.com\/cdeuniversidadalmeria\/","https:\/\/x.com\/cdeualmeria","https:\/\/www.tiktok.com\/@cdealmeria","https:\/\/www.instagram.com\/cdealmeria\/","https:\/\/www.linkedin.com\/in\/cde-almera-812b26a9\/"]},{"@type":"Person","@id":"https:\/\/www.cde.ual.es\/#\/schema\/person\/ee46ebc19edfa19598c02cff83335acc","name":"BECA 2 CDE","image":{"@type":"ImageObject","inLanguage":"en-US","@id":"https:\/\/secure.gravatar.com\/avatar\/35a481bbc04bbd90e91bdfa3b0b5541036c222a49b9ad37b6889a2afcb5311a5?s=96&d=mm&r=g","url":"https:\/\/secure.gravatar.com\/avatar\/35a481bbc04bbd90e91bdfa3b0b5541036c222a49b9ad37b6889a2afcb5311a5?s=96&d=mm&r=g","contentUrl":"https:\/\/secure.gravatar.com\/avatar\/35a481bbc04bbd90e91bdfa3b0b5541036c222a49b9ad37b6889a2afcb5311a5?s=96&d=mm&r=g","caption":"BECA 2 CDE"},"sameAs":["http:\/\/www.cdealmeria.com"]}]}},"_links":{"self":[{"href":"https:\/\/www.cde.ual.es\/en\/wp-json\/wp\/v2\/posts\/124049","targetHints":{"allow":["GET"]}}],"collection":[{"href":"https:\/\/www.cde.ual.es\/en\/wp-json\/wp\/v2\/posts"}],"about":[{"href":"https:\/\/www.cde.ual.es\/en\/wp-json\/wp\/v2\/types\/post"}],"author":[{"embeddable":true,"href":"https:\/\/www.cde.ual.es\/en\/wp-json\/wp\/v2\/users\/101011"}],"replies":[{"embeddable":true,"href":"https:\/\/www.cde.ual.es\/en\/wp-json\/wp\/v2\/comments?post=124049"}],"version-history":[{"count":2,"href":"https:\/\/www.cde.ual.es\/en\/wp-json\/wp\/v2\/posts\/124049\/revisions"}],"predecessor-version":[{"id":124064,"href":"https:\/\/www.cde.ual.es\/en\/wp-json\/wp\/v2\/posts\/124049\/revisions\/124064"}],"wp:featuredmedia":[{"embeddable":true,"href":"https:\/\/www.cde.ual.es\/en\/wp-json\/wp\/v2\/media\/124053"}],"wp:attachment":[{"href":"https:\/\/www.cde.ual.es\/en\/wp-json\/wp\/v2\/media?parent=124049"}],"wp:term":[{"taxonomy":"category","embeddable":true,"href":"https:\/\/www.cde.ual.es\/en\/wp-json\/wp\/v2\/categories?post=124049"},{"taxonomy":"post_tag","embeddable":true,"href":"https:\/\/www.cde.ual.es\/en\/wp-json\/wp\/v2\/tags?post=124049"}],"curies":[{"name":"wp","href":"https:\/\/api.w.org\/{rel}","templated":true}]}}