{"id":12357,"date":"2019-02-04T08:00:23","date_gmt":"2019-02-04T07:00:23","guid":{"rendered":"http:\/\/www.cde.ual.es\/?p=12357"},"modified":"2019-02-03T21:07:39","modified_gmt":"2019-02-03T20:07:39","slug":"consulta-ciudadana-principio-del-tratado-sobre-igualdad-de-remuneracion","status":"publish","type":"post","link":"https:\/\/www.cde.ual.es\/en\/consulta-ciudadana-principio-del-tratado-sobre-igualdad-de-remuneracion\/","title":{"rendered":"Consulta ciudadana: Principio del Tratado sobre &#8216;igualdad de remuneraci\u00f3n&#8217;"},"content":{"rendered":"\n<p><strong><em>La consulta estar\u00e1 disponible hasta el d\u00eda 5 de abril\u00a0y reafirma el compromiso de la Comisi\u00f3n de mejorar la igualdad de g\u00e9nero y abordar las causas fundamentales de la brecha salarial. <\/em><\/strong><\/p>\n\n\n\n<figure class=\"wp-block-image\"><img decoding=\"async\" width=\"1024\" height=\"512\" src=\"http:\/\/www.cde.ual.es\/wp-content\/uploads\/2019\/02\/Igualdad-Genero-1-1024x512.jpg\" alt=\"\" class=\"wp-image-12359\" srcset=\"https:\/\/www.cde.ual.es\/wp-content\/uploads\/2019\/02\/Igualdad-Genero-1-1024x512.jpg 1024w, https:\/\/www.cde.ual.es\/wp-content\/uploads\/2019\/02\/Igualdad-Genero-1-300x150.jpg 300w, https:\/\/www.cde.ual.es\/wp-content\/uploads\/2019\/02\/Igualdad-Genero-1-768x384.jpg 768w, https:\/\/www.cde.ual.es\/wp-content\/uploads\/2019\/02\/Igualdad-Genero-1.jpg 1200w\" sizes=\"(max-width: 1024px) 100vw, 1024px\" \/><\/figure>\n\n\n\n<p><\/p>\n\n\n\n<h3 class=\"wp-block-heading\">P\u00fablico al que va dirigida<\/h3>\n\n\n\n<p>La Comisi\u00f3n busca recabar aportes de una amplia gama de partes interesadas, incluidas autoridades p\u00fablicas y administraciones, asociaciones profesionales y empresariales, sindicatos y asociaciones sindicales, empresas, asociaciones de mujeres, organismos nacionales de igualdad, inspecciones de trabajo, otros organismos nacionales, ciudadanos, organizaciones civiles organizaciones no gubernamentales, acad\u00e9micas y de investigaci\u00f3n y organizaciones ejecutantes, incluidas las universidades.<\/p>\n\n\n\n<h3 class=\"wp-block-heading\">El por qu\u00e9 de esta consulta<\/h3>\n\n\n\n<p>En noviembre de 2017, la Comisi\u00f3n adopt\u00f3 un Plan de Acci\u00f3n para abordar la brecha salarial de g\u00e9nero. El Plan de acci\u00f3n comprende un conjunto amplio y coherente de acciones que se entregar\u00e1n al final del mandato de la Comisi\u00f3n actual.<br> Una de esas acciones es una evaluaci\u00f3n de las disposiciones pertinentes de la legislaci\u00f3n de la UE que implementan el principio del Tratado sobre &#8220;igual remuneraci\u00f3n por igual trabajo o trabajo de igual valor&#8221;, con el fin de garantizar una mejor aplicaci\u00f3n del principio de igual remuneraci\u00f3n por trabajo de igual nivel. Valor en la pr\u00e1ctica. Para ello, la Comisi\u00f3n pone en marcha la presente consulta p\u00fablica.<\/p>\n\n\n\n<h3 class=\"wp-block-heading\">Objetivo de la consulta<\/h3>\n\n\n\n<p> Esta consulta p\u00fablica tiene como objetivo recopilar informaci\u00f3n, opiniones y experiencias sobre el funcionamiento y la implementaci\u00f3n del principio de &#8216;igualdad de remuneraci\u00f3n&#8217;, consagrados en el Tratado de la UE e incorporados en la Directiva refundida sobre igualdad de g\u00e9nero (Directiva 2006\/54 \/ CE) y reforzados por el 2014 Recomendaci\u00f3n sobre la transparencia salarial (C (2014) 1405 final).<\/p>\n\n\n\n<h3 class=\"wp-block-heading\">C\u00f3mo participar en la consulta<\/h3>\n\n\n\n<p>Para participar en la consulta solo hay que rellenar un cuestionario en l\u00ednea. <\/p>\n\n\n\n<p>Los cuestionarios est\u00e1n disponibles en algunas o en todas las lenguas oficiales de la UE. Puede enviar sus respuestas en cualquier idioma oficial de la UE.<\/p>\n\n\n\n<h3 class=\"wp-block-heading\">M\u00e1s informaci\u00f3n<\/h3>\n\n\n\n<p><a href=\"https:\/\/eur-lex.europa.eu\/legal-content\/EN\/TXT\/HTML\/?uri=CELEX:32001R0045&amp;qid=1439283006325\">Regulation 45\/2001<\/a><\/p>\n\n\n\n<p><a href=\"https:\/\/ec.europa.eu\/info\/law\/better-regulation\/initiatives\/ares-2018-3415794\/public-consultation_en?pk_source=twitter&amp;pk_medium=social_media_organic&amp;pk_campaign=opc_gender_pay_gap\">Noticia completa<\/a><\/p>\n\n\n\n<p><a href=\"mailto:Vitalijus.NOVIKOVAS@ec.europa.eu\">Contact: Vitalijus.NOVIKOVAS@ec.europa.eu<\/a><\/p>\n","protected":false},"excerpt":{"rendered":"<p>La consulta estar\u00e1 disponible hasta el d\u00eda 5 de abril\u00a0y reafirma el compromiso de la Comisi\u00f3n de mejorar la igualdad de g\u00e9nero y abordar las causas fundamentales de la brecha salarial. P\u00fablico al que va dirigida La Comisi\u00f3n busca recabar aportes de una amplia gama de partes interesadas, incluidas autoridades p\u00fablicas y administraciones, asociaciones profesionales [&hellip;]<\/p>\n","protected":false},"author":1,"featured_media":12358,"comment_status":"open","ping_status":"open","sticky":false,"template":"","format":"standard","meta":{"_acf_changed":false,"_relevanssi_hide_post":"","_relevanssi_hide_content":"","_relevanssi_pin_for_all":"","_relevanssi_pin_keywords":"","_relevanssi_unpin_keywords":"","_relevanssi_related_keywords":"","_relevanssi_related_include_ids":"","_relevanssi_related_exclude_ids":"","_relevanssi_related_no_append":"","_relevanssi_related_not_related":"","_relevanssi_related_posts":"","_relevanssi_noindex_reason":"","_monsterinsights_skip_tracking":false,"_monsterinsights_sitenote_active":false,"_monsterinsights_sitenote_note":"","_monsterinsights_sitenote_category":0,"_genesis_hide_title":false,"_genesis_hide_breadcrumbs":false,"_genesis_hide_singular_image":false,"_genesis_hide_footer_widgets":false,"_genesis_custom_body_class":"","_genesis_custom_post_class":"","_genesis_layout":"","footnotes":""},"categories":[96],"tags":[325,135],"class_list":{"0":"post-12357","1":"post","2":"type-post","3":"status-publish","4":"format-standard","5":"has-post-thumbnail","7":"category-noticias-ue","8":"tag-igualdad","9":"tag-union-europea","10":"entry"},"acf":[],"yoast_head":"<!-- This site is optimized with the Yoast SEO plugin v27.4 - https:\/\/yoast.com\/product\/yoast-seo-wordpress\/ -->\n<title>Consulta ciudadana: Principio del Tratado sobre &#039;igualdad de remuneraci\u00f3n&#039; | CDE Almer\u00eda - Centro de Documentaci\u00f3n Europea - Universidad de Almer\u00eda<\/title>\n<meta name=\"robots\" content=\"index, follow, max-snippet:-1, max-image-preview:large, max-video-preview:-1\" \/>\n<link rel=\"canonical\" href=\"https:\/\/www.cde.ual.es\/consulta-ciudadana-principio-del-tratado-sobre-igualdad-de-remuneracion\/\" \/>\n<meta property=\"og:locale\" content=\"en_US\" \/>\n<meta property=\"og:type\" content=\"article\" \/>\n<meta property=\"og:title\" content=\"Consulta ciudadana: Principio del Tratado sobre &#039;igualdad de remuneraci\u00f3n&#039; | CDE Almer\u00eda - Centro de Documentaci\u00f3n Europea - Universidad de Almer\u00eda\" \/>\n<meta property=\"og:description\" content=\"La consulta estar\u00e1 disponible hasta el d\u00eda 5 de abril\u00a0y reafirma el compromiso de la Comisi\u00f3n de mejorar la igualdad de g\u00e9nero y abordar las causas fundamentales de la brecha salarial. P\u00fablico al que va dirigida La Comisi\u00f3n busca recabar aportes de una amplia gama de partes interesadas, incluidas autoridades p\u00fablicas y administraciones, asociaciones profesionales [&hellip;]\" \/>\n<meta property=\"og:url\" content=\"https:\/\/www.cde.ual.es\/consulta-ciudadana-principio-del-tratado-sobre-igualdad-de-remuneracion\/\" \/>\n<meta property=\"og:site_name\" content=\"CDE Almer\u00eda - Centro de Documentaci\u00f3n Europea - Universidad de Almer\u00eda\" \/>\n<meta property=\"article:publisher\" content=\"https:\/\/www.facebook.com\/cdeuniversidadalmeria\/\" \/>\n<meta property=\"article:published_time\" content=\"2019-02-04T07:00:23+00:00\" \/>\n<meta property=\"og:image\" content=\"https:\/\/www.cde.ual.es\/wp-content\/uploads\/2019\/02\/Igualdad-Genero.jpg\" \/>\n\t<meta property=\"og:image:width\" content=\"1200\" \/>\n\t<meta property=\"og:image:height\" content=\"600\" \/>\n\t<meta property=\"og:image:type\" content=\"image\/jpeg\" \/>\n<meta name=\"author\" content=\"AdminCDE\" \/>\n<meta name=\"twitter:card\" content=\"summary_large_image\" \/>\n<meta name=\"twitter:creator\" content=\"@cdeualmeria\" \/>\n<meta name=\"twitter:site\" content=\"@cdeualmeria\" \/>\n<meta name=\"twitter:label1\" content=\"Written by\" \/>\n\t<meta name=\"twitter:data1\" content=\"AdminCDE\" \/>\n\t<meta name=\"twitter:label2\" content=\"Est. reading time\" \/>\n\t<meta name=\"twitter:data2\" content=\"2 minutes\" \/>\n<script type=\"application\/ld+json\" class=\"yoast-schema-graph\">{\"@context\":\"https:\\\/\\\/schema.org\",\"@graph\":[{\"@type\":\"Article\",\"@id\":\"https:\\\/\\\/www.cde.ual.es\\\/consulta-ciudadana-principio-del-tratado-sobre-igualdad-de-remuneracion\\\/#article\",\"isPartOf\":{\"@id\":\"https:\\\/\\\/www.cde.ual.es\\\/consulta-ciudadana-principio-del-tratado-sobre-igualdad-de-remuneracion\\\/\"},\"author\":{\"name\":\"AdminCDE\",\"@id\":\"https:\\\/\\\/www.cde.ual.es\\\/#\\\/schema\\\/person\\\/224ef08c8bcc005f319d2713ce37ee5f\"},\"headline\":\"Consulta ciudadana: Principio del Tratado sobre &#8216;igualdad de remuneraci\u00f3n&#8217;\",\"datePublished\":\"2019-02-04T07:00:23+00:00\",\"mainEntityOfPage\":{\"@id\":\"https:\\\/\\\/www.cde.ual.es\\\/consulta-ciudadana-principio-del-tratado-sobre-igualdad-de-remuneracion\\\/\"},\"wordCount\":359,\"commentCount\":0,\"publisher\":{\"@id\":\"https:\\\/\\\/www.cde.ual.es\\\/#organization\"},\"image\":{\"@id\":\"https:\\\/\\\/www.cde.ual.es\\\/consulta-ciudadana-principio-del-tratado-sobre-igualdad-de-remuneracion\\\/#primaryimage\"},\"thumbnailUrl\":\"https:\\\/\\\/www.cde.ual.es\\\/wp-content\\\/uploads\\\/2019\\\/02\\\/Igualdad-Genero.jpg\",\"keywords\":[\"Igualdad\",\"Uni\u00f3n Europea\"],\"articleSection\":[\"Noticias UE\"],\"inLanguage\":\"en-US\",\"potentialAction\":[{\"@type\":\"CommentAction\",\"name\":\"Comment\",\"target\":[\"https:\\\/\\\/www.cde.ual.es\\\/consulta-ciudadana-principio-del-tratado-sobre-igualdad-de-remuneracion\\\/#respond\"]}]},{\"@type\":\"WebPage\",\"@id\":\"https:\\\/\\\/www.cde.ual.es\\\/consulta-ciudadana-principio-del-tratado-sobre-igualdad-de-remuneracion\\\/\",\"url\":\"https:\\\/\\\/www.cde.ual.es\\\/consulta-ciudadana-principio-del-tratado-sobre-igualdad-de-remuneracion\\\/\",\"name\":\"Consulta ciudadana: Principio del Tratado sobre 'igualdad de remuneraci\u00f3n' | CDE Almer\u00eda - Centro de Documentaci\u00f3n Europea - Universidad de Almer\u00eda\",\"isPartOf\":{\"@id\":\"https:\\\/\\\/www.cde.ual.es\\\/#website\"},\"primaryImageOfPage\":{\"@id\":\"https:\\\/\\\/www.cde.ual.es\\\/consulta-ciudadana-principio-del-tratado-sobre-igualdad-de-remuneracion\\\/#primaryimage\"},\"image\":{\"@id\":\"https:\\\/\\\/www.cde.ual.es\\\/consulta-ciudadana-principio-del-tratado-sobre-igualdad-de-remuneracion\\\/#primaryimage\"},\"thumbnailUrl\":\"https:\\\/\\\/www.cde.ual.es\\\/wp-content\\\/uploads\\\/2019\\\/02\\\/Igualdad-Genero.jpg\",\"datePublished\":\"2019-02-04T07:00:23+00:00\",\"breadcrumb\":{\"@id\":\"https:\\\/\\\/www.cde.ual.es\\\/consulta-ciudadana-principio-del-tratado-sobre-igualdad-de-remuneracion\\\/#breadcrumb\"},\"inLanguage\":\"en-US\",\"potentialAction\":[{\"@type\":\"ReadAction\",\"target\":[\"https:\\\/\\\/www.cde.ual.es\\\/consulta-ciudadana-principio-del-tratado-sobre-igualdad-de-remuneracion\\\/\"]}]},{\"@type\":\"ImageObject\",\"inLanguage\":\"en-US\",\"@id\":\"https:\\\/\\\/www.cde.ual.es\\\/consulta-ciudadana-principio-del-tratado-sobre-igualdad-de-remuneracion\\\/#primaryimage\",\"url\":\"https:\\\/\\\/www.cde.ual.es\\\/wp-content\\\/uploads\\\/2019\\\/02\\\/Igualdad-Genero.jpg\",\"contentUrl\":\"https:\\\/\\\/www.cde.ual.es\\\/wp-content\\\/uploads\\\/2019\\\/02\\\/Igualdad-Genero.jpg\",\"width\":1200,\"height\":600},{\"@type\":\"BreadcrumbList\",\"@id\":\"https:\\\/\\\/www.cde.ual.es\\\/consulta-ciudadana-principio-del-tratado-sobre-igualdad-de-remuneracion\\\/#breadcrumb\",\"itemListElement\":[{\"@type\":\"ListItem\",\"position\":1,\"name\":\"Inicio\",\"item\":\"https:\\\/\\\/www.cde.ual.es\\\/en\\\/\"},{\"@type\":\"ListItem\",\"position\":2,\"name\":\"Noticias UE\",\"item\":\"https:\\\/\\\/www.cde.ual.es\\\/category\\\/noticias-ue\\\/\"},{\"@type\":\"ListItem\",\"position\":3,\"name\":\"Consulta ciudadana: Principio del Tratado sobre &#8216;igualdad de remuneraci\u00f3n&#8217;\"}]},{\"@type\":\"WebSite\",\"@id\":\"https:\\\/\\\/www.cde.ual.es\\\/#website\",\"url\":\"https:\\\/\\\/www.cde.ual.es\\\/\",\"name\":\"CDE Almer\u00eda - Centro de Documentaci\u00f3n Europea - Universidad de Almer\u00eda\",\"description\":\"Centro de Documentaci\u00f3n Europea de la Universidad de Almer\u00eda\",\"publisher\":{\"@id\":\"https:\\\/\\\/www.cde.ual.es\\\/#organization\"},\"alternateName\":\"CDE Almer\u00eda\",\"potentialAction\":[{\"@type\":\"SearchAction\",\"target\":{\"@type\":\"EntryPoint\",\"urlTemplate\":\"https:\\\/\\\/www.cde.ual.es\\\/?s={search_term_string}\"},\"query-input\":{\"@type\":\"PropertyValueSpecification\",\"valueRequired\":true,\"valueName\":\"search_term_string\"}}],\"inLanguage\":\"en-US\"},{\"@type\":\"Organization\",\"@id\":\"https:\\\/\\\/www.cde.ual.es\\\/#organization\",\"name\":\"Centro de Documentaci\u00f3n Europea de Almer\u00eda\",\"url\":\"https:\\\/\\\/www.cde.ual.es\\\/\",\"logo\":{\"@type\":\"ImageObject\",\"inLanguage\":\"en-US\",\"@id\":\"https:\\\/\\\/www.cde.ual.es\\\/#\\\/schema\\\/logo\\\/image\\\/\",\"url\":\"https:\\\/\\\/www.cde.ual.es\\\/wp-content\\\/uploads\\\/2025\\\/07\\\/cde-logo-3.png\",\"contentUrl\":\"https:\\\/\\\/www.cde.ual.es\\\/wp-content\\\/uploads\\\/2025\\\/07\\\/cde-logo-3.png\",\"width\":1400,\"height\":300,\"caption\":\"Centro de Documentaci\u00f3n Europea de Almer\u00eda\"},\"image\":{\"@id\":\"https:\\\/\\\/www.cde.ual.es\\\/#\\\/schema\\\/logo\\\/image\\\/\"},\"sameAs\":[\"https:\\\/\\\/www.facebook.com\\\/cdeuniversidadalmeria\\\/\",\"https:\\\/\\\/x.com\\\/cdeualmeria\",\"https:\\\/\\\/www.tiktok.com\\\/@cdealmeria\",\"https:\\\/\\\/www.instagram.com\\\/cdealmeria\\\/\",\"https:\\\/\\\/www.linkedin.com\\\/in\\\/cde-almera-812b26a9\\\/\"]},{\"@type\":\"Person\",\"@id\":\"https:\\\/\\\/www.cde.ual.es\\\/#\\\/schema\\\/person\\\/224ef08c8bcc005f319d2713ce37ee5f\",\"name\":\"AdminCDE\",\"image\":{\"@type\":\"ImageObject\",\"inLanguage\":\"en-US\",\"@id\":\"https:\\\/\\\/secure.gravatar.com\\\/avatar\\\/a72d038d371f995cd13706fac32274b7952a52e8fb0a84b5f80c85426f2a98a8?s=96&d=mm&r=g\",\"url\":\"https:\\\/\\\/secure.gravatar.com\\\/avatar\\\/a72d038d371f995cd13706fac32274b7952a52e8fb0a84b5f80c85426f2a98a8?s=96&d=mm&r=g\",\"contentUrl\":\"https:\\\/\\\/secure.gravatar.com\\\/avatar\\\/a72d038d371f995cd13706fac32274b7952a52e8fb0a84b5f80c85426f2a98a8?s=96&d=mm&r=g\",\"caption\":\"AdminCDE\"}}]}<\/script>\n<!-- \/ Yoast SEO plugin. -->","yoast_head_json":{"title":"Consulta ciudadana: Principio del Tratado sobre 'igualdad de remuneraci\u00f3n' | CDE Almer\u00eda - Centro de Documentaci\u00f3n Europea - Universidad de Almer\u00eda","robots":{"index":"index","follow":"follow","max-snippet":"max-snippet:-1","max-image-preview":"max-image-preview:large","max-video-preview":"max-video-preview:-1"},"canonical":"https:\/\/www.cde.ual.es\/consulta-ciudadana-principio-del-tratado-sobre-igualdad-de-remuneracion\/","og_locale":"en_US","og_type":"article","og_title":"Consulta ciudadana: Principio del Tratado sobre 'igualdad de remuneraci\u00f3n' | CDE Almer\u00eda - Centro de Documentaci\u00f3n Europea - Universidad de Almer\u00eda","og_description":"La consulta estar\u00e1 disponible hasta el d\u00eda 5 de abril\u00a0y reafirma el compromiso de la Comisi\u00f3n de mejorar la igualdad de g\u00e9nero y abordar las causas fundamentales de la brecha salarial. P\u00fablico al que va dirigida La Comisi\u00f3n busca recabar aportes de una amplia gama de partes interesadas, incluidas autoridades p\u00fablicas y administraciones, asociaciones profesionales [&hellip;]","og_url":"https:\/\/www.cde.ual.es\/consulta-ciudadana-principio-del-tratado-sobre-igualdad-de-remuneracion\/","og_site_name":"CDE Almer\u00eda - Centro de Documentaci\u00f3n Europea - Universidad de Almer\u00eda","article_publisher":"https:\/\/www.facebook.com\/cdeuniversidadalmeria\/","article_published_time":"2019-02-04T07:00:23+00:00","og_image":[{"width":1200,"height":600,"url":"https:\/\/www.cde.ual.es\/wp-content\/uploads\/2019\/02\/Igualdad-Genero.jpg","type":"image\/jpeg"}],"author":"AdminCDE","twitter_card":"summary_large_image","twitter_creator":"@cdeualmeria","twitter_site":"@cdeualmeria","twitter_misc":{"Written by":"AdminCDE","Est. reading time":"2 minutes"},"schema":{"@context":"https:\/\/schema.org","@graph":[{"@type":"Article","@id":"https:\/\/www.cde.ual.es\/consulta-ciudadana-principio-del-tratado-sobre-igualdad-de-remuneracion\/#article","isPartOf":{"@id":"https:\/\/www.cde.ual.es\/consulta-ciudadana-principio-del-tratado-sobre-igualdad-de-remuneracion\/"},"author":{"name":"AdminCDE","@id":"https:\/\/www.cde.ual.es\/#\/schema\/person\/224ef08c8bcc005f319d2713ce37ee5f"},"headline":"Consulta ciudadana: Principio del Tratado sobre &#8216;igualdad de remuneraci\u00f3n&#8217;","datePublished":"2019-02-04T07:00:23+00:00","mainEntityOfPage":{"@id":"https:\/\/www.cde.ual.es\/consulta-ciudadana-principio-del-tratado-sobre-igualdad-de-remuneracion\/"},"wordCount":359,"commentCount":0,"publisher":{"@id":"https:\/\/www.cde.ual.es\/#organization"},"image":{"@id":"https:\/\/www.cde.ual.es\/consulta-ciudadana-principio-del-tratado-sobre-igualdad-de-remuneracion\/#primaryimage"},"thumbnailUrl":"https:\/\/www.cde.ual.es\/wp-content\/uploads\/2019\/02\/Igualdad-Genero.jpg","keywords":["Igualdad","Uni\u00f3n Europea"],"articleSection":["Noticias UE"],"inLanguage":"en-US","potentialAction":[{"@type":"CommentAction","name":"Comment","target":["https:\/\/www.cde.ual.es\/consulta-ciudadana-principio-del-tratado-sobre-igualdad-de-remuneracion\/#respond"]}]},{"@type":"WebPage","@id":"https:\/\/www.cde.ual.es\/consulta-ciudadana-principio-del-tratado-sobre-igualdad-de-remuneracion\/","url":"https:\/\/www.cde.ual.es\/consulta-ciudadana-principio-del-tratado-sobre-igualdad-de-remuneracion\/","name":"Consulta ciudadana: Principio del Tratado sobre 'igualdad de remuneraci\u00f3n' | CDE Almer\u00eda - Centro de Documentaci\u00f3n Europea - Universidad de Almer\u00eda","isPartOf":{"@id":"https:\/\/www.cde.ual.es\/#website"},"primaryImageOfPage":{"@id":"https:\/\/www.cde.ual.es\/consulta-ciudadana-principio-del-tratado-sobre-igualdad-de-remuneracion\/#primaryimage"},"image":{"@id":"https:\/\/www.cde.ual.es\/consulta-ciudadana-principio-del-tratado-sobre-igualdad-de-remuneracion\/#primaryimage"},"thumbnailUrl":"https:\/\/www.cde.ual.es\/wp-content\/uploads\/2019\/02\/Igualdad-Genero.jpg","datePublished":"2019-02-04T07:00:23+00:00","breadcrumb":{"@id":"https:\/\/www.cde.ual.es\/consulta-ciudadana-principio-del-tratado-sobre-igualdad-de-remuneracion\/#breadcrumb"},"inLanguage":"en-US","potentialAction":[{"@type":"ReadAction","target":["https:\/\/www.cde.ual.es\/consulta-ciudadana-principio-del-tratado-sobre-igualdad-de-remuneracion\/"]}]},{"@type":"ImageObject","inLanguage":"en-US","@id":"https:\/\/www.cde.ual.es\/consulta-ciudadana-principio-del-tratado-sobre-igualdad-de-remuneracion\/#primaryimage","url":"https:\/\/www.cde.ual.es\/wp-content\/uploads\/2019\/02\/Igualdad-Genero.jpg","contentUrl":"https:\/\/www.cde.ual.es\/wp-content\/uploads\/2019\/02\/Igualdad-Genero.jpg","width":1200,"height":600},{"@type":"BreadcrumbList","@id":"https:\/\/www.cde.ual.es\/consulta-ciudadana-principio-del-tratado-sobre-igualdad-de-remuneracion\/#breadcrumb","itemListElement":[{"@type":"ListItem","position":1,"name":"Inicio","item":"https:\/\/www.cde.ual.es\/en\/"},{"@type":"ListItem","position":2,"name":"Noticias UE","item":"https:\/\/www.cde.ual.es\/category\/noticias-ue\/"},{"@type":"ListItem","position":3,"name":"Consulta ciudadana: Principio del Tratado sobre &#8216;igualdad de remuneraci\u00f3n&#8217;"}]},{"@type":"WebSite","@id":"https:\/\/www.cde.ual.es\/#website","url":"https:\/\/www.cde.ual.es\/","name":"CDE Almer\u00eda - Centro de Documentaci\u00f3n Europea - Universidad de Almer\u00eda","description":"Centro de Documentaci\u00f3n Europea de la Universidad de Almer\u00eda","publisher":{"@id":"https:\/\/www.cde.ual.es\/#organization"},"alternateName":"CDE Almer\u00eda","potentialAction":[{"@type":"SearchAction","target":{"@type":"EntryPoint","urlTemplate":"https:\/\/www.cde.ual.es\/?s={search_term_string}"},"query-input":{"@type":"PropertyValueSpecification","valueRequired":true,"valueName":"search_term_string"}}],"inLanguage":"en-US"},{"@type":"Organization","@id":"https:\/\/www.cde.ual.es\/#organization","name":"Centro de Documentaci\u00f3n Europea de Almer\u00eda","url":"https:\/\/www.cde.ual.es\/","logo":{"@type":"ImageObject","inLanguage":"en-US","@id":"https:\/\/www.cde.ual.es\/#\/schema\/logo\/image\/","url":"https:\/\/www.cde.ual.es\/wp-content\/uploads\/2025\/07\/cde-logo-3.png","contentUrl":"https:\/\/www.cde.ual.es\/wp-content\/uploads\/2025\/07\/cde-logo-3.png","width":1400,"height":300,"caption":"Centro de Documentaci\u00f3n Europea de Almer\u00eda"},"image":{"@id":"https:\/\/www.cde.ual.es\/#\/schema\/logo\/image\/"},"sameAs":["https:\/\/www.facebook.com\/cdeuniversidadalmeria\/","https:\/\/x.com\/cdeualmeria","https:\/\/www.tiktok.com\/@cdealmeria","https:\/\/www.instagram.com\/cdealmeria\/","https:\/\/www.linkedin.com\/in\/cde-almera-812b26a9\/"]},{"@type":"Person","@id":"https:\/\/www.cde.ual.es\/#\/schema\/person\/224ef08c8bcc005f319d2713ce37ee5f","name":"AdminCDE","image":{"@type":"ImageObject","inLanguage":"en-US","@id":"https:\/\/secure.gravatar.com\/avatar\/a72d038d371f995cd13706fac32274b7952a52e8fb0a84b5f80c85426f2a98a8?s=96&d=mm&r=g","url":"https:\/\/secure.gravatar.com\/avatar\/a72d038d371f995cd13706fac32274b7952a52e8fb0a84b5f80c85426f2a98a8?s=96&d=mm&r=g","contentUrl":"https:\/\/secure.gravatar.com\/avatar\/a72d038d371f995cd13706fac32274b7952a52e8fb0a84b5f80c85426f2a98a8?s=96&d=mm&r=g","caption":"AdminCDE"}}]}},"_links":{"self":[{"href":"https:\/\/www.cde.ual.es\/en\/wp-json\/wp\/v2\/posts\/12357","targetHints":{"allow":["GET"]}}],"collection":[{"href":"https:\/\/www.cde.ual.es\/en\/wp-json\/wp\/v2\/posts"}],"about":[{"href":"https:\/\/www.cde.ual.es\/en\/wp-json\/wp\/v2\/types\/post"}],"author":[{"embeddable":true,"href":"https:\/\/www.cde.ual.es\/en\/wp-json\/wp\/v2\/users\/1"}],"replies":[{"embeddable":true,"href":"https:\/\/www.cde.ual.es\/en\/wp-json\/wp\/v2\/comments?post=12357"}],"version-history":[{"count":0,"href":"https:\/\/www.cde.ual.es\/en\/wp-json\/wp\/v2\/posts\/12357\/revisions"}],"wp:featuredmedia":[{"embeddable":true,"href":"https:\/\/www.cde.ual.es\/en\/wp-json\/wp\/v2\/media\/12358"}],"wp:attachment":[{"href":"https:\/\/www.cde.ual.es\/en\/wp-json\/wp\/v2\/media?parent=12357"}],"wp:term":[{"taxonomy":"category","embeddable":true,"href":"https:\/\/www.cde.ual.es\/en\/wp-json\/wp\/v2\/categories?post=12357"},{"taxonomy":"post_tag","embeddable":true,"href":"https:\/\/www.cde.ual.es\/en\/wp-json\/wp\/v2\/tags?post=12357"}],"curies":[{"name":"wp","href":"https:\/\/api.w.org\/{rel}","templated":true}]}}