{"id":123470,"date":"2022-11-21T03:00:49","date_gmt":"2022-11-21T02:00:49","guid":{"rendered":"https:\/\/www.cde.ual.es\/?p=123470"},"modified":"2022-11-18T13:05:05","modified_gmt":"2022-11-18T12:05:05","slug":"european-commission-adopts-its-report-on-progress-towards-the-european-education-area","status":"publish","type":"post","link":"https:\/\/www.cde.ual.es\/en\/european-commission-adopts-its-report-on-progress-towards-the-european-education-area\/","title":{"rendered":"European Commission adopts its Report on progress towards the European Education Area"},"content":{"rendered":"<p style=\"text-align: justify;\"><strong>The Commission has approved its Report on progress towards the achievement of the European Education Area. The report takes stock of the ongoing EU initiatives and trends on progress to attain EU-level targets in education and training, as well as sets out the tasks ahead of the 2025 milestone.<\/strong><\/p>\n<p><a href=\"https:\/\/www.cde.ual.es\/wp-content\/uploads\/2020\/03\/agenda-educacion.png\"><img decoding=\"async\" class=\" wp-image-64861 aligncenter\" src=\"https:\/\/www.cde.ual.es\/wp-content\/uploads\/2020\/03\/agenda-educacion-1024x576.png\" alt=\"vista de un aula\" width=\"534\" height=\"300\" srcset=\"https:\/\/www.cde.ual.es\/wp-content\/uploads\/2020\/03\/agenda-educacion-1024x576.png 1024w, https:\/\/www.cde.ual.es\/wp-content\/uploads\/2020\/03\/agenda-educacion-300x169.png 300w, https:\/\/www.cde.ual.es\/wp-content\/uploads\/2020\/03\/agenda-educacion-768x432.png 768w, https:\/\/www.cde.ual.es\/wp-content\/uploads\/2020\/03\/agenda-educacion-1280x720.png 1280w, https:\/\/www.cde.ual.es\/wp-content\/uploads\/2020\/03\/agenda-educacion-1536x864.png 1536w, https:\/\/www.cde.ual.es\/wp-content\/uploads\/2020\/03\/agenda-educacion.png 1920w\" sizes=\"(max-width: 534px) 100vw, 534px\" \/><\/a><\/p>\n<p>The 40 ongoing EU-level initiatives comprise strategic policy actions -from blended learning, to learning for sustainable development, and European strategy for universities- as well as EU-funded projects -such as the Teacher Academies, the Education for Climate Coalition, and the Centres of Vocational Excellence. Follow up to the work of expert groups -such as those on disinformation or quality investment-, along with measures to make the Erasmus+ programme and the European Solidarity Corps more inclusive, are also carried out. Thanks to a common commitment to the European Education Area, these initiatives reinforce the actions taken by the Member States.<\/p>\n<p>This joint national and EU approach has been particularly effective to tackle the new challenges EU education and training systems faced over the past two years: the Covid-19 pandemic and the welcoming of refugee learners and teachers following Russia&#8217;s war of aggression against Ukraine. The strengthened strategic framework, which brings together Member States and key stakeholders, enabled pooling of knowledge and resources, an organised sharing of good practices and the implementation of concrete solutions.<\/p>\n<p>&nbsp;<\/p>\n<table style=\"width: 99.9988%; border-collapse: collapse; border-style: double; border-color: #001f7d;\" cellpadding=\"0,5\">\n<tbody>\n<tr>\n<td style=\"width: 100%;\"><a href=\"https:\/\/www.cde.ual.es\/ficha\/compendium-on-digital-inclusion-in-education\/\" target=\"_blank\" rel=\"noopener\"><img decoding=\"async\" class=\"alignleft\" src=\"https:\/\/www.cde.ual.es\/wp-content\/uploads\/2022\/05\/Compendium-on-digital-inclusion-in-education-218x300.png\" alt=\"\" width=\"163\" height=\"230\" \/><\/a><\/p>\n<h4 class=\"entry-title\"><a href=\"https:\/\/www.cde.ual.es\/ficha\/compendium-on-digital-inclusion-in-education\/\" target=\"_blank\" rel=\"noopener\">Compendium on digital inclusion in education<br \/>\n<\/a><\/h4>\n<p>&nbsp;<\/p>\n<p>&nbsp;<\/td>\n<\/tr>\n<\/tbody>\n<\/table>\n<p style=\"text-align: justify;\">The Education and Training Monitor accompanying this Report indicates examples of the progress made towards EU-level targets: the early school leaving is declining, while the tertiary educational attainment and participation in early childhood education and care are rising. At the same time, warning signs appear, calling for longer-term systemic efforts to improve equity in education and tackle teacher shortages. New EU-level indicators in both domains will support evidence-based policies and mutual learning.<\/p>\n<p style=\"text-align: justify;\">Thanks to the Erasmus+ programme, the Recovery and Resilience Facility and the EU cohesion policy funds, it is estimated that the total EU expenditure on education and skills between 2021 and 2027 will triple, compared to the 2014-20 period. Therefore, the focus on implementation, quality investment, absorption and robust monitoring of progress by Member States are essential for the years ahead to solidify systemic reforms, and bring about a positive impact on learners, teachers, the economy and our societies.<\/p>\n<p>&nbsp;<\/p>\n<table style=\"width: 99.9988%; border-collapse: collapse; border-style: double; border-color: #001f7d;\" cellpadding=\"0,5\">\n<tbody>\n<tr>\n<td style=\"width: 100%;\"><a href=\"https:\/\/www.cde.ual.es\/ficha\/analisis-de-la-incidencia-de-etwinning-en-la-educacion-y-atencion-a-la-primera-infancia-y-en-la-formacion-profesional-inicial\/\" target=\"_blank\" rel=\"noopener\"><img decoding=\"async\" class=\"alignleft\" src=\"https:\/\/www.cde.ual.es\/wp-content\/uploads\/2022\/10\/Analisis-de-la-incidencia-de-eTwinning-en-la-educacion-y-atencion-a-la-primera-infancia-y-en-la-formacion-profesional-inicial.png\" alt=\"\" width=\"163\" height=\"230\" \/><\/a><\/p>\n<h4 class=\"entry-title\"><a href=\"https:\/\/www.cde.ual.es\/ficha\/analisis-de-la-incidencia-de-etwinning-en-la-educacion-y-atencion-a-la-primera-infancia-y-en-la-formacion-profesional-inicial\/\" target=\"_blank\" rel=\"noopener\">An\u00e1lisis de la incidencia de eTwinning en la educaci\u00f3n y atenci\u00f3n a la primera infancia y en la formaci\u00f3n profesional inicial<br \/>\n<\/a><\/h4>\n<p>&nbsp;<\/p>\n<p>&nbsp;<\/td>\n<\/tr>\n<\/tbody>\n<\/table>\n<p style=\"text-align: justify;\"><strong>Next Steps<\/strong><\/p>\n<p style=\"text-align: justify;\">The Commission will follow up this Progress Report with a mid-term review process in 2023, drawing lessons and building momentum for the period up to 2025, when a full report on the achievement of the European Education Area is due.<\/p>\n<p><strong>More information:<\/strong> <a href=\"https:\/\/ec.europa.eu\/commission\/presscorner\/detail\/es\/ip_22_6707\" target=\"_blank\" rel=\"noopener\">European Commission &#8211; Press release<\/a><\/p>\n","protected":false},"excerpt":{"rendered":"<p>The Commission has approved its Report on progress towards the achievement of the European Education Area. The report takes stock of the ongoing EU initiatives and trends on progress to attain EU-level targets in education and training, as well as sets out the tasks ahead of the 2025 milestone. The 40 ongoing EU-level initiatives comprise [&hellip;]<\/p>\n","protected":false},"author":1,"featured_media":64862,"comment_status":"open","ping_status":"open","sticky":false,"template":"","format":"standard","meta":{"_acf_changed":false,"_relevanssi_hide_post":"","_relevanssi_hide_content":"","_relevanssi_pin_for_all":"","_relevanssi_pin_keywords":"","_relevanssi_unpin_keywords":"","_relevanssi_related_keywords":"","_relevanssi_related_include_ids":"","_relevanssi_related_exclude_ids":"","_relevanssi_related_no_append":"","_relevanssi_related_not_related":"","_relevanssi_related_posts":"","_relevanssi_noindex_reason":"","_monsterinsights_skip_tracking":false,"_monsterinsights_sitenote_active":false,"_monsterinsights_sitenote_note":"","_monsterinsights_sitenote_category":0,"_genesis_hide_title":false,"_genesis_hide_breadcrumbs":false,"_genesis_hide_singular_image":false,"_genesis_hide_footer_widgets":false,"_genesis_custom_body_class":"","_genesis_custom_post_class":"","_genesis_layout":"","footnotes":""},"categories":[4071,346,4074],"tags":[7173,353,449,7734,1488,7732,7733],"class_list":{"0":"post-123470","1":"post","2":"type-post","3":"status-publish","4":"format-standard","5":"has-post-thumbnail","7":"category-education-culture","8":"category-eu-news","9":"category-teaching","10":"tag-comision-europea-en-2","11":"tag-educacion-en","12":"tag-education","13":"tag-education-targets","14":"tag-european-commission","15":"tag-european-education-area","16":"tag-teachers-shortages","17":"entry"},"acf":[],"yoast_head":"<!-- This site is optimized with the Yoast SEO plugin v27.5 - https:\/\/yoast.com\/product\/yoast-seo-wordpress\/ -->\n<title>European Commission adopts its Report on progress towards the European Education Area | CDE Almer\u00eda - Centro de Documentaci\u00f3n Europea - Universidad de Almer\u00eda<\/title>\n<meta name=\"robots\" content=\"index, follow, max-snippet:-1, max-image-preview:large, max-video-preview:-1\" \/>\n<link rel=\"canonical\" href=\"https:\/\/www.cde.ual.es\/?p=123441\" \/>\n<meta property=\"og:locale\" content=\"en_US\" \/>\n<meta property=\"og:type\" content=\"article\" \/>\n<meta property=\"og:title\" content=\"European Commission adopts its Report on progress towards the European Education Area | CDE Almer\u00eda - Centro de Documentaci\u00f3n Europea - Universidad de Almer\u00eda\" \/>\n<meta property=\"og:description\" content=\"The Commission has approved its Report on progress towards the achievement of the European Education Area. The report takes stock of the ongoing EU initiatives and trends on progress to attain EU-level targets in education and training, as well as sets out the tasks ahead of the 2025 milestone. The 40 ongoing EU-level initiatives comprise [&hellip;]\" \/>\n<meta property=\"og:url\" content=\"https:\/\/www.cde.ual.es\/?p=123441\" \/>\n<meta property=\"og:site_name\" content=\"CDE Almer\u00eda - Centro de Documentaci\u00f3n Europea - Universidad de Almer\u00eda\" \/>\n<meta property=\"article:publisher\" content=\"https:\/\/www.facebook.com\/cdeuniversidadalmeria\/\" \/>\n<meta property=\"article:published_time\" content=\"2022-11-21T02:00:49+00:00\" \/>\n<meta property=\"og:image\" content=\"https:\/\/www.cde.ual.es\/wp-content\/uploads\/2020\/03\/agenda-educacion.png\" \/>\n\t<meta property=\"og:image:width\" content=\"1920\" \/>\n\t<meta property=\"og:image:height\" content=\"1080\" \/>\n\t<meta property=\"og:image:type\" content=\"image\/png\" \/>\n<meta name=\"author\" content=\"AdminCDE\" \/>\n<meta name=\"twitter:card\" content=\"summary_large_image\" \/>\n<meta name=\"twitter:creator\" content=\"@cdeualmeria\" \/>\n<meta name=\"twitter:site\" content=\"@cdeualmeria\" \/>\n<meta name=\"twitter:label1\" content=\"Written by\" \/>\n\t<meta name=\"twitter:data1\" content=\"AdminCDE\" \/>\n\t<meta name=\"twitter:label2\" content=\"Est. reading time\" \/>\n\t<meta name=\"twitter:data2\" content=\"3 minutes\" \/>\n<script type=\"application\/ld+json\" class=\"yoast-schema-graph\">{\"@context\":\"https:\\\/\\\/schema.org\",\"@graph\":[{\"@type\":\"Article\",\"@id\":\"https:\\\/\\\/www.cde.ual.es\\\/?p=123441#article\",\"isPartOf\":{\"@id\":\"https:\\\/\\\/www.cde.ual.es\\\/?p=123441\"},\"author\":{\"name\":\"AdminCDE\",\"@id\":\"https:\\\/\\\/www.cde.ual.es\\\/#\\\/schema\\\/person\\\/224ef08c8bcc005f319d2713ce37ee5f\"},\"headline\":\"European Commission adopts its Report on progress towards the European Education Area\",\"datePublished\":\"2022-11-21T02:00:49+00:00\",\"mainEntityOfPage\":{\"@id\":\"https:\\\/\\\/www.cde.ual.es\\\/?p=123441\"},\"wordCount\":465,\"commentCount\":0,\"publisher\":{\"@id\":\"https:\\\/\\\/www.cde.ual.es\\\/#organization\"},\"image\":{\"@id\":\"https:\\\/\\\/www.cde.ual.es\\\/?p=123441#primaryimage\"},\"thumbnailUrl\":\"https:\\\/\\\/www.cde.ual.es\\\/wp-content\\\/uploads\\\/2020\\\/03\\\/agenda-educacion.png\",\"keywords\":[\"Comision Europea\",\"Educaci\u00f3n\",\"education\",\"education targets\",\"European Commission\",\"European Education Area\",\"teachers' shortages\"],\"articleSection\":[\"Education and Culture\",\"EU News\",\"Teaching and Education\"],\"inLanguage\":\"en-US\",\"potentialAction\":[{\"@type\":\"CommentAction\",\"name\":\"Comment\",\"target\":[\"https:\\\/\\\/www.cde.ual.es\\\/?p=123441#respond\"]}]},{\"@type\":\"WebPage\",\"@id\":\"https:\\\/\\\/www.cde.ual.es\\\/?p=123441\",\"url\":\"https:\\\/\\\/www.cde.ual.es\\\/?p=123441\",\"name\":\"European Commission adopts its Report on progress towards the European Education Area | CDE Almer\u00eda - Centro de Documentaci\u00f3n Europea - Universidad de Almer\u00eda\",\"isPartOf\":{\"@id\":\"https:\\\/\\\/www.cde.ual.es\\\/#website\"},\"primaryImageOfPage\":{\"@id\":\"https:\\\/\\\/www.cde.ual.es\\\/?p=123441#primaryimage\"},\"image\":{\"@id\":\"https:\\\/\\\/www.cde.ual.es\\\/?p=123441#primaryimage\"},\"thumbnailUrl\":\"https:\\\/\\\/www.cde.ual.es\\\/wp-content\\\/uploads\\\/2020\\\/03\\\/agenda-educacion.png\",\"datePublished\":\"2022-11-21T02:00:49+00:00\",\"breadcrumb\":{\"@id\":\"https:\\\/\\\/www.cde.ual.es\\\/?p=123441#breadcrumb\"},\"inLanguage\":\"en-US\",\"potentialAction\":[{\"@type\":\"ReadAction\",\"target\":[\"https:\\\/\\\/www.cde.ual.es\\\/?p=123441\"]}]},{\"@type\":\"ImageObject\",\"inLanguage\":\"en-US\",\"@id\":\"https:\\\/\\\/www.cde.ual.es\\\/?p=123441#primaryimage\",\"url\":\"https:\\\/\\\/www.cde.ual.es\\\/wp-content\\\/uploads\\\/2020\\\/03\\\/agenda-educacion.png\",\"contentUrl\":\"https:\\\/\\\/www.cde.ual.es\\\/wp-content\\\/uploads\\\/2020\\\/03\\\/agenda-educacion.png\",\"width\":1920,\"height\":1080,\"caption\":\"vista de un aula\"},{\"@type\":\"BreadcrumbList\",\"@id\":\"https:\\\/\\\/www.cde.ual.es\\\/?p=123441#breadcrumb\",\"itemListElement\":[{\"@type\":\"ListItem\",\"position\":1,\"name\":\"Inicio\",\"item\":\"https:\\\/\\\/www.cde.ual.es\\\/en\\\/\"},{\"@type\":\"ListItem\",\"position\":2,\"name\":\"Noticias UE\",\"item\":\"https:\\\/\\\/www.cde.ual.es\\\/category\\\/noticias-ue\\\/\"},{\"@type\":\"ListItem\",\"position\":3,\"name\":\"Cultura y Educaci\u00f3n\",\"item\":\"https:\\\/\\\/www.cde.ual.es\\\/category\\\/noticias-ue\\\/cultura-ed\\\/\"},{\"@type\":\"ListItem\",\"position\":4,\"name\":\"Teaching and Education\",\"item\":\"https:\\\/\\\/www.cde.ual.es\\\/en\\\/category\\\/eu-news\\\/education-culture\\\/teaching\\\/\"},{\"@type\":\"ListItem\",\"position\":5,\"name\":\"European Commission adopts its Report on progress towards the European Education Area\"}]},{\"@type\":\"WebSite\",\"@id\":\"https:\\\/\\\/www.cde.ual.es\\\/#website\",\"url\":\"https:\\\/\\\/www.cde.ual.es\\\/\",\"name\":\"CDE Almer\u00eda - Centro de Documentaci\u00f3n Europea - Universidad de Almer\u00eda\",\"description\":\"Centro de Documentaci\u00f3n Europea de la Universidad de Almer\u00eda\",\"publisher\":{\"@id\":\"https:\\\/\\\/www.cde.ual.es\\\/#organization\"},\"alternateName\":\"CDE Almer\u00eda\",\"potentialAction\":[{\"@type\":\"SearchAction\",\"target\":{\"@type\":\"EntryPoint\",\"urlTemplate\":\"https:\\\/\\\/www.cde.ual.es\\\/?s={search_term_string}\"},\"query-input\":{\"@type\":\"PropertyValueSpecification\",\"valueRequired\":true,\"valueName\":\"search_term_string\"}}],\"inLanguage\":\"en-US\"},{\"@type\":\"Organization\",\"@id\":\"https:\\\/\\\/www.cde.ual.es\\\/#organization\",\"name\":\"Centro de Documentaci\u00f3n Europea de Almer\u00eda\",\"url\":\"https:\\\/\\\/www.cde.ual.es\\\/\",\"logo\":{\"@type\":\"ImageObject\",\"inLanguage\":\"en-US\",\"@id\":\"https:\\\/\\\/www.cde.ual.es\\\/#\\\/schema\\\/logo\\\/image\\\/\",\"url\":\"https:\\\/\\\/www.cde.ual.es\\\/wp-content\\\/uploads\\\/2025\\\/07\\\/cde-logo-3.png\",\"contentUrl\":\"https:\\\/\\\/www.cde.ual.es\\\/wp-content\\\/uploads\\\/2025\\\/07\\\/cde-logo-3.png\",\"width\":1400,\"height\":300,\"caption\":\"Centro de Documentaci\u00f3n Europea de Almer\u00eda\"},\"image\":{\"@id\":\"https:\\\/\\\/www.cde.ual.es\\\/#\\\/schema\\\/logo\\\/image\\\/\"},\"sameAs\":[\"https:\\\/\\\/www.facebook.com\\\/cdeuniversidadalmeria\\\/\",\"https:\\\/\\\/x.com\\\/cdeualmeria\",\"https:\\\/\\\/www.tiktok.com\\\/@cdealmeria\",\"https:\\\/\\\/www.instagram.com\\\/cdealmeria\\\/\",\"https:\\\/\\\/www.linkedin.com\\\/in\\\/cde-almera-812b26a9\\\/\"]},{\"@type\":\"Person\",\"@id\":\"https:\\\/\\\/www.cde.ual.es\\\/#\\\/schema\\\/person\\\/224ef08c8bcc005f319d2713ce37ee5f\",\"name\":\"AdminCDE\",\"image\":{\"@type\":\"ImageObject\",\"inLanguage\":\"en-US\",\"@id\":\"https:\\\/\\\/secure.gravatar.com\\\/avatar\\\/a72d038d371f995cd13706fac32274b7952a52e8fb0a84b5f80c85426f2a98a8?s=96&d=mm&r=g\",\"url\":\"https:\\\/\\\/secure.gravatar.com\\\/avatar\\\/a72d038d371f995cd13706fac32274b7952a52e8fb0a84b5f80c85426f2a98a8?s=96&d=mm&r=g\",\"contentUrl\":\"https:\\\/\\\/secure.gravatar.com\\\/avatar\\\/a72d038d371f995cd13706fac32274b7952a52e8fb0a84b5f80c85426f2a98a8?s=96&d=mm&r=g\",\"caption\":\"AdminCDE\"}}]}<\/script>\n<!-- \/ Yoast SEO plugin. -->","yoast_head_json":{"title":"European Commission adopts its Report on progress towards the European Education Area | CDE Almer\u00eda - Centro de Documentaci\u00f3n Europea - Universidad de Almer\u00eda","robots":{"index":"index","follow":"follow","max-snippet":"max-snippet:-1","max-image-preview":"max-image-preview:large","max-video-preview":"max-video-preview:-1"},"canonical":"https:\/\/www.cde.ual.es\/?p=123441","og_locale":"en_US","og_type":"article","og_title":"European Commission adopts its Report on progress towards the European Education Area | CDE Almer\u00eda - Centro de Documentaci\u00f3n Europea - Universidad de Almer\u00eda","og_description":"The Commission has approved its Report on progress towards the achievement of the European Education Area. The report takes stock of the ongoing EU initiatives and trends on progress to attain EU-level targets in education and training, as well as sets out the tasks ahead of the 2025 milestone. The 40 ongoing EU-level initiatives comprise [&hellip;]","og_url":"https:\/\/www.cde.ual.es\/?p=123441","og_site_name":"CDE Almer\u00eda - Centro de Documentaci\u00f3n Europea - Universidad de Almer\u00eda","article_publisher":"https:\/\/www.facebook.com\/cdeuniversidadalmeria\/","article_published_time":"2022-11-21T02:00:49+00:00","og_image":[{"width":1920,"height":1080,"url":"https:\/\/www.cde.ual.es\/wp-content\/uploads\/2020\/03\/agenda-educacion.png","type":"image\/png"}],"author":"AdminCDE","twitter_card":"summary_large_image","twitter_creator":"@cdeualmeria","twitter_site":"@cdeualmeria","twitter_misc":{"Written by":"AdminCDE","Est. reading time":"3 minutes"},"schema":{"@context":"https:\/\/schema.org","@graph":[{"@type":"Article","@id":"https:\/\/www.cde.ual.es\/?p=123441#article","isPartOf":{"@id":"https:\/\/www.cde.ual.es\/?p=123441"},"author":{"name":"AdminCDE","@id":"https:\/\/www.cde.ual.es\/#\/schema\/person\/224ef08c8bcc005f319d2713ce37ee5f"},"headline":"European Commission adopts its Report on progress towards the European Education Area","datePublished":"2022-11-21T02:00:49+00:00","mainEntityOfPage":{"@id":"https:\/\/www.cde.ual.es\/?p=123441"},"wordCount":465,"commentCount":0,"publisher":{"@id":"https:\/\/www.cde.ual.es\/#organization"},"image":{"@id":"https:\/\/www.cde.ual.es\/?p=123441#primaryimage"},"thumbnailUrl":"https:\/\/www.cde.ual.es\/wp-content\/uploads\/2020\/03\/agenda-educacion.png","keywords":["Comision Europea","Educaci\u00f3n","education","education targets","European Commission","European Education Area","teachers' shortages"],"articleSection":["Education and Culture","EU News","Teaching and Education"],"inLanguage":"en-US","potentialAction":[{"@type":"CommentAction","name":"Comment","target":["https:\/\/www.cde.ual.es\/?p=123441#respond"]}]},{"@type":"WebPage","@id":"https:\/\/www.cde.ual.es\/?p=123441","url":"https:\/\/www.cde.ual.es\/?p=123441","name":"European Commission adopts its Report on progress towards the European Education Area | CDE Almer\u00eda - Centro de Documentaci\u00f3n Europea - Universidad de Almer\u00eda","isPartOf":{"@id":"https:\/\/www.cde.ual.es\/#website"},"primaryImageOfPage":{"@id":"https:\/\/www.cde.ual.es\/?p=123441#primaryimage"},"image":{"@id":"https:\/\/www.cde.ual.es\/?p=123441#primaryimage"},"thumbnailUrl":"https:\/\/www.cde.ual.es\/wp-content\/uploads\/2020\/03\/agenda-educacion.png","datePublished":"2022-11-21T02:00:49+00:00","breadcrumb":{"@id":"https:\/\/www.cde.ual.es\/?p=123441#breadcrumb"},"inLanguage":"en-US","potentialAction":[{"@type":"ReadAction","target":["https:\/\/www.cde.ual.es\/?p=123441"]}]},{"@type":"ImageObject","inLanguage":"en-US","@id":"https:\/\/www.cde.ual.es\/?p=123441#primaryimage","url":"https:\/\/www.cde.ual.es\/wp-content\/uploads\/2020\/03\/agenda-educacion.png","contentUrl":"https:\/\/www.cde.ual.es\/wp-content\/uploads\/2020\/03\/agenda-educacion.png","width":1920,"height":1080,"caption":"vista de un aula"},{"@type":"BreadcrumbList","@id":"https:\/\/www.cde.ual.es\/?p=123441#breadcrumb","itemListElement":[{"@type":"ListItem","position":1,"name":"Inicio","item":"https:\/\/www.cde.ual.es\/en\/"},{"@type":"ListItem","position":2,"name":"Noticias UE","item":"https:\/\/www.cde.ual.es\/category\/noticias-ue\/"},{"@type":"ListItem","position":3,"name":"Cultura y Educaci\u00f3n","item":"https:\/\/www.cde.ual.es\/category\/noticias-ue\/cultura-ed\/"},{"@type":"ListItem","position":4,"name":"Teaching and Education","item":"https:\/\/www.cde.ual.es\/en\/category\/eu-news\/education-culture\/teaching\/"},{"@type":"ListItem","position":5,"name":"European Commission adopts its Report on progress towards the European Education Area"}]},{"@type":"WebSite","@id":"https:\/\/www.cde.ual.es\/#website","url":"https:\/\/www.cde.ual.es\/","name":"CDE Almer\u00eda - Centro de Documentaci\u00f3n Europea - Universidad de Almer\u00eda","description":"Centro de Documentaci\u00f3n Europea de la Universidad de Almer\u00eda","publisher":{"@id":"https:\/\/www.cde.ual.es\/#organization"},"alternateName":"CDE Almer\u00eda","potentialAction":[{"@type":"SearchAction","target":{"@type":"EntryPoint","urlTemplate":"https:\/\/www.cde.ual.es\/?s={search_term_string}"},"query-input":{"@type":"PropertyValueSpecification","valueRequired":true,"valueName":"search_term_string"}}],"inLanguage":"en-US"},{"@type":"Organization","@id":"https:\/\/www.cde.ual.es\/#organization","name":"Centro de Documentaci\u00f3n Europea de Almer\u00eda","url":"https:\/\/www.cde.ual.es\/","logo":{"@type":"ImageObject","inLanguage":"en-US","@id":"https:\/\/www.cde.ual.es\/#\/schema\/logo\/image\/","url":"https:\/\/www.cde.ual.es\/wp-content\/uploads\/2025\/07\/cde-logo-3.png","contentUrl":"https:\/\/www.cde.ual.es\/wp-content\/uploads\/2025\/07\/cde-logo-3.png","width":1400,"height":300,"caption":"Centro de Documentaci\u00f3n Europea de Almer\u00eda"},"image":{"@id":"https:\/\/www.cde.ual.es\/#\/schema\/logo\/image\/"},"sameAs":["https:\/\/www.facebook.com\/cdeuniversidadalmeria\/","https:\/\/x.com\/cdeualmeria","https:\/\/www.tiktok.com\/@cdealmeria","https:\/\/www.instagram.com\/cdealmeria\/","https:\/\/www.linkedin.com\/in\/cde-almera-812b26a9\/"]},{"@type":"Person","@id":"https:\/\/www.cde.ual.es\/#\/schema\/person\/224ef08c8bcc005f319d2713ce37ee5f","name":"AdminCDE","image":{"@type":"ImageObject","inLanguage":"en-US","@id":"https:\/\/secure.gravatar.com\/avatar\/a72d038d371f995cd13706fac32274b7952a52e8fb0a84b5f80c85426f2a98a8?s=96&d=mm&r=g","url":"https:\/\/secure.gravatar.com\/avatar\/a72d038d371f995cd13706fac32274b7952a52e8fb0a84b5f80c85426f2a98a8?s=96&d=mm&r=g","contentUrl":"https:\/\/secure.gravatar.com\/avatar\/a72d038d371f995cd13706fac32274b7952a52e8fb0a84b5f80c85426f2a98a8?s=96&d=mm&r=g","caption":"AdminCDE"}}]}},"_links":{"self":[{"href":"https:\/\/www.cde.ual.es\/en\/wp-json\/wp\/v2\/posts\/123470","targetHints":{"allow":["GET"]}}],"collection":[{"href":"https:\/\/www.cde.ual.es\/en\/wp-json\/wp\/v2\/posts"}],"about":[{"href":"https:\/\/www.cde.ual.es\/en\/wp-json\/wp\/v2\/types\/post"}],"author":[{"embeddable":true,"href":"https:\/\/www.cde.ual.es\/en\/wp-json\/wp\/v2\/users\/1"}],"replies":[{"embeddable":true,"href":"https:\/\/www.cde.ual.es\/en\/wp-json\/wp\/v2\/comments?post=123470"}],"version-history":[{"count":1,"href":"https:\/\/www.cde.ual.es\/en\/wp-json\/wp\/v2\/posts\/123470\/revisions"}],"predecessor-version":[{"id":123479,"href":"https:\/\/www.cde.ual.es\/en\/wp-json\/wp\/v2\/posts\/123470\/revisions\/123479"}],"wp:featuredmedia":[{"embeddable":true,"href":"https:\/\/www.cde.ual.es\/en\/wp-json\/wp\/v2\/media\/64862"}],"wp:attachment":[{"href":"https:\/\/www.cde.ual.es\/en\/wp-json\/wp\/v2\/media?parent=123470"}],"wp:term":[{"taxonomy":"category","embeddable":true,"href":"https:\/\/www.cde.ual.es\/en\/wp-json\/wp\/v2\/categories?post=123470"},{"taxonomy":"post_tag","embeddable":true,"href":"https:\/\/www.cde.ual.es\/en\/wp-json\/wp\/v2\/tags?post=123470"}],"curies":[{"name":"wp","href":"https:\/\/api.w.org\/{rel}","templated":true}]}}