{"id":12279,"date":"2019-02-01T08:00:40","date_gmt":"2019-02-01T07:00:40","guid":{"rendered":"http:\/\/www.cde.ual.es\/?p=12279"},"modified":"2019-01-31T11:17:41","modified_gmt":"2019-01-31T10:17:41","slug":"negociaciones-comerciales-con-estados-unidos","status":"publish","type":"post","link":"https:\/\/www.cde.ual.es\/en\/negociaciones-comerciales-con-estados-unidos\/","title":{"rendered":"Negociaciones comerciales con Estados Unidos"},"content":{"rendered":"\n<p><em><strong>La Comisi\u00f3n Europea ha publicado hoy un informe sobre la aplicaci\u00f3n de la Declaraci\u00f3n Conjunta de 25 de julio de 2018 del presidente Juncker y el presidente Trump.<\/strong><\/em><\/p>\n\n\n\n<p><strong><em>En consonancia con el compromiso de la Comisi\u00f3n con la transparencia, el informe ofrece una visi\u00f3n general detallada de la situaci\u00f3n de las conversaciones hasta la fecha. El documento ha sido enviado hoy al Parlamento Europeo y a los Estados miembros.<\/em><\/strong><\/p>\n\n\n\n<ul class=\"wp-block-gallery columns-1 is-cropped wp-block-gallery-1 is-layout-flex wp-block-gallery-is-layout-flex\"><li class=\"blocks-gallery-item\"><figure><img decoding=\"async\" width=\"1024\" height=\"683\" src=\"http:\/\/www.cde.ual.es\/wp-content\/uploads\/2019\/01\/folder-1189864_1920-1-1024x683.jpg\" alt=\"\" data-id=\"12281\" data-link=\"http:\/\/www.cde.ual.es\/?attachment_id=12281\" class=\"wp-image-12281\" srcset=\"https:\/\/www.cde.ual.es\/wp-content\/uploads\/2019\/01\/folder-1189864_1920-1-1024x683.jpg 1024w, https:\/\/www.cde.ual.es\/wp-content\/uploads\/2019\/01\/folder-1189864_1920-1-300x200.jpg 300w, https:\/\/www.cde.ual.es\/wp-content\/uploads\/2019\/01\/folder-1189864_1920-1-768x512.jpg 768w, https:\/\/www.cde.ual.es\/wp-content\/uploads\/2019\/01\/folder-1189864_1920-1.jpg 1920w\" sizes=\"(max-width: 1024px) 100vw, 1024px\" \/><\/figure><\/li><\/ul>\n\n\n\n<p>La&nbsp;<a href=\"http:\/\/europa.eu\/rapid\/press-release_STATEMENT-18-4687_es.htm\">Declaraci\u00f3n Conjunta<\/a>&nbsp;ha iniciado una nueva fase en las relaciones comerciales entre la UE y los Estados Unidos, evitando una escalada de las tensiones comerciales y estableciendo una agenda comercial transatl\u00e1ntica positiva. La UE y los Estados Unidos acordaron crear un Grupo de Trabajo Ejecutivo con el fin de hacer avanzar este programa de trabajo. Por el lado de la UE, el Grupo de Trabajo Ejecutivo est\u00e1 dirigido por Cecilia&nbsp;<strong>Malmstr\u00f6m<\/strong>, comisaria de Comercio de la UE, y por el lado de los Estados Unidos las conversaciones est\u00e1n dirigidas por Robert Lighthizer, representante de Comercio de los Estados Unidos.<\/p>\n\n\n\n<p>La comisaria&nbsp;<strong>Malmstr\u00f6m<\/strong>&nbsp;y el embajador Lighthizer iniciaron conversaciones en Bruselas el 10 de septiembre de 2018, y participaron en otras reuniones en Nueva York el 25 de septiembre, y en Washington el 14 de noviembre y el 8 y el 10 de enero de 2019. Tambi\u00e9n se han celebrado varias reuniones de car\u00e1cter t\u00e9cnico.<\/p>\n\n\n\n<p>Con la letra y el esp\u00edritu de la Declaraci\u00f3n Conjunta en mente, la UE ha propuesto una serie de medidas tanto a corto como a medio plazo para avanzar en el trabajo. El principal objetivo de las conversaciones en los primeros meses ha sido explorar la manera de obtener resultados sobre cuestiones reglamentarias. Por parte de la UE, tambi\u00e9n se ha avanzado en la facilitaci\u00f3n de las importaciones de habas de soja estadounidenses. Las importaciones de la Uni\u00f3n Europea de habas de soja han aumentado un 114&nbsp;% durante la campa\u00f1a de comercializaci\u00f3n en curso (julio &#8211; finales de enero de 2019), en comparaci\u00f3n con el mismo per\u00edodo de la campa\u00f1a anterior. Los Estados Unidos son ahora el principal proveedor de Europa de habas de soja, con un 77&nbsp;% de las importaciones de la UE. Adem\u00e1s, la Comisi\u00f3n&nbsp;<a href=\"http:\/\/europa.eu\/rapid\/press-release_IP-19-748_en.htm\">acaba de concluir<\/a>&nbsp;que las habas de soja estadounidenses cumplen los requisitos t\u00e9cnicos para ser utilizadas en biocarburantes en la UE, una decisi\u00f3n que ampliar\u00e1 sus oportunidades de mercado en Europa.<\/p>\n\n\n\n<p>Para la aplicaci\u00f3n de algunos elementos de la Declaraci\u00f3n Conjunta, la Comisi\u00f3n necesita mandatos de negociaci\u00f3n espec\u00edficos autorizados por el Consejo. En el caso de las negociaciones sobre los aranceles industriales y sobre la manera de facilitar el proceso por el que las empresas someten a prueba sus productos (evaluaci\u00f3n de la conformidad), la Comisi\u00f3n present\u00f3&nbsp;<a href=\"http:\/\/europa.eu\/rapid\/press-release_IP-19-502_es.htm\">proyectos de mandato<\/a>&nbsp;a los Estados miembros de la UE el 18 de enero de 2019.<\/p>\n\n\n\n<h3 class=\"wp-block-heading\"><strong>Pr\u00f3ximos pasos<\/strong><\/h3>\n\n\n\n<p>El 7 de febrero, la comisaria\u00a0<strong>Malmstr\u00f6m<\/strong>\u00a0participar\u00e1 en una reuni\u00f3n del Grupo de Expertos sobre los Acuerdos Comerciales de la UE, que tendr\u00e1 en el orden del d\u00eda las relaciones entre la UE y los Estados Unidos. <\/p>\n\n\n\n<h3 class=\"wp-block-heading\"><strong>M\u00e1s informaci\u00f3n<\/strong><\/h3>\n\n\n\n<p><a href=\"http:\/\/trade.ec.europa.eu\/doclib\/html\/157651.htm\">Informe provisional sobre la labor del Grupo de Trabajo Ejecutivo<\/a><br><\/p>\n\n\n\n<p><a href=\"http:\/\/europa.eu\/rapid\/press-release_STATEMENT-18-4687_es.htm\">Declaraci\u00f3n conjunta<\/a><br><\/p>\n\n\n\n<p><a href=\"http:\/\/europa.eu\/rapid\/press-release_IP-19-502_es.htm\">Negociaciones comerciales con los Estados Unidos: la Comisi\u00f3n presenta un proyecto de mandatos de negociaci\u00f3n<\/a><\/p>\n\n\n\n<p>Accede a la noticia completa <a href=\"http:\/\/europa.eu\/rapid\/press-release_IP-19-784_es.htm\">aqu\u00ed<\/a><\/p>\n","protected":false},"excerpt":{"rendered":"<p>La Comisi\u00f3n Europea ha publicado hoy un informe sobre la aplicaci\u00f3n de la Declaraci\u00f3n Conjunta de 25 de julio de 2018 del presidente Juncker y el presidente Trump. En consonancia con el compromiso de la Comisi\u00f3n con la transparencia, el informe ofrece una visi\u00f3n general detallada de la situaci\u00f3n de las conversaciones hasta la fecha. [&hellip;]<\/p>\n","protected":false},"author":101012,"featured_media":12280,"comment_status":"open","ping_status":"open","sticky":false,"template":"","format":"standard","meta":{"_acf_changed":false,"_relevanssi_hide_post":"","_relevanssi_hide_content":"","_relevanssi_pin_for_all":"","_relevanssi_pin_keywords":"","_relevanssi_unpin_keywords":"","_relevanssi_related_keywords":"","_relevanssi_related_include_ids":"","_relevanssi_related_exclude_ids":"","_relevanssi_related_no_append":"","_relevanssi_related_not_related":"","_relevanssi_related_posts":"","_relevanssi_noindex_reason":"","_monsterinsights_skip_tracking":false,"_monsterinsights_sitenote_active":false,"_monsterinsights_sitenote_note":"","_monsterinsights_sitenote_category":0,"_genesis_hide_title":false,"_genesis_hide_breadcrumbs":false,"_genesis_hide_singular_image":false,"_genesis_hide_footer_widgets":false,"_genesis_custom_body_class":"","_genesis_custom_post_class":"","_genesis_layout":"","footnotes":""},"categories":[96],"tags":[178,163,126,135],"class_list":{"0":"post-12279","1":"post","2":"type-post","3":"status-publish","4":"format-standard","5":"has-post-thumbnail","7":"category-noticias-ue","8":"tag-acuerdos-comerciales","9":"tag-intercambios-economicos-y-comerciales","10":"tag-competitividad-empresa","11":"tag-union-europea","12":"entry"},"acf":[],"yoast_head":"<!-- This site is optimized with the Yoast SEO plugin v27.4 - https:\/\/yoast.com\/product\/yoast-seo-wordpress\/ -->\n<title>Negociaciones comerciales con Estados Unidos | CDE Almer\u00eda - Centro de Documentaci\u00f3n Europea - Universidad de Almer\u00eda<\/title>\n<meta name=\"robots\" content=\"index, follow, max-snippet:-1, max-image-preview:large, max-video-preview:-1\" \/>\n<link rel=\"canonical\" href=\"https:\/\/www.cde.ual.es\/en\/negociaciones-comerciales-con-estados-unidos\/\" \/>\n<meta property=\"og:locale\" content=\"en_US\" \/>\n<meta property=\"og:type\" content=\"article\" \/>\n<meta property=\"og:title\" content=\"Negociaciones comerciales con Estados Unidos | CDE Almer\u00eda - Centro de Documentaci\u00f3n Europea - Universidad de Almer\u00eda\" \/>\n<meta property=\"og:description\" content=\"La Comisi\u00f3n Europea ha publicado hoy un informe sobre la aplicaci\u00f3n de la Declaraci\u00f3n Conjunta de 25 de julio de 2018 del presidente Juncker y el presidente Trump. En consonancia con el compromiso de la Comisi\u00f3n con la transparencia, el informe ofrece una visi\u00f3n general detallada de la situaci\u00f3n de las conversaciones hasta la fecha. [&hellip;]\" \/>\n<meta property=\"og:url\" content=\"https:\/\/www.cde.ual.es\/en\/negociaciones-comerciales-con-estados-unidos\/\" \/>\n<meta property=\"og:site_name\" content=\"CDE Almer\u00eda - Centro de Documentaci\u00f3n Europea - Universidad de Almer\u00eda\" \/>\n<meta property=\"article:publisher\" content=\"https:\/\/www.facebook.com\/cdeuniversidadalmeria\/\" \/>\n<meta property=\"article:published_time\" content=\"2019-02-01T07:00:40+00:00\" \/>\n<meta property=\"og:image\" content=\"https:\/\/www.cde.ual.es\/wp-content\/uploads\/2019\/01\/folder-1189864_1920.jpg\" \/>\n\t<meta property=\"og:image:width\" content=\"1920\" \/>\n\t<meta property=\"og:image:height\" content=\"1280\" \/>\n\t<meta property=\"og:image:type\" content=\"image\/jpeg\" \/>\n<meta name=\"author\" content=\"BECACDE1\" \/>\n<meta name=\"twitter:card\" content=\"summary_large_image\" \/>\n<meta name=\"twitter:creator\" content=\"@cdeualmeria\" \/>\n<meta name=\"twitter:site\" content=\"@cdeualmeria\" \/>\n<meta name=\"twitter:label1\" content=\"Written by\" \/>\n\t<meta name=\"twitter:data1\" content=\"BECACDE1\" \/>\n\t<meta name=\"twitter:label2\" content=\"Est. reading time\" \/>\n\t<meta name=\"twitter:data2\" content=\"3 minutes\" \/>\n<script type=\"application\/ld+json\" class=\"yoast-schema-graph\">{\"@context\":\"https:\\\/\\\/schema.org\",\"@graph\":[{\"@type\":\"Article\",\"@id\":\"https:\\\/\\\/www.cde.ual.es\\\/en\\\/negociaciones-comerciales-con-estados-unidos\\\/#article\",\"isPartOf\":{\"@id\":\"https:\\\/\\\/www.cde.ual.es\\\/en\\\/negociaciones-comerciales-con-estados-unidos\\\/\"},\"author\":{\"name\":\"BECACDE1\",\"@id\":\"https:\\\/\\\/www.cde.ual.es\\\/#\\\/schema\\\/person\\\/bf2f837cf3353e2161fe1087adbd728f\"},\"headline\":\"Negociaciones comerciales con Estados Unidos\",\"datePublished\":\"2019-02-01T07:00:40+00:00\",\"mainEntityOfPage\":{\"@id\":\"https:\\\/\\\/www.cde.ual.es\\\/en\\\/negociaciones-comerciales-con-estados-unidos\\\/\"},\"wordCount\":584,\"commentCount\":0,\"publisher\":{\"@id\":\"https:\\\/\\\/www.cde.ual.es\\\/#organization\"},\"image\":{\"@id\":\"https:\\\/\\\/www.cde.ual.es\\\/en\\\/negociaciones-comerciales-con-estados-unidos\\\/#primaryimage\"},\"thumbnailUrl\":\"https:\\\/\\\/www.cde.ual.es\\\/wp-content\\\/uploads\\\/2019\\\/01\\\/folder-1189864_1920.jpg\",\"keywords\":[\"Acuerdos comerciales\",\"Intercambios econ\u00f3micos y comerciales\",\"Mercado en la Uni\u00f3n Europea\",\"Uni\u00f3n Europea\"],\"articleSection\":[\"Noticias UE\"],\"inLanguage\":\"en-US\",\"potentialAction\":[{\"@type\":\"CommentAction\",\"name\":\"Comment\",\"target\":[\"https:\\\/\\\/www.cde.ual.es\\\/en\\\/negociaciones-comerciales-con-estados-unidos\\\/#respond\"]}]},{\"@type\":\"WebPage\",\"@id\":\"https:\\\/\\\/www.cde.ual.es\\\/en\\\/negociaciones-comerciales-con-estados-unidos\\\/\",\"url\":\"https:\\\/\\\/www.cde.ual.es\\\/en\\\/negociaciones-comerciales-con-estados-unidos\\\/\",\"name\":\"Negociaciones comerciales con Estados Unidos | CDE Almer\u00eda - Centro de Documentaci\u00f3n Europea - Universidad de Almer\u00eda\",\"isPartOf\":{\"@id\":\"https:\\\/\\\/www.cde.ual.es\\\/#website\"},\"primaryImageOfPage\":{\"@id\":\"https:\\\/\\\/www.cde.ual.es\\\/en\\\/negociaciones-comerciales-con-estados-unidos\\\/#primaryimage\"},\"image\":{\"@id\":\"https:\\\/\\\/www.cde.ual.es\\\/en\\\/negociaciones-comerciales-con-estados-unidos\\\/#primaryimage\"},\"thumbnailUrl\":\"https:\\\/\\\/www.cde.ual.es\\\/wp-content\\\/uploads\\\/2019\\\/01\\\/folder-1189864_1920.jpg\",\"datePublished\":\"2019-02-01T07:00:40+00:00\",\"breadcrumb\":{\"@id\":\"https:\\\/\\\/www.cde.ual.es\\\/en\\\/negociaciones-comerciales-con-estados-unidos\\\/#breadcrumb\"},\"inLanguage\":\"en-US\",\"potentialAction\":[{\"@type\":\"ReadAction\",\"target\":[\"https:\\\/\\\/www.cde.ual.es\\\/en\\\/negociaciones-comerciales-con-estados-unidos\\\/\"]}]},{\"@type\":\"ImageObject\",\"inLanguage\":\"en-US\",\"@id\":\"https:\\\/\\\/www.cde.ual.es\\\/en\\\/negociaciones-comerciales-con-estados-unidos\\\/#primaryimage\",\"url\":\"https:\\\/\\\/www.cde.ual.es\\\/wp-content\\\/uploads\\\/2019\\\/01\\\/folder-1189864_1920.jpg\",\"contentUrl\":\"https:\\\/\\\/www.cde.ual.es\\\/wp-content\\\/uploads\\\/2019\\\/01\\\/folder-1189864_1920.jpg\",\"width\":1920,\"height\":1280},{\"@type\":\"BreadcrumbList\",\"@id\":\"https:\\\/\\\/www.cde.ual.es\\\/en\\\/negociaciones-comerciales-con-estados-unidos\\\/#breadcrumb\",\"itemListElement\":[{\"@type\":\"ListItem\",\"position\":1,\"name\":\"Inicio\",\"item\":\"https:\\\/\\\/www.cde.ual.es\\\/en\\\/\"},{\"@type\":\"ListItem\",\"position\":2,\"name\":\"EU News\",\"item\":\"https:\\\/\\\/www.cde.ual.es\\\/en\\\/category\\\/eu-news\\\/\"},{\"@type\":\"ListItem\",\"position\":3,\"name\":\"Negociaciones comerciales con Estados Unidos\"}]},{\"@type\":\"WebSite\",\"@id\":\"https:\\\/\\\/www.cde.ual.es\\\/#website\",\"url\":\"https:\\\/\\\/www.cde.ual.es\\\/\",\"name\":\"CDE Almer\u00eda - Centro de Documentaci\u00f3n Europea - Universidad de Almer\u00eda\",\"description\":\"Centro de Documentaci\u00f3n Europea de la Universidad de Almer\u00eda\",\"publisher\":{\"@id\":\"https:\\\/\\\/www.cde.ual.es\\\/#organization\"},\"alternateName\":\"CDE Almer\u00eda\",\"potentialAction\":[{\"@type\":\"SearchAction\",\"target\":{\"@type\":\"EntryPoint\",\"urlTemplate\":\"https:\\\/\\\/www.cde.ual.es\\\/?s={search_term_string}\"},\"query-input\":{\"@type\":\"PropertyValueSpecification\",\"valueRequired\":true,\"valueName\":\"search_term_string\"}}],\"inLanguage\":\"en-US\"},{\"@type\":\"Organization\",\"@id\":\"https:\\\/\\\/www.cde.ual.es\\\/#organization\",\"name\":\"Centro de Documentaci\u00f3n Europea de Almer\u00eda\",\"url\":\"https:\\\/\\\/www.cde.ual.es\\\/\",\"logo\":{\"@type\":\"ImageObject\",\"inLanguage\":\"en-US\",\"@id\":\"https:\\\/\\\/www.cde.ual.es\\\/#\\\/schema\\\/logo\\\/image\\\/\",\"url\":\"https:\\\/\\\/www.cde.ual.es\\\/wp-content\\\/uploads\\\/2025\\\/07\\\/cde-logo-3.png\",\"contentUrl\":\"https:\\\/\\\/www.cde.ual.es\\\/wp-content\\\/uploads\\\/2025\\\/07\\\/cde-logo-3.png\",\"width\":1400,\"height\":300,\"caption\":\"Centro de Documentaci\u00f3n Europea de Almer\u00eda\"},\"image\":{\"@id\":\"https:\\\/\\\/www.cde.ual.es\\\/#\\\/schema\\\/logo\\\/image\\\/\"},\"sameAs\":[\"https:\\\/\\\/www.facebook.com\\\/cdeuniversidadalmeria\\\/\",\"https:\\\/\\\/x.com\\\/cdeualmeria\",\"https:\\\/\\\/www.tiktok.com\\\/@cdealmeria\",\"https:\\\/\\\/www.instagram.com\\\/cdealmeria\\\/\",\"https:\\\/\\\/www.linkedin.com\\\/in\\\/cde-almera-812b26a9\\\/\"]},{\"@type\":\"Person\",\"@id\":\"https:\\\/\\\/www.cde.ual.es\\\/#\\\/schema\\\/person\\\/bf2f837cf3353e2161fe1087adbd728f\",\"name\":\"BECACDE1\",\"image\":{\"@type\":\"ImageObject\",\"inLanguage\":\"en-US\",\"@id\":\"https:\\\/\\\/secure.gravatar.com\\\/avatar\\\/16a4c1e422b5dec818ee13eab3353b19db9cfd278cc10f9b0e1188a37671d9d4?s=96&d=mm&r=g\",\"url\":\"https:\\\/\\\/secure.gravatar.com\\\/avatar\\\/16a4c1e422b5dec818ee13eab3353b19db9cfd278cc10f9b0e1188a37671d9d4?s=96&d=mm&r=g\",\"contentUrl\":\"https:\\\/\\\/secure.gravatar.com\\\/avatar\\\/16a4c1e422b5dec818ee13eab3353b19db9cfd278cc10f9b0e1188a37671d9d4?s=96&d=mm&r=g\",\"caption\":\"BECACDE1\"},\"sameAs\":[\"http:\\\/\\\/www.cdealmeria.com\"]}]}<\/script>\n<!-- \/ Yoast SEO plugin. -->","yoast_head_json":{"title":"Negociaciones comerciales con Estados Unidos | CDE Almer\u00eda - Centro de Documentaci\u00f3n Europea - Universidad de Almer\u00eda","robots":{"index":"index","follow":"follow","max-snippet":"max-snippet:-1","max-image-preview":"max-image-preview:large","max-video-preview":"max-video-preview:-1"},"canonical":"https:\/\/www.cde.ual.es\/en\/negociaciones-comerciales-con-estados-unidos\/","og_locale":"en_US","og_type":"article","og_title":"Negociaciones comerciales con Estados Unidos | CDE Almer\u00eda - Centro de Documentaci\u00f3n Europea - Universidad de Almer\u00eda","og_description":"La Comisi\u00f3n Europea ha publicado hoy un informe sobre la aplicaci\u00f3n de la Declaraci\u00f3n Conjunta de 25 de julio de 2018 del presidente Juncker y el presidente Trump. En consonancia con el compromiso de la Comisi\u00f3n con la transparencia, el informe ofrece una visi\u00f3n general detallada de la situaci\u00f3n de las conversaciones hasta la fecha. [&hellip;]","og_url":"https:\/\/www.cde.ual.es\/en\/negociaciones-comerciales-con-estados-unidos\/","og_site_name":"CDE Almer\u00eda - Centro de Documentaci\u00f3n Europea - Universidad de Almer\u00eda","article_publisher":"https:\/\/www.facebook.com\/cdeuniversidadalmeria\/","article_published_time":"2019-02-01T07:00:40+00:00","og_image":[{"width":1920,"height":1280,"url":"https:\/\/www.cde.ual.es\/wp-content\/uploads\/2019\/01\/folder-1189864_1920.jpg","type":"image\/jpeg"}],"author":"BECACDE1","twitter_card":"summary_large_image","twitter_creator":"@cdeualmeria","twitter_site":"@cdeualmeria","twitter_misc":{"Written by":"BECACDE1","Est. reading time":"3 minutes"},"schema":{"@context":"https:\/\/schema.org","@graph":[{"@type":"Article","@id":"https:\/\/www.cde.ual.es\/en\/negociaciones-comerciales-con-estados-unidos\/#article","isPartOf":{"@id":"https:\/\/www.cde.ual.es\/en\/negociaciones-comerciales-con-estados-unidos\/"},"author":{"name":"BECACDE1","@id":"https:\/\/www.cde.ual.es\/#\/schema\/person\/bf2f837cf3353e2161fe1087adbd728f"},"headline":"Negociaciones comerciales con Estados Unidos","datePublished":"2019-02-01T07:00:40+00:00","mainEntityOfPage":{"@id":"https:\/\/www.cde.ual.es\/en\/negociaciones-comerciales-con-estados-unidos\/"},"wordCount":584,"commentCount":0,"publisher":{"@id":"https:\/\/www.cde.ual.es\/#organization"},"image":{"@id":"https:\/\/www.cde.ual.es\/en\/negociaciones-comerciales-con-estados-unidos\/#primaryimage"},"thumbnailUrl":"https:\/\/www.cde.ual.es\/wp-content\/uploads\/2019\/01\/folder-1189864_1920.jpg","keywords":["Acuerdos comerciales","Intercambios econ\u00f3micos y comerciales","Mercado en la Uni\u00f3n Europea","Uni\u00f3n Europea"],"articleSection":["Noticias UE"],"inLanguage":"en-US","potentialAction":[{"@type":"CommentAction","name":"Comment","target":["https:\/\/www.cde.ual.es\/en\/negociaciones-comerciales-con-estados-unidos\/#respond"]}]},{"@type":"WebPage","@id":"https:\/\/www.cde.ual.es\/en\/negociaciones-comerciales-con-estados-unidos\/","url":"https:\/\/www.cde.ual.es\/en\/negociaciones-comerciales-con-estados-unidos\/","name":"Negociaciones comerciales con Estados Unidos | CDE Almer\u00eda - Centro de Documentaci\u00f3n Europea - Universidad de Almer\u00eda","isPartOf":{"@id":"https:\/\/www.cde.ual.es\/#website"},"primaryImageOfPage":{"@id":"https:\/\/www.cde.ual.es\/en\/negociaciones-comerciales-con-estados-unidos\/#primaryimage"},"image":{"@id":"https:\/\/www.cde.ual.es\/en\/negociaciones-comerciales-con-estados-unidos\/#primaryimage"},"thumbnailUrl":"https:\/\/www.cde.ual.es\/wp-content\/uploads\/2019\/01\/folder-1189864_1920.jpg","datePublished":"2019-02-01T07:00:40+00:00","breadcrumb":{"@id":"https:\/\/www.cde.ual.es\/en\/negociaciones-comerciales-con-estados-unidos\/#breadcrumb"},"inLanguage":"en-US","potentialAction":[{"@type":"ReadAction","target":["https:\/\/www.cde.ual.es\/en\/negociaciones-comerciales-con-estados-unidos\/"]}]},{"@type":"ImageObject","inLanguage":"en-US","@id":"https:\/\/www.cde.ual.es\/en\/negociaciones-comerciales-con-estados-unidos\/#primaryimage","url":"https:\/\/www.cde.ual.es\/wp-content\/uploads\/2019\/01\/folder-1189864_1920.jpg","contentUrl":"https:\/\/www.cde.ual.es\/wp-content\/uploads\/2019\/01\/folder-1189864_1920.jpg","width":1920,"height":1280},{"@type":"BreadcrumbList","@id":"https:\/\/www.cde.ual.es\/en\/negociaciones-comerciales-con-estados-unidos\/#breadcrumb","itemListElement":[{"@type":"ListItem","position":1,"name":"Inicio","item":"https:\/\/www.cde.ual.es\/en\/"},{"@type":"ListItem","position":2,"name":"EU News","item":"https:\/\/www.cde.ual.es\/en\/category\/eu-news\/"},{"@type":"ListItem","position":3,"name":"Negociaciones comerciales con Estados Unidos"}]},{"@type":"WebSite","@id":"https:\/\/www.cde.ual.es\/#website","url":"https:\/\/www.cde.ual.es\/","name":"CDE Almer\u00eda - Centro de Documentaci\u00f3n Europea - Universidad de Almer\u00eda","description":"Centro de Documentaci\u00f3n Europea de la Universidad de Almer\u00eda","publisher":{"@id":"https:\/\/www.cde.ual.es\/#organization"},"alternateName":"CDE Almer\u00eda","potentialAction":[{"@type":"SearchAction","target":{"@type":"EntryPoint","urlTemplate":"https:\/\/www.cde.ual.es\/?s={search_term_string}"},"query-input":{"@type":"PropertyValueSpecification","valueRequired":true,"valueName":"search_term_string"}}],"inLanguage":"en-US"},{"@type":"Organization","@id":"https:\/\/www.cde.ual.es\/#organization","name":"Centro de Documentaci\u00f3n Europea de Almer\u00eda","url":"https:\/\/www.cde.ual.es\/","logo":{"@type":"ImageObject","inLanguage":"en-US","@id":"https:\/\/www.cde.ual.es\/#\/schema\/logo\/image\/","url":"https:\/\/www.cde.ual.es\/wp-content\/uploads\/2025\/07\/cde-logo-3.png","contentUrl":"https:\/\/www.cde.ual.es\/wp-content\/uploads\/2025\/07\/cde-logo-3.png","width":1400,"height":300,"caption":"Centro de Documentaci\u00f3n Europea de Almer\u00eda"},"image":{"@id":"https:\/\/www.cde.ual.es\/#\/schema\/logo\/image\/"},"sameAs":["https:\/\/www.facebook.com\/cdeuniversidadalmeria\/","https:\/\/x.com\/cdeualmeria","https:\/\/www.tiktok.com\/@cdealmeria","https:\/\/www.instagram.com\/cdealmeria\/","https:\/\/www.linkedin.com\/in\/cde-almera-812b26a9\/"]},{"@type":"Person","@id":"https:\/\/www.cde.ual.es\/#\/schema\/person\/bf2f837cf3353e2161fe1087adbd728f","name":"BECACDE1","image":{"@type":"ImageObject","inLanguage":"en-US","@id":"https:\/\/secure.gravatar.com\/avatar\/16a4c1e422b5dec818ee13eab3353b19db9cfd278cc10f9b0e1188a37671d9d4?s=96&d=mm&r=g","url":"https:\/\/secure.gravatar.com\/avatar\/16a4c1e422b5dec818ee13eab3353b19db9cfd278cc10f9b0e1188a37671d9d4?s=96&d=mm&r=g","contentUrl":"https:\/\/secure.gravatar.com\/avatar\/16a4c1e422b5dec818ee13eab3353b19db9cfd278cc10f9b0e1188a37671d9d4?s=96&d=mm&r=g","caption":"BECACDE1"},"sameAs":["http:\/\/www.cdealmeria.com"]}]}},"_links":{"self":[{"href":"https:\/\/www.cde.ual.es\/en\/wp-json\/wp\/v2\/posts\/12279","targetHints":{"allow":["GET"]}}],"collection":[{"href":"https:\/\/www.cde.ual.es\/en\/wp-json\/wp\/v2\/posts"}],"about":[{"href":"https:\/\/www.cde.ual.es\/en\/wp-json\/wp\/v2\/types\/post"}],"author":[{"embeddable":true,"href":"https:\/\/www.cde.ual.es\/en\/wp-json\/wp\/v2\/users\/101012"}],"replies":[{"embeddable":true,"href":"https:\/\/www.cde.ual.es\/en\/wp-json\/wp\/v2\/comments?post=12279"}],"version-history":[{"count":0,"href":"https:\/\/www.cde.ual.es\/en\/wp-json\/wp\/v2\/posts\/12279\/revisions"}],"wp:featuredmedia":[{"embeddable":true,"href":"https:\/\/www.cde.ual.es\/en\/wp-json\/wp\/v2\/media\/12280"}],"wp:attachment":[{"href":"https:\/\/www.cde.ual.es\/en\/wp-json\/wp\/v2\/media?parent=12279"}],"wp:term":[{"taxonomy":"category","embeddable":true,"href":"https:\/\/www.cde.ual.es\/en\/wp-json\/wp\/v2\/categories?post=12279"},{"taxonomy":"post_tag","embeddable":true,"href":"https:\/\/www.cde.ual.es\/en\/wp-json\/wp\/v2\/tags?post=12279"}],"curies":[{"name":"wp","href":"https:\/\/api.w.org\/{rel}","templated":true}]}}