{"id":122474,"date":"2022-11-16T03:00:18","date_gmt":"2022-11-16T02:00:18","guid":{"rendered":"https:\/\/www.cde.ual.es\/?p=122474"},"modified":"2022-11-15T09:25:57","modified_gmt":"2022-11-15T08:25:57","slug":"g20-e210-million-in-food-assistance-for-most-vulnerable-worldwide","status":"publish","type":"post","link":"https:\/\/www.cde.ual.es\/en\/g20-e210-million-in-food-assistance-for-most-vulnerable-worldwide\/","title":{"rendered":"New 210 million food aid package for the most vulnerable countries"},"content":{"rendered":"<p style=\"text-align: justify;\">Ahead of the G20 Summit in Bali, the Commission is stepping up support to help those most affected by the devastating effects of rising food insecurity globally.<\/p>\n<p style=\"text-align: justify;\"><a href=\"https:\/\/www.cde.ual.es\/wp-content\/uploads\/2022\/11\/TOMATES-scaled.jpg\"><img decoding=\"async\" class=\"aligncenter wp-image-122465\" src=\"https:\/\/www.cde.ual.es\/wp-content\/uploads\/2022\/11\/TOMATES-scaled.jpg\" alt=\"tomates - comida\" width=\"498\" height=\"332\" srcset=\"https:\/\/www.cde.ual.es\/wp-content\/uploads\/2022\/11\/TOMATES-scaled.jpg 2560w, https:\/\/www.cde.ual.es\/wp-content\/uploads\/2022\/11\/TOMATES-300x200.jpg 300w, https:\/\/www.cde.ual.es\/wp-content\/uploads\/2022\/11\/TOMATES-1024x683.jpg 1024w, https:\/\/www.cde.ual.es\/wp-content\/uploads\/2022\/11\/TOMATES-768x512.jpg 768w, https:\/\/www.cde.ual.es\/wp-content\/uploads\/2022\/11\/TOMATES-1536x1024.jpg 1536w, https:\/\/www.cde.ual.es\/wp-content\/uploads\/2022\/11\/TOMATES-2048x1365.jpg 2048w\" sizes=\"(max-width: 498px) 100vw, 498px\" \/><\/a><\/p>\n<p style=\"text-align: justify;\">A new humanitarian aid package of \u20ac210 million will be provided in 15 countries to meet their growing needs. This brings the EU&#8217;s overall support for global food security to up to \u20ac8 billion between 2020-2024. In 2022, food insecurity reached unprecedented levels, both in scale and severity with at least 205 million people currently acutely food insecure and requiring urgent assistance. This is the highest level on record. Afghanistan, Ethiopia, Nigeria, South Sudan, Somalia and Yemen remain at risk of famine.<\/p>\n<table style=\"width: 99.9988%; border-collapse: collapse; border-style: double; border-color: #001f7d;\" cellpadding=\"0,5\">\n<tbody>\n<tr>\n<td style=\"width: 100%;\"><a href=\"https:\/\/www.cde.ual.es\/en\/food-security-the-commission-addresses-the-availability-and-affordability-of-fertilisers-in-the-eu-and-globally\/\" target=\"_blank\" rel=\"noopener\"><img decoding=\"async\" class=\"alignleft\" src=\"https:\/\/www.cde.ual.es\/wp-content\/uploads\/2022\/11\/tim-mossholder-xDwEa2kaeJA-unsplash-scaled.jpg\" alt=\"\" width=\"201\" height=\"134\" \/><\/a><\/p>\n<h4 class=\"entry-title\"><a href=\"https:\/\/www.cde.ual.es\/en\/food-security-the-commission-addresses-the-availability-and-affordability-of-fertilisers-in-the-eu-and-globally\/\" target=\"_blank\" rel=\"noopener\">Food security: the Commission addresses the availability and affordability of fertilisers in the EU and globally<br \/>\n<\/a><\/h4>\n<\/td>\n<\/tr>\n<\/tbody>\n<\/table>\n<p style=\"text-align: justify;\">The funding will be provided as follows:<\/p>\n<ul style=\"text-align: justify;\">\n<li><strong>West and Central Africa<\/strong>: \u20ac2 million in Burkina Faso, \u20ac1 million in Mali, \u20ac2 million in Niger, \u20ac1 million in Chad and \u20ac4 million in the Central African Republic will provide food security assistance as well as protection, nutrition and livelihood support.<\/li>\n<li><strong>East and Southern Africa<\/strong>: \u20ac9 million in Sudan will help affected populations with the delivery of emergency lifesaving basic services and protection assistance; \u20ac6 million in South Sudan will help scale-up the humanitarian emergency response; \u20ac10 million in Ethiopia will focus on emergency food security, livelihood assistance, nutrition and water and sanitation; \u20ac10 million in Somalia will prioritise the most vulnerable population groups.<\/li>\n<li><strong>Middle East<\/strong>: \u20ac35 million in Yemen will deliver food assistance to the most vulnerable in north and south of the country; \u20ac15 million in Syria will support the most vulnerable with food assistance; and \u20ac5 million in Lebanon will support vulnerable refugees and Lebanese to meet their basic needs.<\/li>\n<li><strong>Afghanistan<\/strong>: \u20ac75 million for Afghan regional crisis will address the dramatic food security situation, with an estimated 24\u00a0 million people in need, as well as needs related to the winter and natural disasters that have recently affected the country;<\/li>\n<li><strong>Latin America<\/strong>: \u20ac30 million for Venezuela&#8217;s regional crisis will address the population&#8217;s most urgent needs, both inside and outside the country (notably, in Colombia, Ecuador and Peru); \u20ac5 million in Central America&#8217;s Dry Corridor will help with food assistance and nutrition, health, water and sanitation, and protection. This amount was announced in early October 2022 during Commissioner\u00a0<strong>Lenar\u010di\u010d<\/strong>&#8216;s visit to the region.<\/li>\n<\/ul>\n<p style=\"text-align: justify;\">In addition to the funding announced yesterday, the European Commission has already allocated an additional \u20ac175 million in humanitarian assistance to support those most in need in <strong>Ukraine<\/strong>\u00a0and\u00a0<strong>Moldova<\/strong>. Commissioner\u00a0<strong>Lenar\u010di\u010d<\/strong>, announced this funding during his visit to Kyiv on 19 October. Additionally, \u20ac10 million were allocated to\u00a0<strong>Pakistan<\/strong>\u00a0to respond to the flash floods which had a great impact on the food, nutrition and livelihood of affected communities.<\/p>\n<p><strong>Source<\/strong>:<a href=\"https:\/\/ec.europa.eu\/commission\/presscorner\/detail\/es\/ip_22_6448\" target=\"_blank\" rel=\"noopener\"> Press release &#8211; European Commission<\/a><\/p>\n","protected":false},"excerpt":{"rendered":"<p>Ahead of the G20 Summit in Bali, the Commission is stepping up support to help those most affected by the devastating effects of rising food insecurity globally. A new humanitarian aid package of \u20ac210 million will be provided in 15 countries to meet their growing needs. This brings the EU&#8217;s overall support for global food [&hellip;]<\/p>\n","protected":false},"author":101011,"featured_media":122465,"comment_status":"open","ping_status":"open","sticky":false,"template":"","format":"standard","meta":{"_acf_changed":false,"_relevanssi_hide_post":"","_relevanssi_hide_content":"","_relevanssi_pin_for_all":"","_relevanssi_pin_keywords":"","_relevanssi_unpin_keywords":"","_relevanssi_related_keywords":"","_relevanssi_related_include_ids":"","_relevanssi_related_exclude_ids":"","_relevanssi_related_no_append":"","_relevanssi_related_not_related":"","_relevanssi_related_posts":"","_relevanssi_noindex_reason":"","_monsterinsights_skip_tracking":false,"_monsterinsights_sitenote_active":false,"_monsterinsights_sitenote_note":"","_monsterinsights_sitenote_category":0,"_genesis_hide_title":false,"_genesis_hide_breadcrumbs":false,"_genesis_hide_singular_image":false,"_genesis_hide_footer_widgets":false,"_genesis_custom_body_class":"","_genesis_custom_post_class":"","_genesis_layout":"","footnotes":""},"categories":[4061,346,4064,4065],"tags":[7683,7682,2427,5465],"class_list":{"0":"post-122474","1":"post","2":"type-post","3":"status-publish","4":"format-standard","5":"has-post-thumbnail","7":"category-agr-liv-far-fish","8":"category-eu-news","9":"category-institutional","10":"category-international-pol-coop","11":"tag-bali","12":"tag-food-assistence","13":"tag-g20","14":"tag-humanitarian-help","15":"entry"},"acf":[],"yoast_head":"<!-- This site is optimized with the Yoast SEO plugin v27.5 - https:\/\/yoast.com\/product\/yoast-seo-wordpress\/ -->\n<title>New 210 million food aid package for the most vulnerable countries | CDE Almer\u00eda - Centro de Documentaci\u00f3n Europea - Universidad de Almer\u00eda<\/title>\n<meta name=\"robots\" content=\"index, follow, max-snippet:-1, max-image-preview:large, max-video-preview:-1\" \/>\n<link rel=\"canonical\" href=\"https:\/\/www.cde.ual.es\/nuevo-paquete-de-210-millones-de-euros-en-ayuda-alimentaria-para-los-paises-mas-vulnerables\/\" \/>\n<meta property=\"og:locale\" content=\"en_US\" \/>\n<meta property=\"og:type\" content=\"article\" \/>\n<meta property=\"og:title\" content=\"New 210 million food aid package for the most vulnerable countries | CDE Almer\u00eda - Centro de Documentaci\u00f3n Europea - Universidad de Almer\u00eda\" \/>\n<meta property=\"og:description\" content=\"Ahead of the G20 Summit in Bali, the Commission is stepping up support to help those most affected by the devastating effects of rising food insecurity globally. A new humanitarian aid package of \u20ac210 million will be provided in 15 countries to meet their growing needs. This brings the EU&#8217;s overall support for global food [&hellip;]\" \/>\n<meta property=\"og:url\" content=\"https:\/\/www.cde.ual.es\/nuevo-paquete-de-210-millones-de-euros-en-ayuda-alimentaria-para-los-paises-mas-vulnerables\/\" \/>\n<meta property=\"og:site_name\" content=\"CDE Almer\u00eda - Centro de Documentaci\u00f3n Europea - Universidad de Almer\u00eda\" \/>\n<meta property=\"article:publisher\" content=\"https:\/\/www.facebook.com\/cdeuniversidadalmeria\/\" \/>\n<meta property=\"article:published_time\" content=\"2022-11-16T02:00:18+00:00\" \/>\n<meta property=\"og:image\" content=\"https:\/\/www.cde.ual.es\/wp-content\/uploads\/2022\/11\/TOMATES-scaled.jpg\" \/>\n\t<meta property=\"og:image:width\" content=\"2560\" \/>\n\t<meta property=\"og:image:height\" content=\"1707\" \/>\n\t<meta property=\"og:image:type\" content=\"image\/jpeg\" \/>\n<meta name=\"author\" content=\"BECA 2 CDE\" \/>\n<meta name=\"twitter:card\" content=\"summary_large_image\" \/>\n<meta name=\"twitter:creator\" content=\"@cdeualmeria\" \/>\n<meta name=\"twitter:site\" content=\"@cdeualmeria\" \/>\n<meta name=\"twitter:label1\" content=\"Written by\" \/>\n\t<meta name=\"twitter:data1\" content=\"BECA 2 CDE\" \/>\n\t<meta name=\"twitter:label2\" content=\"Est. reading time\" \/>\n\t<meta name=\"twitter:data2\" content=\"3 minutes\" \/>\n<script type=\"application\/ld+json\" class=\"yoast-schema-graph\">{\"@context\":\"https:\\\/\\\/schema.org\",\"@graph\":[{\"@type\":\"Article\",\"@id\":\"https:\\\/\\\/www.cde.ual.es\\\/nuevo-paquete-de-210-millones-de-euros-en-ayuda-alimentaria-para-los-paises-mas-vulnerables\\\/#article\",\"isPartOf\":{\"@id\":\"https:\\\/\\\/www.cde.ual.es\\\/nuevo-paquete-de-210-millones-de-euros-en-ayuda-alimentaria-para-los-paises-mas-vulnerables\\\/\"},\"author\":{\"name\":\"BECA 2 CDE\",\"@id\":\"https:\\\/\\\/www.cde.ual.es\\\/#\\\/schema\\\/person\\\/ee46ebc19edfa19598c02cff83335acc\"},\"headline\":\"New 210 million food aid package for the most vulnerable countries\",\"datePublished\":\"2022-11-16T02:00:18+00:00\",\"mainEntityOfPage\":{\"@id\":\"https:\\\/\\\/www.cde.ual.es\\\/nuevo-paquete-de-210-millones-de-euros-en-ayuda-alimentaria-para-los-paises-mas-vulnerables\\\/\"},\"wordCount\":455,\"commentCount\":0,\"publisher\":{\"@id\":\"https:\\\/\\\/www.cde.ual.es\\\/#organization\"},\"image\":{\"@id\":\"https:\\\/\\\/www.cde.ual.es\\\/nuevo-paquete-de-210-millones-de-euros-en-ayuda-alimentaria-para-los-paises-mas-vulnerables\\\/#primaryimage\"},\"thumbnailUrl\":\"https:\\\/\\\/www.cde.ual.es\\\/wp-content\\\/uploads\\\/2022\\\/11\\\/TOMATES-scaled.jpg\",\"keywords\":[\"bali\",\"food assistence\",\"G20\",\"humanitarian help\"],\"articleSection\":[\"Agriculture, Livestock Farming and Fisheries\",\"EU News\",\"Institutional Affairs\",\"International Politics and Cooperation\"],\"inLanguage\":\"en-US\",\"potentialAction\":[{\"@type\":\"CommentAction\",\"name\":\"Comment\",\"target\":[\"https:\\\/\\\/www.cde.ual.es\\\/nuevo-paquete-de-210-millones-de-euros-en-ayuda-alimentaria-para-los-paises-mas-vulnerables\\\/#respond\"]}]},{\"@type\":\"WebPage\",\"@id\":\"https:\\\/\\\/www.cde.ual.es\\\/nuevo-paquete-de-210-millones-de-euros-en-ayuda-alimentaria-para-los-paises-mas-vulnerables\\\/\",\"url\":\"https:\\\/\\\/www.cde.ual.es\\\/nuevo-paquete-de-210-millones-de-euros-en-ayuda-alimentaria-para-los-paises-mas-vulnerables\\\/\",\"name\":\"New 210 million food aid package for the most vulnerable countries | CDE Almer\u00eda - Centro de Documentaci\u00f3n Europea - Universidad de Almer\u00eda\",\"isPartOf\":{\"@id\":\"https:\\\/\\\/www.cde.ual.es\\\/#website\"},\"primaryImageOfPage\":{\"@id\":\"https:\\\/\\\/www.cde.ual.es\\\/nuevo-paquete-de-210-millones-de-euros-en-ayuda-alimentaria-para-los-paises-mas-vulnerables\\\/#primaryimage\"},\"image\":{\"@id\":\"https:\\\/\\\/www.cde.ual.es\\\/nuevo-paquete-de-210-millones-de-euros-en-ayuda-alimentaria-para-los-paises-mas-vulnerables\\\/#primaryimage\"},\"thumbnailUrl\":\"https:\\\/\\\/www.cde.ual.es\\\/wp-content\\\/uploads\\\/2022\\\/11\\\/TOMATES-scaled.jpg\",\"datePublished\":\"2022-11-16T02:00:18+00:00\",\"breadcrumb\":{\"@id\":\"https:\\\/\\\/www.cde.ual.es\\\/nuevo-paquete-de-210-millones-de-euros-en-ayuda-alimentaria-para-los-paises-mas-vulnerables\\\/#breadcrumb\"},\"inLanguage\":\"en-US\",\"potentialAction\":[{\"@type\":\"ReadAction\",\"target\":[\"https:\\\/\\\/www.cde.ual.es\\\/nuevo-paquete-de-210-millones-de-euros-en-ayuda-alimentaria-para-los-paises-mas-vulnerables\\\/\"]}]},{\"@type\":\"ImageObject\",\"inLanguage\":\"en-US\",\"@id\":\"https:\\\/\\\/www.cde.ual.es\\\/nuevo-paquete-de-210-millones-de-euros-en-ayuda-alimentaria-para-los-paises-mas-vulnerables\\\/#primaryimage\",\"url\":\"https:\\\/\\\/www.cde.ual.es\\\/wp-content\\\/uploads\\\/2022\\\/11\\\/TOMATES-scaled.jpg\",\"contentUrl\":\"https:\\\/\\\/www.cde.ual.es\\\/wp-content\\\/uploads\\\/2022\\\/11\\\/TOMATES-scaled.jpg\",\"width\":2560,\"height\":1707,\"caption\":\"manos sujetan una cesta con tomates\"},{\"@type\":\"BreadcrumbList\",\"@id\":\"https:\\\/\\\/www.cde.ual.es\\\/nuevo-paquete-de-210-millones-de-euros-en-ayuda-alimentaria-para-los-paises-mas-vulnerables\\\/#breadcrumb\",\"itemListElement\":[{\"@type\":\"ListItem\",\"position\":1,\"name\":\"Inicio\",\"item\":\"https:\\\/\\\/www.cde.ual.es\\\/en\\\/\"},{\"@type\":\"ListItem\",\"position\":2,\"name\":\"Noticias UE\",\"item\":\"https:\\\/\\\/www.cde.ual.es\\\/category\\\/noticias-ue\\\/\"},{\"@type\":\"ListItem\",\"position\":3,\"name\":\"Asuntos Institucionales\",\"item\":\"https:\\\/\\\/www.cde.ual.es\\\/category\\\/noticias-ue\\\/institucionales\\\/\"},{\"@type\":\"ListItem\",\"position\":4,\"name\":\"International Politics and Cooperation\",\"item\":\"https:\\\/\\\/www.cde.ual.es\\\/en\\\/category\\\/eu-news\\\/institutional\\\/international-pol-coop\\\/\"},{\"@type\":\"ListItem\",\"position\":5,\"name\":\"New 210 million food aid package for the most vulnerable countries\"}]},{\"@type\":\"WebSite\",\"@id\":\"https:\\\/\\\/www.cde.ual.es\\\/#website\",\"url\":\"https:\\\/\\\/www.cde.ual.es\\\/\",\"name\":\"CDE Almer\u00eda - Centro de Documentaci\u00f3n Europea - Universidad de Almer\u00eda\",\"description\":\"Centro de Documentaci\u00f3n Europea de la Universidad de Almer\u00eda\",\"publisher\":{\"@id\":\"https:\\\/\\\/www.cde.ual.es\\\/#organization\"},\"alternateName\":\"CDE Almer\u00eda\",\"potentialAction\":[{\"@type\":\"SearchAction\",\"target\":{\"@type\":\"EntryPoint\",\"urlTemplate\":\"https:\\\/\\\/www.cde.ual.es\\\/?s={search_term_string}\"},\"query-input\":{\"@type\":\"PropertyValueSpecification\",\"valueRequired\":true,\"valueName\":\"search_term_string\"}}],\"inLanguage\":\"en-US\"},{\"@type\":\"Organization\",\"@id\":\"https:\\\/\\\/www.cde.ual.es\\\/#organization\",\"name\":\"Centro de Documentaci\u00f3n Europea de Almer\u00eda\",\"url\":\"https:\\\/\\\/www.cde.ual.es\\\/\",\"logo\":{\"@type\":\"ImageObject\",\"inLanguage\":\"en-US\",\"@id\":\"https:\\\/\\\/www.cde.ual.es\\\/#\\\/schema\\\/logo\\\/image\\\/\",\"url\":\"https:\\\/\\\/www.cde.ual.es\\\/wp-content\\\/uploads\\\/2025\\\/07\\\/cde-logo-3.png\",\"contentUrl\":\"https:\\\/\\\/www.cde.ual.es\\\/wp-content\\\/uploads\\\/2025\\\/07\\\/cde-logo-3.png\",\"width\":1400,\"height\":300,\"caption\":\"Centro de Documentaci\u00f3n Europea de Almer\u00eda\"},\"image\":{\"@id\":\"https:\\\/\\\/www.cde.ual.es\\\/#\\\/schema\\\/logo\\\/image\\\/\"},\"sameAs\":[\"https:\\\/\\\/www.facebook.com\\\/cdeuniversidadalmeria\\\/\",\"https:\\\/\\\/x.com\\\/cdeualmeria\",\"https:\\\/\\\/www.tiktok.com\\\/@cdealmeria\",\"https:\\\/\\\/www.instagram.com\\\/cdealmeria\\\/\",\"https:\\\/\\\/www.linkedin.com\\\/in\\\/cde-almera-812b26a9\\\/\"]},{\"@type\":\"Person\",\"@id\":\"https:\\\/\\\/www.cde.ual.es\\\/#\\\/schema\\\/person\\\/ee46ebc19edfa19598c02cff83335acc\",\"name\":\"BECA 2 CDE\",\"image\":{\"@type\":\"ImageObject\",\"inLanguage\":\"en-US\",\"@id\":\"https:\\\/\\\/secure.gravatar.com\\\/avatar\\\/35a481bbc04bbd90e91bdfa3b0b5541036c222a49b9ad37b6889a2afcb5311a5?s=96&d=mm&r=g\",\"url\":\"https:\\\/\\\/secure.gravatar.com\\\/avatar\\\/35a481bbc04bbd90e91bdfa3b0b5541036c222a49b9ad37b6889a2afcb5311a5?s=96&d=mm&r=g\",\"contentUrl\":\"https:\\\/\\\/secure.gravatar.com\\\/avatar\\\/35a481bbc04bbd90e91bdfa3b0b5541036c222a49b9ad37b6889a2afcb5311a5?s=96&d=mm&r=g\",\"caption\":\"BECA 2 CDE\"},\"sameAs\":[\"http:\\\/\\\/www.cdealmeria.com\"]}]}<\/script>\n<!-- \/ Yoast SEO plugin. -->","yoast_head_json":{"title":"New 210 million food aid package for the most vulnerable countries | CDE Almer\u00eda - Centro de Documentaci\u00f3n Europea - Universidad de Almer\u00eda","robots":{"index":"index","follow":"follow","max-snippet":"max-snippet:-1","max-image-preview":"max-image-preview:large","max-video-preview":"max-video-preview:-1"},"canonical":"https:\/\/www.cde.ual.es\/nuevo-paquete-de-210-millones-de-euros-en-ayuda-alimentaria-para-los-paises-mas-vulnerables\/","og_locale":"en_US","og_type":"article","og_title":"New 210 million food aid package for the most vulnerable countries | CDE Almer\u00eda - Centro de Documentaci\u00f3n Europea - Universidad de Almer\u00eda","og_description":"Ahead of the G20 Summit in Bali, the Commission is stepping up support to help those most affected by the devastating effects of rising food insecurity globally. A new humanitarian aid package of \u20ac210 million will be provided in 15 countries to meet their growing needs. This brings the EU&#8217;s overall support for global food [&hellip;]","og_url":"https:\/\/www.cde.ual.es\/nuevo-paquete-de-210-millones-de-euros-en-ayuda-alimentaria-para-los-paises-mas-vulnerables\/","og_site_name":"CDE Almer\u00eda - Centro de Documentaci\u00f3n Europea - Universidad de Almer\u00eda","article_publisher":"https:\/\/www.facebook.com\/cdeuniversidadalmeria\/","article_published_time":"2022-11-16T02:00:18+00:00","og_image":[{"width":2560,"height":1707,"url":"https:\/\/www.cde.ual.es\/wp-content\/uploads\/2022\/11\/TOMATES-scaled.jpg","type":"image\/jpeg"}],"author":"BECA 2 CDE","twitter_card":"summary_large_image","twitter_creator":"@cdeualmeria","twitter_site":"@cdeualmeria","twitter_misc":{"Written by":"BECA 2 CDE","Est. reading time":"3 minutes"},"schema":{"@context":"https:\/\/schema.org","@graph":[{"@type":"Article","@id":"https:\/\/www.cde.ual.es\/nuevo-paquete-de-210-millones-de-euros-en-ayuda-alimentaria-para-los-paises-mas-vulnerables\/#article","isPartOf":{"@id":"https:\/\/www.cde.ual.es\/nuevo-paquete-de-210-millones-de-euros-en-ayuda-alimentaria-para-los-paises-mas-vulnerables\/"},"author":{"name":"BECA 2 CDE","@id":"https:\/\/www.cde.ual.es\/#\/schema\/person\/ee46ebc19edfa19598c02cff83335acc"},"headline":"New 210 million food aid package for the most vulnerable countries","datePublished":"2022-11-16T02:00:18+00:00","mainEntityOfPage":{"@id":"https:\/\/www.cde.ual.es\/nuevo-paquete-de-210-millones-de-euros-en-ayuda-alimentaria-para-los-paises-mas-vulnerables\/"},"wordCount":455,"commentCount":0,"publisher":{"@id":"https:\/\/www.cde.ual.es\/#organization"},"image":{"@id":"https:\/\/www.cde.ual.es\/nuevo-paquete-de-210-millones-de-euros-en-ayuda-alimentaria-para-los-paises-mas-vulnerables\/#primaryimage"},"thumbnailUrl":"https:\/\/www.cde.ual.es\/wp-content\/uploads\/2022\/11\/TOMATES-scaled.jpg","keywords":["bali","food assistence","G20","humanitarian help"],"articleSection":["Agriculture, Livestock Farming and Fisheries","EU News","Institutional Affairs","International Politics and Cooperation"],"inLanguage":"en-US","potentialAction":[{"@type":"CommentAction","name":"Comment","target":["https:\/\/www.cde.ual.es\/nuevo-paquete-de-210-millones-de-euros-en-ayuda-alimentaria-para-los-paises-mas-vulnerables\/#respond"]}]},{"@type":"WebPage","@id":"https:\/\/www.cde.ual.es\/nuevo-paquete-de-210-millones-de-euros-en-ayuda-alimentaria-para-los-paises-mas-vulnerables\/","url":"https:\/\/www.cde.ual.es\/nuevo-paquete-de-210-millones-de-euros-en-ayuda-alimentaria-para-los-paises-mas-vulnerables\/","name":"New 210 million food aid package for the most vulnerable countries | CDE Almer\u00eda - Centro de Documentaci\u00f3n Europea - Universidad de Almer\u00eda","isPartOf":{"@id":"https:\/\/www.cde.ual.es\/#website"},"primaryImageOfPage":{"@id":"https:\/\/www.cde.ual.es\/nuevo-paquete-de-210-millones-de-euros-en-ayuda-alimentaria-para-los-paises-mas-vulnerables\/#primaryimage"},"image":{"@id":"https:\/\/www.cde.ual.es\/nuevo-paquete-de-210-millones-de-euros-en-ayuda-alimentaria-para-los-paises-mas-vulnerables\/#primaryimage"},"thumbnailUrl":"https:\/\/www.cde.ual.es\/wp-content\/uploads\/2022\/11\/TOMATES-scaled.jpg","datePublished":"2022-11-16T02:00:18+00:00","breadcrumb":{"@id":"https:\/\/www.cde.ual.es\/nuevo-paquete-de-210-millones-de-euros-en-ayuda-alimentaria-para-los-paises-mas-vulnerables\/#breadcrumb"},"inLanguage":"en-US","potentialAction":[{"@type":"ReadAction","target":["https:\/\/www.cde.ual.es\/nuevo-paquete-de-210-millones-de-euros-en-ayuda-alimentaria-para-los-paises-mas-vulnerables\/"]}]},{"@type":"ImageObject","inLanguage":"en-US","@id":"https:\/\/www.cde.ual.es\/nuevo-paquete-de-210-millones-de-euros-en-ayuda-alimentaria-para-los-paises-mas-vulnerables\/#primaryimage","url":"https:\/\/www.cde.ual.es\/wp-content\/uploads\/2022\/11\/TOMATES-scaled.jpg","contentUrl":"https:\/\/www.cde.ual.es\/wp-content\/uploads\/2022\/11\/TOMATES-scaled.jpg","width":2560,"height":1707,"caption":"manos sujetan una cesta con tomates"},{"@type":"BreadcrumbList","@id":"https:\/\/www.cde.ual.es\/nuevo-paquete-de-210-millones-de-euros-en-ayuda-alimentaria-para-los-paises-mas-vulnerables\/#breadcrumb","itemListElement":[{"@type":"ListItem","position":1,"name":"Inicio","item":"https:\/\/www.cde.ual.es\/en\/"},{"@type":"ListItem","position":2,"name":"Noticias UE","item":"https:\/\/www.cde.ual.es\/category\/noticias-ue\/"},{"@type":"ListItem","position":3,"name":"Asuntos Institucionales","item":"https:\/\/www.cde.ual.es\/category\/noticias-ue\/institucionales\/"},{"@type":"ListItem","position":4,"name":"International Politics and Cooperation","item":"https:\/\/www.cde.ual.es\/en\/category\/eu-news\/institutional\/international-pol-coop\/"},{"@type":"ListItem","position":5,"name":"New 210 million food aid package for the most vulnerable countries"}]},{"@type":"WebSite","@id":"https:\/\/www.cde.ual.es\/#website","url":"https:\/\/www.cde.ual.es\/","name":"CDE Almer\u00eda - Centro de Documentaci\u00f3n Europea - Universidad de Almer\u00eda","description":"Centro de Documentaci\u00f3n Europea de la Universidad de Almer\u00eda","publisher":{"@id":"https:\/\/www.cde.ual.es\/#organization"},"alternateName":"CDE Almer\u00eda","potentialAction":[{"@type":"SearchAction","target":{"@type":"EntryPoint","urlTemplate":"https:\/\/www.cde.ual.es\/?s={search_term_string}"},"query-input":{"@type":"PropertyValueSpecification","valueRequired":true,"valueName":"search_term_string"}}],"inLanguage":"en-US"},{"@type":"Organization","@id":"https:\/\/www.cde.ual.es\/#organization","name":"Centro de Documentaci\u00f3n Europea de Almer\u00eda","url":"https:\/\/www.cde.ual.es\/","logo":{"@type":"ImageObject","inLanguage":"en-US","@id":"https:\/\/www.cde.ual.es\/#\/schema\/logo\/image\/","url":"https:\/\/www.cde.ual.es\/wp-content\/uploads\/2025\/07\/cde-logo-3.png","contentUrl":"https:\/\/www.cde.ual.es\/wp-content\/uploads\/2025\/07\/cde-logo-3.png","width":1400,"height":300,"caption":"Centro de Documentaci\u00f3n Europea de Almer\u00eda"},"image":{"@id":"https:\/\/www.cde.ual.es\/#\/schema\/logo\/image\/"},"sameAs":["https:\/\/www.facebook.com\/cdeuniversidadalmeria\/","https:\/\/x.com\/cdeualmeria","https:\/\/www.tiktok.com\/@cdealmeria","https:\/\/www.instagram.com\/cdealmeria\/","https:\/\/www.linkedin.com\/in\/cde-almera-812b26a9\/"]},{"@type":"Person","@id":"https:\/\/www.cde.ual.es\/#\/schema\/person\/ee46ebc19edfa19598c02cff83335acc","name":"BECA 2 CDE","image":{"@type":"ImageObject","inLanguage":"en-US","@id":"https:\/\/secure.gravatar.com\/avatar\/35a481bbc04bbd90e91bdfa3b0b5541036c222a49b9ad37b6889a2afcb5311a5?s=96&d=mm&r=g","url":"https:\/\/secure.gravatar.com\/avatar\/35a481bbc04bbd90e91bdfa3b0b5541036c222a49b9ad37b6889a2afcb5311a5?s=96&d=mm&r=g","contentUrl":"https:\/\/secure.gravatar.com\/avatar\/35a481bbc04bbd90e91bdfa3b0b5541036c222a49b9ad37b6889a2afcb5311a5?s=96&d=mm&r=g","caption":"BECA 2 CDE"},"sameAs":["http:\/\/www.cdealmeria.com"]}]}},"_links":{"self":[{"href":"https:\/\/www.cde.ual.es\/en\/wp-json\/wp\/v2\/posts\/122474","targetHints":{"allow":["GET"]}}],"collection":[{"href":"https:\/\/www.cde.ual.es\/en\/wp-json\/wp\/v2\/posts"}],"about":[{"href":"https:\/\/www.cde.ual.es\/en\/wp-json\/wp\/v2\/types\/post"}],"author":[{"embeddable":true,"href":"https:\/\/www.cde.ual.es\/en\/wp-json\/wp\/v2\/users\/101011"}],"replies":[{"embeddable":true,"href":"https:\/\/www.cde.ual.es\/en\/wp-json\/wp\/v2\/comments?post=122474"}],"version-history":[{"count":3,"href":"https:\/\/www.cde.ual.es\/en\/wp-json\/wp\/v2\/posts\/122474\/revisions"}],"predecessor-version":[{"id":122477,"href":"https:\/\/www.cde.ual.es\/en\/wp-json\/wp\/v2\/posts\/122474\/revisions\/122477"}],"wp:featuredmedia":[{"embeddable":true,"href":"https:\/\/www.cde.ual.es\/en\/wp-json\/wp\/v2\/media\/122465"}],"wp:attachment":[{"href":"https:\/\/www.cde.ual.es\/en\/wp-json\/wp\/v2\/media?parent=122474"}],"wp:term":[{"taxonomy":"category","embeddable":true,"href":"https:\/\/www.cde.ual.es\/en\/wp-json\/wp\/v2\/categories?post=122474"},{"taxonomy":"post_tag","embeddable":true,"href":"https:\/\/www.cde.ual.es\/en\/wp-json\/wp\/v2\/tags?post=122474"}],"curies":[{"name":"wp","href":"https:\/\/api.w.org\/{rel}","templated":true}]}}