{"id":12218,"date":"2019-01-31T08:00:13","date_gmt":"2019-01-31T07:00:13","guid":{"rendered":"http:\/\/www.cde.ual.es\/?p=12218"},"modified":"2019-04-30T08:44:12","modified_gmt":"2019-04-30T06:44:12","slug":"nuevo-informe-codigo-de-practicas-sobre-desinformacion","status":"publish","type":"post","link":"https:\/\/www.cde.ual.es\/en\/nuevo-informe-codigo-de-practicas-sobre-desinformacion\/","title":{"rendered":"Nuevo informe: C\u00f3digo de Pr\u00e1cticas sobre Desinformaci\u00f3n"},"content":{"rendered":"\r\n<div class=\"wp-block-image\">\r\n<figure class=\"aligncenter\"><img decoding=\"async\" width=\"600\" height=\"400\" class=\"wp-image-12250 aligncenter\" src=\"http:\/\/www.cde.ual.es\/wp-content\/uploads\/2019\/01\/pexels-photo-1262971.jpeg\" alt=\"\" srcset=\"https:\/\/www.cde.ual.es\/wp-content\/uploads\/2019\/01\/pexels-photo-1262971.jpeg 600w, https:\/\/www.cde.ual.es\/wp-content\/uploads\/2019\/01\/pexels-photo-1262971-300x200.jpeg 300w\" sizes=\"(max-width: 600px) 100vw, 600px\" \/><\/figure>\r\n<\/div>\r\n\r\n\r\n\r\n<p>Como parte del <a href=\"https:\/\/ec.europa.eu\/digital-single-market\/en\/news\/europe-protects-eu-steps-action-against-disinformation\">Plan de acci\u00f3n contra la desinformaci\u00f3n<\/a> que la Comisi\u00f3n Europea y el Alto Representante presentaron el pasado mes de diciembre, las plataformas en l\u00ednea y el sector de la publicidad que han firmado el <a href=\"https:\/\/ec.europa.eu\/digital-single-market\/en\/news\/code-practice-disinformation\">C\u00f3digo de Pr\u00e1cticas sobre Desinformaci\u00f3n<\/a> han sido obligados a proporcionar informes que incluyan informaci\u00f3n actualizada y actualizada. Informaci\u00f3n completa sobre las acciones que tomaron en 2018 para cumplir con sus compromisos. En paralelo con estas publicaciones, se celebr\u00f3 ayer la conferencia sobre &#8220;C\u00f3mo contrarrestar la desinformaci\u00f3n en l\u00ednea&#8221; organizada por la Comisi\u00f3n en Bruselas.<\/p>\r\n\r\n\r\n\r\n<p>As\u00ed, Google, Facebook, Twitter, Mozilla y otras asociaciones comerciales que representan al sector de la publicidad han presentado sus primeros informes sobre las medidas que est\u00e1n tomando para cumplir con el <strong>C\u00f3digo de Pr\u00e1cticas sobre Desinformaci\u00f3n<\/strong> . Ha habido algunos avances, especialmente en la eliminaci\u00f3n de cuentas falsas y la limitaci\u00f3n de la visibilidad de los sitios que promueven la desinformaci\u00f3n. Sin embargo, se necesitan acciones adicionales para garantizar la total transparencia de los anuncios pol\u00edticos al inicio de la campa\u00f1a para las elecciones europeas en todos los Estados miembros de la UE, para permitir el acceso adecuado a los datos de las plataformas con fines de investigaci\u00f3n y para garantizar una cooperaci\u00f3n adecuada entre las plataformas y Estados miembros individuales a trav\u00e9s de puntos de contacto en el Sistema de Alerta R\u00e1pida.<\/p>\r\n\r\n\r\n\r\n<h3 class=\"wp-block-heading\">Avances hasta la fecha<\/h3>\r\n\r\n\r\n\r\n<p>De acuerdo con los informes que cubren las medidas tomadas antes del 31 de diciembre de 2018, el trabajo de las empresas en l\u00ednea es m\u00e1s avanzado y completo en algunas \u00e1reas, por ejemplo, para eliminar cuentas falsas y para des monetizar a los proveedores de desinformaci\u00f3n, pero menos en otras. En particular, los informes muestran que:<\/p>\r\n\r\n\r\n\r\n<ul class=\"wp-block-list\">\r\n<li>Facebook ha tomado o est\u00e1 tomando medidas para la implementaci\u00f3n de todos los compromisos, pero ahora debe proporcionar una mayor claridad sobre c\u00f3mo la red social desplegar\u00e1 sus herramientas de empoderamiento de los consumidores e impulsar\u00e1 la cooperaci\u00f3n con los verificadores de hechos y la comunidad de investigadores en toda la UE.<\/li>\r\n<li>Google ha tomado medidas para implementar todos sus compromisos, en particular aquellos dise\u00f1ados para mejorar el escrutinio de las ubicaciones de anuncios, la transparencia de los anuncios pol\u00edticos y proporcionar a los usuarios informaci\u00f3n, herramientas y apoyo para potenciarlos en su experiencia en l\u00ednea. Sin embargo, algunas herramientas solo est\u00e1n disponibles en un peque\u00f1o n\u00famero de Estados miembros. La Comisi\u00f3n tambi\u00e9n solicita al motor de b\u00fasqueda en l\u00ednea que apoye las acciones de investigaci\u00f3n en una escala m\u00e1s amplia.<\/li>\r\n<li>Twitter ha priorizado acciones contra actores maliciosos, cerrando cuentas falsas o sospechosas y sistemas \/ bots automatizados. A\u00fan as\u00ed, se necesita m\u00e1s informaci\u00f3n sobre c\u00f3mo esto restringir\u00e1 los proveedores persistentes de desinformaci\u00f3n de la promoci\u00f3n de sus tweets.<\/li>\r\n<li>Mozilla est\u00e1 a punto de lanzar una versi\u00f3n mejorada de su navegador para bloquear el seguimiento entre sitios de forma predeterminada, pero el navegador en l\u00ednea deber\u00eda ser m\u00e1s concreto sobre c\u00f3mo limitar\u00e1 la informaci\u00f3n revelada sobre las actividades de navegaci\u00f3n de los usuarios, que podr\u00edan usarse para campa\u00f1as de desinformaci\u00f3n.<\/li>\r\n<\/ul>\r\n\r\n\r\n\r\n<p>En lo que respecta a las asociaciones comerciales que representan al sector de la publicidad (Federaci\u00f3n Mundial de Anunciantes, Asociaci\u00f3n Europea de Agencias de Comunicaci\u00f3n y Interactive Advertising Bureau Europe), la Comisi\u00f3n observa sus esfuerzos positivos para concienciar sobre el C\u00f3digo, pero tambi\u00e9n se\u00f1ala la <strong>ausencia de signatarios corporativos<\/strong>. e insiste en el papel clave que desempe\u00f1an las marcas y los anunciantes en los esfuerzos por desmonetizar a los proveedores de informaci\u00f3n err\u00f3nea.<\/p>\r\n\r\n\r\n\r\n<h3 class=\"wp-block-heading\">Pr\u00f3ximos pasos<\/h3>\r\n\r\n\r\n\r\n<p>A finales de 2019, la Comisi\u00f3n llevar\u00e1 a cabo una evaluaci\u00f3n exhaustiva al final del per\u00edodo inicial de 12 meses del C\u00f3digo. En caso de que los resultados no resulten satisfactorios, la Comisi\u00f3n podr\u00e1 proponer nuevas medidas, incluso de car\u00e1cter reglamentario.<\/p>\r\n\r\n\r\n\r\n<h4 class=\"wp-block-heading\">M\u00e1s informaci\u00f3n<\/h4>\r\n\r\n\r\n\r\n<p><a href=\"http:\/\/europa.eu\/rapid\/press-release_MEMO-19-752_en.htm\">Preguntas y respuestas<\/a><\/p>\r\n\r\n\r\n\r\n<p><a href=\"https:\/\/ec.europa.eu\/digital-single-market\/en\/news\/first-results-eu-code-practice-against-disinformation\">Informes de los firmantes del C\u00f3digo de Pr\u00e1cticas<\/a><\/p>\r\n\r\n\r\n\r\n<p><a href=\"http:\/\/europa.eu\/rapid\/press-release_IP-18-6647_en.htm\">Comunicado de prensa: Una Europa que protege: la UE intensifica las acciones contra la desinformaci\u00f3n<\/a><\/p>\r\n\r\n\r\n\r\n<p>Ficha: Plan de acci\u00f3n contra la desinformaci\u00f3n.<\/p>\r\n\r\n\r\n\r\n<p><a href=\"https:\/\/ec.europa.eu\/digital-single-market\/en\/news\/communication-tackling-online-disinformation-european-approach\">Comunicaci\u00f3n sobre c\u00f3mo abordar la desinformaci\u00f3n en l\u00ednea: un enfoque europeo<\/a><\/p>\r\n\r\n\r\n\r\n<p><a href=\"https:\/\/euvsdisinfo.eu\/\">EU vs disinfo website<\/a><\/p>\r\n\r\n\r\n\r\n<p>Ficha informativa: <a href=\"https:\/\/bit.ly\/2DIb1ku\">Plan de Acci\u00f3n contra la Desinformaci\u00f3n<\/a><\/p>\r\n\r\n\r\n","protected":false},"excerpt":{"rendered":"<p>Como parte del Plan de acci\u00f3n contra la desinformaci\u00f3n que la Comisi\u00f3n Europea y el Alto Representante presentaron el pasado mes de diciembre, las plataformas en l\u00ednea y el sector de la publicidad que han firmado el C\u00f3digo de Pr\u00e1cticas sobre Desinformaci\u00f3n han sido obligados a proporcionar informes que incluyan informaci\u00f3n actualizada y actualizada. Informaci\u00f3n [&hellip;]<\/p>\n","protected":false},"author":101011,"featured_media":12250,"comment_status":"open","ping_status":"open","sticky":false,"template":"","format":"standard","meta":{"_acf_changed":false,"_relevanssi_hide_post":"","_relevanssi_hide_content":"","_relevanssi_pin_for_all":"","_relevanssi_pin_keywords":"","_relevanssi_unpin_keywords":"","_relevanssi_related_keywords":"","_relevanssi_related_include_ids":"","_relevanssi_related_exclude_ids":"","_relevanssi_related_no_append":"","_relevanssi_related_not_related":"","_relevanssi_related_posts":"","_relevanssi_noindex_reason":"","_monsterinsights_skip_tracking":false,"_monsterinsights_sitenote_active":false,"_monsterinsights_sitenote_note":"","_monsterinsights_sitenote_category":0,"_genesis_hide_title":false,"_genesis_hide_breadcrumbs":false,"_genesis_hide_singular_image":false,"_genesis_hide_footer_widgets":false,"_genesis_custom_body_class":"","_genesis_custom_post_class":"","_genesis_layout":"","footnotes":""},"categories":[96],"tags":[292,262,129],"class_list":{"0":"post-12218","1":"post","2":"type-post","3":"status-publish","4":"format-standard","5":"has-post-thumbnail","7":"category-noticias-ue","8":"tag-comunicacion","9":"tag-internet","10":"tag-seguridad-defensa","11":"entry"},"acf":[],"yoast_head":"<!-- This site is optimized with the Yoast SEO plugin v27.5 - https:\/\/yoast.com\/product\/yoast-seo-wordpress\/ -->\n<title>Nuevo informe: C\u00f3digo de Pr\u00e1cticas sobre Desinformaci\u00f3n | CDE Almer\u00eda - Centro de Documentaci\u00f3n Europea - Universidad de Almer\u00eda<\/title>\n<meta name=\"robots\" content=\"index, follow, max-snippet:-1, max-image-preview:large, max-video-preview:-1\" \/>\n<link rel=\"canonical\" href=\"https:\/\/www.cde.ual.es\/en\/nuevo-informe-codigo-de-practicas-sobre-desinformacion\/\" \/>\n<meta property=\"og:locale\" content=\"en_US\" \/>\n<meta property=\"og:type\" content=\"article\" \/>\n<meta property=\"og:title\" content=\"Nuevo informe: C\u00f3digo de Pr\u00e1cticas sobre Desinformaci\u00f3n | CDE Almer\u00eda - Centro de Documentaci\u00f3n Europea - Universidad de Almer\u00eda\" \/>\n<meta property=\"og:description\" content=\"Como parte del Plan de acci\u00f3n contra la desinformaci\u00f3n que la Comisi\u00f3n Europea y el Alto Representante presentaron el pasado mes de diciembre, las plataformas en l\u00ednea y el sector de la publicidad que han firmado el C\u00f3digo de Pr\u00e1cticas sobre Desinformaci\u00f3n han sido obligados a proporcionar informes que incluyan informaci\u00f3n actualizada y actualizada. Informaci\u00f3n [&hellip;]\" \/>\n<meta property=\"og:url\" content=\"https:\/\/www.cde.ual.es\/en\/nuevo-informe-codigo-de-practicas-sobre-desinformacion\/\" \/>\n<meta property=\"og:site_name\" content=\"CDE Almer\u00eda - Centro de Documentaci\u00f3n Europea - Universidad de Almer\u00eda\" \/>\n<meta property=\"article:publisher\" content=\"https:\/\/www.facebook.com\/cdeuniversidadalmeria\/\" \/>\n<meta property=\"article:published_time\" content=\"2019-01-31T07:00:13+00:00\" \/>\n<meta property=\"article:modified_time\" content=\"2019-04-30T06:44:12+00:00\" \/>\n<meta property=\"og:image\" content=\"https:\/\/www.cde.ual.es\/wp-content\/uploads\/2019\/01\/pexels-photo-1262971.jpeg\" \/>\n\t<meta property=\"og:image:width\" content=\"600\" \/>\n\t<meta property=\"og:image:height\" content=\"400\" \/>\n\t<meta property=\"og:image:type\" content=\"image\/jpeg\" \/>\n<meta name=\"author\" content=\"BECA 2 CDE\" \/>\n<meta name=\"twitter:card\" content=\"summary_large_image\" \/>\n<meta name=\"twitter:creator\" content=\"@cdeualmeria\" \/>\n<meta name=\"twitter:site\" content=\"@cdeualmeria\" \/>\n<meta name=\"twitter:label1\" content=\"Written by\" \/>\n\t<meta name=\"twitter:data1\" content=\"BECA 2 CDE\" \/>\n\t<meta name=\"twitter:label2\" content=\"Est. reading time\" \/>\n\t<meta name=\"twitter:data2\" content=\"4 minutes\" \/>\n<script type=\"application\/ld+json\" class=\"yoast-schema-graph\">{\"@context\":\"https:\\\/\\\/schema.org\",\"@graph\":[{\"@type\":\"Article\",\"@id\":\"https:\\\/\\\/www.cde.ual.es\\\/en\\\/nuevo-informe-codigo-de-practicas-sobre-desinformacion\\\/#article\",\"isPartOf\":{\"@id\":\"https:\\\/\\\/www.cde.ual.es\\\/en\\\/nuevo-informe-codigo-de-practicas-sobre-desinformacion\\\/\"},\"author\":{\"name\":\"BECA 2 CDE\",\"@id\":\"https:\\\/\\\/www.cde.ual.es\\\/#\\\/schema\\\/person\\\/ee46ebc19edfa19598c02cff83335acc\"},\"headline\":\"Nuevo informe: C\u00f3digo de Pr\u00e1cticas sobre Desinformaci\u00f3n\",\"datePublished\":\"2019-01-31T07:00:13+00:00\",\"dateModified\":\"2019-04-30T06:44:12+00:00\",\"mainEntityOfPage\":{\"@id\":\"https:\\\/\\\/www.cde.ual.es\\\/en\\\/nuevo-informe-codigo-de-practicas-sobre-desinformacion\\\/\"},\"wordCount\":773,\"commentCount\":0,\"publisher\":{\"@id\":\"https:\\\/\\\/www.cde.ual.es\\\/#organization\"},\"image\":{\"@id\":\"https:\\\/\\\/www.cde.ual.es\\\/en\\\/nuevo-informe-codigo-de-practicas-sobre-desinformacion\\\/#primaryimage\"},\"thumbnailUrl\":\"https:\\\/\\\/www.cde.ual.es\\\/wp-content\\\/uploads\\\/2019\\\/01\\\/pexels-photo-1262971.jpeg\",\"keywords\":[\"Comunicaci\u00f3n\",\"Internet\",\"Seguridad y Defensa\"],\"articleSection\":[\"Noticias UE\"],\"inLanguage\":\"en-US\",\"potentialAction\":[{\"@type\":\"CommentAction\",\"name\":\"Comment\",\"target\":[\"https:\\\/\\\/www.cde.ual.es\\\/en\\\/nuevo-informe-codigo-de-practicas-sobre-desinformacion\\\/#respond\"]}]},{\"@type\":\"WebPage\",\"@id\":\"https:\\\/\\\/www.cde.ual.es\\\/en\\\/nuevo-informe-codigo-de-practicas-sobre-desinformacion\\\/\",\"url\":\"https:\\\/\\\/www.cde.ual.es\\\/en\\\/nuevo-informe-codigo-de-practicas-sobre-desinformacion\\\/\",\"name\":\"Nuevo informe: C\u00f3digo de Pr\u00e1cticas sobre Desinformaci\u00f3n | CDE Almer\u00eda - Centro de Documentaci\u00f3n Europea - Universidad de Almer\u00eda\",\"isPartOf\":{\"@id\":\"https:\\\/\\\/www.cde.ual.es\\\/#website\"},\"primaryImageOfPage\":{\"@id\":\"https:\\\/\\\/www.cde.ual.es\\\/en\\\/nuevo-informe-codigo-de-practicas-sobre-desinformacion\\\/#primaryimage\"},\"image\":{\"@id\":\"https:\\\/\\\/www.cde.ual.es\\\/en\\\/nuevo-informe-codigo-de-practicas-sobre-desinformacion\\\/#primaryimage\"},\"thumbnailUrl\":\"https:\\\/\\\/www.cde.ual.es\\\/wp-content\\\/uploads\\\/2019\\\/01\\\/pexels-photo-1262971.jpeg\",\"datePublished\":\"2019-01-31T07:00:13+00:00\",\"dateModified\":\"2019-04-30T06:44:12+00:00\",\"breadcrumb\":{\"@id\":\"https:\\\/\\\/www.cde.ual.es\\\/en\\\/nuevo-informe-codigo-de-practicas-sobre-desinformacion\\\/#breadcrumb\"},\"inLanguage\":\"en-US\",\"potentialAction\":[{\"@type\":\"ReadAction\",\"target\":[\"https:\\\/\\\/www.cde.ual.es\\\/en\\\/nuevo-informe-codigo-de-practicas-sobre-desinformacion\\\/\"]}]},{\"@type\":\"ImageObject\",\"inLanguage\":\"en-US\",\"@id\":\"https:\\\/\\\/www.cde.ual.es\\\/en\\\/nuevo-informe-codigo-de-practicas-sobre-desinformacion\\\/#primaryimage\",\"url\":\"https:\\\/\\\/www.cde.ual.es\\\/wp-content\\\/uploads\\\/2019\\\/01\\\/pexels-photo-1262971.jpeg\",\"contentUrl\":\"https:\\\/\\\/www.cde.ual.es\\\/wp-content\\\/uploads\\\/2019\\\/01\\\/pexels-photo-1262971.jpeg\",\"width\":600,\"height\":400},{\"@type\":\"BreadcrumbList\",\"@id\":\"https:\\\/\\\/www.cde.ual.es\\\/en\\\/nuevo-informe-codigo-de-practicas-sobre-desinformacion\\\/#breadcrumb\",\"itemListElement\":[{\"@type\":\"ListItem\",\"position\":1,\"name\":\"Inicio\",\"item\":\"https:\\\/\\\/www.cde.ual.es\\\/en\\\/\"},{\"@type\":\"ListItem\",\"position\":2,\"name\":\"EU News\",\"item\":\"https:\\\/\\\/www.cde.ual.es\\\/en\\\/category\\\/eu-news\\\/\"},{\"@type\":\"ListItem\",\"position\":3,\"name\":\"Nuevo informe: C\u00f3digo de Pr\u00e1cticas sobre Desinformaci\u00f3n\"}]},{\"@type\":\"WebSite\",\"@id\":\"https:\\\/\\\/www.cde.ual.es\\\/#website\",\"url\":\"https:\\\/\\\/www.cde.ual.es\\\/\",\"name\":\"CDE Almer\u00eda - Centro de Documentaci\u00f3n Europea - Universidad de Almer\u00eda\",\"description\":\"Centro de Documentaci\u00f3n Europea de la Universidad de Almer\u00eda\",\"publisher\":{\"@id\":\"https:\\\/\\\/www.cde.ual.es\\\/#organization\"},\"alternateName\":\"CDE Almer\u00eda\",\"potentialAction\":[{\"@type\":\"SearchAction\",\"target\":{\"@type\":\"EntryPoint\",\"urlTemplate\":\"https:\\\/\\\/www.cde.ual.es\\\/?s={search_term_string}\"},\"query-input\":{\"@type\":\"PropertyValueSpecification\",\"valueRequired\":true,\"valueName\":\"search_term_string\"}}],\"inLanguage\":\"en-US\"},{\"@type\":\"Organization\",\"@id\":\"https:\\\/\\\/www.cde.ual.es\\\/#organization\",\"name\":\"Centro de Documentaci\u00f3n Europea de Almer\u00eda\",\"url\":\"https:\\\/\\\/www.cde.ual.es\\\/\",\"logo\":{\"@type\":\"ImageObject\",\"inLanguage\":\"en-US\",\"@id\":\"https:\\\/\\\/www.cde.ual.es\\\/#\\\/schema\\\/logo\\\/image\\\/\",\"url\":\"https:\\\/\\\/www.cde.ual.es\\\/wp-content\\\/uploads\\\/2025\\\/07\\\/cde-logo-3.png\",\"contentUrl\":\"https:\\\/\\\/www.cde.ual.es\\\/wp-content\\\/uploads\\\/2025\\\/07\\\/cde-logo-3.png\",\"width\":1400,\"height\":300,\"caption\":\"Centro de Documentaci\u00f3n Europea de Almer\u00eda\"},\"image\":{\"@id\":\"https:\\\/\\\/www.cde.ual.es\\\/#\\\/schema\\\/logo\\\/image\\\/\"},\"sameAs\":[\"https:\\\/\\\/www.facebook.com\\\/cdeuniversidadalmeria\\\/\",\"https:\\\/\\\/x.com\\\/cdeualmeria\",\"https:\\\/\\\/www.tiktok.com\\\/@cdealmeria\",\"https:\\\/\\\/www.instagram.com\\\/cdealmeria\\\/\",\"https:\\\/\\\/www.linkedin.com\\\/in\\\/cde-almera-812b26a9\\\/\"]},{\"@type\":\"Person\",\"@id\":\"https:\\\/\\\/www.cde.ual.es\\\/#\\\/schema\\\/person\\\/ee46ebc19edfa19598c02cff83335acc\",\"name\":\"BECA 2 CDE\",\"image\":{\"@type\":\"ImageObject\",\"inLanguage\":\"en-US\",\"@id\":\"https:\\\/\\\/secure.gravatar.com\\\/avatar\\\/35a481bbc04bbd90e91bdfa3b0b5541036c222a49b9ad37b6889a2afcb5311a5?s=96&d=mm&r=g\",\"url\":\"https:\\\/\\\/secure.gravatar.com\\\/avatar\\\/35a481bbc04bbd90e91bdfa3b0b5541036c222a49b9ad37b6889a2afcb5311a5?s=96&d=mm&r=g\",\"contentUrl\":\"https:\\\/\\\/secure.gravatar.com\\\/avatar\\\/35a481bbc04bbd90e91bdfa3b0b5541036c222a49b9ad37b6889a2afcb5311a5?s=96&d=mm&r=g\",\"caption\":\"BECA 2 CDE\"},\"sameAs\":[\"http:\\\/\\\/www.cdealmeria.com\"]}]}<\/script>\n<!-- \/ Yoast SEO plugin. -->","yoast_head_json":{"title":"Nuevo informe: C\u00f3digo de Pr\u00e1cticas sobre Desinformaci\u00f3n | CDE Almer\u00eda - Centro de Documentaci\u00f3n Europea - Universidad de Almer\u00eda","robots":{"index":"index","follow":"follow","max-snippet":"max-snippet:-1","max-image-preview":"max-image-preview:large","max-video-preview":"max-video-preview:-1"},"canonical":"https:\/\/www.cde.ual.es\/en\/nuevo-informe-codigo-de-practicas-sobre-desinformacion\/","og_locale":"en_US","og_type":"article","og_title":"Nuevo informe: C\u00f3digo de Pr\u00e1cticas sobre Desinformaci\u00f3n | CDE Almer\u00eda - Centro de Documentaci\u00f3n Europea - Universidad de Almer\u00eda","og_description":"Como parte del Plan de acci\u00f3n contra la desinformaci\u00f3n que la Comisi\u00f3n Europea y el Alto Representante presentaron el pasado mes de diciembre, las plataformas en l\u00ednea y el sector de la publicidad que han firmado el C\u00f3digo de Pr\u00e1cticas sobre Desinformaci\u00f3n han sido obligados a proporcionar informes que incluyan informaci\u00f3n actualizada y actualizada. Informaci\u00f3n [&hellip;]","og_url":"https:\/\/www.cde.ual.es\/en\/nuevo-informe-codigo-de-practicas-sobre-desinformacion\/","og_site_name":"CDE Almer\u00eda - Centro de Documentaci\u00f3n Europea - Universidad de Almer\u00eda","article_publisher":"https:\/\/www.facebook.com\/cdeuniversidadalmeria\/","article_published_time":"2019-01-31T07:00:13+00:00","article_modified_time":"2019-04-30T06:44:12+00:00","og_image":[{"width":600,"height":400,"url":"https:\/\/www.cde.ual.es\/wp-content\/uploads\/2019\/01\/pexels-photo-1262971.jpeg","type":"image\/jpeg"}],"author":"BECA 2 CDE","twitter_card":"summary_large_image","twitter_creator":"@cdeualmeria","twitter_site":"@cdeualmeria","twitter_misc":{"Written by":"BECA 2 CDE","Est. reading time":"4 minutes"},"schema":{"@context":"https:\/\/schema.org","@graph":[{"@type":"Article","@id":"https:\/\/www.cde.ual.es\/en\/nuevo-informe-codigo-de-practicas-sobre-desinformacion\/#article","isPartOf":{"@id":"https:\/\/www.cde.ual.es\/en\/nuevo-informe-codigo-de-practicas-sobre-desinformacion\/"},"author":{"name":"BECA 2 CDE","@id":"https:\/\/www.cde.ual.es\/#\/schema\/person\/ee46ebc19edfa19598c02cff83335acc"},"headline":"Nuevo informe: C\u00f3digo de Pr\u00e1cticas sobre Desinformaci\u00f3n","datePublished":"2019-01-31T07:00:13+00:00","dateModified":"2019-04-30T06:44:12+00:00","mainEntityOfPage":{"@id":"https:\/\/www.cde.ual.es\/en\/nuevo-informe-codigo-de-practicas-sobre-desinformacion\/"},"wordCount":773,"commentCount":0,"publisher":{"@id":"https:\/\/www.cde.ual.es\/#organization"},"image":{"@id":"https:\/\/www.cde.ual.es\/en\/nuevo-informe-codigo-de-practicas-sobre-desinformacion\/#primaryimage"},"thumbnailUrl":"https:\/\/www.cde.ual.es\/wp-content\/uploads\/2019\/01\/pexels-photo-1262971.jpeg","keywords":["Comunicaci\u00f3n","Internet","Seguridad y Defensa"],"articleSection":["Noticias UE"],"inLanguage":"en-US","potentialAction":[{"@type":"CommentAction","name":"Comment","target":["https:\/\/www.cde.ual.es\/en\/nuevo-informe-codigo-de-practicas-sobre-desinformacion\/#respond"]}]},{"@type":"WebPage","@id":"https:\/\/www.cde.ual.es\/en\/nuevo-informe-codigo-de-practicas-sobre-desinformacion\/","url":"https:\/\/www.cde.ual.es\/en\/nuevo-informe-codigo-de-practicas-sobre-desinformacion\/","name":"Nuevo informe: C\u00f3digo de Pr\u00e1cticas sobre Desinformaci\u00f3n | CDE Almer\u00eda - Centro de Documentaci\u00f3n Europea - Universidad de Almer\u00eda","isPartOf":{"@id":"https:\/\/www.cde.ual.es\/#website"},"primaryImageOfPage":{"@id":"https:\/\/www.cde.ual.es\/en\/nuevo-informe-codigo-de-practicas-sobre-desinformacion\/#primaryimage"},"image":{"@id":"https:\/\/www.cde.ual.es\/en\/nuevo-informe-codigo-de-practicas-sobre-desinformacion\/#primaryimage"},"thumbnailUrl":"https:\/\/www.cde.ual.es\/wp-content\/uploads\/2019\/01\/pexels-photo-1262971.jpeg","datePublished":"2019-01-31T07:00:13+00:00","dateModified":"2019-04-30T06:44:12+00:00","breadcrumb":{"@id":"https:\/\/www.cde.ual.es\/en\/nuevo-informe-codigo-de-practicas-sobre-desinformacion\/#breadcrumb"},"inLanguage":"en-US","potentialAction":[{"@type":"ReadAction","target":["https:\/\/www.cde.ual.es\/en\/nuevo-informe-codigo-de-practicas-sobre-desinformacion\/"]}]},{"@type":"ImageObject","inLanguage":"en-US","@id":"https:\/\/www.cde.ual.es\/en\/nuevo-informe-codigo-de-practicas-sobre-desinformacion\/#primaryimage","url":"https:\/\/www.cde.ual.es\/wp-content\/uploads\/2019\/01\/pexels-photo-1262971.jpeg","contentUrl":"https:\/\/www.cde.ual.es\/wp-content\/uploads\/2019\/01\/pexels-photo-1262971.jpeg","width":600,"height":400},{"@type":"BreadcrumbList","@id":"https:\/\/www.cde.ual.es\/en\/nuevo-informe-codigo-de-practicas-sobre-desinformacion\/#breadcrumb","itemListElement":[{"@type":"ListItem","position":1,"name":"Inicio","item":"https:\/\/www.cde.ual.es\/en\/"},{"@type":"ListItem","position":2,"name":"EU News","item":"https:\/\/www.cde.ual.es\/en\/category\/eu-news\/"},{"@type":"ListItem","position":3,"name":"Nuevo informe: C\u00f3digo de Pr\u00e1cticas sobre Desinformaci\u00f3n"}]},{"@type":"WebSite","@id":"https:\/\/www.cde.ual.es\/#website","url":"https:\/\/www.cde.ual.es\/","name":"CDE Almer\u00eda - Centro de Documentaci\u00f3n Europea - Universidad de Almer\u00eda","description":"Centro de Documentaci\u00f3n Europea de la Universidad de Almer\u00eda","publisher":{"@id":"https:\/\/www.cde.ual.es\/#organization"},"alternateName":"CDE Almer\u00eda","potentialAction":[{"@type":"SearchAction","target":{"@type":"EntryPoint","urlTemplate":"https:\/\/www.cde.ual.es\/?s={search_term_string}"},"query-input":{"@type":"PropertyValueSpecification","valueRequired":true,"valueName":"search_term_string"}}],"inLanguage":"en-US"},{"@type":"Organization","@id":"https:\/\/www.cde.ual.es\/#organization","name":"Centro de Documentaci\u00f3n Europea de Almer\u00eda","url":"https:\/\/www.cde.ual.es\/","logo":{"@type":"ImageObject","inLanguage":"en-US","@id":"https:\/\/www.cde.ual.es\/#\/schema\/logo\/image\/","url":"https:\/\/www.cde.ual.es\/wp-content\/uploads\/2025\/07\/cde-logo-3.png","contentUrl":"https:\/\/www.cde.ual.es\/wp-content\/uploads\/2025\/07\/cde-logo-3.png","width":1400,"height":300,"caption":"Centro de Documentaci\u00f3n Europea de Almer\u00eda"},"image":{"@id":"https:\/\/www.cde.ual.es\/#\/schema\/logo\/image\/"},"sameAs":["https:\/\/www.facebook.com\/cdeuniversidadalmeria\/","https:\/\/x.com\/cdeualmeria","https:\/\/www.tiktok.com\/@cdealmeria","https:\/\/www.instagram.com\/cdealmeria\/","https:\/\/www.linkedin.com\/in\/cde-almera-812b26a9\/"]},{"@type":"Person","@id":"https:\/\/www.cde.ual.es\/#\/schema\/person\/ee46ebc19edfa19598c02cff83335acc","name":"BECA 2 CDE","image":{"@type":"ImageObject","inLanguage":"en-US","@id":"https:\/\/secure.gravatar.com\/avatar\/35a481bbc04bbd90e91bdfa3b0b5541036c222a49b9ad37b6889a2afcb5311a5?s=96&d=mm&r=g","url":"https:\/\/secure.gravatar.com\/avatar\/35a481bbc04bbd90e91bdfa3b0b5541036c222a49b9ad37b6889a2afcb5311a5?s=96&d=mm&r=g","contentUrl":"https:\/\/secure.gravatar.com\/avatar\/35a481bbc04bbd90e91bdfa3b0b5541036c222a49b9ad37b6889a2afcb5311a5?s=96&d=mm&r=g","caption":"BECA 2 CDE"},"sameAs":["http:\/\/www.cdealmeria.com"]}]}},"_links":{"self":[{"href":"https:\/\/www.cde.ual.es\/en\/wp-json\/wp\/v2\/posts\/12218","targetHints":{"allow":["GET"]}}],"collection":[{"href":"https:\/\/www.cde.ual.es\/en\/wp-json\/wp\/v2\/posts"}],"about":[{"href":"https:\/\/www.cde.ual.es\/en\/wp-json\/wp\/v2\/types\/post"}],"author":[{"embeddable":true,"href":"https:\/\/www.cde.ual.es\/en\/wp-json\/wp\/v2\/users\/101011"}],"replies":[{"embeddable":true,"href":"https:\/\/www.cde.ual.es\/en\/wp-json\/wp\/v2\/comments?post=12218"}],"version-history":[{"count":0,"href":"https:\/\/www.cde.ual.es\/en\/wp-json\/wp\/v2\/posts\/12218\/revisions"}],"wp:featuredmedia":[{"embeddable":true,"href":"https:\/\/www.cde.ual.es\/en\/wp-json\/wp\/v2\/media\/12250"}],"wp:attachment":[{"href":"https:\/\/www.cde.ual.es\/en\/wp-json\/wp\/v2\/media?parent=12218"}],"wp:term":[{"taxonomy":"category","embeddable":true,"href":"https:\/\/www.cde.ual.es\/en\/wp-json\/wp\/v2\/categories?post=12218"},{"taxonomy":"post_tag","embeddable":true,"href":"https:\/\/www.cde.ual.es\/en\/wp-json\/wp\/v2\/tags?post=12218"}],"curies":[{"name":"wp","href":"https:\/\/api.w.org\/{rel}","templated":true}]}}