{"id":12210,"date":"2019-01-30T08:00:45","date_gmt":"2019-01-30T07:00:45","guid":{"rendered":"http:\/\/www.cde.ual.es\/?p=12210"},"modified":"2019-01-29T20:51:57","modified_gmt":"2019-01-29T19:51:57","slug":"acceso-sin-visado-ciudadanos-del-reino-unido-y-ciudadanos-de-la-ue","status":"publish","type":"post","link":"https:\/\/www.cde.ual.es\/en\/acceso-sin-visado-ciudadanos-del-reino-unido-y-ciudadanos-de-la-ue\/","title":{"rendered":"Acceso sin visado:  ciudadanos del Reino Unido y ciudadanos de la UE"},"content":{"rendered":"\n<div class=\"wp-block-image\"><figure class=\"aligncenter is-resized\"><img decoding=\"async\" src=\"http:\/\/www.cde.ual.es\/wp-content\/uploads\/2018\/11\/Brexit-2.png\" alt=\"Brexit. acuerdo sin visado para los ciudadanos del Reino Unido y de la Uni\u00f3n Europea\" class=\"wp-image-10380\" width=\"467\" height=\"251\" srcset=\"https:\/\/www.cde.ual.es\/wp-content\/uploads\/2018\/11\/Brexit-2.png 934w, https:\/\/www.cde.ual.es\/wp-content\/uploads\/2018\/11\/Brexit-2-300x161.png 300w, https:\/\/www.cde.ual.es\/wp-content\/uploads\/2018\/11\/Brexit-2-768x413.png 768w\" sizes=\"(max-width: 467px) 100vw, 467px\" \/><\/figure><\/div>\n\n\n\n<p><strong><em>Los ciudadanos del Reino Unido podr\u00edan ingresar a la UE sin visado por per\u00edodos cortos despu\u00e9s de la salida del pa\u00eds, siempre que los ciudadanos de la UE disfruten de las mismas condiciones cuando viajan al Reino Unido.<\/em><\/strong><\/p>\n\n\n\n<p>Por unanimidad (53 votos), el Comit\u00e9 de Libertades Civiles respald\u00f3 las reglas que eximen a los ciudadanos brit\u00e1nicos que son ciudadanos brit\u00e1nicos de los requisitos de visa para estad\u00edas en la UE de hasta 90 d\u00edas en cualquier per\u00edodo de 180 d\u00edas, desde el d\u00eda siguiente al retiro del Reino Unido de Los Estados unidos.<\/p>\n\n\n\n<p>Una vez que los colegisladores (el Parlamento y el Consejo) hayan aprobado el proyecto de ley, el Reino Unido se incluir\u00e1 en la lista de pa\u00edses cuyos nacionales no necesitan solicitar una visa para ingresar a la UE por negocios, turismo o para visitar a familiares o amigos.  La exenci\u00f3n de visado no prev\u00e9 el derecho a trabajar en la UE.<\/p>\n\n\n\n<h3 class=\"wp-block-heading\">No hay exenci\u00f3n de visado sin reciprocidad<\/h3>\n\n\n\n<p>El borrador establece espec\u00edficamente que la exenci\u00f3n de visa se otorgar\u00e1 a los ciudadanos del Reino Unido sobre la base de la reciprocidad, es decir, siempre que los ciudadanos de la UE tambi\u00e9n tengan acceso sin visa para viajes de negocios o turistas cortos al Reino Unido si se convierte en un pa\u00eds no perteneciente a la UE. <\/p>\n\n\n\n<h3 class=\"wp-block-heading\">Pr\u00f3ximos pasos<\/h3>\n\n\n\n<p>Los eurodiputados del Comit\u00e9 de Libertades Civiles tambi\u00e9n acordaron, con 50 votos contra 2, iniciar negociaciones con el Consejo de Ministros. El mandato de negociaci\u00f3n deber\u00e1 ser confirmado por la C\u00e1mara, durante la sesi\u00f3n que comenzar\u00e1 ma\u00f1ana en Bruselas. Las conversaciones comenzar\u00e1n una vez que el Consejo adopte su propia posici\u00f3n com\u00fan.<\/p>\n\n\n\n<p>La exenci\u00f3n de visado se aplicar\u00e1 en todos los estados miembros de la UE (excepto Irlanda, que tiene su propia pol\u00edtica de visados) y en los pa\u00edses asociados de Schengen (Islandia, Liechtenstein, Noruega y Suiza). Irlanda y el Reino Unido tienen un acuerdo bilateral espec\u00edfico que contempla el viaje sin visado entre ambos pa\u00edses.<\/p>\n\n\n\n<h3 class=\"wp-block-heading\">M\u00e1s inform<\/h3>\n\n\n\n<ul class=\"wp-block-list\"><li><a href=\"http:\/\/www.europarl.europa.eu\/news\/es\/press-room\/20190129IPR24504\/visa-free-access-to-the-eu-for-uk-nationals-and-to-the-uk-for-eu-nationals\">Noticia completa<\/a><\/li><li><a target=\"_blank\" href=\"https:\/\/oeil.secure.europarl.europa.eu\/oeil\/popups\/ficheprocedure.do?lang=&amp;reference=2018\/0390(COD)\" rel=\"noreferrer noopener\">Procedure file&nbsp;<\/a><\/li><li><a href=\"http:\/\/www.europarl.europa.eu\/RegData\/docs_autres_institutions\/commission_europeenne\/com\/2018\/0745\/COM_COM(2018)0745_EN.pdf\">Regulation 2018\/1806 listing the third countries whose nationals must be in possession of visas when crossing the external borders and those whose nationals are exempt from that requirement&nbsp;<\/a><\/li><li><a target=\"_blank\" href=\"https:\/\/multimedia.europarl.europa.eu\/en\/visa-waiver-for-uk-nationals-vote-statement-moraes_I167137-V_v\" rel=\"noreferrer noopener\">Visa exemption for UK citizens &#8211; extracts from the vote &amp; statement by Claude MORAES (S&amp;D,GB), rapporteur&nbsp;<\/a><\/li><li><a href=\"http:\/\/www.europarl.europa.eu\/meps\/en\/4519\/CLAUDE_MORAES\/home\">Profile of the rapporteur, Claude Moraes (S&amp;D, UK)&nbsp;<\/a><\/li><li><a href=\"http:\/\/www.europarl.europa.eu\/committees\/en\/libe\/home.html\">Web page of the Civil Liberties Committee<\/a><\/li><\/ul>\n\n\n\n<p><\/p>\n","protected":false},"excerpt":{"rendered":"<p>Los ciudadanos del Reino Unido podr\u00edan ingresar a la UE sin visado por per\u00edodos cortos despu\u00e9s de la salida del pa\u00eds, siempre que los ciudadanos de la UE disfruten de las mismas condiciones cuando viajan al Reino Unido. Por unanimidad (53 votos), el Comit\u00e9 de Libertades Civiles respald\u00f3 las reglas que eximen a los ciudadanos [&hellip;]<\/p>\n","protected":false},"author":1,"featured_media":9296,"comment_status":"open","ping_status":"open","sticky":false,"template":"","format":"standard","meta":{"_acf_changed":false,"_relevanssi_hide_post":"","_relevanssi_hide_content":"","_relevanssi_pin_for_all":"","_relevanssi_pin_keywords":"","_relevanssi_unpin_keywords":"","_relevanssi_related_keywords":"","_relevanssi_related_include_ids":"","_relevanssi_related_exclude_ids":"","_relevanssi_related_no_append":"","_relevanssi_related_not_related":"","_relevanssi_related_posts":"","_relevanssi_noindex_reason":"","_monsterinsights_skip_tracking":false,"_monsterinsights_sitenote_active":false,"_monsterinsights_sitenote_note":"","_monsterinsights_sitenote_category":0,"_genesis_hide_title":false,"_genesis_hide_breadcrumbs":false,"_genesis_hide_singular_image":false,"_genesis_hide_footer_widgets":false,"_genesis_custom_body_class":"","_genesis_custom_post_class":"","_genesis_layout":"","footnotes":""},"categories":[96],"tags":[204,135],"class_list":{"0":"post-12210","1":"post","2":"type-post","3":"status-publish","4":"format-standard","5":"has-post-thumbnail","7":"category-noticias-ue","8":"tag-brexit","9":"tag-union-europea","10":"entry"},"acf":[],"yoast_head":"<!-- This site is optimized with the Yoast SEO plugin v27.4 - https:\/\/yoast.com\/product\/yoast-seo-wordpress\/ -->\n<title>Acceso sin visado: ciudadanos del Reino Unido y ciudadanos de la UE | CDE Almer\u00eda - Centro de Documentaci\u00f3n Europea - Universidad de Almer\u00eda<\/title>\n<meta name=\"robots\" content=\"index, follow, max-snippet:-1, max-image-preview:large, max-video-preview:-1\" \/>\n<link rel=\"canonical\" href=\"https:\/\/www.cde.ual.es\/acceso-sin-visado-ciudadanos-del-reino-unido-y-ciudadanos-de-la-ue\/\" \/>\n<meta property=\"og:locale\" content=\"en_US\" \/>\n<meta property=\"og:type\" content=\"article\" \/>\n<meta property=\"og:title\" content=\"Acceso sin visado: ciudadanos del Reino Unido y ciudadanos de la UE | CDE Almer\u00eda - Centro de Documentaci\u00f3n Europea - Universidad de Almer\u00eda\" \/>\n<meta property=\"og:description\" content=\"Los ciudadanos del Reino Unido podr\u00edan ingresar a la UE sin visado por per\u00edodos cortos despu\u00e9s de la salida del pa\u00eds, siempre que los ciudadanos de la UE disfruten de las mismas condiciones cuando viajan al Reino Unido. Por unanimidad (53 votos), el Comit\u00e9 de Libertades Civiles respald\u00f3 las reglas que eximen a los ciudadanos [&hellip;]\" \/>\n<meta property=\"og:url\" content=\"https:\/\/www.cde.ual.es\/acceso-sin-visado-ciudadanos-del-reino-unido-y-ciudadanos-de-la-ue\/\" \/>\n<meta property=\"og:site_name\" content=\"CDE Almer\u00eda - Centro de Documentaci\u00f3n Europea - Universidad de Almer\u00eda\" \/>\n<meta property=\"article:publisher\" content=\"https:\/\/www.facebook.com\/cdeuniversidadalmeria\/\" \/>\n<meta property=\"article:published_time\" content=\"2019-01-30T07:00:45+00:00\" \/>\n<meta property=\"og:image\" content=\"https:\/\/www.cde.ual.es\/wp-content\/uploads\/2017\/12\/Slider-Brexit-1.png\" \/>\n\t<meta property=\"og:image:width\" content=\"952\" \/>\n\t<meta property=\"og:image:height\" content=\"465\" \/>\n\t<meta property=\"og:image:type\" content=\"image\/png\" \/>\n<meta name=\"author\" content=\"AdminCDE\" \/>\n<meta name=\"twitter:card\" content=\"summary_large_image\" \/>\n<meta name=\"twitter:creator\" content=\"@cdeualmeria\" \/>\n<meta name=\"twitter:site\" content=\"@cdeualmeria\" \/>\n<meta name=\"twitter:label1\" content=\"Written by\" \/>\n\t<meta name=\"twitter:data1\" content=\"AdminCDE\" \/>\n\t<meta name=\"twitter:label2\" content=\"Est. reading time\" \/>\n\t<meta name=\"twitter:data2\" content=\"2 minutes\" \/>\n<script type=\"application\/ld+json\" class=\"yoast-schema-graph\">{\"@context\":\"https:\\\/\\\/schema.org\",\"@graph\":[{\"@type\":\"Article\",\"@id\":\"https:\\\/\\\/www.cde.ual.es\\\/acceso-sin-visado-ciudadanos-del-reino-unido-y-ciudadanos-de-la-ue\\\/#article\",\"isPartOf\":{\"@id\":\"https:\\\/\\\/www.cde.ual.es\\\/acceso-sin-visado-ciudadanos-del-reino-unido-y-ciudadanos-de-la-ue\\\/\"},\"author\":{\"name\":\"AdminCDE\",\"@id\":\"https:\\\/\\\/www.cde.ual.es\\\/#\\\/schema\\\/person\\\/224ef08c8bcc005f319d2713ce37ee5f\"},\"headline\":\"Acceso sin visado: ciudadanos del Reino Unido y ciudadanos de la UE\",\"datePublished\":\"2019-01-30T07:00:45+00:00\",\"mainEntityOfPage\":{\"@id\":\"https:\\\/\\\/www.cde.ual.es\\\/acceso-sin-visado-ciudadanos-del-reino-unido-y-ciudadanos-de-la-ue\\\/\"},\"wordCount\":441,\"commentCount\":0,\"publisher\":{\"@id\":\"https:\\\/\\\/www.cde.ual.es\\\/#organization\"},\"image\":{\"@id\":\"https:\\\/\\\/www.cde.ual.es\\\/acceso-sin-visado-ciudadanos-del-reino-unido-y-ciudadanos-de-la-ue\\\/#primaryimage\"},\"thumbnailUrl\":\"https:\\\/\\\/www.cde.ual.es\\\/wp-content\\\/uploads\\\/2017\\\/12\\\/Slider-Brexit-1.png\",\"keywords\":[\"Brexit\",\"Uni\u00f3n Europea\"],\"articleSection\":[\"Noticias UE\"],\"inLanguage\":\"en-US\",\"potentialAction\":[{\"@type\":\"CommentAction\",\"name\":\"Comment\",\"target\":[\"https:\\\/\\\/www.cde.ual.es\\\/acceso-sin-visado-ciudadanos-del-reino-unido-y-ciudadanos-de-la-ue\\\/#respond\"]}]},{\"@type\":\"WebPage\",\"@id\":\"https:\\\/\\\/www.cde.ual.es\\\/acceso-sin-visado-ciudadanos-del-reino-unido-y-ciudadanos-de-la-ue\\\/\",\"url\":\"https:\\\/\\\/www.cde.ual.es\\\/acceso-sin-visado-ciudadanos-del-reino-unido-y-ciudadanos-de-la-ue\\\/\",\"name\":\"Acceso sin visado: ciudadanos del Reino Unido y ciudadanos de la UE | CDE Almer\u00eda - Centro de Documentaci\u00f3n Europea - Universidad de Almer\u00eda\",\"isPartOf\":{\"@id\":\"https:\\\/\\\/www.cde.ual.es\\\/#website\"},\"primaryImageOfPage\":{\"@id\":\"https:\\\/\\\/www.cde.ual.es\\\/acceso-sin-visado-ciudadanos-del-reino-unido-y-ciudadanos-de-la-ue\\\/#primaryimage\"},\"image\":{\"@id\":\"https:\\\/\\\/www.cde.ual.es\\\/acceso-sin-visado-ciudadanos-del-reino-unido-y-ciudadanos-de-la-ue\\\/#primaryimage\"},\"thumbnailUrl\":\"https:\\\/\\\/www.cde.ual.es\\\/wp-content\\\/uploads\\\/2017\\\/12\\\/Slider-Brexit-1.png\",\"datePublished\":\"2019-01-30T07:00:45+00:00\",\"breadcrumb\":{\"@id\":\"https:\\\/\\\/www.cde.ual.es\\\/acceso-sin-visado-ciudadanos-del-reino-unido-y-ciudadanos-de-la-ue\\\/#breadcrumb\"},\"inLanguage\":\"en-US\",\"potentialAction\":[{\"@type\":\"ReadAction\",\"target\":[\"https:\\\/\\\/www.cde.ual.es\\\/acceso-sin-visado-ciudadanos-del-reino-unido-y-ciudadanos-de-la-ue\\\/\"]}]},{\"@type\":\"ImageObject\",\"inLanguage\":\"en-US\",\"@id\":\"https:\\\/\\\/www.cde.ual.es\\\/acceso-sin-visado-ciudadanos-del-reino-unido-y-ciudadanos-de-la-ue\\\/#primaryimage\",\"url\":\"https:\\\/\\\/www.cde.ual.es\\\/wp-content\\\/uploads\\\/2017\\\/12\\\/Slider-Brexit-1.png\",\"contentUrl\":\"https:\\\/\\\/www.cde.ual.es\\\/wp-content\\\/uploads\\\/2017\\\/12\\\/Slider-Brexit-1.png\",\"width\":952,\"height\":465},{\"@type\":\"BreadcrumbList\",\"@id\":\"https:\\\/\\\/www.cde.ual.es\\\/acceso-sin-visado-ciudadanos-del-reino-unido-y-ciudadanos-de-la-ue\\\/#breadcrumb\",\"itemListElement\":[{\"@type\":\"ListItem\",\"position\":1,\"name\":\"Inicio\",\"item\":\"https:\\\/\\\/www.cde.ual.es\\\/en\\\/\"},{\"@type\":\"ListItem\",\"position\":2,\"name\":\"Noticias UE\",\"item\":\"https:\\\/\\\/www.cde.ual.es\\\/category\\\/noticias-ue\\\/\"},{\"@type\":\"ListItem\",\"position\":3,\"name\":\"Acceso sin visado: ciudadanos del Reino Unido y ciudadanos de la UE\"}]},{\"@type\":\"WebSite\",\"@id\":\"https:\\\/\\\/www.cde.ual.es\\\/#website\",\"url\":\"https:\\\/\\\/www.cde.ual.es\\\/\",\"name\":\"CDE Almer\u00eda - Centro de Documentaci\u00f3n Europea - Universidad de Almer\u00eda\",\"description\":\"Centro de Documentaci\u00f3n Europea de la Universidad de Almer\u00eda\",\"publisher\":{\"@id\":\"https:\\\/\\\/www.cde.ual.es\\\/#organization\"},\"alternateName\":\"CDE Almer\u00eda\",\"potentialAction\":[{\"@type\":\"SearchAction\",\"target\":{\"@type\":\"EntryPoint\",\"urlTemplate\":\"https:\\\/\\\/www.cde.ual.es\\\/?s={search_term_string}\"},\"query-input\":{\"@type\":\"PropertyValueSpecification\",\"valueRequired\":true,\"valueName\":\"search_term_string\"}}],\"inLanguage\":\"en-US\"},{\"@type\":\"Organization\",\"@id\":\"https:\\\/\\\/www.cde.ual.es\\\/#organization\",\"name\":\"Centro de Documentaci\u00f3n Europea de Almer\u00eda\",\"url\":\"https:\\\/\\\/www.cde.ual.es\\\/\",\"logo\":{\"@type\":\"ImageObject\",\"inLanguage\":\"en-US\",\"@id\":\"https:\\\/\\\/www.cde.ual.es\\\/#\\\/schema\\\/logo\\\/image\\\/\",\"url\":\"https:\\\/\\\/www.cde.ual.es\\\/wp-content\\\/uploads\\\/2025\\\/07\\\/cde-logo-3.png\",\"contentUrl\":\"https:\\\/\\\/www.cde.ual.es\\\/wp-content\\\/uploads\\\/2025\\\/07\\\/cde-logo-3.png\",\"width\":1400,\"height\":300,\"caption\":\"Centro de Documentaci\u00f3n Europea de Almer\u00eda\"},\"image\":{\"@id\":\"https:\\\/\\\/www.cde.ual.es\\\/#\\\/schema\\\/logo\\\/image\\\/\"},\"sameAs\":[\"https:\\\/\\\/www.facebook.com\\\/cdeuniversidadalmeria\\\/\",\"https:\\\/\\\/x.com\\\/cdeualmeria\",\"https:\\\/\\\/www.tiktok.com\\\/@cdealmeria\",\"https:\\\/\\\/www.instagram.com\\\/cdealmeria\\\/\",\"https:\\\/\\\/www.linkedin.com\\\/in\\\/cde-almera-812b26a9\\\/\"]},{\"@type\":\"Person\",\"@id\":\"https:\\\/\\\/www.cde.ual.es\\\/#\\\/schema\\\/person\\\/224ef08c8bcc005f319d2713ce37ee5f\",\"name\":\"AdminCDE\",\"image\":{\"@type\":\"ImageObject\",\"inLanguage\":\"en-US\",\"@id\":\"https:\\\/\\\/secure.gravatar.com\\\/avatar\\\/a72d038d371f995cd13706fac32274b7952a52e8fb0a84b5f80c85426f2a98a8?s=96&d=mm&r=g\",\"url\":\"https:\\\/\\\/secure.gravatar.com\\\/avatar\\\/a72d038d371f995cd13706fac32274b7952a52e8fb0a84b5f80c85426f2a98a8?s=96&d=mm&r=g\",\"contentUrl\":\"https:\\\/\\\/secure.gravatar.com\\\/avatar\\\/a72d038d371f995cd13706fac32274b7952a52e8fb0a84b5f80c85426f2a98a8?s=96&d=mm&r=g\",\"caption\":\"AdminCDE\"}}]}<\/script>\n<!-- \/ Yoast SEO plugin. -->","yoast_head_json":{"title":"Acceso sin visado: ciudadanos del Reino Unido y ciudadanos de la UE | CDE Almer\u00eda - Centro de Documentaci\u00f3n Europea - Universidad de Almer\u00eda","robots":{"index":"index","follow":"follow","max-snippet":"max-snippet:-1","max-image-preview":"max-image-preview:large","max-video-preview":"max-video-preview:-1"},"canonical":"https:\/\/www.cde.ual.es\/acceso-sin-visado-ciudadanos-del-reino-unido-y-ciudadanos-de-la-ue\/","og_locale":"en_US","og_type":"article","og_title":"Acceso sin visado: ciudadanos del Reino Unido y ciudadanos de la UE | CDE Almer\u00eda - Centro de Documentaci\u00f3n Europea - Universidad de Almer\u00eda","og_description":"Los ciudadanos del Reino Unido podr\u00edan ingresar a la UE sin visado por per\u00edodos cortos despu\u00e9s de la salida del pa\u00eds, siempre que los ciudadanos de la UE disfruten de las mismas condiciones cuando viajan al Reino Unido. Por unanimidad (53 votos), el Comit\u00e9 de Libertades Civiles respald\u00f3 las reglas que eximen a los ciudadanos [&hellip;]","og_url":"https:\/\/www.cde.ual.es\/acceso-sin-visado-ciudadanos-del-reino-unido-y-ciudadanos-de-la-ue\/","og_site_name":"CDE Almer\u00eda - Centro de Documentaci\u00f3n Europea - Universidad de Almer\u00eda","article_publisher":"https:\/\/www.facebook.com\/cdeuniversidadalmeria\/","article_published_time":"2019-01-30T07:00:45+00:00","og_image":[{"width":952,"height":465,"url":"https:\/\/www.cde.ual.es\/wp-content\/uploads\/2017\/12\/Slider-Brexit-1.png","type":"image\/png"}],"author":"AdminCDE","twitter_card":"summary_large_image","twitter_creator":"@cdeualmeria","twitter_site":"@cdeualmeria","twitter_misc":{"Written by":"AdminCDE","Est. reading time":"2 minutes"},"schema":{"@context":"https:\/\/schema.org","@graph":[{"@type":"Article","@id":"https:\/\/www.cde.ual.es\/acceso-sin-visado-ciudadanos-del-reino-unido-y-ciudadanos-de-la-ue\/#article","isPartOf":{"@id":"https:\/\/www.cde.ual.es\/acceso-sin-visado-ciudadanos-del-reino-unido-y-ciudadanos-de-la-ue\/"},"author":{"name":"AdminCDE","@id":"https:\/\/www.cde.ual.es\/#\/schema\/person\/224ef08c8bcc005f319d2713ce37ee5f"},"headline":"Acceso sin visado: ciudadanos del Reino Unido y ciudadanos de la UE","datePublished":"2019-01-30T07:00:45+00:00","mainEntityOfPage":{"@id":"https:\/\/www.cde.ual.es\/acceso-sin-visado-ciudadanos-del-reino-unido-y-ciudadanos-de-la-ue\/"},"wordCount":441,"commentCount":0,"publisher":{"@id":"https:\/\/www.cde.ual.es\/#organization"},"image":{"@id":"https:\/\/www.cde.ual.es\/acceso-sin-visado-ciudadanos-del-reino-unido-y-ciudadanos-de-la-ue\/#primaryimage"},"thumbnailUrl":"https:\/\/www.cde.ual.es\/wp-content\/uploads\/2017\/12\/Slider-Brexit-1.png","keywords":["Brexit","Uni\u00f3n Europea"],"articleSection":["Noticias UE"],"inLanguage":"en-US","potentialAction":[{"@type":"CommentAction","name":"Comment","target":["https:\/\/www.cde.ual.es\/acceso-sin-visado-ciudadanos-del-reino-unido-y-ciudadanos-de-la-ue\/#respond"]}]},{"@type":"WebPage","@id":"https:\/\/www.cde.ual.es\/acceso-sin-visado-ciudadanos-del-reino-unido-y-ciudadanos-de-la-ue\/","url":"https:\/\/www.cde.ual.es\/acceso-sin-visado-ciudadanos-del-reino-unido-y-ciudadanos-de-la-ue\/","name":"Acceso sin visado: ciudadanos del Reino Unido y ciudadanos de la UE | CDE Almer\u00eda - Centro de Documentaci\u00f3n Europea - Universidad de Almer\u00eda","isPartOf":{"@id":"https:\/\/www.cde.ual.es\/#website"},"primaryImageOfPage":{"@id":"https:\/\/www.cde.ual.es\/acceso-sin-visado-ciudadanos-del-reino-unido-y-ciudadanos-de-la-ue\/#primaryimage"},"image":{"@id":"https:\/\/www.cde.ual.es\/acceso-sin-visado-ciudadanos-del-reino-unido-y-ciudadanos-de-la-ue\/#primaryimage"},"thumbnailUrl":"https:\/\/www.cde.ual.es\/wp-content\/uploads\/2017\/12\/Slider-Brexit-1.png","datePublished":"2019-01-30T07:00:45+00:00","breadcrumb":{"@id":"https:\/\/www.cde.ual.es\/acceso-sin-visado-ciudadanos-del-reino-unido-y-ciudadanos-de-la-ue\/#breadcrumb"},"inLanguage":"en-US","potentialAction":[{"@type":"ReadAction","target":["https:\/\/www.cde.ual.es\/acceso-sin-visado-ciudadanos-del-reino-unido-y-ciudadanos-de-la-ue\/"]}]},{"@type":"ImageObject","inLanguage":"en-US","@id":"https:\/\/www.cde.ual.es\/acceso-sin-visado-ciudadanos-del-reino-unido-y-ciudadanos-de-la-ue\/#primaryimage","url":"https:\/\/www.cde.ual.es\/wp-content\/uploads\/2017\/12\/Slider-Brexit-1.png","contentUrl":"https:\/\/www.cde.ual.es\/wp-content\/uploads\/2017\/12\/Slider-Brexit-1.png","width":952,"height":465},{"@type":"BreadcrumbList","@id":"https:\/\/www.cde.ual.es\/acceso-sin-visado-ciudadanos-del-reino-unido-y-ciudadanos-de-la-ue\/#breadcrumb","itemListElement":[{"@type":"ListItem","position":1,"name":"Inicio","item":"https:\/\/www.cde.ual.es\/en\/"},{"@type":"ListItem","position":2,"name":"Noticias UE","item":"https:\/\/www.cde.ual.es\/category\/noticias-ue\/"},{"@type":"ListItem","position":3,"name":"Acceso sin visado: ciudadanos del Reino Unido y ciudadanos de la UE"}]},{"@type":"WebSite","@id":"https:\/\/www.cde.ual.es\/#website","url":"https:\/\/www.cde.ual.es\/","name":"CDE Almer\u00eda - Centro de Documentaci\u00f3n Europea - Universidad de Almer\u00eda","description":"Centro de Documentaci\u00f3n Europea de la Universidad de Almer\u00eda","publisher":{"@id":"https:\/\/www.cde.ual.es\/#organization"},"alternateName":"CDE Almer\u00eda","potentialAction":[{"@type":"SearchAction","target":{"@type":"EntryPoint","urlTemplate":"https:\/\/www.cde.ual.es\/?s={search_term_string}"},"query-input":{"@type":"PropertyValueSpecification","valueRequired":true,"valueName":"search_term_string"}}],"inLanguage":"en-US"},{"@type":"Organization","@id":"https:\/\/www.cde.ual.es\/#organization","name":"Centro de Documentaci\u00f3n Europea de Almer\u00eda","url":"https:\/\/www.cde.ual.es\/","logo":{"@type":"ImageObject","inLanguage":"en-US","@id":"https:\/\/www.cde.ual.es\/#\/schema\/logo\/image\/","url":"https:\/\/www.cde.ual.es\/wp-content\/uploads\/2025\/07\/cde-logo-3.png","contentUrl":"https:\/\/www.cde.ual.es\/wp-content\/uploads\/2025\/07\/cde-logo-3.png","width":1400,"height":300,"caption":"Centro de Documentaci\u00f3n Europea de Almer\u00eda"},"image":{"@id":"https:\/\/www.cde.ual.es\/#\/schema\/logo\/image\/"},"sameAs":["https:\/\/www.facebook.com\/cdeuniversidadalmeria\/","https:\/\/x.com\/cdeualmeria","https:\/\/www.tiktok.com\/@cdealmeria","https:\/\/www.instagram.com\/cdealmeria\/","https:\/\/www.linkedin.com\/in\/cde-almera-812b26a9\/"]},{"@type":"Person","@id":"https:\/\/www.cde.ual.es\/#\/schema\/person\/224ef08c8bcc005f319d2713ce37ee5f","name":"AdminCDE","image":{"@type":"ImageObject","inLanguage":"en-US","@id":"https:\/\/secure.gravatar.com\/avatar\/a72d038d371f995cd13706fac32274b7952a52e8fb0a84b5f80c85426f2a98a8?s=96&d=mm&r=g","url":"https:\/\/secure.gravatar.com\/avatar\/a72d038d371f995cd13706fac32274b7952a52e8fb0a84b5f80c85426f2a98a8?s=96&d=mm&r=g","contentUrl":"https:\/\/secure.gravatar.com\/avatar\/a72d038d371f995cd13706fac32274b7952a52e8fb0a84b5f80c85426f2a98a8?s=96&d=mm&r=g","caption":"AdminCDE"}}]}},"_links":{"self":[{"href":"https:\/\/www.cde.ual.es\/en\/wp-json\/wp\/v2\/posts\/12210","targetHints":{"allow":["GET"]}}],"collection":[{"href":"https:\/\/www.cde.ual.es\/en\/wp-json\/wp\/v2\/posts"}],"about":[{"href":"https:\/\/www.cde.ual.es\/en\/wp-json\/wp\/v2\/types\/post"}],"author":[{"embeddable":true,"href":"https:\/\/www.cde.ual.es\/en\/wp-json\/wp\/v2\/users\/1"}],"replies":[{"embeddable":true,"href":"https:\/\/www.cde.ual.es\/en\/wp-json\/wp\/v2\/comments?post=12210"}],"version-history":[{"count":0,"href":"https:\/\/www.cde.ual.es\/en\/wp-json\/wp\/v2\/posts\/12210\/revisions"}],"wp:featuredmedia":[{"embeddable":true,"href":"https:\/\/www.cde.ual.es\/en\/wp-json\/wp\/v2\/media\/9296"}],"wp:attachment":[{"href":"https:\/\/www.cde.ual.es\/en\/wp-json\/wp\/v2\/media?parent=12210"}],"wp:term":[{"taxonomy":"category","embeddable":true,"href":"https:\/\/www.cde.ual.es\/en\/wp-json\/wp\/v2\/categories?post=12210"},{"taxonomy":"post_tag","embeddable":true,"href":"https:\/\/www.cde.ual.es\/en\/wp-json\/wp\/v2\/tags?post=12210"}],"curies":[{"name":"wp","href":"https:\/\/api.w.org\/{rel}","templated":true}]}}