{"id":12182,"date":"2019-01-30T08:00:27","date_gmt":"2019-01-30T07:00:27","guid":{"rendered":"http:\/\/www.cde.ual.es\/?p=12182"},"modified":"2019-01-30T10:48:48","modified_gmt":"2019-01-30T09:48:48","slug":"arandanos-pueden-reducir-los-problemas-intestinal-de-consumidores-de-carne","status":"publish","type":"post","link":"https:\/\/www.cde.ual.es\/en\/arandanos-pueden-reducir-los-problemas-intestinal-de-consumidores-de-carne\/","title":{"rendered":"Los ar\u00e1ndanos pueden reducir los problemas intestinales de los consumidores de carne"},"content":{"rendered":"\n<figure class=\"wp-block-image\"><img decoding=\"async\" width=\"690\" height=\"516\" src=\"http:\/\/www.cde.ual.es\/wp-content\/uploads\/2019\/01\/ARANDANOS.png\" alt=\"\" class=\"wp-image-12183\" srcset=\"https:\/\/www.cde.ual.es\/wp-content\/uploads\/2019\/01\/ARANDANOS.png 690w, https:\/\/www.cde.ual.es\/wp-content\/uploads\/2019\/01\/ARANDANOS-300x224.png 300w\" sizes=\"(max-width: 690px) 100vw, 690px\" \/><\/figure>\n\n\n\n<p><em><strong>En un reciente ensayo de alimentaci\u00f3n, unos investigadores han  descubierto que los ar\u00e1ndanos reducen los efectos adversos sobre la  salud intestinal de una dieta basada en alimentos de origen animal y  pobre en fibra. <\/strong><\/em><\/p>\n\n\n\n<p>Los ar\u00e1ndanos al parecer es una fruta muy rica en fibra y contiene m\u00e1s antioxidantes  que cualquier otra, es alabada por sus numerosos efectos beneficiosos  sobre la salud. Se dice que estimula el sistema inmunol\u00f3gico, ayuda a  prevenir enfermedades de las enc\u00edas, reduce el colesterol malo, mejora  la digesti\u00f3n y previene infecciones urinarias. Sin embargo, hasta ahora,  su efecto sobre la microbiota intestinal no se hab\u00eda demostrado en ning\u00fan ensayo de alimentaci\u00f3n controlada  aleatorizado.<\/p>\n\n\n\n<p>Concretamente con este fin se llev\u00f3 a cabo este tipo de experimento financiado parcialmente por el proyecto de la Uni\u00f3n Europea ECNIOspring PLUS. En el ensayo un equipo de investigadores estudi\u00f3 la relaci\u00f3n entre la microbiota y los ar\u00e1ndanos consumidos como parte de una dieta basada en alimentos de origen animal y pobre en fibra. Descubrieron que esta fruta reduce los efectos adversos de este tipo de dieta en el tracto gastrointestinal. El ensayo y sus hallazgos se describen en un <a href=\"http:\/\/www.sciencedirect.com\/science\/article\/pii\/S095528631830175X\">art\u00edculo<\/a> publicado en la revista \u00abThe Journal of Nutritional Biochemistry\u00bb.<\/p>\n\n\n\n<h3 class=\"wp-block-heading\"><strong>Objetivo del experimento<\/strong><\/h3>\n\n\n\n<p>La  dieta que conten\u00eda ar\u00e1ndanos parece que podr\u00eda reducir los cambios  negativos que la dieta basada en los alimentos de origen animal provoca  en el microbioma intestinal. Esta limit\u00f3 el aumento de los \u00e1cidos  biliares cancer\u00edgenos y redujo la disminuci\u00f3n de los AGCC que benefician  al tracto gastrointestinal. Adem\u00e1s, increment\u00f3 los \u00e1cidos fen\u00f3licos  obtenidos de bacterias, as\u00ed como las antocianinas urinarias, un tipo de  compuesto que se dice que tiene propiedades antioxidantes. En general,  la incorporaci\u00f3n del polvo de ar\u00e1ndanos indic\u00f3 que las propiedades de  esta fruta pueden contribuir a mantener la salud intestinal.<\/p>\n\n\n\n<p>TECNIOspring\n PLUS (ACCI\u00d3 programme to foster mobility of researchers with a focus in\n applied research and technology transfer) es un programa de becas de \ninvestigaci\u00f3n para fomentar la movilidad internacional que dura cinco \na\u00f1os y termina en 2021. El programa ofrece a investigadores \nexperimentados la oportunidad de llevar a cabo investigaciones en \nempresas e instituciones de investigaci\u00f3n y desarrollo autorizadas de \ntodo el mundo.<\/p>\n\n\n\n<h3 class=\"wp-block-heading\">M\u00e1s informaci\u00f3n<\/h3>\n\n\n\n<p> <a href=\"http:\/\/www.catalonia.com\/innovate-in-catalonia\/tecniospringplus\/index.jsp\">P\u00e1gina web del proyecto TECNIOspring PLUS<\/a><\/p>\n\n\n\n<p><a href=\"https:\/\/cordis.europa.eu\/news\/rcn\/130661\/es\"> Noticia completa<\/a><\/p>\n","protected":false},"excerpt":{"rendered":"<p>En un reciente ensayo de alimentaci\u00f3n, unos investigadores han descubierto que los ar\u00e1ndanos reducen los efectos adversos sobre la salud intestinal de una dieta basada en alimentos de origen animal y pobre en fibra. Los ar\u00e1ndanos al parecer es una fruta muy rica en fibra y contiene m\u00e1s antioxidantes que cualquier otra, es alabada por [&hellip;]<\/p>\n","protected":false},"author":101012,"featured_media":12183,"comment_status":"open","ping_status":"open","sticky":false,"template":"","format":"standard","meta":{"_acf_changed":false,"_relevanssi_hide_post":"","_relevanssi_hide_content":"","_relevanssi_pin_for_all":"","_relevanssi_pin_keywords":"","_relevanssi_unpin_keywords":"","_relevanssi_related_keywords":"","_relevanssi_related_include_ids":"","_relevanssi_related_exclude_ids":"","_relevanssi_related_no_append":"","_relevanssi_related_not_related":"","_relevanssi_related_posts":"","_relevanssi_noindex_reason":"","_monsterinsights_skip_tracking":false,"_monsterinsights_sitenote_active":false,"_monsterinsights_sitenote_note":"","_monsterinsights_sitenote_category":0,"_genesis_hide_title":false,"_genesis_hide_breadcrumbs":false,"_genesis_hide_singular_image":false,"_genesis_hide_footer_widgets":false,"_genesis_custom_body_class":"","_genesis_custom_post_class":"","_genesis_layout":"","footnotes":""},"categories":[96],"tags":[140,145],"class_list":{"0":"post-12182","1":"post","2":"type-post","3":"status-publish","4":"format-standard","5":"has-post-thumbnail","7":"category-noticias-ue","8":"tag-salud","9":"tag-sector-agroalimentario","10":"entry"},"acf":[],"yoast_head":"<!-- This site is optimized with the Yoast SEO plugin v27.4 - https:\/\/yoast.com\/product\/yoast-seo-wordpress\/ -->\n<title>Los ar\u00e1ndanos pueden reducir los problemas intestinales de los consumidores de carne | CDE Almer\u00eda - Centro de Documentaci\u00f3n Europea - Universidad de Almer\u00eda<\/title>\n<meta name=\"robots\" content=\"index, follow, max-snippet:-1, max-image-preview:large, max-video-preview:-1\" \/>\n<link rel=\"canonical\" href=\"https:\/\/www.cde.ual.es\/en\/arandanos-pueden-reducir-los-problemas-intestinal-de-consumidores-de-carne\/\" \/>\n<meta property=\"og:locale\" content=\"en_US\" \/>\n<meta property=\"og:type\" content=\"article\" \/>\n<meta property=\"og:title\" content=\"Los ar\u00e1ndanos pueden reducir los problemas intestinales de los consumidores de carne | CDE Almer\u00eda - Centro de Documentaci\u00f3n Europea - Universidad de Almer\u00eda\" \/>\n<meta property=\"og:description\" content=\"En un reciente ensayo de alimentaci\u00f3n, unos investigadores han descubierto que los ar\u00e1ndanos reducen los efectos adversos sobre la salud intestinal de una dieta basada en alimentos de origen animal y pobre en fibra. Los ar\u00e1ndanos al parecer es una fruta muy rica en fibra y contiene m\u00e1s antioxidantes que cualquier otra, es alabada por [&hellip;]\" \/>\n<meta property=\"og:url\" content=\"https:\/\/www.cde.ual.es\/en\/arandanos-pueden-reducir-los-problemas-intestinal-de-consumidores-de-carne\/\" \/>\n<meta property=\"og:site_name\" content=\"CDE Almer\u00eda - Centro de Documentaci\u00f3n Europea - Universidad de Almer\u00eda\" \/>\n<meta property=\"article:publisher\" content=\"https:\/\/www.facebook.com\/cdeuniversidadalmeria\/\" \/>\n<meta property=\"article:published_time\" content=\"2019-01-30T07:00:27+00:00\" \/>\n<meta property=\"article:modified_time\" content=\"2019-01-30T09:48:48+00:00\" \/>\n<meta property=\"og:image\" content=\"https:\/\/www.cde.ual.es\/wp-content\/uploads\/2019\/01\/ARANDANOS.png\" \/>\n\t<meta property=\"og:image:width\" content=\"690\" \/>\n\t<meta property=\"og:image:height\" content=\"516\" \/>\n\t<meta property=\"og:image:type\" content=\"image\/png\" \/>\n<meta name=\"author\" content=\"BECACDE1\" \/>\n<meta name=\"twitter:card\" content=\"summary_large_image\" \/>\n<meta name=\"twitter:creator\" content=\"@cdeualmeria\" \/>\n<meta name=\"twitter:site\" content=\"@cdeualmeria\" \/>\n<meta name=\"twitter:label1\" content=\"Written by\" \/>\n\t<meta name=\"twitter:data1\" content=\"BECACDE1\" \/>\n\t<meta name=\"twitter:label2\" content=\"Est. reading time\" \/>\n\t<meta name=\"twitter:data2\" content=\"2 minutes\" \/>\n<script type=\"application\/ld+json\" class=\"yoast-schema-graph\">{\"@context\":\"https:\\\/\\\/schema.org\",\"@graph\":[{\"@type\":\"Article\",\"@id\":\"https:\\\/\\\/www.cde.ual.es\\\/en\\\/arandanos-pueden-reducir-los-problemas-intestinal-de-consumidores-de-carne\\\/#article\",\"isPartOf\":{\"@id\":\"https:\\\/\\\/www.cde.ual.es\\\/en\\\/arandanos-pueden-reducir-los-problemas-intestinal-de-consumidores-de-carne\\\/\"},\"author\":{\"name\":\"BECACDE1\",\"@id\":\"https:\\\/\\\/www.cde.ual.es\\\/#\\\/schema\\\/person\\\/bf2f837cf3353e2161fe1087adbd728f\"},\"headline\":\"Los ar\u00e1ndanos pueden reducir los problemas intestinales de los consumidores de carne\",\"datePublished\":\"2019-01-30T07:00:27+00:00\",\"dateModified\":\"2019-01-30T09:48:48+00:00\",\"mainEntityOfPage\":{\"@id\":\"https:\\\/\\\/www.cde.ual.es\\\/en\\\/arandanos-pueden-reducir-los-problemas-intestinal-de-consumidores-de-carne\\\/\"},\"wordCount\":411,\"commentCount\":1,\"publisher\":{\"@id\":\"https:\\\/\\\/www.cde.ual.es\\\/#organization\"},\"image\":{\"@id\":\"https:\\\/\\\/www.cde.ual.es\\\/en\\\/arandanos-pueden-reducir-los-problemas-intestinal-de-consumidores-de-carne\\\/#primaryimage\"},\"thumbnailUrl\":\"https:\\\/\\\/www.cde.ual.es\\\/wp-content\\\/uploads\\\/2019\\\/01\\\/ARANDANOS.png\",\"keywords\":[\"Salud\",\"Sector Agroalimentario\"],\"articleSection\":[\"Noticias UE\"],\"inLanguage\":\"en-US\",\"potentialAction\":[{\"@type\":\"CommentAction\",\"name\":\"Comment\",\"target\":[\"https:\\\/\\\/www.cde.ual.es\\\/en\\\/arandanos-pueden-reducir-los-problemas-intestinal-de-consumidores-de-carne\\\/#respond\"]}]},{\"@type\":\"WebPage\",\"@id\":\"https:\\\/\\\/www.cde.ual.es\\\/en\\\/arandanos-pueden-reducir-los-problemas-intestinal-de-consumidores-de-carne\\\/\",\"url\":\"https:\\\/\\\/www.cde.ual.es\\\/en\\\/arandanos-pueden-reducir-los-problemas-intestinal-de-consumidores-de-carne\\\/\",\"name\":\"Los ar\u00e1ndanos pueden reducir los problemas intestinales de los consumidores de carne | CDE Almer\u00eda - Centro de Documentaci\u00f3n Europea - Universidad de Almer\u00eda\",\"isPartOf\":{\"@id\":\"https:\\\/\\\/www.cde.ual.es\\\/#website\"},\"primaryImageOfPage\":{\"@id\":\"https:\\\/\\\/www.cde.ual.es\\\/en\\\/arandanos-pueden-reducir-los-problemas-intestinal-de-consumidores-de-carne\\\/#primaryimage\"},\"image\":{\"@id\":\"https:\\\/\\\/www.cde.ual.es\\\/en\\\/arandanos-pueden-reducir-los-problemas-intestinal-de-consumidores-de-carne\\\/#primaryimage\"},\"thumbnailUrl\":\"https:\\\/\\\/www.cde.ual.es\\\/wp-content\\\/uploads\\\/2019\\\/01\\\/ARANDANOS.png\",\"datePublished\":\"2019-01-30T07:00:27+00:00\",\"dateModified\":\"2019-01-30T09:48:48+00:00\",\"breadcrumb\":{\"@id\":\"https:\\\/\\\/www.cde.ual.es\\\/en\\\/arandanos-pueden-reducir-los-problemas-intestinal-de-consumidores-de-carne\\\/#breadcrumb\"},\"inLanguage\":\"en-US\",\"potentialAction\":[{\"@type\":\"ReadAction\",\"target\":[\"https:\\\/\\\/www.cde.ual.es\\\/en\\\/arandanos-pueden-reducir-los-problemas-intestinal-de-consumidores-de-carne\\\/\"]}]},{\"@type\":\"ImageObject\",\"inLanguage\":\"en-US\",\"@id\":\"https:\\\/\\\/www.cde.ual.es\\\/en\\\/arandanos-pueden-reducir-los-problemas-intestinal-de-consumidores-de-carne\\\/#primaryimage\",\"url\":\"https:\\\/\\\/www.cde.ual.es\\\/wp-content\\\/uploads\\\/2019\\\/01\\\/ARANDANOS.png\",\"contentUrl\":\"https:\\\/\\\/www.cde.ual.es\\\/wp-content\\\/uploads\\\/2019\\\/01\\\/ARANDANOS.png\",\"width\":690,\"height\":516},{\"@type\":\"BreadcrumbList\",\"@id\":\"https:\\\/\\\/www.cde.ual.es\\\/en\\\/arandanos-pueden-reducir-los-problemas-intestinal-de-consumidores-de-carne\\\/#breadcrumb\",\"itemListElement\":[{\"@type\":\"ListItem\",\"position\":1,\"name\":\"Inicio\",\"item\":\"https:\\\/\\\/www.cde.ual.es\\\/en\\\/\"},{\"@type\":\"ListItem\",\"position\":2,\"name\":\"EU News\",\"item\":\"https:\\\/\\\/www.cde.ual.es\\\/en\\\/category\\\/eu-news\\\/\"},{\"@type\":\"ListItem\",\"position\":3,\"name\":\"Los ar\u00e1ndanos pueden reducir los problemas intestinales de los consumidores de carne\"}]},{\"@type\":\"WebSite\",\"@id\":\"https:\\\/\\\/www.cde.ual.es\\\/#website\",\"url\":\"https:\\\/\\\/www.cde.ual.es\\\/\",\"name\":\"CDE Almer\u00eda - Centro de Documentaci\u00f3n Europea - Universidad de Almer\u00eda\",\"description\":\"Centro de Documentaci\u00f3n Europea de la Universidad de Almer\u00eda\",\"publisher\":{\"@id\":\"https:\\\/\\\/www.cde.ual.es\\\/#organization\"},\"alternateName\":\"CDE Almer\u00eda\",\"potentialAction\":[{\"@type\":\"SearchAction\",\"target\":{\"@type\":\"EntryPoint\",\"urlTemplate\":\"https:\\\/\\\/www.cde.ual.es\\\/?s={search_term_string}\"},\"query-input\":{\"@type\":\"PropertyValueSpecification\",\"valueRequired\":true,\"valueName\":\"search_term_string\"}}],\"inLanguage\":\"en-US\"},{\"@type\":\"Organization\",\"@id\":\"https:\\\/\\\/www.cde.ual.es\\\/#organization\",\"name\":\"Centro de Documentaci\u00f3n Europea de Almer\u00eda\",\"url\":\"https:\\\/\\\/www.cde.ual.es\\\/\",\"logo\":{\"@type\":\"ImageObject\",\"inLanguage\":\"en-US\",\"@id\":\"https:\\\/\\\/www.cde.ual.es\\\/#\\\/schema\\\/logo\\\/image\\\/\",\"url\":\"https:\\\/\\\/www.cde.ual.es\\\/wp-content\\\/uploads\\\/2025\\\/07\\\/cde-logo-3.png\",\"contentUrl\":\"https:\\\/\\\/www.cde.ual.es\\\/wp-content\\\/uploads\\\/2025\\\/07\\\/cde-logo-3.png\",\"width\":1400,\"height\":300,\"caption\":\"Centro de Documentaci\u00f3n Europea de Almer\u00eda\"},\"image\":{\"@id\":\"https:\\\/\\\/www.cde.ual.es\\\/#\\\/schema\\\/logo\\\/image\\\/\"},\"sameAs\":[\"https:\\\/\\\/www.facebook.com\\\/cdeuniversidadalmeria\\\/\",\"https:\\\/\\\/x.com\\\/cdeualmeria\",\"https:\\\/\\\/www.tiktok.com\\\/@cdealmeria\",\"https:\\\/\\\/www.instagram.com\\\/cdealmeria\\\/\",\"https:\\\/\\\/www.linkedin.com\\\/in\\\/cde-almera-812b26a9\\\/\"]},{\"@type\":\"Person\",\"@id\":\"https:\\\/\\\/www.cde.ual.es\\\/#\\\/schema\\\/person\\\/bf2f837cf3353e2161fe1087adbd728f\",\"name\":\"BECACDE1\",\"image\":{\"@type\":\"ImageObject\",\"inLanguage\":\"en-US\",\"@id\":\"https:\\\/\\\/secure.gravatar.com\\\/avatar\\\/16a4c1e422b5dec818ee13eab3353b19db9cfd278cc10f9b0e1188a37671d9d4?s=96&d=mm&r=g\",\"url\":\"https:\\\/\\\/secure.gravatar.com\\\/avatar\\\/16a4c1e422b5dec818ee13eab3353b19db9cfd278cc10f9b0e1188a37671d9d4?s=96&d=mm&r=g\",\"contentUrl\":\"https:\\\/\\\/secure.gravatar.com\\\/avatar\\\/16a4c1e422b5dec818ee13eab3353b19db9cfd278cc10f9b0e1188a37671d9d4?s=96&d=mm&r=g\",\"caption\":\"BECACDE1\"},\"sameAs\":[\"http:\\\/\\\/www.cdealmeria.com\"]}]}<\/script>\n<!-- \/ Yoast SEO plugin. -->","yoast_head_json":{"title":"Los ar\u00e1ndanos pueden reducir los problemas intestinales de los consumidores de carne | CDE Almer\u00eda - Centro de Documentaci\u00f3n Europea - Universidad de Almer\u00eda","robots":{"index":"index","follow":"follow","max-snippet":"max-snippet:-1","max-image-preview":"max-image-preview:large","max-video-preview":"max-video-preview:-1"},"canonical":"https:\/\/www.cde.ual.es\/en\/arandanos-pueden-reducir-los-problemas-intestinal-de-consumidores-de-carne\/","og_locale":"en_US","og_type":"article","og_title":"Los ar\u00e1ndanos pueden reducir los problemas intestinales de los consumidores de carne | CDE Almer\u00eda - Centro de Documentaci\u00f3n Europea - Universidad de Almer\u00eda","og_description":"En un reciente ensayo de alimentaci\u00f3n, unos investigadores han descubierto que los ar\u00e1ndanos reducen los efectos adversos sobre la salud intestinal de una dieta basada en alimentos de origen animal y pobre en fibra. Los ar\u00e1ndanos al parecer es una fruta muy rica en fibra y contiene m\u00e1s antioxidantes que cualquier otra, es alabada por [&hellip;]","og_url":"https:\/\/www.cde.ual.es\/en\/arandanos-pueden-reducir-los-problemas-intestinal-de-consumidores-de-carne\/","og_site_name":"CDE Almer\u00eda - Centro de Documentaci\u00f3n Europea - Universidad de Almer\u00eda","article_publisher":"https:\/\/www.facebook.com\/cdeuniversidadalmeria\/","article_published_time":"2019-01-30T07:00:27+00:00","article_modified_time":"2019-01-30T09:48:48+00:00","og_image":[{"width":690,"height":516,"url":"https:\/\/www.cde.ual.es\/wp-content\/uploads\/2019\/01\/ARANDANOS.png","type":"image\/png"}],"author":"BECACDE1","twitter_card":"summary_large_image","twitter_creator":"@cdeualmeria","twitter_site":"@cdeualmeria","twitter_misc":{"Written by":"BECACDE1","Est. reading time":"2 minutes"},"schema":{"@context":"https:\/\/schema.org","@graph":[{"@type":"Article","@id":"https:\/\/www.cde.ual.es\/en\/arandanos-pueden-reducir-los-problemas-intestinal-de-consumidores-de-carne\/#article","isPartOf":{"@id":"https:\/\/www.cde.ual.es\/en\/arandanos-pueden-reducir-los-problemas-intestinal-de-consumidores-de-carne\/"},"author":{"name":"BECACDE1","@id":"https:\/\/www.cde.ual.es\/#\/schema\/person\/bf2f837cf3353e2161fe1087adbd728f"},"headline":"Los ar\u00e1ndanos pueden reducir los problemas intestinales de los consumidores de carne","datePublished":"2019-01-30T07:00:27+00:00","dateModified":"2019-01-30T09:48:48+00:00","mainEntityOfPage":{"@id":"https:\/\/www.cde.ual.es\/en\/arandanos-pueden-reducir-los-problemas-intestinal-de-consumidores-de-carne\/"},"wordCount":411,"commentCount":1,"publisher":{"@id":"https:\/\/www.cde.ual.es\/#organization"},"image":{"@id":"https:\/\/www.cde.ual.es\/en\/arandanos-pueden-reducir-los-problemas-intestinal-de-consumidores-de-carne\/#primaryimage"},"thumbnailUrl":"https:\/\/www.cde.ual.es\/wp-content\/uploads\/2019\/01\/ARANDANOS.png","keywords":["Salud","Sector Agroalimentario"],"articleSection":["Noticias UE"],"inLanguage":"en-US","potentialAction":[{"@type":"CommentAction","name":"Comment","target":["https:\/\/www.cde.ual.es\/en\/arandanos-pueden-reducir-los-problemas-intestinal-de-consumidores-de-carne\/#respond"]}]},{"@type":"WebPage","@id":"https:\/\/www.cde.ual.es\/en\/arandanos-pueden-reducir-los-problemas-intestinal-de-consumidores-de-carne\/","url":"https:\/\/www.cde.ual.es\/en\/arandanos-pueden-reducir-los-problemas-intestinal-de-consumidores-de-carne\/","name":"Los ar\u00e1ndanos pueden reducir los problemas intestinales de los consumidores de carne | CDE Almer\u00eda - Centro de Documentaci\u00f3n Europea - Universidad de Almer\u00eda","isPartOf":{"@id":"https:\/\/www.cde.ual.es\/#website"},"primaryImageOfPage":{"@id":"https:\/\/www.cde.ual.es\/en\/arandanos-pueden-reducir-los-problemas-intestinal-de-consumidores-de-carne\/#primaryimage"},"image":{"@id":"https:\/\/www.cde.ual.es\/en\/arandanos-pueden-reducir-los-problemas-intestinal-de-consumidores-de-carne\/#primaryimage"},"thumbnailUrl":"https:\/\/www.cde.ual.es\/wp-content\/uploads\/2019\/01\/ARANDANOS.png","datePublished":"2019-01-30T07:00:27+00:00","dateModified":"2019-01-30T09:48:48+00:00","breadcrumb":{"@id":"https:\/\/www.cde.ual.es\/en\/arandanos-pueden-reducir-los-problemas-intestinal-de-consumidores-de-carne\/#breadcrumb"},"inLanguage":"en-US","potentialAction":[{"@type":"ReadAction","target":["https:\/\/www.cde.ual.es\/en\/arandanos-pueden-reducir-los-problemas-intestinal-de-consumidores-de-carne\/"]}]},{"@type":"ImageObject","inLanguage":"en-US","@id":"https:\/\/www.cde.ual.es\/en\/arandanos-pueden-reducir-los-problemas-intestinal-de-consumidores-de-carne\/#primaryimage","url":"https:\/\/www.cde.ual.es\/wp-content\/uploads\/2019\/01\/ARANDANOS.png","contentUrl":"https:\/\/www.cde.ual.es\/wp-content\/uploads\/2019\/01\/ARANDANOS.png","width":690,"height":516},{"@type":"BreadcrumbList","@id":"https:\/\/www.cde.ual.es\/en\/arandanos-pueden-reducir-los-problemas-intestinal-de-consumidores-de-carne\/#breadcrumb","itemListElement":[{"@type":"ListItem","position":1,"name":"Inicio","item":"https:\/\/www.cde.ual.es\/en\/"},{"@type":"ListItem","position":2,"name":"EU News","item":"https:\/\/www.cde.ual.es\/en\/category\/eu-news\/"},{"@type":"ListItem","position":3,"name":"Los ar\u00e1ndanos pueden reducir los problemas intestinales de los consumidores de carne"}]},{"@type":"WebSite","@id":"https:\/\/www.cde.ual.es\/#website","url":"https:\/\/www.cde.ual.es\/","name":"CDE Almer\u00eda - Centro de Documentaci\u00f3n Europea - Universidad de Almer\u00eda","description":"Centro de Documentaci\u00f3n Europea de la Universidad de Almer\u00eda","publisher":{"@id":"https:\/\/www.cde.ual.es\/#organization"},"alternateName":"CDE Almer\u00eda","potentialAction":[{"@type":"SearchAction","target":{"@type":"EntryPoint","urlTemplate":"https:\/\/www.cde.ual.es\/?s={search_term_string}"},"query-input":{"@type":"PropertyValueSpecification","valueRequired":true,"valueName":"search_term_string"}}],"inLanguage":"en-US"},{"@type":"Organization","@id":"https:\/\/www.cde.ual.es\/#organization","name":"Centro de Documentaci\u00f3n Europea de Almer\u00eda","url":"https:\/\/www.cde.ual.es\/","logo":{"@type":"ImageObject","inLanguage":"en-US","@id":"https:\/\/www.cde.ual.es\/#\/schema\/logo\/image\/","url":"https:\/\/www.cde.ual.es\/wp-content\/uploads\/2025\/07\/cde-logo-3.png","contentUrl":"https:\/\/www.cde.ual.es\/wp-content\/uploads\/2025\/07\/cde-logo-3.png","width":1400,"height":300,"caption":"Centro de Documentaci\u00f3n Europea de Almer\u00eda"},"image":{"@id":"https:\/\/www.cde.ual.es\/#\/schema\/logo\/image\/"},"sameAs":["https:\/\/www.facebook.com\/cdeuniversidadalmeria\/","https:\/\/x.com\/cdeualmeria","https:\/\/www.tiktok.com\/@cdealmeria","https:\/\/www.instagram.com\/cdealmeria\/","https:\/\/www.linkedin.com\/in\/cde-almera-812b26a9\/"]},{"@type":"Person","@id":"https:\/\/www.cde.ual.es\/#\/schema\/person\/bf2f837cf3353e2161fe1087adbd728f","name":"BECACDE1","image":{"@type":"ImageObject","inLanguage":"en-US","@id":"https:\/\/secure.gravatar.com\/avatar\/16a4c1e422b5dec818ee13eab3353b19db9cfd278cc10f9b0e1188a37671d9d4?s=96&d=mm&r=g","url":"https:\/\/secure.gravatar.com\/avatar\/16a4c1e422b5dec818ee13eab3353b19db9cfd278cc10f9b0e1188a37671d9d4?s=96&d=mm&r=g","contentUrl":"https:\/\/secure.gravatar.com\/avatar\/16a4c1e422b5dec818ee13eab3353b19db9cfd278cc10f9b0e1188a37671d9d4?s=96&d=mm&r=g","caption":"BECACDE1"},"sameAs":["http:\/\/www.cdealmeria.com"]}]}},"_links":{"self":[{"href":"https:\/\/www.cde.ual.es\/en\/wp-json\/wp\/v2\/posts\/12182","targetHints":{"allow":["GET"]}}],"collection":[{"href":"https:\/\/www.cde.ual.es\/en\/wp-json\/wp\/v2\/posts"}],"about":[{"href":"https:\/\/www.cde.ual.es\/en\/wp-json\/wp\/v2\/types\/post"}],"author":[{"embeddable":true,"href":"https:\/\/www.cde.ual.es\/en\/wp-json\/wp\/v2\/users\/101012"}],"replies":[{"embeddable":true,"href":"https:\/\/www.cde.ual.es\/en\/wp-json\/wp\/v2\/comments?post=12182"}],"version-history":[{"count":0,"href":"https:\/\/www.cde.ual.es\/en\/wp-json\/wp\/v2\/posts\/12182\/revisions"}],"wp:featuredmedia":[{"embeddable":true,"href":"https:\/\/www.cde.ual.es\/en\/wp-json\/wp\/v2\/media\/12183"}],"wp:attachment":[{"href":"https:\/\/www.cde.ual.es\/en\/wp-json\/wp\/v2\/media?parent=12182"}],"wp:term":[{"taxonomy":"category","embeddable":true,"href":"https:\/\/www.cde.ual.es\/en\/wp-json\/wp\/v2\/categories?post=12182"},{"taxonomy":"post_tag","embeddable":true,"href":"https:\/\/www.cde.ual.es\/en\/wp-json\/wp\/v2\/tags?post=12182"}],"curies":[{"name":"wp","href":"https:\/\/api.w.org\/{rel}","templated":true}]}}