{"id":12176,"date":"2019-02-01T08:00:57","date_gmt":"2019-02-01T07:00:57","guid":{"rendered":"http:\/\/www.cde.ual.es\/?p=12176"},"modified":"2019-01-28T10:41:38","modified_gmt":"2019-01-28T09:41:38","slug":"proteges-los-datos-personales-en-su-telefono-inteligente","status":"publish","type":"post","link":"https:\/\/www.cde.ual.es\/en\/proteges-los-datos-personales-en-su-telefono-inteligente\/","title":{"rendered":"\u00bfProteges los datos personales en su tel\u00e9fono inteligente?"},"content":{"rendered":"\n<figure class=\"wp-block-image\"><img decoding=\"async\" width=\"1004\" height=\"852\" src=\"http:\/\/www.cde.ual.es\/wp-content\/uploads\/2019\/01\/PERSONAL-DATA.png\" alt=\"\" class=\"wp-image-12177\" srcset=\"https:\/\/www.cde.ual.es\/wp-content\/uploads\/2019\/01\/PERSONAL-DATA.png 1004w, https:\/\/www.cde.ual.es\/wp-content\/uploads\/2019\/01\/PERSONAL-DATA-300x255.png 300w, https:\/\/www.cde.ual.es\/wp-content\/uploads\/2019\/01\/PERSONAL-DATA-768x652.png 768w\" sizes=\"(max-width: 1004px) 100vw, 1004px\" \/><\/figure>\n\n\n\n<p>En 2018, el\n75% de las personas de 16 a 74 a\u00f1os de la Uni\u00f3n Europea (UE) utilizaba un\ntel\u00e9fono inteligente para fines privados. Sin embargo, el 28% respondi\u00f3 que al\nusar o instalar una aplicaci\u00f3n en el tel\u00e9fono inteligente nunca restringieron o\nrechazaron su acceso a datos personales. El 7% de los usuarios de tel\u00e9fonos\ninteligentes en la UE no sab\u00edan que es posible restringir o rechazar el acceso\na sus datos personales al usar o instalar una aplicaci\u00f3n en el tel\u00e9fono\ninteligente.<\/p>\n\n\n\n<p>Menos de la\nmitad (43%) de los usuarios de tel\u00e9fonos inteligentes informaron que ten\u00edan un\nsistema de seguridad que se hab\u00eda instalado o proporcionado autom\u00e1ticamente con\nel sistema operativo de sus tel\u00e9fonos inteligentes. Otro 15% se hab\u00eda suscrito\na un sistema de seguridad o us\u00f3 uno que hab\u00eda sido instalado por otra persona.<\/p>\n\n\n\n<pre class=\"wp-block-preformatted\">Dos tercios de los usuarios de tel\u00e9fonos inteligentes en la Rep\u00fablica Checa (67%) nunca restringieron o rechazaron el acceso de las aplicaciones a sus datos personales. Les siguieron Bulgaria (49%), Chipre y el Reino Unido (ambos 43%).<\/pre>\n\n\n\n<pre class=\"wp-block-preformatted\">En contraste, solo el 10% de los usuarios de tel\u00e9fonos inteligentes en Francia nunca restringi\u00f3 o rechaz\u00f3 el acceso a las aplicaciones, seguido de Alemania (16%), los Pa\u00edses Bajos y Luxemburgo (el 17%).<\/pre>\n","protected":false},"excerpt":{"rendered":"<p>En 2018, el 75% de las personas de 16 a 74 a\u00f1os de la Uni\u00f3n Europea (UE) utilizaba un tel\u00e9fono inteligente para fines privados. Sin embargo, el 28% respondi\u00f3 que al usar o instalar una aplicaci\u00f3n en el tel\u00e9fono inteligente nunca restringieron o rechazaron su acceso a datos personales. El 7% de los usuarios de [&hellip;]<\/p>\n","protected":false},"author":101012,"featured_media":12177,"comment_status":"open","ping_status":"open","sticky":false,"template":"","format":"standard","meta":{"_acf_changed":false,"_relevanssi_hide_post":"","_relevanssi_hide_content":"","_relevanssi_pin_for_all":"","_relevanssi_pin_keywords":"","_relevanssi_unpin_keywords":"","_relevanssi_related_keywords":"","_relevanssi_related_include_ids":"","_relevanssi_related_exclude_ids":"","_relevanssi_related_no_append":"","_relevanssi_related_not_related":"","_relevanssi_related_posts":"","_relevanssi_noindex_reason":"","_monsterinsights_skip_tracking":false,"_monsterinsights_sitenote_active":false,"_monsterinsights_sitenote_note":"","_monsterinsights_sitenote_category":0,"_genesis_hide_title":false,"_genesis_hide_breadcrumbs":false,"_genesis_hide_singular_image":false,"_genesis_hide_footer_widgets":false,"_genesis_custom_body_class":"","_genesis_custom_post_class":"","_genesis_layout":"","footnotes":""},"categories":[96],"tags":[312,226],"class_list":{"0":"post-12176","1":"post","2":"type-post","3":"status-publish","4":"format-standard","5":"has-post-thumbnail","7":"category-noticias-ue","8":"tag-cyber-seguridad","9":"tag-proteccion-de-datos","10":"entry"},"acf":[],"yoast_head":"<!-- This site is optimized with the Yoast SEO plugin v27.5 - https:\/\/yoast.com\/product\/yoast-seo-wordpress\/ -->\n<title>\u00bfProteges los datos personales en su tel\u00e9fono inteligente? | CDE Almer\u00eda - Centro de Documentaci\u00f3n Europea - Universidad de Almer\u00eda<\/title>\n<meta name=\"robots\" content=\"index, follow, max-snippet:-1, max-image-preview:large, max-video-preview:-1\" \/>\n<link rel=\"canonical\" href=\"https:\/\/www.cde.ual.es\/proteges-los-datos-personales-en-su-telefono-inteligente\/\" \/>\n<meta property=\"og:locale\" content=\"en_US\" \/>\n<meta property=\"og:type\" content=\"article\" \/>\n<meta property=\"og:title\" content=\"\u00bfProteges los datos personales en su tel\u00e9fono inteligente? | CDE Almer\u00eda - Centro de Documentaci\u00f3n Europea - Universidad de Almer\u00eda\" \/>\n<meta property=\"og:description\" content=\"En 2018, el 75% de las personas de 16 a 74 a\u00f1os de la Uni\u00f3n Europea (UE) utilizaba un tel\u00e9fono inteligente para fines privados. Sin embargo, el 28% respondi\u00f3 que al usar o instalar una aplicaci\u00f3n en el tel\u00e9fono inteligente nunca restringieron o rechazaron su acceso a datos personales. El 7% de los usuarios de [&hellip;]\" \/>\n<meta property=\"og:url\" content=\"https:\/\/www.cde.ual.es\/proteges-los-datos-personales-en-su-telefono-inteligente\/\" \/>\n<meta property=\"og:site_name\" content=\"CDE Almer\u00eda - Centro de Documentaci\u00f3n Europea - Universidad de Almer\u00eda\" \/>\n<meta property=\"article:publisher\" content=\"https:\/\/www.facebook.com\/cdeuniversidadalmeria\/\" \/>\n<meta property=\"article:published_time\" content=\"2019-02-01T07:00:57+00:00\" \/>\n<meta property=\"og:image\" content=\"https:\/\/www.cde.ual.es\/wp-content\/uploads\/2019\/01\/PERSONAL-DATA.png\" \/>\n\t<meta property=\"og:image:width\" content=\"1004\" \/>\n\t<meta property=\"og:image:height\" content=\"852\" \/>\n\t<meta property=\"og:image:type\" content=\"image\/png\" \/>\n<meta name=\"author\" content=\"BECACDE1\" \/>\n<meta name=\"twitter:card\" content=\"summary_large_image\" \/>\n<meta name=\"twitter:creator\" content=\"@cdeualmeria\" \/>\n<meta name=\"twitter:site\" content=\"@cdeualmeria\" \/>\n<meta name=\"twitter:label1\" content=\"Written by\" \/>\n\t<meta name=\"twitter:data1\" content=\"BECACDE1\" \/>\n\t<meta name=\"twitter:label2\" content=\"Est. reading time\" \/>\n\t<meta name=\"twitter:data2\" content=\"1 minute\" \/>\n<script type=\"application\/ld+json\" class=\"yoast-schema-graph\">{\"@context\":\"https:\\\/\\\/schema.org\",\"@graph\":[{\"@type\":\"Article\",\"@id\":\"https:\\\/\\\/www.cde.ual.es\\\/proteges-los-datos-personales-en-su-telefono-inteligente\\\/#article\",\"isPartOf\":{\"@id\":\"https:\\\/\\\/www.cde.ual.es\\\/proteges-los-datos-personales-en-su-telefono-inteligente\\\/\"},\"author\":{\"name\":\"BECACDE1\",\"@id\":\"https:\\\/\\\/www.cde.ual.es\\\/#\\\/schema\\\/person\\\/bf2f837cf3353e2161fe1087adbd728f\"},\"headline\":\"\u00bfProteges los datos personales en su tel\u00e9fono inteligente?\",\"datePublished\":\"2019-02-01T07:00:57+00:00\",\"mainEntityOfPage\":{\"@id\":\"https:\\\/\\\/www.cde.ual.es\\\/proteges-los-datos-personales-en-su-telefono-inteligente\\\/\"},\"wordCount\":154,\"commentCount\":0,\"publisher\":{\"@id\":\"https:\\\/\\\/www.cde.ual.es\\\/#organization\"},\"image\":{\"@id\":\"https:\\\/\\\/www.cde.ual.es\\\/proteges-los-datos-personales-en-su-telefono-inteligente\\\/#primaryimage\"},\"thumbnailUrl\":\"https:\\\/\\\/www.cde.ual.es\\\/wp-content\\\/uploads\\\/2019\\\/01\\\/PERSONAL-DATA.png\",\"keywords\":[\"cyber seguridad\",\"Protecci\u00f3n de datos\"],\"articleSection\":[\"Noticias UE\"],\"inLanguage\":\"en-US\",\"potentialAction\":[{\"@type\":\"CommentAction\",\"name\":\"Comment\",\"target\":[\"https:\\\/\\\/www.cde.ual.es\\\/proteges-los-datos-personales-en-su-telefono-inteligente\\\/#respond\"]}]},{\"@type\":\"WebPage\",\"@id\":\"https:\\\/\\\/www.cde.ual.es\\\/proteges-los-datos-personales-en-su-telefono-inteligente\\\/\",\"url\":\"https:\\\/\\\/www.cde.ual.es\\\/proteges-los-datos-personales-en-su-telefono-inteligente\\\/\",\"name\":\"\u00bfProteges los datos personales en su tel\u00e9fono inteligente? | CDE Almer\u00eda - Centro de Documentaci\u00f3n Europea - Universidad de Almer\u00eda\",\"isPartOf\":{\"@id\":\"https:\\\/\\\/www.cde.ual.es\\\/#website\"},\"primaryImageOfPage\":{\"@id\":\"https:\\\/\\\/www.cde.ual.es\\\/proteges-los-datos-personales-en-su-telefono-inteligente\\\/#primaryimage\"},\"image\":{\"@id\":\"https:\\\/\\\/www.cde.ual.es\\\/proteges-los-datos-personales-en-su-telefono-inteligente\\\/#primaryimage\"},\"thumbnailUrl\":\"https:\\\/\\\/www.cde.ual.es\\\/wp-content\\\/uploads\\\/2019\\\/01\\\/PERSONAL-DATA.png\",\"datePublished\":\"2019-02-01T07:00:57+00:00\",\"breadcrumb\":{\"@id\":\"https:\\\/\\\/www.cde.ual.es\\\/proteges-los-datos-personales-en-su-telefono-inteligente\\\/#breadcrumb\"},\"inLanguage\":\"en-US\",\"potentialAction\":[{\"@type\":\"ReadAction\",\"target\":[\"https:\\\/\\\/www.cde.ual.es\\\/proteges-los-datos-personales-en-su-telefono-inteligente\\\/\"]}]},{\"@type\":\"ImageObject\",\"inLanguage\":\"en-US\",\"@id\":\"https:\\\/\\\/www.cde.ual.es\\\/proteges-los-datos-personales-en-su-telefono-inteligente\\\/#primaryimage\",\"url\":\"https:\\\/\\\/www.cde.ual.es\\\/wp-content\\\/uploads\\\/2019\\\/01\\\/PERSONAL-DATA.png\",\"contentUrl\":\"https:\\\/\\\/www.cde.ual.es\\\/wp-content\\\/uploads\\\/2019\\\/01\\\/PERSONAL-DATA.png\",\"width\":1004,\"height\":852},{\"@type\":\"BreadcrumbList\",\"@id\":\"https:\\\/\\\/www.cde.ual.es\\\/proteges-los-datos-personales-en-su-telefono-inteligente\\\/#breadcrumb\",\"itemListElement\":[{\"@type\":\"ListItem\",\"position\":1,\"name\":\"Inicio\",\"item\":\"https:\\\/\\\/www.cde.ual.es\\\/en\\\/\"},{\"@type\":\"ListItem\",\"position\":2,\"name\":\"Noticias UE\",\"item\":\"https:\\\/\\\/www.cde.ual.es\\\/category\\\/noticias-ue\\\/\"},{\"@type\":\"ListItem\",\"position\":3,\"name\":\"\u00bfProteges los datos personales en su tel\u00e9fono inteligente?\"}]},{\"@type\":\"WebSite\",\"@id\":\"https:\\\/\\\/www.cde.ual.es\\\/#website\",\"url\":\"https:\\\/\\\/www.cde.ual.es\\\/\",\"name\":\"CDE Almer\u00eda - Centro de Documentaci\u00f3n Europea - Universidad de Almer\u00eda\",\"description\":\"Centro de Documentaci\u00f3n Europea de la Universidad de Almer\u00eda\",\"publisher\":{\"@id\":\"https:\\\/\\\/www.cde.ual.es\\\/#organization\"},\"alternateName\":\"CDE Almer\u00eda\",\"potentialAction\":[{\"@type\":\"SearchAction\",\"target\":{\"@type\":\"EntryPoint\",\"urlTemplate\":\"https:\\\/\\\/www.cde.ual.es\\\/?s={search_term_string}\"},\"query-input\":{\"@type\":\"PropertyValueSpecification\",\"valueRequired\":true,\"valueName\":\"search_term_string\"}}],\"inLanguage\":\"en-US\"},{\"@type\":\"Organization\",\"@id\":\"https:\\\/\\\/www.cde.ual.es\\\/#organization\",\"name\":\"Centro de Documentaci\u00f3n Europea de Almer\u00eda\",\"url\":\"https:\\\/\\\/www.cde.ual.es\\\/\",\"logo\":{\"@type\":\"ImageObject\",\"inLanguage\":\"en-US\",\"@id\":\"https:\\\/\\\/www.cde.ual.es\\\/#\\\/schema\\\/logo\\\/image\\\/\",\"url\":\"https:\\\/\\\/www.cde.ual.es\\\/wp-content\\\/uploads\\\/2025\\\/07\\\/cde-logo-3.png\",\"contentUrl\":\"https:\\\/\\\/www.cde.ual.es\\\/wp-content\\\/uploads\\\/2025\\\/07\\\/cde-logo-3.png\",\"width\":1400,\"height\":300,\"caption\":\"Centro de Documentaci\u00f3n Europea de Almer\u00eda\"},\"image\":{\"@id\":\"https:\\\/\\\/www.cde.ual.es\\\/#\\\/schema\\\/logo\\\/image\\\/\"},\"sameAs\":[\"https:\\\/\\\/www.facebook.com\\\/cdeuniversidadalmeria\\\/\",\"https:\\\/\\\/x.com\\\/cdeualmeria\",\"https:\\\/\\\/www.tiktok.com\\\/@cdealmeria\",\"https:\\\/\\\/www.instagram.com\\\/cdealmeria\\\/\",\"https:\\\/\\\/www.linkedin.com\\\/in\\\/cde-almera-812b26a9\\\/\"]},{\"@type\":\"Person\",\"@id\":\"https:\\\/\\\/www.cde.ual.es\\\/#\\\/schema\\\/person\\\/bf2f837cf3353e2161fe1087adbd728f\",\"name\":\"BECACDE1\",\"image\":{\"@type\":\"ImageObject\",\"inLanguage\":\"en-US\",\"@id\":\"https:\\\/\\\/secure.gravatar.com\\\/avatar\\\/16a4c1e422b5dec818ee13eab3353b19db9cfd278cc10f9b0e1188a37671d9d4?s=96&d=mm&r=g\",\"url\":\"https:\\\/\\\/secure.gravatar.com\\\/avatar\\\/16a4c1e422b5dec818ee13eab3353b19db9cfd278cc10f9b0e1188a37671d9d4?s=96&d=mm&r=g\",\"contentUrl\":\"https:\\\/\\\/secure.gravatar.com\\\/avatar\\\/16a4c1e422b5dec818ee13eab3353b19db9cfd278cc10f9b0e1188a37671d9d4?s=96&d=mm&r=g\",\"caption\":\"BECACDE1\"},\"sameAs\":[\"http:\\\/\\\/www.cdealmeria.com\"]}]}<\/script>\n<!-- \/ Yoast SEO plugin. -->","yoast_head_json":{"title":"\u00bfProteges los datos personales en su tel\u00e9fono inteligente? | CDE Almer\u00eda - Centro de Documentaci\u00f3n Europea - Universidad de Almer\u00eda","robots":{"index":"index","follow":"follow","max-snippet":"max-snippet:-1","max-image-preview":"max-image-preview:large","max-video-preview":"max-video-preview:-1"},"canonical":"https:\/\/www.cde.ual.es\/proteges-los-datos-personales-en-su-telefono-inteligente\/","og_locale":"en_US","og_type":"article","og_title":"\u00bfProteges los datos personales en su tel\u00e9fono inteligente? | CDE Almer\u00eda - Centro de Documentaci\u00f3n Europea - Universidad de Almer\u00eda","og_description":"En 2018, el 75% de las personas de 16 a 74 a\u00f1os de la Uni\u00f3n Europea (UE) utilizaba un tel\u00e9fono inteligente para fines privados. Sin embargo, el 28% respondi\u00f3 que al usar o instalar una aplicaci\u00f3n en el tel\u00e9fono inteligente nunca restringieron o rechazaron su acceso a datos personales. El 7% de los usuarios de [&hellip;]","og_url":"https:\/\/www.cde.ual.es\/proteges-los-datos-personales-en-su-telefono-inteligente\/","og_site_name":"CDE Almer\u00eda - Centro de Documentaci\u00f3n Europea - Universidad de Almer\u00eda","article_publisher":"https:\/\/www.facebook.com\/cdeuniversidadalmeria\/","article_published_time":"2019-02-01T07:00:57+00:00","og_image":[{"width":1004,"height":852,"url":"https:\/\/www.cde.ual.es\/wp-content\/uploads\/2019\/01\/PERSONAL-DATA.png","type":"image\/png"}],"author":"BECACDE1","twitter_card":"summary_large_image","twitter_creator":"@cdeualmeria","twitter_site":"@cdeualmeria","twitter_misc":{"Written by":"BECACDE1","Est. reading time":"1 minute"},"schema":{"@context":"https:\/\/schema.org","@graph":[{"@type":"Article","@id":"https:\/\/www.cde.ual.es\/proteges-los-datos-personales-en-su-telefono-inteligente\/#article","isPartOf":{"@id":"https:\/\/www.cde.ual.es\/proteges-los-datos-personales-en-su-telefono-inteligente\/"},"author":{"name":"BECACDE1","@id":"https:\/\/www.cde.ual.es\/#\/schema\/person\/bf2f837cf3353e2161fe1087adbd728f"},"headline":"\u00bfProteges los datos personales en su tel\u00e9fono inteligente?","datePublished":"2019-02-01T07:00:57+00:00","mainEntityOfPage":{"@id":"https:\/\/www.cde.ual.es\/proteges-los-datos-personales-en-su-telefono-inteligente\/"},"wordCount":154,"commentCount":0,"publisher":{"@id":"https:\/\/www.cde.ual.es\/#organization"},"image":{"@id":"https:\/\/www.cde.ual.es\/proteges-los-datos-personales-en-su-telefono-inteligente\/#primaryimage"},"thumbnailUrl":"https:\/\/www.cde.ual.es\/wp-content\/uploads\/2019\/01\/PERSONAL-DATA.png","keywords":["cyber seguridad","Protecci\u00f3n de datos"],"articleSection":["Noticias UE"],"inLanguage":"en-US","potentialAction":[{"@type":"CommentAction","name":"Comment","target":["https:\/\/www.cde.ual.es\/proteges-los-datos-personales-en-su-telefono-inteligente\/#respond"]}]},{"@type":"WebPage","@id":"https:\/\/www.cde.ual.es\/proteges-los-datos-personales-en-su-telefono-inteligente\/","url":"https:\/\/www.cde.ual.es\/proteges-los-datos-personales-en-su-telefono-inteligente\/","name":"\u00bfProteges los datos personales en su tel\u00e9fono inteligente? | CDE Almer\u00eda - Centro de Documentaci\u00f3n Europea - Universidad de Almer\u00eda","isPartOf":{"@id":"https:\/\/www.cde.ual.es\/#website"},"primaryImageOfPage":{"@id":"https:\/\/www.cde.ual.es\/proteges-los-datos-personales-en-su-telefono-inteligente\/#primaryimage"},"image":{"@id":"https:\/\/www.cde.ual.es\/proteges-los-datos-personales-en-su-telefono-inteligente\/#primaryimage"},"thumbnailUrl":"https:\/\/www.cde.ual.es\/wp-content\/uploads\/2019\/01\/PERSONAL-DATA.png","datePublished":"2019-02-01T07:00:57+00:00","breadcrumb":{"@id":"https:\/\/www.cde.ual.es\/proteges-los-datos-personales-en-su-telefono-inteligente\/#breadcrumb"},"inLanguage":"en-US","potentialAction":[{"@type":"ReadAction","target":["https:\/\/www.cde.ual.es\/proteges-los-datos-personales-en-su-telefono-inteligente\/"]}]},{"@type":"ImageObject","inLanguage":"en-US","@id":"https:\/\/www.cde.ual.es\/proteges-los-datos-personales-en-su-telefono-inteligente\/#primaryimage","url":"https:\/\/www.cde.ual.es\/wp-content\/uploads\/2019\/01\/PERSONAL-DATA.png","contentUrl":"https:\/\/www.cde.ual.es\/wp-content\/uploads\/2019\/01\/PERSONAL-DATA.png","width":1004,"height":852},{"@type":"BreadcrumbList","@id":"https:\/\/www.cde.ual.es\/proteges-los-datos-personales-en-su-telefono-inteligente\/#breadcrumb","itemListElement":[{"@type":"ListItem","position":1,"name":"Inicio","item":"https:\/\/www.cde.ual.es\/en\/"},{"@type":"ListItem","position":2,"name":"Noticias UE","item":"https:\/\/www.cde.ual.es\/category\/noticias-ue\/"},{"@type":"ListItem","position":3,"name":"\u00bfProteges los datos personales en su tel\u00e9fono inteligente?"}]},{"@type":"WebSite","@id":"https:\/\/www.cde.ual.es\/#website","url":"https:\/\/www.cde.ual.es\/","name":"CDE Almer\u00eda - Centro de Documentaci\u00f3n Europea - Universidad de Almer\u00eda","description":"Centro de Documentaci\u00f3n Europea de la Universidad de Almer\u00eda","publisher":{"@id":"https:\/\/www.cde.ual.es\/#organization"},"alternateName":"CDE Almer\u00eda","potentialAction":[{"@type":"SearchAction","target":{"@type":"EntryPoint","urlTemplate":"https:\/\/www.cde.ual.es\/?s={search_term_string}"},"query-input":{"@type":"PropertyValueSpecification","valueRequired":true,"valueName":"search_term_string"}}],"inLanguage":"en-US"},{"@type":"Organization","@id":"https:\/\/www.cde.ual.es\/#organization","name":"Centro de Documentaci\u00f3n Europea de Almer\u00eda","url":"https:\/\/www.cde.ual.es\/","logo":{"@type":"ImageObject","inLanguage":"en-US","@id":"https:\/\/www.cde.ual.es\/#\/schema\/logo\/image\/","url":"https:\/\/www.cde.ual.es\/wp-content\/uploads\/2025\/07\/cde-logo-3.png","contentUrl":"https:\/\/www.cde.ual.es\/wp-content\/uploads\/2025\/07\/cde-logo-3.png","width":1400,"height":300,"caption":"Centro de Documentaci\u00f3n Europea de Almer\u00eda"},"image":{"@id":"https:\/\/www.cde.ual.es\/#\/schema\/logo\/image\/"},"sameAs":["https:\/\/www.facebook.com\/cdeuniversidadalmeria\/","https:\/\/x.com\/cdeualmeria","https:\/\/www.tiktok.com\/@cdealmeria","https:\/\/www.instagram.com\/cdealmeria\/","https:\/\/www.linkedin.com\/in\/cde-almera-812b26a9\/"]},{"@type":"Person","@id":"https:\/\/www.cde.ual.es\/#\/schema\/person\/bf2f837cf3353e2161fe1087adbd728f","name":"BECACDE1","image":{"@type":"ImageObject","inLanguage":"en-US","@id":"https:\/\/secure.gravatar.com\/avatar\/16a4c1e422b5dec818ee13eab3353b19db9cfd278cc10f9b0e1188a37671d9d4?s=96&d=mm&r=g","url":"https:\/\/secure.gravatar.com\/avatar\/16a4c1e422b5dec818ee13eab3353b19db9cfd278cc10f9b0e1188a37671d9d4?s=96&d=mm&r=g","contentUrl":"https:\/\/secure.gravatar.com\/avatar\/16a4c1e422b5dec818ee13eab3353b19db9cfd278cc10f9b0e1188a37671d9d4?s=96&d=mm&r=g","caption":"BECACDE1"},"sameAs":["http:\/\/www.cdealmeria.com"]}]}},"_links":{"self":[{"href":"https:\/\/www.cde.ual.es\/en\/wp-json\/wp\/v2\/posts\/12176","targetHints":{"allow":["GET"]}}],"collection":[{"href":"https:\/\/www.cde.ual.es\/en\/wp-json\/wp\/v2\/posts"}],"about":[{"href":"https:\/\/www.cde.ual.es\/en\/wp-json\/wp\/v2\/types\/post"}],"author":[{"embeddable":true,"href":"https:\/\/www.cde.ual.es\/en\/wp-json\/wp\/v2\/users\/101012"}],"replies":[{"embeddable":true,"href":"https:\/\/www.cde.ual.es\/en\/wp-json\/wp\/v2\/comments?post=12176"}],"version-history":[{"count":0,"href":"https:\/\/www.cde.ual.es\/en\/wp-json\/wp\/v2\/posts\/12176\/revisions"}],"wp:featuredmedia":[{"embeddable":true,"href":"https:\/\/www.cde.ual.es\/en\/wp-json\/wp\/v2\/media\/12177"}],"wp:attachment":[{"href":"https:\/\/www.cde.ual.es\/en\/wp-json\/wp\/v2\/media?parent=12176"}],"wp:term":[{"taxonomy":"category","embeddable":true,"href":"https:\/\/www.cde.ual.es\/en\/wp-json\/wp\/v2\/categories?post=12176"},{"taxonomy":"post_tag","embeddable":true,"href":"https:\/\/www.cde.ual.es\/en\/wp-json\/wp\/v2\/tags?post=12176"}],"curies":[{"name":"wp","href":"https:\/\/api.w.org\/{rel}","templated":true}]}}