{"id":12169,"date":"2019-01-29T08:00:51","date_gmt":"2019-01-29T07:00:51","guid":{"rendered":"http:\/\/www.cde.ual.es\/?p=12169"},"modified":"2019-01-28T10:04:31","modified_gmt":"2019-01-28T09:04:31","slug":"75-paises-inician-conversaciones-sobre-comercio-electronico-en-el-marco-de-la-omc","status":"publish","type":"post","link":"https:\/\/www.cde.ual.es\/en\/75-paises-inician-conversaciones-sobre-comercio-electronico-en-el-marco-de-la-omc\/","title":{"rendered":"75 pa\u00edses inician conversaciones sobre comercio electr\u00f3nico en el marco de la OMC"},"content":{"rendered":"\n<p><strong>En el Foro Econ\u00f3mico Mundial de Davos, 75 pa\u00edses \u2013la Uni\u00f3n Europea y otros 47 miembros de la Organizaci\u00f3n Mundial del Comercio (OMC)\u2013 han decidido recientemente entablar negociaciones para establecer normas mundiales en materia de comercio electr\u00f3nico.<\/strong><\/p>\n\n\n\n<div class=\"wp-block-image\"><figure class=\"aligncenter\"><img decoding=\"async\" width=\"600\" height=\"400\" src=\"http:\/\/www.cde.ual.es\/wp-content\/uploads\/2019\/01\/pexels-photo-1451448.jpeg\" alt=\"\" class=\"wp-image-12171\" srcset=\"https:\/\/www.cde.ual.es\/wp-content\/uploads\/2019\/01\/pexels-photo-1451448.jpeg 600w, https:\/\/www.cde.ual.es\/wp-content\/uploads\/2019\/01\/pexels-photo-1451448-300x200.jpeg 300w\" sizes=\"(max-width: 600px) 100vw, 600px\" \/><\/figure><\/div>\n\n\n\n<p>Cecilia Malmstr\u00f6m, comisaria de Comercio, ha declarado: <em>\u00abEs alentador ver la adhesi\u00f3n de tantos socios a esta importante iniciativa comercial. El comercio electr\u00f3nico es una realidad en casi todos los rincones del mundo, por lo que tenemos la obligaci\u00f3n de proporcionar a nuestros ciudadanos y a nuestras empresas un entorno en l\u00ednea previsible, eficaz y seguro para el comercio. Esperamos poder trabajar con todos los miembros de la OMC interesados, de forma flexible y pragm\u00e1tica, a fin de establecer un conjunto de normas verdaderamente exhaustivo y ambicioso\u00bb.<\/em><\/p>\n\n\n\n<p>En las dos \u00faltimas d\u00e9cadas se ha registrado un crecimiento exponencial del comercio electr\u00f3nico nacional y transfronterizo. A pesar de este r\u00e1pido aumento de las transacciones electr\u00f3nicas, no existen normas multilaterales espec\u00edficas en la OMC que regulen este tipo de comercio. Las empresas y los consumidores deben basarse en un conjunto poco uniforme de normas acordadas por algunos pa\u00edses en sus acuerdos comerciales bilaterales o regionales.<\/p>\n\n\n\n<p>Las normas de la OMC sobre comercio electr\u00f3nico pretenden aumentar las oportunidades y responder a los desaf\u00edos del comercio electr\u00f3nico, tanto en los pa\u00edses desarrollados como en los pa\u00edses en desarrollo. Las negociaciones deben desembocar en un marco jur\u00eddico multilateral que genere entre los consumidores y las empresas, especialmente las m\u00e1s peque\u00f1as, la confianza necesaria para comprar, vender y hacer negocios en l\u00ednea con mayor seguridad. Las nuevas normas podr\u00edan, por ejemplo:<\/p>\n\n\n\n<ul class=\"wp-block-list\"><li>mejorar la confianza de los consumidores en el entorno en l\u00ednea y luchar contra el correo no deseado (spam);<\/li><li> eliminar los obst\u00e1culos que impiden las ventas transfronterizas;<\/li><li> garantizar la validez de los contratos electr\u00f3nicos y las firmas electr\u00f3nicas;<\/li><li> suprimir definitivamente los derechos de aduana sobre las transmisiones electr\u00f3nicas;<\/li><li> abordar los requisitos relativos a la localizaci\u00f3n obligatoria de datos y la divulgaci\u00f3n obligatoria del c\u00f3digo fuente.<\/li><\/ul>\n\n\n\n<p>El inicio de estas negociaciones pone de manifiesto que la OMC permanece en el centro del proceso de elaboraci\u00f3n de normas internacionales y que sigue siendo una plataforma en la que grupos de pa\u00edses interesados acuerdan trabajar juntos para desarrollar nuevas normas de forma abierta e inclusiva. El proceso de negociaci\u00f3n, cuyo inicio est\u00e1 previsto para marzo de 2019, est\u00e1 abierto a otros miembros de la OMC interesados en participar.<\/p>\n\n\n\n<h4 class=\"wp-block-heading\">M\u00e1s informaci\u00f3n<\/h4>\n\n\n\n<p>Accede a la noticia completa <a href=\"http:\/\/europa.eu\/rapid\/press-release_IP-19-684_es.htm\">aqu\u00ed<\/a><\/p>\n\n\n","protected":false},"excerpt":{"rendered":"<p>En el Foro Econ\u00f3mico Mundial de Davos, 75 pa\u00edses \u2013la Uni\u00f3n Europea y otros 47 miembros de la Organizaci\u00f3n Mundial del Comercio (OMC)\u2013 han decidido recientemente entablar negociaciones para establecer normas mundiales en materia de comercio electr\u00f3nico. Cecilia Malmstr\u00f6m, comisaria de Comercio, ha declarado: \u00abEs alentador ver la adhesi\u00f3n de tantos socios a esta importante [&hellip;]<\/p>\n","protected":false},"author":101011,"featured_media":12171,"comment_status":"open","ping_status":"open","sticky":false,"template":"","format":"standard","meta":{"_acf_changed":false,"_relevanssi_hide_post":"","_relevanssi_hide_content":"","_relevanssi_pin_for_all":"","_relevanssi_pin_keywords":"","_relevanssi_unpin_keywords":"","_relevanssi_related_keywords":"","_relevanssi_related_include_ids":"","_relevanssi_related_exclude_ids":"","_relevanssi_related_no_append":"","_relevanssi_related_not_related":"","_relevanssi_related_posts":"","_relevanssi_noindex_reason":"","_monsterinsights_skip_tracking":false,"_monsterinsights_sitenote_active":false,"_monsterinsights_sitenote_note":"","_monsterinsights_sitenote_category":0,"_genesis_hide_title":false,"_genesis_hide_breadcrumbs":false,"_genesis_hide_singular_image":false,"_genesis_hide_footer_widgets":false,"_genesis_custom_body_class":"","_genesis_custom_post_class":"","_genesis_layout":"","footnotes":""},"categories":[119,96],"tags":[178,155,163],"class_list":{"0":"post-12169","1":"post","2":"type-post","3":"status-publish","4":"format-standard","5":"has-post-thumbnail","7":"category-mediateca-mercado-union-europea","8":"category-noticias-ue","9":"tag-acuerdos-comerciales","10":"tag-comercio","11":"tag-intercambios-economicos-y-comerciales","12":"entry"},"acf":[],"yoast_head":"<!-- This site is optimized with the Yoast SEO plugin v27.5 - https:\/\/yoast.com\/product\/yoast-seo-wordpress\/ -->\n<title>75 pa\u00edses inician conversaciones sobre comercio electr\u00f3nico en el marco de la OMC | CDE Almer\u00eda - Centro de Documentaci\u00f3n Europea - Universidad de Almer\u00eda<\/title>\n<meta name=\"robots\" content=\"index, follow, max-snippet:-1, max-image-preview:large, max-video-preview:-1\" \/>\n<link rel=\"canonical\" href=\"https:\/\/www.cde.ual.es\/en\/75-paises-inician-conversaciones-sobre-comercio-electronico-en-el-marco-de-la-omc\/\" \/>\n<meta property=\"og:locale\" content=\"en_US\" \/>\n<meta property=\"og:type\" content=\"article\" \/>\n<meta property=\"og:title\" content=\"75 pa\u00edses inician conversaciones sobre comercio electr\u00f3nico en el marco de la OMC | CDE Almer\u00eda - Centro de Documentaci\u00f3n Europea - Universidad de Almer\u00eda\" \/>\n<meta property=\"og:description\" content=\"En el Foro Econ\u00f3mico Mundial de Davos, 75 pa\u00edses \u2013la Uni\u00f3n Europea y otros 47 miembros de la Organizaci\u00f3n Mundial del Comercio (OMC)\u2013 han decidido recientemente entablar negociaciones para establecer normas mundiales en materia de comercio electr\u00f3nico. Cecilia Malmstr\u00f6m, comisaria de Comercio, ha declarado: \u00abEs alentador ver la adhesi\u00f3n de tantos socios a esta importante [&hellip;]\" \/>\n<meta property=\"og:url\" content=\"https:\/\/www.cde.ual.es\/en\/75-paises-inician-conversaciones-sobre-comercio-electronico-en-el-marco-de-la-omc\/\" \/>\n<meta property=\"og:site_name\" content=\"CDE Almer\u00eda - Centro de Documentaci\u00f3n Europea - Universidad de Almer\u00eda\" \/>\n<meta property=\"article:publisher\" content=\"https:\/\/www.facebook.com\/cdeuniversidadalmeria\/\" \/>\n<meta property=\"article:published_time\" content=\"2019-01-29T07:00:51+00:00\" \/>\n<meta property=\"og:image\" content=\"https:\/\/www.cde.ual.es\/wp-content\/uploads\/2019\/01\/pexels-photo-1451448.jpeg\" \/>\n\t<meta property=\"og:image:width\" content=\"600\" \/>\n\t<meta property=\"og:image:height\" content=\"400\" \/>\n\t<meta property=\"og:image:type\" content=\"image\/jpeg\" \/>\n<meta name=\"author\" content=\"BECA 2 CDE\" \/>\n<meta name=\"twitter:card\" content=\"summary_large_image\" \/>\n<meta name=\"twitter:creator\" content=\"@cdeualmeria\" \/>\n<meta name=\"twitter:site\" content=\"@cdeualmeria\" \/>\n<meta name=\"twitter:label1\" content=\"Written by\" \/>\n\t<meta name=\"twitter:data1\" content=\"BECA 2 CDE\" \/>\n\t<meta name=\"twitter:label2\" content=\"Est. reading time\" \/>\n\t<meta name=\"twitter:data2\" content=\"2 minutes\" \/>\n<script type=\"application\/ld+json\" class=\"yoast-schema-graph\">{\"@context\":\"https:\\\/\\\/schema.org\",\"@graph\":[{\"@type\":\"Article\",\"@id\":\"https:\\\/\\\/www.cde.ual.es\\\/en\\\/75-paises-inician-conversaciones-sobre-comercio-electronico-en-el-marco-de-la-omc\\\/#article\",\"isPartOf\":{\"@id\":\"https:\\\/\\\/www.cde.ual.es\\\/en\\\/75-paises-inician-conversaciones-sobre-comercio-electronico-en-el-marco-de-la-omc\\\/\"},\"author\":{\"name\":\"BECA 2 CDE\",\"@id\":\"https:\\\/\\\/www.cde.ual.es\\\/#\\\/schema\\\/person\\\/ee46ebc19edfa19598c02cff83335acc\"},\"headline\":\"75 pa\u00edses inician conversaciones sobre comercio electr\u00f3nico en el marco de la OMC\",\"datePublished\":\"2019-01-29T07:00:51+00:00\",\"mainEntityOfPage\":{\"@id\":\"https:\\\/\\\/www.cde.ual.es\\\/en\\\/75-paises-inician-conversaciones-sobre-comercio-electronico-en-el-marco-de-la-omc\\\/\"},\"wordCount\":456,\"commentCount\":0,\"publisher\":{\"@id\":\"https:\\\/\\\/www.cde.ual.es\\\/#organization\"},\"image\":{\"@id\":\"https:\\\/\\\/www.cde.ual.es\\\/en\\\/75-paises-inician-conversaciones-sobre-comercio-electronico-en-el-marco-de-la-omc\\\/#primaryimage\"},\"thumbnailUrl\":\"https:\\\/\\\/www.cde.ual.es\\\/wp-content\\\/uploads\\\/2019\\\/01\\\/pexels-photo-1451448.jpeg\",\"keywords\":[\"Acuerdos comerciales\",\"Comercio\",\"Intercambios econ\u00f3micos y comerciales\"],\"articleSection\":[\"Mediateca - Mercado en la Uni\u00f3n Europea\",\"Noticias UE\"],\"inLanguage\":\"en-US\",\"potentialAction\":[{\"@type\":\"CommentAction\",\"name\":\"Comment\",\"target\":[\"https:\\\/\\\/www.cde.ual.es\\\/en\\\/75-paises-inician-conversaciones-sobre-comercio-electronico-en-el-marco-de-la-omc\\\/#respond\"]}]},{\"@type\":\"WebPage\",\"@id\":\"https:\\\/\\\/www.cde.ual.es\\\/en\\\/75-paises-inician-conversaciones-sobre-comercio-electronico-en-el-marco-de-la-omc\\\/\",\"url\":\"https:\\\/\\\/www.cde.ual.es\\\/en\\\/75-paises-inician-conversaciones-sobre-comercio-electronico-en-el-marco-de-la-omc\\\/\",\"name\":\"75 pa\u00edses inician conversaciones sobre comercio electr\u00f3nico en el marco de la OMC | CDE Almer\u00eda - Centro de Documentaci\u00f3n Europea - Universidad de Almer\u00eda\",\"isPartOf\":{\"@id\":\"https:\\\/\\\/www.cde.ual.es\\\/#website\"},\"primaryImageOfPage\":{\"@id\":\"https:\\\/\\\/www.cde.ual.es\\\/en\\\/75-paises-inician-conversaciones-sobre-comercio-electronico-en-el-marco-de-la-omc\\\/#primaryimage\"},\"image\":{\"@id\":\"https:\\\/\\\/www.cde.ual.es\\\/en\\\/75-paises-inician-conversaciones-sobre-comercio-electronico-en-el-marco-de-la-omc\\\/#primaryimage\"},\"thumbnailUrl\":\"https:\\\/\\\/www.cde.ual.es\\\/wp-content\\\/uploads\\\/2019\\\/01\\\/pexels-photo-1451448.jpeg\",\"datePublished\":\"2019-01-29T07:00:51+00:00\",\"breadcrumb\":{\"@id\":\"https:\\\/\\\/www.cde.ual.es\\\/en\\\/75-paises-inician-conversaciones-sobre-comercio-electronico-en-el-marco-de-la-omc\\\/#breadcrumb\"},\"inLanguage\":\"en-US\",\"potentialAction\":[{\"@type\":\"ReadAction\",\"target\":[\"https:\\\/\\\/www.cde.ual.es\\\/en\\\/75-paises-inician-conversaciones-sobre-comercio-electronico-en-el-marco-de-la-omc\\\/\"]}]},{\"@type\":\"ImageObject\",\"inLanguage\":\"en-US\",\"@id\":\"https:\\\/\\\/www.cde.ual.es\\\/en\\\/75-paises-inician-conversaciones-sobre-comercio-electronico-en-el-marco-de-la-omc\\\/#primaryimage\",\"url\":\"https:\\\/\\\/www.cde.ual.es\\\/wp-content\\\/uploads\\\/2019\\\/01\\\/pexels-photo-1451448.jpeg\",\"contentUrl\":\"https:\\\/\\\/www.cde.ual.es\\\/wp-content\\\/uploads\\\/2019\\\/01\\\/pexels-photo-1451448.jpeg\",\"width\":600,\"height\":400},{\"@type\":\"BreadcrumbList\",\"@id\":\"https:\\\/\\\/www.cde.ual.es\\\/en\\\/75-paises-inician-conversaciones-sobre-comercio-electronico-en-el-marco-de-la-omc\\\/#breadcrumb\",\"itemListElement\":[{\"@type\":\"ListItem\",\"position\":1,\"name\":\"Inicio\",\"item\":\"https:\\\/\\\/www.cde.ual.es\\\/en\\\/\"},{\"@type\":\"ListItem\",\"position\":2,\"name\":\"Media Collection Catalogue\",\"item\":\"https:\\\/\\\/www.cde.ual.es\\\/en\\\/category\\\/media-collection-catalogue\\\/\"},{\"@type\":\"ListItem\",\"position\":3,\"name\":\"Media Collection - Single Market\",\"item\":\"https:\\\/\\\/www.cde.ual.es\\\/en\\\/category\\\/media-collection-catalogue\\\/media-collection-single-market\\\/\"},{\"@type\":\"ListItem\",\"position\":4,\"name\":\"75 pa\u00edses inician conversaciones sobre comercio electr\u00f3nico en el marco de la OMC\"}]},{\"@type\":\"WebSite\",\"@id\":\"https:\\\/\\\/www.cde.ual.es\\\/#website\",\"url\":\"https:\\\/\\\/www.cde.ual.es\\\/\",\"name\":\"CDE Almer\u00eda - Centro de Documentaci\u00f3n Europea - Universidad de Almer\u00eda\",\"description\":\"Centro de Documentaci\u00f3n Europea de la Universidad de Almer\u00eda\",\"publisher\":{\"@id\":\"https:\\\/\\\/www.cde.ual.es\\\/#organization\"},\"alternateName\":\"CDE Almer\u00eda\",\"potentialAction\":[{\"@type\":\"SearchAction\",\"target\":{\"@type\":\"EntryPoint\",\"urlTemplate\":\"https:\\\/\\\/www.cde.ual.es\\\/?s={search_term_string}\"},\"query-input\":{\"@type\":\"PropertyValueSpecification\",\"valueRequired\":true,\"valueName\":\"search_term_string\"}}],\"inLanguage\":\"en-US\"},{\"@type\":\"Organization\",\"@id\":\"https:\\\/\\\/www.cde.ual.es\\\/#organization\",\"name\":\"Centro de Documentaci\u00f3n Europea de Almer\u00eda\",\"url\":\"https:\\\/\\\/www.cde.ual.es\\\/\",\"logo\":{\"@type\":\"ImageObject\",\"inLanguage\":\"en-US\",\"@id\":\"https:\\\/\\\/www.cde.ual.es\\\/#\\\/schema\\\/logo\\\/image\\\/\",\"url\":\"https:\\\/\\\/www.cde.ual.es\\\/wp-content\\\/uploads\\\/2025\\\/07\\\/cde-logo-3.png\",\"contentUrl\":\"https:\\\/\\\/www.cde.ual.es\\\/wp-content\\\/uploads\\\/2025\\\/07\\\/cde-logo-3.png\",\"width\":1400,\"height\":300,\"caption\":\"Centro de Documentaci\u00f3n Europea de Almer\u00eda\"},\"image\":{\"@id\":\"https:\\\/\\\/www.cde.ual.es\\\/#\\\/schema\\\/logo\\\/image\\\/\"},\"sameAs\":[\"https:\\\/\\\/www.facebook.com\\\/cdeuniversidadalmeria\\\/\",\"https:\\\/\\\/x.com\\\/cdeualmeria\",\"https:\\\/\\\/www.tiktok.com\\\/@cdealmeria\",\"https:\\\/\\\/www.instagram.com\\\/cdealmeria\\\/\",\"https:\\\/\\\/www.linkedin.com\\\/in\\\/cde-almera-812b26a9\\\/\"]},{\"@type\":\"Person\",\"@id\":\"https:\\\/\\\/www.cde.ual.es\\\/#\\\/schema\\\/person\\\/ee46ebc19edfa19598c02cff83335acc\",\"name\":\"BECA 2 CDE\",\"image\":{\"@type\":\"ImageObject\",\"inLanguage\":\"en-US\",\"@id\":\"https:\\\/\\\/secure.gravatar.com\\\/avatar\\\/35a481bbc04bbd90e91bdfa3b0b5541036c222a49b9ad37b6889a2afcb5311a5?s=96&d=mm&r=g\",\"url\":\"https:\\\/\\\/secure.gravatar.com\\\/avatar\\\/35a481bbc04bbd90e91bdfa3b0b5541036c222a49b9ad37b6889a2afcb5311a5?s=96&d=mm&r=g\",\"contentUrl\":\"https:\\\/\\\/secure.gravatar.com\\\/avatar\\\/35a481bbc04bbd90e91bdfa3b0b5541036c222a49b9ad37b6889a2afcb5311a5?s=96&d=mm&r=g\",\"caption\":\"BECA 2 CDE\"},\"sameAs\":[\"http:\\\/\\\/www.cdealmeria.com\"]}]}<\/script>\n<!-- \/ Yoast SEO plugin. -->","yoast_head_json":{"title":"75 pa\u00edses inician conversaciones sobre comercio electr\u00f3nico en el marco de la OMC | CDE Almer\u00eda - Centro de Documentaci\u00f3n Europea - Universidad de Almer\u00eda","robots":{"index":"index","follow":"follow","max-snippet":"max-snippet:-1","max-image-preview":"max-image-preview:large","max-video-preview":"max-video-preview:-1"},"canonical":"https:\/\/www.cde.ual.es\/en\/75-paises-inician-conversaciones-sobre-comercio-electronico-en-el-marco-de-la-omc\/","og_locale":"en_US","og_type":"article","og_title":"75 pa\u00edses inician conversaciones sobre comercio electr\u00f3nico en el marco de la OMC | CDE Almer\u00eda - Centro de Documentaci\u00f3n Europea - Universidad de Almer\u00eda","og_description":"En el Foro Econ\u00f3mico Mundial de Davos, 75 pa\u00edses \u2013la Uni\u00f3n Europea y otros 47 miembros de la Organizaci\u00f3n Mundial del Comercio (OMC)\u2013 han decidido recientemente entablar negociaciones para establecer normas mundiales en materia de comercio electr\u00f3nico. Cecilia Malmstr\u00f6m, comisaria de Comercio, ha declarado: \u00abEs alentador ver la adhesi\u00f3n de tantos socios a esta importante [&hellip;]","og_url":"https:\/\/www.cde.ual.es\/en\/75-paises-inician-conversaciones-sobre-comercio-electronico-en-el-marco-de-la-omc\/","og_site_name":"CDE Almer\u00eda - Centro de Documentaci\u00f3n Europea - Universidad de Almer\u00eda","article_publisher":"https:\/\/www.facebook.com\/cdeuniversidadalmeria\/","article_published_time":"2019-01-29T07:00:51+00:00","og_image":[{"width":600,"height":400,"url":"https:\/\/www.cde.ual.es\/wp-content\/uploads\/2019\/01\/pexels-photo-1451448.jpeg","type":"image\/jpeg"}],"author":"BECA 2 CDE","twitter_card":"summary_large_image","twitter_creator":"@cdeualmeria","twitter_site":"@cdeualmeria","twitter_misc":{"Written by":"BECA 2 CDE","Est. reading time":"2 minutes"},"schema":{"@context":"https:\/\/schema.org","@graph":[{"@type":"Article","@id":"https:\/\/www.cde.ual.es\/en\/75-paises-inician-conversaciones-sobre-comercio-electronico-en-el-marco-de-la-omc\/#article","isPartOf":{"@id":"https:\/\/www.cde.ual.es\/en\/75-paises-inician-conversaciones-sobre-comercio-electronico-en-el-marco-de-la-omc\/"},"author":{"name":"BECA 2 CDE","@id":"https:\/\/www.cde.ual.es\/#\/schema\/person\/ee46ebc19edfa19598c02cff83335acc"},"headline":"75 pa\u00edses inician conversaciones sobre comercio electr\u00f3nico en el marco de la OMC","datePublished":"2019-01-29T07:00:51+00:00","mainEntityOfPage":{"@id":"https:\/\/www.cde.ual.es\/en\/75-paises-inician-conversaciones-sobre-comercio-electronico-en-el-marco-de-la-omc\/"},"wordCount":456,"commentCount":0,"publisher":{"@id":"https:\/\/www.cde.ual.es\/#organization"},"image":{"@id":"https:\/\/www.cde.ual.es\/en\/75-paises-inician-conversaciones-sobre-comercio-electronico-en-el-marco-de-la-omc\/#primaryimage"},"thumbnailUrl":"https:\/\/www.cde.ual.es\/wp-content\/uploads\/2019\/01\/pexels-photo-1451448.jpeg","keywords":["Acuerdos comerciales","Comercio","Intercambios econ\u00f3micos y comerciales"],"articleSection":["Mediateca - Mercado en la Uni\u00f3n Europea","Noticias UE"],"inLanguage":"en-US","potentialAction":[{"@type":"CommentAction","name":"Comment","target":["https:\/\/www.cde.ual.es\/en\/75-paises-inician-conversaciones-sobre-comercio-electronico-en-el-marco-de-la-omc\/#respond"]}]},{"@type":"WebPage","@id":"https:\/\/www.cde.ual.es\/en\/75-paises-inician-conversaciones-sobre-comercio-electronico-en-el-marco-de-la-omc\/","url":"https:\/\/www.cde.ual.es\/en\/75-paises-inician-conversaciones-sobre-comercio-electronico-en-el-marco-de-la-omc\/","name":"75 pa\u00edses inician conversaciones sobre comercio electr\u00f3nico en el marco de la OMC | CDE Almer\u00eda - Centro de Documentaci\u00f3n Europea - Universidad de Almer\u00eda","isPartOf":{"@id":"https:\/\/www.cde.ual.es\/#website"},"primaryImageOfPage":{"@id":"https:\/\/www.cde.ual.es\/en\/75-paises-inician-conversaciones-sobre-comercio-electronico-en-el-marco-de-la-omc\/#primaryimage"},"image":{"@id":"https:\/\/www.cde.ual.es\/en\/75-paises-inician-conversaciones-sobre-comercio-electronico-en-el-marco-de-la-omc\/#primaryimage"},"thumbnailUrl":"https:\/\/www.cde.ual.es\/wp-content\/uploads\/2019\/01\/pexels-photo-1451448.jpeg","datePublished":"2019-01-29T07:00:51+00:00","breadcrumb":{"@id":"https:\/\/www.cde.ual.es\/en\/75-paises-inician-conversaciones-sobre-comercio-electronico-en-el-marco-de-la-omc\/#breadcrumb"},"inLanguage":"en-US","potentialAction":[{"@type":"ReadAction","target":["https:\/\/www.cde.ual.es\/en\/75-paises-inician-conversaciones-sobre-comercio-electronico-en-el-marco-de-la-omc\/"]}]},{"@type":"ImageObject","inLanguage":"en-US","@id":"https:\/\/www.cde.ual.es\/en\/75-paises-inician-conversaciones-sobre-comercio-electronico-en-el-marco-de-la-omc\/#primaryimage","url":"https:\/\/www.cde.ual.es\/wp-content\/uploads\/2019\/01\/pexels-photo-1451448.jpeg","contentUrl":"https:\/\/www.cde.ual.es\/wp-content\/uploads\/2019\/01\/pexels-photo-1451448.jpeg","width":600,"height":400},{"@type":"BreadcrumbList","@id":"https:\/\/www.cde.ual.es\/en\/75-paises-inician-conversaciones-sobre-comercio-electronico-en-el-marco-de-la-omc\/#breadcrumb","itemListElement":[{"@type":"ListItem","position":1,"name":"Inicio","item":"https:\/\/www.cde.ual.es\/en\/"},{"@type":"ListItem","position":2,"name":"Media Collection Catalogue","item":"https:\/\/www.cde.ual.es\/en\/category\/media-collection-catalogue\/"},{"@type":"ListItem","position":3,"name":"Media Collection - Single Market","item":"https:\/\/www.cde.ual.es\/en\/category\/media-collection-catalogue\/media-collection-single-market\/"},{"@type":"ListItem","position":4,"name":"75 pa\u00edses inician conversaciones sobre comercio electr\u00f3nico en el marco de la OMC"}]},{"@type":"WebSite","@id":"https:\/\/www.cde.ual.es\/#website","url":"https:\/\/www.cde.ual.es\/","name":"CDE Almer\u00eda - Centro de Documentaci\u00f3n Europea - Universidad de Almer\u00eda","description":"Centro de Documentaci\u00f3n Europea de la Universidad de Almer\u00eda","publisher":{"@id":"https:\/\/www.cde.ual.es\/#organization"},"alternateName":"CDE Almer\u00eda","potentialAction":[{"@type":"SearchAction","target":{"@type":"EntryPoint","urlTemplate":"https:\/\/www.cde.ual.es\/?s={search_term_string}"},"query-input":{"@type":"PropertyValueSpecification","valueRequired":true,"valueName":"search_term_string"}}],"inLanguage":"en-US"},{"@type":"Organization","@id":"https:\/\/www.cde.ual.es\/#organization","name":"Centro de Documentaci\u00f3n Europea de Almer\u00eda","url":"https:\/\/www.cde.ual.es\/","logo":{"@type":"ImageObject","inLanguage":"en-US","@id":"https:\/\/www.cde.ual.es\/#\/schema\/logo\/image\/","url":"https:\/\/www.cde.ual.es\/wp-content\/uploads\/2025\/07\/cde-logo-3.png","contentUrl":"https:\/\/www.cde.ual.es\/wp-content\/uploads\/2025\/07\/cde-logo-3.png","width":1400,"height":300,"caption":"Centro de Documentaci\u00f3n Europea de Almer\u00eda"},"image":{"@id":"https:\/\/www.cde.ual.es\/#\/schema\/logo\/image\/"},"sameAs":["https:\/\/www.facebook.com\/cdeuniversidadalmeria\/","https:\/\/x.com\/cdeualmeria","https:\/\/www.tiktok.com\/@cdealmeria","https:\/\/www.instagram.com\/cdealmeria\/","https:\/\/www.linkedin.com\/in\/cde-almera-812b26a9\/"]},{"@type":"Person","@id":"https:\/\/www.cde.ual.es\/#\/schema\/person\/ee46ebc19edfa19598c02cff83335acc","name":"BECA 2 CDE","image":{"@type":"ImageObject","inLanguage":"en-US","@id":"https:\/\/secure.gravatar.com\/avatar\/35a481bbc04bbd90e91bdfa3b0b5541036c222a49b9ad37b6889a2afcb5311a5?s=96&d=mm&r=g","url":"https:\/\/secure.gravatar.com\/avatar\/35a481bbc04bbd90e91bdfa3b0b5541036c222a49b9ad37b6889a2afcb5311a5?s=96&d=mm&r=g","contentUrl":"https:\/\/secure.gravatar.com\/avatar\/35a481bbc04bbd90e91bdfa3b0b5541036c222a49b9ad37b6889a2afcb5311a5?s=96&d=mm&r=g","caption":"BECA 2 CDE"},"sameAs":["http:\/\/www.cdealmeria.com"]}]}},"_links":{"self":[{"href":"https:\/\/www.cde.ual.es\/en\/wp-json\/wp\/v2\/posts\/12169","targetHints":{"allow":["GET"]}}],"collection":[{"href":"https:\/\/www.cde.ual.es\/en\/wp-json\/wp\/v2\/posts"}],"about":[{"href":"https:\/\/www.cde.ual.es\/en\/wp-json\/wp\/v2\/types\/post"}],"author":[{"embeddable":true,"href":"https:\/\/www.cde.ual.es\/en\/wp-json\/wp\/v2\/users\/101011"}],"replies":[{"embeddable":true,"href":"https:\/\/www.cde.ual.es\/en\/wp-json\/wp\/v2\/comments?post=12169"}],"version-history":[{"count":0,"href":"https:\/\/www.cde.ual.es\/en\/wp-json\/wp\/v2\/posts\/12169\/revisions"}],"wp:featuredmedia":[{"embeddable":true,"href":"https:\/\/www.cde.ual.es\/en\/wp-json\/wp\/v2\/media\/12171"}],"wp:attachment":[{"href":"https:\/\/www.cde.ual.es\/en\/wp-json\/wp\/v2\/media?parent=12169"}],"wp:term":[{"taxonomy":"category","embeddable":true,"href":"https:\/\/www.cde.ual.es\/en\/wp-json\/wp\/v2\/categories?post=12169"},{"taxonomy":"post_tag","embeddable":true,"href":"https:\/\/www.cde.ual.es\/en\/wp-json\/wp\/v2\/tags?post=12169"}],"curies":[{"name":"wp","href":"https:\/\/api.w.org\/{rel}","templated":true}]}}