{"id":121544,"date":"2022-11-02T13:44:46","date_gmt":"2022-11-02T12:44:46","guid":{"rendered":"https:\/\/www.cde.ual.es\/?p=121544"},"modified":"2022-11-02T13:44:46","modified_gmt":"2022-11-02T12:44:46","slug":"eu-celac-ministerial-meeting-27-october-2022","status":"publish","type":"post","link":"https:\/\/www.cde.ual.es\/en\/eu-celac-ministerial-meeting-27-october-2022\/","title":{"rendered":"EU &#8211; CELAC Ministerial meeting, 27 October 2022"},"content":{"rendered":"<p>Ministers of foreign affairs from the EU and the Community of Latin American and Caribbean States (CELAC) met for the third time on 27 October 2022 in Buenos Aires, holding discussion around the theme &#8220;<strong>Renewing the bi-regional partnership to strengthen peace and sustainable development<\/strong>&#8220;.<\/p>\n<figure id=\"attachment_121540\" aria-describedby=\"caption-attachment-121540\" style=\"width: 1024px\" class=\"wp-caption aligncenter\"><a href=\"https:\/\/www.cde.ual.es\/wp-content\/uploads\/2022\/11\/CELAC-scaled.jpg\"><img decoding=\"async\" class=\"size-large wp-image-121540\" src=\"https:\/\/www.cde.ual.es\/wp-content\/uploads\/2022\/11\/CELAC-1024x683.jpg\" alt=\"Reuni\u00f3n CELAC\" width=\"1024\" height=\"683\" srcset=\"https:\/\/www.cde.ual.es\/wp-content\/uploads\/2022\/11\/CELAC-1024x683.jpg 1024w, https:\/\/www.cde.ual.es\/wp-content\/uploads\/2022\/11\/CELAC-300x200.jpg 300w, https:\/\/www.cde.ual.es\/wp-content\/uploads\/2022\/11\/CELAC-768x512.jpg 768w, https:\/\/www.cde.ual.es\/wp-content\/uploads\/2022\/11\/CELAC-1536x1024.jpg 1536w, https:\/\/www.cde.ual.es\/wp-content\/uploads\/2022\/11\/CELAC-2048x1365.jpg 2048w\" sizes=\"(max-width: 1024px) 100vw, 1024px\" \/><\/a><figcaption id=\"caption-attachment-121540\" class=\"wp-caption-text\">Josep Borrell Fontelles, High Representative of the Union for Foreign Affairs and Security Policy and Vice-President of the European Commission during the opening of the Ministerial CELAC &#8211; UE Meeting; with President of Argentina, Alberto Fernandez, and the Minister for Foreign Affairs, Santiago Cafiero. At the CCK (Kirchner Cultural Center) (Buenos Aires, October 27, 2022. ERIKA VILLANO)<\/figcaption><\/figure>\n<p>The meeting was chaired by\u00a0<strong>Argentina&#8217;s Minister of Foreign Affairs<\/strong>, Santiago Andres Cafiero, as pro tempore President of CELAC, and the\u00a0<strong>EU High Representative for Foreign Affairs and Security Policy<\/strong>, Josep Borrell. \u00a0The meeting was the first formal EU-CELAC Ministerial since July 2018, and marked the resumption of a bi-regional dialogue based on a forward-looking, substantive and positive agenda.<\/p>\n<table style=\"width: 99.9988%; border-collapse: collapse; border-style: double; border-color: #001f7d;\" cellpadding=\"0,5\">\n<tbody>\n<tr>\n<td style=\"width: 100%;\"><a href=\"https:\/\/www.cde.ual.es\/nuevo-programa-de-la-union-europea-para-empresas-de-latinoamerica-al-invest-verde\/\" target=\"_blank\" rel=\"noopener\"><img decoding=\"async\" class=\"alignleft\" src=\"https:\/\/www.cde.ual.es\/wp-content\/uploads\/2022\/04\/student-849826_1920.jpg\" alt=\"\" width=\"201\" height=\"134\" \/><\/a><\/p>\n<h4 class=\"entry-title\"><a href=\"https:\/\/www.cde.ual.es\/nuevo-programa-de-la-union-europea-para-empresas-de-latinoamerica-al-invest-verde\/\" target=\"_blank\" rel=\"noopener\">Nuevo programa de la Uni\u00f3n Europea para empresas de Latinoam\u00e9rica: AL-INVEST Verde<br \/>\n<\/a><\/h4>\n<\/td>\n<\/tr>\n<\/tbody>\n<\/table>\n<p>Under the general theme &#8220;Renewing the bi-regional association to strengthen peace and sustainable development&#8221;, ministers discussed three subject areas:<\/p>\n<ul>\n<li>inclusive, equitable and sustainable post-pandemic economic recovery,<\/li>\n<li>innovation, fight against climate change, disaster risk management and digital agenda,<\/li>\n<li>multilateralism, cooperation in the field of security and governance, and promotion and protection of human rights.<\/li>\n<\/ul>\n<p><strong>More information<\/strong><\/p>\n<p><a href=\"https:\/\/www.consilium.europa.eu\/es\/meetings\/international-ministerial-meetings\/2022\/10\/27\/\" target=\"_blank\" rel=\"noopener\">European Council &#8211; Press release<\/a><\/p>\n<p><a href=\"https:\/\/www.consilium.europa.eu\/media\/59827\/celac-eu-fmm-joint-communique.pdf\" target=\"_blank\" rel=\"noopener\">Co-Chairs&#8217; Communiqu\u00e9<\/a><\/p>\n","protected":false},"excerpt":{"rendered":"<p>Ministers of foreign affairs from the EU and the Community of Latin American and Caribbean States (CELAC) met for the third time on 27 October 2022 in Buenos Aires, holding discussion around the theme &#8220;Renewing the bi-regional partnership to strengthen peace and sustainable development&#8220;. The meeting was chaired by\u00a0Argentina&#8217;s Minister of Foreign Affairs, Santiago Andres [&hellip;]<\/p>\n","protected":false},"author":1,"featured_media":121540,"comment_status":"open","ping_status":"open","sticky":false,"template":"","format":"standard","meta":{"_acf_changed":false,"_relevanssi_hide_post":"","_relevanssi_hide_content":"","_relevanssi_pin_for_all":"","_relevanssi_pin_keywords":"","_relevanssi_unpin_keywords":"","_relevanssi_related_keywords":"","_relevanssi_related_include_ids":"","_relevanssi_related_exclude_ids":"","_relevanssi_related_no_append":"","_relevanssi_related_not_related":"","_relevanssi_related_posts":"","_relevanssi_noindex_reason":"","_monsterinsights_skip_tracking":false,"_monsterinsights_sitenote_active":false,"_monsterinsights_sitenote_note":"","_monsterinsights_sitenote_category":0,"_genesis_hide_title":false,"_genesis_hide_breadcrumbs":false,"_genesis_hide_singular_image":false,"_genesis_hide_footer_widgets":false,"_genesis_custom_body_class":"","_genesis_custom_post_class":"","_genesis_layout":"","footnotes":""},"categories":[346,4064,4065],"tags":[7525,779,7529],"class_list":{"0":"post-121544","1":"post","2":"type-post","3":"status-publish","4":"format-standard","5":"has-post-thumbnail","7":"category-eu-news","8":"category-institutional","9":"category-international-pol-coop","10":"tag-celac","11":"tag-eu-en","12":"tag-ministerial-meeting","13":"entry"},"acf":[],"yoast_head":"<!-- This site is optimized with the Yoast SEO plugin v27.5 - https:\/\/yoast.com\/product\/yoast-seo-wordpress\/ -->\n<title>EU - CELAC Ministerial meeting, 27 October 2022 | CDE Almer\u00eda - Centro de Documentaci\u00f3n Europea - Universidad de Almer\u00eda<\/title>\n<meta name=\"robots\" content=\"index, follow, max-snippet:-1, max-image-preview:large, max-video-preview:-1\" \/>\n<link rel=\"canonical\" href=\"https:\/\/www.cde.ual.es\/en\/eu-celac-ministerial-meeting-27-october-2022\/\" \/>\n<meta property=\"og:locale\" content=\"en_US\" \/>\n<meta property=\"og:type\" content=\"article\" \/>\n<meta property=\"og:title\" content=\"EU - CELAC Ministerial meeting, 27 October 2022 | CDE Almer\u00eda - Centro de Documentaci\u00f3n Europea - Universidad de Almer\u00eda\" \/>\n<meta property=\"og:description\" content=\"Ministers of foreign affairs from the EU and the Community of Latin American and Caribbean States (CELAC) met for the third time on 27 October 2022 in Buenos Aires, holding discussion around the theme &#8220;Renewing the bi-regional partnership to strengthen peace and sustainable development&#8220;. The meeting was chaired by\u00a0Argentina&#8217;s Minister of Foreign Affairs, Santiago Andres [&hellip;]\" \/>\n<meta property=\"og:url\" content=\"https:\/\/www.cde.ual.es\/en\/eu-celac-ministerial-meeting-27-october-2022\/\" \/>\n<meta property=\"og:site_name\" content=\"CDE Almer\u00eda - Centro de Documentaci\u00f3n Europea - Universidad de Almer\u00eda\" \/>\n<meta property=\"article:publisher\" content=\"https:\/\/www.facebook.com\/cdeuniversidadalmeria\/\" \/>\n<meta property=\"article:published_time\" content=\"2022-11-02T12:44:46+00:00\" \/>\n<meta property=\"og:image\" content=\"https:\/\/www.cde.ual.es\/wp-content\/uploads\/2022\/11\/CELAC-scaled.jpg\" \/>\n\t<meta property=\"og:image:width\" content=\"2560\" \/>\n\t<meta property=\"og:image:height\" content=\"1707\" \/>\n\t<meta property=\"og:image:type\" content=\"image\/jpeg\" \/>\n<meta name=\"author\" content=\"AdminCDE\" \/>\n<meta name=\"twitter:card\" content=\"summary_large_image\" \/>\n<meta name=\"twitter:creator\" content=\"@cdeualmeria\" \/>\n<meta name=\"twitter:site\" content=\"@cdeualmeria\" \/>\n<meta name=\"twitter:label1\" content=\"Written by\" \/>\n\t<meta name=\"twitter:data1\" content=\"AdminCDE\" \/>\n\t<meta name=\"twitter:label2\" content=\"Est. reading time\" \/>\n\t<meta name=\"twitter:data2\" content=\"2 minutes\" \/>\n<script type=\"application\/ld+json\" class=\"yoast-schema-graph\">{\"@context\":\"https:\\\/\\\/schema.org\",\"@graph\":[{\"@type\":\"Article\",\"@id\":\"https:\\\/\\\/www.cde.ual.es\\\/en\\\/eu-celac-ministerial-meeting-27-october-2022\\\/#article\",\"isPartOf\":{\"@id\":\"https:\\\/\\\/www.cde.ual.es\\\/en\\\/eu-celac-ministerial-meeting-27-october-2022\\\/\"},\"author\":{\"name\":\"AdminCDE\",\"@id\":\"https:\\\/\\\/www.cde.ual.es\\\/#\\\/schema\\\/person\\\/224ef08c8bcc005f319d2713ce37ee5f\"},\"headline\":\"EU &#8211; CELAC Ministerial meeting, 27 October 2022\",\"datePublished\":\"2022-11-02T12:44:46+00:00\",\"mainEntityOfPage\":{\"@id\":\"https:\\\/\\\/www.cde.ual.es\\\/en\\\/eu-celac-ministerial-meeting-27-october-2022\\\/\"},\"wordCount\":245,\"commentCount\":0,\"publisher\":{\"@id\":\"https:\\\/\\\/www.cde.ual.es\\\/#organization\"},\"image\":{\"@id\":\"https:\\\/\\\/www.cde.ual.es\\\/en\\\/eu-celac-ministerial-meeting-27-october-2022\\\/#primaryimage\"},\"thumbnailUrl\":\"https:\\\/\\\/www.cde.ual.es\\\/wp-content\\\/uploads\\\/2022\\\/11\\\/CELAC-scaled.jpg\",\"keywords\":[\"CELAC\",\"EU\",\"Ministerial Meeting\"],\"articleSection\":[\"EU News\",\"Institutional Affairs\",\"International Politics and Cooperation\"],\"inLanguage\":\"en-US\",\"potentialAction\":[{\"@type\":\"CommentAction\",\"name\":\"Comment\",\"target\":[\"https:\\\/\\\/www.cde.ual.es\\\/en\\\/eu-celac-ministerial-meeting-27-october-2022\\\/#respond\"]}]},{\"@type\":\"WebPage\",\"@id\":\"https:\\\/\\\/www.cde.ual.es\\\/en\\\/eu-celac-ministerial-meeting-27-october-2022\\\/\",\"url\":\"https:\\\/\\\/www.cde.ual.es\\\/en\\\/eu-celac-ministerial-meeting-27-october-2022\\\/\",\"name\":\"EU - CELAC Ministerial meeting, 27 October 2022 | CDE Almer\u00eda - Centro de Documentaci\u00f3n Europea - Universidad de Almer\u00eda\",\"isPartOf\":{\"@id\":\"https:\\\/\\\/www.cde.ual.es\\\/#website\"},\"primaryImageOfPage\":{\"@id\":\"https:\\\/\\\/www.cde.ual.es\\\/en\\\/eu-celac-ministerial-meeting-27-october-2022\\\/#primaryimage\"},\"image\":{\"@id\":\"https:\\\/\\\/www.cde.ual.es\\\/en\\\/eu-celac-ministerial-meeting-27-october-2022\\\/#primaryimage\"},\"thumbnailUrl\":\"https:\\\/\\\/www.cde.ual.es\\\/wp-content\\\/uploads\\\/2022\\\/11\\\/CELAC-scaled.jpg\",\"datePublished\":\"2022-11-02T12:44:46+00:00\",\"breadcrumb\":{\"@id\":\"https:\\\/\\\/www.cde.ual.es\\\/en\\\/eu-celac-ministerial-meeting-27-october-2022\\\/#breadcrumb\"},\"inLanguage\":\"en-US\",\"potentialAction\":[{\"@type\":\"ReadAction\",\"target\":[\"https:\\\/\\\/www.cde.ual.es\\\/en\\\/eu-celac-ministerial-meeting-27-october-2022\\\/\"]}]},{\"@type\":\"ImageObject\",\"inLanguage\":\"en-US\",\"@id\":\"https:\\\/\\\/www.cde.ual.es\\\/en\\\/eu-celac-ministerial-meeting-27-october-2022\\\/#primaryimage\",\"url\":\"https:\\\/\\\/www.cde.ual.es\\\/wp-content\\\/uploads\\\/2022\\\/11\\\/CELAC-scaled.jpg\",\"contentUrl\":\"https:\\\/\\\/www.cde.ual.es\\\/wp-content\\\/uploads\\\/2022\\\/11\\\/CELAC-scaled.jpg\",\"width\":2560,\"height\":1707,\"caption\":\"Josep Borrell Fontelles, High Representative of the Union for Foreign Affairs and Security Policy and Vice-President of the European Commission during the opening of the Ministerial CELAC - UE Meeting; with President of Argentina, Alberto Fernandez, and the Minister for Foreign Affairs, Santiago Cafiero. At the CCK (Kirchner Cultural Center) (Buenos Aires, October 27, 2022. ERIKA VILLANO)\"},{\"@type\":\"BreadcrumbList\",\"@id\":\"https:\\\/\\\/www.cde.ual.es\\\/en\\\/eu-celac-ministerial-meeting-27-october-2022\\\/#breadcrumb\",\"itemListElement\":[{\"@type\":\"ListItem\",\"position\":1,\"name\":\"Inicio\",\"item\":\"https:\\\/\\\/www.cde.ual.es\\\/en\\\/\"},{\"@type\":\"ListItem\",\"position\":2,\"name\":\"EU News\",\"item\":\"https:\\\/\\\/www.cde.ual.es\\\/en\\\/category\\\/eu-news\\\/\"},{\"@type\":\"ListItem\",\"position\":3,\"name\":\"Institutional Affairs\",\"item\":\"https:\\\/\\\/www.cde.ual.es\\\/en\\\/category\\\/eu-news\\\/institutional\\\/\"},{\"@type\":\"ListItem\",\"position\":4,\"name\":\"International Politics and Cooperation\",\"item\":\"https:\\\/\\\/www.cde.ual.es\\\/en\\\/category\\\/eu-news\\\/institutional\\\/international-pol-coop\\\/\"},{\"@type\":\"ListItem\",\"position\":5,\"name\":\"EU &#8211; CELAC Ministerial meeting, 27 October 2022\"}]},{\"@type\":\"WebSite\",\"@id\":\"https:\\\/\\\/www.cde.ual.es\\\/#website\",\"url\":\"https:\\\/\\\/www.cde.ual.es\\\/\",\"name\":\"CDE Almer\u00eda - Centro de Documentaci\u00f3n Europea - Universidad de Almer\u00eda\",\"description\":\"Centro de Documentaci\u00f3n Europea de la Universidad de Almer\u00eda\",\"publisher\":{\"@id\":\"https:\\\/\\\/www.cde.ual.es\\\/#organization\"},\"alternateName\":\"CDE Almer\u00eda\",\"potentialAction\":[{\"@type\":\"SearchAction\",\"target\":{\"@type\":\"EntryPoint\",\"urlTemplate\":\"https:\\\/\\\/www.cde.ual.es\\\/?s={search_term_string}\"},\"query-input\":{\"@type\":\"PropertyValueSpecification\",\"valueRequired\":true,\"valueName\":\"search_term_string\"}}],\"inLanguage\":\"en-US\"},{\"@type\":\"Organization\",\"@id\":\"https:\\\/\\\/www.cde.ual.es\\\/#organization\",\"name\":\"Centro de Documentaci\u00f3n Europea de Almer\u00eda\",\"url\":\"https:\\\/\\\/www.cde.ual.es\\\/\",\"logo\":{\"@type\":\"ImageObject\",\"inLanguage\":\"en-US\",\"@id\":\"https:\\\/\\\/www.cde.ual.es\\\/#\\\/schema\\\/logo\\\/image\\\/\",\"url\":\"https:\\\/\\\/www.cde.ual.es\\\/wp-content\\\/uploads\\\/2025\\\/07\\\/cde-logo-3.png\",\"contentUrl\":\"https:\\\/\\\/www.cde.ual.es\\\/wp-content\\\/uploads\\\/2025\\\/07\\\/cde-logo-3.png\",\"width\":1400,\"height\":300,\"caption\":\"Centro de Documentaci\u00f3n Europea de Almer\u00eda\"},\"image\":{\"@id\":\"https:\\\/\\\/www.cde.ual.es\\\/#\\\/schema\\\/logo\\\/image\\\/\"},\"sameAs\":[\"https:\\\/\\\/www.facebook.com\\\/cdeuniversidadalmeria\\\/\",\"https:\\\/\\\/x.com\\\/cdeualmeria\",\"https:\\\/\\\/www.tiktok.com\\\/@cdealmeria\",\"https:\\\/\\\/www.instagram.com\\\/cdealmeria\\\/\",\"https:\\\/\\\/www.linkedin.com\\\/in\\\/cde-almera-812b26a9\\\/\"]},{\"@type\":\"Person\",\"@id\":\"https:\\\/\\\/www.cde.ual.es\\\/#\\\/schema\\\/person\\\/224ef08c8bcc005f319d2713ce37ee5f\",\"name\":\"AdminCDE\",\"image\":{\"@type\":\"ImageObject\",\"inLanguage\":\"en-US\",\"@id\":\"https:\\\/\\\/secure.gravatar.com\\\/avatar\\\/a72d038d371f995cd13706fac32274b7952a52e8fb0a84b5f80c85426f2a98a8?s=96&d=mm&r=g\",\"url\":\"https:\\\/\\\/secure.gravatar.com\\\/avatar\\\/a72d038d371f995cd13706fac32274b7952a52e8fb0a84b5f80c85426f2a98a8?s=96&d=mm&r=g\",\"contentUrl\":\"https:\\\/\\\/secure.gravatar.com\\\/avatar\\\/a72d038d371f995cd13706fac32274b7952a52e8fb0a84b5f80c85426f2a98a8?s=96&d=mm&r=g\",\"caption\":\"AdminCDE\"}}]}<\/script>\n<!-- \/ Yoast SEO plugin. -->","yoast_head_json":{"title":"EU - CELAC Ministerial meeting, 27 October 2022 | CDE Almer\u00eda - Centro de Documentaci\u00f3n Europea - Universidad de Almer\u00eda","robots":{"index":"index","follow":"follow","max-snippet":"max-snippet:-1","max-image-preview":"max-image-preview:large","max-video-preview":"max-video-preview:-1"},"canonical":"https:\/\/www.cde.ual.es\/en\/eu-celac-ministerial-meeting-27-october-2022\/","og_locale":"en_US","og_type":"article","og_title":"EU - CELAC Ministerial meeting, 27 October 2022 | CDE Almer\u00eda - Centro de Documentaci\u00f3n Europea - Universidad de Almer\u00eda","og_description":"Ministers of foreign affairs from the EU and the Community of Latin American and Caribbean States (CELAC) met for the third time on 27 October 2022 in Buenos Aires, holding discussion around the theme &#8220;Renewing the bi-regional partnership to strengthen peace and sustainable development&#8220;. The meeting was chaired by\u00a0Argentina&#8217;s Minister of Foreign Affairs, Santiago Andres [&hellip;]","og_url":"https:\/\/www.cde.ual.es\/en\/eu-celac-ministerial-meeting-27-october-2022\/","og_site_name":"CDE Almer\u00eda - Centro de Documentaci\u00f3n Europea - Universidad de Almer\u00eda","article_publisher":"https:\/\/www.facebook.com\/cdeuniversidadalmeria\/","article_published_time":"2022-11-02T12:44:46+00:00","og_image":[{"width":2560,"height":1707,"url":"https:\/\/www.cde.ual.es\/wp-content\/uploads\/2022\/11\/CELAC-scaled.jpg","type":"image\/jpeg"}],"author":"AdminCDE","twitter_card":"summary_large_image","twitter_creator":"@cdeualmeria","twitter_site":"@cdeualmeria","twitter_misc":{"Written by":"AdminCDE","Est. reading time":"2 minutes"},"schema":{"@context":"https:\/\/schema.org","@graph":[{"@type":"Article","@id":"https:\/\/www.cde.ual.es\/en\/eu-celac-ministerial-meeting-27-october-2022\/#article","isPartOf":{"@id":"https:\/\/www.cde.ual.es\/en\/eu-celac-ministerial-meeting-27-october-2022\/"},"author":{"name":"AdminCDE","@id":"https:\/\/www.cde.ual.es\/#\/schema\/person\/224ef08c8bcc005f319d2713ce37ee5f"},"headline":"EU &#8211; CELAC Ministerial meeting, 27 October 2022","datePublished":"2022-11-02T12:44:46+00:00","mainEntityOfPage":{"@id":"https:\/\/www.cde.ual.es\/en\/eu-celac-ministerial-meeting-27-october-2022\/"},"wordCount":245,"commentCount":0,"publisher":{"@id":"https:\/\/www.cde.ual.es\/#organization"},"image":{"@id":"https:\/\/www.cde.ual.es\/en\/eu-celac-ministerial-meeting-27-october-2022\/#primaryimage"},"thumbnailUrl":"https:\/\/www.cde.ual.es\/wp-content\/uploads\/2022\/11\/CELAC-scaled.jpg","keywords":["CELAC","EU","Ministerial Meeting"],"articleSection":["EU News","Institutional Affairs","International Politics and Cooperation"],"inLanguage":"en-US","potentialAction":[{"@type":"CommentAction","name":"Comment","target":["https:\/\/www.cde.ual.es\/en\/eu-celac-ministerial-meeting-27-october-2022\/#respond"]}]},{"@type":"WebPage","@id":"https:\/\/www.cde.ual.es\/en\/eu-celac-ministerial-meeting-27-october-2022\/","url":"https:\/\/www.cde.ual.es\/en\/eu-celac-ministerial-meeting-27-october-2022\/","name":"EU - CELAC Ministerial meeting, 27 October 2022 | CDE Almer\u00eda - Centro de Documentaci\u00f3n Europea - Universidad de Almer\u00eda","isPartOf":{"@id":"https:\/\/www.cde.ual.es\/#website"},"primaryImageOfPage":{"@id":"https:\/\/www.cde.ual.es\/en\/eu-celac-ministerial-meeting-27-october-2022\/#primaryimage"},"image":{"@id":"https:\/\/www.cde.ual.es\/en\/eu-celac-ministerial-meeting-27-october-2022\/#primaryimage"},"thumbnailUrl":"https:\/\/www.cde.ual.es\/wp-content\/uploads\/2022\/11\/CELAC-scaled.jpg","datePublished":"2022-11-02T12:44:46+00:00","breadcrumb":{"@id":"https:\/\/www.cde.ual.es\/en\/eu-celac-ministerial-meeting-27-october-2022\/#breadcrumb"},"inLanguage":"en-US","potentialAction":[{"@type":"ReadAction","target":["https:\/\/www.cde.ual.es\/en\/eu-celac-ministerial-meeting-27-october-2022\/"]}]},{"@type":"ImageObject","inLanguage":"en-US","@id":"https:\/\/www.cde.ual.es\/en\/eu-celac-ministerial-meeting-27-october-2022\/#primaryimage","url":"https:\/\/www.cde.ual.es\/wp-content\/uploads\/2022\/11\/CELAC-scaled.jpg","contentUrl":"https:\/\/www.cde.ual.es\/wp-content\/uploads\/2022\/11\/CELAC-scaled.jpg","width":2560,"height":1707,"caption":"Josep Borrell Fontelles, High Representative of the Union for Foreign Affairs and Security Policy and Vice-President of the European Commission during the opening of the Ministerial CELAC - UE Meeting; with President of Argentina, Alberto Fernandez, and the Minister for Foreign Affairs, Santiago Cafiero. At the CCK (Kirchner Cultural Center) (Buenos Aires, October 27, 2022. ERIKA VILLANO)"},{"@type":"BreadcrumbList","@id":"https:\/\/www.cde.ual.es\/en\/eu-celac-ministerial-meeting-27-october-2022\/#breadcrumb","itemListElement":[{"@type":"ListItem","position":1,"name":"Inicio","item":"https:\/\/www.cde.ual.es\/en\/"},{"@type":"ListItem","position":2,"name":"EU News","item":"https:\/\/www.cde.ual.es\/en\/category\/eu-news\/"},{"@type":"ListItem","position":3,"name":"Institutional Affairs","item":"https:\/\/www.cde.ual.es\/en\/category\/eu-news\/institutional\/"},{"@type":"ListItem","position":4,"name":"International Politics and Cooperation","item":"https:\/\/www.cde.ual.es\/en\/category\/eu-news\/institutional\/international-pol-coop\/"},{"@type":"ListItem","position":5,"name":"EU &#8211; CELAC Ministerial meeting, 27 October 2022"}]},{"@type":"WebSite","@id":"https:\/\/www.cde.ual.es\/#website","url":"https:\/\/www.cde.ual.es\/","name":"CDE Almer\u00eda - Centro de Documentaci\u00f3n Europea - Universidad de Almer\u00eda","description":"Centro de Documentaci\u00f3n Europea de la Universidad de Almer\u00eda","publisher":{"@id":"https:\/\/www.cde.ual.es\/#organization"},"alternateName":"CDE Almer\u00eda","potentialAction":[{"@type":"SearchAction","target":{"@type":"EntryPoint","urlTemplate":"https:\/\/www.cde.ual.es\/?s={search_term_string}"},"query-input":{"@type":"PropertyValueSpecification","valueRequired":true,"valueName":"search_term_string"}}],"inLanguage":"en-US"},{"@type":"Organization","@id":"https:\/\/www.cde.ual.es\/#organization","name":"Centro de Documentaci\u00f3n Europea de Almer\u00eda","url":"https:\/\/www.cde.ual.es\/","logo":{"@type":"ImageObject","inLanguage":"en-US","@id":"https:\/\/www.cde.ual.es\/#\/schema\/logo\/image\/","url":"https:\/\/www.cde.ual.es\/wp-content\/uploads\/2025\/07\/cde-logo-3.png","contentUrl":"https:\/\/www.cde.ual.es\/wp-content\/uploads\/2025\/07\/cde-logo-3.png","width":1400,"height":300,"caption":"Centro de Documentaci\u00f3n Europea de Almer\u00eda"},"image":{"@id":"https:\/\/www.cde.ual.es\/#\/schema\/logo\/image\/"},"sameAs":["https:\/\/www.facebook.com\/cdeuniversidadalmeria\/","https:\/\/x.com\/cdeualmeria","https:\/\/www.tiktok.com\/@cdealmeria","https:\/\/www.instagram.com\/cdealmeria\/","https:\/\/www.linkedin.com\/in\/cde-almera-812b26a9\/"]},{"@type":"Person","@id":"https:\/\/www.cde.ual.es\/#\/schema\/person\/224ef08c8bcc005f319d2713ce37ee5f","name":"AdminCDE","image":{"@type":"ImageObject","inLanguage":"en-US","@id":"https:\/\/secure.gravatar.com\/avatar\/a72d038d371f995cd13706fac32274b7952a52e8fb0a84b5f80c85426f2a98a8?s=96&d=mm&r=g","url":"https:\/\/secure.gravatar.com\/avatar\/a72d038d371f995cd13706fac32274b7952a52e8fb0a84b5f80c85426f2a98a8?s=96&d=mm&r=g","contentUrl":"https:\/\/secure.gravatar.com\/avatar\/a72d038d371f995cd13706fac32274b7952a52e8fb0a84b5f80c85426f2a98a8?s=96&d=mm&r=g","caption":"AdminCDE"}}]}},"_links":{"self":[{"href":"https:\/\/www.cde.ual.es\/en\/wp-json\/wp\/v2\/posts\/121544","targetHints":{"allow":["GET"]}}],"collection":[{"href":"https:\/\/www.cde.ual.es\/en\/wp-json\/wp\/v2\/posts"}],"about":[{"href":"https:\/\/www.cde.ual.es\/en\/wp-json\/wp\/v2\/types\/post"}],"author":[{"embeddable":true,"href":"https:\/\/www.cde.ual.es\/en\/wp-json\/wp\/v2\/users\/1"}],"replies":[{"embeddable":true,"href":"https:\/\/www.cde.ual.es\/en\/wp-json\/wp\/v2\/comments?post=121544"}],"version-history":[{"count":1,"href":"https:\/\/www.cde.ual.es\/en\/wp-json\/wp\/v2\/posts\/121544\/revisions"}],"predecessor-version":[{"id":121545,"href":"https:\/\/www.cde.ual.es\/en\/wp-json\/wp\/v2\/posts\/121544\/revisions\/121545"}],"wp:featuredmedia":[{"embeddable":true,"href":"https:\/\/www.cde.ual.es\/en\/wp-json\/wp\/v2\/media\/121540"}],"wp:attachment":[{"href":"https:\/\/www.cde.ual.es\/en\/wp-json\/wp\/v2\/media?parent=121544"}],"wp:term":[{"taxonomy":"category","embeddable":true,"href":"https:\/\/www.cde.ual.es\/en\/wp-json\/wp\/v2\/categories?post=121544"},{"taxonomy":"post_tag","embeddable":true,"href":"https:\/\/www.cde.ual.es\/en\/wp-json\/wp\/v2\/tags?post=121544"}],"curies":[{"name":"wp","href":"https:\/\/api.w.org\/{rel}","templated":true}]}}