{"id":121063,"date":"2022-10-21T11:23:02","date_gmt":"2022-10-21T09:23:02","guid":{"rendered":"https:\/\/www.cde.ual.es\/?p=121063"},"modified":"2022-10-21T11:36:43","modified_gmt":"2022-10-21T09:36:43","slug":"ukraine-eu-sanctions-three-individuals-and-one-entity-in-relation-to-the-use-of-iranian-drones-in-russian-aggression","status":"publish","type":"post","link":"https:\/\/www.cde.ual.es\/en\/ukraine-eu-sanctions-three-individuals-and-one-entity-in-relation-to-the-use-of-iranian-drones-in-russian-aggression\/","title":{"rendered":"Ukraine: EU sanctions three individuals and one entity in relation to the use of Iranian drones in Russian aggression"},"content":{"rendered":"<p><a href=\"https:\/\/www.cde.ual.es\/wp-content\/uploads\/2022\/10\/sina-drakhshani-YqaprnuJjSM-unsplash-scaled.jpg\"><img decoding=\"async\" class=\" wp-image-121065 aligncenter\" src=\"https:\/\/www.cde.ual.es\/wp-content\/uploads\/2022\/10\/sina-drakhshani-YqaprnuJjSM-unsplash-scaled.jpg\" alt=\"Bandera iran\u00ed\" width=\"500\" height=\"333\" srcset=\"https:\/\/www.cde.ual.es\/wp-content\/uploads\/2022\/10\/sina-drakhshani-YqaprnuJjSM-unsplash-scaled.jpg 2560w, https:\/\/www.cde.ual.es\/wp-content\/uploads\/2022\/10\/sina-drakhshani-YqaprnuJjSM-unsplash-300x200.jpg 300w, https:\/\/www.cde.ual.es\/wp-content\/uploads\/2022\/10\/sina-drakhshani-YqaprnuJjSM-unsplash-1024x683.jpg 1024w, https:\/\/www.cde.ual.es\/wp-content\/uploads\/2022\/10\/sina-drakhshani-YqaprnuJjSM-unsplash-768x512.jpg 768w, https:\/\/www.cde.ual.es\/wp-content\/uploads\/2022\/10\/sina-drakhshani-YqaprnuJjSM-unsplash-1536x1024.jpg 1536w, https:\/\/www.cde.ual.es\/wp-content\/uploads\/2022\/10\/sina-drakhshani-YqaprnuJjSM-unsplash-2048x1365.jpg 2048w\" sizes=\"(max-width: 500px) 100vw, 500px\" \/><\/a><\/p>\n<p style=\"text-align: justify;\">The Council has added <strong>three Iranian individuals and one Iranian entity<\/strong>\u00a0to the list of those subject to restrictive measures for undermining or threatening the territorial integrity, sovereignty and independence of Ukraine. This is in view of their role in the\u00a0<strong>development and delivery of Unmanned Aerial Vehicles<\/strong>\u00a0(UAVs) used by Russia in its war against Ukraine.<\/p>\n<p style=\"text-align: justify;\">The decision is a signal of the EU\u2019s resolve to respond swiftly and decisively to Iran\u2019s actions supporting Russian aggression against Ukraine. The EU condemns the delivery of Iranian drones to Russia and their deadly deployment in the war of aggression against Ukraine. The EU will continue to respond to all actions supporting Russian aggression.<\/p>\n<p style=\"text-align: justify;\">Those designated are subject to an\u00a0<strong>asset freeze<\/strong>\u00a0and EU citizens and companies are\u00a0<strong>forbidden from making funds available<\/strong>\u00a0to them. Natural persons are additionally subject to a\u00a0<strong>travel ban<\/strong>, which prevents them from entering or transiting through EU territories.<\/p>\n<p style=\"text-align: justify;\">The Council has also signalled its intention to impose restrictive measures against a further two individuals and two entities on the same grounds.<\/p>\n<p style=\"text-align: justify;\">The relevant legal acts, including the names of the listed individuals and entities, have been published in the Official Journal of the EU.<\/p>\n<table style=\"width: 99.9988%; border-collapse: collapse; border-style: double; border-color: #001f7d;\" cellpadding=\"0,5\">\n<tbody>\n<tr>\n<td style=\"width: 100%;\"><a href=\"https:\/\/www.cde.ual.es\/en\/new-sanctions-package-for-russia\/\" target=\"_blank\" rel=\"noopener\"><img decoding=\"async\" class=\"alignleft\" src=\"https:\/\/www.cde.ual.es\/wp-content\/uploads\/2022\/10\/tingey-injury-law-firm-6sl88x150Xs-unsplash-scaled.jpg\" alt=\"\" width=\"201\" height=\"134\" \/><\/a><\/p>\n<h4 class=\"entry-title\"><a href=\"https:\/\/www.cde.ual.es\/en\/new-sanctions-package-for-russia\/\" target=\"_blank\" rel=\"noopener\">New sanctions package for Russia<\/a><\/h4>\n<p>&nbsp;<\/td>\n<\/tr>\n<\/tbody>\n<\/table>\n<h3 style=\"text-align: justify;\">Background<\/h3>\n<p style=\"text-align: justify;\">In addition to the economic sanctions on the Russian Federation, the EU has in place different types of measures in response to Russia\u2019s destabilising actions against Ukraine. These include: restrictions on economic relations with the illegally annexed Crimea and the city of Sevastopol as well as with the non-government controlled areas of the Donetsk, Luhansk, Zaporizhzhia and Kherson oblasts; individual restrictive measures (asset freezes and travel restrictions) on a broad range of individuals and entities, and diplomatic measures.<\/p>\n<p style=\"text-align: justify;\">Since 24 February, the EU has reacted firmly to the Russian military aggression against Ukraine with the adoption of a number of unprecedented and hard-hitting packages of sanctions. These measures have been taken in close coordination with partners and allies.<\/p>\n<p style=\"text-align: justify;\">The EU condemns in the strongest possible terms Russia\u2019s war of aggression against Ukraine, which blatantly violates Ukraine\u2019s sovereignty and territorial integrity. It urges Russia to immediately stop its indiscriminate attacks against civilians and civilian infrastructure, and to immediately and unconditionally withdraw all its troops and military equipment from the entire territory of Ukraine within its internationally recognised borders.<\/p>\n<p style=\"text-align: justify;\">In the face of Russia&#8217;s war of aggression as well as Russia&#8217;s latest escalation of attacks, the EU stands resolutely with Ukraine and its people. The EU is unwavering in its support of Ukraine&#8217;s independence, sovereignty and territorial integrity. Ukraine is exercising its legitimate right to defend itself against Russian aggression to regain full control of its territory and has the right to liberate occupied territories within its internationally recognised borders.<\/p>\n<p style=\"text-align: justify;\">The European Union firmly stands with Ukraine and will continue to provide economic, military, social and financial support to Ukraine for as long as it takes.<\/p>\n<p><strong>Source: <a href=\"https:\/\/www.consilium.europa.eu\/es\/press\/press-releases\/2022\/10\/20\/ukraine-eu-sanctions-three-individuals-and-one-entity-in-relation-to-the-use-of-iranian-drones-in-russian-aggression\/\" target=\"_blank\" rel=\"noopener\">European Council<\/a><\/strong><\/p>\n","protected":false},"excerpt":{"rendered":"<p>The Council has added three Iranian individuals and one Iranian entity\u00a0to the list of those subject to restrictive measures for undermining or threatening the territorial integrity, sovereignty and independence of Ukraine. This is in view of their role in the\u00a0development and delivery of Unmanned Aerial Vehicles\u00a0(UAVs) used by Russia in its war against Ukraine. The [&hellip;]<\/p>\n","protected":false},"author":101011,"featured_media":121065,"comment_status":"open","ping_status":"open","sticky":false,"template":"","format":"standard","meta":{"_acf_changed":false,"_relevanssi_hide_post":"","_relevanssi_hide_content":"","_relevanssi_pin_for_all":"","_relevanssi_pin_keywords":"","_relevanssi_unpin_keywords":"","_relevanssi_related_keywords":"","_relevanssi_related_include_ids":"","_relevanssi_related_exclude_ids":"","_relevanssi_related_no_append":"","_relevanssi_related_not_related":"","_relevanssi_related_posts":"","_relevanssi_noindex_reason":"","_monsterinsights_skip_tracking":false,"_monsterinsights_sitenote_active":false,"_monsterinsights_sitenote_note":"","_monsterinsights_sitenote_category":0,"_genesis_hide_title":false,"_genesis_hide_breadcrumbs":false,"_genesis_hide_singular_image":false,"_genesis_hide_footer_widgets":false,"_genesis_custom_body_class":"","_genesis_custom_post_class":"","_genesis_layout":"","footnotes":""},"categories":[346,4064],"tags":[2718,2490,779,5892,2853,3152,3368],"class_list":{"0":"post-121063","1":"post","2":"type-post","3":"status-publish","4":"format-standard","5":"has-post-thumbnail","7":"category-eu-news","8":"category-institutional","9":"tag-drone","10":"tag-drones","11":"tag-eu-en","12":"tag-iran-en","13":"tag-russia","14":"tag-sanctions","15":"tag-war","16":"entry"},"acf":[],"yoast_head":"<!-- This site is optimized with the Yoast SEO plugin v27.5 - https:\/\/yoast.com\/product\/yoast-seo-wordpress\/ -->\n<title>Ukraine: EU sanctions three individuals and one entity in relation to the use of Iranian drones in Russian aggression | CDE Almer\u00eda - Centro de Documentaci\u00f3n Europea - Universidad de Almer\u00eda<\/title>\n<meta name=\"robots\" content=\"index, follow, max-snippet:-1, max-image-preview:large, max-video-preview:-1\" \/>\n<link rel=\"canonical\" href=\"https:\/\/www.cde.ual.es\/en\/ukraine-eu-sanctions-three-individuals-and-one-entity-in-relation-to-the-use-of-iranian-drones-in-russian-aggression\/\" \/>\n<meta property=\"og:locale\" content=\"en_US\" \/>\n<meta property=\"og:type\" content=\"article\" \/>\n<meta property=\"og:title\" content=\"Ukraine: EU sanctions three individuals and one entity in relation to the use of Iranian drones in Russian aggression | CDE Almer\u00eda - Centro de Documentaci\u00f3n Europea - Universidad de Almer\u00eda\" \/>\n<meta property=\"og:description\" content=\"The Council has added three Iranian individuals and one Iranian entity\u00a0to the list of those subject to restrictive measures for undermining or threatening the territorial integrity, sovereignty and independence of Ukraine. This is in view of their role in the\u00a0development and delivery of Unmanned Aerial Vehicles\u00a0(UAVs) used by Russia in its war against Ukraine. The [&hellip;]\" \/>\n<meta property=\"og:url\" content=\"https:\/\/www.cde.ual.es\/en\/ukraine-eu-sanctions-three-individuals-and-one-entity-in-relation-to-the-use-of-iranian-drones-in-russian-aggression\/\" \/>\n<meta property=\"og:site_name\" content=\"CDE Almer\u00eda - Centro de Documentaci\u00f3n Europea - Universidad de Almer\u00eda\" \/>\n<meta property=\"article:publisher\" content=\"https:\/\/www.facebook.com\/cdeuniversidadalmeria\/\" \/>\n<meta property=\"article:published_time\" content=\"2022-10-21T09:23:02+00:00\" \/>\n<meta property=\"article:modified_time\" content=\"2022-10-21T09:36:43+00:00\" \/>\n<meta property=\"og:image\" content=\"https:\/\/www.cde.ual.es\/wp-content\/uploads\/2022\/10\/sina-drakhshani-YqaprnuJjSM-unsplash-scaled.jpg\" \/>\n\t<meta property=\"og:image:width\" content=\"2560\" \/>\n\t<meta property=\"og:image:height\" content=\"1707\" \/>\n\t<meta property=\"og:image:type\" content=\"image\/jpeg\" \/>\n<meta name=\"author\" content=\"BECA 2 CDE\" \/>\n<meta name=\"twitter:card\" content=\"summary_large_image\" \/>\n<meta name=\"twitter:creator\" content=\"@cdeualmeria\" \/>\n<meta name=\"twitter:site\" content=\"@cdeualmeria\" \/>\n<meta name=\"twitter:label1\" content=\"Written by\" \/>\n\t<meta name=\"twitter:data1\" content=\"BECA 2 CDE\" \/>\n\t<meta name=\"twitter:label2\" content=\"Est. reading time\" \/>\n\t<meta name=\"twitter:data2\" content=\"3 minutes\" \/>\n<script type=\"application\/ld+json\" class=\"yoast-schema-graph\">{\"@context\":\"https:\\\/\\\/schema.org\",\"@graph\":[{\"@type\":\"Article\",\"@id\":\"https:\\\/\\\/www.cde.ual.es\\\/en\\\/ukraine-eu-sanctions-three-individuals-and-one-entity-in-relation-to-the-use-of-iranian-drones-in-russian-aggression\\\/#article\",\"isPartOf\":{\"@id\":\"https:\\\/\\\/www.cde.ual.es\\\/en\\\/ukraine-eu-sanctions-three-individuals-and-one-entity-in-relation-to-the-use-of-iranian-drones-in-russian-aggression\\\/\"},\"author\":{\"name\":\"BECA 2 CDE\",\"@id\":\"https:\\\/\\\/www.cde.ual.es\\\/#\\\/schema\\\/person\\\/ee46ebc19edfa19598c02cff83335acc\"},\"headline\":\"Ukraine: EU sanctions three individuals and one entity in relation to the use of Iranian drones in Russian aggression\",\"datePublished\":\"2022-10-21T09:23:02+00:00\",\"dateModified\":\"2022-10-21T09:36:43+00:00\",\"mainEntityOfPage\":{\"@id\":\"https:\\\/\\\/www.cde.ual.es\\\/en\\\/ukraine-eu-sanctions-three-individuals-and-one-entity-in-relation-to-the-use-of-iranian-drones-in-russian-aggression\\\/\"},\"wordCount\":508,\"commentCount\":0,\"publisher\":{\"@id\":\"https:\\\/\\\/www.cde.ual.es\\\/#organization\"},\"image\":{\"@id\":\"https:\\\/\\\/www.cde.ual.es\\\/en\\\/ukraine-eu-sanctions-three-individuals-and-one-entity-in-relation-to-the-use-of-iranian-drones-in-russian-aggression\\\/#primaryimage\"},\"thumbnailUrl\":\"https:\\\/\\\/www.cde.ual.es\\\/wp-content\\\/uploads\\\/2022\\\/10\\\/sina-drakhshani-YqaprnuJjSM-unsplash-scaled.jpg\",\"keywords\":[\"drone\",\"drones\",\"EU\",\"Ir\u00e1n\",\"russia\",\"Sanctions\",\"war\"],\"articleSection\":[\"EU News\",\"Institutional Affairs\"],\"inLanguage\":\"en-US\",\"potentialAction\":[{\"@type\":\"CommentAction\",\"name\":\"Comment\",\"target\":[\"https:\\\/\\\/www.cde.ual.es\\\/en\\\/ukraine-eu-sanctions-three-individuals-and-one-entity-in-relation-to-the-use-of-iranian-drones-in-russian-aggression\\\/#respond\"]}]},{\"@type\":\"WebPage\",\"@id\":\"https:\\\/\\\/www.cde.ual.es\\\/en\\\/ukraine-eu-sanctions-three-individuals-and-one-entity-in-relation-to-the-use-of-iranian-drones-in-russian-aggression\\\/\",\"url\":\"https:\\\/\\\/www.cde.ual.es\\\/en\\\/ukraine-eu-sanctions-three-individuals-and-one-entity-in-relation-to-the-use-of-iranian-drones-in-russian-aggression\\\/\",\"name\":\"Ukraine: EU sanctions three individuals and one entity in relation to the use of Iranian drones in Russian aggression | CDE Almer\u00eda - Centro de Documentaci\u00f3n Europea - Universidad de Almer\u00eda\",\"isPartOf\":{\"@id\":\"https:\\\/\\\/www.cde.ual.es\\\/#website\"},\"primaryImageOfPage\":{\"@id\":\"https:\\\/\\\/www.cde.ual.es\\\/en\\\/ukraine-eu-sanctions-three-individuals-and-one-entity-in-relation-to-the-use-of-iranian-drones-in-russian-aggression\\\/#primaryimage\"},\"image\":{\"@id\":\"https:\\\/\\\/www.cde.ual.es\\\/en\\\/ukraine-eu-sanctions-three-individuals-and-one-entity-in-relation-to-the-use-of-iranian-drones-in-russian-aggression\\\/#primaryimage\"},\"thumbnailUrl\":\"https:\\\/\\\/www.cde.ual.es\\\/wp-content\\\/uploads\\\/2022\\\/10\\\/sina-drakhshani-YqaprnuJjSM-unsplash-scaled.jpg\",\"datePublished\":\"2022-10-21T09:23:02+00:00\",\"dateModified\":\"2022-10-21T09:36:43+00:00\",\"breadcrumb\":{\"@id\":\"https:\\\/\\\/www.cde.ual.es\\\/en\\\/ukraine-eu-sanctions-three-individuals-and-one-entity-in-relation-to-the-use-of-iranian-drones-in-russian-aggression\\\/#breadcrumb\"},\"inLanguage\":\"en-US\",\"potentialAction\":[{\"@type\":\"ReadAction\",\"target\":[\"https:\\\/\\\/www.cde.ual.es\\\/en\\\/ukraine-eu-sanctions-three-individuals-and-one-entity-in-relation-to-the-use-of-iranian-drones-in-russian-aggression\\\/\"]}]},{\"@type\":\"ImageObject\",\"inLanguage\":\"en-US\",\"@id\":\"https:\\\/\\\/www.cde.ual.es\\\/en\\\/ukraine-eu-sanctions-three-individuals-and-one-entity-in-relation-to-the-use-of-iranian-drones-in-russian-aggression\\\/#primaryimage\",\"url\":\"https:\\\/\\\/www.cde.ual.es\\\/wp-content\\\/uploads\\\/2022\\\/10\\\/sina-drakhshani-YqaprnuJjSM-unsplash-scaled.jpg\",\"contentUrl\":\"https:\\\/\\\/www.cde.ual.es\\\/wp-content\\\/uploads\\\/2022\\\/10\\\/sina-drakhshani-YqaprnuJjSM-unsplash-scaled.jpg\",\"width\":2560,\"height\":1707,\"caption\":\"Bandera iran\u00ed\"},{\"@type\":\"BreadcrumbList\",\"@id\":\"https:\\\/\\\/www.cde.ual.es\\\/en\\\/ukraine-eu-sanctions-three-individuals-and-one-entity-in-relation-to-the-use-of-iranian-drones-in-russian-aggression\\\/#breadcrumb\",\"itemListElement\":[{\"@type\":\"ListItem\",\"position\":1,\"name\":\"Inicio\",\"item\":\"https:\\\/\\\/www.cde.ual.es\\\/en\\\/\"},{\"@type\":\"ListItem\",\"position\":2,\"name\":\"EU News\",\"item\":\"https:\\\/\\\/www.cde.ual.es\\\/en\\\/category\\\/eu-news\\\/\"},{\"@type\":\"ListItem\",\"position\":3,\"name\":\"Institutional Affairs\",\"item\":\"https:\\\/\\\/www.cde.ual.es\\\/en\\\/category\\\/eu-news\\\/institutional\\\/\"},{\"@type\":\"ListItem\",\"position\":4,\"name\":\"Ukraine: EU sanctions three individuals and one entity in relation to the use of Iranian drones in Russian aggression\"}]},{\"@type\":\"WebSite\",\"@id\":\"https:\\\/\\\/www.cde.ual.es\\\/#website\",\"url\":\"https:\\\/\\\/www.cde.ual.es\\\/\",\"name\":\"CDE Almer\u00eda - Centro de Documentaci\u00f3n Europea - Universidad de Almer\u00eda\",\"description\":\"Centro de Documentaci\u00f3n Europea de la Universidad de Almer\u00eda\",\"publisher\":{\"@id\":\"https:\\\/\\\/www.cde.ual.es\\\/#organization\"},\"alternateName\":\"CDE Almer\u00eda\",\"potentialAction\":[{\"@type\":\"SearchAction\",\"target\":{\"@type\":\"EntryPoint\",\"urlTemplate\":\"https:\\\/\\\/www.cde.ual.es\\\/?s={search_term_string}\"},\"query-input\":{\"@type\":\"PropertyValueSpecification\",\"valueRequired\":true,\"valueName\":\"search_term_string\"}}],\"inLanguage\":\"en-US\"},{\"@type\":\"Organization\",\"@id\":\"https:\\\/\\\/www.cde.ual.es\\\/#organization\",\"name\":\"Centro de Documentaci\u00f3n Europea de Almer\u00eda\",\"url\":\"https:\\\/\\\/www.cde.ual.es\\\/\",\"logo\":{\"@type\":\"ImageObject\",\"inLanguage\":\"en-US\",\"@id\":\"https:\\\/\\\/www.cde.ual.es\\\/#\\\/schema\\\/logo\\\/image\\\/\",\"url\":\"https:\\\/\\\/www.cde.ual.es\\\/wp-content\\\/uploads\\\/2025\\\/07\\\/cde-logo-3.png\",\"contentUrl\":\"https:\\\/\\\/www.cde.ual.es\\\/wp-content\\\/uploads\\\/2025\\\/07\\\/cde-logo-3.png\",\"width\":1400,\"height\":300,\"caption\":\"Centro de Documentaci\u00f3n Europea de Almer\u00eda\"},\"image\":{\"@id\":\"https:\\\/\\\/www.cde.ual.es\\\/#\\\/schema\\\/logo\\\/image\\\/\"},\"sameAs\":[\"https:\\\/\\\/www.facebook.com\\\/cdeuniversidadalmeria\\\/\",\"https:\\\/\\\/x.com\\\/cdeualmeria\",\"https:\\\/\\\/www.tiktok.com\\\/@cdealmeria\",\"https:\\\/\\\/www.instagram.com\\\/cdealmeria\\\/\",\"https:\\\/\\\/www.linkedin.com\\\/in\\\/cde-almera-812b26a9\\\/\"]},{\"@type\":\"Person\",\"@id\":\"https:\\\/\\\/www.cde.ual.es\\\/#\\\/schema\\\/person\\\/ee46ebc19edfa19598c02cff83335acc\",\"name\":\"BECA 2 CDE\",\"image\":{\"@type\":\"ImageObject\",\"inLanguage\":\"en-US\",\"@id\":\"https:\\\/\\\/secure.gravatar.com\\\/avatar\\\/35a481bbc04bbd90e91bdfa3b0b5541036c222a49b9ad37b6889a2afcb5311a5?s=96&d=mm&r=g\",\"url\":\"https:\\\/\\\/secure.gravatar.com\\\/avatar\\\/35a481bbc04bbd90e91bdfa3b0b5541036c222a49b9ad37b6889a2afcb5311a5?s=96&d=mm&r=g\",\"contentUrl\":\"https:\\\/\\\/secure.gravatar.com\\\/avatar\\\/35a481bbc04bbd90e91bdfa3b0b5541036c222a49b9ad37b6889a2afcb5311a5?s=96&d=mm&r=g\",\"caption\":\"BECA 2 CDE\"},\"sameAs\":[\"http:\\\/\\\/www.cdealmeria.com\"]}]}<\/script>\n<!-- \/ Yoast SEO plugin. -->","yoast_head_json":{"title":"Ukraine: EU sanctions three individuals and one entity in relation to the use of Iranian drones in Russian aggression | CDE Almer\u00eda - Centro de Documentaci\u00f3n Europea - Universidad de Almer\u00eda","robots":{"index":"index","follow":"follow","max-snippet":"max-snippet:-1","max-image-preview":"max-image-preview:large","max-video-preview":"max-video-preview:-1"},"canonical":"https:\/\/www.cde.ual.es\/en\/ukraine-eu-sanctions-three-individuals-and-one-entity-in-relation-to-the-use-of-iranian-drones-in-russian-aggression\/","og_locale":"en_US","og_type":"article","og_title":"Ukraine: EU sanctions three individuals and one entity in relation to the use of Iranian drones in Russian aggression | CDE Almer\u00eda - Centro de Documentaci\u00f3n Europea - Universidad de Almer\u00eda","og_description":"The Council has added three Iranian individuals and one Iranian entity\u00a0to the list of those subject to restrictive measures for undermining or threatening the territorial integrity, sovereignty and independence of Ukraine. This is in view of their role in the\u00a0development and delivery of Unmanned Aerial Vehicles\u00a0(UAVs) used by Russia in its war against Ukraine. The [&hellip;]","og_url":"https:\/\/www.cde.ual.es\/en\/ukraine-eu-sanctions-three-individuals-and-one-entity-in-relation-to-the-use-of-iranian-drones-in-russian-aggression\/","og_site_name":"CDE Almer\u00eda - Centro de Documentaci\u00f3n Europea - Universidad de Almer\u00eda","article_publisher":"https:\/\/www.facebook.com\/cdeuniversidadalmeria\/","article_published_time":"2022-10-21T09:23:02+00:00","article_modified_time":"2022-10-21T09:36:43+00:00","og_image":[{"width":2560,"height":1707,"url":"https:\/\/www.cde.ual.es\/wp-content\/uploads\/2022\/10\/sina-drakhshani-YqaprnuJjSM-unsplash-scaled.jpg","type":"image\/jpeg"}],"author":"BECA 2 CDE","twitter_card":"summary_large_image","twitter_creator":"@cdeualmeria","twitter_site":"@cdeualmeria","twitter_misc":{"Written by":"BECA 2 CDE","Est. reading time":"3 minutes"},"schema":{"@context":"https:\/\/schema.org","@graph":[{"@type":"Article","@id":"https:\/\/www.cde.ual.es\/en\/ukraine-eu-sanctions-three-individuals-and-one-entity-in-relation-to-the-use-of-iranian-drones-in-russian-aggression\/#article","isPartOf":{"@id":"https:\/\/www.cde.ual.es\/en\/ukraine-eu-sanctions-three-individuals-and-one-entity-in-relation-to-the-use-of-iranian-drones-in-russian-aggression\/"},"author":{"name":"BECA 2 CDE","@id":"https:\/\/www.cde.ual.es\/#\/schema\/person\/ee46ebc19edfa19598c02cff83335acc"},"headline":"Ukraine: EU sanctions three individuals and one entity in relation to the use of Iranian drones in Russian aggression","datePublished":"2022-10-21T09:23:02+00:00","dateModified":"2022-10-21T09:36:43+00:00","mainEntityOfPage":{"@id":"https:\/\/www.cde.ual.es\/en\/ukraine-eu-sanctions-three-individuals-and-one-entity-in-relation-to-the-use-of-iranian-drones-in-russian-aggression\/"},"wordCount":508,"commentCount":0,"publisher":{"@id":"https:\/\/www.cde.ual.es\/#organization"},"image":{"@id":"https:\/\/www.cde.ual.es\/en\/ukraine-eu-sanctions-three-individuals-and-one-entity-in-relation-to-the-use-of-iranian-drones-in-russian-aggression\/#primaryimage"},"thumbnailUrl":"https:\/\/www.cde.ual.es\/wp-content\/uploads\/2022\/10\/sina-drakhshani-YqaprnuJjSM-unsplash-scaled.jpg","keywords":["drone","drones","EU","Ir\u00e1n","russia","Sanctions","war"],"articleSection":["EU News","Institutional Affairs"],"inLanguage":"en-US","potentialAction":[{"@type":"CommentAction","name":"Comment","target":["https:\/\/www.cde.ual.es\/en\/ukraine-eu-sanctions-three-individuals-and-one-entity-in-relation-to-the-use-of-iranian-drones-in-russian-aggression\/#respond"]}]},{"@type":"WebPage","@id":"https:\/\/www.cde.ual.es\/en\/ukraine-eu-sanctions-three-individuals-and-one-entity-in-relation-to-the-use-of-iranian-drones-in-russian-aggression\/","url":"https:\/\/www.cde.ual.es\/en\/ukraine-eu-sanctions-three-individuals-and-one-entity-in-relation-to-the-use-of-iranian-drones-in-russian-aggression\/","name":"Ukraine: EU sanctions three individuals and one entity in relation to the use of Iranian drones in Russian aggression | CDE Almer\u00eda - Centro de Documentaci\u00f3n Europea - Universidad de Almer\u00eda","isPartOf":{"@id":"https:\/\/www.cde.ual.es\/#website"},"primaryImageOfPage":{"@id":"https:\/\/www.cde.ual.es\/en\/ukraine-eu-sanctions-three-individuals-and-one-entity-in-relation-to-the-use-of-iranian-drones-in-russian-aggression\/#primaryimage"},"image":{"@id":"https:\/\/www.cde.ual.es\/en\/ukraine-eu-sanctions-three-individuals-and-one-entity-in-relation-to-the-use-of-iranian-drones-in-russian-aggression\/#primaryimage"},"thumbnailUrl":"https:\/\/www.cde.ual.es\/wp-content\/uploads\/2022\/10\/sina-drakhshani-YqaprnuJjSM-unsplash-scaled.jpg","datePublished":"2022-10-21T09:23:02+00:00","dateModified":"2022-10-21T09:36:43+00:00","breadcrumb":{"@id":"https:\/\/www.cde.ual.es\/en\/ukraine-eu-sanctions-three-individuals-and-one-entity-in-relation-to-the-use-of-iranian-drones-in-russian-aggression\/#breadcrumb"},"inLanguage":"en-US","potentialAction":[{"@type":"ReadAction","target":["https:\/\/www.cde.ual.es\/en\/ukraine-eu-sanctions-three-individuals-and-one-entity-in-relation-to-the-use-of-iranian-drones-in-russian-aggression\/"]}]},{"@type":"ImageObject","inLanguage":"en-US","@id":"https:\/\/www.cde.ual.es\/en\/ukraine-eu-sanctions-three-individuals-and-one-entity-in-relation-to-the-use-of-iranian-drones-in-russian-aggression\/#primaryimage","url":"https:\/\/www.cde.ual.es\/wp-content\/uploads\/2022\/10\/sina-drakhshani-YqaprnuJjSM-unsplash-scaled.jpg","contentUrl":"https:\/\/www.cde.ual.es\/wp-content\/uploads\/2022\/10\/sina-drakhshani-YqaprnuJjSM-unsplash-scaled.jpg","width":2560,"height":1707,"caption":"Bandera iran\u00ed"},{"@type":"BreadcrumbList","@id":"https:\/\/www.cde.ual.es\/en\/ukraine-eu-sanctions-three-individuals-and-one-entity-in-relation-to-the-use-of-iranian-drones-in-russian-aggression\/#breadcrumb","itemListElement":[{"@type":"ListItem","position":1,"name":"Inicio","item":"https:\/\/www.cde.ual.es\/en\/"},{"@type":"ListItem","position":2,"name":"EU News","item":"https:\/\/www.cde.ual.es\/en\/category\/eu-news\/"},{"@type":"ListItem","position":3,"name":"Institutional Affairs","item":"https:\/\/www.cde.ual.es\/en\/category\/eu-news\/institutional\/"},{"@type":"ListItem","position":4,"name":"Ukraine: EU sanctions three individuals and one entity in relation to the use of Iranian drones in Russian aggression"}]},{"@type":"WebSite","@id":"https:\/\/www.cde.ual.es\/#website","url":"https:\/\/www.cde.ual.es\/","name":"CDE Almer\u00eda - Centro de Documentaci\u00f3n Europea - Universidad de Almer\u00eda","description":"Centro de Documentaci\u00f3n Europea de la Universidad de Almer\u00eda","publisher":{"@id":"https:\/\/www.cde.ual.es\/#organization"},"alternateName":"CDE Almer\u00eda","potentialAction":[{"@type":"SearchAction","target":{"@type":"EntryPoint","urlTemplate":"https:\/\/www.cde.ual.es\/?s={search_term_string}"},"query-input":{"@type":"PropertyValueSpecification","valueRequired":true,"valueName":"search_term_string"}}],"inLanguage":"en-US"},{"@type":"Organization","@id":"https:\/\/www.cde.ual.es\/#organization","name":"Centro de Documentaci\u00f3n Europea de Almer\u00eda","url":"https:\/\/www.cde.ual.es\/","logo":{"@type":"ImageObject","inLanguage":"en-US","@id":"https:\/\/www.cde.ual.es\/#\/schema\/logo\/image\/","url":"https:\/\/www.cde.ual.es\/wp-content\/uploads\/2025\/07\/cde-logo-3.png","contentUrl":"https:\/\/www.cde.ual.es\/wp-content\/uploads\/2025\/07\/cde-logo-3.png","width":1400,"height":300,"caption":"Centro de Documentaci\u00f3n Europea de Almer\u00eda"},"image":{"@id":"https:\/\/www.cde.ual.es\/#\/schema\/logo\/image\/"},"sameAs":["https:\/\/www.facebook.com\/cdeuniversidadalmeria\/","https:\/\/x.com\/cdeualmeria","https:\/\/www.tiktok.com\/@cdealmeria","https:\/\/www.instagram.com\/cdealmeria\/","https:\/\/www.linkedin.com\/in\/cde-almera-812b26a9\/"]},{"@type":"Person","@id":"https:\/\/www.cde.ual.es\/#\/schema\/person\/ee46ebc19edfa19598c02cff83335acc","name":"BECA 2 CDE","image":{"@type":"ImageObject","inLanguage":"en-US","@id":"https:\/\/secure.gravatar.com\/avatar\/35a481bbc04bbd90e91bdfa3b0b5541036c222a49b9ad37b6889a2afcb5311a5?s=96&d=mm&r=g","url":"https:\/\/secure.gravatar.com\/avatar\/35a481bbc04bbd90e91bdfa3b0b5541036c222a49b9ad37b6889a2afcb5311a5?s=96&d=mm&r=g","contentUrl":"https:\/\/secure.gravatar.com\/avatar\/35a481bbc04bbd90e91bdfa3b0b5541036c222a49b9ad37b6889a2afcb5311a5?s=96&d=mm&r=g","caption":"BECA 2 CDE"},"sameAs":["http:\/\/www.cdealmeria.com"]}]}},"_links":{"self":[{"href":"https:\/\/www.cde.ual.es\/en\/wp-json\/wp\/v2\/posts\/121063","targetHints":{"allow":["GET"]}}],"collection":[{"href":"https:\/\/www.cde.ual.es\/en\/wp-json\/wp\/v2\/posts"}],"about":[{"href":"https:\/\/www.cde.ual.es\/en\/wp-json\/wp\/v2\/types\/post"}],"author":[{"embeddable":true,"href":"https:\/\/www.cde.ual.es\/en\/wp-json\/wp\/v2\/users\/101011"}],"replies":[{"embeddable":true,"href":"https:\/\/www.cde.ual.es\/en\/wp-json\/wp\/v2\/comments?post=121063"}],"version-history":[{"count":2,"href":"https:\/\/www.cde.ual.es\/en\/wp-json\/wp\/v2\/posts\/121063\/revisions"}],"predecessor-version":[{"id":121070,"href":"https:\/\/www.cde.ual.es\/en\/wp-json\/wp\/v2\/posts\/121063\/revisions\/121070"}],"wp:featuredmedia":[{"embeddable":true,"href":"https:\/\/www.cde.ual.es\/en\/wp-json\/wp\/v2\/media\/121065"}],"wp:attachment":[{"href":"https:\/\/www.cde.ual.es\/en\/wp-json\/wp\/v2\/media?parent=121063"}],"wp:term":[{"taxonomy":"category","embeddable":true,"href":"https:\/\/www.cde.ual.es\/en\/wp-json\/wp\/v2\/categories?post=121063"},{"taxonomy":"post_tag","embeddable":true,"href":"https:\/\/www.cde.ual.es\/en\/wp-json\/wp\/v2\/tags?post=121063"}],"curies":[{"name":"wp","href":"https:\/\/api.w.org\/{rel}","templated":true}]}}