{"id":12069,"date":"2019-01-28T08:00:08","date_gmt":"2019-01-28T07:00:08","guid":{"rendered":"http:\/\/www.cde.ual.es\/?p=12069"},"modified":"2019-02-21T15:32:47","modified_gmt":"2019-02-21T14:32:47","slug":"la-comision-presenta-su-respuesta-al-antisemitismo-y-un-estudio-que-indica-que-el-antisemitismo-esta-aumentando-en-la-ue","status":"publish","type":"post","link":"https:\/\/www.cde.ual.es\/en\/la-comision-presenta-su-respuesta-al-antisemitismo-y-un-estudio-que-indica-que-el-antisemitismo-esta-aumentando-en-la-ue\/","title":{"rendered":"La Comisi\u00f3n presenta su respuesta al antisemitismo y un estudio que indica que el antisemitismo est\u00e1 aumentando en la UE"},"content":{"rendered":"\r\n<p>&nbsp;<\/p>\r\n\r\n\r\n\r\n<figure class=\"wp-block-image\"><img decoding=\"async\" width=\"940\" height=\"553\" class=\"wp-image-12071\" src=\"http:\/\/www.cde.ual.es\/wp-content\/uploads\/2019\/01\/Antisemitismo-1.png\" alt=\"\" srcset=\"https:\/\/www.cde.ual.es\/wp-content\/uploads\/2019\/01\/Antisemitismo-1.png 940w, https:\/\/www.cde.ual.es\/wp-content\/uploads\/2019\/01\/Antisemitismo-1-300x176.png 300w, https:\/\/www.cde.ual.es\/wp-content\/uploads\/2019\/01\/Antisemitismo-1-768x452.png 768w\" sizes=\"(max-width: 940px) 100vw, 940px\" \/><\/figure>\r\n\r\n\r\n\r\n<p>La Comisi\u00f3n ha respondido hoy a una nueva encuesta realizada por la Agencia de los Derechos Fundamentales de la UE, la cual muestra que nueve de cada diez jud\u00edos europeos creen que el antisemitismo ha aumentado durante los cinco \u00faltimos a\u00f1os.<\/p>\r\n\r\n\r\n\r\n<p>Las conclusiones de la \u00faltima encuesta de esta Agencia sobre el antisemitismo son especialmente preocupantes: el 85\u00a0% de los jud\u00edos europeos consideran que el antisemitismo es el mayor problema social o pol\u00edtico en su pa\u00eds de origen. Otras cifras indican, entre otras cosas, que el antisemitismo es persistente y est\u00e1 teniendo repercusiones en la vida cotidiana de los jud\u00edos europeos en toda la UE:<\/p>\r\n\r\n\r\n\r\n<ul class=\"wp-block-list\">\r\n<li>el 89\u00a0% de los jud\u00edos creen que el antisemitismo es sobre todo problem\u00e1tico en internet y en los medios sociales;<\/li>\r\n<li>el 28\u00a0% de los encuestados han sido objeto de acoso al menos una vez el a\u00f1o pasado;<\/li>\r\n<li>el 79\u00a0% de los jud\u00edos que han sufrido acoso antisemita en los cinco \u00faltimos a\u00f1os no lo denunciaron a la polic\u00eda o a otra organizaci\u00f3n;<\/li>\r\n<li>el 34\u00a0% evitan acudir a eventos o lugares jud\u00edos por no sentirse seguros;<\/li>\r\n<li>el 38\u00a0% han pensado en emigrar, porque no se sent\u00edan seguros como jud\u00edos en Europa;<\/li>\r\n<li>el 70\u00a0% consideran que los esfuerzos de los Estados miembros por luchar contra el antisemitismo no son eficaces.\u00a0<\/li>\r\n<\/ul>\r\n\r\n\r\n\r\n<p>Los resultados de la encuesta confirman la importancia de la labor pasada y presente de la Comisi\u00f3n Europea para oponerse al antisemitismo.<\/p>\r\n\r\n\r\n\r\n<h3 class=\"wp-block-heading\"><strong>Respuesta de la Comisi\u00f3n al antisemitismo<\/strong><\/h3>\r\n\r\n\r\n\r\n<p>En respuesta al creciente antisemitismo, la Comisi\u00f3n design\u00f3 en 2015 a un coordinador en materia de lucha contra el antisemitismo que se mantiene en contacto con las comunidades jud\u00edas y refuerza la cooperaci\u00f3n con las organizaciones activas en la materia.<\/p>\r\n\r\n\r\n\r\n<p>El aumento del antisemitismo en Europa es especialmente preocupante en internet, como indica esta encuesta. Desde 2016, la Comisi\u00f3n ha trabajado intensamente para hacer frente a este reto mediante el\u00a0<a href=\"http:\/\/europa.eu\/rapid\/press-release_IP-18-261_es.htm\">C\u00f3digo de conducta<\/a>\u00a0en materia de incitaci\u00f3n ilegal al odio en Internet. Las grandes empresas inform\u00e1ticas (Facebook, Twitter, YouTube y Microsoft) han acordado examinar los casos de incitaci\u00f3n ilegal al odio que se les se\u00f1alen en un plazo de 24 horas y, cuando sea necesario, proceder a su supresi\u00f3n. A lo largo de 2018, Google+, Snapchat, Instagram y Dailymotion tambi\u00e9n se adhirieron al C\u00f3digo de Conducta. Los resultados de esta medida volver\u00e1n a evaluarse a principios del pr\u00f3ximo a\u00f1o. M\u00e1s recientemente, la Comisi\u00f3n ha propuesto una\u00a0<a href=\"http:\/\/europa.eu\/rapid\/press-release_IP-18-5561_es.htm\">normativa para garantizar que se eliminen contenidos terroristas en l\u00ednea<\/a>\u00a0en el plazo de una hora desde la emisi\u00f3n de una orden de retirada por las autoridades nacionales competentes.<\/p>\r\n\r\n\r\n\r\n<p>Sin embargo, la obligaci\u00f3n de proteger a los ciudadanos recae en primer lugar en los propios Estados miembros. A este respecto, es importante se\u00f1alar que, el 6 de diciembre de 2018, todos los pa\u00edses de la UE aprobaron por unanimidad la \u00ab<a href=\"https:\/\/www.consilium.europa.eu\/en\/press\/press-releases\/2018\/12\/06\/fight-against-antisemitism-council-declaration\/\">Declaraci\u00f3n<\/a>\u00a0sobre la lucha contra el antisemitismo y el desarrollo de un enfoque com\u00fan de la seguridad para proteger mejor a las comunidades y las instituciones jud\u00edas en Europa\u00bb. Esto constituye una se\u00f1al importante que demuestra que la UE y sus Estados miembros trabajan codo con codo con la comunidad jud\u00eda a fin de garantizar su seguridad y bienestar. Tambi\u00e9n se pide a los Estados miembros que utilicen la definici\u00f3n de antisemitismo de la Alianza Internacional para el Recuerdo del Holocausto como una herramienta de orientaci\u00f3n, lo que constituir\u00eda un importante paso en la lucha contra el antisemitismo.<\/p>\r\n\r\n\r\n\r\n<h3 class=\"wp-block-heading\"><strong>Contexto<\/strong><\/h3>\r\n\r\n\r\n\r\n<p>La Comisi\u00f3n Europea encomend\u00f3 a la\u00a0<a href=\"http:\/\/fra.europa.eu\/en\/publication\/2018\/2nd-survey-discrimination-hate-crime-against-jews\">Agencia de los Derechos Fundamentales de la Uni\u00f3n Europea<\/a>\u00a0que llevara a cabo una encuesta sobre las experiencias de la comunidad jud\u00eda con el antisemitismo. Esta es la mayor encuesta de su tipo, ya que se ha encuestado a m\u00e1s de 16 300 personas en los doce pa\u00edses (Alemania, Austria, B\u00e9lgica, Dinamarca, Espa\u00f1a, Francia, Hungr\u00eda, Italia, los Pa\u00edses Bajos, Polonia, el Reino Unido y Suecia) en los que residen el 96\u00a0% de los jud\u00edos europeos.<\/p>\r\n\r\n\r\n\r\n<p>Con ocasi\u00f3n del D\u00eda Internacional de los Derechos Humanos, la comisaria\u00a0<strong>Jourov\u00e1<\/strong>\u00a0presentar\u00e1 esta tarde los resultados de la encuesta, en un acto en el Consejo en el que participar\u00e1n representantes de las comunidades y las organizaciones jud\u00edas, responsables pol\u00edticos de los Estados miembros, y representantes de la sociedad civil y de los medios de comunicaci\u00f3n y expertos en la lucha contra el racismo y la discriminaci\u00f3n. A la presentaci\u00f3n de las conclusiones de la encuesta seguir\u00e1 un debate con representantes de instituciones de la comunidad jud\u00eda.<\/p>\r\n\r\n\r\n\r\n<h3 class=\"wp-block-heading\"><strong>M\u00e1s informaci\u00f3n<\/strong><\/h3>\r\n\r\n\r\n\r\n<p><a href=\"http:\/\/europa.eu\/rapid\/press-release_IP-18-6724_es.htm\">Noticia Completa<\/a><\/p>\r\n\r\n\r\n\r\n<p><a href=\"http:\/\/fra.europa.eu\/en\/publication\/2018\/2nd-survey-discrimination-hate-crime-against-jews\">Informe y comunicado de prensa de la Agencia de los Derechos Fundamentales sobre el antisemitismo<\/a><\/p>\r\n\r\n\r\n\r\n<p><a href=\"https:\/\/ec.europa.eu\/avservices\/ebs\/schedule.cfm?page=2&amp;date=12\/10\/2018&amp;institution=Council%20of%20the%20European%20Union#s423843\">Retransmisi\u00f3n por internet<\/a>\u00a0de la presentaci\u00f3n de la encuesta en el Consejo<\/p>\r\n\r\n\r\n\r\n<p><a href=\"http:\/\/europa.eu\/rapid\/press-release_STATEMENT-18-6686_en.htm\">Declaraci\u00f3n<\/a>\u00a0sobre la Declaraci\u00f3n del Consejo sobre la lucha contra el antisemitismo\u00a0<\/p>\r\n\r\n\r\n\r\n<p><a href=\"https:\/\/ec.europa.eu\/newsroom\/just\/item-detail.cfm?item_id=50144\">Medidas de la UE contra el antisemitismo<\/a><\/p>\r\n","protected":false},"excerpt":{"rendered":"<p>&nbsp; La Comisi\u00f3n ha respondido hoy a una nueva encuesta realizada por la Agencia de los Derechos Fundamentales de la UE, la cual muestra que nueve de cada diez jud\u00edos europeos creen que el antisemitismo ha aumentado durante los cinco \u00faltimos a\u00f1os. Las conclusiones de la \u00faltima encuesta de esta Agencia sobre el antisemitismo son [&hellip;]<\/p>\n","protected":false},"author":1,"featured_media":12070,"comment_status":"open","ping_status":"open","sticky":false,"template":"","format":"standard","meta":{"_acf_changed":false,"_relevanssi_hide_post":"","_relevanssi_hide_content":"","_relevanssi_pin_for_all":"","_relevanssi_pin_keywords":"","_relevanssi_unpin_keywords":"","_relevanssi_related_keywords":"","_relevanssi_related_include_ids":"","_relevanssi_related_exclude_ids":"","_relevanssi_related_no_append":"","_relevanssi_related_not_related":"","_relevanssi_related_posts":"","_relevanssi_noindex_reason":"","_monsterinsights_skip_tracking":false,"_monsterinsights_sitenote_active":false,"_monsterinsights_sitenote_note":"","_monsterinsights_sitenote_category":0,"_genesis_hide_title":false,"_genesis_hide_breadcrumbs":false,"_genesis_hide_singular_image":false,"_genesis_hide_footer_widgets":false,"_genesis_custom_body_class":"","_genesis_custom_post_class":"","_genesis_layout":"","footnotes":""},"categories":[96],"tags":[345,325,334],"class_list":{"0":"post-12069","1":"post","2":"type-post","3":"status-publish","4":"format-standard","5":"has-post-thumbnail","7":"category-noticias-ue","8":"tag-antisemitismo","9":"tag-igualdad","10":"tag-union-eruopea","11":"entry"},"acf":[],"yoast_head":"<!-- This site is optimized with the Yoast SEO plugin v27.5 - https:\/\/yoast.com\/product\/yoast-seo-wordpress\/ -->\n<title>La Comisi\u00f3n presenta su respuesta al antisemitismo y un estudio que indica que el antisemitismo est\u00e1 aumentando en la UE | CDE Almer\u00eda - Centro de Documentaci\u00f3n Europea - Universidad de Almer\u00eda<\/title>\n<meta name=\"robots\" content=\"index, follow, max-snippet:-1, max-image-preview:large, max-video-preview:-1\" \/>\n<link rel=\"canonical\" href=\"https:\/\/www.cde.ual.es\/en\/la-comision-presenta-su-respuesta-al-antisemitismo-y-un-estudio-que-indica-que-el-antisemitismo-esta-aumentando-en-la-ue\/\" \/>\n<meta property=\"og:locale\" content=\"en_US\" \/>\n<meta property=\"og:type\" content=\"article\" \/>\n<meta property=\"og:title\" content=\"La Comisi\u00f3n presenta su respuesta al antisemitismo y un estudio que indica que el antisemitismo est\u00e1 aumentando en la UE | CDE Almer\u00eda - Centro de Documentaci\u00f3n Europea - Universidad de Almer\u00eda\" \/>\n<meta property=\"og:description\" content=\"&nbsp; La Comisi\u00f3n ha respondido hoy a una nueva encuesta realizada por la Agencia de los Derechos Fundamentales de la UE, la cual muestra que nueve de cada diez jud\u00edos europeos creen que el antisemitismo ha aumentado durante los cinco \u00faltimos a\u00f1os. Las conclusiones de la \u00faltima encuesta de esta Agencia sobre el antisemitismo son [&hellip;]\" \/>\n<meta property=\"og:url\" content=\"https:\/\/www.cde.ual.es\/en\/la-comision-presenta-su-respuesta-al-antisemitismo-y-un-estudio-que-indica-que-el-antisemitismo-esta-aumentando-en-la-ue\/\" \/>\n<meta property=\"og:site_name\" content=\"CDE Almer\u00eda - Centro de Documentaci\u00f3n Europea - Universidad de Almer\u00eda\" \/>\n<meta property=\"article:publisher\" content=\"https:\/\/www.facebook.com\/cdeuniversidadalmeria\/\" \/>\n<meta property=\"article:published_time\" content=\"2019-01-28T07:00:08+00:00\" \/>\n<meta property=\"article:modified_time\" content=\"2019-02-21T14:32:47+00:00\" \/>\n<meta property=\"og:image\" content=\"https:\/\/www.cde.ual.es\/wp-content\/uploads\/2019\/01\/Antisemitismo.png\" \/>\n\t<meta property=\"og:image:width\" content=\"940\" \/>\n\t<meta property=\"og:image:height\" content=\"553\" \/>\n\t<meta property=\"og:image:type\" content=\"image\/png\" \/>\n<meta name=\"author\" content=\"AdminCDE\" \/>\n<meta name=\"twitter:card\" content=\"summary_large_image\" \/>\n<meta name=\"twitter:creator\" content=\"@cdeualmeria\" \/>\n<meta name=\"twitter:site\" content=\"@cdeualmeria\" \/>\n<meta name=\"twitter:label1\" content=\"Written by\" \/>\n\t<meta name=\"twitter:data1\" content=\"AdminCDE\" \/>\n\t<meta name=\"twitter:label2\" content=\"Est. reading time\" \/>\n\t<meta name=\"twitter:data2\" content=\"4 minutes\" \/>\n<script type=\"application\/ld+json\" class=\"yoast-schema-graph\">{\"@context\":\"https:\\\/\\\/schema.org\",\"@graph\":[{\"@type\":\"Article\",\"@id\":\"https:\\\/\\\/www.cde.ual.es\\\/en\\\/la-comision-presenta-su-respuesta-al-antisemitismo-y-un-estudio-que-indica-que-el-antisemitismo-esta-aumentando-en-la-ue\\\/#article\",\"isPartOf\":{\"@id\":\"https:\\\/\\\/www.cde.ual.es\\\/en\\\/la-comision-presenta-su-respuesta-al-antisemitismo-y-un-estudio-que-indica-que-el-antisemitismo-esta-aumentando-en-la-ue\\\/\"},\"author\":{\"name\":\"AdminCDE\",\"@id\":\"https:\\\/\\\/www.cde.ual.es\\\/#\\\/schema\\\/person\\\/224ef08c8bcc005f319d2713ce37ee5f\"},\"headline\":\"La Comisi\u00f3n presenta su respuesta al antisemitismo y un estudio que indica que el antisemitismo est\u00e1 aumentando en la UE\",\"datePublished\":\"2019-01-28T07:00:08+00:00\",\"dateModified\":\"2019-02-21T14:32:47+00:00\",\"mainEntityOfPage\":{\"@id\":\"https:\\\/\\\/www.cde.ual.es\\\/en\\\/la-comision-presenta-su-respuesta-al-antisemitismo-y-un-estudio-que-indica-que-el-antisemitismo-esta-aumentando-en-la-ue\\\/\"},\"wordCount\":865,\"commentCount\":0,\"publisher\":{\"@id\":\"https:\\\/\\\/www.cde.ual.es\\\/#organization\"},\"image\":{\"@id\":\"https:\\\/\\\/www.cde.ual.es\\\/en\\\/la-comision-presenta-su-respuesta-al-antisemitismo-y-un-estudio-que-indica-que-el-antisemitismo-esta-aumentando-en-la-ue\\\/#primaryimage\"},\"thumbnailUrl\":\"https:\\\/\\\/www.cde.ual.es\\\/wp-content\\\/uploads\\\/2019\\\/01\\\/Antisemitismo.png\",\"keywords\":[\"Antisemitismo\",\"Igualdad\",\"Uni\u00f3n Eruopea\"],\"articleSection\":[\"Noticias UE\"],\"inLanguage\":\"en-US\",\"potentialAction\":[{\"@type\":\"CommentAction\",\"name\":\"Comment\",\"target\":[\"https:\\\/\\\/www.cde.ual.es\\\/en\\\/la-comision-presenta-su-respuesta-al-antisemitismo-y-un-estudio-que-indica-que-el-antisemitismo-esta-aumentando-en-la-ue\\\/#respond\"]}]},{\"@type\":\"WebPage\",\"@id\":\"https:\\\/\\\/www.cde.ual.es\\\/en\\\/la-comision-presenta-su-respuesta-al-antisemitismo-y-un-estudio-que-indica-que-el-antisemitismo-esta-aumentando-en-la-ue\\\/\",\"url\":\"https:\\\/\\\/www.cde.ual.es\\\/en\\\/la-comision-presenta-su-respuesta-al-antisemitismo-y-un-estudio-que-indica-que-el-antisemitismo-esta-aumentando-en-la-ue\\\/\",\"name\":\"La Comisi\u00f3n presenta su respuesta al antisemitismo y un estudio que indica que el antisemitismo est\u00e1 aumentando en la UE | CDE Almer\u00eda - Centro de Documentaci\u00f3n Europea - Universidad de Almer\u00eda\",\"isPartOf\":{\"@id\":\"https:\\\/\\\/www.cde.ual.es\\\/#website\"},\"primaryImageOfPage\":{\"@id\":\"https:\\\/\\\/www.cde.ual.es\\\/en\\\/la-comision-presenta-su-respuesta-al-antisemitismo-y-un-estudio-que-indica-que-el-antisemitismo-esta-aumentando-en-la-ue\\\/#primaryimage\"},\"image\":{\"@id\":\"https:\\\/\\\/www.cde.ual.es\\\/en\\\/la-comision-presenta-su-respuesta-al-antisemitismo-y-un-estudio-que-indica-que-el-antisemitismo-esta-aumentando-en-la-ue\\\/#primaryimage\"},\"thumbnailUrl\":\"https:\\\/\\\/www.cde.ual.es\\\/wp-content\\\/uploads\\\/2019\\\/01\\\/Antisemitismo.png\",\"datePublished\":\"2019-01-28T07:00:08+00:00\",\"dateModified\":\"2019-02-21T14:32:47+00:00\",\"breadcrumb\":{\"@id\":\"https:\\\/\\\/www.cde.ual.es\\\/en\\\/la-comision-presenta-su-respuesta-al-antisemitismo-y-un-estudio-que-indica-que-el-antisemitismo-esta-aumentando-en-la-ue\\\/#breadcrumb\"},\"inLanguage\":\"en-US\",\"potentialAction\":[{\"@type\":\"ReadAction\",\"target\":[\"https:\\\/\\\/www.cde.ual.es\\\/en\\\/la-comision-presenta-su-respuesta-al-antisemitismo-y-un-estudio-que-indica-que-el-antisemitismo-esta-aumentando-en-la-ue\\\/\"]}]},{\"@type\":\"ImageObject\",\"inLanguage\":\"en-US\",\"@id\":\"https:\\\/\\\/www.cde.ual.es\\\/en\\\/la-comision-presenta-su-respuesta-al-antisemitismo-y-un-estudio-que-indica-que-el-antisemitismo-esta-aumentando-en-la-ue\\\/#primaryimage\",\"url\":\"https:\\\/\\\/www.cde.ual.es\\\/wp-content\\\/uploads\\\/2019\\\/01\\\/Antisemitismo.png\",\"contentUrl\":\"https:\\\/\\\/www.cde.ual.es\\\/wp-content\\\/uploads\\\/2019\\\/01\\\/Antisemitismo.png\",\"width\":940,\"height\":553},{\"@type\":\"BreadcrumbList\",\"@id\":\"https:\\\/\\\/www.cde.ual.es\\\/en\\\/la-comision-presenta-su-respuesta-al-antisemitismo-y-un-estudio-que-indica-que-el-antisemitismo-esta-aumentando-en-la-ue\\\/#breadcrumb\",\"itemListElement\":[{\"@type\":\"ListItem\",\"position\":1,\"name\":\"Inicio\",\"item\":\"https:\\\/\\\/www.cde.ual.es\\\/en\\\/\"},{\"@type\":\"ListItem\",\"position\":2,\"name\":\"EU News\",\"item\":\"https:\\\/\\\/www.cde.ual.es\\\/en\\\/category\\\/eu-news\\\/\"},{\"@type\":\"ListItem\",\"position\":3,\"name\":\"La Comisi\u00f3n presenta su respuesta al antisemitismo y un estudio que indica que el antisemitismo est\u00e1 aumentando en la UE\"}]},{\"@type\":\"WebSite\",\"@id\":\"https:\\\/\\\/www.cde.ual.es\\\/#website\",\"url\":\"https:\\\/\\\/www.cde.ual.es\\\/\",\"name\":\"CDE Almer\u00eda - Centro de Documentaci\u00f3n Europea - Universidad de Almer\u00eda\",\"description\":\"Centro de Documentaci\u00f3n Europea de la Universidad de Almer\u00eda\",\"publisher\":{\"@id\":\"https:\\\/\\\/www.cde.ual.es\\\/#organization\"},\"alternateName\":\"CDE Almer\u00eda\",\"potentialAction\":[{\"@type\":\"SearchAction\",\"target\":{\"@type\":\"EntryPoint\",\"urlTemplate\":\"https:\\\/\\\/www.cde.ual.es\\\/?s={search_term_string}\"},\"query-input\":{\"@type\":\"PropertyValueSpecification\",\"valueRequired\":true,\"valueName\":\"search_term_string\"}}],\"inLanguage\":\"en-US\"},{\"@type\":\"Organization\",\"@id\":\"https:\\\/\\\/www.cde.ual.es\\\/#organization\",\"name\":\"Centro de Documentaci\u00f3n Europea de Almer\u00eda\",\"url\":\"https:\\\/\\\/www.cde.ual.es\\\/\",\"logo\":{\"@type\":\"ImageObject\",\"inLanguage\":\"en-US\",\"@id\":\"https:\\\/\\\/www.cde.ual.es\\\/#\\\/schema\\\/logo\\\/image\\\/\",\"url\":\"https:\\\/\\\/www.cde.ual.es\\\/wp-content\\\/uploads\\\/2025\\\/07\\\/cde-logo-3.png\",\"contentUrl\":\"https:\\\/\\\/www.cde.ual.es\\\/wp-content\\\/uploads\\\/2025\\\/07\\\/cde-logo-3.png\",\"width\":1400,\"height\":300,\"caption\":\"Centro de Documentaci\u00f3n Europea de Almer\u00eda\"},\"image\":{\"@id\":\"https:\\\/\\\/www.cde.ual.es\\\/#\\\/schema\\\/logo\\\/image\\\/\"},\"sameAs\":[\"https:\\\/\\\/www.facebook.com\\\/cdeuniversidadalmeria\\\/\",\"https:\\\/\\\/x.com\\\/cdeualmeria\",\"https:\\\/\\\/www.tiktok.com\\\/@cdealmeria\",\"https:\\\/\\\/www.instagram.com\\\/cdealmeria\\\/\",\"https:\\\/\\\/www.linkedin.com\\\/in\\\/cde-almera-812b26a9\\\/\"]},{\"@type\":\"Person\",\"@id\":\"https:\\\/\\\/www.cde.ual.es\\\/#\\\/schema\\\/person\\\/224ef08c8bcc005f319d2713ce37ee5f\",\"name\":\"AdminCDE\",\"image\":{\"@type\":\"ImageObject\",\"inLanguage\":\"en-US\",\"@id\":\"https:\\\/\\\/secure.gravatar.com\\\/avatar\\\/a72d038d371f995cd13706fac32274b7952a52e8fb0a84b5f80c85426f2a98a8?s=96&d=mm&r=g\",\"url\":\"https:\\\/\\\/secure.gravatar.com\\\/avatar\\\/a72d038d371f995cd13706fac32274b7952a52e8fb0a84b5f80c85426f2a98a8?s=96&d=mm&r=g\",\"contentUrl\":\"https:\\\/\\\/secure.gravatar.com\\\/avatar\\\/a72d038d371f995cd13706fac32274b7952a52e8fb0a84b5f80c85426f2a98a8?s=96&d=mm&r=g\",\"caption\":\"AdminCDE\"}}]}<\/script>\n<!-- \/ Yoast SEO plugin. -->","yoast_head_json":{"title":"La Comisi\u00f3n presenta su respuesta al antisemitismo y un estudio que indica que el antisemitismo est\u00e1 aumentando en la UE | CDE Almer\u00eda - Centro de Documentaci\u00f3n Europea - Universidad de Almer\u00eda","robots":{"index":"index","follow":"follow","max-snippet":"max-snippet:-1","max-image-preview":"max-image-preview:large","max-video-preview":"max-video-preview:-1"},"canonical":"https:\/\/www.cde.ual.es\/en\/la-comision-presenta-su-respuesta-al-antisemitismo-y-un-estudio-que-indica-que-el-antisemitismo-esta-aumentando-en-la-ue\/","og_locale":"en_US","og_type":"article","og_title":"La Comisi\u00f3n presenta su respuesta al antisemitismo y un estudio que indica que el antisemitismo est\u00e1 aumentando en la UE | CDE Almer\u00eda - Centro de Documentaci\u00f3n Europea - Universidad de Almer\u00eda","og_description":"&nbsp; La Comisi\u00f3n ha respondido hoy a una nueva encuesta realizada por la Agencia de los Derechos Fundamentales de la UE, la cual muestra que nueve de cada diez jud\u00edos europeos creen que el antisemitismo ha aumentado durante los cinco \u00faltimos a\u00f1os. Las conclusiones de la \u00faltima encuesta de esta Agencia sobre el antisemitismo son [&hellip;]","og_url":"https:\/\/www.cde.ual.es\/en\/la-comision-presenta-su-respuesta-al-antisemitismo-y-un-estudio-que-indica-que-el-antisemitismo-esta-aumentando-en-la-ue\/","og_site_name":"CDE Almer\u00eda - Centro de Documentaci\u00f3n Europea - Universidad de Almer\u00eda","article_publisher":"https:\/\/www.facebook.com\/cdeuniversidadalmeria\/","article_published_time":"2019-01-28T07:00:08+00:00","article_modified_time":"2019-02-21T14:32:47+00:00","og_image":[{"width":940,"height":553,"url":"https:\/\/www.cde.ual.es\/wp-content\/uploads\/2019\/01\/Antisemitismo.png","type":"image\/png"}],"author":"AdminCDE","twitter_card":"summary_large_image","twitter_creator":"@cdeualmeria","twitter_site":"@cdeualmeria","twitter_misc":{"Written by":"AdminCDE","Est. reading time":"4 minutes"},"schema":{"@context":"https:\/\/schema.org","@graph":[{"@type":"Article","@id":"https:\/\/www.cde.ual.es\/en\/la-comision-presenta-su-respuesta-al-antisemitismo-y-un-estudio-que-indica-que-el-antisemitismo-esta-aumentando-en-la-ue\/#article","isPartOf":{"@id":"https:\/\/www.cde.ual.es\/en\/la-comision-presenta-su-respuesta-al-antisemitismo-y-un-estudio-que-indica-que-el-antisemitismo-esta-aumentando-en-la-ue\/"},"author":{"name":"AdminCDE","@id":"https:\/\/www.cde.ual.es\/#\/schema\/person\/224ef08c8bcc005f319d2713ce37ee5f"},"headline":"La Comisi\u00f3n presenta su respuesta al antisemitismo y un estudio que indica que el antisemitismo est\u00e1 aumentando en la UE","datePublished":"2019-01-28T07:00:08+00:00","dateModified":"2019-02-21T14:32:47+00:00","mainEntityOfPage":{"@id":"https:\/\/www.cde.ual.es\/en\/la-comision-presenta-su-respuesta-al-antisemitismo-y-un-estudio-que-indica-que-el-antisemitismo-esta-aumentando-en-la-ue\/"},"wordCount":865,"commentCount":0,"publisher":{"@id":"https:\/\/www.cde.ual.es\/#organization"},"image":{"@id":"https:\/\/www.cde.ual.es\/en\/la-comision-presenta-su-respuesta-al-antisemitismo-y-un-estudio-que-indica-que-el-antisemitismo-esta-aumentando-en-la-ue\/#primaryimage"},"thumbnailUrl":"https:\/\/www.cde.ual.es\/wp-content\/uploads\/2019\/01\/Antisemitismo.png","keywords":["Antisemitismo","Igualdad","Uni\u00f3n Eruopea"],"articleSection":["Noticias UE"],"inLanguage":"en-US","potentialAction":[{"@type":"CommentAction","name":"Comment","target":["https:\/\/www.cde.ual.es\/en\/la-comision-presenta-su-respuesta-al-antisemitismo-y-un-estudio-que-indica-que-el-antisemitismo-esta-aumentando-en-la-ue\/#respond"]}]},{"@type":"WebPage","@id":"https:\/\/www.cde.ual.es\/en\/la-comision-presenta-su-respuesta-al-antisemitismo-y-un-estudio-que-indica-que-el-antisemitismo-esta-aumentando-en-la-ue\/","url":"https:\/\/www.cde.ual.es\/en\/la-comision-presenta-su-respuesta-al-antisemitismo-y-un-estudio-que-indica-que-el-antisemitismo-esta-aumentando-en-la-ue\/","name":"La Comisi\u00f3n presenta su respuesta al antisemitismo y un estudio que indica que el antisemitismo est\u00e1 aumentando en la UE | CDE Almer\u00eda - Centro de Documentaci\u00f3n Europea - Universidad de Almer\u00eda","isPartOf":{"@id":"https:\/\/www.cde.ual.es\/#website"},"primaryImageOfPage":{"@id":"https:\/\/www.cde.ual.es\/en\/la-comision-presenta-su-respuesta-al-antisemitismo-y-un-estudio-que-indica-que-el-antisemitismo-esta-aumentando-en-la-ue\/#primaryimage"},"image":{"@id":"https:\/\/www.cde.ual.es\/en\/la-comision-presenta-su-respuesta-al-antisemitismo-y-un-estudio-que-indica-que-el-antisemitismo-esta-aumentando-en-la-ue\/#primaryimage"},"thumbnailUrl":"https:\/\/www.cde.ual.es\/wp-content\/uploads\/2019\/01\/Antisemitismo.png","datePublished":"2019-01-28T07:00:08+00:00","dateModified":"2019-02-21T14:32:47+00:00","breadcrumb":{"@id":"https:\/\/www.cde.ual.es\/en\/la-comision-presenta-su-respuesta-al-antisemitismo-y-un-estudio-que-indica-que-el-antisemitismo-esta-aumentando-en-la-ue\/#breadcrumb"},"inLanguage":"en-US","potentialAction":[{"@type":"ReadAction","target":["https:\/\/www.cde.ual.es\/en\/la-comision-presenta-su-respuesta-al-antisemitismo-y-un-estudio-que-indica-que-el-antisemitismo-esta-aumentando-en-la-ue\/"]}]},{"@type":"ImageObject","inLanguage":"en-US","@id":"https:\/\/www.cde.ual.es\/en\/la-comision-presenta-su-respuesta-al-antisemitismo-y-un-estudio-que-indica-que-el-antisemitismo-esta-aumentando-en-la-ue\/#primaryimage","url":"https:\/\/www.cde.ual.es\/wp-content\/uploads\/2019\/01\/Antisemitismo.png","contentUrl":"https:\/\/www.cde.ual.es\/wp-content\/uploads\/2019\/01\/Antisemitismo.png","width":940,"height":553},{"@type":"BreadcrumbList","@id":"https:\/\/www.cde.ual.es\/en\/la-comision-presenta-su-respuesta-al-antisemitismo-y-un-estudio-que-indica-que-el-antisemitismo-esta-aumentando-en-la-ue\/#breadcrumb","itemListElement":[{"@type":"ListItem","position":1,"name":"Inicio","item":"https:\/\/www.cde.ual.es\/en\/"},{"@type":"ListItem","position":2,"name":"EU News","item":"https:\/\/www.cde.ual.es\/en\/category\/eu-news\/"},{"@type":"ListItem","position":3,"name":"La Comisi\u00f3n presenta su respuesta al antisemitismo y un estudio que indica que el antisemitismo est\u00e1 aumentando en la UE"}]},{"@type":"WebSite","@id":"https:\/\/www.cde.ual.es\/#website","url":"https:\/\/www.cde.ual.es\/","name":"CDE Almer\u00eda - Centro de Documentaci\u00f3n Europea - Universidad de Almer\u00eda","description":"Centro de Documentaci\u00f3n Europea de la Universidad de Almer\u00eda","publisher":{"@id":"https:\/\/www.cde.ual.es\/#organization"},"alternateName":"CDE Almer\u00eda","potentialAction":[{"@type":"SearchAction","target":{"@type":"EntryPoint","urlTemplate":"https:\/\/www.cde.ual.es\/?s={search_term_string}"},"query-input":{"@type":"PropertyValueSpecification","valueRequired":true,"valueName":"search_term_string"}}],"inLanguage":"en-US"},{"@type":"Organization","@id":"https:\/\/www.cde.ual.es\/#organization","name":"Centro de Documentaci\u00f3n Europea de Almer\u00eda","url":"https:\/\/www.cde.ual.es\/","logo":{"@type":"ImageObject","inLanguage":"en-US","@id":"https:\/\/www.cde.ual.es\/#\/schema\/logo\/image\/","url":"https:\/\/www.cde.ual.es\/wp-content\/uploads\/2025\/07\/cde-logo-3.png","contentUrl":"https:\/\/www.cde.ual.es\/wp-content\/uploads\/2025\/07\/cde-logo-3.png","width":1400,"height":300,"caption":"Centro de Documentaci\u00f3n Europea de Almer\u00eda"},"image":{"@id":"https:\/\/www.cde.ual.es\/#\/schema\/logo\/image\/"},"sameAs":["https:\/\/www.facebook.com\/cdeuniversidadalmeria\/","https:\/\/x.com\/cdeualmeria","https:\/\/www.tiktok.com\/@cdealmeria","https:\/\/www.instagram.com\/cdealmeria\/","https:\/\/www.linkedin.com\/in\/cde-almera-812b26a9\/"]},{"@type":"Person","@id":"https:\/\/www.cde.ual.es\/#\/schema\/person\/224ef08c8bcc005f319d2713ce37ee5f","name":"AdminCDE","image":{"@type":"ImageObject","inLanguage":"en-US","@id":"https:\/\/secure.gravatar.com\/avatar\/a72d038d371f995cd13706fac32274b7952a52e8fb0a84b5f80c85426f2a98a8?s=96&d=mm&r=g","url":"https:\/\/secure.gravatar.com\/avatar\/a72d038d371f995cd13706fac32274b7952a52e8fb0a84b5f80c85426f2a98a8?s=96&d=mm&r=g","contentUrl":"https:\/\/secure.gravatar.com\/avatar\/a72d038d371f995cd13706fac32274b7952a52e8fb0a84b5f80c85426f2a98a8?s=96&d=mm&r=g","caption":"AdminCDE"}}]}},"_links":{"self":[{"href":"https:\/\/www.cde.ual.es\/en\/wp-json\/wp\/v2\/posts\/12069","targetHints":{"allow":["GET"]}}],"collection":[{"href":"https:\/\/www.cde.ual.es\/en\/wp-json\/wp\/v2\/posts"}],"about":[{"href":"https:\/\/www.cde.ual.es\/en\/wp-json\/wp\/v2\/types\/post"}],"author":[{"embeddable":true,"href":"https:\/\/www.cde.ual.es\/en\/wp-json\/wp\/v2\/users\/1"}],"replies":[{"embeddable":true,"href":"https:\/\/www.cde.ual.es\/en\/wp-json\/wp\/v2\/comments?post=12069"}],"version-history":[{"count":0,"href":"https:\/\/www.cde.ual.es\/en\/wp-json\/wp\/v2\/posts\/12069\/revisions"}],"wp:featuredmedia":[{"embeddable":true,"href":"https:\/\/www.cde.ual.es\/en\/wp-json\/wp\/v2\/media\/12070"}],"wp:attachment":[{"href":"https:\/\/www.cde.ual.es\/en\/wp-json\/wp\/v2\/media?parent=12069"}],"wp:term":[{"taxonomy":"category","embeddable":true,"href":"https:\/\/www.cde.ual.es\/en\/wp-json\/wp\/v2\/categories?post=12069"},{"taxonomy":"post_tag","embeddable":true,"href":"https:\/\/www.cde.ual.es\/en\/wp-json\/wp\/v2\/tags?post=12069"}],"curies":[{"name":"wp","href":"https:\/\/api.w.org\/{rel}","templated":true}]}}