{"id":120471,"date":"2022-10-10T03:15:18","date_gmt":"2022-10-10T01:15:18","guid":{"rendered":"https:\/\/www.cde.ual.es\/?p=120471"},"modified":"2022-10-10T09:50:57","modified_gmt":"2022-10-10T07:50:57","slug":"international-summit-meeting-of-the-european-political-community","status":"publish","type":"post","link":"https:\/\/www.cde.ual.es\/en\/international-summit-meeting-of-the-european-political-community\/","title":{"rendered":"International Summit: Meeting of the European Political Community"},"content":{"rendered":"<p style=\"text-align: justify;\"><strong>The first meeting of the European Political Community brought together\u00a0leaders from across the continent\u00a0in a spirit of unity on 6 October 2022 in Prague, ahead of the informal meeting of EU heads of state or government.<\/strong><\/p>\n<p><a href=\"https:\/\/www.cde.ual.es\/wp-content\/uploads\/2022\/10\/Comunidad-Politica-Europea-scaled.jpg\"><img decoding=\"async\" class=\"size-large wp-image-120462 aligncenter\" src=\"https:\/\/www.cde.ual.es\/wp-content\/uploads\/2022\/10\/Comunidad-Politica-Europea-1024x683.jpg\" alt=\"Cumbre Europea\" width=\"1024\" height=\"683\" srcset=\"https:\/\/www.cde.ual.es\/wp-content\/uploads\/2022\/10\/Comunidad-Politica-Europea-1024x683.jpg 1024w, https:\/\/www.cde.ual.es\/wp-content\/uploads\/2022\/10\/Comunidad-Politica-Europea-300x200.jpg 300w, https:\/\/www.cde.ual.es\/wp-content\/uploads\/2022\/10\/Comunidad-Politica-Europea-768x512.jpg 768w, https:\/\/www.cde.ual.es\/wp-content\/uploads\/2022\/10\/Comunidad-Politica-Europea-1536x1024.jpg 1536w, https:\/\/www.cde.ual.es\/wp-content\/uploads\/2022\/10\/Comunidad-Politica-Europea-2048x1366.jpg 2048w\" sizes=\"(max-width: 1024px) 100vw, 1024px\" \/><\/a><\/p>\n<p>The European Political Community aims to<\/p>\n<ul>\n<li><strong>foster political dialogue and cooperation<\/strong>\u00a0to address issues of common interest<\/li>\n<li><strong>strengthen the security, stability and prosperity<\/strong>\u00a0of the European continent<\/li>\n<\/ul>\n<p>This platform for political coordination does not replace any existing organisation, structure or process, nor does it aim to create a new one at this stage.<\/p>\n<blockquote><p>At a time when Europe&#8217;s stability and security is being threatened, we need more dialogue, more listening, more mutual understanding, not less. And that\u2019s what we achieved at the first European Political Community.<\/p>\n<p><em>European Council President Charles Michel, 6 October 2022<\/em><\/p><\/blockquote>\n<table style=\"width: 99.9988%; border-collapse: collapse; border-style: double; border-color: #001f7d;\" cellpadding=\"0,5\">\n<tbody>\n<tr>\n<td style=\"width: 100%;\"><a href=\"https:\/\/www.cde.ual.es\/en\/agriculture-ministers-meeting-in-prague-main-results-16-september-2022\/\" target=\"_blank\" rel=\"noopener\"><img decoding=\"async\" class=\"alignleft\" src=\"https:\/\/www.cde.ual.es\/wp-content\/uploads\/2022\/09\/agriculture-meeting-1024x683.jpg\" alt=\"\" width=\"201\" height=\"134\" \/><\/a><\/p>\n<h4 class=\"entry-title\"><a href=\"https:\/\/www.cde.ual.es\/en\/agriculture-ministers-meeting-in-prague-main-results-16-september-2022\/\" target=\"_blank\" rel=\"noopener\">Agriculture Ministers Meeting in Prague \u2013 Main results \u2013 16 September 2022<br \/>\n<\/a><\/h4>\n<\/td>\n<\/tr>\n<\/tbody>\n<\/table>\n<p>Two issues dominated the leaders&#8217; discussions:<\/p>\n<ul>\n<li><strong>peace and security<\/strong>, especially\u00a0<strong>Russia&#8217;s war in Ukraine<\/strong><\/li>\n<li>the\u00a0<strong>energy crisis<\/strong><\/li>\n<\/ul>\n<p>The following were invited to take part in this first meeting of the European Political Community:<\/p>\n<ul>\n<li>the 27 EU member states<\/li>\n<li>Albania<\/li>\n<li>Armenia<\/li>\n<li>Azerbaijan<\/li>\n<li>Bosnia and Herzegovina<\/li>\n<li>Georgia<\/li>\n<li>Iceland<\/li>\n<li>Kosovo*<\/li>\n<li>Liechtenstein<\/li>\n<li>Moldova<\/li>\n<li>Montenegro<\/li>\n<li>North Macedonia<\/li>\n<li>Norway<\/li>\n<li>Serbia<\/li>\n<li>Switzerland<\/li>\n<li>Turkey<\/li>\n<li>Ukraine<\/li>\n<li>the United Kingdom<\/li>\n<li>the President of the European Commission<\/li>\n<li>the President of the European Council<\/li>\n<\/ul>\n<p><sup>* This designation is without prejudice to positions on status, and is in line with UNSCR 1244\/1999 and the ICJ Opinion on the Kosovo declaration of independence.<\/sup><\/p>\n<h3><strong>Next meetings<\/strong><\/h3>\n<p>The next European Political Community meetings will take place in\u00a0<strong>Moldova, Spain\u00a0<\/strong>and\u00a0<strong>the United Kingdom.<\/strong><\/p>\n<p><strong>Source:\u00a0<\/strong><a href=\"https:\/\/www.consilium.europa.eu\/en\/meetings\/international-summit\/2022\/10\/06\/\">European Council<\/a><\/p>\n<p>&nbsp;<\/p>\n","protected":false},"excerpt":{"rendered":"<p>The first meeting of the European Political Community brought together\u00a0leaders from across the continent\u00a0in a spirit of unity on 6 October 2022 in Prague, ahead of the informal meeting of EU heads of state or government. The European Political Community aims to foster political dialogue and cooperation\u00a0to address issues of common interest strengthen the security, [&hellip;]<\/p>\n","protected":false},"author":1,"featured_media":120462,"comment_status":"open","ping_status":"open","sticky":false,"template":"","format":"standard","meta":{"_acf_changed":false,"_relevanssi_hide_post":"","_relevanssi_hide_content":"","_relevanssi_pin_for_all":"","_relevanssi_pin_keywords":"","_relevanssi_unpin_keywords":"","_relevanssi_related_keywords":"","_relevanssi_related_include_ids":"","_relevanssi_related_exclude_ids":"","_relevanssi_related_no_append":"","_relevanssi_related_not_related":"","_relevanssi_related_posts":"","_relevanssi_noindex_reason":"","_monsterinsights_skip_tracking":false,"_monsterinsights_sitenote_active":false,"_monsterinsights_sitenote_note":"","_monsterinsights_sitenote_category":0,"_genesis_hide_title":false,"_genesis_hide_breadcrumbs":false,"_genesis_hide_singular_image":false,"_genesis_hide_footer_widgets":false,"_genesis_custom_body_class":"","_genesis_custom_post_class":"","_genesis_layout":"","footnotes":""},"categories":[346,4064,4065],"tags":[1217,726,7351,3586],"class_list":{"0":"post-120471","1":"post","2":"type-post","3":"status-publish","4":"format-standard","5":"has-post-thumbnail","7":"category-eu-news","8":"category-institutional","9":"category-international-pol-coop","10":"tag-europe","11":"tag-european-council","12":"tag-political-community","13":"tag-summit","14":"entry"},"acf":[],"yoast_head":"<!-- This site is optimized with the Yoast SEO plugin v27.5 - https:\/\/yoast.com\/product\/yoast-seo-wordpress\/ -->\n<title>International Summit: Meeting of the European Political Community | CDE Almer\u00eda - Centro de Documentaci\u00f3n Europea - Universidad de Almer\u00eda<\/title>\n<meta name=\"robots\" content=\"index, follow, max-snippet:-1, max-image-preview:large, max-video-preview:-1\" \/>\n<link rel=\"canonical\" href=\"https:\/\/www.cde.ual.es\/en\/international-summit-meeting-of-the-european-political-community\/\" \/>\n<meta property=\"og:locale\" content=\"en_US\" \/>\n<meta property=\"og:type\" content=\"article\" \/>\n<meta property=\"og:title\" content=\"International Summit: Meeting of the European Political Community | CDE Almer\u00eda - Centro de Documentaci\u00f3n Europea - Universidad de Almer\u00eda\" \/>\n<meta property=\"og:description\" content=\"The first meeting of the European Political Community brought together\u00a0leaders from across the continent\u00a0in a spirit of unity on 6 October 2022 in Prague, ahead of the informal meeting of EU heads of state or government. The European Political Community aims to foster political dialogue and cooperation\u00a0to address issues of common interest strengthen the security, [&hellip;]\" \/>\n<meta property=\"og:url\" content=\"https:\/\/www.cde.ual.es\/en\/international-summit-meeting-of-the-european-political-community\/\" \/>\n<meta property=\"og:site_name\" content=\"CDE Almer\u00eda - Centro de Documentaci\u00f3n Europea - Universidad de Almer\u00eda\" \/>\n<meta property=\"article:publisher\" content=\"https:\/\/www.facebook.com\/cdeuniversidadalmeria\/\" \/>\n<meta property=\"article:published_time\" content=\"2022-10-10T01:15:18+00:00\" \/>\n<meta property=\"article:modified_time\" content=\"2022-10-10T07:50:57+00:00\" \/>\n<meta property=\"og:image\" content=\"https:\/\/www.cde.ual.es\/wp-content\/uploads\/2022\/10\/Comunidad-Politica-Europea-scaled.jpg\" \/>\n\t<meta property=\"og:image:width\" content=\"2560\" \/>\n\t<meta property=\"og:image:height\" content=\"1707\" \/>\n\t<meta property=\"og:image:type\" content=\"image\/jpeg\" \/>\n<meta name=\"author\" content=\"AdminCDE\" \/>\n<meta name=\"twitter:card\" content=\"summary_large_image\" \/>\n<meta name=\"twitter:creator\" content=\"@cdeualmeria\" \/>\n<meta name=\"twitter:site\" content=\"@cdeualmeria\" \/>\n<meta name=\"twitter:label1\" content=\"Written by\" \/>\n\t<meta name=\"twitter:data1\" content=\"AdminCDE\" \/>\n\t<meta name=\"twitter:label2\" content=\"Est. reading time\" \/>\n\t<meta name=\"twitter:data2\" content=\"2 minutes\" \/>\n<script type=\"application\/ld+json\" class=\"yoast-schema-graph\">{\"@context\":\"https:\\\/\\\/schema.org\",\"@graph\":[{\"@type\":\"Article\",\"@id\":\"https:\\\/\\\/www.cde.ual.es\\\/en\\\/international-summit-meeting-of-the-european-political-community\\\/#article\",\"isPartOf\":{\"@id\":\"https:\\\/\\\/www.cde.ual.es\\\/en\\\/international-summit-meeting-of-the-european-political-community\\\/\"},\"author\":{\"name\":\"AdminCDE\",\"@id\":\"https:\\\/\\\/www.cde.ual.es\\\/#\\\/schema\\\/person\\\/224ef08c8bcc005f319d2713ce37ee5f\"},\"headline\":\"International Summit: Meeting of the European Political Community\",\"datePublished\":\"2022-10-10T01:15:18+00:00\",\"dateModified\":\"2022-10-10T07:50:57+00:00\",\"mainEntityOfPage\":{\"@id\":\"https:\\\/\\\/www.cde.ual.es\\\/en\\\/international-summit-meeting-of-the-european-political-community\\\/\"},\"wordCount\":265,\"commentCount\":0,\"publisher\":{\"@id\":\"https:\\\/\\\/www.cde.ual.es\\\/#organization\"},\"image\":{\"@id\":\"https:\\\/\\\/www.cde.ual.es\\\/en\\\/international-summit-meeting-of-the-european-political-community\\\/#primaryimage\"},\"thumbnailUrl\":\"https:\\\/\\\/www.cde.ual.es\\\/wp-content\\\/uploads\\\/2022\\\/10\\\/Comunidad-Politica-Europea-scaled.jpg\",\"keywords\":[\"Europe\",\"European Council\",\"Political Community\",\"summit\"],\"articleSection\":[\"EU News\",\"Institutional Affairs\",\"International Politics and Cooperation\"],\"inLanguage\":\"en-US\",\"potentialAction\":[{\"@type\":\"CommentAction\",\"name\":\"Comment\",\"target\":[\"https:\\\/\\\/www.cde.ual.es\\\/en\\\/international-summit-meeting-of-the-european-political-community\\\/#respond\"]}]},{\"@type\":\"WebPage\",\"@id\":\"https:\\\/\\\/www.cde.ual.es\\\/en\\\/international-summit-meeting-of-the-european-political-community\\\/\",\"url\":\"https:\\\/\\\/www.cde.ual.es\\\/en\\\/international-summit-meeting-of-the-european-political-community\\\/\",\"name\":\"International Summit: Meeting of the European Political Community | CDE Almer\u00eda - Centro de Documentaci\u00f3n Europea - Universidad de Almer\u00eda\",\"isPartOf\":{\"@id\":\"https:\\\/\\\/www.cde.ual.es\\\/#website\"},\"primaryImageOfPage\":{\"@id\":\"https:\\\/\\\/www.cde.ual.es\\\/en\\\/international-summit-meeting-of-the-european-political-community\\\/#primaryimage\"},\"image\":{\"@id\":\"https:\\\/\\\/www.cde.ual.es\\\/en\\\/international-summit-meeting-of-the-european-political-community\\\/#primaryimage\"},\"thumbnailUrl\":\"https:\\\/\\\/www.cde.ual.es\\\/wp-content\\\/uploads\\\/2022\\\/10\\\/Comunidad-Politica-Europea-scaled.jpg\",\"datePublished\":\"2022-10-10T01:15:18+00:00\",\"dateModified\":\"2022-10-10T07:50:57+00:00\",\"breadcrumb\":{\"@id\":\"https:\\\/\\\/www.cde.ual.es\\\/en\\\/international-summit-meeting-of-the-european-political-community\\\/#breadcrumb\"},\"inLanguage\":\"en-US\",\"potentialAction\":[{\"@type\":\"ReadAction\",\"target\":[\"https:\\\/\\\/www.cde.ual.es\\\/en\\\/international-summit-meeting-of-the-european-political-community\\\/\"]}]},{\"@type\":\"ImageObject\",\"inLanguage\":\"en-US\",\"@id\":\"https:\\\/\\\/www.cde.ual.es\\\/en\\\/international-summit-meeting-of-the-european-political-community\\\/#primaryimage\",\"url\":\"https:\\\/\\\/www.cde.ual.es\\\/wp-content\\\/uploads\\\/2022\\\/10\\\/Comunidad-Politica-Europea-scaled.jpg\",\"contentUrl\":\"https:\\\/\\\/www.cde.ual.es\\\/wp-content\\\/uploads\\\/2022\\\/10\\\/Comunidad-Politica-Europea-scaled.jpg\",\"width\":2560,\"height\":1707,\"caption\":\"Cumbre Europea\"},{\"@type\":\"BreadcrumbList\",\"@id\":\"https:\\\/\\\/www.cde.ual.es\\\/en\\\/international-summit-meeting-of-the-european-political-community\\\/#breadcrumb\",\"itemListElement\":[{\"@type\":\"ListItem\",\"position\":1,\"name\":\"Inicio\",\"item\":\"https:\\\/\\\/www.cde.ual.es\\\/en\\\/\"},{\"@type\":\"ListItem\",\"position\":2,\"name\":\"EU News\",\"item\":\"https:\\\/\\\/www.cde.ual.es\\\/en\\\/category\\\/eu-news\\\/\"},{\"@type\":\"ListItem\",\"position\":3,\"name\":\"Institutional Affairs\",\"item\":\"https:\\\/\\\/www.cde.ual.es\\\/en\\\/category\\\/eu-news\\\/institutional\\\/\"},{\"@type\":\"ListItem\",\"position\":4,\"name\":\"International Politics and Cooperation\",\"item\":\"https:\\\/\\\/www.cde.ual.es\\\/en\\\/category\\\/eu-news\\\/institutional\\\/international-pol-coop\\\/\"},{\"@type\":\"ListItem\",\"position\":5,\"name\":\"International Summit: Meeting of the European Political Community\"}]},{\"@type\":\"WebSite\",\"@id\":\"https:\\\/\\\/www.cde.ual.es\\\/#website\",\"url\":\"https:\\\/\\\/www.cde.ual.es\\\/\",\"name\":\"CDE Almer\u00eda - Centro de Documentaci\u00f3n Europea - Universidad de Almer\u00eda\",\"description\":\"Centro de Documentaci\u00f3n Europea de la Universidad de Almer\u00eda\",\"publisher\":{\"@id\":\"https:\\\/\\\/www.cde.ual.es\\\/#organization\"},\"alternateName\":\"CDE Almer\u00eda\",\"potentialAction\":[{\"@type\":\"SearchAction\",\"target\":{\"@type\":\"EntryPoint\",\"urlTemplate\":\"https:\\\/\\\/www.cde.ual.es\\\/?s={search_term_string}\"},\"query-input\":{\"@type\":\"PropertyValueSpecification\",\"valueRequired\":true,\"valueName\":\"search_term_string\"}}],\"inLanguage\":\"en-US\"},{\"@type\":\"Organization\",\"@id\":\"https:\\\/\\\/www.cde.ual.es\\\/#organization\",\"name\":\"Centro de Documentaci\u00f3n Europea de Almer\u00eda\",\"url\":\"https:\\\/\\\/www.cde.ual.es\\\/\",\"logo\":{\"@type\":\"ImageObject\",\"inLanguage\":\"en-US\",\"@id\":\"https:\\\/\\\/www.cde.ual.es\\\/#\\\/schema\\\/logo\\\/image\\\/\",\"url\":\"https:\\\/\\\/www.cde.ual.es\\\/wp-content\\\/uploads\\\/2025\\\/07\\\/cde-logo-3.png\",\"contentUrl\":\"https:\\\/\\\/www.cde.ual.es\\\/wp-content\\\/uploads\\\/2025\\\/07\\\/cde-logo-3.png\",\"width\":1400,\"height\":300,\"caption\":\"Centro de Documentaci\u00f3n Europea de Almer\u00eda\"},\"image\":{\"@id\":\"https:\\\/\\\/www.cde.ual.es\\\/#\\\/schema\\\/logo\\\/image\\\/\"},\"sameAs\":[\"https:\\\/\\\/www.facebook.com\\\/cdeuniversidadalmeria\\\/\",\"https:\\\/\\\/x.com\\\/cdeualmeria\",\"https:\\\/\\\/www.tiktok.com\\\/@cdealmeria\",\"https:\\\/\\\/www.instagram.com\\\/cdealmeria\\\/\",\"https:\\\/\\\/www.linkedin.com\\\/in\\\/cde-almera-812b26a9\\\/\"]},{\"@type\":\"Person\",\"@id\":\"https:\\\/\\\/www.cde.ual.es\\\/#\\\/schema\\\/person\\\/224ef08c8bcc005f319d2713ce37ee5f\",\"name\":\"AdminCDE\",\"image\":{\"@type\":\"ImageObject\",\"inLanguage\":\"en-US\",\"@id\":\"https:\\\/\\\/secure.gravatar.com\\\/avatar\\\/a72d038d371f995cd13706fac32274b7952a52e8fb0a84b5f80c85426f2a98a8?s=96&d=mm&r=g\",\"url\":\"https:\\\/\\\/secure.gravatar.com\\\/avatar\\\/a72d038d371f995cd13706fac32274b7952a52e8fb0a84b5f80c85426f2a98a8?s=96&d=mm&r=g\",\"contentUrl\":\"https:\\\/\\\/secure.gravatar.com\\\/avatar\\\/a72d038d371f995cd13706fac32274b7952a52e8fb0a84b5f80c85426f2a98a8?s=96&d=mm&r=g\",\"caption\":\"AdminCDE\"}}]}<\/script>\n<!-- \/ Yoast SEO plugin. -->","yoast_head_json":{"title":"International Summit: Meeting of the European Political Community | CDE Almer\u00eda - Centro de Documentaci\u00f3n Europea - Universidad de Almer\u00eda","robots":{"index":"index","follow":"follow","max-snippet":"max-snippet:-1","max-image-preview":"max-image-preview:large","max-video-preview":"max-video-preview:-1"},"canonical":"https:\/\/www.cde.ual.es\/en\/international-summit-meeting-of-the-european-political-community\/","og_locale":"en_US","og_type":"article","og_title":"International Summit: Meeting of the European Political Community | CDE Almer\u00eda - Centro de Documentaci\u00f3n Europea - Universidad de Almer\u00eda","og_description":"The first meeting of the European Political Community brought together\u00a0leaders from across the continent\u00a0in a spirit of unity on 6 October 2022 in Prague, ahead of the informal meeting of EU heads of state or government. The European Political Community aims to foster political dialogue and cooperation\u00a0to address issues of common interest strengthen the security, [&hellip;]","og_url":"https:\/\/www.cde.ual.es\/en\/international-summit-meeting-of-the-european-political-community\/","og_site_name":"CDE Almer\u00eda - Centro de Documentaci\u00f3n Europea - Universidad de Almer\u00eda","article_publisher":"https:\/\/www.facebook.com\/cdeuniversidadalmeria\/","article_published_time":"2022-10-10T01:15:18+00:00","article_modified_time":"2022-10-10T07:50:57+00:00","og_image":[{"width":2560,"height":1707,"url":"https:\/\/www.cde.ual.es\/wp-content\/uploads\/2022\/10\/Comunidad-Politica-Europea-scaled.jpg","type":"image\/jpeg"}],"author":"AdminCDE","twitter_card":"summary_large_image","twitter_creator":"@cdeualmeria","twitter_site":"@cdeualmeria","twitter_misc":{"Written by":"AdminCDE","Est. reading time":"2 minutes"},"schema":{"@context":"https:\/\/schema.org","@graph":[{"@type":"Article","@id":"https:\/\/www.cde.ual.es\/en\/international-summit-meeting-of-the-european-political-community\/#article","isPartOf":{"@id":"https:\/\/www.cde.ual.es\/en\/international-summit-meeting-of-the-european-political-community\/"},"author":{"name":"AdminCDE","@id":"https:\/\/www.cde.ual.es\/#\/schema\/person\/224ef08c8bcc005f319d2713ce37ee5f"},"headline":"International Summit: Meeting of the European Political Community","datePublished":"2022-10-10T01:15:18+00:00","dateModified":"2022-10-10T07:50:57+00:00","mainEntityOfPage":{"@id":"https:\/\/www.cde.ual.es\/en\/international-summit-meeting-of-the-european-political-community\/"},"wordCount":265,"commentCount":0,"publisher":{"@id":"https:\/\/www.cde.ual.es\/#organization"},"image":{"@id":"https:\/\/www.cde.ual.es\/en\/international-summit-meeting-of-the-european-political-community\/#primaryimage"},"thumbnailUrl":"https:\/\/www.cde.ual.es\/wp-content\/uploads\/2022\/10\/Comunidad-Politica-Europea-scaled.jpg","keywords":["Europe","European Council","Political Community","summit"],"articleSection":["EU News","Institutional Affairs","International Politics and Cooperation"],"inLanguage":"en-US","potentialAction":[{"@type":"CommentAction","name":"Comment","target":["https:\/\/www.cde.ual.es\/en\/international-summit-meeting-of-the-european-political-community\/#respond"]}]},{"@type":"WebPage","@id":"https:\/\/www.cde.ual.es\/en\/international-summit-meeting-of-the-european-political-community\/","url":"https:\/\/www.cde.ual.es\/en\/international-summit-meeting-of-the-european-political-community\/","name":"International Summit: Meeting of the European Political Community | CDE Almer\u00eda - Centro de Documentaci\u00f3n Europea - Universidad de Almer\u00eda","isPartOf":{"@id":"https:\/\/www.cde.ual.es\/#website"},"primaryImageOfPage":{"@id":"https:\/\/www.cde.ual.es\/en\/international-summit-meeting-of-the-european-political-community\/#primaryimage"},"image":{"@id":"https:\/\/www.cde.ual.es\/en\/international-summit-meeting-of-the-european-political-community\/#primaryimage"},"thumbnailUrl":"https:\/\/www.cde.ual.es\/wp-content\/uploads\/2022\/10\/Comunidad-Politica-Europea-scaled.jpg","datePublished":"2022-10-10T01:15:18+00:00","dateModified":"2022-10-10T07:50:57+00:00","breadcrumb":{"@id":"https:\/\/www.cde.ual.es\/en\/international-summit-meeting-of-the-european-political-community\/#breadcrumb"},"inLanguage":"en-US","potentialAction":[{"@type":"ReadAction","target":["https:\/\/www.cde.ual.es\/en\/international-summit-meeting-of-the-european-political-community\/"]}]},{"@type":"ImageObject","inLanguage":"en-US","@id":"https:\/\/www.cde.ual.es\/en\/international-summit-meeting-of-the-european-political-community\/#primaryimage","url":"https:\/\/www.cde.ual.es\/wp-content\/uploads\/2022\/10\/Comunidad-Politica-Europea-scaled.jpg","contentUrl":"https:\/\/www.cde.ual.es\/wp-content\/uploads\/2022\/10\/Comunidad-Politica-Europea-scaled.jpg","width":2560,"height":1707,"caption":"Cumbre Europea"},{"@type":"BreadcrumbList","@id":"https:\/\/www.cde.ual.es\/en\/international-summit-meeting-of-the-european-political-community\/#breadcrumb","itemListElement":[{"@type":"ListItem","position":1,"name":"Inicio","item":"https:\/\/www.cde.ual.es\/en\/"},{"@type":"ListItem","position":2,"name":"EU News","item":"https:\/\/www.cde.ual.es\/en\/category\/eu-news\/"},{"@type":"ListItem","position":3,"name":"Institutional Affairs","item":"https:\/\/www.cde.ual.es\/en\/category\/eu-news\/institutional\/"},{"@type":"ListItem","position":4,"name":"International Politics and Cooperation","item":"https:\/\/www.cde.ual.es\/en\/category\/eu-news\/institutional\/international-pol-coop\/"},{"@type":"ListItem","position":5,"name":"International Summit: Meeting of the European Political Community"}]},{"@type":"WebSite","@id":"https:\/\/www.cde.ual.es\/#website","url":"https:\/\/www.cde.ual.es\/","name":"CDE Almer\u00eda - Centro de Documentaci\u00f3n Europea - Universidad de Almer\u00eda","description":"Centro de Documentaci\u00f3n Europea de la Universidad de Almer\u00eda","publisher":{"@id":"https:\/\/www.cde.ual.es\/#organization"},"alternateName":"CDE Almer\u00eda","potentialAction":[{"@type":"SearchAction","target":{"@type":"EntryPoint","urlTemplate":"https:\/\/www.cde.ual.es\/?s={search_term_string}"},"query-input":{"@type":"PropertyValueSpecification","valueRequired":true,"valueName":"search_term_string"}}],"inLanguage":"en-US"},{"@type":"Organization","@id":"https:\/\/www.cde.ual.es\/#organization","name":"Centro de Documentaci\u00f3n Europea de Almer\u00eda","url":"https:\/\/www.cde.ual.es\/","logo":{"@type":"ImageObject","inLanguage":"en-US","@id":"https:\/\/www.cde.ual.es\/#\/schema\/logo\/image\/","url":"https:\/\/www.cde.ual.es\/wp-content\/uploads\/2025\/07\/cde-logo-3.png","contentUrl":"https:\/\/www.cde.ual.es\/wp-content\/uploads\/2025\/07\/cde-logo-3.png","width":1400,"height":300,"caption":"Centro de Documentaci\u00f3n Europea de Almer\u00eda"},"image":{"@id":"https:\/\/www.cde.ual.es\/#\/schema\/logo\/image\/"},"sameAs":["https:\/\/www.facebook.com\/cdeuniversidadalmeria\/","https:\/\/x.com\/cdeualmeria","https:\/\/www.tiktok.com\/@cdealmeria","https:\/\/www.instagram.com\/cdealmeria\/","https:\/\/www.linkedin.com\/in\/cde-almera-812b26a9\/"]},{"@type":"Person","@id":"https:\/\/www.cde.ual.es\/#\/schema\/person\/224ef08c8bcc005f319d2713ce37ee5f","name":"AdminCDE","image":{"@type":"ImageObject","inLanguage":"en-US","@id":"https:\/\/secure.gravatar.com\/avatar\/a72d038d371f995cd13706fac32274b7952a52e8fb0a84b5f80c85426f2a98a8?s=96&d=mm&r=g","url":"https:\/\/secure.gravatar.com\/avatar\/a72d038d371f995cd13706fac32274b7952a52e8fb0a84b5f80c85426f2a98a8?s=96&d=mm&r=g","contentUrl":"https:\/\/secure.gravatar.com\/avatar\/a72d038d371f995cd13706fac32274b7952a52e8fb0a84b5f80c85426f2a98a8?s=96&d=mm&r=g","caption":"AdminCDE"}}]}},"_links":{"self":[{"href":"https:\/\/www.cde.ual.es\/en\/wp-json\/wp\/v2\/posts\/120471","targetHints":{"allow":["GET"]}}],"collection":[{"href":"https:\/\/www.cde.ual.es\/en\/wp-json\/wp\/v2\/posts"}],"about":[{"href":"https:\/\/www.cde.ual.es\/en\/wp-json\/wp\/v2\/types\/post"}],"author":[{"embeddable":true,"href":"https:\/\/www.cde.ual.es\/en\/wp-json\/wp\/v2\/users\/1"}],"replies":[{"embeddable":true,"href":"https:\/\/www.cde.ual.es\/en\/wp-json\/wp\/v2\/comments?post=120471"}],"version-history":[{"count":2,"href":"https:\/\/www.cde.ual.es\/en\/wp-json\/wp\/v2\/posts\/120471\/revisions"}],"predecessor-version":[{"id":120487,"href":"https:\/\/www.cde.ual.es\/en\/wp-json\/wp\/v2\/posts\/120471\/revisions\/120487"}],"wp:featuredmedia":[{"embeddable":true,"href":"https:\/\/www.cde.ual.es\/en\/wp-json\/wp\/v2\/media\/120462"}],"wp:attachment":[{"href":"https:\/\/www.cde.ual.es\/en\/wp-json\/wp\/v2\/media?parent=120471"}],"wp:term":[{"taxonomy":"category","embeddable":true,"href":"https:\/\/www.cde.ual.es\/en\/wp-json\/wp\/v2\/categories?post=120471"},{"taxonomy":"post_tag","embeddable":true,"href":"https:\/\/www.cde.ual.es\/en\/wp-json\/wp\/v2\/tags?post=120471"}],"curies":[{"name":"wp","href":"https:\/\/api.w.org\/{rel}","templated":true}]}}