{"id":11945,"date":"2019-01-24T08:00:56","date_gmt":"2019-01-24T07:00:56","guid":{"rendered":"http:\/\/www.cde.ual.es\/?p=11945"},"modified":"2019-01-23T10:05:23","modified_gmt":"2019-01-23T09:05:23","slug":"mercado-unico-digital-los-negociadores-de-la-ue-acuerdan-nuevas-reglas-para-compartir-datos-del-sector-publico","status":"publish","type":"post","link":"https:\/\/www.cde.ual.es\/en\/mercado-unico-digital-los-negociadores-de-la-ue-acuerdan-nuevas-reglas-para-compartir-datos-del-sector-publico\/","title":{"rendered":"Mercado \u00fanico digital: los negociadores de la UE acuerdan nuevas reglas para compartir datos del sector p\u00fablico"},"content":{"rendered":"\n<p><strong>Los negociadores del Parlamento Europeo, el Consejo de la UE y la Comisi\u00f3n han llegado a un acuerdo sobre una directiva revisada que facilitar\u00e1 la disponibilidad y la reutilizaci\u00f3n de los datos del sector p\u00fablico.<\/strong><\/p>\n\n\n\n<div class=\"wp-block-image\"><figure class=\"aligncenter is-resized\"><img decoding=\"async\" src=\"http:\/\/www.cde.ual.es\/wp-content\/uploads\/2019\/01\/business-camera-coffee-1509428-1024x669.jpg\" alt=\"\" class=\"wp-image-11948\" width=\"501\" height=\"326\"\/><\/figure><\/div>\n\n\n\n<p>Los datos son el combustible que impulsa el crecimiento de muchos productos y servicios digitales. Asegurarse de que los datos de alta calidad y alto valor de los servicios financiados con fondos p\u00fablicos est\u00e9n disponibles de manera amplia y gratuita es un factor clave para acelerar la innovaci\u00f3n europea en campos altamente competitivos, como la inteligencia artificial que requiere acceso a grandes cantidades de datos de alta calidad.<\/p>\n\n\n\n<p>En total cumplimiento con el <a href=\"https:\/\/ec.europa.eu\/info\/law\/law-topic\/data-protection\/data-protection-eu\">Reglamento de Protecci\u00f3n de Datos General de la UE<\/a> , la nueva <a href=\"https:\/\/ec.europa.eu\/digital-single-market\/en\/proposal-revision-public-sector-information-psi-directive\">Directiva sobre Datos Abiertos e Informaci\u00f3n del Sector P\u00fablico (PSI) <\/a>, que puede ser, por ejemplo, desde datos personales an\u00f3nimos sobre el uso de energ\u00eda en los hogares hasta informaci\u00f3n general sobre educaci\u00f3n nacional o niveles de alfabetizaci\u00f3n. El marco que establece las condiciones bajo las cuales los datos del sector p\u00fablico deber\u00edan estar disponibles para su reutilizaci\u00f3n, con un enfoque particular en las crecientes cantidades de datos de alto valor que ahora est\u00e1n disponibles.<\/p>\n\n\n\n<p>Como parte de la<a href=\"https:\/\/ec.europa.eu\/digital-single-market\/en\/open-data\"> pol\u00edtica de datos abiertos de la UE <\/a>, existen normas para alentar a los Estados miembros a facilitar la reutilizaci\u00f3n de datos del sector p\u00fablico con restricciones legales, t\u00e9cnicas y financieras m\u00ednimas o nulas. Pero el mundo digital ha cambiado dram\u00e1ticamente desde que se introdujo por primera vez en 2003.<\/p>\n\n\n\n<h3 class=\"wp-block-heading\">\u00bfQu\u00e9 cubren las nuevas reglas?<\/h3>\n\n\n\n<ul class=\"wp-block-list\"><li>En principio, todo el contenido del sector p\u00fablico al que se puede acceder seg\u00fan las reglas de acceso nacional a documentos est\u00e1 disponible gratuitamente para su reutilizaci\u00f3n. Los organismos del sector p\u00fablico no podr\u00e1n cobrar m\u00e1s que el costo marginal por la reutilizaci\u00f3n de sus datos, excepto en casos muy limitados. Esto permitir\u00e1 que m\u00e1s pymes y empresas de nueva creaci\u00f3n ingresen a nuevos mercados al proporcionar productos y servicios basados \u200b\u200ben datos.<\/li><li> Se prestar\u00e1 especial atenci\u00f3n a los conjuntos de datos de alto valor, como las estad\u00edsticas o los datos geoespaciales. Estos conjuntos de datos tienen un alto potencial comercial y pueden acelerar la aparici\u00f3n de una amplia variedad de productos y servicios de informaci\u00f3n de valor agregado.<\/li><li> Las empresas de servicios p\u00fablicos en el sector de transporte y servicios p\u00fablicos generan datos valiosos. La decisi\u00f3n sobre si deben o no estar disponibles sus datos est\u00e1 cubierta por diferentes normas nacionales o europeas, pero cuando sus datos est\u00e9n disponibles para su reutilizaci\u00f3n, ahora estar\u00e1n cubiertos por la Directiva de Datos Abiertos e Informaci\u00f3n del Sector P\u00fablico. Esto significa que tendr\u00e1n que cumplir con los principios de la Directiva y garantizar el uso de formatos de datos y m\u00e9todos de difusi\u00f3n adecuados, a la vez que podr\u00e1n establecer cargos razonables para recuperar los costos relacionados.<\/li><li> Algunos organismos p\u00fablicos entablan tratos complejos de datos con compa\u00f1\u00edas privadas, lo que potencialmente puede llevar a que la informaci\u00f3n del sector p\u00fablico se &#8220;bloquee&#8221;. Por lo tanto, se establecer\u00e1n salvaguardas para reforzar la transparencia y limitar la conclusi\u00f3n de acuerdos que podr\u00edan conducir a la reutilizaci\u00f3n exclusiva de los datos del sector p\u00fablico por parte de socios privados.<\/li><li> M\u00e1s datos en tiempo real, disponibles a trav\u00e9s de las interfaces de programaci\u00f3n de aplicaciones (API), permitir\u00e1n a las empresas, especialmente a las nuevas empresas, desarrollar productos y servicios innovadores, por ejemplo, aplicaciones de movilidad. Los datos de investigaci\u00f3n financiados con fondos p\u00fablicos tambi\u00e9n se est\u00e1n incorporando al \u00e1mbito de la directiva: los Estados miembros deber\u00e1n desarrollar pol\u00edticas para el acceso abierto a los datos de investigaci\u00f3n financiados con fondos p\u00fablicos, mientras que las normas armonizadas sobre la reutilizaci\u00f3n se aplicar\u00e1n a todos los datos de investigaci\u00f3n financiados con fondos p\u00fablicos que Se hace accesible a trav\u00e9s de repositorios.<\/li><\/ul>\n\n\n\n<h3 class=\"wp-block-heading\">Pr\u00f3ximos pasos<\/h3>\n\n\n\n<p>El Parlamento Europeo y el Consejo de la UE ahora deber\u00e1n adoptar formalmente las normas revisadas. Los Estados miembros deber\u00e1n implementarlos dentro de los dos a\u00f1os antes de que sean efectivos. La Comisi\u00f3n comenzar\u00e1 a trabajar con los Estados miembros en la identificaci\u00f3n de los conjuntos de datos de alto valor que se establecer\u00e1n en un acto de ejecuci\u00f3n.  <\/p>\n\n\n\n<h4 class=\"wp-block-heading\">M\u00e1s informaci\u00f3n <\/h4>\n\n\n\n<p>Accede a la noticia completa <a href=\"http:\/\/europa.eu\/rapid\/press-release_IP-19-525_en.htm\">aqu\u00ed<\/a><\/p>\n\n\n\n<p>Comunicado de prensa: <a href=\"http:\/\/europa.eu\/rapid\/press-release_IP-18-3364_en.htm\">Datos en la UE: la Comisi\u00f3n intensifica los esfuerzos para aumentar la disponibilidad e impulsar el intercambio de datos sanitarios<\/a><\/p>\n\n\n\n<p>Hoja informativa: <a href=\"https:\/\/ec.europa.eu\/digital-single-market\/en\/news\/factsheet-building-data-based-economy-eu-agreement-future-open-data-and-public-sector\">Construir una econom\u00eda basada en datos en la UE <\/a><\/p>\n\n\n\n<p><a href=\"https:\/\/ec.europa.eu\/digital-single-market\/en\/news\/final-results-european-data-market-study-measuring-size-and-trends-eu-data-economy\">Estudio europeo del mercado de datos<\/a><\/p>\n\n\n","protected":false},"excerpt":{"rendered":"<p>Los negociadores del Parlamento Europeo, el Consejo de la UE y la Comisi\u00f3n han llegado a un acuerdo sobre una directiva revisada que facilitar\u00e1 la disponibilidad y la reutilizaci\u00f3n de los datos del sector p\u00fablico. Los datos son el combustible que impulsa el crecimiento de muchos productos y servicios digitales. Asegurarse de que los datos [&hellip;]<\/p>\n","protected":false},"author":101011,"featured_media":11948,"comment_status":"open","ping_status":"open","sticky":false,"template":"","format":"standard","meta":{"_acf_changed":false,"_relevanssi_hide_post":"","_relevanssi_hide_content":"","_relevanssi_pin_for_all":"","_relevanssi_pin_keywords":"","_relevanssi_unpin_keywords":"","_relevanssi_related_keywords":"","_relevanssi_related_include_ids":"","_relevanssi_related_exclude_ids":"","_relevanssi_related_no_append":"","_relevanssi_related_not_related":"","_relevanssi_related_posts":"","_relevanssi_noindex_reason":"","_monsterinsights_skip_tracking":false,"_monsterinsights_sitenote_active":false,"_monsterinsights_sitenote_note":"","_monsterinsights_sitenote_category":0,"_genesis_hide_title":false,"_genesis_hide_breadcrumbs":false,"_genesis_hide_singular_image":false,"_genesis_hide_footer_widgets":false,"_genesis_custom_body_class":"","_genesis_custom_post_class":"","_genesis_layout":"","footnotes":""},"categories":[96],"tags":[130,126,248,226],"class_list":{"0":"post-11945","1":"post","2":"type-post","3":"status-publish","4":"format-standard","5":"has-post-thumbnail","7":"category-noticias-ue","8":"tag-derecho","9":"tag-competitividad-empresa","10":"tag-mercado-unico-digital","11":"tag-proteccion-de-datos","12":"entry"},"acf":[],"yoast_head":"<!-- This site is optimized with the Yoast SEO plugin v27.5 - https:\/\/yoast.com\/product\/yoast-seo-wordpress\/ -->\n<title>Mercado \u00fanico digital: los negociadores de la UE acuerdan nuevas reglas para compartir datos del sector p\u00fablico | CDE Almer\u00eda - Centro de Documentaci\u00f3n Europea - Universidad de Almer\u00eda<\/title>\n<meta name=\"robots\" content=\"index, follow, max-snippet:-1, max-image-preview:large, max-video-preview:-1\" \/>\n<link rel=\"canonical\" href=\"https:\/\/www.cde.ual.es\/mercado-unico-digital-los-negociadores-de-la-ue-acuerdan-nuevas-reglas-para-compartir-datos-del-sector-publico\/\" \/>\n<meta property=\"og:locale\" content=\"en_US\" \/>\n<meta property=\"og:type\" content=\"article\" \/>\n<meta property=\"og:title\" content=\"Mercado \u00fanico digital: los negociadores de la UE acuerdan nuevas reglas para compartir datos del sector p\u00fablico | CDE Almer\u00eda - Centro de Documentaci\u00f3n Europea - Universidad de Almer\u00eda\" \/>\n<meta property=\"og:description\" content=\"Los negociadores del Parlamento Europeo, el Consejo de la UE y la Comisi\u00f3n han llegado a un acuerdo sobre una directiva revisada que facilitar\u00e1 la disponibilidad y la reutilizaci\u00f3n de los datos del sector p\u00fablico. Los datos son el combustible que impulsa el crecimiento de muchos productos y servicios digitales. Asegurarse de que los datos [&hellip;]\" \/>\n<meta property=\"og:url\" content=\"https:\/\/www.cde.ual.es\/mercado-unico-digital-los-negociadores-de-la-ue-acuerdan-nuevas-reglas-para-compartir-datos-del-sector-publico\/\" \/>\n<meta property=\"og:site_name\" content=\"CDE Almer\u00eda - Centro de Documentaci\u00f3n Europea - Universidad de Almer\u00eda\" \/>\n<meta property=\"article:publisher\" content=\"https:\/\/www.facebook.com\/cdeuniversidadalmeria\/\" \/>\n<meta property=\"article:published_time\" content=\"2019-01-24T07:00:56+00:00\" \/>\n<meta property=\"og:image\" content=\"https:\/\/www.cde.ual.es\/wp-content\/uploads\/2019\/01\/business-camera-coffee-1509428-e1548234273600.jpg\" \/>\n\t<meta property=\"og:image:width\" content=\"600\" \/>\n\t<meta property=\"og:image:height\" content=\"392\" \/>\n\t<meta property=\"og:image:type\" content=\"image\/jpeg\" \/>\n<meta name=\"author\" content=\"BECA 2 CDE\" \/>\n<meta name=\"twitter:card\" content=\"summary_large_image\" \/>\n<meta name=\"twitter:creator\" content=\"@cdeualmeria\" \/>\n<meta name=\"twitter:site\" content=\"@cdeualmeria\" \/>\n<meta name=\"twitter:label1\" content=\"Written by\" \/>\n\t<meta name=\"twitter:data1\" content=\"BECA 2 CDE\" \/>\n\t<meta name=\"twitter:label2\" content=\"Est. reading time\" \/>\n\t<meta name=\"twitter:data2\" content=\"4 minutes\" \/>\n<script type=\"application\/ld+json\" class=\"yoast-schema-graph\">{\"@context\":\"https:\\\/\\\/schema.org\",\"@graph\":[{\"@type\":\"Article\",\"@id\":\"https:\\\/\\\/www.cde.ual.es\\\/mercado-unico-digital-los-negociadores-de-la-ue-acuerdan-nuevas-reglas-para-compartir-datos-del-sector-publico\\\/#article\",\"isPartOf\":{\"@id\":\"https:\\\/\\\/www.cde.ual.es\\\/mercado-unico-digital-los-negociadores-de-la-ue-acuerdan-nuevas-reglas-para-compartir-datos-del-sector-publico\\\/\"},\"author\":{\"name\":\"BECA 2 CDE\",\"@id\":\"https:\\\/\\\/www.cde.ual.es\\\/#\\\/schema\\\/person\\\/ee46ebc19edfa19598c02cff83335acc\"},\"headline\":\"Mercado \u00fanico digital: los negociadores de la UE acuerdan nuevas reglas para compartir datos del sector p\u00fablico\",\"datePublished\":\"2019-01-24T07:00:56+00:00\",\"mainEntityOfPage\":{\"@id\":\"https:\\\/\\\/www.cde.ual.es\\\/mercado-unico-digital-los-negociadores-de-la-ue-acuerdan-nuevas-reglas-para-compartir-datos-del-sector-publico\\\/\"},\"wordCount\":837,\"commentCount\":0,\"publisher\":{\"@id\":\"https:\\\/\\\/www.cde.ual.es\\\/#organization\"},\"image\":{\"@id\":\"https:\\\/\\\/www.cde.ual.es\\\/mercado-unico-digital-los-negociadores-de-la-ue-acuerdan-nuevas-reglas-para-compartir-datos-del-sector-publico\\\/#primaryimage\"},\"thumbnailUrl\":\"https:\\\/\\\/www.cde.ual.es\\\/wp-content\\\/uploads\\\/2019\\\/01\\\/business-camera-coffee-1509428-e1548234273600.jpg\",\"keywords\":[\"Derecho\",\"Mercado en la Uni\u00f3n Europea\",\"Mercado \u00danico Digital\",\"Protecci\u00f3n de datos\"],\"articleSection\":[\"Noticias UE\"],\"inLanguage\":\"en-US\",\"potentialAction\":[{\"@type\":\"CommentAction\",\"name\":\"Comment\",\"target\":[\"https:\\\/\\\/www.cde.ual.es\\\/mercado-unico-digital-los-negociadores-de-la-ue-acuerdan-nuevas-reglas-para-compartir-datos-del-sector-publico\\\/#respond\"]}]},{\"@type\":\"WebPage\",\"@id\":\"https:\\\/\\\/www.cde.ual.es\\\/mercado-unico-digital-los-negociadores-de-la-ue-acuerdan-nuevas-reglas-para-compartir-datos-del-sector-publico\\\/\",\"url\":\"https:\\\/\\\/www.cde.ual.es\\\/mercado-unico-digital-los-negociadores-de-la-ue-acuerdan-nuevas-reglas-para-compartir-datos-del-sector-publico\\\/\",\"name\":\"Mercado \u00fanico digital: los negociadores de la UE acuerdan nuevas reglas para compartir datos del sector p\u00fablico | CDE Almer\u00eda - Centro de Documentaci\u00f3n Europea - Universidad de Almer\u00eda\",\"isPartOf\":{\"@id\":\"https:\\\/\\\/www.cde.ual.es\\\/#website\"},\"primaryImageOfPage\":{\"@id\":\"https:\\\/\\\/www.cde.ual.es\\\/mercado-unico-digital-los-negociadores-de-la-ue-acuerdan-nuevas-reglas-para-compartir-datos-del-sector-publico\\\/#primaryimage\"},\"image\":{\"@id\":\"https:\\\/\\\/www.cde.ual.es\\\/mercado-unico-digital-los-negociadores-de-la-ue-acuerdan-nuevas-reglas-para-compartir-datos-del-sector-publico\\\/#primaryimage\"},\"thumbnailUrl\":\"https:\\\/\\\/www.cde.ual.es\\\/wp-content\\\/uploads\\\/2019\\\/01\\\/business-camera-coffee-1509428-e1548234273600.jpg\",\"datePublished\":\"2019-01-24T07:00:56+00:00\",\"breadcrumb\":{\"@id\":\"https:\\\/\\\/www.cde.ual.es\\\/mercado-unico-digital-los-negociadores-de-la-ue-acuerdan-nuevas-reglas-para-compartir-datos-del-sector-publico\\\/#breadcrumb\"},\"inLanguage\":\"en-US\",\"potentialAction\":[{\"@type\":\"ReadAction\",\"target\":[\"https:\\\/\\\/www.cde.ual.es\\\/mercado-unico-digital-los-negociadores-de-la-ue-acuerdan-nuevas-reglas-para-compartir-datos-del-sector-publico\\\/\"]}]},{\"@type\":\"ImageObject\",\"inLanguage\":\"en-US\",\"@id\":\"https:\\\/\\\/www.cde.ual.es\\\/mercado-unico-digital-los-negociadores-de-la-ue-acuerdan-nuevas-reglas-para-compartir-datos-del-sector-publico\\\/#primaryimage\",\"url\":\"https:\\\/\\\/www.cde.ual.es\\\/wp-content\\\/uploads\\\/2019\\\/01\\\/business-camera-coffee-1509428-e1548234273600.jpg\",\"contentUrl\":\"https:\\\/\\\/www.cde.ual.es\\\/wp-content\\\/uploads\\\/2019\\\/01\\\/business-camera-coffee-1509428-e1548234273600.jpg\",\"width\":600,\"height\":392},{\"@type\":\"BreadcrumbList\",\"@id\":\"https:\\\/\\\/www.cde.ual.es\\\/mercado-unico-digital-los-negociadores-de-la-ue-acuerdan-nuevas-reglas-para-compartir-datos-del-sector-publico\\\/#breadcrumb\",\"itemListElement\":[{\"@type\":\"ListItem\",\"position\":1,\"name\":\"Inicio\",\"item\":\"https:\\\/\\\/www.cde.ual.es\\\/en\\\/\"},{\"@type\":\"ListItem\",\"position\":2,\"name\":\"Noticias UE\",\"item\":\"https:\\\/\\\/www.cde.ual.es\\\/category\\\/noticias-ue\\\/\"},{\"@type\":\"ListItem\",\"position\":3,\"name\":\"Mercado \u00fanico digital: los negociadores de la UE acuerdan nuevas reglas para compartir datos del sector p\u00fablico\"}]},{\"@type\":\"WebSite\",\"@id\":\"https:\\\/\\\/www.cde.ual.es\\\/#website\",\"url\":\"https:\\\/\\\/www.cde.ual.es\\\/\",\"name\":\"CDE Almer\u00eda - Centro de Documentaci\u00f3n Europea - Universidad de Almer\u00eda\",\"description\":\"Centro de Documentaci\u00f3n Europea de la Universidad de Almer\u00eda\",\"publisher\":{\"@id\":\"https:\\\/\\\/www.cde.ual.es\\\/#organization\"},\"alternateName\":\"CDE Almer\u00eda\",\"potentialAction\":[{\"@type\":\"SearchAction\",\"target\":{\"@type\":\"EntryPoint\",\"urlTemplate\":\"https:\\\/\\\/www.cde.ual.es\\\/?s={search_term_string}\"},\"query-input\":{\"@type\":\"PropertyValueSpecification\",\"valueRequired\":true,\"valueName\":\"search_term_string\"}}],\"inLanguage\":\"en-US\"},{\"@type\":\"Organization\",\"@id\":\"https:\\\/\\\/www.cde.ual.es\\\/#organization\",\"name\":\"Centro de Documentaci\u00f3n Europea de Almer\u00eda\",\"url\":\"https:\\\/\\\/www.cde.ual.es\\\/\",\"logo\":{\"@type\":\"ImageObject\",\"inLanguage\":\"en-US\",\"@id\":\"https:\\\/\\\/www.cde.ual.es\\\/#\\\/schema\\\/logo\\\/image\\\/\",\"url\":\"https:\\\/\\\/www.cde.ual.es\\\/wp-content\\\/uploads\\\/2025\\\/07\\\/cde-logo-3.png\",\"contentUrl\":\"https:\\\/\\\/www.cde.ual.es\\\/wp-content\\\/uploads\\\/2025\\\/07\\\/cde-logo-3.png\",\"width\":1400,\"height\":300,\"caption\":\"Centro de Documentaci\u00f3n Europea de Almer\u00eda\"},\"image\":{\"@id\":\"https:\\\/\\\/www.cde.ual.es\\\/#\\\/schema\\\/logo\\\/image\\\/\"},\"sameAs\":[\"https:\\\/\\\/www.facebook.com\\\/cdeuniversidadalmeria\\\/\",\"https:\\\/\\\/x.com\\\/cdeualmeria\",\"https:\\\/\\\/www.tiktok.com\\\/@cdealmeria\",\"https:\\\/\\\/www.instagram.com\\\/cdealmeria\\\/\",\"https:\\\/\\\/www.linkedin.com\\\/in\\\/cde-almera-812b26a9\\\/\"]},{\"@type\":\"Person\",\"@id\":\"https:\\\/\\\/www.cde.ual.es\\\/#\\\/schema\\\/person\\\/ee46ebc19edfa19598c02cff83335acc\",\"name\":\"BECA 2 CDE\",\"image\":{\"@type\":\"ImageObject\",\"inLanguage\":\"en-US\",\"@id\":\"https:\\\/\\\/secure.gravatar.com\\\/avatar\\\/35a481bbc04bbd90e91bdfa3b0b5541036c222a49b9ad37b6889a2afcb5311a5?s=96&d=mm&r=g\",\"url\":\"https:\\\/\\\/secure.gravatar.com\\\/avatar\\\/35a481bbc04bbd90e91bdfa3b0b5541036c222a49b9ad37b6889a2afcb5311a5?s=96&d=mm&r=g\",\"contentUrl\":\"https:\\\/\\\/secure.gravatar.com\\\/avatar\\\/35a481bbc04bbd90e91bdfa3b0b5541036c222a49b9ad37b6889a2afcb5311a5?s=96&d=mm&r=g\",\"caption\":\"BECA 2 CDE\"},\"sameAs\":[\"http:\\\/\\\/www.cdealmeria.com\"]}]}<\/script>\n<!-- \/ Yoast SEO plugin. -->","yoast_head_json":{"title":"Mercado \u00fanico digital: los negociadores de la UE acuerdan nuevas reglas para compartir datos del sector p\u00fablico | CDE Almer\u00eda - Centro de Documentaci\u00f3n Europea - Universidad de Almer\u00eda","robots":{"index":"index","follow":"follow","max-snippet":"max-snippet:-1","max-image-preview":"max-image-preview:large","max-video-preview":"max-video-preview:-1"},"canonical":"https:\/\/www.cde.ual.es\/mercado-unico-digital-los-negociadores-de-la-ue-acuerdan-nuevas-reglas-para-compartir-datos-del-sector-publico\/","og_locale":"en_US","og_type":"article","og_title":"Mercado \u00fanico digital: los negociadores de la UE acuerdan nuevas reglas para compartir datos del sector p\u00fablico | CDE Almer\u00eda - Centro de Documentaci\u00f3n Europea - Universidad de Almer\u00eda","og_description":"Los negociadores del Parlamento Europeo, el Consejo de la UE y la Comisi\u00f3n han llegado a un acuerdo sobre una directiva revisada que facilitar\u00e1 la disponibilidad y la reutilizaci\u00f3n de los datos del sector p\u00fablico. Los datos son el combustible que impulsa el crecimiento de muchos productos y servicios digitales. Asegurarse de que los datos [&hellip;]","og_url":"https:\/\/www.cde.ual.es\/mercado-unico-digital-los-negociadores-de-la-ue-acuerdan-nuevas-reglas-para-compartir-datos-del-sector-publico\/","og_site_name":"CDE Almer\u00eda - Centro de Documentaci\u00f3n Europea - Universidad de Almer\u00eda","article_publisher":"https:\/\/www.facebook.com\/cdeuniversidadalmeria\/","article_published_time":"2019-01-24T07:00:56+00:00","og_image":[{"width":600,"height":392,"url":"https:\/\/www.cde.ual.es\/wp-content\/uploads\/2019\/01\/business-camera-coffee-1509428-e1548234273600.jpg","type":"image\/jpeg"}],"author":"BECA 2 CDE","twitter_card":"summary_large_image","twitter_creator":"@cdeualmeria","twitter_site":"@cdeualmeria","twitter_misc":{"Written by":"BECA 2 CDE","Est. reading time":"4 minutes"},"schema":{"@context":"https:\/\/schema.org","@graph":[{"@type":"Article","@id":"https:\/\/www.cde.ual.es\/mercado-unico-digital-los-negociadores-de-la-ue-acuerdan-nuevas-reglas-para-compartir-datos-del-sector-publico\/#article","isPartOf":{"@id":"https:\/\/www.cde.ual.es\/mercado-unico-digital-los-negociadores-de-la-ue-acuerdan-nuevas-reglas-para-compartir-datos-del-sector-publico\/"},"author":{"name":"BECA 2 CDE","@id":"https:\/\/www.cde.ual.es\/#\/schema\/person\/ee46ebc19edfa19598c02cff83335acc"},"headline":"Mercado \u00fanico digital: los negociadores de la UE acuerdan nuevas reglas para compartir datos del sector p\u00fablico","datePublished":"2019-01-24T07:00:56+00:00","mainEntityOfPage":{"@id":"https:\/\/www.cde.ual.es\/mercado-unico-digital-los-negociadores-de-la-ue-acuerdan-nuevas-reglas-para-compartir-datos-del-sector-publico\/"},"wordCount":837,"commentCount":0,"publisher":{"@id":"https:\/\/www.cde.ual.es\/#organization"},"image":{"@id":"https:\/\/www.cde.ual.es\/mercado-unico-digital-los-negociadores-de-la-ue-acuerdan-nuevas-reglas-para-compartir-datos-del-sector-publico\/#primaryimage"},"thumbnailUrl":"https:\/\/www.cde.ual.es\/wp-content\/uploads\/2019\/01\/business-camera-coffee-1509428-e1548234273600.jpg","keywords":["Derecho","Mercado en la Uni\u00f3n Europea","Mercado \u00danico Digital","Protecci\u00f3n de datos"],"articleSection":["Noticias UE"],"inLanguage":"en-US","potentialAction":[{"@type":"CommentAction","name":"Comment","target":["https:\/\/www.cde.ual.es\/mercado-unico-digital-los-negociadores-de-la-ue-acuerdan-nuevas-reglas-para-compartir-datos-del-sector-publico\/#respond"]}]},{"@type":"WebPage","@id":"https:\/\/www.cde.ual.es\/mercado-unico-digital-los-negociadores-de-la-ue-acuerdan-nuevas-reglas-para-compartir-datos-del-sector-publico\/","url":"https:\/\/www.cde.ual.es\/mercado-unico-digital-los-negociadores-de-la-ue-acuerdan-nuevas-reglas-para-compartir-datos-del-sector-publico\/","name":"Mercado \u00fanico digital: los negociadores de la UE acuerdan nuevas reglas para compartir datos del sector p\u00fablico | CDE Almer\u00eda - Centro de Documentaci\u00f3n Europea - Universidad de Almer\u00eda","isPartOf":{"@id":"https:\/\/www.cde.ual.es\/#website"},"primaryImageOfPage":{"@id":"https:\/\/www.cde.ual.es\/mercado-unico-digital-los-negociadores-de-la-ue-acuerdan-nuevas-reglas-para-compartir-datos-del-sector-publico\/#primaryimage"},"image":{"@id":"https:\/\/www.cde.ual.es\/mercado-unico-digital-los-negociadores-de-la-ue-acuerdan-nuevas-reglas-para-compartir-datos-del-sector-publico\/#primaryimage"},"thumbnailUrl":"https:\/\/www.cde.ual.es\/wp-content\/uploads\/2019\/01\/business-camera-coffee-1509428-e1548234273600.jpg","datePublished":"2019-01-24T07:00:56+00:00","breadcrumb":{"@id":"https:\/\/www.cde.ual.es\/mercado-unico-digital-los-negociadores-de-la-ue-acuerdan-nuevas-reglas-para-compartir-datos-del-sector-publico\/#breadcrumb"},"inLanguage":"en-US","potentialAction":[{"@type":"ReadAction","target":["https:\/\/www.cde.ual.es\/mercado-unico-digital-los-negociadores-de-la-ue-acuerdan-nuevas-reglas-para-compartir-datos-del-sector-publico\/"]}]},{"@type":"ImageObject","inLanguage":"en-US","@id":"https:\/\/www.cde.ual.es\/mercado-unico-digital-los-negociadores-de-la-ue-acuerdan-nuevas-reglas-para-compartir-datos-del-sector-publico\/#primaryimage","url":"https:\/\/www.cde.ual.es\/wp-content\/uploads\/2019\/01\/business-camera-coffee-1509428-e1548234273600.jpg","contentUrl":"https:\/\/www.cde.ual.es\/wp-content\/uploads\/2019\/01\/business-camera-coffee-1509428-e1548234273600.jpg","width":600,"height":392},{"@type":"BreadcrumbList","@id":"https:\/\/www.cde.ual.es\/mercado-unico-digital-los-negociadores-de-la-ue-acuerdan-nuevas-reglas-para-compartir-datos-del-sector-publico\/#breadcrumb","itemListElement":[{"@type":"ListItem","position":1,"name":"Inicio","item":"https:\/\/www.cde.ual.es\/en\/"},{"@type":"ListItem","position":2,"name":"Noticias UE","item":"https:\/\/www.cde.ual.es\/category\/noticias-ue\/"},{"@type":"ListItem","position":3,"name":"Mercado \u00fanico digital: los negociadores de la UE acuerdan nuevas reglas para compartir datos del sector p\u00fablico"}]},{"@type":"WebSite","@id":"https:\/\/www.cde.ual.es\/#website","url":"https:\/\/www.cde.ual.es\/","name":"CDE Almer\u00eda - Centro de Documentaci\u00f3n Europea - Universidad de Almer\u00eda","description":"Centro de Documentaci\u00f3n Europea de la Universidad de Almer\u00eda","publisher":{"@id":"https:\/\/www.cde.ual.es\/#organization"},"alternateName":"CDE Almer\u00eda","potentialAction":[{"@type":"SearchAction","target":{"@type":"EntryPoint","urlTemplate":"https:\/\/www.cde.ual.es\/?s={search_term_string}"},"query-input":{"@type":"PropertyValueSpecification","valueRequired":true,"valueName":"search_term_string"}}],"inLanguage":"en-US"},{"@type":"Organization","@id":"https:\/\/www.cde.ual.es\/#organization","name":"Centro de Documentaci\u00f3n Europea de Almer\u00eda","url":"https:\/\/www.cde.ual.es\/","logo":{"@type":"ImageObject","inLanguage":"en-US","@id":"https:\/\/www.cde.ual.es\/#\/schema\/logo\/image\/","url":"https:\/\/www.cde.ual.es\/wp-content\/uploads\/2025\/07\/cde-logo-3.png","contentUrl":"https:\/\/www.cde.ual.es\/wp-content\/uploads\/2025\/07\/cde-logo-3.png","width":1400,"height":300,"caption":"Centro de Documentaci\u00f3n Europea de Almer\u00eda"},"image":{"@id":"https:\/\/www.cde.ual.es\/#\/schema\/logo\/image\/"},"sameAs":["https:\/\/www.facebook.com\/cdeuniversidadalmeria\/","https:\/\/x.com\/cdeualmeria","https:\/\/www.tiktok.com\/@cdealmeria","https:\/\/www.instagram.com\/cdealmeria\/","https:\/\/www.linkedin.com\/in\/cde-almera-812b26a9\/"]},{"@type":"Person","@id":"https:\/\/www.cde.ual.es\/#\/schema\/person\/ee46ebc19edfa19598c02cff83335acc","name":"BECA 2 CDE","image":{"@type":"ImageObject","inLanguage":"en-US","@id":"https:\/\/secure.gravatar.com\/avatar\/35a481bbc04bbd90e91bdfa3b0b5541036c222a49b9ad37b6889a2afcb5311a5?s=96&d=mm&r=g","url":"https:\/\/secure.gravatar.com\/avatar\/35a481bbc04bbd90e91bdfa3b0b5541036c222a49b9ad37b6889a2afcb5311a5?s=96&d=mm&r=g","contentUrl":"https:\/\/secure.gravatar.com\/avatar\/35a481bbc04bbd90e91bdfa3b0b5541036c222a49b9ad37b6889a2afcb5311a5?s=96&d=mm&r=g","caption":"BECA 2 CDE"},"sameAs":["http:\/\/www.cdealmeria.com"]}]}},"_links":{"self":[{"href":"https:\/\/www.cde.ual.es\/en\/wp-json\/wp\/v2\/posts\/11945","targetHints":{"allow":["GET"]}}],"collection":[{"href":"https:\/\/www.cde.ual.es\/en\/wp-json\/wp\/v2\/posts"}],"about":[{"href":"https:\/\/www.cde.ual.es\/en\/wp-json\/wp\/v2\/types\/post"}],"author":[{"embeddable":true,"href":"https:\/\/www.cde.ual.es\/en\/wp-json\/wp\/v2\/users\/101011"}],"replies":[{"embeddable":true,"href":"https:\/\/www.cde.ual.es\/en\/wp-json\/wp\/v2\/comments?post=11945"}],"version-history":[{"count":0,"href":"https:\/\/www.cde.ual.es\/en\/wp-json\/wp\/v2\/posts\/11945\/revisions"}],"wp:featuredmedia":[{"embeddable":true,"href":"https:\/\/www.cde.ual.es\/en\/wp-json\/wp\/v2\/media\/11948"}],"wp:attachment":[{"href":"https:\/\/www.cde.ual.es\/en\/wp-json\/wp\/v2\/media?parent=11945"}],"wp:term":[{"taxonomy":"category","embeddable":true,"href":"https:\/\/www.cde.ual.es\/en\/wp-json\/wp\/v2\/categories?post=11945"},{"taxonomy":"post_tag","embeddable":true,"href":"https:\/\/www.cde.ual.es\/en\/wp-json\/wp\/v2\/tags?post=11945"}],"curies":[{"name":"wp","href":"https:\/\/api.w.org\/{rel}","templated":true}]}}