{"id":118720,"date":"2022-09-20T03:03:40","date_gmt":"2022-09-20T01:03:40","guid":{"rendered":"https:\/\/www.cde.ual.es\/?p=118720"},"modified":"2022-09-19T11:12:22","modified_gmt":"2022-09-19T09:12:22","slug":"horizon-europe-eit-food-business-plan-2023-2025","status":"publish","type":"post","link":"https:\/\/www.cde.ual.es\/en\/horizon-europe-eit-food-business-plan-2023-2025\/","title":{"rendered":"HORIZON EUROPE: EIT Food Business Plan 2023-2025"},"content":{"rendered":"<h3><a href=\"https:\/\/www.cde.ual.es\/wp-content\/uploads\/2022\/09\/brooke-lark-kVCRP3uiLiE-unsplash-scaled.jpg\"><img decoding=\"async\" class=\" wp-image-118721 aligncenter\" src=\"https:\/\/www.cde.ual.es\/wp-content\/uploads\/2022\/09\/brooke-lark-kVCRP3uiLiE-unsplash-scaled.jpg\" alt=\"Mosaico de rodajas de c\u00edtricos en torno a una pi\u00f1a sobre un fondo amarillo\" width=\"500\" height=\"462\" srcset=\"https:\/\/www.cde.ual.es\/wp-content\/uploads\/2022\/09\/brooke-lark-kVCRP3uiLiE-unsplash-scaled.jpg 2560w, https:\/\/www.cde.ual.es\/wp-content\/uploads\/2022\/09\/brooke-lark-kVCRP3uiLiE-unsplash-300x277.jpg 300w, https:\/\/www.cde.ual.es\/wp-content\/uploads\/2022\/09\/brooke-lark-kVCRP3uiLiE-unsplash-1024x945.jpg 1024w, https:\/\/www.cde.ual.es\/wp-content\/uploads\/2022\/09\/brooke-lark-kVCRP3uiLiE-unsplash-768x709.jpg 768w, https:\/\/www.cde.ual.es\/wp-content\/uploads\/2022\/09\/brooke-lark-kVCRP3uiLiE-unsplash-1536x1418.jpg 1536w, https:\/\/www.cde.ual.es\/wp-content\/uploads\/2022\/09\/brooke-lark-kVCRP3uiLiE-unsplash-2048x1891.jpg 2048w\" sizes=\"(max-width: 500px) 100vw, 500px\" \/><\/a><\/h3>\n<h3><span class=\"topicdescriptionkind\">Expected Outcome<\/span><\/h3>\n<p>The results of Business Plan 2023-2025 should contribute to the expected outcomes set out in the EIT Food Strategic Agenda 2021-2027 over the medium term, and to the wider expected impacts and respective targets over the longer term.<\/p>\n<p><span class=\"topicdescriptionkind\">Objective<\/span>:<\/p>\n<ul>\n<li>Relevant and appropriate EIT Food Business Plan for 2023-2025 implementation of the KIC\u2019s multiannual strategy Strategic, demonstrating its excellence (including objectives and ambition; methodology; financial sustainability), its impact (including KIC\u2019s pathways towards impact; measures to maximise impact &#8211; dissemination, exploitation and communication) and its quality and efficiency of the implementation (including work plan and resources at portfolio level; capacity of participants and KIC Partnership as a whole).<\/li>\n<li>To address EIT Food\u2018s target societal challenges and Knowledge Triangle Integration (KTI), contributing to achieving the future high-level results and impacts included in the EIT Impact Framework.<\/li>\n<li>KIC\u2019s objectives\/priorities in this Business Plan, describing its objectives using SMART criteria (specific, measurable, attainable, relevant and time-bound) and why are they pertinent to the KIC Strategic Agenda.<\/li>\n<\/ul>\n<h3><span class=\"topicdescriptionkind\">Scope<\/span><\/h3>\n<p>The KIC&#8217;s Business Plan 2023-2025, describing the activities at portfolio level aligned to the EIT Food Strategic Agenda in the framework of the EIT Strategic Agenda 2021-2027.<\/p>\n<p><span class=\"topicdescriptionkind\">Expected Impact<\/span>:<\/p>\n<p>In response to this topic, EIT Food should show how the KIC could contribute to the outcomes and impacts described in the KIC Strategic Agenda and the KPIs in the EIT Impact Framework following the specific EIT Food\u2019s Impact Pathways, the likely scale and significance of this contribution, and the measures to maximise these impacts in the context of Horizon Europe. Each activity included in the Business Plan should contribute to at least one core EIT KPI.<\/p>\n<h3>Deadline<\/h3>\n<p>28 September 2022<\/p>\n<p><strong>For further information: <a href=\"https:\/\/ec.europa.eu\/info\/funding-tenders\/opportunities\/portal\/screen\/opportunities\/topic-details\/horizon-eit-2023-25-kic-eitfood;callCode=null;freeTextSearchKeyword=;matchWholeText=true;typeCodes=0,1,2,8;statusCodes=31094501,31094502,31094503;programmePeriod=null;programCcm2Id=43108390;programDivisionCode=null;focusAreaCode=null;destination=null;mission=null;geographicalZonesCode=null;programmeDivisionProspect=null;startDateLte=null;startDateGte=null;crossCuttingPriorityCode=null;cpvCode=null;performanceOfDelivery=null;sortQuery=sortStatus;orderBy=asc;onlyTenders=false;topicListKey=topicSearchTablePageState\" target=\"_blank\" rel=\"noopener\">Funding &amp; tenders<\/a><\/strong><\/p>\n","protected":false},"excerpt":{"rendered":"<p>Expected Outcome The results of Business Plan 2023-2025 should contribute to the expected outcomes set out in the EIT Food Strategic Agenda 2021-2027 over the medium term, and to the wider expected impacts and respective targets over the longer term. Objective: Relevant and appropriate EIT Food Business Plan for 2023-2025 implementation of the KIC\u2019s multiannual [&hellip;]<\/p>\n","protected":false},"author":101011,"featured_media":118721,"comment_status":"open","ping_status":"open","sticky":false,"template":"","format":"standard","meta":{"_acf_changed":false,"_relevanssi_hide_post":"","_relevanssi_hide_content":"","_relevanssi_pin_for_all":"","_relevanssi_pin_keywords":"","_relevanssi_unpin_keywords":"","_relevanssi_related_keywords":"","_relevanssi_related_include_ids":"","_relevanssi_related_exclude_ids":"","_relevanssi_related_no_append":"","_relevanssi_related_not_related":"","_relevanssi_related_posts":"","_relevanssi_noindex_reason":"","_monsterinsights_skip_tracking":false,"_monsterinsights_sitenote_active":false,"_monsterinsights_sitenote_note":"","_monsterinsights_sitenote_category":0,"_genesis_hide_title":false,"_genesis_hide_breadcrumbs":false,"_genesis_hide_singular_image":false,"_genesis_hide_footer_widgets":false,"_genesis_custom_body_class":"","_genesis_custom_post_class":"","_genesis_layout":"","footnotes":""},"categories":[366,4054],"tags":[409,605,627],"class_list":{"0":"post-118720","1":"post","2":"type-post","3":"status-publish","4":"format-standard","5":"has-post-thumbnail","7":"category-eu-calls-and-awards","8":"category-horizon-europe","9":"tag-call","10":"tag-food","11":"tag-horizon-europe","12":"entry"},"acf":[],"yoast_head":"<!-- This site is optimized with the Yoast SEO plugin v27.4 - https:\/\/yoast.com\/product\/yoast-seo-wordpress\/ -->\n<title>HORIZON EUROPE: EIT Food Business Plan 2023-2025 | CDE Almer\u00eda - Centro de Documentaci\u00f3n Europea - Universidad de Almer\u00eda<\/title>\n<meta name=\"robots\" content=\"index, follow, max-snippet:-1, max-image-preview:large, max-video-preview:-1\" \/>\n<link rel=\"canonical\" href=\"https:\/\/www.cde.ual.es\/horizonte-europa-plan-de-negocio-de-alimentacion-del-iet-2023-2025\/\" \/>\n<meta property=\"og:locale\" content=\"en_US\" \/>\n<meta property=\"og:type\" content=\"article\" \/>\n<meta property=\"og:title\" content=\"HORIZON EUROPE: EIT Food Business Plan 2023-2025 | CDE Almer\u00eda - Centro de Documentaci\u00f3n Europea - Universidad de Almer\u00eda\" \/>\n<meta property=\"og:description\" content=\"Expected Outcome The results of Business Plan 2023-2025 should contribute to the expected outcomes set out in the EIT Food Strategic Agenda 2021-2027 over the medium term, and to the wider expected impacts and respective targets over the longer term. Objective: Relevant and appropriate EIT Food Business Plan for 2023-2025 implementation of the KIC\u2019s multiannual [&hellip;]\" \/>\n<meta property=\"og:url\" content=\"https:\/\/www.cde.ual.es\/horizonte-europa-plan-de-negocio-de-alimentacion-del-iet-2023-2025\/\" \/>\n<meta property=\"og:site_name\" content=\"CDE Almer\u00eda - Centro de Documentaci\u00f3n Europea - Universidad de Almer\u00eda\" \/>\n<meta property=\"article:publisher\" content=\"https:\/\/www.facebook.com\/cdeuniversidadalmeria\/\" \/>\n<meta property=\"article:published_time\" content=\"2022-09-20T01:03:40+00:00\" \/>\n<meta property=\"og:image\" content=\"https:\/\/www.cde.ual.es\/wp-content\/uploads\/2022\/09\/brooke-lark-kVCRP3uiLiE-unsplash-scaled.jpg\" \/>\n\t<meta property=\"og:image:width\" content=\"2560\" \/>\n\t<meta property=\"og:image:height\" content=\"2363\" \/>\n\t<meta property=\"og:image:type\" content=\"image\/jpeg\" \/>\n<meta name=\"author\" content=\"BECA 2 CDE\" \/>\n<meta name=\"twitter:card\" content=\"summary_large_image\" \/>\n<meta name=\"twitter:creator\" content=\"@cdeualmeria\" \/>\n<meta name=\"twitter:site\" content=\"@cdeualmeria\" \/>\n<meta name=\"twitter:label1\" content=\"Written by\" \/>\n\t<meta name=\"twitter:data1\" content=\"BECA 2 CDE\" \/>\n\t<meta name=\"twitter:label2\" content=\"Est. reading time\" \/>\n\t<meta name=\"twitter:data2\" content=\"2 minutes\" \/>\n<script type=\"application\/ld+json\" class=\"yoast-schema-graph\">{\"@context\":\"https:\\\/\\\/schema.org\",\"@graph\":[{\"@type\":\"Article\",\"@id\":\"https:\\\/\\\/www.cde.ual.es\\\/horizonte-europa-plan-de-negocio-de-alimentacion-del-iet-2023-2025\\\/#article\",\"isPartOf\":{\"@id\":\"https:\\\/\\\/www.cde.ual.es\\\/horizonte-europa-plan-de-negocio-de-alimentacion-del-iet-2023-2025\\\/\"},\"author\":{\"name\":\"BECA 2 CDE\",\"@id\":\"https:\\\/\\\/www.cde.ual.es\\\/#\\\/schema\\\/person\\\/ee46ebc19edfa19598c02cff83335acc\"},\"headline\":\"HORIZON EUROPE: EIT Food Business Plan 2023-2025\",\"datePublished\":\"2022-09-20T01:03:40+00:00\",\"mainEntityOfPage\":{\"@id\":\"https:\\\/\\\/www.cde.ual.es\\\/horizonte-europa-plan-de-negocio-de-alimentacion-del-iet-2023-2025\\\/\"},\"wordCount\":292,\"commentCount\":0,\"publisher\":{\"@id\":\"https:\\\/\\\/www.cde.ual.es\\\/#organization\"},\"image\":{\"@id\":\"https:\\\/\\\/www.cde.ual.es\\\/horizonte-europa-plan-de-negocio-de-alimentacion-del-iet-2023-2025\\\/#primaryimage\"},\"thumbnailUrl\":\"https:\\\/\\\/www.cde.ual.es\\\/wp-content\\\/uploads\\\/2022\\\/09\\\/brooke-lark-kVCRP3uiLiE-unsplash-scaled.jpg\",\"keywords\":[\"call\",\"Food\",\"Horizon Europe\"],\"articleSection\":[\"EU Calls and Awards\",\"Horizon Europe\"],\"inLanguage\":\"en-US\",\"potentialAction\":[{\"@type\":\"CommentAction\",\"name\":\"Comment\",\"target\":[\"https:\\\/\\\/www.cde.ual.es\\\/horizonte-europa-plan-de-negocio-de-alimentacion-del-iet-2023-2025\\\/#respond\"]}]},{\"@type\":\"WebPage\",\"@id\":\"https:\\\/\\\/www.cde.ual.es\\\/horizonte-europa-plan-de-negocio-de-alimentacion-del-iet-2023-2025\\\/\",\"url\":\"https:\\\/\\\/www.cde.ual.es\\\/horizonte-europa-plan-de-negocio-de-alimentacion-del-iet-2023-2025\\\/\",\"name\":\"HORIZON EUROPE: EIT Food Business Plan 2023-2025 | CDE Almer\u00eda - Centro de Documentaci\u00f3n Europea - Universidad de Almer\u00eda\",\"isPartOf\":{\"@id\":\"https:\\\/\\\/www.cde.ual.es\\\/#website\"},\"primaryImageOfPage\":{\"@id\":\"https:\\\/\\\/www.cde.ual.es\\\/horizonte-europa-plan-de-negocio-de-alimentacion-del-iet-2023-2025\\\/#primaryimage\"},\"image\":{\"@id\":\"https:\\\/\\\/www.cde.ual.es\\\/horizonte-europa-plan-de-negocio-de-alimentacion-del-iet-2023-2025\\\/#primaryimage\"},\"thumbnailUrl\":\"https:\\\/\\\/www.cde.ual.es\\\/wp-content\\\/uploads\\\/2022\\\/09\\\/brooke-lark-kVCRP3uiLiE-unsplash-scaled.jpg\",\"datePublished\":\"2022-09-20T01:03:40+00:00\",\"breadcrumb\":{\"@id\":\"https:\\\/\\\/www.cde.ual.es\\\/horizonte-europa-plan-de-negocio-de-alimentacion-del-iet-2023-2025\\\/#breadcrumb\"},\"inLanguage\":\"en-US\",\"potentialAction\":[{\"@type\":\"ReadAction\",\"target\":[\"https:\\\/\\\/www.cde.ual.es\\\/horizonte-europa-plan-de-negocio-de-alimentacion-del-iet-2023-2025\\\/\"]}]},{\"@type\":\"ImageObject\",\"inLanguage\":\"en-US\",\"@id\":\"https:\\\/\\\/www.cde.ual.es\\\/horizonte-europa-plan-de-negocio-de-alimentacion-del-iet-2023-2025\\\/#primaryimage\",\"url\":\"https:\\\/\\\/www.cde.ual.es\\\/wp-content\\\/uploads\\\/2022\\\/09\\\/brooke-lark-kVCRP3uiLiE-unsplash-scaled.jpg\",\"contentUrl\":\"https:\\\/\\\/www.cde.ual.es\\\/wp-content\\\/uploads\\\/2022\\\/09\\\/brooke-lark-kVCRP3uiLiE-unsplash-scaled.jpg\",\"width\":2560,\"height\":2363,\"caption\":\"Mosaico de rodajas de c\u00edtricos en torno a una pi\u00f1a sobre un fondo amarillo\"},{\"@type\":\"BreadcrumbList\",\"@id\":\"https:\\\/\\\/www.cde.ual.es\\\/horizonte-europa-plan-de-negocio-de-alimentacion-del-iet-2023-2025\\\/#breadcrumb\",\"itemListElement\":[{\"@type\":\"ListItem\",\"position\":1,\"name\":\"Inicio\",\"item\":\"https:\\\/\\\/www.cde.ual.es\\\/en\\\/\"},{\"@type\":\"ListItem\",\"position\":2,\"name\":\"Convocatorias y Premios UE\",\"item\":\"https:\\\/\\\/www.cde.ual.es\\\/category\\\/convocatorias-y-premios-ue\\\/\"},{\"@type\":\"ListItem\",\"position\":3,\"name\":\"Horizon Europe\",\"item\":\"https:\\\/\\\/www.cde.ual.es\\\/en\\\/category\\\/eu-calls-and-awards\\\/horizon-europe\\\/\"},{\"@type\":\"ListItem\",\"position\":4,\"name\":\"HORIZON EUROPE: EIT Food Business Plan 2023-2025\"}]},{\"@type\":\"WebSite\",\"@id\":\"https:\\\/\\\/www.cde.ual.es\\\/#website\",\"url\":\"https:\\\/\\\/www.cde.ual.es\\\/\",\"name\":\"CDE Almer\u00eda - Centro de Documentaci\u00f3n Europea - Universidad de Almer\u00eda\",\"description\":\"Centro de Documentaci\u00f3n Europea de la Universidad de Almer\u00eda\",\"publisher\":{\"@id\":\"https:\\\/\\\/www.cde.ual.es\\\/#organization\"},\"alternateName\":\"CDE Almer\u00eda\",\"potentialAction\":[{\"@type\":\"SearchAction\",\"target\":{\"@type\":\"EntryPoint\",\"urlTemplate\":\"https:\\\/\\\/www.cde.ual.es\\\/?s={search_term_string}\"},\"query-input\":{\"@type\":\"PropertyValueSpecification\",\"valueRequired\":true,\"valueName\":\"search_term_string\"}}],\"inLanguage\":\"en-US\"},{\"@type\":\"Organization\",\"@id\":\"https:\\\/\\\/www.cde.ual.es\\\/#organization\",\"name\":\"Centro de Documentaci\u00f3n Europea de Almer\u00eda\",\"url\":\"https:\\\/\\\/www.cde.ual.es\\\/\",\"logo\":{\"@type\":\"ImageObject\",\"inLanguage\":\"en-US\",\"@id\":\"https:\\\/\\\/www.cde.ual.es\\\/#\\\/schema\\\/logo\\\/image\\\/\",\"url\":\"https:\\\/\\\/www.cde.ual.es\\\/wp-content\\\/uploads\\\/2025\\\/07\\\/cde-logo-3.png\",\"contentUrl\":\"https:\\\/\\\/www.cde.ual.es\\\/wp-content\\\/uploads\\\/2025\\\/07\\\/cde-logo-3.png\",\"width\":1400,\"height\":300,\"caption\":\"Centro de Documentaci\u00f3n Europea de Almer\u00eda\"},\"image\":{\"@id\":\"https:\\\/\\\/www.cde.ual.es\\\/#\\\/schema\\\/logo\\\/image\\\/\"},\"sameAs\":[\"https:\\\/\\\/www.facebook.com\\\/cdeuniversidadalmeria\\\/\",\"https:\\\/\\\/x.com\\\/cdeualmeria\",\"https:\\\/\\\/www.tiktok.com\\\/@cdealmeria\",\"https:\\\/\\\/www.instagram.com\\\/cdealmeria\\\/\",\"https:\\\/\\\/www.linkedin.com\\\/in\\\/cde-almera-812b26a9\\\/\"]},{\"@type\":\"Person\",\"@id\":\"https:\\\/\\\/www.cde.ual.es\\\/#\\\/schema\\\/person\\\/ee46ebc19edfa19598c02cff83335acc\",\"name\":\"BECA 2 CDE\",\"image\":{\"@type\":\"ImageObject\",\"inLanguage\":\"en-US\",\"@id\":\"https:\\\/\\\/secure.gravatar.com\\\/avatar\\\/35a481bbc04bbd90e91bdfa3b0b5541036c222a49b9ad37b6889a2afcb5311a5?s=96&d=mm&r=g\",\"url\":\"https:\\\/\\\/secure.gravatar.com\\\/avatar\\\/35a481bbc04bbd90e91bdfa3b0b5541036c222a49b9ad37b6889a2afcb5311a5?s=96&d=mm&r=g\",\"contentUrl\":\"https:\\\/\\\/secure.gravatar.com\\\/avatar\\\/35a481bbc04bbd90e91bdfa3b0b5541036c222a49b9ad37b6889a2afcb5311a5?s=96&d=mm&r=g\",\"caption\":\"BECA 2 CDE\"},\"sameAs\":[\"http:\\\/\\\/www.cdealmeria.com\"]}]}<\/script>\n<!-- \/ Yoast SEO plugin. -->","yoast_head_json":{"title":"HORIZON EUROPE: EIT Food Business Plan 2023-2025 | CDE Almer\u00eda - Centro de Documentaci\u00f3n Europea - Universidad de Almer\u00eda","robots":{"index":"index","follow":"follow","max-snippet":"max-snippet:-1","max-image-preview":"max-image-preview:large","max-video-preview":"max-video-preview:-1"},"canonical":"https:\/\/www.cde.ual.es\/horizonte-europa-plan-de-negocio-de-alimentacion-del-iet-2023-2025\/","og_locale":"en_US","og_type":"article","og_title":"HORIZON EUROPE: EIT Food Business Plan 2023-2025 | CDE Almer\u00eda - Centro de Documentaci\u00f3n Europea - Universidad de Almer\u00eda","og_description":"Expected Outcome The results of Business Plan 2023-2025 should contribute to the expected outcomes set out in the EIT Food Strategic Agenda 2021-2027 over the medium term, and to the wider expected impacts and respective targets over the longer term. Objective: Relevant and appropriate EIT Food Business Plan for 2023-2025 implementation of the KIC\u2019s multiannual [&hellip;]","og_url":"https:\/\/www.cde.ual.es\/horizonte-europa-plan-de-negocio-de-alimentacion-del-iet-2023-2025\/","og_site_name":"CDE Almer\u00eda - Centro de Documentaci\u00f3n Europea - Universidad de Almer\u00eda","article_publisher":"https:\/\/www.facebook.com\/cdeuniversidadalmeria\/","article_published_time":"2022-09-20T01:03:40+00:00","og_image":[{"width":2560,"height":2363,"url":"https:\/\/www.cde.ual.es\/wp-content\/uploads\/2022\/09\/brooke-lark-kVCRP3uiLiE-unsplash-scaled.jpg","type":"image\/jpeg"}],"author":"BECA 2 CDE","twitter_card":"summary_large_image","twitter_creator":"@cdeualmeria","twitter_site":"@cdeualmeria","twitter_misc":{"Written by":"BECA 2 CDE","Est. reading time":"2 minutes"},"schema":{"@context":"https:\/\/schema.org","@graph":[{"@type":"Article","@id":"https:\/\/www.cde.ual.es\/horizonte-europa-plan-de-negocio-de-alimentacion-del-iet-2023-2025\/#article","isPartOf":{"@id":"https:\/\/www.cde.ual.es\/horizonte-europa-plan-de-negocio-de-alimentacion-del-iet-2023-2025\/"},"author":{"name":"BECA 2 CDE","@id":"https:\/\/www.cde.ual.es\/#\/schema\/person\/ee46ebc19edfa19598c02cff83335acc"},"headline":"HORIZON EUROPE: EIT Food Business Plan 2023-2025","datePublished":"2022-09-20T01:03:40+00:00","mainEntityOfPage":{"@id":"https:\/\/www.cde.ual.es\/horizonte-europa-plan-de-negocio-de-alimentacion-del-iet-2023-2025\/"},"wordCount":292,"commentCount":0,"publisher":{"@id":"https:\/\/www.cde.ual.es\/#organization"},"image":{"@id":"https:\/\/www.cde.ual.es\/horizonte-europa-plan-de-negocio-de-alimentacion-del-iet-2023-2025\/#primaryimage"},"thumbnailUrl":"https:\/\/www.cde.ual.es\/wp-content\/uploads\/2022\/09\/brooke-lark-kVCRP3uiLiE-unsplash-scaled.jpg","keywords":["call","Food","Horizon Europe"],"articleSection":["EU Calls and Awards","Horizon Europe"],"inLanguage":"en-US","potentialAction":[{"@type":"CommentAction","name":"Comment","target":["https:\/\/www.cde.ual.es\/horizonte-europa-plan-de-negocio-de-alimentacion-del-iet-2023-2025\/#respond"]}]},{"@type":"WebPage","@id":"https:\/\/www.cde.ual.es\/horizonte-europa-plan-de-negocio-de-alimentacion-del-iet-2023-2025\/","url":"https:\/\/www.cde.ual.es\/horizonte-europa-plan-de-negocio-de-alimentacion-del-iet-2023-2025\/","name":"HORIZON EUROPE: EIT Food Business Plan 2023-2025 | CDE Almer\u00eda - Centro de Documentaci\u00f3n Europea - Universidad de Almer\u00eda","isPartOf":{"@id":"https:\/\/www.cde.ual.es\/#website"},"primaryImageOfPage":{"@id":"https:\/\/www.cde.ual.es\/horizonte-europa-plan-de-negocio-de-alimentacion-del-iet-2023-2025\/#primaryimage"},"image":{"@id":"https:\/\/www.cde.ual.es\/horizonte-europa-plan-de-negocio-de-alimentacion-del-iet-2023-2025\/#primaryimage"},"thumbnailUrl":"https:\/\/www.cde.ual.es\/wp-content\/uploads\/2022\/09\/brooke-lark-kVCRP3uiLiE-unsplash-scaled.jpg","datePublished":"2022-09-20T01:03:40+00:00","breadcrumb":{"@id":"https:\/\/www.cde.ual.es\/horizonte-europa-plan-de-negocio-de-alimentacion-del-iet-2023-2025\/#breadcrumb"},"inLanguage":"en-US","potentialAction":[{"@type":"ReadAction","target":["https:\/\/www.cde.ual.es\/horizonte-europa-plan-de-negocio-de-alimentacion-del-iet-2023-2025\/"]}]},{"@type":"ImageObject","inLanguage":"en-US","@id":"https:\/\/www.cde.ual.es\/horizonte-europa-plan-de-negocio-de-alimentacion-del-iet-2023-2025\/#primaryimage","url":"https:\/\/www.cde.ual.es\/wp-content\/uploads\/2022\/09\/brooke-lark-kVCRP3uiLiE-unsplash-scaled.jpg","contentUrl":"https:\/\/www.cde.ual.es\/wp-content\/uploads\/2022\/09\/brooke-lark-kVCRP3uiLiE-unsplash-scaled.jpg","width":2560,"height":2363,"caption":"Mosaico de rodajas de c\u00edtricos en torno a una pi\u00f1a sobre un fondo amarillo"},{"@type":"BreadcrumbList","@id":"https:\/\/www.cde.ual.es\/horizonte-europa-plan-de-negocio-de-alimentacion-del-iet-2023-2025\/#breadcrumb","itemListElement":[{"@type":"ListItem","position":1,"name":"Inicio","item":"https:\/\/www.cde.ual.es\/en\/"},{"@type":"ListItem","position":2,"name":"Convocatorias y Premios UE","item":"https:\/\/www.cde.ual.es\/category\/convocatorias-y-premios-ue\/"},{"@type":"ListItem","position":3,"name":"Horizon Europe","item":"https:\/\/www.cde.ual.es\/en\/category\/eu-calls-and-awards\/horizon-europe\/"},{"@type":"ListItem","position":4,"name":"HORIZON EUROPE: EIT Food Business Plan 2023-2025"}]},{"@type":"WebSite","@id":"https:\/\/www.cde.ual.es\/#website","url":"https:\/\/www.cde.ual.es\/","name":"CDE Almer\u00eda - Centro de Documentaci\u00f3n Europea - Universidad de Almer\u00eda","description":"Centro de Documentaci\u00f3n Europea de la Universidad de Almer\u00eda","publisher":{"@id":"https:\/\/www.cde.ual.es\/#organization"},"alternateName":"CDE Almer\u00eda","potentialAction":[{"@type":"SearchAction","target":{"@type":"EntryPoint","urlTemplate":"https:\/\/www.cde.ual.es\/?s={search_term_string}"},"query-input":{"@type":"PropertyValueSpecification","valueRequired":true,"valueName":"search_term_string"}}],"inLanguage":"en-US"},{"@type":"Organization","@id":"https:\/\/www.cde.ual.es\/#organization","name":"Centro de Documentaci\u00f3n Europea de Almer\u00eda","url":"https:\/\/www.cde.ual.es\/","logo":{"@type":"ImageObject","inLanguage":"en-US","@id":"https:\/\/www.cde.ual.es\/#\/schema\/logo\/image\/","url":"https:\/\/www.cde.ual.es\/wp-content\/uploads\/2025\/07\/cde-logo-3.png","contentUrl":"https:\/\/www.cde.ual.es\/wp-content\/uploads\/2025\/07\/cde-logo-3.png","width":1400,"height":300,"caption":"Centro de Documentaci\u00f3n Europea de Almer\u00eda"},"image":{"@id":"https:\/\/www.cde.ual.es\/#\/schema\/logo\/image\/"},"sameAs":["https:\/\/www.facebook.com\/cdeuniversidadalmeria\/","https:\/\/x.com\/cdeualmeria","https:\/\/www.tiktok.com\/@cdealmeria","https:\/\/www.instagram.com\/cdealmeria\/","https:\/\/www.linkedin.com\/in\/cde-almera-812b26a9\/"]},{"@type":"Person","@id":"https:\/\/www.cde.ual.es\/#\/schema\/person\/ee46ebc19edfa19598c02cff83335acc","name":"BECA 2 CDE","image":{"@type":"ImageObject","inLanguage":"en-US","@id":"https:\/\/secure.gravatar.com\/avatar\/35a481bbc04bbd90e91bdfa3b0b5541036c222a49b9ad37b6889a2afcb5311a5?s=96&d=mm&r=g","url":"https:\/\/secure.gravatar.com\/avatar\/35a481bbc04bbd90e91bdfa3b0b5541036c222a49b9ad37b6889a2afcb5311a5?s=96&d=mm&r=g","contentUrl":"https:\/\/secure.gravatar.com\/avatar\/35a481bbc04bbd90e91bdfa3b0b5541036c222a49b9ad37b6889a2afcb5311a5?s=96&d=mm&r=g","caption":"BECA 2 CDE"},"sameAs":["http:\/\/www.cdealmeria.com"]}]}},"_links":{"self":[{"href":"https:\/\/www.cde.ual.es\/en\/wp-json\/wp\/v2\/posts\/118720","targetHints":{"allow":["GET"]}}],"collection":[{"href":"https:\/\/www.cde.ual.es\/en\/wp-json\/wp\/v2\/posts"}],"about":[{"href":"https:\/\/www.cde.ual.es\/en\/wp-json\/wp\/v2\/types\/post"}],"author":[{"embeddable":true,"href":"https:\/\/www.cde.ual.es\/en\/wp-json\/wp\/v2\/users\/101011"}],"replies":[{"embeddable":true,"href":"https:\/\/www.cde.ual.es\/en\/wp-json\/wp\/v2\/comments?post=118720"}],"version-history":[{"count":1,"href":"https:\/\/www.cde.ual.es\/en\/wp-json\/wp\/v2\/posts\/118720\/revisions"}],"predecessor-version":[{"id":118723,"href":"https:\/\/www.cde.ual.es\/en\/wp-json\/wp\/v2\/posts\/118720\/revisions\/118723"}],"wp:featuredmedia":[{"embeddable":true,"href":"https:\/\/www.cde.ual.es\/en\/wp-json\/wp\/v2\/media\/118721"}],"wp:attachment":[{"href":"https:\/\/www.cde.ual.es\/en\/wp-json\/wp\/v2\/media?parent=118720"}],"wp:term":[{"taxonomy":"category","embeddable":true,"href":"https:\/\/www.cde.ual.es\/en\/wp-json\/wp\/v2\/categories?post=118720"},{"taxonomy":"post_tag","embeddable":true,"href":"https:\/\/www.cde.ual.es\/en\/wp-json\/wp\/v2\/tags?post=118720"}],"curies":[{"name":"wp","href":"https:\/\/api.w.org\/{rel}","templated":true}]}}