{"id":11847,"date":"2019-01-23T08:00:57","date_gmt":"2019-01-23T07:00:57","guid":{"rendered":"http:\/\/www.cde.ual.es\/?p=11847"},"modified":"2019-01-21T13:27:13","modified_gmt":"2019-01-21T12:27:13","slug":"la-ue-contribuira-a-impulsar-las-exportaciones-de-medicamentos-genericos","status":"publish","type":"post","link":"https:\/\/www.cde.ual.es\/en\/la-ue-contribuira-a-impulsar-las-exportaciones-de-medicamentos-genericos\/","title":{"rendered":"La UE contribuir\u00e1 a impulsar las exportaciones de medicamentos gen\u00e9ricos"},"content":{"rendered":"\n<p><strong>La UE ha avanzado un poco m\u00e1s en la adopci\u00f3n de nuevas normas que impulsar\u00e1n las exportaciones de medicamentos gen\u00e9ricos y otros medicamentos biosimilares a terceros pa\u00edses.<\/strong><\/p>\n\n\n\n<p>Los representantes permanentes ante la UE han aprobado la posici\u00f3n del Consejo sobre un proyecto de Reglamento que establece una excepci\u00f3n para los fabricantes de medicamentos, en base a la cual podr\u00e1n producir una versi\u00f3n gen\u00e9rica o biosimilar de un medicamento protegido por un certificado complementario de protecci\u00f3n. Ello siempre y cuando se haga con fines exclusivamente de exportar a un mercado distinto del de la UE en el que la protecci\u00f3n haya caducado o no exista.<\/p>\n\n\n\n<pre class=\"wp-block-preformatted\"><\/pre>\n\n\n\n<h3 class=\"wp-block-heading\">Contexto<\/h3>\n\n\n\n<p>El sistema armonizado de certificado complementario de protecci\u00f3n de la UE se estableci\u00f3 con el objetivo de compensar la p\u00e9rdida de protecci\u00f3n efectiva de las patentes debida al tiempo necesario para obtener la autorizaci\u00f3n de comercializaci\u00f3n (incluidos la investigaci\u00f3n y los ensayos cl\u00ednicos).<\/p>\n\n\n\n<p>Gracias al proyecto de Reglamento se podr\u00e1n eliminar las desventajas competitivas a las que se enfrentaban los fabricantes de medicamentos gen\u00e9ricos y biosimilares establecidos en la UE con respecto a los fabricantes establecidos fuera de la UE en los mercados mundiales, mediante el refuerzo de la capacidad de producci\u00f3n.<\/p>\n\n\n\n<p>De este modo, se impulsar\u00e1 la competitividad de Europa como centro de investigaci\u00f3n y desarrollo y de producci\u00f3n en el sector farmac\u00e9utico. Esto ayudar\u00e1 a las nuevas empresas farmac\u00e9uticas a ponerse en funcionamiento y a expandirse en sectores de gran crecimiento.&nbsp; Seg\u00fan las previsiones, se podr\u00eda generar en los pr\u00f3ximos 10 a\u00f1os un aumento de las exportaciones anuales netas por un valor muy superior a 1 000 millones de euros, lo que podr\u00eda dar lugar a la creaci\u00f3n de entre 20 000 y 25 000 puestos de trabajo durante este per\u00edodo.<\/p>\n\n\n\n<p>Se espera que una vez que el Parlamento Europeo apruebe el mandato de negociaci\u00f3n, la Presidencia rumana inicie las negociaciones con el Parlamento Europeo con el objetivo de adoptar el Reglamento en primera lectura.<\/p>\n\n\n\n<h3 class=\"wp-block-heading\">M\u00e1s informaci\u00f3n<\/h3>\n\n\n\n<p><a href=\"https:\/\/www.consilium.europa.eu\/es\/press\/press-releases\/2019\/01\/16\/eu-to-help-boost-exports-of-generic-pharmaceuticals\/\">Noticia completa<\/a><\/p>\n\n\n\n<p><a href=\"https:\/\/www.aeseg.es\/es\/medicamentos-genericos-en-union-europea\">AESEG<\/a><\/p>\n\n\n\n<p><a href=\"http:\/\/europa.eu\/rapid\/press-release_IP-18-3907_es.htm\">Productos farmac\u00e9uticos: La Comisi\u00f3n afina las normas en materia de propiedad intelectual<\/a><\/p>\n\n\n\n<p><a href=\"https:\/\/data.consilium.europa.eu\/doc\/document\/ST-5411-2019-INIT\/en\/pdf\">Leer aqu\u00ed el texto completo<\/a><\/p>\n\n\n\n<p><a href=\"https:\/\/www.consilium.europa.eu\/es\/press\/press-releases\/2019\/01\/16\/eu-to-help-boost-exports-of-generic-pharmaceuticals\/pdf\">Descargar en PDF<\/a><\/p>\n\n\n\n<p><a href=\"http:\/\/europa.eu\/rapid\/press-release_IP-18-3907_es.htm\">Productos farmac\u00e9uticos: La Comisi\u00f3n afina las normas en materia de propiedad intelectual<\/a><\/p>\n","protected":false},"excerpt":{"rendered":"<p>La UE ha avanzado un poco m\u00e1s en la adopci\u00f3n de nuevas normas que impulsar\u00e1n las exportaciones de medicamentos gen\u00e9ricos y otros medicamentos biosimilares a terceros pa\u00edses. Los representantes permanentes ante la UE han aprobado la posici\u00f3n del Consejo sobre un proyecto de Reglamento que establece una excepci\u00f3n para los fabricantes de medicamentos, en base [&hellip;]<\/p>\n","protected":false},"author":1,"featured_media":11848,"comment_status":"open","ping_status":"open","sticky":false,"template":"","format":"standard","meta":{"_acf_changed":false,"_relevanssi_hide_post":"","_relevanssi_hide_content":"","_relevanssi_pin_for_all":"","_relevanssi_pin_keywords":"","_relevanssi_unpin_keywords":"","_relevanssi_related_keywords":"","_relevanssi_related_include_ids":"","_relevanssi_related_exclude_ids":"","_relevanssi_related_no_append":"","_relevanssi_related_not_related":"","_relevanssi_related_posts":"","_relevanssi_noindex_reason":"","_monsterinsights_skip_tracking":false,"_monsterinsights_sitenote_active":false,"_monsterinsights_sitenote_note":"","_monsterinsights_sitenote_category":0,"_genesis_hide_title":false,"_genesis_hide_breadcrumbs":false,"_genesis_hide_singular_image":false,"_genesis_hide_footer_widgets":false,"_genesis_custom_body_class":"","_genesis_custom_post_class":"","_genesis_layout":"","footnotes":""},"categories":[96],"tags":[132,140],"class_list":{"0":"post-11847","1":"post","2":"type-post","3":"status-publish","4":"format-standard","5":"has-post-thumbnail","7":"category-noticias-ue","8":"tag-investigacion","9":"tag-salud","10":"entry"},"acf":[],"yoast_head":"<!-- This site is optimized with the Yoast SEO plugin v27.5 - https:\/\/yoast.com\/product\/yoast-seo-wordpress\/ -->\n<title>La UE contribuir\u00e1 a impulsar las exportaciones de medicamentos gen\u00e9ricos | CDE Almer\u00eda - Centro de Documentaci\u00f3n Europea - Universidad de Almer\u00eda<\/title>\n<meta name=\"robots\" content=\"index, follow, max-snippet:-1, max-image-preview:large, max-video-preview:-1\" \/>\n<link rel=\"canonical\" href=\"https:\/\/www.cde.ual.es\/la-ue-contribuira-a-impulsar-las-exportaciones-de-medicamentos-genericos\/\" \/>\n<meta property=\"og:locale\" content=\"en_US\" \/>\n<meta property=\"og:type\" content=\"article\" \/>\n<meta property=\"og:title\" content=\"La UE contribuir\u00e1 a impulsar las exportaciones de medicamentos gen\u00e9ricos | CDE Almer\u00eda - Centro de Documentaci\u00f3n Europea - Universidad de Almer\u00eda\" \/>\n<meta property=\"og:description\" content=\"La UE ha avanzado un poco m\u00e1s en la adopci\u00f3n de nuevas normas que impulsar\u00e1n las exportaciones de medicamentos gen\u00e9ricos y otros medicamentos biosimilares a terceros pa\u00edses. Los representantes permanentes ante la UE han aprobado la posici\u00f3n del Consejo sobre un proyecto de Reglamento que establece una excepci\u00f3n para los fabricantes de medicamentos, en base [&hellip;]\" \/>\n<meta property=\"og:url\" content=\"https:\/\/www.cde.ual.es\/la-ue-contribuira-a-impulsar-las-exportaciones-de-medicamentos-genericos\/\" \/>\n<meta property=\"og:site_name\" content=\"CDE Almer\u00eda - Centro de Documentaci\u00f3n Europea - Universidad de Almer\u00eda\" \/>\n<meta property=\"article:publisher\" content=\"https:\/\/www.facebook.com\/cdeuniversidadalmeria\/\" \/>\n<meta property=\"article:published_time\" content=\"2019-01-23T07:00:57+00:00\" \/>\n<meta property=\"og:image\" content=\"https:\/\/www.cde.ual.es\/wp-content\/uploads\/2019\/01\/Medicamentos-gen\u00e9ricos.png\" \/>\n\t<meta property=\"og:image:width\" content=\"951\" \/>\n\t<meta property=\"og:image:height\" content=\"600\" \/>\n\t<meta property=\"og:image:type\" content=\"image\/png\" \/>\n<meta name=\"author\" content=\"AdminCDE\" \/>\n<meta name=\"twitter:card\" content=\"summary_large_image\" \/>\n<meta name=\"twitter:creator\" content=\"@cdeualmeria\" \/>\n<meta name=\"twitter:site\" content=\"@cdeualmeria\" \/>\n<meta name=\"twitter:label1\" content=\"Written by\" \/>\n\t<meta name=\"twitter:data1\" content=\"AdminCDE\" \/>\n\t<meta name=\"twitter:label2\" content=\"Est. reading time\" \/>\n\t<meta name=\"twitter:data2\" content=\"2 minutes\" \/>\n<script type=\"application\/ld+json\" class=\"yoast-schema-graph\">{\"@context\":\"https:\\\/\\\/schema.org\",\"@graph\":[{\"@type\":\"Article\",\"@id\":\"https:\\\/\\\/www.cde.ual.es\\\/la-ue-contribuira-a-impulsar-las-exportaciones-de-medicamentos-genericos\\\/#article\",\"isPartOf\":{\"@id\":\"https:\\\/\\\/www.cde.ual.es\\\/la-ue-contribuira-a-impulsar-las-exportaciones-de-medicamentos-genericos\\\/\"},\"author\":{\"name\":\"AdminCDE\",\"@id\":\"https:\\\/\\\/www.cde.ual.es\\\/#\\\/schema\\\/person\\\/224ef08c8bcc005f319d2713ce37ee5f\"},\"headline\":\"La UE contribuir\u00e1 a impulsar las exportaciones de medicamentos gen\u00e9ricos\",\"datePublished\":\"2019-01-23T07:00:57+00:00\",\"mainEntityOfPage\":{\"@id\":\"https:\\\/\\\/www.cde.ual.es\\\/la-ue-contribuira-a-impulsar-las-exportaciones-de-medicamentos-genericos\\\/\"},\"wordCount\":404,\"commentCount\":0,\"publisher\":{\"@id\":\"https:\\\/\\\/www.cde.ual.es\\\/#organization\"},\"image\":{\"@id\":\"https:\\\/\\\/www.cde.ual.es\\\/la-ue-contribuira-a-impulsar-las-exportaciones-de-medicamentos-genericos\\\/#primaryimage\"},\"thumbnailUrl\":\"https:\\\/\\\/www.cde.ual.es\\\/wp-content\\\/uploads\\\/2019\\\/01\\\/Medicamentos-gen\u00e9ricos.png\",\"keywords\":[\"Investigaci\u00f3n\",\"Salud\"],\"articleSection\":[\"Noticias UE\"],\"inLanguage\":\"en-US\",\"potentialAction\":[{\"@type\":\"CommentAction\",\"name\":\"Comment\",\"target\":[\"https:\\\/\\\/www.cde.ual.es\\\/la-ue-contribuira-a-impulsar-las-exportaciones-de-medicamentos-genericos\\\/#respond\"]}]},{\"@type\":\"WebPage\",\"@id\":\"https:\\\/\\\/www.cde.ual.es\\\/la-ue-contribuira-a-impulsar-las-exportaciones-de-medicamentos-genericos\\\/\",\"url\":\"https:\\\/\\\/www.cde.ual.es\\\/la-ue-contribuira-a-impulsar-las-exportaciones-de-medicamentos-genericos\\\/\",\"name\":\"La UE contribuir\u00e1 a impulsar las exportaciones de medicamentos gen\u00e9ricos | CDE Almer\u00eda - Centro de Documentaci\u00f3n Europea - Universidad de Almer\u00eda\",\"isPartOf\":{\"@id\":\"https:\\\/\\\/www.cde.ual.es\\\/#website\"},\"primaryImageOfPage\":{\"@id\":\"https:\\\/\\\/www.cde.ual.es\\\/la-ue-contribuira-a-impulsar-las-exportaciones-de-medicamentos-genericos\\\/#primaryimage\"},\"image\":{\"@id\":\"https:\\\/\\\/www.cde.ual.es\\\/la-ue-contribuira-a-impulsar-las-exportaciones-de-medicamentos-genericos\\\/#primaryimage\"},\"thumbnailUrl\":\"https:\\\/\\\/www.cde.ual.es\\\/wp-content\\\/uploads\\\/2019\\\/01\\\/Medicamentos-gen\u00e9ricos.png\",\"datePublished\":\"2019-01-23T07:00:57+00:00\",\"breadcrumb\":{\"@id\":\"https:\\\/\\\/www.cde.ual.es\\\/la-ue-contribuira-a-impulsar-las-exportaciones-de-medicamentos-genericos\\\/#breadcrumb\"},\"inLanguage\":\"en-US\",\"potentialAction\":[{\"@type\":\"ReadAction\",\"target\":[\"https:\\\/\\\/www.cde.ual.es\\\/la-ue-contribuira-a-impulsar-las-exportaciones-de-medicamentos-genericos\\\/\"]}]},{\"@type\":\"ImageObject\",\"inLanguage\":\"en-US\",\"@id\":\"https:\\\/\\\/www.cde.ual.es\\\/la-ue-contribuira-a-impulsar-las-exportaciones-de-medicamentos-genericos\\\/#primaryimage\",\"url\":\"https:\\\/\\\/www.cde.ual.es\\\/wp-content\\\/uploads\\\/2019\\\/01\\\/Medicamentos-gen\u00e9ricos.png\",\"contentUrl\":\"https:\\\/\\\/www.cde.ual.es\\\/wp-content\\\/uploads\\\/2019\\\/01\\\/Medicamentos-gen\u00e9ricos.png\",\"width\":951,\"height\":600},{\"@type\":\"BreadcrumbList\",\"@id\":\"https:\\\/\\\/www.cde.ual.es\\\/la-ue-contribuira-a-impulsar-las-exportaciones-de-medicamentos-genericos\\\/#breadcrumb\",\"itemListElement\":[{\"@type\":\"ListItem\",\"position\":1,\"name\":\"Inicio\",\"item\":\"https:\\\/\\\/www.cde.ual.es\\\/en\\\/\"},{\"@type\":\"ListItem\",\"position\":2,\"name\":\"Noticias UE\",\"item\":\"https:\\\/\\\/www.cde.ual.es\\\/category\\\/noticias-ue\\\/\"},{\"@type\":\"ListItem\",\"position\":3,\"name\":\"La UE contribuir\u00e1 a impulsar las exportaciones de medicamentos gen\u00e9ricos\"}]},{\"@type\":\"WebSite\",\"@id\":\"https:\\\/\\\/www.cde.ual.es\\\/#website\",\"url\":\"https:\\\/\\\/www.cde.ual.es\\\/\",\"name\":\"CDE Almer\u00eda - Centro de Documentaci\u00f3n Europea - Universidad de Almer\u00eda\",\"description\":\"Centro de Documentaci\u00f3n Europea de la Universidad de Almer\u00eda\",\"publisher\":{\"@id\":\"https:\\\/\\\/www.cde.ual.es\\\/#organization\"},\"alternateName\":\"CDE Almer\u00eda\",\"potentialAction\":[{\"@type\":\"SearchAction\",\"target\":{\"@type\":\"EntryPoint\",\"urlTemplate\":\"https:\\\/\\\/www.cde.ual.es\\\/?s={search_term_string}\"},\"query-input\":{\"@type\":\"PropertyValueSpecification\",\"valueRequired\":true,\"valueName\":\"search_term_string\"}}],\"inLanguage\":\"en-US\"},{\"@type\":\"Organization\",\"@id\":\"https:\\\/\\\/www.cde.ual.es\\\/#organization\",\"name\":\"Centro de Documentaci\u00f3n Europea de Almer\u00eda\",\"url\":\"https:\\\/\\\/www.cde.ual.es\\\/\",\"logo\":{\"@type\":\"ImageObject\",\"inLanguage\":\"en-US\",\"@id\":\"https:\\\/\\\/www.cde.ual.es\\\/#\\\/schema\\\/logo\\\/image\\\/\",\"url\":\"https:\\\/\\\/www.cde.ual.es\\\/wp-content\\\/uploads\\\/2025\\\/07\\\/cde-logo-3.png\",\"contentUrl\":\"https:\\\/\\\/www.cde.ual.es\\\/wp-content\\\/uploads\\\/2025\\\/07\\\/cde-logo-3.png\",\"width\":1400,\"height\":300,\"caption\":\"Centro de Documentaci\u00f3n Europea de Almer\u00eda\"},\"image\":{\"@id\":\"https:\\\/\\\/www.cde.ual.es\\\/#\\\/schema\\\/logo\\\/image\\\/\"},\"sameAs\":[\"https:\\\/\\\/www.facebook.com\\\/cdeuniversidadalmeria\\\/\",\"https:\\\/\\\/x.com\\\/cdeualmeria\",\"https:\\\/\\\/www.tiktok.com\\\/@cdealmeria\",\"https:\\\/\\\/www.instagram.com\\\/cdealmeria\\\/\",\"https:\\\/\\\/www.linkedin.com\\\/in\\\/cde-almera-812b26a9\\\/\"]},{\"@type\":\"Person\",\"@id\":\"https:\\\/\\\/www.cde.ual.es\\\/#\\\/schema\\\/person\\\/224ef08c8bcc005f319d2713ce37ee5f\",\"name\":\"AdminCDE\",\"image\":{\"@type\":\"ImageObject\",\"inLanguage\":\"en-US\",\"@id\":\"https:\\\/\\\/secure.gravatar.com\\\/avatar\\\/a72d038d371f995cd13706fac32274b7952a52e8fb0a84b5f80c85426f2a98a8?s=96&d=mm&r=g\",\"url\":\"https:\\\/\\\/secure.gravatar.com\\\/avatar\\\/a72d038d371f995cd13706fac32274b7952a52e8fb0a84b5f80c85426f2a98a8?s=96&d=mm&r=g\",\"contentUrl\":\"https:\\\/\\\/secure.gravatar.com\\\/avatar\\\/a72d038d371f995cd13706fac32274b7952a52e8fb0a84b5f80c85426f2a98a8?s=96&d=mm&r=g\",\"caption\":\"AdminCDE\"}}]}<\/script>\n<!-- \/ Yoast SEO plugin. -->","yoast_head_json":{"title":"La UE contribuir\u00e1 a impulsar las exportaciones de medicamentos gen\u00e9ricos | CDE Almer\u00eda - Centro de Documentaci\u00f3n Europea - Universidad de Almer\u00eda","robots":{"index":"index","follow":"follow","max-snippet":"max-snippet:-1","max-image-preview":"max-image-preview:large","max-video-preview":"max-video-preview:-1"},"canonical":"https:\/\/www.cde.ual.es\/la-ue-contribuira-a-impulsar-las-exportaciones-de-medicamentos-genericos\/","og_locale":"en_US","og_type":"article","og_title":"La UE contribuir\u00e1 a impulsar las exportaciones de medicamentos gen\u00e9ricos | CDE Almer\u00eda - Centro de Documentaci\u00f3n Europea - Universidad de Almer\u00eda","og_description":"La UE ha avanzado un poco m\u00e1s en la adopci\u00f3n de nuevas normas que impulsar\u00e1n las exportaciones de medicamentos gen\u00e9ricos y otros medicamentos biosimilares a terceros pa\u00edses. Los representantes permanentes ante la UE han aprobado la posici\u00f3n del Consejo sobre un proyecto de Reglamento que establece una excepci\u00f3n para los fabricantes de medicamentos, en base [&hellip;]","og_url":"https:\/\/www.cde.ual.es\/la-ue-contribuira-a-impulsar-las-exportaciones-de-medicamentos-genericos\/","og_site_name":"CDE Almer\u00eda - Centro de Documentaci\u00f3n Europea - Universidad de Almer\u00eda","article_publisher":"https:\/\/www.facebook.com\/cdeuniversidadalmeria\/","article_published_time":"2019-01-23T07:00:57+00:00","og_image":[{"width":951,"height":600,"url":"https:\/\/www.cde.ual.es\/wp-content\/uploads\/2019\/01\/Medicamentos-gen\u00e9ricos.png","type":"image\/png"}],"author":"AdminCDE","twitter_card":"summary_large_image","twitter_creator":"@cdeualmeria","twitter_site":"@cdeualmeria","twitter_misc":{"Written by":"AdminCDE","Est. reading time":"2 minutes"},"schema":{"@context":"https:\/\/schema.org","@graph":[{"@type":"Article","@id":"https:\/\/www.cde.ual.es\/la-ue-contribuira-a-impulsar-las-exportaciones-de-medicamentos-genericos\/#article","isPartOf":{"@id":"https:\/\/www.cde.ual.es\/la-ue-contribuira-a-impulsar-las-exportaciones-de-medicamentos-genericos\/"},"author":{"name":"AdminCDE","@id":"https:\/\/www.cde.ual.es\/#\/schema\/person\/224ef08c8bcc005f319d2713ce37ee5f"},"headline":"La UE contribuir\u00e1 a impulsar las exportaciones de medicamentos gen\u00e9ricos","datePublished":"2019-01-23T07:00:57+00:00","mainEntityOfPage":{"@id":"https:\/\/www.cde.ual.es\/la-ue-contribuira-a-impulsar-las-exportaciones-de-medicamentos-genericos\/"},"wordCount":404,"commentCount":0,"publisher":{"@id":"https:\/\/www.cde.ual.es\/#organization"},"image":{"@id":"https:\/\/www.cde.ual.es\/la-ue-contribuira-a-impulsar-las-exportaciones-de-medicamentos-genericos\/#primaryimage"},"thumbnailUrl":"https:\/\/www.cde.ual.es\/wp-content\/uploads\/2019\/01\/Medicamentos-gen\u00e9ricos.png","keywords":["Investigaci\u00f3n","Salud"],"articleSection":["Noticias UE"],"inLanguage":"en-US","potentialAction":[{"@type":"CommentAction","name":"Comment","target":["https:\/\/www.cde.ual.es\/la-ue-contribuira-a-impulsar-las-exportaciones-de-medicamentos-genericos\/#respond"]}]},{"@type":"WebPage","@id":"https:\/\/www.cde.ual.es\/la-ue-contribuira-a-impulsar-las-exportaciones-de-medicamentos-genericos\/","url":"https:\/\/www.cde.ual.es\/la-ue-contribuira-a-impulsar-las-exportaciones-de-medicamentos-genericos\/","name":"La UE contribuir\u00e1 a impulsar las exportaciones de medicamentos gen\u00e9ricos | CDE Almer\u00eda - Centro de Documentaci\u00f3n Europea - Universidad de Almer\u00eda","isPartOf":{"@id":"https:\/\/www.cde.ual.es\/#website"},"primaryImageOfPage":{"@id":"https:\/\/www.cde.ual.es\/la-ue-contribuira-a-impulsar-las-exportaciones-de-medicamentos-genericos\/#primaryimage"},"image":{"@id":"https:\/\/www.cde.ual.es\/la-ue-contribuira-a-impulsar-las-exportaciones-de-medicamentos-genericos\/#primaryimage"},"thumbnailUrl":"https:\/\/www.cde.ual.es\/wp-content\/uploads\/2019\/01\/Medicamentos-gen\u00e9ricos.png","datePublished":"2019-01-23T07:00:57+00:00","breadcrumb":{"@id":"https:\/\/www.cde.ual.es\/la-ue-contribuira-a-impulsar-las-exportaciones-de-medicamentos-genericos\/#breadcrumb"},"inLanguage":"en-US","potentialAction":[{"@type":"ReadAction","target":["https:\/\/www.cde.ual.es\/la-ue-contribuira-a-impulsar-las-exportaciones-de-medicamentos-genericos\/"]}]},{"@type":"ImageObject","inLanguage":"en-US","@id":"https:\/\/www.cde.ual.es\/la-ue-contribuira-a-impulsar-las-exportaciones-de-medicamentos-genericos\/#primaryimage","url":"https:\/\/www.cde.ual.es\/wp-content\/uploads\/2019\/01\/Medicamentos-gen\u00e9ricos.png","contentUrl":"https:\/\/www.cde.ual.es\/wp-content\/uploads\/2019\/01\/Medicamentos-gen\u00e9ricos.png","width":951,"height":600},{"@type":"BreadcrumbList","@id":"https:\/\/www.cde.ual.es\/la-ue-contribuira-a-impulsar-las-exportaciones-de-medicamentos-genericos\/#breadcrumb","itemListElement":[{"@type":"ListItem","position":1,"name":"Inicio","item":"https:\/\/www.cde.ual.es\/en\/"},{"@type":"ListItem","position":2,"name":"Noticias UE","item":"https:\/\/www.cde.ual.es\/category\/noticias-ue\/"},{"@type":"ListItem","position":3,"name":"La UE contribuir\u00e1 a impulsar las exportaciones de medicamentos gen\u00e9ricos"}]},{"@type":"WebSite","@id":"https:\/\/www.cde.ual.es\/#website","url":"https:\/\/www.cde.ual.es\/","name":"CDE Almer\u00eda - Centro de Documentaci\u00f3n Europea - Universidad de Almer\u00eda","description":"Centro de Documentaci\u00f3n Europea de la Universidad de Almer\u00eda","publisher":{"@id":"https:\/\/www.cde.ual.es\/#organization"},"alternateName":"CDE Almer\u00eda","potentialAction":[{"@type":"SearchAction","target":{"@type":"EntryPoint","urlTemplate":"https:\/\/www.cde.ual.es\/?s={search_term_string}"},"query-input":{"@type":"PropertyValueSpecification","valueRequired":true,"valueName":"search_term_string"}}],"inLanguage":"en-US"},{"@type":"Organization","@id":"https:\/\/www.cde.ual.es\/#organization","name":"Centro de Documentaci\u00f3n Europea de Almer\u00eda","url":"https:\/\/www.cde.ual.es\/","logo":{"@type":"ImageObject","inLanguage":"en-US","@id":"https:\/\/www.cde.ual.es\/#\/schema\/logo\/image\/","url":"https:\/\/www.cde.ual.es\/wp-content\/uploads\/2025\/07\/cde-logo-3.png","contentUrl":"https:\/\/www.cde.ual.es\/wp-content\/uploads\/2025\/07\/cde-logo-3.png","width":1400,"height":300,"caption":"Centro de Documentaci\u00f3n Europea de Almer\u00eda"},"image":{"@id":"https:\/\/www.cde.ual.es\/#\/schema\/logo\/image\/"},"sameAs":["https:\/\/www.facebook.com\/cdeuniversidadalmeria\/","https:\/\/x.com\/cdeualmeria","https:\/\/www.tiktok.com\/@cdealmeria","https:\/\/www.instagram.com\/cdealmeria\/","https:\/\/www.linkedin.com\/in\/cde-almera-812b26a9\/"]},{"@type":"Person","@id":"https:\/\/www.cde.ual.es\/#\/schema\/person\/224ef08c8bcc005f319d2713ce37ee5f","name":"AdminCDE","image":{"@type":"ImageObject","inLanguage":"en-US","@id":"https:\/\/secure.gravatar.com\/avatar\/a72d038d371f995cd13706fac32274b7952a52e8fb0a84b5f80c85426f2a98a8?s=96&d=mm&r=g","url":"https:\/\/secure.gravatar.com\/avatar\/a72d038d371f995cd13706fac32274b7952a52e8fb0a84b5f80c85426f2a98a8?s=96&d=mm&r=g","contentUrl":"https:\/\/secure.gravatar.com\/avatar\/a72d038d371f995cd13706fac32274b7952a52e8fb0a84b5f80c85426f2a98a8?s=96&d=mm&r=g","caption":"AdminCDE"}}]}},"_links":{"self":[{"href":"https:\/\/www.cde.ual.es\/en\/wp-json\/wp\/v2\/posts\/11847","targetHints":{"allow":["GET"]}}],"collection":[{"href":"https:\/\/www.cde.ual.es\/en\/wp-json\/wp\/v2\/posts"}],"about":[{"href":"https:\/\/www.cde.ual.es\/en\/wp-json\/wp\/v2\/types\/post"}],"author":[{"embeddable":true,"href":"https:\/\/www.cde.ual.es\/en\/wp-json\/wp\/v2\/users\/1"}],"replies":[{"embeddable":true,"href":"https:\/\/www.cde.ual.es\/en\/wp-json\/wp\/v2\/comments?post=11847"}],"version-history":[{"count":0,"href":"https:\/\/www.cde.ual.es\/en\/wp-json\/wp\/v2\/posts\/11847\/revisions"}],"wp:featuredmedia":[{"embeddable":true,"href":"https:\/\/www.cde.ual.es\/en\/wp-json\/wp\/v2\/media\/11848"}],"wp:attachment":[{"href":"https:\/\/www.cde.ual.es\/en\/wp-json\/wp\/v2\/media?parent=11847"}],"wp:term":[{"taxonomy":"category","embeddable":true,"href":"https:\/\/www.cde.ual.es\/en\/wp-json\/wp\/v2\/categories?post=11847"},{"taxonomy":"post_tag","embeddable":true,"href":"https:\/\/www.cde.ual.es\/en\/wp-json\/wp\/v2\/tags?post=11847"}],"curies":[{"name":"wp","href":"https:\/\/api.w.org\/{rel}","templated":true}]}}