{"id":118389,"date":"2022-09-16T09:40:12","date_gmt":"2022-09-16T07:40:12","guid":{"rendered":"https:\/\/www.cde.ual.es\/?p=118389"},"modified":"2022-09-16T09:40:57","modified_gmt":"2022-09-16T07:40:57","slug":"fundamental-rights-in-the-eu-long-standing-problems-exacerbated-by-covid-19","status":"publish","type":"post","link":"https:\/\/www.cde.ual.es\/en\/fundamental-rights-in-the-eu-long-standing-problems-exacerbated-by-covid-19\/","title":{"rendered":"Fundamental rights in the EU: long-standing problems exacerbated by COVID-19"},"content":{"rendered":"<div class=\"ep_gridcolumn ep-m_product\" data-view1200=\"6\" data-view1020=\"6\" data-view750=\"10\" data-view640=\"6\" data-view480=\"8\" data-view320=\"4\">\n<div class=\"ep_gridcolumn-content\">\n<div class=\"ep-a_text ep-layout_chapo\">\n<p><a href=\"https:\/\/www.cde.ual.es\/wp-content\/uploads\/2022\/09\/markus-spiske-XXWM_8f77KQ-unsplash-scaled.jpg\"><img decoding=\"async\" class=\" wp-image-118385 aligncenter\" src=\"https:\/\/www.cde.ual.es\/wp-content\/uploads\/2022\/09\/markus-spiske-XXWM_8f77KQ-unsplash-scaled.jpg\" alt=\"cartel pegado en una farola \" width=\"526\" height=\"349\" srcset=\"https:\/\/www.cde.ual.es\/wp-content\/uploads\/2022\/09\/markus-spiske-XXWM_8f77KQ-unsplash-scaled.jpg 2560w, https:\/\/www.cde.ual.es\/wp-content\/uploads\/2022\/09\/markus-spiske-XXWM_8f77KQ-unsplash-300x199.jpg 300w, https:\/\/www.cde.ual.es\/wp-content\/uploads\/2022\/09\/markus-spiske-XXWM_8f77KQ-unsplash-1024x679.jpg 1024w, https:\/\/www.cde.ual.es\/wp-content\/uploads\/2022\/09\/markus-spiske-XXWM_8f77KQ-unsplash-768x509.jpg 768w, https:\/\/www.cde.ual.es\/wp-content\/uploads\/2022\/09\/markus-spiske-XXWM_8f77KQ-unsplash-1536x1019.jpg 1536w, https:\/\/www.cde.ual.es\/wp-content\/uploads\/2022\/09\/markus-spiske-XXWM_8f77KQ-unsplash-2048x1358.jpg 2048w\" sizes=\"(max-width: 526px) 100vw, 526px\" \/><\/a><\/p>\n<div class=\"ep_gridcolumn ep-m_product\" data-view1200=\"6\" data-view1020=\"6\" data-view750=\"10\" data-view640=\"6\" data-view480=\"8\" data-view320=\"4\">\n<div class=\"ep_gridcolumn-content\">\n<div class=\"ep-a_text ep-layout_chapo\">\n<p style=\"text-align: justify;\">Parliament\u2019s latest assessment of the state of fundamental rights in the EU identifies numerous concerns and demands member states act in defence of European values.<\/p>\n<\/div>\n<\/div>\n<\/div>\n<div class=\"ep_gridcolumn ep-m_product\" style=\"text-align: justify;\" data-view1200=\"6\" data-view1020=\"6\" data-view750=\"10\" data-view640=\"6\" data-view480=\"8\" data-view320=\"4\">\n<div class=\"ep_gridcolumn-content\">\n<div class=\"ep-a_text\">\n<p class=\"ep-wysiwig_paragraph\">On Thursday, MEPs assessed the state of fundamental values in the EU in 2020 &#8211; 2021, identifying areas of concern and proposing ways to protect freedom, equality and the rule of law more effectively. The text was approved with 410 votes for, 131 against, and 42 abstentions.<\/p>\n<\/div>\n<\/div>\n<\/div>\n<\/div>\n<\/div>\n<\/div>\n<div class=\"ep_gridcolumn ep-m_product\" data-view1200=\"6\" data-view1020=\"6\" data-view750=\"10\" data-view640=\"6\" data-view480=\"8\" data-view320=\"4\">\n<div class=\"ep_gridcolumn-content\">\n<div class=\"ep-a_text\">\n<table style=\"width: 99.9988%; border-collapse: collapse; border-style: double; border-color: #001f7d;\" cellpadding=\"0,5\">\n<tbody>\n<tr>\n<td style=\"width: 100%;\"><a href=\"https:\/\/www.cde.ual.es\/aplicacion-del-derecho-de-la-union-defensa-de-los-derechos-las-libertades-fundamentales-y-el-estado-de-derecho\/\" target=\"_blank\" rel=\"noopener\"><img decoding=\"async\" class=\"alignleft\" src=\"https:\/\/www.cde.ual.es\/wp-content\/uploads\/2022\/07\/giammarco-zeH-ljawHtg-unsplash-scaled.jpg\" alt=\"\" width=\"201\" height=\"134\" \/><\/a><\/p>\n<h4 class=\"entry-title\"><a href=\"https:\/\/www.cde.ual.es\/en\/application-of-eu-law-upholding-rights-fundamental-freedoms-and-the-rule-of-law\/\" target=\"_blank\" rel=\"noopener\">Application of EU law: Upholding rights, fundamental freedoms and the rule of law<\/a><\/h4>\n<\/td>\n<\/tr>\n<\/tbody>\n<\/table>\n<p class=\"ep-wysiwig_paragraph\" style=\"text-align: justify;\"><strong>Multifaceted threats to EU values<\/strong><\/p>\n<p class=\"ep-wysiwig_paragraph\" style=\"text-align: justify;\">MEPs are concerned about the impact of COVID-19 measures on democracy and core freedoms, including the rights of people dealing with the legal system and law enforcement, and prisoners. They also regret the persistent rule of law violations in some member states, once again stating that the rule of law, democracy and fundamental rights are inextricably linked.<\/p>\n<p class=\"ep-wysiwig_paragraph\" style=\"text-align: justify;\">In order to protect these EU values, and the fair and legal distribution of EU funds, Parliament calls on the Commission to employ the EU\u2019s budget conditionality mechanism. MEPs condemn Poland and Hungary for not complying with the judgements of the European Court of Justice, and in response ask for concrete action by the EU institutions.<\/p>\n<p class=\"ep-wysiwig_paragraph\" style=\"text-align: justify;\">Parliament reiterates the importance of\u00a0<a href=\"https:\/\/www.europarl.europa.eu\/news\/en\/press-room\/20211108IPR16838\/eu-rules-needed-against-abusive-lawsuits-targeting-critical-voices\" target=\"_blank\" rel=\"noopener\">protecting journalists from attempts to use the legal system to silence reporting (so-called SLAPPs<\/a>), and from threats, attacks, and violence. MEPs are concerned about the rising number of state authorities using spyware like Pegasus in violation of EU values.<\/p>\n<p class=\"ep-wysiwig_paragraph\" style=\"text-align: justify;\"><strong>Vulnerable groups need to be better protected<\/strong><\/p>\n<p class=\"ep-wysiwig_paragraph\" style=\"text-align: justify;\">MEPs denounce again gender-based violence and demand Bulgaria, Czechia, Hungary, Latvia, Lithuania and Slovakia, and the EU itself ratify the\u00a0<a href=\"https:\/\/www.coe.int\/en\/web\/istanbul-convention\/text-of-the-convention\" target=\"_blank\" rel=\"noopener\">Istanbul Convention<\/a>. They also speak up against anti-gender and anti-feminist movements that systematically attack women\u2019s and LGBTIQ+ rights, and condemn a backlash against women\u2019s rights (including sexual and reproductive health), highlighting in particular developments in Poland, Slovakia, Croatia and Lithuania. They welcome the\u00a0<a href=\"https:\/\/ec.europa.eu\/commission\/presscorner\/detail\/en\/inf_21_3440\" target=\"_blank\" rel=\"noopener\">July 2021 infringement package<\/a>\u00a0against Hungary and Poland, the first time the Commission specifically launched infringements to safeguard LGBTIQ rights.<\/p>\n<p class=\"ep-wysiwig_paragraph\" style=\"text-align: justify;\">Parliament also demands the full implementation of the\u00a0<a href=\"https:\/\/eur-lex.europa.eu\/legal-content\/en\/ALL\/?uri=CELEX%3A32008F0913\" target=\"_blank\" rel=\"noopener\">EU Framework Decision on combating racism and xenophobia<\/a>\u00a0and welcome the\u00a0<a href=\"https:\/\/ec.europa.eu\/commission\/presscorner\/detail\/en\/ip_21_6561\" target=\"_blank\" rel=\"noopener\">Commission proposal to include hate crime\/speech in the list of EU crimes<\/a>. Persistent structural racism (including police violence against Roma people) also needs addressing by member states, according to MEPs, who call for improvements in criminal justice, education, housing, and employment.<\/p>\n<p class=\"ep-wysiwig_paragraph\" style=\"text-align: justify;\">Parliament strongly condemns border pushbacks and violence against migrants, and the criminalisation of humanitarian workers and activists. For Frontex to not be complicit in these actions, MEPs ask that it suspend operations in the member states where they occur.<\/p>\n<table style=\"width: 99.9988%; border-collapse: collapse; border-style: double; border-color: #001f7d;\" cellpadding=\"0,5\">\n<tbody>\n<tr>\n<td style=\"width: 100%;\"><a href=\"https:\/\/www.cde.ual.es\/ficha\/what-do-fundamental-rights-mean-for-people-in-the-eu\/\" target=\"_blank\" rel=\"noopener\"><img decoding=\"async\" class=\"alignleft\" src=\"https:\/\/www.cde.ual.es\/wp-content\/uploads\/2021\/01\/fundamental-247x300.png\" alt=\"\" width=\"140\" height=\"170\" \/><\/a><\/p>\n<h4 class=\"entry-title\"><a href=\"https:\/\/www.cde.ual.es\/ficha\/what-do-fundamental-rights-mean-for-people-in-the-eu\/\" target=\"_blank\" rel=\"noopener\">What do fundamental rights mean for people in the EU?<\/a><\/h4>\n<\/td>\n<\/tr>\n<\/tbody>\n<\/table>\n<h3 style=\"text-align: justify;\">More information<\/h3>\n<p style=\"text-align: justify;\"><a href=\"https:\/\/www.europarl.europa.eu\/news\/en\/press-room\/20220909IPR40147\/fundamental-rights-in-the-eu-long-standing-problems-exacerbated-by-covid-19\" target=\"_blank\" rel=\"noopener\">European Parliament &#8211; News<\/a><\/p>\n<\/div>\n<\/div>\n<\/div>\n","protected":false},"excerpt":{"rendered":"<p>Parliament\u2019s latest assessment of the state of fundamental rights in the EU identifies numerous concerns and demands member states act in defence of European values. On Thursday, MEPs assessed the state of fundamental values in the EU in 2020 &#8211; 2021, identifying areas of concern and proposing ways to protect freedom, equality and the rule [&hellip;]<\/p>\n","protected":false},"author":101011,"featured_media":118386,"comment_status":"open","ping_status":"open","sticky":false,"template":"","format":"standard","meta":{"_acf_changed":false,"_relevanssi_hide_post":"","_relevanssi_hide_content":"","_relevanssi_pin_for_all":"","_relevanssi_pin_keywords":"","_relevanssi_unpin_keywords":"","_relevanssi_related_keywords":"","_relevanssi_related_include_ids":"","_relevanssi_related_exclude_ids":"","_relevanssi_related_no_append":"","_relevanssi_related_not_related":"","_relevanssi_related_posts":"","_relevanssi_noindex_reason":"","_monsterinsights_skip_tracking":false,"_monsterinsights_sitenote_active":false,"_monsterinsights_sitenote_note":"","_monsterinsights_sitenote_category":0,"_genesis_hide_title":false,"_genesis_hide_breadcrumbs":false,"_genesis_hide_singular_image":false,"_genesis_hide_footer_widgets":false,"_genesis_custom_body_class":"","_genesis_custom_post_class":"","_genesis_layout":"","footnotes":""},"categories":[346,4079],"tags":[2448,779,450],"class_list":{"0":"post-118389","1":"post","2":"type-post","3":"status-publish","4":"format-standard","5":"has-post-thumbnail","7":"category-eu-news","8":"category-law","9":"tag-covid","10":"tag-eu-en","11":"tag-fundamental-rights","12":"entry"},"acf":[],"yoast_head":"<!-- This site is optimized with the Yoast SEO plugin v27.4 - https:\/\/yoast.com\/product\/yoast-seo-wordpress\/ -->\n<title>Fundamental rights in the EU: long-standing problems exacerbated by COVID-19 | CDE Almer\u00eda - Centro de Documentaci\u00f3n Europea - Universidad de Almer\u00eda<\/title>\n<meta name=\"robots\" content=\"index, follow, max-snippet:-1, max-image-preview:large, max-video-preview:-1\" \/>\n<link rel=\"canonical\" href=\"https:\/\/www.cde.ual.es\/en\/fundamental-rights-in-the-eu-long-standing-problems-exacerbated-by-covid-19\/\" \/>\n<meta property=\"og:locale\" content=\"en_US\" \/>\n<meta property=\"og:type\" content=\"article\" \/>\n<meta property=\"og:title\" content=\"Fundamental rights in the EU: long-standing problems exacerbated by COVID-19 | CDE Almer\u00eda - Centro de Documentaci\u00f3n Europea - Universidad de Almer\u00eda\" \/>\n<meta property=\"og:description\" content=\"Parliament\u2019s latest assessment of the state of fundamental rights in the EU identifies numerous concerns and demands member states act in defence of European values. On Thursday, MEPs assessed the state of fundamental values in the EU in 2020 &#8211; 2021, identifying areas of concern and proposing ways to protect freedom, equality and the rule [&hellip;]\" \/>\n<meta property=\"og:url\" content=\"https:\/\/www.cde.ual.es\/en\/fundamental-rights-in-the-eu-long-standing-problems-exacerbated-by-covid-19\/\" \/>\n<meta property=\"og:site_name\" content=\"CDE Almer\u00eda - Centro de Documentaci\u00f3n Europea - Universidad de Almer\u00eda\" \/>\n<meta property=\"article:publisher\" content=\"https:\/\/www.facebook.com\/cdeuniversidadalmeria\/\" \/>\n<meta property=\"article:published_time\" content=\"2022-09-16T07:40:12+00:00\" \/>\n<meta property=\"article:modified_time\" content=\"2022-09-16T07:40:57+00:00\" \/>\n<meta property=\"og:image\" content=\"https:\/\/www.cde.ual.es\/wp-content\/uploads\/2022\/09\/markus-spiske-XXWM_8f77KQ-unsplash-scaled.jpg\" \/>\n\t<meta property=\"og:image:width\" content=\"2560\" \/>\n\t<meta property=\"og:image:height\" content=\"1698\" \/>\n\t<meta property=\"og:image:type\" content=\"image\/jpeg\" \/>\n<meta name=\"author\" content=\"BECA 2 CDE\" \/>\n<meta name=\"twitter:card\" content=\"summary_large_image\" \/>\n<meta name=\"twitter:creator\" content=\"@cdeualmeria\" \/>\n<meta name=\"twitter:site\" content=\"@cdeualmeria\" \/>\n<meta name=\"twitter:label1\" content=\"Written by\" \/>\n\t<meta name=\"twitter:data1\" content=\"BECA 2 CDE\" \/>\n\t<meta name=\"twitter:label2\" content=\"Est. reading time\" \/>\n\t<meta name=\"twitter:data2\" content=\"3 minutes\" \/>\n<script type=\"application\/ld+json\" class=\"yoast-schema-graph\">{\"@context\":\"https:\\\/\\\/schema.org\",\"@graph\":[{\"@type\":\"Article\",\"@id\":\"https:\\\/\\\/www.cde.ual.es\\\/en\\\/fundamental-rights-in-the-eu-long-standing-problems-exacerbated-by-covid-19\\\/#article\",\"isPartOf\":{\"@id\":\"https:\\\/\\\/www.cde.ual.es\\\/en\\\/fundamental-rights-in-the-eu-long-standing-problems-exacerbated-by-covid-19\\\/\"},\"author\":{\"name\":\"BECA 2 CDE\",\"@id\":\"https:\\\/\\\/www.cde.ual.es\\\/#\\\/schema\\\/person\\\/ee46ebc19edfa19598c02cff83335acc\"},\"headline\":\"Fundamental rights in the EU: long-standing problems exacerbated by COVID-19\",\"datePublished\":\"2022-09-16T07:40:12+00:00\",\"dateModified\":\"2022-09-16T07:40:57+00:00\",\"mainEntityOfPage\":{\"@id\":\"https:\\\/\\\/www.cde.ual.es\\\/en\\\/fundamental-rights-in-the-eu-long-standing-problems-exacerbated-by-covid-19\\\/\"},\"wordCount\":461,\"commentCount\":0,\"publisher\":{\"@id\":\"https:\\\/\\\/www.cde.ual.es\\\/#organization\"},\"image\":{\"@id\":\"https:\\\/\\\/www.cde.ual.es\\\/en\\\/fundamental-rights-in-the-eu-long-standing-problems-exacerbated-by-covid-19\\\/#primaryimage\"},\"thumbnailUrl\":\"https:\\\/\\\/www.cde.ual.es\\\/wp-content\\\/uploads\\\/2022\\\/09\\\/markus-spiske-XXWM_8f77KQ-unsplash-scaled.jpg\",\"keywords\":[\"Covid\",\"EU\",\"Fundamental Rights\"],\"articleSection\":[\"EU News\",\"Law\"],\"inLanguage\":\"en-US\",\"potentialAction\":[{\"@type\":\"CommentAction\",\"name\":\"Comment\",\"target\":[\"https:\\\/\\\/www.cde.ual.es\\\/en\\\/fundamental-rights-in-the-eu-long-standing-problems-exacerbated-by-covid-19\\\/#respond\"]}]},{\"@type\":\"WebPage\",\"@id\":\"https:\\\/\\\/www.cde.ual.es\\\/en\\\/fundamental-rights-in-the-eu-long-standing-problems-exacerbated-by-covid-19\\\/\",\"url\":\"https:\\\/\\\/www.cde.ual.es\\\/en\\\/fundamental-rights-in-the-eu-long-standing-problems-exacerbated-by-covid-19\\\/\",\"name\":\"Fundamental rights in the EU: long-standing problems exacerbated by COVID-19 | CDE Almer\u00eda - Centro de Documentaci\u00f3n Europea - Universidad de Almer\u00eda\",\"isPartOf\":{\"@id\":\"https:\\\/\\\/www.cde.ual.es\\\/#website\"},\"primaryImageOfPage\":{\"@id\":\"https:\\\/\\\/www.cde.ual.es\\\/en\\\/fundamental-rights-in-the-eu-long-standing-problems-exacerbated-by-covid-19\\\/#primaryimage\"},\"image\":{\"@id\":\"https:\\\/\\\/www.cde.ual.es\\\/en\\\/fundamental-rights-in-the-eu-long-standing-problems-exacerbated-by-covid-19\\\/#primaryimage\"},\"thumbnailUrl\":\"https:\\\/\\\/www.cde.ual.es\\\/wp-content\\\/uploads\\\/2022\\\/09\\\/markus-spiske-XXWM_8f77KQ-unsplash-scaled.jpg\",\"datePublished\":\"2022-09-16T07:40:12+00:00\",\"dateModified\":\"2022-09-16T07:40:57+00:00\",\"breadcrumb\":{\"@id\":\"https:\\\/\\\/www.cde.ual.es\\\/en\\\/fundamental-rights-in-the-eu-long-standing-problems-exacerbated-by-covid-19\\\/#breadcrumb\"},\"inLanguage\":\"en-US\",\"potentialAction\":[{\"@type\":\"ReadAction\",\"target\":[\"https:\\\/\\\/www.cde.ual.es\\\/en\\\/fundamental-rights-in-the-eu-long-standing-problems-exacerbated-by-covid-19\\\/\"]}]},{\"@type\":\"ImageObject\",\"inLanguage\":\"en-US\",\"@id\":\"https:\\\/\\\/www.cde.ual.es\\\/en\\\/fundamental-rights-in-the-eu-long-standing-problems-exacerbated-by-covid-19\\\/#primaryimage\",\"url\":\"https:\\\/\\\/www.cde.ual.es\\\/wp-content\\\/uploads\\\/2022\\\/09\\\/markus-spiske-XXWM_8f77KQ-unsplash-scaled.jpg\",\"contentUrl\":\"https:\\\/\\\/www.cde.ual.es\\\/wp-content\\\/uploads\\\/2022\\\/09\\\/markus-spiske-XXWM_8f77KQ-unsplash-scaled.jpg\",\"width\":2560,\"height\":1698,\"caption\":\"cartel en farola\"},{\"@type\":\"BreadcrumbList\",\"@id\":\"https:\\\/\\\/www.cde.ual.es\\\/en\\\/fundamental-rights-in-the-eu-long-standing-problems-exacerbated-by-covid-19\\\/#breadcrumb\",\"itemListElement\":[{\"@type\":\"ListItem\",\"position\":1,\"name\":\"Inicio\",\"item\":\"https:\\\/\\\/www.cde.ual.es\\\/en\\\/\"},{\"@type\":\"ListItem\",\"position\":2,\"name\":\"EU News\",\"item\":\"https:\\\/\\\/www.cde.ual.es\\\/en\\\/category\\\/eu-news\\\/\"},{\"@type\":\"ListItem\",\"position\":3,\"name\":\"Law\",\"item\":\"https:\\\/\\\/www.cde.ual.es\\\/en\\\/category\\\/eu-news\\\/law\\\/\"},{\"@type\":\"ListItem\",\"position\":4,\"name\":\"Fundamental rights in the EU: long-standing problems exacerbated by COVID-19\"}]},{\"@type\":\"WebSite\",\"@id\":\"https:\\\/\\\/www.cde.ual.es\\\/#website\",\"url\":\"https:\\\/\\\/www.cde.ual.es\\\/\",\"name\":\"CDE Almer\u00eda - Centro de Documentaci\u00f3n Europea - Universidad de Almer\u00eda\",\"description\":\"Centro de Documentaci\u00f3n Europea de la Universidad de Almer\u00eda\",\"publisher\":{\"@id\":\"https:\\\/\\\/www.cde.ual.es\\\/#organization\"},\"alternateName\":\"CDE Almer\u00eda\",\"potentialAction\":[{\"@type\":\"SearchAction\",\"target\":{\"@type\":\"EntryPoint\",\"urlTemplate\":\"https:\\\/\\\/www.cde.ual.es\\\/?s={search_term_string}\"},\"query-input\":{\"@type\":\"PropertyValueSpecification\",\"valueRequired\":true,\"valueName\":\"search_term_string\"}}],\"inLanguage\":\"en-US\"},{\"@type\":\"Organization\",\"@id\":\"https:\\\/\\\/www.cde.ual.es\\\/#organization\",\"name\":\"Centro de Documentaci\u00f3n Europea de Almer\u00eda\",\"url\":\"https:\\\/\\\/www.cde.ual.es\\\/\",\"logo\":{\"@type\":\"ImageObject\",\"inLanguage\":\"en-US\",\"@id\":\"https:\\\/\\\/www.cde.ual.es\\\/#\\\/schema\\\/logo\\\/image\\\/\",\"url\":\"https:\\\/\\\/www.cde.ual.es\\\/wp-content\\\/uploads\\\/2025\\\/07\\\/cde-logo-3.png\",\"contentUrl\":\"https:\\\/\\\/www.cde.ual.es\\\/wp-content\\\/uploads\\\/2025\\\/07\\\/cde-logo-3.png\",\"width\":1400,\"height\":300,\"caption\":\"Centro de Documentaci\u00f3n Europea de Almer\u00eda\"},\"image\":{\"@id\":\"https:\\\/\\\/www.cde.ual.es\\\/#\\\/schema\\\/logo\\\/image\\\/\"},\"sameAs\":[\"https:\\\/\\\/www.facebook.com\\\/cdeuniversidadalmeria\\\/\",\"https:\\\/\\\/x.com\\\/cdeualmeria\",\"https:\\\/\\\/www.tiktok.com\\\/@cdealmeria\",\"https:\\\/\\\/www.instagram.com\\\/cdealmeria\\\/\",\"https:\\\/\\\/www.linkedin.com\\\/in\\\/cde-almera-812b26a9\\\/\"]},{\"@type\":\"Person\",\"@id\":\"https:\\\/\\\/www.cde.ual.es\\\/#\\\/schema\\\/person\\\/ee46ebc19edfa19598c02cff83335acc\",\"name\":\"BECA 2 CDE\",\"image\":{\"@type\":\"ImageObject\",\"inLanguage\":\"en-US\",\"@id\":\"https:\\\/\\\/secure.gravatar.com\\\/avatar\\\/35a481bbc04bbd90e91bdfa3b0b5541036c222a49b9ad37b6889a2afcb5311a5?s=96&d=mm&r=g\",\"url\":\"https:\\\/\\\/secure.gravatar.com\\\/avatar\\\/35a481bbc04bbd90e91bdfa3b0b5541036c222a49b9ad37b6889a2afcb5311a5?s=96&d=mm&r=g\",\"contentUrl\":\"https:\\\/\\\/secure.gravatar.com\\\/avatar\\\/35a481bbc04bbd90e91bdfa3b0b5541036c222a49b9ad37b6889a2afcb5311a5?s=96&d=mm&r=g\",\"caption\":\"BECA 2 CDE\"},\"sameAs\":[\"http:\\\/\\\/www.cdealmeria.com\"]}]}<\/script>\n<!-- \/ Yoast SEO plugin. -->","yoast_head_json":{"title":"Fundamental rights in the EU: long-standing problems exacerbated by COVID-19 | CDE Almer\u00eda - Centro de Documentaci\u00f3n Europea - Universidad de Almer\u00eda","robots":{"index":"index","follow":"follow","max-snippet":"max-snippet:-1","max-image-preview":"max-image-preview:large","max-video-preview":"max-video-preview:-1"},"canonical":"https:\/\/www.cde.ual.es\/en\/fundamental-rights-in-the-eu-long-standing-problems-exacerbated-by-covid-19\/","og_locale":"en_US","og_type":"article","og_title":"Fundamental rights in the EU: long-standing problems exacerbated by COVID-19 | CDE Almer\u00eda - Centro de Documentaci\u00f3n Europea - Universidad de Almer\u00eda","og_description":"Parliament\u2019s latest assessment of the state of fundamental rights in the EU identifies numerous concerns and demands member states act in defence of European values. On Thursday, MEPs assessed the state of fundamental values in the EU in 2020 &#8211; 2021, identifying areas of concern and proposing ways to protect freedom, equality and the rule [&hellip;]","og_url":"https:\/\/www.cde.ual.es\/en\/fundamental-rights-in-the-eu-long-standing-problems-exacerbated-by-covid-19\/","og_site_name":"CDE Almer\u00eda - Centro de Documentaci\u00f3n Europea - Universidad de Almer\u00eda","article_publisher":"https:\/\/www.facebook.com\/cdeuniversidadalmeria\/","article_published_time":"2022-09-16T07:40:12+00:00","article_modified_time":"2022-09-16T07:40:57+00:00","og_image":[{"width":2560,"height":1698,"url":"https:\/\/www.cde.ual.es\/wp-content\/uploads\/2022\/09\/markus-spiske-XXWM_8f77KQ-unsplash-scaled.jpg","type":"image\/jpeg"}],"author":"BECA 2 CDE","twitter_card":"summary_large_image","twitter_creator":"@cdeualmeria","twitter_site":"@cdeualmeria","twitter_misc":{"Written by":"BECA 2 CDE","Est. reading time":"3 minutes"},"schema":{"@context":"https:\/\/schema.org","@graph":[{"@type":"Article","@id":"https:\/\/www.cde.ual.es\/en\/fundamental-rights-in-the-eu-long-standing-problems-exacerbated-by-covid-19\/#article","isPartOf":{"@id":"https:\/\/www.cde.ual.es\/en\/fundamental-rights-in-the-eu-long-standing-problems-exacerbated-by-covid-19\/"},"author":{"name":"BECA 2 CDE","@id":"https:\/\/www.cde.ual.es\/#\/schema\/person\/ee46ebc19edfa19598c02cff83335acc"},"headline":"Fundamental rights in the EU: long-standing problems exacerbated by COVID-19","datePublished":"2022-09-16T07:40:12+00:00","dateModified":"2022-09-16T07:40:57+00:00","mainEntityOfPage":{"@id":"https:\/\/www.cde.ual.es\/en\/fundamental-rights-in-the-eu-long-standing-problems-exacerbated-by-covid-19\/"},"wordCount":461,"commentCount":0,"publisher":{"@id":"https:\/\/www.cde.ual.es\/#organization"},"image":{"@id":"https:\/\/www.cde.ual.es\/en\/fundamental-rights-in-the-eu-long-standing-problems-exacerbated-by-covid-19\/#primaryimage"},"thumbnailUrl":"https:\/\/www.cde.ual.es\/wp-content\/uploads\/2022\/09\/markus-spiske-XXWM_8f77KQ-unsplash-scaled.jpg","keywords":["Covid","EU","Fundamental Rights"],"articleSection":["EU News","Law"],"inLanguage":"en-US","potentialAction":[{"@type":"CommentAction","name":"Comment","target":["https:\/\/www.cde.ual.es\/en\/fundamental-rights-in-the-eu-long-standing-problems-exacerbated-by-covid-19\/#respond"]}]},{"@type":"WebPage","@id":"https:\/\/www.cde.ual.es\/en\/fundamental-rights-in-the-eu-long-standing-problems-exacerbated-by-covid-19\/","url":"https:\/\/www.cde.ual.es\/en\/fundamental-rights-in-the-eu-long-standing-problems-exacerbated-by-covid-19\/","name":"Fundamental rights in the EU: long-standing problems exacerbated by COVID-19 | CDE Almer\u00eda - Centro de Documentaci\u00f3n Europea - Universidad de Almer\u00eda","isPartOf":{"@id":"https:\/\/www.cde.ual.es\/#website"},"primaryImageOfPage":{"@id":"https:\/\/www.cde.ual.es\/en\/fundamental-rights-in-the-eu-long-standing-problems-exacerbated-by-covid-19\/#primaryimage"},"image":{"@id":"https:\/\/www.cde.ual.es\/en\/fundamental-rights-in-the-eu-long-standing-problems-exacerbated-by-covid-19\/#primaryimage"},"thumbnailUrl":"https:\/\/www.cde.ual.es\/wp-content\/uploads\/2022\/09\/markus-spiske-XXWM_8f77KQ-unsplash-scaled.jpg","datePublished":"2022-09-16T07:40:12+00:00","dateModified":"2022-09-16T07:40:57+00:00","breadcrumb":{"@id":"https:\/\/www.cde.ual.es\/en\/fundamental-rights-in-the-eu-long-standing-problems-exacerbated-by-covid-19\/#breadcrumb"},"inLanguage":"en-US","potentialAction":[{"@type":"ReadAction","target":["https:\/\/www.cde.ual.es\/en\/fundamental-rights-in-the-eu-long-standing-problems-exacerbated-by-covid-19\/"]}]},{"@type":"ImageObject","inLanguage":"en-US","@id":"https:\/\/www.cde.ual.es\/en\/fundamental-rights-in-the-eu-long-standing-problems-exacerbated-by-covid-19\/#primaryimage","url":"https:\/\/www.cde.ual.es\/wp-content\/uploads\/2022\/09\/markus-spiske-XXWM_8f77KQ-unsplash-scaled.jpg","contentUrl":"https:\/\/www.cde.ual.es\/wp-content\/uploads\/2022\/09\/markus-spiske-XXWM_8f77KQ-unsplash-scaled.jpg","width":2560,"height":1698,"caption":"cartel en farola"},{"@type":"BreadcrumbList","@id":"https:\/\/www.cde.ual.es\/en\/fundamental-rights-in-the-eu-long-standing-problems-exacerbated-by-covid-19\/#breadcrumb","itemListElement":[{"@type":"ListItem","position":1,"name":"Inicio","item":"https:\/\/www.cde.ual.es\/en\/"},{"@type":"ListItem","position":2,"name":"EU News","item":"https:\/\/www.cde.ual.es\/en\/category\/eu-news\/"},{"@type":"ListItem","position":3,"name":"Law","item":"https:\/\/www.cde.ual.es\/en\/category\/eu-news\/law\/"},{"@type":"ListItem","position":4,"name":"Fundamental rights in the EU: long-standing problems exacerbated by COVID-19"}]},{"@type":"WebSite","@id":"https:\/\/www.cde.ual.es\/#website","url":"https:\/\/www.cde.ual.es\/","name":"CDE Almer\u00eda - Centro de Documentaci\u00f3n Europea - Universidad de Almer\u00eda","description":"Centro de Documentaci\u00f3n Europea de la Universidad de Almer\u00eda","publisher":{"@id":"https:\/\/www.cde.ual.es\/#organization"},"alternateName":"CDE Almer\u00eda","potentialAction":[{"@type":"SearchAction","target":{"@type":"EntryPoint","urlTemplate":"https:\/\/www.cde.ual.es\/?s={search_term_string}"},"query-input":{"@type":"PropertyValueSpecification","valueRequired":true,"valueName":"search_term_string"}}],"inLanguage":"en-US"},{"@type":"Organization","@id":"https:\/\/www.cde.ual.es\/#organization","name":"Centro de Documentaci\u00f3n Europea de Almer\u00eda","url":"https:\/\/www.cde.ual.es\/","logo":{"@type":"ImageObject","inLanguage":"en-US","@id":"https:\/\/www.cde.ual.es\/#\/schema\/logo\/image\/","url":"https:\/\/www.cde.ual.es\/wp-content\/uploads\/2025\/07\/cde-logo-3.png","contentUrl":"https:\/\/www.cde.ual.es\/wp-content\/uploads\/2025\/07\/cde-logo-3.png","width":1400,"height":300,"caption":"Centro de Documentaci\u00f3n Europea de Almer\u00eda"},"image":{"@id":"https:\/\/www.cde.ual.es\/#\/schema\/logo\/image\/"},"sameAs":["https:\/\/www.facebook.com\/cdeuniversidadalmeria\/","https:\/\/x.com\/cdeualmeria","https:\/\/www.tiktok.com\/@cdealmeria","https:\/\/www.instagram.com\/cdealmeria\/","https:\/\/www.linkedin.com\/in\/cde-almera-812b26a9\/"]},{"@type":"Person","@id":"https:\/\/www.cde.ual.es\/#\/schema\/person\/ee46ebc19edfa19598c02cff83335acc","name":"BECA 2 CDE","image":{"@type":"ImageObject","inLanguage":"en-US","@id":"https:\/\/secure.gravatar.com\/avatar\/35a481bbc04bbd90e91bdfa3b0b5541036c222a49b9ad37b6889a2afcb5311a5?s=96&d=mm&r=g","url":"https:\/\/secure.gravatar.com\/avatar\/35a481bbc04bbd90e91bdfa3b0b5541036c222a49b9ad37b6889a2afcb5311a5?s=96&d=mm&r=g","contentUrl":"https:\/\/secure.gravatar.com\/avatar\/35a481bbc04bbd90e91bdfa3b0b5541036c222a49b9ad37b6889a2afcb5311a5?s=96&d=mm&r=g","caption":"BECA 2 CDE"},"sameAs":["http:\/\/www.cdealmeria.com"]}]}},"_links":{"self":[{"href":"https:\/\/www.cde.ual.es\/en\/wp-json\/wp\/v2\/posts\/118389","targetHints":{"allow":["GET"]}}],"collection":[{"href":"https:\/\/www.cde.ual.es\/en\/wp-json\/wp\/v2\/posts"}],"about":[{"href":"https:\/\/www.cde.ual.es\/en\/wp-json\/wp\/v2\/types\/post"}],"author":[{"embeddable":true,"href":"https:\/\/www.cde.ual.es\/en\/wp-json\/wp\/v2\/users\/101011"}],"replies":[{"embeddable":true,"href":"https:\/\/www.cde.ual.es\/en\/wp-json\/wp\/v2\/comments?post=118389"}],"version-history":[{"count":1,"href":"https:\/\/www.cde.ual.es\/en\/wp-json\/wp\/v2\/posts\/118389\/revisions"}],"predecessor-version":[{"id":118392,"href":"https:\/\/www.cde.ual.es\/en\/wp-json\/wp\/v2\/posts\/118389\/revisions\/118392"}],"wp:featuredmedia":[{"embeddable":true,"href":"https:\/\/www.cde.ual.es\/en\/wp-json\/wp\/v2\/media\/118386"}],"wp:attachment":[{"href":"https:\/\/www.cde.ual.es\/en\/wp-json\/wp\/v2\/media?parent=118389"}],"wp:term":[{"taxonomy":"category","embeddable":true,"href":"https:\/\/www.cde.ual.es\/en\/wp-json\/wp\/v2\/categories?post=118389"},{"taxonomy":"post_tag","embeddable":true,"href":"https:\/\/www.cde.ual.es\/en\/wp-json\/wp\/v2\/tags?post=118389"}],"curies":[{"name":"wp","href":"https:\/\/api.w.org\/{rel}","templated":true}]}}