{"id":118074,"date":"2022-09-14T10:51:18","date_gmt":"2022-09-14T08:51:18","guid":{"rendered":"https:\/\/www.cde.ual.es\/?p=118074"},"modified":"2022-09-14T10:51:18","modified_gmt":"2022-09-14T08:51:18","slug":"annual-research-conference-2022-how-to-turn-green-in-the-european-way","status":"publish","type":"post","link":"https:\/\/www.cde.ual.es\/en\/annual-research-conference-2022-how-to-turn-green-in-the-european-way\/","title":{"rendered":"Annual Research Conference 2022 &#8211; How to turn green in the European way?"},"content":{"rendered":"<p style=\"text-align: justify;\"><strong>The conference is organised by the European Commission&#8217;s Joint Research Centre (JRC) and the Directorate-General for Economic and Financial Affairs (DG ECFIN).<\/strong><\/p>\n<p><a href=\"https:\/\/www.cde.ual.es\/wp-content\/uploads\/2022\/09\/ECFIN_JRC_ARC_2022_FB_1500X1500-002-scaled.jpg\"><img decoding=\"async\" class=\" wp-image-118081 aligncenter\" src=\"https:\/\/www.cde.ual.es\/wp-content\/uploads\/2022\/09\/ECFIN_JRC_ARC_2022_FB_1500X1500-002-1024x1024.jpg\" alt=\"Conference 2022 picture\" width=\"431\" height=\"431\" srcset=\"https:\/\/www.cde.ual.es\/wp-content\/uploads\/2022\/09\/ECFIN_JRC_ARC_2022_FB_1500X1500-002-1024x1024.jpg 1024w, https:\/\/www.cde.ual.es\/wp-content\/uploads\/2022\/09\/ECFIN_JRC_ARC_2022_FB_1500X1500-002-300x300.jpg 300w, https:\/\/www.cde.ual.es\/wp-content\/uploads\/2022\/09\/ECFIN_JRC_ARC_2022_FB_1500X1500-002-150x150.jpg 150w, https:\/\/www.cde.ual.es\/wp-content\/uploads\/2022\/09\/ECFIN_JRC_ARC_2022_FB_1500X1500-002-768x768.jpg 768w, https:\/\/www.cde.ual.es\/wp-content\/uploads\/2022\/09\/ECFIN_JRC_ARC_2022_FB_1500X1500-002-1536x1536.jpg 1536w, https:\/\/www.cde.ual.es\/wp-content\/uploads\/2022\/09\/ECFIN_JRC_ARC_2022_FB_1500X1500-002-2048x2048.jpg 2048w, https:\/\/www.cde.ual.es\/wp-content\/uploads\/2022\/09\/ECFIN_JRC_ARC_2022_FB_1500X1500-002-120x120.jpg 120w\" sizes=\"(max-width: 431px) 100vw, 431px\" \/><\/a><\/p>\n<p style=\"text-align: justify;\">The Annual Research Conference, now in its 19th year, is themed How to turn green in the European way? Keeping the cutting edge while remaining fair and social. It brings together leading economic scholars and policy practitionersto discuss cutting-edge research addressing Europe\u2019s economic policy challenges.<\/p>\n<h3 style=\"text-align: justify;\">Description<\/h3>\n<p style=\"text-align: justify;\">Research presented at the conference contributes to:<\/p>\n<ul style=\"text-align: justify;\">\n<li>Design appropriate policies and instruments to incentivise a green transition<\/li>\n<li>Change production and consumption patterns<\/li>\n<li>Engineer the necessary private and public investment\/technological transformation (define timing and size of the transformation without overburdening balance sheets)<\/li>\n<li>Bring about the necessary innovation and human capital accumulation.<\/li>\n<\/ul>\n<p style=\"text-align: justify;\">The research presented will broaden the traditional economic perspective and incorporate relevant technological and socioeconomic dimensions, while remaining directly anchored (and relevant) to economic policy making.<\/p>\n<p style=\"text-align: justify;\">To achieve the goal of creating a platform that enables exchange and dissemination of scientific knowledge on economics and linked sciences between and amongst researchers, scholars and policymakers, there will be a poster session at the conference for early career reseachers. The call for posters closed on 15th May.<\/p>\n<p style=\"text-align: justify;\">Full <a href=\"https:\/\/ec.europa.eu\/economy_finance\/arc2022\/programme.html\">programme<\/a> available on the event web.<\/p>\n<p style=\"text-align: justify;\">Online registration is still open, in-person participation is complete.<\/p>\n<h3 style=\"text-align: justify;\">When<\/h3>\n<p style=\"text-align: justify;\">Tuesday 20 September 2022, 12:00 CEST &#8211; Wednesday 21 September 2022, 15:00 CEST<\/p>\n<h3 style=\"text-align: justify;\">Where<\/h3>\n<p style=\"text-align: justify;\">Seville, Spain and webstream<\/p>\n<h3 style=\"text-align: justify;\">Languages<\/h3>\n<p style=\"text-align: justify;\">English<\/p>\n<p style=\"text-align: justify;\"><strong>More information:<\/strong><\/p>\n<p style=\"text-align: justify;\"><a href=\"https:\/\/joint-research-centre.ec.europa.eu\/events\/annual-research-conference-2022-how-turn-green-european-way-2022-09-20_en\">EU Science Hub<\/a><\/p>\n<p style=\"text-align: justify;\"><a href=\"https:\/\/ec.europa.eu\/economy_finance\/arc\">Event website<\/a><\/p>\n","protected":false},"excerpt":{"rendered":"<p>The conference is organised by the European Commission&#8217;s Joint Research Centre (JRC) and the Directorate-General for Economic and Financial Affairs (DG ECFIN). The Annual Research Conference, now in its 19th year, is themed How to turn green in the European way? Keeping the cutting edge while remaining fair and social. It brings together leading economic [&hellip;]<\/p>\n","protected":false},"author":1,"featured_media":118081,"comment_status":"open","ping_status":"open","sticky":false,"template":"","format":"standard","meta":{"_acf_changed":false,"_relevanssi_hide_post":"","_relevanssi_hide_content":"","_relevanssi_pin_for_all":"","_relevanssi_pin_keywords":"","_relevanssi_unpin_keywords":"","_relevanssi_related_keywords":"","_relevanssi_related_include_ids":"","_relevanssi_related_exclude_ids":"","_relevanssi_related_no_append":"","_relevanssi_related_not_related":"","_relevanssi_related_posts":"","_relevanssi_noindex_reason":"","_monsterinsights_skip_tracking":false,"_monsterinsights_sitenote_active":false,"_monsterinsights_sitenote_note":"","_monsterinsights_sitenote_category":0,"_genesis_hide_title":false,"_genesis_hide_breadcrumbs":false,"_genesis_hide_singular_image":false,"_genesis_hide_footer_widgets":false,"_genesis_custom_body_class":"","_genesis_custom_post_class":"","_genesis_layout":"","footnotes":""},"categories":[346,4083,4082,4084],"tags":[7142,2882,2400],"class_list":{"0":"post-118074","1":"post","2":"type-post","3":"status-publish","4":"format-standard","5":"has-post-thumbnail","7":"category-eu-news","8":"category-production","9":"category-research-innovation","10":"category-technology","11":"tag-annual-research-conference-2022","12":"tag-green","13":"tag-jrc","14":"entry"},"acf":[],"yoast_head":"<!-- This site is optimized with the Yoast SEO plugin v27.4 - https:\/\/yoast.com\/product\/yoast-seo-wordpress\/ -->\n<title>Annual Research Conference 2022 - How to turn green in the European way? | CDE Almer\u00eda - Centro de Documentaci\u00f3n Europea - Universidad de Almer\u00eda<\/title>\n<meta name=\"robots\" content=\"index, follow, max-snippet:-1, max-image-preview:large, max-video-preview:-1\" \/>\n<link rel=\"canonical\" href=\"https:\/\/www.cde.ual.es\/en\/annual-research-conference-2022-how-to-turn-green-in-the-european-way\/\" \/>\n<meta property=\"og:locale\" content=\"en_US\" \/>\n<meta property=\"og:type\" content=\"article\" \/>\n<meta property=\"og:title\" content=\"Annual Research Conference 2022 - How to turn green in the European way? | CDE Almer\u00eda - Centro de Documentaci\u00f3n Europea - Universidad de Almer\u00eda\" \/>\n<meta property=\"og:description\" content=\"The conference is organised by the European Commission&#8217;s Joint Research Centre (JRC) and the Directorate-General for Economic and Financial Affairs (DG ECFIN). The Annual Research Conference, now in its 19th year, is themed How to turn green in the European way? Keeping the cutting edge while remaining fair and social. It brings together leading economic [&hellip;]\" \/>\n<meta property=\"og:url\" content=\"https:\/\/www.cde.ual.es\/en\/annual-research-conference-2022-how-to-turn-green-in-the-european-way\/\" \/>\n<meta property=\"og:site_name\" content=\"CDE Almer\u00eda - Centro de Documentaci\u00f3n Europea - Universidad de Almer\u00eda\" \/>\n<meta property=\"article:publisher\" content=\"https:\/\/www.facebook.com\/cdeuniversidadalmeria\/\" \/>\n<meta property=\"article:published_time\" content=\"2022-09-14T08:51:18+00:00\" \/>\n<meta property=\"og:image\" content=\"https:\/\/www.cde.ual.es\/wp-content\/uploads\/2022\/09\/ECFIN_JRC_ARC_2022_FB_1500X1500-002-scaled.jpg\" \/>\n\t<meta property=\"og:image:width\" content=\"2560\" \/>\n\t<meta property=\"og:image:height\" content=\"2560\" \/>\n\t<meta property=\"og:image:type\" content=\"image\/jpeg\" \/>\n<meta name=\"author\" content=\"AdminCDE\" \/>\n<meta name=\"twitter:card\" content=\"summary_large_image\" \/>\n<meta name=\"twitter:creator\" content=\"@cdeualmeria\" \/>\n<meta name=\"twitter:site\" content=\"@cdeualmeria\" \/>\n<meta name=\"twitter:label1\" content=\"Written by\" \/>\n\t<meta name=\"twitter:data1\" content=\"AdminCDE\" \/>\n\t<meta name=\"twitter:label2\" content=\"Est. reading time\" \/>\n\t<meta name=\"twitter:data2\" content=\"2 minutes\" \/>\n<script type=\"application\/ld+json\" class=\"yoast-schema-graph\">{\"@context\":\"https:\\\/\\\/schema.org\",\"@graph\":[{\"@type\":\"Article\",\"@id\":\"https:\\\/\\\/www.cde.ual.es\\\/en\\\/annual-research-conference-2022-how-to-turn-green-in-the-european-way\\\/#article\",\"isPartOf\":{\"@id\":\"https:\\\/\\\/www.cde.ual.es\\\/en\\\/annual-research-conference-2022-how-to-turn-green-in-the-european-way\\\/\"},\"author\":{\"name\":\"AdminCDE\",\"@id\":\"https:\\\/\\\/www.cde.ual.es\\\/#\\\/schema\\\/person\\\/224ef08c8bcc005f319d2713ce37ee5f\"},\"headline\":\"Annual Research Conference 2022 &#8211; How to turn green in the European way?\",\"datePublished\":\"2022-09-14T08:51:18+00:00\",\"mainEntityOfPage\":{\"@id\":\"https:\\\/\\\/www.cde.ual.es\\\/en\\\/annual-research-conference-2022-how-to-turn-green-in-the-european-way\\\/\"},\"wordCount\":246,\"commentCount\":0,\"publisher\":{\"@id\":\"https:\\\/\\\/www.cde.ual.es\\\/#organization\"},\"image\":{\"@id\":\"https:\\\/\\\/www.cde.ual.es\\\/en\\\/annual-research-conference-2022-how-to-turn-green-in-the-european-way\\\/#primaryimage\"},\"thumbnailUrl\":\"https:\\\/\\\/www.cde.ual.es\\\/wp-content\\\/uploads\\\/2022\\\/09\\\/ECFIN_JRC_ARC_2022_FB_1500X1500-002-scaled.jpg\",\"keywords\":[\"Annual Research Conference 2022\",\"green\",\"JRC\"],\"articleSection\":[\"EU News\",\"Production\",\"Research and Innovation\",\"Technology\"],\"inLanguage\":\"en-US\",\"potentialAction\":[{\"@type\":\"CommentAction\",\"name\":\"Comment\",\"target\":[\"https:\\\/\\\/www.cde.ual.es\\\/en\\\/annual-research-conference-2022-how-to-turn-green-in-the-european-way\\\/#respond\"]}]},{\"@type\":\"WebPage\",\"@id\":\"https:\\\/\\\/www.cde.ual.es\\\/en\\\/annual-research-conference-2022-how-to-turn-green-in-the-european-way\\\/\",\"url\":\"https:\\\/\\\/www.cde.ual.es\\\/en\\\/annual-research-conference-2022-how-to-turn-green-in-the-european-way\\\/\",\"name\":\"Annual Research Conference 2022 - How to turn green in the European way? | CDE Almer\u00eda - Centro de Documentaci\u00f3n Europea - Universidad de Almer\u00eda\",\"isPartOf\":{\"@id\":\"https:\\\/\\\/www.cde.ual.es\\\/#website\"},\"primaryImageOfPage\":{\"@id\":\"https:\\\/\\\/www.cde.ual.es\\\/en\\\/annual-research-conference-2022-how-to-turn-green-in-the-european-way\\\/#primaryimage\"},\"image\":{\"@id\":\"https:\\\/\\\/www.cde.ual.es\\\/en\\\/annual-research-conference-2022-how-to-turn-green-in-the-european-way\\\/#primaryimage\"},\"thumbnailUrl\":\"https:\\\/\\\/www.cde.ual.es\\\/wp-content\\\/uploads\\\/2022\\\/09\\\/ECFIN_JRC_ARC_2022_FB_1500X1500-002-scaled.jpg\",\"datePublished\":\"2022-09-14T08:51:18+00:00\",\"breadcrumb\":{\"@id\":\"https:\\\/\\\/www.cde.ual.es\\\/en\\\/annual-research-conference-2022-how-to-turn-green-in-the-european-way\\\/#breadcrumb\"},\"inLanguage\":\"en-US\",\"potentialAction\":[{\"@type\":\"ReadAction\",\"target\":[\"https:\\\/\\\/www.cde.ual.es\\\/en\\\/annual-research-conference-2022-how-to-turn-green-in-the-european-way\\\/\"]}]},{\"@type\":\"ImageObject\",\"inLanguage\":\"en-US\",\"@id\":\"https:\\\/\\\/www.cde.ual.es\\\/en\\\/annual-research-conference-2022-how-to-turn-green-in-the-european-way\\\/#primaryimage\",\"url\":\"https:\\\/\\\/www.cde.ual.es\\\/wp-content\\\/uploads\\\/2022\\\/09\\\/ECFIN_JRC_ARC_2022_FB_1500X1500-002-scaled.jpg\",\"contentUrl\":\"https:\\\/\\\/www.cde.ual.es\\\/wp-content\\\/uploads\\\/2022\\\/09\\\/ECFIN_JRC_ARC_2022_FB_1500X1500-002-scaled.jpg\",\"width\":2560,\"height\":2560,\"caption\":\"Conference 2022 picture\"},{\"@type\":\"BreadcrumbList\",\"@id\":\"https:\\\/\\\/www.cde.ual.es\\\/en\\\/annual-research-conference-2022-how-to-turn-green-in-the-european-way\\\/#breadcrumb\",\"itemListElement\":[{\"@type\":\"ListItem\",\"position\":1,\"name\":\"Inicio\",\"item\":\"https:\\\/\\\/www.cde.ual.es\\\/en\\\/\"},{\"@type\":\"ListItem\",\"position\":2,\"name\":\"EU News\",\"item\":\"https:\\\/\\\/www.cde.ual.es\\\/en\\\/category\\\/eu-news\\\/\"},{\"@type\":\"ListItem\",\"position\":3,\"name\":\"Research and Innovation\",\"item\":\"https:\\\/\\\/www.cde.ual.es\\\/en\\\/category\\\/eu-news\\\/research-innovation\\\/\"},{\"@type\":\"ListItem\",\"position\":4,\"name\":\"Production\",\"item\":\"https:\\\/\\\/www.cde.ual.es\\\/en\\\/category\\\/eu-news\\\/research-innovation\\\/production\\\/\"},{\"@type\":\"ListItem\",\"position\":5,\"name\":\"Annual Research Conference 2022 &#8211; How to turn green in the European way?\"}]},{\"@type\":\"WebSite\",\"@id\":\"https:\\\/\\\/www.cde.ual.es\\\/#website\",\"url\":\"https:\\\/\\\/www.cde.ual.es\\\/\",\"name\":\"CDE Almer\u00eda - Centro de Documentaci\u00f3n Europea - Universidad de Almer\u00eda\",\"description\":\"Centro de Documentaci\u00f3n Europea de la Universidad de Almer\u00eda\",\"publisher\":{\"@id\":\"https:\\\/\\\/www.cde.ual.es\\\/#organization\"},\"alternateName\":\"CDE Almer\u00eda\",\"potentialAction\":[{\"@type\":\"SearchAction\",\"target\":{\"@type\":\"EntryPoint\",\"urlTemplate\":\"https:\\\/\\\/www.cde.ual.es\\\/?s={search_term_string}\"},\"query-input\":{\"@type\":\"PropertyValueSpecification\",\"valueRequired\":true,\"valueName\":\"search_term_string\"}}],\"inLanguage\":\"en-US\"},{\"@type\":\"Organization\",\"@id\":\"https:\\\/\\\/www.cde.ual.es\\\/#organization\",\"name\":\"Centro de Documentaci\u00f3n Europea de Almer\u00eda\",\"url\":\"https:\\\/\\\/www.cde.ual.es\\\/\",\"logo\":{\"@type\":\"ImageObject\",\"inLanguage\":\"en-US\",\"@id\":\"https:\\\/\\\/www.cde.ual.es\\\/#\\\/schema\\\/logo\\\/image\\\/\",\"url\":\"https:\\\/\\\/www.cde.ual.es\\\/wp-content\\\/uploads\\\/2025\\\/07\\\/cde-logo-3.png\",\"contentUrl\":\"https:\\\/\\\/www.cde.ual.es\\\/wp-content\\\/uploads\\\/2025\\\/07\\\/cde-logo-3.png\",\"width\":1400,\"height\":300,\"caption\":\"Centro de Documentaci\u00f3n Europea de Almer\u00eda\"},\"image\":{\"@id\":\"https:\\\/\\\/www.cde.ual.es\\\/#\\\/schema\\\/logo\\\/image\\\/\"},\"sameAs\":[\"https:\\\/\\\/www.facebook.com\\\/cdeuniversidadalmeria\\\/\",\"https:\\\/\\\/x.com\\\/cdeualmeria\",\"https:\\\/\\\/www.tiktok.com\\\/@cdealmeria\",\"https:\\\/\\\/www.instagram.com\\\/cdealmeria\\\/\",\"https:\\\/\\\/www.linkedin.com\\\/in\\\/cde-almera-812b26a9\\\/\"]},{\"@type\":\"Person\",\"@id\":\"https:\\\/\\\/www.cde.ual.es\\\/#\\\/schema\\\/person\\\/224ef08c8bcc005f319d2713ce37ee5f\",\"name\":\"AdminCDE\",\"image\":{\"@type\":\"ImageObject\",\"inLanguage\":\"en-US\",\"@id\":\"https:\\\/\\\/secure.gravatar.com\\\/avatar\\\/a72d038d371f995cd13706fac32274b7952a52e8fb0a84b5f80c85426f2a98a8?s=96&d=mm&r=g\",\"url\":\"https:\\\/\\\/secure.gravatar.com\\\/avatar\\\/a72d038d371f995cd13706fac32274b7952a52e8fb0a84b5f80c85426f2a98a8?s=96&d=mm&r=g\",\"contentUrl\":\"https:\\\/\\\/secure.gravatar.com\\\/avatar\\\/a72d038d371f995cd13706fac32274b7952a52e8fb0a84b5f80c85426f2a98a8?s=96&d=mm&r=g\",\"caption\":\"AdminCDE\"}}]}<\/script>\n<!-- \/ Yoast SEO plugin. -->","yoast_head_json":{"title":"Annual Research Conference 2022 - How to turn green in the European way? | CDE Almer\u00eda - Centro de Documentaci\u00f3n Europea - Universidad de Almer\u00eda","robots":{"index":"index","follow":"follow","max-snippet":"max-snippet:-1","max-image-preview":"max-image-preview:large","max-video-preview":"max-video-preview:-1"},"canonical":"https:\/\/www.cde.ual.es\/en\/annual-research-conference-2022-how-to-turn-green-in-the-european-way\/","og_locale":"en_US","og_type":"article","og_title":"Annual Research Conference 2022 - How to turn green in the European way? | CDE Almer\u00eda - Centro de Documentaci\u00f3n Europea - Universidad de Almer\u00eda","og_description":"The conference is organised by the European Commission&#8217;s Joint Research Centre (JRC) and the Directorate-General for Economic and Financial Affairs (DG ECFIN). The Annual Research Conference, now in its 19th year, is themed How to turn green in the European way? Keeping the cutting edge while remaining fair and social. It brings together leading economic [&hellip;]","og_url":"https:\/\/www.cde.ual.es\/en\/annual-research-conference-2022-how-to-turn-green-in-the-european-way\/","og_site_name":"CDE Almer\u00eda - Centro de Documentaci\u00f3n Europea - Universidad de Almer\u00eda","article_publisher":"https:\/\/www.facebook.com\/cdeuniversidadalmeria\/","article_published_time":"2022-09-14T08:51:18+00:00","og_image":[{"width":2560,"height":2560,"url":"https:\/\/www.cde.ual.es\/wp-content\/uploads\/2022\/09\/ECFIN_JRC_ARC_2022_FB_1500X1500-002-scaled.jpg","type":"image\/jpeg"}],"author":"AdminCDE","twitter_card":"summary_large_image","twitter_creator":"@cdeualmeria","twitter_site":"@cdeualmeria","twitter_misc":{"Written by":"AdminCDE","Est. reading time":"2 minutes"},"schema":{"@context":"https:\/\/schema.org","@graph":[{"@type":"Article","@id":"https:\/\/www.cde.ual.es\/en\/annual-research-conference-2022-how-to-turn-green-in-the-european-way\/#article","isPartOf":{"@id":"https:\/\/www.cde.ual.es\/en\/annual-research-conference-2022-how-to-turn-green-in-the-european-way\/"},"author":{"name":"AdminCDE","@id":"https:\/\/www.cde.ual.es\/#\/schema\/person\/224ef08c8bcc005f319d2713ce37ee5f"},"headline":"Annual Research Conference 2022 &#8211; How to turn green in the European way?","datePublished":"2022-09-14T08:51:18+00:00","mainEntityOfPage":{"@id":"https:\/\/www.cde.ual.es\/en\/annual-research-conference-2022-how-to-turn-green-in-the-european-way\/"},"wordCount":246,"commentCount":0,"publisher":{"@id":"https:\/\/www.cde.ual.es\/#organization"},"image":{"@id":"https:\/\/www.cde.ual.es\/en\/annual-research-conference-2022-how-to-turn-green-in-the-european-way\/#primaryimage"},"thumbnailUrl":"https:\/\/www.cde.ual.es\/wp-content\/uploads\/2022\/09\/ECFIN_JRC_ARC_2022_FB_1500X1500-002-scaled.jpg","keywords":["Annual Research Conference 2022","green","JRC"],"articleSection":["EU News","Production","Research and Innovation","Technology"],"inLanguage":"en-US","potentialAction":[{"@type":"CommentAction","name":"Comment","target":["https:\/\/www.cde.ual.es\/en\/annual-research-conference-2022-how-to-turn-green-in-the-european-way\/#respond"]}]},{"@type":"WebPage","@id":"https:\/\/www.cde.ual.es\/en\/annual-research-conference-2022-how-to-turn-green-in-the-european-way\/","url":"https:\/\/www.cde.ual.es\/en\/annual-research-conference-2022-how-to-turn-green-in-the-european-way\/","name":"Annual Research Conference 2022 - How to turn green in the European way? | CDE Almer\u00eda - Centro de Documentaci\u00f3n Europea - Universidad de Almer\u00eda","isPartOf":{"@id":"https:\/\/www.cde.ual.es\/#website"},"primaryImageOfPage":{"@id":"https:\/\/www.cde.ual.es\/en\/annual-research-conference-2022-how-to-turn-green-in-the-european-way\/#primaryimage"},"image":{"@id":"https:\/\/www.cde.ual.es\/en\/annual-research-conference-2022-how-to-turn-green-in-the-european-way\/#primaryimage"},"thumbnailUrl":"https:\/\/www.cde.ual.es\/wp-content\/uploads\/2022\/09\/ECFIN_JRC_ARC_2022_FB_1500X1500-002-scaled.jpg","datePublished":"2022-09-14T08:51:18+00:00","breadcrumb":{"@id":"https:\/\/www.cde.ual.es\/en\/annual-research-conference-2022-how-to-turn-green-in-the-european-way\/#breadcrumb"},"inLanguage":"en-US","potentialAction":[{"@type":"ReadAction","target":["https:\/\/www.cde.ual.es\/en\/annual-research-conference-2022-how-to-turn-green-in-the-european-way\/"]}]},{"@type":"ImageObject","inLanguage":"en-US","@id":"https:\/\/www.cde.ual.es\/en\/annual-research-conference-2022-how-to-turn-green-in-the-european-way\/#primaryimage","url":"https:\/\/www.cde.ual.es\/wp-content\/uploads\/2022\/09\/ECFIN_JRC_ARC_2022_FB_1500X1500-002-scaled.jpg","contentUrl":"https:\/\/www.cde.ual.es\/wp-content\/uploads\/2022\/09\/ECFIN_JRC_ARC_2022_FB_1500X1500-002-scaled.jpg","width":2560,"height":2560,"caption":"Conference 2022 picture"},{"@type":"BreadcrumbList","@id":"https:\/\/www.cde.ual.es\/en\/annual-research-conference-2022-how-to-turn-green-in-the-european-way\/#breadcrumb","itemListElement":[{"@type":"ListItem","position":1,"name":"Inicio","item":"https:\/\/www.cde.ual.es\/en\/"},{"@type":"ListItem","position":2,"name":"EU News","item":"https:\/\/www.cde.ual.es\/en\/category\/eu-news\/"},{"@type":"ListItem","position":3,"name":"Research and Innovation","item":"https:\/\/www.cde.ual.es\/en\/category\/eu-news\/research-innovation\/"},{"@type":"ListItem","position":4,"name":"Production","item":"https:\/\/www.cde.ual.es\/en\/category\/eu-news\/research-innovation\/production\/"},{"@type":"ListItem","position":5,"name":"Annual Research Conference 2022 &#8211; How to turn green in the European way?"}]},{"@type":"WebSite","@id":"https:\/\/www.cde.ual.es\/#website","url":"https:\/\/www.cde.ual.es\/","name":"CDE Almer\u00eda - Centro de Documentaci\u00f3n Europea - Universidad de Almer\u00eda","description":"Centro de Documentaci\u00f3n Europea de la Universidad de Almer\u00eda","publisher":{"@id":"https:\/\/www.cde.ual.es\/#organization"},"alternateName":"CDE Almer\u00eda","potentialAction":[{"@type":"SearchAction","target":{"@type":"EntryPoint","urlTemplate":"https:\/\/www.cde.ual.es\/?s={search_term_string}"},"query-input":{"@type":"PropertyValueSpecification","valueRequired":true,"valueName":"search_term_string"}}],"inLanguage":"en-US"},{"@type":"Organization","@id":"https:\/\/www.cde.ual.es\/#organization","name":"Centro de Documentaci\u00f3n Europea de Almer\u00eda","url":"https:\/\/www.cde.ual.es\/","logo":{"@type":"ImageObject","inLanguage":"en-US","@id":"https:\/\/www.cde.ual.es\/#\/schema\/logo\/image\/","url":"https:\/\/www.cde.ual.es\/wp-content\/uploads\/2025\/07\/cde-logo-3.png","contentUrl":"https:\/\/www.cde.ual.es\/wp-content\/uploads\/2025\/07\/cde-logo-3.png","width":1400,"height":300,"caption":"Centro de Documentaci\u00f3n Europea de Almer\u00eda"},"image":{"@id":"https:\/\/www.cde.ual.es\/#\/schema\/logo\/image\/"},"sameAs":["https:\/\/www.facebook.com\/cdeuniversidadalmeria\/","https:\/\/x.com\/cdeualmeria","https:\/\/www.tiktok.com\/@cdealmeria","https:\/\/www.instagram.com\/cdealmeria\/","https:\/\/www.linkedin.com\/in\/cde-almera-812b26a9\/"]},{"@type":"Person","@id":"https:\/\/www.cde.ual.es\/#\/schema\/person\/224ef08c8bcc005f319d2713ce37ee5f","name":"AdminCDE","image":{"@type":"ImageObject","inLanguage":"en-US","@id":"https:\/\/secure.gravatar.com\/avatar\/a72d038d371f995cd13706fac32274b7952a52e8fb0a84b5f80c85426f2a98a8?s=96&d=mm&r=g","url":"https:\/\/secure.gravatar.com\/avatar\/a72d038d371f995cd13706fac32274b7952a52e8fb0a84b5f80c85426f2a98a8?s=96&d=mm&r=g","contentUrl":"https:\/\/secure.gravatar.com\/avatar\/a72d038d371f995cd13706fac32274b7952a52e8fb0a84b5f80c85426f2a98a8?s=96&d=mm&r=g","caption":"AdminCDE"}}]}},"_links":{"self":[{"href":"https:\/\/www.cde.ual.es\/en\/wp-json\/wp\/v2\/posts\/118074","targetHints":{"allow":["GET"]}}],"collection":[{"href":"https:\/\/www.cde.ual.es\/en\/wp-json\/wp\/v2\/posts"}],"about":[{"href":"https:\/\/www.cde.ual.es\/en\/wp-json\/wp\/v2\/types\/post"}],"author":[{"embeddable":true,"href":"https:\/\/www.cde.ual.es\/en\/wp-json\/wp\/v2\/users\/1"}],"replies":[{"embeddable":true,"href":"https:\/\/www.cde.ual.es\/en\/wp-json\/wp\/v2\/comments?post=118074"}],"version-history":[{"count":1,"href":"https:\/\/www.cde.ual.es\/en\/wp-json\/wp\/v2\/posts\/118074\/revisions"}],"predecessor-version":[{"id":118086,"href":"https:\/\/www.cde.ual.es\/en\/wp-json\/wp\/v2\/posts\/118074\/revisions\/118086"}],"wp:featuredmedia":[{"embeddable":true,"href":"https:\/\/www.cde.ual.es\/en\/wp-json\/wp\/v2\/media\/118081"}],"wp:attachment":[{"href":"https:\/\/www.cde.ual.es\/en\/wp-json\/wp\/v2\/media?parent=118074"}],"wp:term":[{"taxonomy":"category","embeddable":true,"href":"https:\/\/www.cde.ual.es\/en\/wp-json\/wp\/v2\/categories?post=118074"},{"taxonomy":"post_tag","embeddable":true,"href":"https:\/\/www.cde.ual.es\/en\/wp-json\/wp\/v2\/tags?post=118074"}],"curies":[{"name":"wp","href":"https:\/\/api.w.org\/{rel}","templated":true}]}}