{"id":117880,"date":"2022-09-12T09:10:38","date_gmt":"2022-09-12T07:10:38","guid":{"rendered":"https:\/\/www.cde.ual.es\/?p=117880"},"modified":"2022-09-12T09:10:27","modified_gmt":"2022-09-12T07:10:27","slug":"eu-ministers-agree-statement-in-support-of-additional-e5-billion-assistance-for-ukraine","status":"publish","type":"post","link":"https:\/\/www.cde.ual.es\/en\/eu-ministers-agree-statement-in-support-of-additional-e5-billion-assistance-for-ukraine\/","title":{"rendered":"EU ministers agree statement in support of additional \u20ac5 billion assistance for Ukraine"},"content":{"rendered":"<p><a href=\"https:\/\/www.cde.ual.es\/wp-content\/uploads\/2022\/09\/money-515058_1920.jpg\"><img decoding=\"async\" class=\"aligncenter wp-image-117881\" src=\"https:\/\/www.cde.ual.es\/wp-content\/uploads\/2022\/09\/money-515058_1920.jpg\" alt=\"several cent coins\" width=\"528\" height=\"352\" srcset=\"https:\/\/www.cde.ual.es\/wp-content\/uploads\/2022\/09\/money-515058_1920.jpg 1920w, https:\/\/www.cde.ual.es\/wp-content\/uploads\/2022\/09\/money-515058_1920-300x200.jpg 300w, https:\/\/www.cde.ual.es\/wp-content\/uploads\/2022\/09\/money-515058_1920-1024x683.jpg 1024w, https:\/\/www.cde.ual.es\/wp-content\/uploads\/2022\/09\/money-515058_1920-768x512.jpg 768w, https:\/\/www.cde.ual.es\/wp-content\/uploads\/2022\/09\/money-515058_1920-1536x1024.jpg 1536w\" sizes=\"(max-width: 528px) 100vw, 528px\" \/><\/a><\/p>\n<p style=\"text-align: justify;\">EU finance ministers and Central Bank governors met with representatives of the European Commission and the ECB at the informal Ecofin Council meeting in Prague today. The finance ministers discussed the impact of the Russian aggression in Ukraine on the European economies and supported the swift adoption of additional financial assistance to Ukraine amounting to \u20ac5 billion.<\/p>\n<p style=\"text-align: justify;\">Following the agreement in July to provide \u20ac1 billion, EU finance ministers in Prague agreed to accelerate the next tranche of macro-financial assistance to Ukraine in the amount of \u20ac5 billion.<\/p>\n<blockquote>\n<div class=\"quote_txt\">\n<p>The new loan of \u20ac5 billion will be used for the day-to-day running of the state and to ensure the operation of the country&#8217;s critical infrastructure, such as offices, schools and hospitals. At the next Ecofin meetings, I will push for a swift agreement on the provision of the remaining three billion euros, for which we must also agree on the division of this amount into loans and grants.<\/p>\n<p><cite title=\"Zbyn\u011bk Stanjura, Minister of Finance of Czechia\">Zbyn\u011bk Stanjura, Minister of Finance of Czechia<\/cite><\/p>\n<\/div>\n<\/blockquote>\n<p style=\"text-align: justify;\">This financial assistance, once adopted, will complement other EU support to Ukraine in the humanitarian, development, customs and defense fields.<\/p>\n<p style=\"text-align: justify;\">During the debate on economic assistance to Ukraine, the finance ministers also discussed Ukraine&#8217;s post-war reconstruction.<\/p>\n<table style=\"width: 99.9988%; border-collapse: collapse; border-style: double; border-color: #001f7d;\" cellpadding=\"0,5\">\n<tbody>\n<tr>\n<td style=\"width: 100%;\"><a href=\"https:\/\/www.cde.ual.es\/en\/council-adopts-full-suspension-of-visa-facilitation-with-russia\/\" target=\"_blank\" rel=\"noopener\"><img decoding=\"async\" class=\"alignleft\" src=\"https:\/\/www.cde.ual.es\/wp-content\/uploads\/2022\/09\/visad-1024x683.jpg\" alt=\"\" width=\"201\" height=\"134\" \/><\/a><\/p>\n<h4 class=\"entry-title\"><a href=\"https:\/\/www.cde.ual.es\/en\/council-adopts-full-suspension-of-visa-facilitation-with-russia\/\" target=\"_blank\" rel=\"noopener\">Council adopts full suspension of visa facilitation with Russia<\/a><\/h4>\n<\/td>\n<\/tr>\n<\/tbody>\n<\/table>\n<h3 style=\"text-align: justify;\">Background<\/h3>\n<p style=\"text-align: justify;\">The EU-Ukraine Association Agreement, which entered into force on 1 September 2017, brings Ukraine and the EU closer together. In addition to promoting deeper political ties, stronger economic links and the respect for common values, the agreement has provided a framework for pursuing an ambitious reform agenda, focused on the fight against corruption, an independent judicial system, the rule of law, and a better business climate. The EU has shown continuous support for these reforms, which are crucial for attracting investments, boosting productivity and lifting the standards of living in the medium term.<\/p>\n<p style=\"text-align: justify;\">Among other support instruments, between 2014 and 2022 the EU supported Ukraine through several consecutive macro-financial assistance (MFA) operations that exceeded\u00a0<em>\u20ac\u00a0<\/em>7 billion of loans and grants.<\/p>\n<p style=\"text-align: justify;\">Russia\u2019s war in Ukraine is having a detrimental effect on Ukraine&#8217;s already precarious economic and financial stability. Inter alia, it has triggered a substantial outflow of capital.<\/p>\n<table style=\"width: 99.9988%; border-collapse: collapse; border-style: double; border-color: #001f7d;\" cellpadding=\"0,5\">\n<tbody>\n<tr>\n<td style=\"width: 100%;\"><a href=\"https:\/\/www.cde.ual.es\/ficha\/eu-ukraine-trade-and-investment-relations-and-the-impact-of-russias-war\/\" target=\"_blank\" rel=\"noopener\"><img decoding=\"async\" class=\"alignleft\" src=\"https:\/\/www.cde.ual.es\/wp-content\/uploads\/2022\/04\/EU-Ukraine-trade-and-investment-relations-and-the-impact-of-Russias-war-211x300.png\" alt=\"\" width=\"130\" height=\"185\" \/><\/a><\/p>\n<h4 class=\"entry-title\"><a href=\"https:\/\/www.cde.ual.es\/ficha\/eu-ukraine-trade-and-investment-relations-and-the-impact-of-russias-war\/\" target=\"_blank\" rel=\"noopener\">EU-Ukraine trade and investment relations and the impact of Russia\u2019s war<\/a><\/h4>\n<\/td>\n<\/tr>\n<\/tbody>\n<\/table>\n<h3 style=\"text-align: justify;\">More information<\/h3>\n<p style=\"text-align: justify;\"><a href=\"https:\/\/www.consilium.europa.eu\/en\/press\/press-releases\/2022\/09\/09\/eu-ministers-agree-statement-in-support-of-additional-5-billion-assistance-for-ukraine\/\" target=\"_blank\" rel=\"noopener\">European Council &#8211; News<\/a><\/p>\n","protected":false},"excerpt":{"rendered":"<p>EU finance ministers and Central Bank governors met with representatives of the European Commission and the ECB at the informal Ecofin Council meeting in Prague today. The finance ministers discussed the impact of the Russian aggression in Ukraine on the European economies and supported the swift adoption of additional financial assistance to Ukraine amounting to [&hellip;]<\/p>\n","protected":false},"author":101011,"featured_media":117881,"comment_status":"open","ping_status":"open","sticky":false,"template":"","format":"standard","meta":{"_acf_changed":false,"_relevanssi_hide_post":"","_relevanssi_hide_content":"","_relevanssi_pin_for_all":"","_relevanssi_pin_keywords":"","_relevanssi_unpin_keywords":"","_relevanssi_related_keywords":"","_relevanssi_related_include_ids":"","_relevanssi_related_exclude_ids":"","_relevanssi_related_no_append":"","_relevanssi_related_not_related":"","_relevanssi_related_posts":"","_relevanssi_noindex_reason":"","_monsterinsights_skip_tracking":false,"_monsterinsights_sitenote_active":false,"_monsterinsights_sitenote_note":"","_monsterinsights_sitenote_category":0,"_genesis_hide_title":false,"_genesis_hide_breadcrumbs":false,"_genesis_hide_singular_image":false,"_genesis_hide_footer_widgets":false,"_genesis_custom_body_class":"","_genesis_custom_post_class":"","_genesis_layout":"","footnotes":""},"categories":[4090,346,4088],"tags":[779,2853,4244,5005],"class_list":{"0":"post-117880","1":"post","2":"type-post","3":"status-publish","4":"format-standard","5":"has-post-thumbnail","7":"category-economy-finance","8":"category-eu-news","9":"category-market","10":"tag-eu-en","11":"tag-russia","12":"tag-statement","13":"tag-ukraine","14":"entry"},"acf":[],"yoast_head":"<!-- This site is optimized with the Yoast SEO plugin v27.4 - https:\/\/yoast.com\/product\/yoast-seo-wordpress\/ -->\n<title>EU ministers agree statement in support of additional \u20ac5 billion assistance for Ukraine | CDE Almer\u00eda - Centro de Documentaci\u00f3n Europea - Universidad de Almer\u00eda<\/title>\n<meta name=\"robots\" content=\"index, follow, max-snippet:-1, max-image-preview:large, max-video-preview:-1\" \/>\n<link rel=\"canonical\" href=\"https:\/\/www.cde.ual.es\/en\/eu-ministers-agree-statement-in-support-of-additional-e5-billion-assistance-for-ukraine\/\" \/>\n<meta property=\"og:locale\" content=\"en_US\" \/>\n<meta property=\"og:type\" content=\"article\" \/>\n<meta property=\"og:title\" content=\"EU ministers agree statement in support of additional \u20ac5 billion assistance for Ukraine | CDE Almer\u00eda - Centro de Documentaci\u00f3n Europea - Universidad de Almer\u00eda\" \/>\n<meta property=\"og:description\" content=\"EU finance ministers and Central Bank governors met with representatives of the European Commission and the ECB at the informal Ecofin Council meeting in Prague today. The finance ministers discussed the impact of the Russian aggression in Ukraine on the European economies and supported the swift adoption of additional financial assistance to Ukraine amounting to [&hellip;]\" \/>\n<meta property=\"og:url\" content=\"https:\/\/www.cde.ual.es\/en\/eu-ministers-agree-statement-in-support-of-additional-e5-billion-assistance-for-ukraine\/\" \/>\n<meta property=\"og:site_name\" content=\"CDE Almer\u00eda - Centro de Documentaci\u00f3n Europea - Universidad de Almer\u00eda\" \/>\n<meta property=\"article:publisher\" content=\"https:\/\/www.facebook.com\/cdeuniversidadalmeria\/\" \/>\n<meta property=\"article:published_time\" content=\"2022-09-12T07:10:38+00:00\" \/>\n<meta property=\"og:image\" content=\"https:\/\/www.cde.ual.es\/wp-content\/uploads\/2022\/09\/money-515058_1920.jpg\" \/>\n\t<meta property=\"og:image:width\" content=\"1920\" \/>\n\t<meta property=\"og:image:height\" content=\"1280\" \/>\n\t<meta property=\"og:image:type\" content=\"image\/jpeg\" \/>\n<meta name=\"author\" content=\"BECA 2 CDE\" \/>\n<meta name=\"twitter:card\" content=\"summary_large_image\" \/>\n<meta name=\"twitter:creator\" content=\"@cdeualmeria\" \/>\n<meta name=\"twitter:site\" content=\"@cdeualmeria\" \/>\n<meta name=\"twitter:label1\" content=\"Written by\" \/>\n\t<meta name=\"twitter:data1\" content=\"BECA 2 CDE\" \/>\n\t<meta name=\"twitter:label2\" content=\"Est. reading time\" \/>\n\t<meta name=\"twitter:data2\" content=\"3 minutes\" \/>\n<script type=\"application\/ld+json\" class=\"yoast-schema-graph\">{\"@context\":\"https:\\\/\\\/schema.org\",\"@graph\":[{\"@type\":\"Article\",\"@id\":\"https:\\\/\\\/www.cde.ual.es\\\/en\\\/eu-ministers-agree-statement-in-support-of-additional-e5-billion-assistance-for-ukraine\\\/#article\",\"isPartOf\":{\"@id\":\"https:\\\/\\\/www.cde.ual.es\\\/en\\\/eu-ministers-agree-statement-in-support-of-additional-e5-billion-assistance-for-ukraine\\\/\"},\"author\":{\"name\":\"BECA 2 CDE\",\"@id\":\"https:\\\/\\\/www.cde.ual.es\\\/#\\\/schema\\\/person\\\/ee46ebc19edfa19598c02cff83335acc\"},\"headline\":\"EU ministers agree statement in support of additional \u20ac5 billion assistance for Ukraine\",\"datePublished\":\"2022-09-12T07:10:38+00:00\",\"mainEntityOfPage\":{\"@id\":\"https:\\\/\\\/www.cde.ual.es\\\/en\\\/eu-ministers-agree-statement-in-support-of-additional-e5-billion-assistance-for-ukraine\\\/\"},\"wordCount\":383,\"commentCount\":0,\"publisher\":{\"@id\":\"https:\\\/\\\/www.cde.ual.es\\\/#organization\"},\"image\":{\"@id\":\"https:\\\/\\\/www.cde.ual.es\\\/en\\\/eu-ministers-agree-statement-in-support-of-additional-e5-billion-assistance-for-ukraine\\\/#primaryimage\"},\"thumbnailUrl\":\"https:\\\/\\\/www.cde.ual.es\\\/wp-content\\\/uploads\\\/2022\\\/09\\\/money-515058_1920.jpg\",\"keywords\":[\"EU\",\"russia\",\"Statement\",\"ukraine\"],\"articleSection\":[\"Economy and Finance\",\"EU News\",\"Market\"],\"inLanguage\":\"en-US\",\"potentialAction\":[{\"@type\":\"CommentAction\",\"name\":\"Comment\",\"target\":[\"https:\\\/\\\/www.cde.ual.es\\\/en\\\/eu-ministers-agree-statement-in-support-of-additional-e5-billion-assistance-for-ukraine\\\/#respond\"]}]},{\"@type\":\"WebPage\",\"@id\":\"https:\\\/\\\/www.cde.ual.es\\\/en\\\/eu-ministers-agree-statement-in-support-of-additional-e5-billion-assistance-for-ukraine\\\/\",\"url\":\"https:\\\/\\\/www.cde.ual.es\\\/en\\\/eu-ministers-agree-statement-in-support-of-additional-e5-billion-assistance-for-ukraine\\\/\",\"name\":\"EU ministers agree statement in support of additional \u20ac5 billion assistance for Ukraine | CDE Almer\u00eda - Centro de Documentaci\u00f3n Europea - Universidad de Almer\u00eda\",\"isPartOf\":{\"@id\":\"https:\\\/\\\/www.cde.ual.es\\\/#website\"},\"primaryImageOfPage\":{\"@id\":\"https:\\\/\\\/www.cde.ual.es\\\/en\\\/eu-ministers-agree-statement-in-support-of-additional-e5-billion-assistance-for-ukraine\\\/#primaryimage\"},\"image\":{\"@id\":\"https:\\\/\\\/www.cde.ual.es\\\/en\\\/eu-ministers-agree-statement-in-support-of-additional-e5-billion-assistance-for-ukraine\\\/#primaryimage\"},\"thumbnailUrl\":\"https:\\\/\\\/www.cde.ual.es\\\/wp-content\\\/uploads\\\/2022\\\/09\\\/money-515058_1920.jpg\",\"datePublished\":\"2022-09-12T07:10:38+00:00\",\"breadcrumb\":{\"@id\":\"https:\\\/\\\/www.cde.ual.es\\\/en\\\/eu-ministers-agree-statement-in-support-of-additional-e5-billion-assistance-for-ukraine\\\/#breadcrumb\"},\"inLanguage\":\"en-US\",\"potentialAction\":[{\"@type\":\"ReadAction\",\"target\":[\"https:\\\/\\\/www.cde.ual.es\\\/en\\\/eu-ministers-agree-statement-in-support-of-additional-e5-billion-assistance-for-ukraine\\\/\"]}]},{\"@type\":\"ImageObject\",\"inLanguage\":\"en-US\",\"@id\":\"https:\\\/\\\/www.cde.ual.es\\\/en\\\/eu-ministers-agree-statement-in-support-of-additional-e5-billion-assistance-for-ukraine\\\/#primaryimage\",\"url\":\"https:\\\/\\\/www.cde.ual.es\\\/wp-content\\\/uploads\\\/2022\\\/09\\\/money-515058_1920.jpg\",\"contentUrl\":\"https:\\\/\\\/www.cde.ual.es\\\/wp-content\\\/uploads\\\/2022\\\/09\\\/money-515058_1920.jpg\",\"width\":1920,\"height\":1280,\"caption\":\"monta\u00f1a de monedas\"},{\"@type\":\"BreadcrumbList\",\"@id\":\"https:\\\/\\\/www.cde.ual.es\\\/en\\\/eu-ministers-agree-statement-in-support-of-additional-e5-billion-assistance-for-ukraine\\\/#breadcrumb\",\"itemListElement\":[{\"@type\":\"ListItem\",\"position\":1,\"name\":\"Inicio\",\"item\":\"https:\\\/\\\/www.cde.ual.es\\\/en\\\/\"},{\"@type\":\"ListItem\",\"position\":2,\"name\":\"EU News\",\"item\":\"https:\\\/\\\/www.cde.ual.es\\\/en\\\/category\\\/eu-news\\\/\"},{\"@type\":\"ListItem\",\"position\":3,\"name\":\"Market\",\"item\":\"https:\\\/\\\/www.cde.ual.es\\\/en\\\/category\\\/eu-news\\\/market\\\/\"},{\"@type\":\"ListItem\",\"position\":4,\"name\":\"Economy and Finance\",\"item\":\"https:\\\/\\\/www.cde.ual.es\\\/en\\\/category\\\/eu-news\\\/market\\\/economy-finance\\\/\"},{\"@type\":\"ListItem\",\"position\":5,\"name\":\"EU ministers agree statement in support of additional \u20ac5 billion assistance for Ukraine\"}]},{\"@type\":\"WebSite\",\"@id\":\"https:\\\/\\\/www.cde.ual.es\\\/#website\",\"url\":\"https:\\\/\\\/www.cde.ual.es\\\/\",\"name\":\"CDE Almer\u00eda - Centro de Documentaci\u00f3n Europea - Universidad de Almer\u00eda\",\"description\":\"Centro de Documentaci\u00f3n Europea de la Universidad de Almer\u00eda\",\"publisher\":{\"@id\":\"https:\\\/\\\/www.cde.ual.es\\\/#organization\"},\"alternateName\":\"CDE Almer\u00eda\",\"potentialAction\":[{\"@type\":\"SearchAction\",\"target\":{\"@type\":\"EntryPoint\",\"urlTemplate\":\"https:\\\/\\\/www.cde.ual.es\\\/?s={search_term_string}\"},\"query-input\":{\"@type\":\"PropertyValueSpecification\",\"valueRequired\":true,\"valueName\":\"search_term_string\"}}],\"inLanguage\":\"en-US\"},{\"@type\":\"Organization\",\"@id\":\"https:\\\/\\\/www.cde.ual.es\\\/#organization\",\"name\":\"Centro de Documentaci\u00f3n Europea de Almer\u00eda\",\"url\":\"https:\\\/\\\/www.cde.ual.es\\\/\",\"logo\":{\"@type\":\"ImageObject\",\"inLanguage\":\"en-US\",\"@id\":\"https:\\\/\\\/www.cde.ual.es\\\/#\\\/schema\\\/logo\\\/image\\\/\",\"url\":\"https:\\\/\\\/www.cde.ual.es\\\/wp-content\\\/uploads\\\/2025\\\/07\\\/cde-logo-3.png\",\"contentUrl\":\"https:\\\/\\\/www.cde.ual.es\\\/wp-content\\\/uploads\\\/2025\\\/07\\\/cde-logo-3.png\",\"width\":1400,\"height\":300,\"caption\":\"Centro de Documentaci\u00f3n Europea de Almer\u00eda\"},\"image\":{\"@id\":\"https:\\\/\\\/www.cde.ual.es\\\/#\\\/schema\\\/logo\\\/image\\\/\"},\"sameAs\":[\"https:\\\/\\\/www.facebook.com\\\/cdeuniversidadalmeria\\\/\",\"https:\\\/\\\/x.com\\\/cdeualmeria\",\"https:\\\/\\\/www.tiktok.com\\\/@cdealmeria\",\"https:\\\/\\\/www.instagram.com\\\/cdealmeria\\\/\",\"https:\\\/\\\/www.linkedin.com\\\/in\\\/cde-almera-812b26a9\\\/\"]},{\"@type\":\"Person\",\"@id\":\"https:\\\/\\\/www.cde.ual.es\\\/#\\\/schema\\\/person\\\/ee46ebc19edfa19598c02cff83335acc\",\"name\":\"BECA 2 CDE\",\"image\":{\"@type\":\"ImageObject\",\"inLanguage\":\"en-US\",\"@id\":\"https:\\\/\\\/secure.gravatar.com\\\/avatar\\\/35a481bbc04bbd90e91bdfa3b0b5541036c222a49b9ad37b6889a2afcb5311a5?s=96&d=mm&r=g\",\"url\":\"https:\\\/\\\/secure.gravatar.com\\\/avatar\\\/35a481bbc04bbd90e91bdfa3b0b5541036c222a49b9ad37b6889a2afcb5311a5?s=96&d=mm&r=g\",\"contentUrl\":\"https:\\\/\\\/secure.gravatar.com\\\/avatar\\\/35a481bbc04bbd90e91bdfa3b0b5541036c222a49b9ad37b6889a2afcb5311a5?s=96&d=mm&r=g\",\"caption\":\"BECA 2 CDE\"},\"sameAs\":[\"http:\\\/\\\/www.cdealmeria.com\"]}]}<\/script>\n<!-- \/ Yoast SEO plugin. -->","yoast_head_json":{"title":"EU ministers agree statement in support of additional \u20ac5 billion assistance for Ukraine | CDE Almer\u00eda - Centro de Documentaci\u00f3n Europea - Universidad de Almer\u00eda","robots":{"index":"index","follow":"follow","max-snippet":"max-snippet:-1","max-image-preview":"max-image-preview:large","max-video-preview":"max-video-preview:-1"},"canonical":"https:\/\/www.cde.ual.es\/en\/eu-ministers-agree-statement-in-support-of-additional-e5-billion-assistance-for-ukraine\/","og_locale":"en_US","og_type":"article","og_title":"EU ministers agree statement in support of additional \u20ac5 billion assistance for Ukraine | CDE Almer\u00eda - Centro de Documentaci\u00f3n Europea - Universidad de Almer\u00eda","og_description":"EU finance ministers and Central Bank governors met with representatives of the European Commission and the ECB at the informal Ecofin Council meeting in Prague today. The finance ministers discussed the impact of the Russian aggression in Ukraine on the European economies and supported the swift adoption of additional financial assistance to Ukraine amounting to [&hellip;]","og_url":"https:\/\/www.cde.ual.es\/en\/eu-ministers-agree-statement-in-support-of-additional-e5-billion-assistance-for-ukraine\/","og_site_name":"CDE Almer\u00eda - Centro de Documentaci\u00f3n Europea - Universidad de Almer\u00eda","article_publisher":"https:\/\/www.facebook.com\/cdeuniversidadalmeria\/","article_published_time":"2022-09-12T07:10:38+00:00","og_image":[{"width":1920,"height":1280,"url":"https:\/\/www.cde.ual.es\/wp-content\/uploads\/2022\/09\/money-515058_1920.jpg","type":"image\/jpeg"}],"author":"BECA 2 CDE","twitter_card":"summary_large_image","twitter_creator":"@cdeualmeria","twitter_site":"@cdeualmeria","twitter_misc":{"Written by":"BECA 2 CDE","Est. reading time":"3 minutes"},"schema":{"@context":"https:\/\/schema.org","@graph":[{"@type":"Article","@id":"https:\/\/www.cde.ual.es\/en\/eu-ministers-agree-statement-in-support-of-additional-e5-billion-assistance-for-ukraine\/#article","isPartOf":{"@id":"https:\/\/www.cde.ual.es\/en\/eu-ministers-agree-statement-in-support-of-additional-e5-billion-assistance-for-ukraine\/"},"author":{"name":"BECA 2 CDE","@id":"https:\/\/www.cde.ual.es\/#\/schema\/person\/ee46ebc19edfa19598c02cff83335acc"},"headline":"EU ministers agree statement in support of additional \u20ac5 billion assistance for Ukraine","datePublished":"2022-09-12T07:10:38+00:00","mainEntityOfPage":{"@id":"https:\/\/www.cde.ual.es\/en\/eu-ministers-agree-statement-in-support-of-additional-e5-billion-assistance-for-ukraine\/"},"wordCount":383,"commentCount":0,"publisher":{"@id":"https:\/\/www.cde.ual.es\/#organization"},"image":{"@id":"https:\/\/www.cde.ual.es\/en\/eu-ministers-agree-statement-in-support-of-additional-e5-billion-assistance-for-ukraine\/#primaryimage"},"thumbnailUrl":"https:\/\/www.cde.ual.es\/wp-content\/uploads\/2022\/09\/money-515058_1920.jpg","keywords":["EU","russia","Statement","ukraine"],"articleSection":["Economy and Finance","EU News","Market"],"inLanguage":"en-US","potentialAction":[{"@type":"CommentAction","name":"Comment","target":["https:\/\/www.cde.ual.es\/en\/eu-ministers-agree-statement-in-support-of-additional-e5-billion-assistance-for-ukraine\/#respond"]}]},{"@type":"WebPage","@id":"https:\/\/www.cde.ual.es\/en\/eu-ministers-agree-statement-in-support-of-additional-e5-billion-assistance-for-ukraine\/","url":"https:\/\/www.cde.ual.es\/en\/eu-ministers-agree-statement-in-support-of-additional-e5-billion-assistance-for-ukraine\/","name":"EU ministers agree statement in support of additional \u20ac5 billion assistance for Ukraine | CDE Almer\u00eda - Centro de Documentaci\u00f3n Europea - Universidad de Almer\u00eda","isPartOf":{"@id":"https:\/\/www.cde.ual.es\/#website"},"primaryImageOfPage":{"@id":"https:\/\/www.cde.ual.es\/en\/eu-ministers-agree-statement-in-support-of-additional-e5-billion-assistance-for-ukraine\/#primaryimage"},"image":{"@id":"https:\/\/www.cde.ual.es\/en\/eu-ministers-agree-statement-in-support-of-additional-e5-billion-assistance-for-ukraine\/#primaryimage"},"thumbnailUrl":"https:\/\/www.cde.ual.es\/wp-content\/uploads\/2022\/09\/money-515058_1920.jpg","datePublished":"2022-09-12T07:10:38+00:00","breadcrumb":{"@id":"https:\/\/www.cde.ual.es\/en\/eu-ministers-agree-statement-in-support-of-additional-e5-billion-assistance-for-ukraine\/#breadcrumb"},"inLanguage":"en-US","potentialAction":[{"@type":"ReadAction","target":["https:\/\/www.cde.ual.es\/en\/eu-ministers-agree-statement-in-support-of-additional-e5-billion-assistance-for-ukraine\/"]}]},{"@type":"ImageObject","inLanguage":"en-US","@id":"https:\/\/www.cde.ual.es\/en\/eu-ministers-agree-statement-in-support-of-additional-e5-billion-assistance-for-ukraine\/#primaryimage","url":"https:\/\/www.cde.ual.es\/wp-content\/uploads\/2022\/09\/money-515058_1920.jpg","contentUrl":"https:\/\/www.cde.ual.es\/wp-content\/uploads\/2022\/09\/money-515058_1920.jpg","width":1920,"height":1280,"caption":"monta\u00f1a de monedas"},{"@type":"BreadcrumbList","@id":"https:\/\/www.cde.ual.es\/en\/eu-ministers-agree-statement-in-support-of-additional-e5-billion-assistance-for-ukraine\/#breadcrumb","itemListElement":[{"@type":"ListItem","position":1,"name":"Inicio","item":"https:\/\/www.cde.ual.es\/en\/"},{"@type":"ListItem","position":2,"name":"EU News","item":"https:\/\/www.cde.ual.es\/en\/category\/eu-news\/"},{"@type":"ListItem","position":3,"name":"Market","item":"https:\/\/www.cde.ual.es\/en\/category\/eu-news\/market\/"},{"@type":"ListItem","position":4,"name":"Economy and Finance","item":"https:\/\/www.cde.ual.es\/en\/category\/eu-news\/market\/economy-finance\/"},{"@type":"ListItem","position":5,"name":"EU ministers agree statement in support of additional \u20ac5 billion assistance for Ukraine"}]},{"@type":"WebSite","@id":"https:\/\/www.cde.ual.es\/#website","url":"https:\/\/www.cde.ual.es\/","name":"CDE Almer\u00eda - Centro de Documentaci\u00f3n Europea - Universidad de Almer\u00eda","description":"Centro de Documentaci\u00f3n Europea de la Universidad de Almer\u00eda","publisher":{"@id":"https:\/\/www.cde.ual.es\/#organization"},"alternateName":"CDE Almer\u00eda","potentialAction":[{"@type":"SearchAction","target":{"@type":"EntryPoint","urlTemplate":"https:\/\/www.cde.ual.es\/?s={search_term_string}"},"query-input":{"@type":"PropertyValueSpecification","valueRequired":true,"valueName":"search_term_string"}}],"inLanguage":"en-US"},{"@type":"Organization","@id":"https:\/\/www.cde.ual.es\/#organization","name":"Centro de Documentaci\u00f3n Europea de Almer\u00eda","url":"https:\/\/www.cde.ual.es\/","logo":{"@type":"ImageObject","inLanguage":"en-US","@id":"https:\/\/www.cde.ual.es\/#\/schema\/logo\/image\/","url":"https:\/\/www.cde.ual.es\/wp-content\/uploads\/2025\/07\/cde-logo-3.png","contentUrl":"https:\/\/www.cde.ual.es\/wp-content\/uploads\/2025\/07\/cde-logo-3.png","width":1400,"height":300,"caption":"Centro de Documentaci\u00f3n Europea de Almer\u00eda"},"image":{"@id":"https:\/\/www.cde.ual.es\/#\/schema\/logo\/image\/"},"sameAs":["https:\/\/www.facebook.com\/cdeuniversidadalmeria\/","https:\/\/x.com\/cdeualmeria","https:\/\/www.tiktok.com\/@cdealmeria","https:\/\/www.instagram.com\/cdealmeria\/","https:\/\/www.linkedin.com\/in\/cde-almera-812b26a9\/"]},{"@type":"Person","@id":"https:\/\/www.cde.ual.es\/#\/schema\/person\/ee46ebc19edfa19598c02cff83335acc","name":"BECA 2 CDE","image":{"@type":"ImageObject","inLanguage":"en-US","@id":"https:\/\/secure.gravatar.com\/avatar\/35a481bbc04bbd90e91bdfa3b0b5541036c222a49b9ad37b6889a2afcb5311a5?s=96&d=mm&r=g","url":"https:\/\/secure.gravatar.com\/avatar\/35a481bbc04bbd90e91bdfa3b0b5541036c222a49b9ad37b6889a2afcb5311a5?s=96&d=mm&r=g","contentUrl":"https:\/\/secure.gravatar.com\/avatar\/35a481bbc04bbd90e91bdfa3b0b5541036c222a49b9ad37b6889a2afcb5311a5?s=96&d=mm&r=g","caption":"BECA 2 CDE"},"sameAs":["http:\/\/www.cdealmeria.com"]}]}},"_links":{"self":[{"href":"https:\/\/www.cde.ual.es\/en\/wp-json\/wp\/v2\/posts\/117880","targetHints":{"allow":["GET"]}}],"collection":[{"href":"https:\/\/www.cde.ual.es\/en\/wp-json\/wp\/v2\/posts"}],"about":[{"href":"https:\/\/www.cde.ual.es\/en\/wp-json\/wp\/v2\/types\/post"}],"author":[{"embeddable":true,"href":"https:\/\/www.cde.ual.es\/en\/wp-json\/wp\/v2\/users\/101011"}],"replies":[{"embeddable":true,"href":"https:\/\/www.cde.ual.es\/en\/wp-json\/wp\/v2\/comments?post=117880"}],"version-history":[{"count":4,"href":"https:\/\/www.cde.ual.es\/en\/wp-json\/wp\/v2\/posts\/117880\/revisions"}],"predecessor-version":[{"id":117886,"href":"https:\/\/www.cde.ual.es\/en\/wp-json\/wp\/v2\/posts\/117880\/revisions\/117886"}],"wp:featuredmedia":[{"embeddable":true,"href":"https:\/\/www.cde.ual.es\/en\/wp-json\/wp\/v2\/media\/117881"}],"wp:attachment":[{"href":"https:\/\/www.cde.ual.es\/en\/wp-json\/wp\/v2\/media?parent=117880"}],"wp:term":[{"taxonomy":"category","embeddable":true,"href":"https:\/\/www.cde.ual.es\/en\/wp-json\/wp\/v2\/categories?post=117880"},{"taxonomy":"post_tag","embeddable":true,"href":"https:\/\/www.cde.ual.es\/en\/wp-json\/wp\/v2\/tags?post=117880"}],"curies":[{"name":"wp","href":"https:\/\/api.w.org\/{rel}","templated":true}]}}