{"id":117675,"date":"2022-09-08T13:26:15","date_gmt":"2022-09-08T11:26:15","guid":{"rendered":"https:\/\/www.cde.ual.es\/?p=117675"},"modified":"2022-10-21T10:09:20","modified_gmt":"2022-10-21T08:09:20","slug":"european-conference-in-malaga-dual-use-technologies-2022-cyber-security-and-digital-applications-in-defence","status":"publish","type":"post","link":"https:\/\/www.cde.ual.es\/en\/european-conference-in-malaga-dual-use-technologies-2022-cyber-security-and-digital-applications-in-defence\/","title":{"rendered":"European Conference in M\u00e1laga: Dual Use Technologies 2022 &#8211; Cyber Security and Digital Applications in Defence"},"content":{"rendered":"<p style=\"text-align: justify;\"><strong>The European Commission and IDEA (the Agency of Innovation and Development of Andalusia) bring together, in a joint ENDR event, a wide range of participants from defence\/security-related businesses, national and European authorities, knowledge institutions and cluster organisations.<\/strong><\/p>\n<p style=\"text-align: justify;\"><a href=\"https:\/\/www.cde.ual.es\/wp-content\/uploads\/2022\/09\/conference-image.jpg\"><img decoding=\"async\" class=\" wp-image-117677 aligncenter\" src=\"https:\/\/www.cde.ual.es\/wp-content\/uploads\/2022\/09\/conference-image.jpg\" alt=\"\" width=\"527\" height=\"297\" srcset=\"https:\/\/www.cde.ual.es\/wp-content\/uploads\/2022\/09\/conference-image.jpg 680w, https:\/\/www.cde.ual.es\/wp-content\/uploads\/2022\/09\/conference-image-300x169.jpg 300w\" sizes=\"(max-width: 527px) 100vw, 527px\" \/><\/a><\/p>\n<p style=\"text-align: justify;\">This fully on-site international event is focused on cybersecurity and cyber defence as well as other digital technologies (robotics, big data, artificial intelligence, autonomous systems, and sensors) of key importance for defence.<\/p>\n<h3 style=\"text-align: justify;\">What is offered to participants?<\/h3>\n<ul style=\"text-align: justify;\">\n<li>Be part of the debate on cyber security and cyber defence developments;<\/li>\n<li>B2B meetings. Technology challenges on cybersecurity shared by corporations;<\/li>\n<li>Up-to-date information on relevant EU policies and funding opportunities (European Defence Fund, Digital Europe and Horizon Europe);<\/li>\n<li>Visit local actors who play a leading role in the M\u00e1laga ecosystem.<\/li>\n<\/ul>\n<p style=\"text-align: justify;\">Participation in this event is free of charge, 100% on-site and for organisations based in any EU country.<\/p>\n<h3 style=\"text-align: justify;\">B2B meetings: how does it work?<\/h3>\n<ol style=\"text-align: justify;\">\n<li>Register via the registration button and activate your availability for the B2B meetings.<\/li>\n<li>Publish your business profile with your collaboration objectives adding &#8220;opportunities&#8221; at the marketplace section.<\/li>\n<li>Browse the opportunities visiting the participant list and the marketplace.<\/li>\n<li>Visit the technology challenges published by corporations.<\/li>\n<li>Book meetings with the corporations and the rest of organizations you are interested in.<\/li>\n<\/ol>\n<h3 style=\"text-align: justify;\">Deadlines<\/h3>\n<ul style=\"text-align: justify;\">\n<li>Registration: 26th July &#8211; 14th November.<\/li>\n<li>Book B2B meetings: 19th September &#8211; 16th November.<\/li>\n<li>Book B2B meetings with corporations: 19th September &#8211; 31st October.<\/li>\n<li>Submit your application to pitch (by filling in the form during the registration process). Before 14th October.<\/li>\n<\/ul>\n<h3 style=\"text-align: justify;\">Can you solve any of these challenges?<\/h3>\n<p style=\"text-align: justify;\">In this section you can find the technology challenges published by corporations.<\/p>\n<p style=\"text-align: justify;\">Participating in these challenges will allow your entity to have a one-to-one meeting opportunity and present your solution.<\/p>\n<p style=\"text-align: justify;\">The challenges will facilitate the establishment of collaborations between large corporations and innovative SMEs in order to accelerate the market uptake of advanced technologies.<\/p>\n<p style=\"text-align: justify;\">You are invited to request a meeting to present your solutions during the B2B meetings (Booking period: 19th September- 31st October).<\/p>\n<p style=\"text-align: justify;\">Be aware that these corporations will receive numerous requests of meetings. To maximize the likelihood to get your request accepted, create a strong profile and describe as precisely as possible how your solution will face the corresponding technology challenge.<\/p>\n<h3 style=\"text-align: justify;\">Cybersecurity on dynamic MultiCloud &#8211; Navantia<\/h3>\n<p style=\"text-align: justify;\"><a href=\"https:\/\/www.cde.ual.es\/wp-content\/uploads\/2022\/09\/navantia-1.jpg\"><img decoding=\"async\" class=\" wp-image-117679 aligncenter\" src=\"https:\/\/www.cde.ual.es\/wp-content\/uploads\/2022\/09\/navantia-1-1024x576.jpg\" alt=\"\" width=\"529\" height=\"297\" srcset=\"https:\/\/www.cde.ual.es\/wp-content\/uploads\/2022\/09\/navantia-1-1024x576.jpg 1024w, https:\/\/www.cde.ual.es\/wp-content\/uploads\/2022\/09\/navantia-1-300x169.jpg 300w, https:\/\/www.cde.ual.es\/wp-content\/uploads\/2022\/09\/navantia-1-768x432.jpg 768w, https:\/\/www.cde.ual.es\/wp-content\/uploads\/2022\/09\/navantia-1-1280x720.jpg 1280w, https:\/\/www.cde.ual.es\/wp-content\/uploads\/2022\/09\/navantia-1-1536x864.jpg 1536w, https:\/\/www.cde.ual.es\/wp-content\/uploads\/2022\/09\/navantia-1.jpg 1920w\" sizes=\"(max-width: 529px) 100vw, 529px\" \/><\/a><\/p>\n<h3 style=\"text-align: justify;\"><strong>Quantum computational &#8211; Navantia<\/strong><\/h3>\n<p style=\"text-align: justify;\"><a href=\"https:\/\/www.cde.ual.es\/wp-content\/uploads\/2022\/09\/navantia-2.jpg\"><img decoding=\"async\" class=\" wp-image-117681 aligncenter\" src=\"https:\/\/www.cde.ual.es\/wp-content\/uploads\/2022\/09\/navantia-2-1024x576.jpg\" alt=\"\" width=\"528\" height=\"297\" srcset=\"https:\/\/www.cde.ual.es\/wp-content\/uploads\/2022\/09\/navantia-2-1024x576.jpg 1024w, https:\/\/www.cde.ual.es\/wp-content\/uploads\/2022\/09\/navantia-2-300x169.jpg 300w, https:\/\/www.cde.ual.es\/wp-content\/uploads\/2022\/09\/navantia-2-768x432.jpg 768w, https:\/\/www.cde.ual.es\/wp-content\/uploads\/2022\/09\/navantia-2-1280x720.jpg 1280w, https:\/\/www.cde.ual.es\/wp-content\/uploads\/2022\/09\/navantia-2-1536x864.jpg 1536w, https:\/\/www.cde.ual.es\/wp-content\/uploads\/2022\/09\/navantia-2.jpg 1920w\" sizes=\"(max-width: 528px) 100vw, 528px\" \/><\/a><\/p>\n<h3 style=\"text-align: justify;\"><strong>Integration of intelligence extraction tools over network traffic sessions flows &#8211; Telef\u00f3nica Tech<\/strong><\/h3>\n<p style=\"text-align: justify;\"><a href=\"https:\/\/www.cde.ual.es\/wp-content\/uploads\/2022\/09\/Telefonica-tech.jpg\"><img decoding=\"async\" class=\" wp-image-117683 aligncenter\" src=\"https:\/\/www.cde.ual.es\/wp-content\/uploads\/2022\/09\/Telefonica-tech-1024x576.jpg\" alt=\"\" width=\"535\" height=\"301\" srcset=\"https:\/\/www.cde.ual.es\/wp-content\/uploads\/2022\/09\/Telefonica-tech-1024x576.jpg 1024w, https:\/\/www.cde.ual.es\/wp-content\/uploads\/2022\/09\/Telefonica-tech-300x169.jpg 300w, https:\/\/www.cde.ual.es\/wp-content\/uploads\/2022\/09\/Telefonica-tech-768x432.jpg 768w, https:\/\/www.cde.ual.es\/wp-content\/uploads\/2022\/09\/Telefonica-tech-1280x720.jpg 1280w, https:\/\/www.cde.ual.es\/wp-content\/uploads\/2022\/09\/Telefonica-tech-1536x864.jpg 1536w, https:\/\/www.cde.ual.es\/wp-content\/uploads\/2022\/09\/Telefonica-tech.jpg 1920w\" sizes=\"(max-width: 535px) 100vw, 535px\" \/><\/a><\/p>\n<h3 style=\"text-align: justify;\"><strong>Disinformation warfare and grey zone &#8211;\u00a0AIRBUS Defense &amp; Space\u00a0<\/strong><\/h3>\n<p style=\"text-align: justify;\"><a href=\"https:\/\/www.cde.ual.es\/wp-content\/uploads\/2022\/09\/aribus.jpg\"><img decoding=\"async\" class=\" wp-image-117685 aligncenter\" src=\"https:\/\/www.cde.ual.es\/wp-content\/uploads\/2022\/09\/aribus-1024x576.jpg\" alt=\"\" width=\"531\" height=\"299\" srcset=\"https:\/\/www.cde.ual.es\/wp-content\/uploads\/2022\/09\/aribus-1024x576.jpg 1024w, https:\/\/www.cde.ual.es\/wp-content\/uploads\/2022\/09\/aribus-300x169.jpg 300w, https:\/\/www.cde.ual.es\/wp-content\/uploads\/2022\/09\/aribus-768x432.jpg 768w, https:\/\/www.cde.ual.es\/wp-content\/uploads\/2022\/09\/aribus-1280x720.jpg 1280w, https:\/\/www.cde.ual.es\/wp-content\/uploads\/2022\/09\/aribus-1536x864.jpg 1536w, https:\/\/www.cde.ual.es\/wp-content\/uploads\/2022\/09\/aribus.jpg 1920w\" sizes=\"(max-width: 531px) 100vw, 531px\" \/><\/a><\/p>\n<h3 style=\"text-align: justify;\"><strong>Cooperative cyber and data-centric security &#8211; AIRBUS Defense &amp; Space\u00a0\u00a0<\/strong><\/h3>\n<p style=\"text-align: justify;\"><a href=\"https:\/\/www.cde.ual.es\/wp-content\/uploads\/2022\/09\/airbus-2.jpg\"><img decoding=\"async\" class=\" wp-image-117687 aligncenter\" src=\"https:\/\/www.cde.ual.es\/wp-content\/uploads\/2022\/09\/airbus-2-1024x576.jpg\" alt=\"\" width=\"533\" height=\"300\" srcset=\"https:\/\/www.cde.ual.es\/wp-content\/uploads\/2022\/09\/airbus-2-1024x576.jpg 1024w, https:\/\/www.cde.ual.es\/wp-content\/uploads\/2022\/09\/airbus-2-300x169.jpg 300w, https:\/\/www.cde.ual.es\/wp-content\/uploads\/2022\/09\/airbus-2-768x432.jpg 768w, https:\/\/www.cde.ual.es\/wp-content\/uploads\/2022\/09\/airbus-2-1280x720.jpg 1280w, https:\/\/www.cde.ual.es\/wp-content\/uploads\/2022\/09\/airbus-2-1536x864.jpg 1536w, https:\/\/www.cde.ual.es\/wp-content\/uploads\/2022\/09\/airbus-2.jpg 1920w\" sizes=\"(max-width: 533px) 100vw, 533px\" \/><\/a><\/p>\n<p style=\"text-align: justify;\"><strong>More information: <a href=\"https:\/\/dualuse2022.b2match.io\/page-1331\">Conference website<\/a><\/strong><\/p>\n","protected":false},"excerpt":{"rendered":"<p>The European Commission and IDEA (the Agency of Innovation and Development of Andalusia) bring together, in a joint ENDR event, a wide range of participants from defence\/security-related businesses, national and European authorities, knowledge institutions and cluster organisations. This fully on-site international event is focused on cybersecurity and cyber defence as well as other digital technologies [&hellip;]<\/p>\n","protected":false},"author":1,"featured_media":117677,"comment_status":"open","ping_status":"open","sticky":false,"template":"","format":"standard","meta":{"_acf_changed":false,"_relevanssi_hide_post":"","_relevanssi_hide_content":"","_relevanssi_pin_for_all":"","_relevanssi_pin_keywords":"","_relevanssi_unpin_keywords":"","_relevanssi_related_keywords":"","_relevanssi_related_include_ids":"","_relevanssi_related_exclude_ids":"","_relevanssi_related_no_append":"","_relevanssi_related_not_related":"","_relevanssi_related_posts":"","_relevanssi_noindex_reason":"","_monsterinsights_skip_tracking":false,"_monsterinsights_sitenote_active":false,"_monsterinsights_sitenote_note":"","_monsterinsights_sitenote_category":0,"_genesis_hide_title":false,"_genesis_hide_breadcrumbs":false,"_genesis_hide_singular_image":false,"_genesis_hide_footer_widgets":false,"_genesis_custom_body_class":"","_genesis_custom_post_class":"","_genesis_layout":"","footnotes":""},"categories":[4076,4075,346],"tags":[2144,548,1357,7093,7091,7092],"class_list":{"0":"post-117675","1":"post","2":"type-post","3":"status-publish","4":"format-standard","5":"has-post-thumbnail","7":"category-cybersec","8":"category-defence-security","9":"category-eu-news","10":"tag-airbus","11":"tag-cybersecurity","12":"tag-defence","13":"tag-malaga-en","14":"tag-navantia","15":"tag-telefonica-tech","16":"entry"},"acf":[],"yoast_head":"<!-- This site is optimized with the Yoast SEO plugin v27.5 - https:\/\/yoast.com\/product\/yoast-seo-wordpress\/ -->\n<title>European Conference in M\u00e1laga: Dual Use Technologies 2022 - Cyber Security and Digital Applications in Defence | CDE Almer\u00eda - Centro de Documentaci\u00f3n Europea - Universidad de Almer\u00eda<\/title>\n<meta name=\"robots\" content=\"index, follow, max-snippet:-1, max-image-preview:large, max-video-preview:-1\" \/>\n<link rel=\"canonical\" href=\"https:\/\/www.cde.ual.es\/en\/european-conference-in-malaga-dual-use-technologies-2022-cyber-security-and-digital-applications-in-defence\/\" \/>\n<meta property=\"og:locale\" content=\"en_US\" \/>\n<meta property=\"og:type\" content=\"article\" \/>\n<meta property=\"og:title\" content=\"European Conference in M\u00e1laga: Dual Use Technologies 2022 - Cyber Security and Digital Applications in Defence | CDE Almer\u00eda - Centro de Documentaci\u00f3n Europea - Universidad de Almer\u00eda\" \/>\n<meta property=\"og:description\" content=\"The European Commission and IDEA (the Agency of Innovation and Development of Andalusia) bring together, in a joint ENDR event, a wide range of participants from defence\/security-related businesses, national and European authorities, knowledge institutions and cluster organisations. This fully on-site international event is focused on cybersecurity and cyber defence as well as other digital technologies [&hellip;]\" \/>\n<meta property=\"og:url\" content=\"https:\/\/www.cde.ual.es\/en\/european-conference-in-malaga-dual-use-technologies-2022-cyber-security-and-digital-applications-in-defence\/\" \/>\n<meta property=\"og:site_name\" content=\"CDE Almer\u00eda - Centro de Documentaci\u00f3n Europea - Universidad de Almer\u00eda\" \/>\n<meta property=\"article:publisher\" content=\"https:\/\/www.facebook.com\/cdeuniversidadalmeria\/\" \/>\n<meta property=\"article:published_time\" content=\"2022-09-08T11:26:15+00:00\" \/>\n<meta property=\"article:modified_time\" content=\"2022-10-21T08:09:20+00:00\" \/>\n<meta property=\"og:image\" content=\"https:\/\/www.cde.ual.es\/wp-content\/uploads\/2022\/09\/conference-image.jpg\" \/>\n\t<meta property=\"og:image:width\" content=\"680\" \/>\n\t<meta property=\"og:image:height\" content=\"383\" \/>\n\t<meta property=\"og:image:type\" content=\"image\/jpeg\" \/>\n<meta name=\"author\" content=\"AdminCDE\" \/>\n<meta name=\"twitter:card\" content=\"summary_large_image\" \/>\n<meta name=\"twitter:creator\" content=\"@cdeualmeria\" \/>\n<meta name=\"twitter:site\" content=\"@cdeualmeria\" \/>\n<meta name=\"twitter:label1\" content=\"Written by\" \/>\n\t<meta name=\"twitter:data1\" content=\"AdminCDE\" \/>\n\t<meta name=\"twitter:label2\" content=\"Est. reading time\" \/>\n\t<meta name=\"twitter:data2\" content=\"4 minutes\" \/>\n<script type=\"application\/ld+json\" class=\"yoast-schema-graph\">{\"@context\":\"https:\\\/\\\/schema.org\",\"@graph\":[{\"@type\":\"Article\",\"@id\":\"https:\\\/\\\/www.cde.ual.es\\\/en\\\/european-conference-in-malaga-dual-use-technologies-2022-cyber-security-and-digital-applications-in-defence\\\/#article\",\"isPartOf\":{\"@id\":\"https:\\\/\\\/www.cde.ual.es\\\/en\\\/european-conference-in-malaga-dual-use-technologies-2022-cyber-security-and-digital-applications-in-defence\\\/\"},\"author\":{\"name\":\"AdminCDE\",\"@id\":\"https:\\\/\\\/www.cde.ual.es\\\/#\\\/schema\\\/person\\\/224ef08c8bcc005f319d2713ce37ee5f\"},\"headline\":\"European Conference in M\u00e1laga: Dual Use Technologies 2022 &#8211; Cyber Security and Digital Applications in Defence\",\"datePublished\":\"2022-09-08T11:26:15+00:00\",\"dateModified\":\"2022-10-21T08:09:20+00:00\",\"mainEntityOfPage\":{\"@id\":\"https:\\\/\\\/www.cde.ual.es\\\/en\\\/european-conference-in-malaga-dual-use-technologies-2022-cyber-security-and-digital-applications-in-defence\\\/\"},\"wordCount\":440,\"commentCount\":0,\"publisher\":{\"@id\":\"https:\\\/\\\/www.cde.ual.es\\\/#organization\"},\"image\":{\"@id\":\"https:\\\/\\\/www.cde.ual.es\\\/en\\\/european-conference-in-malaga-dual-use-technologies-2022-cyber-security-and-digital-applications-in-defence\\\/#primaryimage\"},\"thumbnailUrl\":\"https:\\\/\\\/www.cde.ual.es\\\/wp-content\\\/uploads\\\/2022\\\/09\\\/conference-image.jpg\",\"keywords\":[\"Airbus\",\"cybersecurity\",\"defence\",\"M\u00e1laga\",\"Navantia\",\"Telef\u00f3nica Tech\"],\"articleSection\":[\"Cybersecurity\",\"Defence &amp; Security\",\"EU News\"],\"inLanguage\":\"en-US\",\"potentialAction\":[{\"@type\":\"CommentAction\",\"name\":\"Comment\",\"target\":[\"https:\\\/\\\/www.cde.ual.es\\\/en\\\/european-conference-in-malaga-dual-use-technologies-2022-cyber-security-and-digital-applications-in-defence\\\/#respond\"]}]},{\"@type\":\"WebPage\",\"@id\":\"https:\\\/\\\/www.cde.ual.es\\\/en\\\/european-conference-in-malaga-dual-use-technologies-2022-cyber-security-and-digital-applications-in-defence\\\/\",\"url\":\"https:\\\/\\\/www.cde.ual.es\\\/en\\\/european-conference-in-malaga-dual-use-technologies-2022-cyber-security-and-digital-applications-in-defence\\\/\",\"name\":\"European Conference in M\u00e1laga: Dual Use Technologies 2022 - Cyber Security and Digital Applications in Defence | CDE Almer\u00eda - Centro de Documentaci\u00f3n Europea - Universidad de Almer\u00eda\",\"isPartOf\":{\"@id\":\"https:\\\/\\\/www.cde.ual.es\\\/#website\"},\"primaryImageOfPage\":{\"@id\":\"https:\\\/\\\/www.cde.ual.es\\\/en\\\/european-conference-in-malaga-dual-use-technologies-2022-cyber-security-and-digital-applications-in-defence\\\/#primaryimage\"},\"image\":{\"@id\":\"https:\\\/\\\/www.cde.ual.es\\\/en\\\/european-conference-in-malaga-dual-use-technologies-2022-cyber-security-and-digital-applications-in-defence\\\/#primaryimage\"},\"thumbnailUrl\":\"https:\\\/\\\/www.cde.ual.es\\\/wp-content\\\/uploads\\\/2022\\\/09\\\/conference-image.jpg\",\"datePublished\":\"2022-09-08T11:26:15+00:00\",\"dateModified\":\"2022-10-21T08:09:20+00:00\",\"breadcrumb\":{\"@id\":\"https:\\\/\\\/www.cde.ual.es\\\/en\\\/european-conference-in-malaga-dual-use-technologies-2022-cyber-security-and-digital-applications-in-defence\\\/#breadcrumb\"},\"inLanguage\":\"en-US\",\"potentialAction\":[{\"@type\":\"ReadAction\",\"target\":[\"https:\\\/\\\/www.cde.ual.es\\\/en\\\/european-conference-in-malaga-dual-use-technologies-2022-cyber-security-and-digital-applications-in-defence\\\/\"]}]},{\"@type\":\"ImageObject\",\"inLanguage\":\"en-US\",\"@id\":\"https:\\\/\\\/www.cde.ual.es\\\/en\\\/european-conference-in-malaga-dual-use-technologies-2022-cyber-security-and-digital-applications-in-defence\\\/#primaryimage\",\"url\":\"https:\\\/\\\/www.cde.ual.es\\\/wp-content\\\/uploads\\\/2022\\\/09\\\/conference-image.jpg\",\"contentUrl\":\"https:\\\/\\\/www.cde.ual.es\\\/wp-content\\\/uploads\\\/2022\\\/09\\\/conference-image.jpg\",\"width\":680,\"height\":383},{\"@type\":\"BreadcrumbList\",\"@id\":\"https:\\\/\\\/www.cde.ual.es\\\/en\\\/european-conference-in-malaga-dual-use-technologies-2022-cyber-security-and-digital-applications-in-defence\\\/#breadcrumb\",\"itemListElement\":[{\"@type\":\"ListItem\",\"position\":1,\"name\":\"Inicio\",\"item\":\"https:\\\/\\\/www.cde.ual.es\\\/en\\\/\"},{\"@type\":\"ListItem\",\"position\":2,\"name\":\"EU News\",\"item\":\"https:\\\/\\\/www.cde.ual.es\\\/en\\\/category\\\/eu-news\\\/\"},{\"@type\":\"ListItem\",\"position\":3,\"name\":\"Defence &amp; Security\",\"item\":\"https:\\\/\\\/www.cde.ual.es\\\/en\\\/category\\\/eu-news\\\/defence-security\\\/\"},{\"@type\":\"ListItem\",\"position\":4,\"name\":\"Cybersecurity\",\"item\":\"https:\\\/\\\/www.cde.ual.es\\\/en\\\/category\\\/eu-news\\\/defence-security\\\/cybersec\\\/\"},{\"@type\":\"ListItem\",\"position\":5,\"name\":\"European Conference in M\u00e1laga: Dual Use Technologies 2022 &#8211; Cyber Security and Digital Applications in Defence\"}]},{\"@type\":\"WebSite\",\"@id\":\"https:\\\/\\\/www.cde.ual.es\\\/#website\",\"url\":\"https:\\\/\\\/www.cde.ual.es\\\/\",\"name\":\"CDE Almer\u00eda - Centro de Documentaci\u00f3n Europea - Universidad de Almer\u00eda\",\"description\":\"Centro de Documentaci\u00f3n Europea de la Universidad de Almer\u00eda\",\"publisher\":{\"@id\":\"https:\\\/\\\/www.cde.ual.es\\\/#organization\"},\"alternateName\":\"CDE Almer\u00eda\",\"potentialAction\":[{\"@type\":\"SearchAction\",\"target\":{\"@type\":\"EntryPoint\",\"urlTemplate\":\"https:\\\/\\\/www.cde.ual.es\\\/?s={search_term_string}\"},\"query-input\":{\"@type\":\"PropertyValueSpecification\",\"valueRequired\":true,\"valueName\":\"search_term_string\"}}],\"inLanguage\":\"en-US\"},{\"@type\":\"Organization\",\"@id\":\"https:\\\/\\\/www.cde.ual.es\\\/#organization\",\"name\":\"Centro de Documentaci\u00f3n Europea de Almer\u00eda\",\"url\":\"https:\\\/\\\/www.cde.ual.es\\\/\",\"logo\":{\"@type\":\"ImageObject\",\"inLanguage\":\"en-US\",\"@id\":\"https:\\\/\\\/www.cde.ual.es\\\/#\\\/schema\\\/logo\\\/image\\\/\",\"url\":\"https:\\\/\\\/www.cde.ual.es\\\/wp-content\\\/uploads\\\/2025\\\/07\\\/cde-logo-3.png\",\"contentUrl\":\"https:\\\/\\\/www.cde.ual.es\\\/wp-content\\\/uploads\\\/2025\\\/07\\\/cde-logo-3.png\",\"width\":1400,\"height\":300,\"caption\":\"Centro de Documentaci\u00f3n Europea de Almer\u00eda\"},\"image\":{\"@id\":\"https:\\\/\\\/www.cde.ual.es\\\/#\\\/schema\\\/logo\\\/image\\\/\"},\"sameAs\":[\"https:\\\/\\\/www.facebook.com\\\/cdeuniversidadalmeria\\\/\",\"https:\\\/\\\/x.com\\\/cdeualmeria\",\"https:\\\/\\\/www.tiktok.com\\\/@cdealmeria\",\"https:\\\/\\\/www.instagram.com\\\/cdealmeria\\\/\",\"https:\\\/\\\/www.linkedin.com\\\/in\\\/cde-almera-812b26a9\\\/\"]},{\"@type\":\"Person\",\"@id\":\"https:\\\/\\\/www.cde.ual.es\\\/#\\\/schema\\\/person\\\/224ef08c8bcc005f319d2713ce37ee5f\",\"name\":\"AdminCDE\",\"image\":{\"@type\":\"ImageObject\",\"inLanguage\":\"en-US\",\"@id\":\"https:\\\/\\\/secure.gravatar.com\\\/avatar\\\/a72d038d371f995cd13706fac32274b7952a52e8fb0a84b5f80c85426f2a98a8?s=96&d=mm&r=g\",\"url\":\"https:\\\/\\\/secure.gravatar.com\\\/avatar\\\/a72d038d371f995cd13706fac32274b7952a52e8fb0a84b5f80c85426f2a98a8?s=96&d=mm&r=g\",\"contentUrl\":\"https:\\\/\\\/secure.gravatar.com\\\/avatar\\\/a72d038d371f995cd13706fac32274b7952a52e8fb0a84b5f80c85426f2a98a8?s=96&d=mm&r=g\",\"caption\":\"AdminCDE\"}}]}<\/script>\n<!-- \/ Yoast SEO plugin. -->","yoast_head_json":{"title":"European Conference in M\u00e1laga: Dual Use Technologies 2022 - Cyber Security and Digital Applications in Defence | CDE Almer\u00eda - Centro de Documentaci\u00f3n Europea - Universidad de Almer\u00eda","robots":{"index":"index","follow":"follow","max-snippet":"max-snippet:-1","max-image-preview":"max-image-preview:large","max-video-preview":"max-video-preview:-1"},"canonical":"https:\/\/www.cde.ual.es\/en\/european-conference-in-malaga-dual-use-technologies-2022-cyber-security-and-digital-applications-in-defence\/","og_locale":"en_US","og_type":"article","og_title":"European Conference in M\u00e1laga: Dual Use Technologies 2022 - Cyber Security and Digital Applications in Defence | CDE Almer\u00eda - Centro de Documentaci\u00f3n Europea - Universidad de Almer\u00eda","og_description":"The European Commission and IDEA (the Agency of Innovation and Development of Andalusia) bring together, in a joint ENDR event, a wide range of participants from defence\/security-related businesses, national and European authorities, knowledge institutions and cluster organisations. This fully on-site international event is focused on cybersecurity and cyber defence as well as other digital technologies [&hellip;]","og_url":"https:\/\/www.cde.ual.es\/en\/european-conference-in-malaga-dual-use-technologies-2022-cyber-security-and-digital-applications-in-defence\/","og_site_name":"CDE Almer\u00eda - Centro de Documentaci\u00f3n Europea - Universidad de Almer\u00eda","article_publisher":"https:\/\/www.facebook.com\/cdeuniversidadalmeria\/","article_published_time":"2022-09-08T11:26:15+00:00","article_modified_time":"2022-10-21T08:09:20+00:00","og_image":[{"width":680,"height":383,"url":"https:\/\/www.cde.ual.es\/wp-content\/uploads\/2022\/09\/conference-image.jpg","type":"image\/jpeg"}],"author":"AdminCDE","twitter_card":"summary_large_image","twitter_creator":"@cdeualmeria","twitter_site":"@cdeualmeria","twitter_misc":{"Written by":"AdminCDE","Est. reading time":"4 minutes"},"schema":{"@context":"https:\/\/schema.org","@graph":[{"@type":"Article","@id":"https:\/\/www.cde.ual.es\/en\/european-conference-in-malaga-dual-use-technologies-2022-cyber-security-and-digital-applications-in-defence\/#article","isPartOf":{"@id":"https:\/\/www.cde.ual.es\/en\/european-conference-in-malaga-dual-use-technologies-2022-cyber-security-and-digital-applications-in-defence\/"},"author":{"name":"AdminCDE","@id":"https:\/\/www.cde.ual.es\/#\/schema\/person\/224ef08c8bcc005f319d2713ce37ee5f"},"headline":"European Conference in M\u00e1laga: Dual Use Technologies 2022 &#8211; Cyber Security and Digital Applications in Defence","datePublished":"2022-09-08T11:26:15+00:00","dateModified":"2022-10-21T08:09:20+00:00","mainEntityOfPage":{"@id":"https:\/\/www.cde.ual.es\/en\/european-conference-in-malaga-dual-use-technologies-2022-cyber-security-and-digital-applications-in-defence\/"},"wordCount":440,"commentCount":0,"publisher":{"@id":"https:\/\/www.cde.ual.es\/#organization"},"image":{"@id":"https:\/\/www.cde.ual.es\/en\/european-conference-in-malaga-dual-use-technologies-2022-cyber-security-and-digital-applications-in-defence\/#primaryimage"},"thumbnailUrl":"https:\/\/www.cde.ual.es\/wp-content\/uploads\/2022\/09\/conference-image.jpg","keywords":["Airbus","cybersecurity","defence","M\u00e1laga","Navantia","Telef\u00f3nica Tech"],"articleSection":["Cybersecurity","Defence &amp; Security","EU News"],"inLanguage":"en-US","potentialAction":[{"@type":"CommentAction","name":"Comment","target":["https:\/\/www.cde.ual.es\/en\/european-conference-in-malaga-dual-use-technologies-2022-cyber-security-and-digital-applications-in-defence\/#respond"]}]},{"@type":"WebPage","@id":"https:\/\/www.cde.ual.es\/en\/european-conference-in-malaga-dual-use-technologies-2022-cyber-security-and-digital-applications-in-defence\/","url":"https:\/\/www.cde.ual.es\/en\/european-conference-in-malaga-dual-use-technologies-2022-cyber-security-and-digital-applications-in-defence\/","name":"European Conference in M\u00e1laga: Dual Use Technologies 2022 - Cyber Security and Digital Applications in Defence | CDE Almer\u00eda - Centro de Documentaci\u00f3n Europea - Universidad de Almer\u00eda","isPartOf":{"@id":"https:\/\/www.cde.ual.es\/#website"},"primaryImageOfPage":{"@id":"https:\/\/www.cde.ual.es\/en\/european-conference-in-malaga-dual-use-technologies-2022-cyber-security-and-digital-applications-in-defence\/#primaryimage"},"image":{"@id":"https:\/\/www.cde.ual.es\/en\/european-conference-in-malaga-dual-use-technologies-2022-cyber-security-and-digital-applications-in-defence\/#primaryimage"},"thumbnailUrl":"https:\/\/www.cde.ual.es\/wp-content\/uploads\/2022\/09\/conference-image.jpg","datePublished":"2022-09-08T11:26:15+00:00","dateModified":"2022-10-21T08:09:20+00:00","breadcrumb":{"@id":"https:\/\/www.cde.ual.es\/en\/european-conference-in-malaga-dual-use-technologies-2022-cyber-security-and-digital-applications-in-defence\/#breadcrumb"},"inLanguage":"en-US","potentialAction":[{"@type":"ReadAction","target":["https:\/\/www.cde.ual.es\/en\/european-conference-in-malaga-dual-use-technologies-2022-cyber-security-and-digital-applications-in-defence\/"]}]},{"@type":"ImageObject","inLanguage":"en-US","@id":"https:\/\/www.cde.ual.es\/en\/european-conference-in-malaga-dual-use-technologies-2022-cyber-security-and-digital-applications-in-defence\/#primaryimage","url":"https:\/\/www.cde.ual.es\/wp-content\/uploads\/2022\/09\/conference-image.jpg","contentUrl":"https:\/\/www.cde.ual.es\/wp-content\/uploads\/2022\/09\/conference-image.jpg","width":680,"height":383},{"@type":"BreadcrumbList","@id":"https:\/\/www.cde.ual.es\/en\/european-conference-in-malaga-dual-use-technologies-2022-cyber-security-and-digital-applications-in-defence\/#breadcrumb","itemListElement":[{"@type":"ListItem","position":1,"name":"Inicio","item":"https:\/\/www.cde.ual.es\/en\/"},{"@type":"ListItem","position":2,"name":"EU News","item":"https:\/\/www.cde.ual.es\/en\/category\/eu-news\/"},{"@type":"ListItem","position":3,"name":"Defence &amp; Security","item":"https:\/\/www.cde.ual.es\/en\/category\/eu-news\/defence-security\/"},{"@type":"ListItem","position":4,"name":"Cybersecurity","item":"https:\/\/www.cde.ual.es\/en\/category\/eu-news\/defence-security\/cybersec\/"},{"@type":"ListItem","position":5,"name":"European Conference in M\u00e1laga: Dual Use Technologies 2022 &#8211; Cyber Security and Digital Applications in Defence"}]},{"@type":"WebSite","@id":"https:\/\/www.cde.ual.es\/#website","url":"https:\/\/www.cde.ual.es\/","name":"CDE Almer\u00eda - Centro de Documentaci\u00f3n Europea - Universidad de Almer\u00eda","description":"Centro de Documentaci\u00f3n Europea de la Universidad de Almer\u00eda","publisher":{"@id":"https:\/\/www.cde.ual.es\/#organization"},"alternateName":"CDE Almer\u00eda","potentialAction":[{"@type":"SearchAction","target":{"@type":"EntryPoint","urlTemplate":"https:\/\/www.cde.ual.es\/?s={search_term_string}"},"query-input":{"@type":"PropertyValueSpecification","valueRequired":true,"valueName":"search_term_string"}}],"inLanguage":"en-US"},{"@type":"Organization","@id":"https:\/\/www.cde.ual.es\/#organization","name":"Centro de Documentaci\u00f3n Europea de Almer\u00eda","url":"https:\/\/www.cde.ual.es\/","logo":{"@type":"ImageObject","inLanguage":"en-US","@id":"https:\/\/www.cde.ual.es\/#\/schema\/logo\/image\/","url":"https:\/\/www.cde.ual.es\/wp-content\/uploads\/2025\/07\/cde-logo-3.png","contentUrl":"https:\/\/www.cde.ual.es\/wp-content\/uploads\/2025\/07\/cde-logo-3.png","width":1400,"height":300,"caption":"Centro de Documentaci\u00f3n Europea de Almer\u00eda"},"image":{"@id":"https:\/\/www.cde.ual.es\/#\/schema\/logo\/image\/"},"sameAs":["https:\/\/www.facebook.com\/cdeuniversidadalmeria\/","https:\/\/x.com\/cdeualmeria","https:\/\/www.tiktok.com\/@cdealmeria","https:\/\/www.instagram.com\/cdealmeria\/","https:\/\/www.linkedin.com\/in\/cde-almera-812b26a9\/"]},{"@type":"Person","@id":"https:\/\/www.cde.ual.es\/#\/schema\/person\/224ef08c8bcc005f319d2713ce37ee5f","name":"AdminCDE","image":{"@type":"ImageObject","inLanguage":"en-US","@id":"https:\/\/secure.gravatar.com\/avatar\/a72d038d371f995cd13706fac32274b7952a52e8fb0a84b5f80c85426f2a98a8?s=96&d=mm&r=g","url":"https:\/\/secure.gravatar.com\/avatar\/a72d038d371f995cd13706fac32274b7952a52e8fb0a84b5f80c85426f2a98a8?s=96&d=mm&r=g","contentUrl":"https:\/\/secure.gravatar.com\/avatar\/a72d038d371f995cd13706fac32274b7952a52e8fb0a84b5f80c85426f2a98a8?s=96&d=mm&r=g","caption":"AdminCDE"}}]}},"_links":{"self":[{"href":"https:\/\/www.cde.ual.es\/en\/wp-json\/wp\/v2\/posts\/117675","targetHints":{"allow":["GET"]}}],"collection":[{"href":"https:\/\/www.cde.ual.es\/en\/wp-json\/wp\/v2\/posts"}],"about":[{"href":"https:\/\/www.cde.ual.es\/en\/wp-json\/wp\/v2\/types\/post"}],"author":[{"embeddable":true,"href":"https:\/\/www.cde.ual.es\/en\/wp-json\/wp\/v2\/users\/1"}],"replies":[{"embeddable":true,"href":"https:\/\/www.cde.ual.es\/en\/wp-json\/wp\/v2\/comments?post=117675"}],"version-history":[{"count":1,"href":"https:\/\/www.cde.ual.es\/en\/wp-json\/wp\/v2\/posts\/117675\/revisions"}],"predecessor-version":[{"id":117694,"href":"https:\/\/www.cde.ual.es\/en\/wp-json\/wp\/v2\/posts\/117675\/revisions\/117694"}],"wp:featuredmedia":[{"embeddable":true,"href":"https:\/\/www.cde.ual.es\/en\/wp-json\/wp\/v2\/media\/117677"}],"wp:attachment":[{"href":"https:\/\/www.cde.ual.es\/en\/wp-json\/wp\/v2\/media?parent=117675"}],"wp:term":[{"taxonomy":"category","embeddable":true,"href":"https:\/\/www.cde.ual.es\/en\/wp-json\/wp\/v2\/categories?post=117675"},{"taxonomy":"post_tag","embeddable":true,"href":"https:\/\/www.cde.ual.es\/en\/wp-json\/wp\/v2\/tags?post=117675"}],"curies":[{"name":"wp","href":"https:\/\/api.w.org\/{rel}","templated":true}]}}